{"id":330348,"date":"2022-12-29T11:31:38","date_gmt":"2022-12-29T14:31:38","guid":{"rendered":"https:\/\/blogdofarnesio.com.br\/?p=330348"},"modified":"2022-12-29T09:07:23","modified_gmt":"2022-12-29T12:07:23","slug":"terrorista-abandonado-chora-por-falta-de-apoio-dos-bolsonaristas","status":"publish","type":"post","link":"https:\/\/blogdofarnesio.com.br\/?p=330348","title":{"rendered":"Terrorista abandonado chora por falta de apoio dos bolsonaristas"},"content":{"rendered":"<div class=\"articlePage_articleHeader-DS-EntryPoint1-1 viewsHeaderWrapper viewsHeaderWrapperGradientMasthead\">\n<div data-t=\"{&quot;n&quot;:&quot;Masthead&quot;}\">\n<div class=\"viewsHeaderContainer-DS-EntryPoint1-1 newViewsHeaderDesignMode-DS-EntryPoint1-1 viewsHeaderContainerGradientBackground-DS-EntryPoint1-1 viewsHeaderContainerGradientBackgroundNoSeparator-DS-EntryPoint1-1 viewsHeaderContainerGradientBackgroundNewRR-DS-EntryPoint1-1\">\n<div class=\"viewsHeader-DS-EntryPoint1-1 viewsHeaderNoHeroImage-DS-EntryPoint1-1 centerAligned-DS-EntryPoint1-1 viewsHeaderInset-DS-EntryPoint1-1\">\n<div class=\"viewsHeaderMaxWidthWrapper-DS-EntryPoint1-1\">\n<div class=\"viewsHeaderContent-DS-EntryPoint1-1\">\n<div class=\"viewsHeaderContentVertical-DS-EntryPoint1-1\">\n<div class=\"viewsHeaderInfo-DS-EntryPoint1-1 \">\n<div class=\"viewsHeaderInfoLeft-DS-EntryPoint1-1\">\n<div class=\"viewsInfo gradientBackground viewsInset viewsInfoFullWidth enableNewRR\">\n<div class=\"viewsTitle\"><em>Sousa foi preso no \u00faltimo s\u00e1bado pouco ap\u00f3s a pol\u00edcia localizar e desarmar uma bomba que havia sido colocada em um caminh\u00e3o-tanque nas imedia\u00e7\u00f5es do Aeroporto Internacional de Bras\u00edlia. Ele tamb\u00e9m planejava um outro atentado para o dia da posse de Lula.<\/em><\/div>\n<\/div>\n<\/div>\n<\/div>\n<\/div>\n<\/div>\n<\/div>\n<\/div>\n<\/div>\n<\/div>\n<\/div>\n<div class=\"articlePage_articleContentContainer-DS-EntryPoint1-1 dwellTimeStartAllowed-AA15IiCT\">\n<div class=\"articlePage_contentWrapper-DS-EntryPoint1-1 articlePage_contentWrapper_reducedMargin-DS-EntryPoint1-1 articlePage_contentWrapper_enableRR-DS-EntryPoint1-1\">\n<div class=\"articlePage_absoluteContentWrapper-DS-EntryPoint1-1\">\n<div data-t=\"{&quot;n&quot;:&quot;ArticleBody&quot;,&quot;t&quot;:13}\">\n<div role=\"main\">\n<section class=\"articlePage_section-DS-EntryPoint1-1 articlePageBodySection articlePage_section_continueReading-DS-EntryPoint1-1 articlePage_enableNewRR-DS-EntryPoint1-1\" data-col=\"c2\">\n<article>\n<div class=\"views-article-body articlePage_body-DS-EntryPoint1-1\" data-test-id=\"test-article\">\n<p class=\"p6\" data-t=\"{&quot;n&quot;:&quot;blueLinks&quot;}\">Por Reda\u00e7\u00e3o, com\u00a0<i>Brasil 247\u00a0<\/i>e<i>\u00a0BdF<\/i> \u2013<\/p>\n<p class=\"p8\" data-t=\"{&quot;n&quot;:&quot;blueLinks&quot;}\">O terrorista bolsonarista\u00a0George Washington de Oliveira Sousa\u00a0disse se sentir \u201cabandonado\u201d por outros radicais de extrema direita, especialmente pelos que est\u00e3o acampados em frente ao Quartel-General (QG) do Ex\u00e9rcito, em Bras\u00edlia, defendendo uma interven\u00e7\u00e3o militar para impedir a posse do presidente diplomado, Luiz In\u00e1cio Lula da Silva (PT), no dia 1 de janeiro. \u201cA revela\u00e7\u00e3o foi feita em grava\u00e7\u00e3o depois que o terrorista j\u00e1 estava preso\u201d, diz o\u00a0Metr\u00f3poles.<\/p>\n<div class=\"article-image-slot\" data-image-href=\"https:\/\/www.msn.com\/pt-br\/noticias\/brasil\/terrorista-abandonado-chora-por-falta-de-apoio-dos-bolsonaristas\/ar-AA15IiCT?rc=1&amp;ocid=winp1taskbar&amp;cvid=fd0404c75f8349a88a5272f8a4eac1e4&amp;fullscreen=true#image=1\" data-doc-id=\"cms\/api\/amp\/image\/AA15HYv9\" data-rendered=\"true\">\n<div class=\"article-image-container\" data-t=\"{&quot;n&quot;:&quot;OpenModal&quot;,&quot;t&quot;:13}\">\n<p><a class=\"article-image-height-wrapper\" href=\"https:\/\/www.msn.com\/pt-br\/noticias\/brasil\/terrorista-abandonado-chora-por-falta-de-apoio-dos-bolsonaristas\/ar-AA15IiCT?rc=1&amp;ocid=winp1taskbar&amp;cvid=fd0404c75f8349a88a5272f8a4eac1e4&amp;fullscreen=true#image=1\" target=\"_self\" rel=\"noopener\" data-t=\"{&quot;n&quot;:&quot;destination&quot;,&quot;t&quot;:14,&quot;b&quot;:1,&quot;c.t&quot;:14}\"><img decoding=\"async\" class=\"article-image\" tabindex=\"0\" title=\"Acampamento bolsonarista no QG de Bras\u00edlia e George Washington De Oliveira Sousa\" src=\"https:\/\/img-s-msn-com.akamaized.net\/tenant\/amp\/entityid\/AA15HYv9.img?w=612&amp;h=344&amp;m=6&amp;x=407&amp;y=78&amp;s=164&amp;d=164\" alt=\"Acampamento bolsonarista no QG de Bras\u00edlia e George Washington De Oliveira Sousa\" \/><\/a><\/p>\n<div class=\"image-caption-container content-small-text\"><span class=\"image-caption\">Acampamento bolsonarista no QG de Bras\u00edlia e George Washington De Oliveira Sousa<\/span><span class=\"image-attribution\">\u00a9\u00a0Fornecido por Correio do Brasil<\/span><\/div>\n<\/div>\n<\/div>\n<h4 class=\"p8\">Bomba em Bras\u00edlia<\/h4>\n<p class=\"p8\" data-t=\"{&quot;n&quot;:&quot;blueLinks&quot;}\">Sousa foi preso no \u00faltimo s\u00e1bado pouco ap\u00f3s a pol\u00edcia localizar e desarmar uma bomba que havia sido colocada em um caminh\u00e3o-tanque nas imedia\u00e7\u00f5es do Aeroporto Internacional de Bras\u00edlia. Ele tamb\u00e9m planejava um outro atentado para o dia da posse de Lula. Ao todo,\u00a0seis pessoas s\u00e3o suspeitas de participa\u00e7\u00e3o\u00a0na tentativa do ataque terrorista.<\/p>\n<p class=\"p8\" data-t=\"{&quot;n&quot;:&quot;blueLinks&quot;}\">A reportagem destaca, ainda, que \u201cno acampamento montado em frente ao Quartel-General do Ex\u00e9rcito, bolsonaristas tentam descolar a imagem do terrorista com o movimento. Segundo os campistas, George nunca esteve na manifesta\u00e7\u00e3o do QG e seria um \u2018falso bolsonarista\u2019\u201d.<\/p>\n<h4 class=\"p10\"><b>Dino confirma refor\u00e7o de seguran\u00e7a para posse de Lula<\/b><\/h4>\n<p class=\"p11 continue-read-break\" data-t=\"{&quot;n&quot;:&quot;blueLinks&quot;}\">Ap\u00f3s os epis\u00f3dios da pris\u00e3o de um homem que amea\u00e7ou acionar uma bomba no aeroporto de Bras\u00edlia para \u201cpromover o caos\u201d e da localiza\u00e7\u00e3o de artefatos explosivos a cerca de 30 quil\u00f4metros de Bras\u00edlia no \u00faltimo fim de semana, o futuro ministro da Justi\u00e7a, Fl\u00e1vio Dino, disse que a seguran\u00e7a ser\u00e1 refor\u00e7ada para a posse do presidente eleito Luiz In\u00e1cio Lula da Silva (PT), marcada para o pr\u00f3ximo domingo.<\/p>\n<\/div>\n<\/article>\n<\/section>\n<\/div>\n<\/div>\n<\/div>\n<\/div>\n<\/div>\n","protected":false},"excerpt":{"rendered":"<p>Sousa foi preso no \u00faltimo s\u00e1bado pouco ap\u00f3s a pol\u00edcia localizar e desarmar uma bomba que havia sido colocada em um caminh\u00e3o-tanque nas imedia\u00e7\u00f5es do Aeroporto Internacional de Bras\u00edlia. Ele tamb\u00e9m planejava um outro atentado para o dia da posse de Lula. Por Reda\u00e7\u00e3o, com\u00a0Brasil 247\u00a0e\u00a0BdF \u2013 O terrorista bolsonarista\u00a0George Washington de Oliveira Sousa\u00a0disse se sentir \u201cabandonado\u201d por outros radicais de extrema direita, especialmente pelos que est\u00e3o acampados em frente ao Quartel-General (QG) do Ex\u00e9rcito, em Bras\u00edlia, defendendo uma interven\u00e7\u00e3o militar para impedir a posse do presidente diplomado, Luiz In\u00e1cio Lula da Silva (PT), no dia 1 de janeiro. \u201cA revela\u00e7\u00e3o foi feita em grava\u00e7\u00e3o depois que o terrorista j\u00e1 estava preso\u201d, diz o\u00a0Metr\u00f3poles. Acampamento bolsonarista no QG de Bras\u00edlia&hellip; <\/p>\n","protected":false},"author":2,"featured_media":330349,"comment_status":"open","ping_status":"open","sticky":false,"template":"","format":"standard","meta":{"_acf_changed":false,"footnotes":""},"categories":[9],"tags":[],"class_list":["post-330348","post","type-post","status-publish","format-standard","has-post-thumbnail","hentry","category-policia"],"acf":[],"yoast_head":"<!-- This site is optimized with the Yoast SEO plugin v27.4 - https:\/\/yoast.com\/product\/yoast-seo-wordpress\/ -->\n<title>Terrorista abandonado chora por falta de apoio dos bolsonaristas - Blog do Farn\u00e9sio<\/title>\n<meta name=\"robots\" content=\"index, follow, max-snippet:-1, max-image-preview:large, max-video-preview:-1\" \/>\n<link rel=\"canonical\" href=\"https:\/\/blogdofarnesio.com.br\/?p=330348\" \/>\n<meta property=\"og:locale\" content=\"pt_BR\" \/>\n<meta property=\"og:type\" content=\"article\" \/>\n<meta property=\"og:title\" content=\"Terrorista abandonado chora por falta de apoio dos bolsonaristas - Blog do Farn\u00e9sio\" \/>\n<meta property=\"og:description\" content=\"Sousa foi preso no \u00faltimo s\u00e1bado pouco ap\u00f3s a pol\u00edcia localizar e desarmar uma bomba que havia sido colocada em um caminh\u00e3o-tanque nas imedia\u00e7\u00f5es do Aeroporto Internacional de Bras\u00edlia. Ele tamb\u00e9m planejava um outro atentado para o dia da posse de Lula. Por Reda\u00e7\u00e3o, com\u00a0Brasil 247\u00a0e\u00a0BdF \u2013 O terrorista bolsonarista\u00a0George Washington de Oliveira Sousa\u00a0disse se sentir \u201cabandonado\u201d por outros radicais de extrema direita, especialmente pelos que est\u00e3o acampados em frente ao Quartel-General (QG) do Ex\u00e9rcito, em Bras\u00edlia, defendendo uma interven\u00e7\u00e3o militar para impedir a posse do presidente diplomado, Luiz In\u00e1cio Lula da Silva (PT), no dia 1 de janeiro. \u201cA revela\u00e7\u00e3o foi feita em grava\u00e7\u00e3o depois que o terrorista j\u00e1 estava preso\u201d, diz o\u00a0Metr\u00f3poles. Acampamento bolsonarista no QG de Bras\u00edlia&hellip;\" \/>\n<meta property=\"og:url\" content=\"https:\/\/blogdofarnesio.com.br\/?p=330348\" \/>\n<meta property=\"og:site_name\" content=\"Blog do Farn\u00e9sio\" \/>\n<meta property=\"article:publisher\" content=\"https:\/\/www.facebook.com\/BlogQuerSaberPolitica\/\" \/>\n<meta property=\"article:author\" content=\"https:\/\/www.facebook.com\/?ref=tn_tnmn\" \/>\n<meta property=\"article:published_time\" content=\"2022-12-29T14:31:38+00:00\" \/>\n<meta property=\"og:image\" content=\"https:\/\/blogdofarnesio.com.br\/wp-content\/uploads\/2022\/12\/blogqspterrorista-bolsonarista-.jpg\" \/>\n\t<meta property=\"og:image:width\" content=\"777\" \/>\n\t<meta property=\"og:image:height\" content=\"468\" \/>\n\t<meta property=\"og:image:type\" content=\"image\/jpeg\" \/>\n<meta name=\"author\" content=\"Farn\u00e9sio\" \/>\n<meta name=\"twitter:card\" content=\"summary_large_image\" \/>\n<meta name=\"twitter:label1\" content=\"Escrito por\" \/>\n\t<meta name=\"twitter:data1\" content=\"Farn\u00e9sio\" \/>\n\t<meta name=\"twitter:label2\" content=\"Est. tempo de leitura\" \/>\n\t<meta name=\"twitter:data2\" content=\"2 minutos\" \/>\n<script type=\"application\/ld+json\" class=\"yoast-schema-graph\">{\"@context\":\"https:\\\/\\\/schema.org\",\"@graph\":[{\"@type\":\"Article\",\"@id\":\"https:\\\/\\\/blogdofarnesio.com.br\\\/?p=330348#article\",\"isPartOf\":{\"@id\":\"https:\\\/\\\/blogdofarnesio.com.br\\\/?p=330348\"},\"author\":{\"name\":\"Farn\u00e9sio\",\"@id\":\"https:\\\/\\\/blogdofarnesio.com.br\\\/#\\\/schema\\\/person\\\/bb9b23ae3ad0609ce8df7b6c9e76824d\"},\"headline\":\"Terrorista abandonado chora por falta de apoio dos bolsonaristas\",\"datePublished\":\"2022-12-29T14:31:38+00:00\",\"mainEntityOfPage\":{\"@id\":\"https:\\\/\\\/blogdofarnesio.com.br\\\/?p=330348\"},\"wordCount\":362,\"commentCount\":0,\"publisher\":{\"@id\":\"https:\\\/\\\/blogdofarnesio.com.br\\\/#organization\"},\"image\":{\"@id\":\"https:\\\/\\\/blogdofarnesio.com.br\\\/?p=330348#primaryimage\"},\"thumbnailUrl\":\"https:\\\/\\\/blogdofarnesio.com.br\\\/wp-content\\\/uploads\\\/2022\\\/12\\\/blogqspterrorista-bolsonarista-.jpg\",\"articleSection\":[\"Pol\u00edcia\"],\"inLanguage\":\"pt-BR\",\"potentialAction\":[{\"@type\":\"CommentAction\",\"name\":\"Comment\",\"target\":[\"https:\\\/\\\/blogdofarnesio.com.br\\\/?p=330348#respond\"]}]},{\"@type\":\"WebPage\",\"@id\":\"https:\\\/\\\/blogdofarnesio.com.br\\\/?p=330348\",\"url\":\"https:\\\/\\\/blogdofarnesio.com.br\\\/?p=330348\",\"name\":\"Terrorista abandonado chora por falta de apoio dos bolsonaristas - Blog do Farn\u00e9sio\",\"isPartOf\":{\"@id\":\"https:\\\/\\\/blogdofarnesio.com.br\\\/#website\"},\"primaryImageOfPage\":{\"@id\":\"https:\\\/\\\/blogdofarnesio.com.br\\\/?p=330348#primaryimage\"},\"image\":{\"@id\":\"https:\\\/\\\/blogdofarnesio.com.br\\\/?p=330348#primaryimage\"},\"thumbnailUrl\":\"https:\\\/\\\/blogdofarnesio.com.br\\\/wp-content\\\/uploads\\\/2022\\\/12\\\/blogqspterrorista-bolsonarista-.jpg\",\"datePublished\":\"2022-12-29T14:31:38+00:00\",\"breadcrumb\":{\"@id\":\"https:\\\/\\\/blogdofarnesio.com.br\\\/?p=330348#breadcrumb\"},\"inLanguage\":\"pt-BR\",\"potentialAction\":[{\"@type\":\"ReadAction\",\"target\":[\"https:\\\/\\\/blogdofarnesio.com.br\\\/?p=330348\"]}]},{\"@type\":\"ImageObject\",\"inLanguage\":\"pt-BR\",\"@id\":\"https:\\\/\\\/blogdofarnesio.com.br\\\/?p=330348#primaryimage\",\"url\":\"https:\\\/\\\/blogdofarnesio.com.br\\\/wp-content\\\/uploads\\\/2022\\\/12\\\/blogqspterrorista-bolsonarista-.jpg\",\"contentUrl\":\"https:\\\/\\\/blogdofarnesio.com.br\\\/wp-content\\\/uploads\\\/2022\\\/12\\\/blogqspterrorista-bolsonarista-.jpg\",\"width\":777,\"height\":468},{\"@type\":\"BreadcrumbList\",\"@id\":\"https:\\\/\\\/blogdofarnesio.com.br\\\/?p=330348#breadcrumb\",\"itemListElement\":[{\"@type\":\"ListItem\",\"position\":1,\"name\":\"In\u00edcio\",\"item\":\"https:\\\/\\\/blogdofarnesio.com.br\\\/\"},{\"@type\":\"ListItem\",\"position\":2,\"name\":\"Terrorista abandonado chora por falta de apoio dos bolsonaristas\"}]},{\"@type\":\"WebSite\",\"@id\":\"https:\\\/\\\/blogdofarnesio.com.br\\\/#website\",\"url\":\"https:\\\/\\\/blogdofarnesio.com.br\\\/\",\"name\":\"Blog do Farn\u00e9sio\",\"description\":\"Quer Saber Pol\u00edtica?\",\"publisher\":{\"@id\":\"https:\\\/\\\/blogdofarnesio.com.br\\\/#organization\"},\"potentialAction\":[{\"@type\":\"SearchAction\",\"target\":{\"@type\":\"EntryPoint\",\"urlTemplate\":\"https:\\\/\\\/blogdofarnesio.com.br\\\/?s={search_term_string}\"},\"query-input\":{\"@type\":\"PropertyValueSpecification\",\"valueRequired\":true,\"valueName\":\"search_term_string\"}}],\"inLanguage\":\"pt-BR\"},{\"@type\":\"Organization\",\"@id\":\"https:\\\/\\\/blogdofarnesio.com.br\\\/#organization\",\"name\":\"Blog do Farn\u00e9sio\",\"url\":\"https:\\\/\\\/blogdofarnesio.com.br\\\/\",\"logo\":{\"@type\":\"ImageObject\",\"inLanguage\":\"pt-BR\",\"@id\":\"https:\\\/\\\/blogdofarnesio.com.br\\\/#\\\/schema\\\/logo\\\/image\\\/\",\"url\":\"https:\\\/\\\/blogdofarnesio.com.br\\\/wp-content\\\/uploads\\\/2026\\\/03\\\/cropped-logo_new-1.png\",\"contentUrl\":\"https:\\\/\\\/blogdofarnesio.com.br\\\/wp-content\\\/uploads\\\/2026\\\/03\\\/cropped-logo_new-1.png\",\"width\":881,\"height\":685,\"caption\":\"Blog do Farn\u00e9sio\"},\"image\":{\"@id\":\"https:\\\/\\\/blogdofarnesio.com.br\\\/#\\\/schema\\\/logo\\\/image\\\/\"},\"sameAs\":[\"https:\\\/\\\/www.facebook.com\\\/BlogQuerSaberPolitica\\\/\"]},{\"@type\":\"Person\",\"@id\":\"https:\\\/\\\/blogdofarnesio.com.br\\\/#\\\/schema\\\/person\\\/bb9b23ae3ad0609ce8df7b6c9e76824d\",\"name\":\"Farn\u00e9sio\",\"image\":{\"@type\":\"ImageObject\",\"inLanguage\":\"pt-BR\",\"@id\":\"https:\\\/\\\/secure.gravatar.com\\\/avatar\\\/986aa4c61ccdb66f8555bf88fc2a65609d00bcabd4d2d94377a727547345cbca?s=96&d=mm&r=g\",\"url\":\"https:\\\/\\\/secure.gravatar.com\\\/avatar\\\/986aa4c61ccdb66f8555bf88fc2a65609d00bcabd4d2d94377a727547345cbca?s=96&d=mm&r=g\",\"contentUrl\":\"https:\\\/\\\/secure.gravatar.com\\\/avatar\\\/986aa4c61ccdb66f8555bf88fc2a65609d00bcabd4d2d94377a727547345cbca?s=96&d=mm&r=g\",\"caption\":\"Farn\u00e9sio\"},\"description\":\"Radialista blogueiro, chegou a Petrolina\\\/Juazeiro em setembro de 1980, Farn\u00e9sio Silva \u00e9 de Arapiraca-Alagoas.\",\"sameAs\":[\"http:\\\/\\\/blogdofarnesio.com.br\",\"https:\\\/\\\/www.facebook.com\\\/?ref=tn_tnmn\",\"https:\\\/\\\/www.instagram.com\\\/?utm_source=pwa_homescreen\",\"https:\\\/\\\/youtube.com.br\\\/\"],\"url\":\"https:\\\/\\\/blogdofarnesio.com.br\\\/?author=2\"}]}<\/script>\n<!-- \/ Yoast SEO plugin. -->","yoast_head_json":{"title":"Terrorista abandonado chora por falta de apoio dos bolsonaristas - Blog do Farn\u00e9sio","robots":{"index":"index","follow":"follow","max-snippet":"max-snippet:-1","max-image-preview":"max-image-preview:large","max-video-preview":"max-video-preview:-1"},"canonical":"https:\/\/blogdofarnesio.com.br\/?p=330348","og_locale":"pt_BR","og_type":"article","og_title":"Terrorista abandonado chora por falta de apoio dos bolsonaristas - Blog do Farn\u00e9sio","og_description":"Sousa foi preso no \u00faltimo s\u00e1bado pouco ap\u00f3s a pol\u00edcia localizar e desarmar uma bomba que havia sido colocada em um caminh\u00e3o-tanque nas imedia\u00e7\u00f5es do Aeroporto Internacional de Bras\u00edlia. Ele tamb\u00e9m planejava um outro atentado para o dia da posse de Lula. Por Reda\u00e7\u00e3o, com\u00a0Brasil 247\u00a0e\u00a0BdF \u2013 O terrorista bolsonarista\u00a0George Washington de Oliveira Sousa\u00a0disse se sentir \u201cabandonado\u201d por outros radicais de extrema direita, especialmente pelos que est\u00e3o acampados em frente ao Quartel-General (QG) do Ex\u00e9rcito, em Bras\u00edlia, defendendo uma interven\u00e7\u00e3o militar para impedir a posse do presidente diplomado, Luiz In\u00e1cio Lula da Silva (PT), no dia 1 de janeiro. \u201cA revela\u00e7\u00e3o foi feita em grava\u00e7\u00e3o depois que o terrorista j\u00e1 estava preso\u201d, diz o\u00a0Metr\u00f3poles. Acampamento bolsonarista no QG de Bras\u00edlia&hellip;","og_url":"https:\/\/blogdofarnesio.com.br\/?p=330348","og_site_name":"Blog do Farn\u00e9sio","article_publisher":"https:\/\/www.facebook.com\/BlogQuerSaberPolitica\/","article_author":"https:\/\/www.facebook.com\/?ref=tn_tnmn","article_published_time":"2022-12-29T14:31:38+00:00","og_image":[{"width":777,"height":468,"url":"https:\/\/blogdofarnesio.com.br\/wp-content\/uploads\/2022\/12\/blogqspterrorista-bolsonarista-.jpg","type":"image\/jpeg"}],"author":"Farn\u00e9sio","twitter_card":"summary_large_image","twitter_misc":{"Escrito por":"Farn\u00e9sio","Est. tempo de leitura":"2 minutos"},"schema":{"@context":"https:\/\/schema.org","@graph":[{"@type":"Article","@id":"https:\/\/blogdofarnesio.com.br\/?p=330348#article","isPartOf":{"@id":"https:\/\/blogdofarnesio.com.br\/?p=330348"},"author":{"name":"Farn\u00e9sio","@id":"https:\/\/blogdofarnesio.com.br\/#\/schema\/person\/bb9b23ae3ad0609ce8df7b6c9e76824d"},"headline":"Terrorista abandonado chora por falta de apoio dos bolsonaristas","datePublished":"2022-12-29T14:31:38+00:00","mainEntityOfPage":{"@id":"https:\/\/blogdofarnesio.com.br\/?p=330348"},"wordCount":362,"commentCount":0,"publisher":{"@id":"https:\/\/blogdofarnesio.com.br\/#organization"},"image":{"@id":"https:\/\/blogdofarnesio.com.br\/?p=330348#primaryimage"},"thumbnailUrl":"https:\/\/blogdofarnesio.com.br\/wp-content\/uploads\/2022\/12\/blogqspterrorista-bolsonarista-.jpg","articleSection":["Pol\u00edcia"],"inLanguage":"pt-BR","potentialAction":[{"@type":"CommentAction","name":"Comment","target":["https:\/\/blogdofarnesio.com.br\/?p=330348#respond"]}]},{"@type":"WebPage","@id":"https:\/\/blogdofarnesio.com.br\/?p=330348","url":"https:\/\/blogdofarnesio.com.br\/?p=330348","name":"Terrorista abandonado chora por falta de apoio dos bolsonaristas - Blog do Farn\u00e9sio","isPartOf":{"@id":"https:\/\/blogdofarnesio.com.br\/#website"},"primaryImageOfPage":{"@id":"https:\/\/blogdofarnesio.com.br\/?p=330348#primaryimage"},"image":{"@id":"https:\/\/blogdofarnesio.com.br\/?p=330348#primaryimage"},"thumbnailUrl":"https:\/\/blogdofarnesio.com.br\/wp-content\/uploads\/2022\/12\/blogqspterrorista-bolsonarista-.jpg","datePublished":"2022-12-29T14:31:38+00:00","breadcrumb":{"@id":"https:\/\/blogdofarnesio.com.br\/?p=330348#breadcrumb"},"inLanguage":"pt-BR","potentialAction":[{"@type":"ReadAction","target":["https:\/\/blogdofarnesio.com.br\/?p=330348"]}]},{"@type":"ImageObject","inLanguage":"pt-BR","@id":"https:\/\/blogdofarnesio.com.br\/?p=330348#primaryimage","url":"https:\/\/blogdofarnesio.com.br\/wp-content\/uploads\/2022\/12\/blogqspterrorista-bolsonarista-.jpg","contentUrl":"https:\/\/blogdofarnesio.com.br\/wp-content\/uploads\/2022\/12\/blogqspterrorista-bolsonarista-.jpg","width":777,"height":468},{"@type":"BreadcrumbList","@id":"https:\/\/blogdofarnesio.com.br\/?p=330348#breadcrumb","itemListElement":[{"@type":"ListItem","position":1,"name":"In\u00edcio","item":"https:\/\/blogdofarnesio.com.br\/"},{"@type":"ListItem","position":2,"name":"Terrorista abandonado chora por falta de apoio dos bolsonaristas"}]},{"@type":"WebSite","@id":"https:\/\/blogdofarnesio.com.br\/#website","url":"https:\/\/blogdofarnesio.com.br\/","name":"Blog do Farn\u00e9sio","description":"Quer Saber Pol\u00edtica?","publisher":{"@id":"https:\/\/blogdofarnesio.com.br\/#organization"},"potentialAction":[{"@type":"SearchAction","target":{"@type":"EntryPoint","urlTemplate":"https:\/\/blogdofarnesio.com.br\/?s={search_term_string}"},"query-input":{"@type":"PropertyValueSpecification","valueRequired":true,"valueName":"search_term_string"}}],"inLanguage":"pt-BR"},{"@type":"Organization","@id":"https:\/\/blogdofarnesio.com.br\/#organization","name":"Blog do Farn\u00e9sio","url":"https:\/\/blogdofarnesio.com.br\/","logo":{"@type":"ImageObject","inLanguage":"pt-BR","@id":"https:\/\/blogdofarnesio.com.br\/#\/schema\/logo\/image\/","url":"https:\/\/blogdofarnesio.com.br\/wp-content\/uploads\/2026\/03\/cropped-logo_new-1.png","contentUrl":"https:\/\/blogdofarnesio.com.br\/wp-content\/uploads\/2026\/03\/cropped-logo_new-1.png","width":881,"height":685,"caption":"Blog do Farn\u00e9sio"},"image":{"@id":"https:\/\/blogdofarnesio.com.br\/#\/schema\/logo\/image\/"},"sameAs":["https:\/\/www.facebook.com\/BlogQuerSaberPolitica\/"]},{"@type":"Person","@id":"https:\/\/blogdofarnesio.com.br\/#\/schema\/person\/bb9b23ae3ad0609ce8df7b6c9e76824d","name":"Farn\u00e9sio","image":{"@type":"ImageObject","inLanguage":"pt-BR","@id":"https:\/\/secure.gravatar.com\/avatar\/986aa4c61ccdb66f8555bf88fc2a65609d00bcabd4d2d94377a727547345cbca?s=96&d=mm&r=g","url":"https:\/\/secure.gravatar.com\/avatar\/986aa4c61ccdb66f8555bf88fc2a65609d00bcabd4d2d94377a727547345cbca?s=96&d=mm&r=g","contentUrl":"https:\/\/secure.gravatar.com\/avatar\/986aa4c61ccdb66f8555bf88fc2a65609d00bcabd4d2d94377a727547345cbca?s=96&d=mm&r=g","caption":"Farn\u00e9sio"},"description":"Radialista blogueiro, chegou a Petrolina\/Juazeiro em setembro de 1980, Farn\u00e9sio Silva \u00e9 de Arapiraca-Alagoas.","sameAs":["http:\/\/blogdofarnesio.com.br","https:\/\/www.facebook.com\/?ref=tn_tnmn","https:\/\/www.instagram.com\/?utm_source=pwa_homescreen","https:\/\/youtube.com.br\/"],"url":"https:\/\/blogdofarnesio.com.br\/?author=2"}]}},"_links":{"self":[{"href":"https:\/\/blogdofarnesio.com.br\/index.php?rest_route=\/wp\/v2\/posts\/330348","targetHints":{"allow":["GET"]}}],"collection":[{"href":"https:\/\/blogdofarnesio.com.br\/index.php?rest_route=\/wp\/v2\/posts"}],"about":[{"href":"https:\/\/blogdofarnesio.com.br\/index.php?rest_route=\/wp\/v2\/types\/post"}],"author":[{"embeddable":true,"href":"https:\/\/blogdofarnesio.com.br\/index.php?rest_route=\/wp\/v2\/users\/2"}],"replies":[{"embeddable":true,"href":"https:\/\/blogdofarnesio.com.br\/index.php?rest_route=%2Fwp%2Fv2%2Fcomments&post=330348"}],"version-history":[{"count":0,"href":"https:\/\/blogdofarnesio.com.br\/index.php?rest_route=\/wp\/v2\/posts\/330348\/revisions"}],"wp:featuredmedia":[{"embeddable":true,"href":"https:\/\/blogdofarnesio.com.br\/index.php?rest_route=\/wp\/v2\/media\/330349"}],"wp:attachment":[{"href":"https:\/\/blogdofarnesio.com.br\/index.php?rest_route=%2Fwp%2Fv2%2Fmedia&parent=330348"}],"wp:term":[{"taxonomy":"category","embeddable":true,"href":"https:\/\/blogdofarnesio.com.br\/index.php?rest_route=%2Fwp%2Fv2%2Fcategories&post=330348"},{"taxonomy":"post_tag","embeddable":true,"href":"https:\/\/blogdofarnesio.com.br\/index.php?rest_route=%2Fwp%2Fv2%2Ftags&post=330348"}],"curies":[{"name":"wp","href":"https:\/\/api.w.org\/{rel}","templated":true}]}}