{"id":330294,"date":"2022-12-29T10:31:48","date_gmt":"2022-12-29T13:31:48","guid":{"rendered":"https:\/\/blogdofarnesio.com.br\/?p=330294"},"modified":"2022-12-28T17:32:09","modified_gmt":"2022-12-28T20:32:09","slug":"pesquisa-da-univasf-identifica-local-de-nascentes-de-dois-rios-importantes-nas-serras-de-jacobina","status":"publish","type":"post","link":"https:\/\/blogdofarnesio.com.br\/?p=330294","title":{"rendered":"Pesquisa da Univasf identifica local de nascentes de dois rios importantes nas Serras de Jacobina"},"content":{"rendered":"<div class=\"documentDescription\">J\u00falia Mendes<\/div>\n<div class=\"newsLeftPane\"><\/div>\n<div>\n<p style=\"text-align: left;\" align=\"center\">Os locais exatos das nascentes dos Rios Fuma\u00e7a e Aipim, nas Serras de Jacobina, situadas no norte da Chapada Diamantina, na Bahia, foram identificados em um estudo realizado por pesquisadores da Universidade Federal do Vale do S\u00e3o Francisco (Univasf). A pesquisa, que tamb\u00e9m teve o objetivo de determinar a situa\u00e7\u00e3o de conserva\u00e7\u00e3o dessas nascentes, foi divulgada recentemente em um artigo publicado pela Revista Enciclop\u00e9dia Biosfera, peri\u00f3dico do\u00a0<a href=\"https:\/\/www.conhecer.org.br\/\" target=\"_blank\" rel=\"noopener\">Centro Cient\u00edfico Conhecer<\/a>.<\/p>\n<p>O trabalho foi realizado pelos pesquisadores Vladimir de Sales Nunes, estudante de Ci\u00eancias Biol\u00f3gicas e presidente da Empresa J\u00fanior (EJ) Preserve Jr; Bruno Cezar Silva, docente do Mestrado Profissional em Administra\u00e7\u00e3o P\u00fablica (Profiap); Renato Garcia Rodrigues e Benoit Jean Bernard Jahyny, docentes do Colegiado de Ci\u00eancias Biol\u00f3gicas (CCBio), e Gabriel Luiz Celante da Silva, bi\u00f3logo graduado pela Univasf. O artigo \u201c<i><a href=\"https:\/\/www.conhecer.org.br\/enciclop\/2022D\/determining.pdf\" target=\"_blank\" rel=\"noopener\">Determining the springs of two important rivers on the Serras da Jacobina Mountains, Chapada Diamantina, Bahia, Brazil<\/a><\/i>\u201d (Determinando as nascentes de dois rios importantes nas Serras da Jacobina, Chapada Diamantina, Bahia, Brasil) \u00e9 resultado dos trabalhos de ecoturismo da Preserve Jr, EJ de Ci\u00eancias Biol\u00f3gicas, e de outras pesquisas da Univasf que v\u00eam sendo realizadas na Serra da Fuma\u00e7a, desde 2019.<\/p>\n<p>No estudo, realizado em 2022 com apoio do N\u00facleo de Ecologia e Monitoramento Ambiental (Nema) e da Preserve Jr, os pesquisadores fazem um mapeamento das primeiras nascentes do Rio Fuma\u00e7a e do Rio Aipim. A pesquisa tamb\u00e9m alerta para uma s\u00e9rie de atividades que t\u00eam causado danos a essas \u00e1reas, como minera\u00e7\u00e3o, desmatamento, compacta\u00e7\u00e3o do solo por gado e motos, polui\u00e7\u00e3o causada por turistas e queimadas.<\/p>\n<p>O estudante Vladimir Nunes aponta que h\u00e1 uma grande car\u00eancia de informa\u00e7\u00f5es cient\u00edficas sobre a regi\u00e3o e que no \u00fanico artigo encontrado sobre essa tem\u00e1tica existem algumas inconsist\u00eancias. \u201cN\u00f3s descobrimos que naquela \u00e1rea h\u00e1 duas nascentes distintas. Uma dessas nascentes \u00e9 o que chamamos de pontual ou fixa, onde a \u00e1gua brota diretamente do solo, sendo um tipo de nascente nova para esse rio. A outra nascente, do tipo difusa, est\u00e1 na verdade em um local completamente distinto de onde os autores do outro artigo defendiam\u201d, pontua o estudante, que relata que a nascente do Rio Aipim foi encontrada por acaso enquanto retornavam para o acampamento.<\/p>\n<p>O Rio Fuma\u00e7a \u00e9 um importante recurso natural na regi\u00e3o das Serras de Jacobina e forma v\u00e1rias cachoeiras de grande potencial tur\u00edstico, como V\u00e9u de Noiva, Po\u00e7o das Estrelas e Sete Quedas na Serra da Fuma\u00e7a, munic\u00edpio de Pindoba\u00e7u (BA), que atrai muitos visitantes devido \u00e0s riquezas naturais. Nunes ressalta que o artigo exp\u00f5e os riscos aos quais a regi\u00e3o est\u00e1 sujeita e oferece solu\u00e7\u00f5es, mostrando que \u00e9 poss\u00edvel conciliar o desenvolvimento econ\u00f4mico com a conserva\u00e7\u00e3o ambiental.<\/p>\n<p>\u201cNo trabalho n\u00f3s alertamos que o poder p\u00fablico n\u00e3o precisa expulsar as pessoas da \u00e1rea ou retirar sua fonte de renda para proteger a biodiversidade e os recursos naturais. Em vez disso, \u00e9 necess\u00e1rio tomar medidas como o estabelecimento de \u00c1reas de Preserva\u00e7\u00e3o Permanente (APPs) em todas as nascentes da regi\u00e3o, como \u00e9 preconizado no C\u00f3digo Florestal. Outra medida que sugerimos para a Serra da Fuma\u00e7a \u00e9 a cria\u00e7\u00e3o de uma Unidade de Conserva\u00e7\u00e3o, em processo devidamente acompanhado por todos os setores envolvidos na regi\u00e3o, de modo a proteger os recursos naturais e garantir a renda e atividades das popula\u00e7\u00f5es locais\u201d, conclui.<\/p>\n<\/div>\n","protected":false},"excerpt":{"rendered":"<p>J\u00falia Mendes Os locais exatos das nascentes dos Rios Fuma\u00e7a e Aipim, nas Serras de Jacobina, situadas no norte da Chapada Diamantina, na Bahia, foram identificados em um estudo realizado por pesquisadores da Universidade Federal do Vale do S\u00e3o Francisco (Univasf). A pesquisa, que tamb\u00e9m teve o objetivo de determinar a situa\u00e7\u00e3o de conserva\u00e7\u00e3o dessas nascentes, foi divulgada recentemente em um artigo publicado pela Revista Enciclop\u00e9dia Biosfera, peri\u00f3dico do\u00a0Centro Cient\u00edfico Conhecer. O trabalho foi realizado pelos pesquisadores Vladimir de Sales Nunes, estudante de Ci\u00eancias Biol\u00f3gicas e presidente da Empresa J\u00fanior (EJ) Preserve Jr; Bruno Cezar Silva, docente do Mestrado Profissional em Administra\u00e7\u00e3o P\u00fablica (Profiap); Renato Garcia Rodrigues e Benoit Jean Bernard Jahyny, docentes do Colegiado de Ci\u00eancias Biol\u00f3gicas (CCBio), e&hellip; <\/p>\n","protected":false},"author":2,"featured_media":330295,"comment_status":"open","ping_status":"open","sticky":false,"template":"","format":"standard","meta":{"_acf_changed":false,"footnotes":""},"categories":[29],"tags":[],"class_list":["post-330294","post","type-post","status-publish","format-standard","has-post-thumbnail","hentry","category-meio-ambiente"],"acf":[],"yoast_head":"<!-- This site is optimized with the Yoast SEO plugin v27.4 - https:\/\/yoast.com\/product\/yoast-seo-wordpress\/ -->\n<title>Pesquisa da Univasf identifica local de nascentes de dois rios importantes nas Serras de Jacobina - Blog do Farn\u00e9sio<\/title>\n<meta name=\"robots\" content=\"index, follow, max-snippet:-1, max-image-preview:large, max-video-preview:-1\" \/>\n<link rel=\"canonical\" href=\"https:\/\/blogdofarnesio.com.br\/?p=330294\" \/>\n<meta property=\"og:locale\" content=\"pt_BR\" \/>\n<meta property=\"og:type\" content=\"article\" \/>\n<meta property=\"og:title\" content=\"Pesquisa da Univasf identifica local de nascentes de dois rios importantes nas Serras de Jacobina - Blog do Farn\u00e9sio\" \/>\n<meta property=\"og:description\" content=\"J\u00falia Mendes Os locais exatos das nascentes dos Rios Fuma\u00e7a e Aipim, nas Serras de Jacobina, situadas no norte da Chapada Diamantina, na Bahia, foram identificados em um estudo realizado por pesquisadores da Universidade Federal do Vale do S\u00e3o Francisco (Univasf). A pesquisa, que tamb\u00e9m teve o objetivo de determinar a situa\u00e7\u00e3o de conserva\u00e7\u00e3o dessas nascentes, foi divulgada recentemente em um artigo publicado pela Revista Enciclop\u00e9dia Biosfera, peri\u00f3dico do\u00a0Centro Cient\u00edfico Conhecer. O trabalho foi realizado pelos pesquisadores Vladimir de Sales Nunes, estudante de Ci\u00eancias Biol\u00f3gicas e presidente da Empresa J\u00fanior (EJ) Preserve Jr; Bruno Cezar Silva, docente do Mestrado Profissional em Administra\u00e7\u00e3o P\u00fablica (Profiap); Renato Garcia Rodrigues e Benoit Jean Bernard Jahyny, docentes do Colegiado de Ci\u00eancias Biol\u00f3gicas (CCBio), e&hellip;\" \/>\n<meta property=\"og:url\" content=\"https:\/\/blogdofarnesio.com.br\/?p=330294\" \/>\n<meta property=\"og:site_name\" content=\"Blog do Farn\u00e9sio\" \/>\n<meta property=\"article:publisher\" content=\"https:\/\/www.facebook.com\/BlogQuerSaberPolitica\/\" \/>\n<meta property=\"article:author\" content=\"https:\/\/www.facebook.com\/?ref=tn_tnmn\" \/>\n<meta property=\"article:published_time\" content=\"2022-12-29T13:31:48+00:00\" \/>\n<meta property=\"og:image\" content=\"https:\/\/blogdofarnesio.com.br\/wp-content\/uploads\/2022\/12\/blogqspjacobina-nascentes-rios-univasf-e1672167993172.jpeg\" \/>\n\t<meta property=\"og:image:width\" content=\"680\" \/>\n\t<meta property=\"og:image:height\" content=\"452\" \/>\n\t<meta property=\"og:image:type\" content=\"image\/jpeg\" \/>\n<meta name=\"author\" content=\"Farn\u00e9sio\" \/>\n<meta name=\"twitter:card\" content=\"summary_large_image\" \/>\n<meta name=\"twitter:label1\" content=\"Escrito por\" \/>\n\t<meta name=\"twitter:data1\" content=\"Farn\u00e9sio\" \/>\n\t<meta name=\"twitter:label2\" content=\"Est. tempo de leitura\" \/>\n\t<meta name=\"twitter:data2\" content=\"4 minutos\" \/>\n<script type=\"application\/ld+json\" class=\"yoast-schema-graph\">{\"@context\":\"https:\\\/\\\/schema.org\",\"@graph\":[{\"@type\":\"Article\",\"@id\":\"https:\\\/\\\/blogdofarnesio.com.br\\\/?p=330294#article\",\"isPartOf\":{\"@id\":\"https:\\\/\\\/blogdofarnesio.com.br\\\/?p=330294\"},\"author\":{\"name\":\"Farn\u00e9sio\",\"@id\":\"https:\\\/\\\/blogdofarnesio.com.br\\\/#\\\/schema\\\/person\\\/bb9b23ae3ad0609ce8df7b6c9e76824d\"},\"headline\":\"Pesquisa da Univasf identifica local de nascentes de dois rios importantes nas Serras de Jacobina\",\"datePublished\":\"2022-12-29T13:31:48+00:00\",\"mainEntityOfPage\":{\"@id\":\"https:\\\/\\\/blogdofarnesio.com.br\\\/?p=330294\"},\"wordCount\":613,\"commentCount\":0,\"publisher\":{\"@id\":\"https:\\\/\\\/blogdofarnesio.com.br\\\/#organization\"},\"image\":{\"@id\":\"https:\\\/\\\/blogdofarnesio.com.br\\\/?p=330294#primaryimage\"},\"thumbnailUrl\":\"https:\\\/\\\/blogdofarnesio.com.br\\\/wp-content\\\/uploads\\\/2022\\\/12\\\/blogqspjacobina-nascentes-rios-univasf-e1672167993172.jpeg\",\"articleSection\":[\"Meio Ambiente\"],\"inLanguage\":\"pt-BR\",\"potentialAction\":[{\"@type\":\"CommentAction\",\"name\":\"Comment\",\"target\":[\"https:\\\/\\\/blogdofarnesio.com.br\\\/?p=330294#respond\"]}]},{\"@type\":\"WebPage\",\"@id\":\"https:\\\/\\\/blogdofarnesio.com.br\\\/?p=330294\",\"url\":\"https:\\\/\\\/blogdofarnesio.com.br\\\/?p=330294\",\"name\":\"Pesquisa da Univasf identifica local de nascentes de dois rios importantes nas Serras de Jacobina - Blog do Farn\u00e9sio\",\"isPartOf\":{\"@id\":\"https:\\\/\\\/blogdofarnesio.com.br\\\/#website\"},\"primaryImageOfPage\":{\"@id\":\"https:\\\/\\\/blogdofarnesio.com.br\\\/?p=330294#primaryimage\"},\"image\":{\"@id\":\"https:\\\/\\\/blogdofarnesio.com.br\\\/?p=330294#primaryimage\"},\"thumbnailUrl\":\"https:\\\/\\\/blogdofarnesio.com.br\\\/wp-content\\\/uploads\\\/2022\\\/12\\\/blogqspjacobina-nascentes-rios-univasf-e1672167993172.jpeg\",\"datePublished\":\"2022-12-29T13:31:48+00:00\",\"breadcrumb\":{\"@id\":\"https:\\\/\\\/blogdofarnesio.com.br\\\/?p=330294#breadcrumb\"},\"inLanguage\":\"pt-BR\",\"potentialAction\":[{\"@type\":\"ReadAction\",\"target\":[\"https:\\\/\\\/blogdofarnesio.com.br\\\/?p=330294\"]}]},{\"@type\":\"ImageObject\",\"inLanguage\":\"pt-BR\",\"@id\":\"https:\\\/\\\/blogdofarnesio.com.br\\\/?p=330294#primaryimage\",\"url\":\"https:\\\/\\\/blogdofarnesio.com.br\\\/wp-content\\\/uploads\\\/2022\\\/12\\\/blogqspjacobina-nascentes-rios-univasf-e1672167993172.jpeg\",\"contentUrl\":\"https:\\\/\\\/blogdofarnesio.com.br\\\/wp-content\\\/uploads\\\/2022\\\/12\\\/blogqspjacobina-nascentes-rios-univasf-e1672167993172.jpeg\",\"width\":680,\"height\":452,\"caption\":\"Al\u00e9m de identificar nascentes dos Rios Fuma\u00e7a e Aipim, estudo constatou danos ao meio ambiente. \\\/Foto: Vladimir Nunes.\u00a0\"},{\"@type\":\"BreadcrumbList\",\"@id\":\"https:\\\/\\\/blogdofarnesio.com.br\\\/?p=330294#breadcrumb\",\"itemListElement\":[{\"@type\":\"ListItem\",\"position\":1,\"name\":\"In\u00edcio\",\"item\":\"https:\\\/\\\/blogdofarnesio.com.br\\\/\"},{\"@type\":\"ListItem\",\"position\":2,\"name\":\"Pesquisa da Univasf identifica local de nascentes de dois rios importantes nas Serras de Jacobina\"}]},{\"@type\":\"WebSite\",\"@id\":\"https:\\\/\\\/blogdofarnesio.com.br\\\/#website\",\"url\":\"https:\\\/\\\/blogdofarnesio.com.br\\\/\",\"name\":\"Blog do Farn\u00e9sio\",\"description\":\"Quer Saber Pol\u00edtica?\",\"publisher\":{\"@id\":\"https:\\\/\\\/blogdofarnesio.com.br\\\/#organization\"},\"potentialAction\":[{\"@type\":\"SearchAction\",\"target\":{\"@type\":\"EntryPoint\",\"urlTemplate\":\"https:\\\/\\\/blogdofarnesio.com.br\\\/?s={search_term_string}\"},\"query-input\":{\"@type\":\"PropertyValueSpecification\",\"valueRequired\":true,\"valueName\":\"search_term_string\"}}],\"inLanguage\":\"pt-BR\"},{\"@type\":\"Organization\",\"@id\":\"https:\\\/\\\/blogdofarnesio.com.br\\\/#organization\",\"name\":\"Blog do Farn\u00e9sio\",\"url\":\"https:\\\/\\\/blogdofarnesio.com.br\\\/\",\"logo\":{\"@type\":\"ImageObject\",\"inLanguage\":\"pt-BR\",\"@id\":\"https:\\\/\\\/blogdofarnesio.com.br\\\/#\\\/schema\\\/logo\\\/image\\\/\",\"url\":\"https:\\\/\\\/blogdofarnesio.com.br\\\/wp-content\\\/uploads\\\/2026\\\/03\\\/cropped-logo_new-1.png\",\"contentUrl\":\"https:\\\/\\\/blogdofarnesio.com.br\\\/wp-content\\\/uploads\\\/2026\\\/03\\\/cropped-logo_new-1.png\",\"width\":881,\"height\":685,\"caption\":\"Blog do Farn\u00e9sio\"},\"image\":{\"@id\":\"https:\\\/\\\/blogdofarnesio.com.br\\\/#\\\/schema\\\/logo\\\/image\\\/\"},\"sameAs\":[\"https:\\\/\\\/www.facebook.com\\\/BlogQuerSaberPolitica\\\/\"]},{\"@type\":\"Person\",\"@id\":\"https:\\\/\\\/blogdofarnesio.com.br\\\/#\\\/schema\\\/person\\\/bb9b23ae3ad0609ce8df7b6c9e76824d\",\"name\":\"Farn\u00e9sio\",\"image\":{\"@type\":\"ImageObject\",\"inLanguage\":\"pt-BR\",\"@id\":\"https:\\\/\\\/secure.gravatar.com\\\/avatar\\\/986aa4c61ccdb66f8555bf88fc2a65609d00bcabd4d2d94377a727547345cbca?s=96&d=mm&r=g\",\"url\":\"https:\\\/\\\/secure.gravatar.com\\\/avatar\\\/986aa4c61ccdb66f8555bf88fc2a65609d00bcabd4d2d94377a727547345cbca?s=96&d=mm&r=g\",\"contentUrl\":\"https:\\\/\\\/secure.gravatar.com\\\/avatar\\\/986aa4c61ccdb66f8555bf88fc2a65609d00bcabd4d2d94377a727547345cbca?s=96&d=mm&r=g\",\"caption\":\"Farn\u00e9sio\"},\"description\":\"Radialista blogueiro, chegou a Petrolina\\\/Juazeiro em setembro de 1980, Farn\u00e9sio Silva \u00e9 de Arapiraca-Alagoas.\",\"sameAs\":[\"http:\\\/\\\/blogdofarnesio.com.br\",\"https:\\\/\\\/www.facebook.com\\\/?ref=tn_tnmn\",\"https:\\\/\\\/www.instagram.com\\\/?utm_source=pwa_homescreen\",\"https:\\\/\\\/youtube.com.br\\\/\"],\"url\":\"https:\\\/\\\/blogdofarnesio.com.br\\\/?author=2\"}]}<\/script>\n<!-- \/ Yoast SEO plugin. -->","yoast_head_json":{"title":"Pesquisa da Univasf identifica local de nascentes de dois rios importantes nas Serras de Jacobina - Blog do Farn\u00e9sio","robots":{"index":"index","follow":"follow","max-snippet":"max-snippet:-1","max-image-preview":"max-image-preview:large","max-video-preview":"max-video-preview:-1"},"canonical":"https:\/\/blogdofarnesio.com.br\/?p=330294","og_locale":"pt_BR","og_type":"article","og_title":"Pesquisa da Univasf identifica local de nascentes de dois rios importantes nas Serras de Jacobina - Blog do Farn\u00e9sio","og_description":"J\u00falia Mendes Os locais exatos das nascentes dos Rios Fuma\u00e7a e Aipim, nas Serras de Jacobina, situadas no norte da Chapada Diamantina, na Bahia, foram identificados em um estudo realizado por pesquisadores da Universidade Federal do Vale do S\u00e3o Francisco (Univasf). A pesquisa, que tamb\u00e9m teve o objetivo de determinar a situa\u00e7\u00e3o de conserva\u00e7\u00e3o dessas nascentes, foi divulgada recentemente em um artigo publicado pela Revista Enciclop\u00e9dia Biosfera, peri\u00f3dico do\u00a0Centro Cient\u00edfico Conhecer. O trabalho foi realizado pelos pesquisadores Vladimir de Sales Nunes, estudante de Ci\u00eancias Biol\u00f3gicas e presidente da Empresa J\u00fanior (EJ) Preserve Jr; Bruno Cezar Silva, docente do Mestrado Profissional em Administra\u00e7\u00e3o P\u00fablica (Profiap); Renato Garcia Rodrigues e Benoit Jean Bernard Jahyny, docentes do Colegiado de Ci\u00eancias Biol\u00f3gicas (CCBio), e&hellip;","og_url":"https:\/\/blogdofarnesio.com.br\/?p=330294","og_site_name":"Blog do Farn\u00e9sio","article_publisher":"https:\/\/www.facebook.com\/BlogQuerSaberPolitica\/","article_author":"https:\/\/www.facebook.com\/?ref=tn_tnmn","article_published_time":"2022-12-29T13:31:48+00:00","og_image":[{"width":680,"height":452,"url":"https:\/\/blogdofarnesio.com.br\/wp-content\/uploads\/2022\/12\/blogqspjacobina-nascentes-rios-univasf-e1672167993172.jpeg","type":"image\/jpeg"}],"author":"Farn\u00e9sio","twitter_card":"summary_large_image","twitter_misc":{"Escrito por":"Farn\u00e9sio","Est. tempo de leitura":"4 minutos"},"schema":{"@context":"https:\/\/schema.org","@graph":[{"@type":"Article","@id":"https:\/\/blogdofarnesio.com.br\/?p=330294#article","isPartOf":{"@id":"https:\/\/blogdofarnesio.com.br\/?p=330294"},"author":{"name":"Farn\u00e9sio","@id":"https:\/\/blogdofarnesio.com.br\/#\/schema\/person\/bb9b23ae3ad0609ce8df7b6c9e76824d"},"headline":"Pesquisa da Univasf identifica local de nascentes de dois rios importantes nas Serras de Jacobina","datePublished":"2022-12-29T13:31:48+00:00","mainEntityOfPage":{"@id":"https:\/\/blogdofarnesio.com.br\/?p=330294"},"wordCount":613,"commentCount":0,"publisher":{"@id":"https:\/\/blogdofarnesio.com.br\/#organization"},"image":{"@id":"https:\/\/blogdofarnesio.com.br\/?p=330294#primaryimage"},"thumbnailUrl":"https:\/\/blogdofarnesio.com.br\/wp-content\/uploads\/2022\/12\/blogqspjacobina-nascentes-rios-univasf-e1672167993172.jpeg","articleSection":["Meio Ambiente"],"inLanguage":"pt-BR","potentialAction":[{"@type":"CommentAction","name":"Comment","target":["https:\/\/blogdofarnesio.com.br\/?p=330294#respond"]}]},{"@type":"WebPage","@id":"https:\/\/blogdofarnesio.com.br\/?p=330294","url":"https:\/\/blogdofarnesio.com.br\/?p=330294","name":"Pesquisa da Univasf identifica local de nascentes de dois rios importantes nas Serras de Jacobina - Blog do Farn\u00e9sio","isPartOf":{"@id":"https:\/\/blogdofarnesio.com.br\/#website"},"primaryImageOfPage":{"@id":"https:\/\/blogdofarnesio.com.br\/?p=330294#primaryimage"},"image":{"@id":"https:\/\/blogdofarnesio.com.br\/?p=330294#primaryimage"},"thumbnailUrl":"https:\/\/blogdofarnesio.com.br\/wp-content\/uploads\/2022\/12\/blogqspjacobina-nascentes-rios-univasf-e1672167993172.jpeg","datePublished":"2022-12-29T13:31:48+00:00","breadcrumb":{"@id":"https:\/\/blogdofarnesio.com.br\/?p=330294#breadcrumb"},"inLanguage":"pt-BR","potentialAction":[{"@type":"ReadAction","target":["https:\/\/blogdofarnesio.com.br\/?p=330294"]}]},{"@type":"ImageObject","inLanguage":"pt-BR","@id":"https:\/\/blogdofarnesio.com.br\/?p=330294#primaryimage","url":"https:\/\/blogdofarnesio.com.br\/wp-content\/uploads\/2022\/12\/blogqspjacobina-nascentes-rios-univasf-e1672167993172.jpeg","contentUrl":"https:\/\/blogdofarnesio.com.br\/wp-content\/uploads\/2022\/12\/blogqspjacobina-nascentes-rios-univasf-e1672167993172.jpeg","width":680,"height":452,"caption":"Al\u00e9m de identificar nascentes dos Rios Fuma\u00e7a e Aipim, estudo constatou danos ao meio ambiente. \/Foto: Vladimir Nunes.\u00a0"},{"@type":"BreadcrumbList","@id":"https:\/\/blogdofarnesio.com.br\/?p=330294#breadcrumb","itemListElement":[{"@type":"ListItem","position":1,"name":"In\u00edcio","item":"https:\/\/blogdofarnesio.com.br\/"},{"@type":"ListItem","position":2,"name":"Pesquisa da Univasf identifica local de nascentes de dois rios importantes nas Serras de Jacobina"}]},{"@type":"WebSite","@id":"https:\/\/blogdofarnesio.com.br\/#website","url":"https:\/\/blogdofarnesio.com.br\/","name":"Blog do Farn\u00e9sio","description":"Quer Saber Pol\u00edtica?","publisher":{"@id":"https:\/\/blogdofarnesio.com.br\/#organization"},"potentialAction":[{"@type":"SearchAction","target":{"@type":"EntryPoint","urlTemplate":"https:\/\/blogdofarnesio.com.br\/?s={search_term_string}"},"query-input":{"@type":"PropertyValueSpecification","valueRequired":true,"valueName":"search_term_string"}}],"inLanguage":"pt-BR"},{"@type":"Organization","@id":"https:\/\/blogdofarnesio.com.br\/#organization","name":"Blog do Farn\u00e9sio","url":"https:\/\/blogdofarnesio.com.br\/","logo":{"@type":"ImageObject","inLanguage":"pt-BR","@id":"https:\/\/blogdofarnesio.com.br\/#\/schema\/logo\/image\/","url":"https:\/\/blogdofarnesio.com.br\/wp-content\/uploads\/2026\/03\/cropped-logo_new-1.png","contentUrl":"https:\/\/blogdofarnesio.com.br\/wp-content\/uploads\/2026\/03\/cropped-logo_new-1.png","width":881,"height":685,"caption":"Blog do Farn\u00e9sio"},"image":{"@id":"https:\/\/blogdofarnesio.com.br\/#\/schema\/logo\/image\/"},"sameAs":["https:\/\/www.facebook.com\/BlogQuerSaberPolitica\/"]},{"@type":"Person","@id":"https:\/\/blogdofarnesio.com.br\/#\/schema\/person\/bb9b23ae3ad0609ce8df7b6c9e76824d","name":"Farn\u00e9sio","image":{"@type":"ImageObject","inLanguage":"pt-BR","@id":"https:\/\/secure.gravatar.com\/avatar\/986aa4c61ccdb66f8555bf88fc2a65609d00bcabd4d2d94377a727547345cbca?s=96&d=mm&r=g","url":"https:\/\/secure.gravatar.com\/avatar\/986aa4c61ccdb66f8555bf88fc2a65609d00bcabd4d2d94377a727547345cbca?s=96&d=mm&r=g","contentUrl":"https:\/\/secure.gravatar.com\/avatar\/986aa4c61ccdb66f8555bf88fc2a65609d00bcabd4d2d94377a727547345cbca?s=96&d=mm&r=g","caption":"Farn\u00e9sio"},"description":"Radialista blogueiro, chegou a Petrolina\/Juazeiro em setembro de 1980, Farn\u00e9sio Silva \u00e9 de Arapiraca-Alagoas.","sameAs":["http:\/\/blogdofarnesio.com.br","https:\/\/www.facebook.com\/?ref=tn_tnmn","https:\/\/www.instagram.com\/?utm_source=pwa_homescreen","https:\/\/youtube.com.br\/"],"url":"https:\/\/blogdofarnesio.com.br\/?author=2"}]}},"_links":{"self":[{"href":"https:\/\/blogdofarnesio.com.br\/index.php?rest_route=\/wp\/v2\/posts\/330294","targetHints":{"allow":["GET"]}}],"collection":[{"href":"https:\/\/blogdofarnesio.com.br\/index.php?rest_route=\/wp\/v2\/posts"}],"about":[{"href":"https:\/\/blogdofarnesio.com.br\/index.php?rest_route=\/wp\/v2\/types\/post"}],"author":[{"embeddable":true,"href":"https:\/\/blogdofarnesio.com.br\/index.php?rest_route=\/wp\/v2\/users\/2"}],"replies":[{"embeddable":true,"href":"https:\/\/blogdofarnesio.com.br\/index.php?rest_route=%2Fwp%2Fv2%2Fcomments&post=330294"}],"version-history":[{"count":0,"href":"https:\/\/blogdofarnesio.com.br\/index.php?rest_route=\/wp\/v2\/posts\/330294\/revisions"}],"wp:featuredmedia":[{"embeddable":true,"href":"https:\/\/blogdofarnesio.com.br\/index.php?rest_route=\/wp\/v2\/media\/330295"}],"wp:attachment":[{"href":"https:\/\/blogdofarnesio.com.br\/index.php?rest_route=%2Fwp%2Fv2%2Fmedia&parent=330294"}],"wp:term":[{"taxonomy":"category","embeddable":true,"href":"https:\/\/blogdofarnesio.com.br\/index.php?rest_route=%2Fwp%2Fv2%2Fcategories&post=330294"},{"taxonomy":"post_tag","embeddable":true,"href":"https:\/\/blogdofarnesio.com.br\/index.php?rest_route=%2Fwp%2Fv2%2Ftags&post=330294"}],"curies":[{"name":"wp","href":"https:\/\/api.w.org\/{rel}","templated":true}]}}