{"id":328465,"date":"2022-12-02T09:22:06","date_gmt":"2022-12-02T12:22:06","guid":{"rendered":"https:\/\/blogdofarnesio.com.br\/?p=328465"},"modified":"2022-12-01T18:37:22","modified_gmt":"2022-12-01T21:37:22","slug":"mais-uma-comunidade-do-interior-de-juazeiro-perto-de-ter-agua-tratada-nas-torneiras","status":"publish","type":"post","link":"https:\/\/blogdofarnesio.com.br\/2022\/12\/mais-uma-comunidade-do-interior-de-juazeiro-perto-de-ter-agua-tratada-nas-torneiras\/","title":{"rendered":"Mais uma comunidade do interior de Juazeiro perto de ter \u00e1gua tratada nas torneiras"},"content":{"rendered":"<p style=\"font-weight: 400;\">Os moradores da Fazenda Tanque da Boa Hora, em Pinh\u00f5es, no interior de Juazeiro, j\u00e1 est\u00e3o contando os dias para ter, enfim, \u00e1gua tratada nas torneiras. Mais de 60 pessoas ser\u00e3o beneficiadas com a extens\u00e3o da rede de abastecimento, atrav\u00e9s do Servi\u00e7o de \u00c1gua e Saneamento Ambiental (SAAE).<\/p>\n<p style=\"font-weight: 400;\">Essa era uma reivindica\u00e7\u00e3o antiga dos moradores, que foi abra\u00e7ada pela atual administra\u00e7\u00e3o.<\/p>\n<p style=\"font-weight: 400;\">Valber Franca, um dos beneficiados, disse estar muito feliz com essa iniciativa. \u201cMinha fam\u00edlia reside aqui h\u00e1 mais de 100 anos e hoje comemora ao ver a t\u00e3o sonhada \u00e1gua encanada que dever\u00e1 chegar em nossa resid\u00eancia. Quero Agradecer primeiramente \u00e0 nossa prefeita Suzana Ramos, por atender nosso pedido\u201d, afirmou Valber.<\/p>\n","protected":false},"excerpt":{"rendered":"<p>Os moradores da Fazenda Tanque da Boa Hora, em Pinh\u00f5es, no interior de Juazeiro, j\u00e1 est\u00e3o contando os dias para ter, enfim, \u00e1gua tratada nas torneiras. Mais de 60 pessoas ser\u00e3o beneficiadas com a extens\u00e3o da rede de abastecimento, atrav\u00e9s do Servi\u00e7o de \u00c1gua e Saneamento Ambiental (SAAE). Essa era uma reivindica\u00e7\u00e3o antiga dos moradores, que foi abra\u00e7ada pela atual administra\u00e7\u00e3o. Valber Franca, um dos beneficiados, disse estar muito feliz com essa iniciativa. \u201cMinha fam\u00edlia reside aqui h\u00e1 mais de 100 anos e hoje comemora ao ver a t\u00e3o sonhada \u00e1gua encanada que dever\u00e1 chegar em nossa resid\u00eancia. Quero Agradecer primeiramente \u00e0 nossa prefeita Suzana Ramos, por atender nosso pedido\u201d, afirmou Valber.<\/p>\n","protected":false},"author":2,"featured_media":309418,"comment_status":"open","ping_status":"open","sticky":false,"template":"","format":"standard","meta":{"_acf_changed":false,"footnotes":""},"categories":[56],"tags":[],"class_list":["post-328465","post","type-post","status-publish","format-standard","has-post-thumbnail","hentry","category-agua"],"acf":[],"yoast_head":"<!-- This site is optimized with the Yoast SEO plugin v27.5 - https:\/\/yoast.com\/product\/yoast-seo-wordpress\/ -->\n<title>Mais uma comunidade do interior de Juazeiro perto de ter \u00e1gua tratada nas torneiras - Blog do Farn\u00e9sio<\/title>\n<meta name=\"robots\" content=\"index, follow, max-snippet:-1, max-image-preview:large, max-video-preview:-1\" \/>\n<link rel=\"canonical\" href=\"https:\/\/blogdofarnesio.com.br\/2022\/12\/mais-uma-comunidade-do-interior-de-juazeiro-perto-de-ter-agua-tratada-nas-torneiras\/\" \/>\n<meta property=\"og:locale\" content=\"pt_BR\" \/>\n<meta property=\"og:type\" content=\"article\" \/>\n<meta property=\"og:title\" content=\"Mais uma comunidade do interior de Juazeiro perto de ter \u00e1gua tratada nas torneiras - Blog do Farn\u00e9sio\" \/>\n<meta property=\"og:description\" content=\"Os moradores da Fazenda Tanque da Boa Hora, em Pinh\u00f5es, no interior de Juazeiro, j\u00e1 est\u00e3o contando os dias para ter, enfim, \u00e1gua tratada nas torneiras. Mais de 60 pessoas ser\u00e3o beneficiadas com a extens\u00e3o da rede de abastecimento, atrav\u00e9s do Servi\u00e7o de \u00c1gua e Saneamento Ambiental (SAAE). Essa era uma reivindica\u00e7\u00e3o antiga dos moradores, que foi abra\u00e7ada pela atual administra\u00e7\u00e3o. Valber Franca, um dos beneficiados, disse estar muito feliz com essa iniciativa. \u201cMinha fam\u00edlia reside aqui h\u00e1 mais de 100 anos e hoje comemora ao ver a t\u00e3o sonhada \u00e1gua encanada que dever\u00e1 chegar em nossa resid\u00eancia. Quero Agradecer primeiramente \u00e0 nossa prefeita Suzana Ramos, por atender nosso pedido\u201d, afirmou Valber.\" \/>\n<meta property=\"og:url\" content=\"https:\/\/blogdofarnesio.com.br\/2022\/12\/mais-uma-comunidade-do-interior-de-juazeiro-perto-de-ter-agua-tratada-nas-torneiras\/\" \/>\n<meta property=\"og:site_name\" content=\"Blog do Farn\u00e9sio\" \/>\n<meta property=\"article:publisher\" content=\"https:\/\/www.facebook.com\/BlogQuerSaberPolitica\/\" \/>\n<meta property=\"article:author\" content=\"https:\/\/www.facebook.com\/?ref=tn_tnmn\" \/>\n<meta property=\"article:published_time\" content=\"2022-12-02T12:22:06+00:00\" \/>\n<meta property=\"og:image\" content=\"https:\/\/blogdofarnesio.com.br\/wp-content\/uploads\/2022\/03\/blgoqspjua-jd-campestre-saae-e1648145507624.jpg\" \/>\n\t<meta property=\"og:image:width\" content=\"620\" \/>\n\t<meta property=\"og:image:height\" content=\"413\" \/>\n\t<meta property=\"og:image:type\" content=\"image\/jpeg\" \/>\n<meta name=\"author\" content=\"Farn\u00e9sio\" \/>\n<meta name=\"twitter:card\" content=\"summary_large_image\" \/>\n<meta name=\"twitter:label1\" content=\"Escrito por\" \/>\n\t<meta name=\"twitter:data1\" content=\"Farn\u00e9sio\" \/>\n\t<meta name=\"twitter:label2\" content=\"Est. tempo de leitura\" \/>\n\t<meta name=\"twitter:data2\" content=\"1 minuto\" \/>\n<script type=\"application\/ld+json\" class=\"yoast-schema-graph\">{\"@context\":\"https:\\\/\\\/schema.org\",\"@graph\":[{\"@type\":\"Article\",\"@id\":\"https:\\\/\\\/blogdofarnesio.com.br\\\/2022\\\/12\\\/mais-uma-comunidade-do-interior-de-juazeiro-perto-de-ter-agua-tratada-nas-torneiras\\\/#article\",\"isPartOf\":{\"@id\":\"https:\\\/\\\/blogdofarnesio.com.br\\\/2022\\\/12\\\/mais-uma-comunidade-do-interior-de-juazeiro-perto-de-ter-agua-tratada-nas-torneiras\\\/\"},\"author\":{\"name\":\"Farn\u00e9sio\",\"@id\":\"https:\\\/\\\/blogdofarnesio.com.br\\\/#\\\/schema\\\/person\\\/bb9b23ae3ad0609ce8df7b6c9e76824d\"},\"headline\":\"Mais uma comunidade do interior de Juazeiro perto de ter \u00e1gua tratada nas torneiras\",\"datePublished\":\"2022-12-02T12:22:06+00:00\",\"mainEntityOfPage\":{\"@id\":\"https:\\\/\\\/blogdofarnesio.com.br\\\/2022\\\/12\\\/mais-uma-comunidade-do-interior-de-juazeiro-perto-de-ter-agua-tratada-nas-torneiras\\\/\"},\"wordCount\":135,\"commentCount\":0,\"publisher\":{\"@id\":\"https:\\\/\\\/blogdofarnesio.com.br\\\/#organization\"},\"image\":{\"@id\":\"https:\\\/\\\/blogdofarnesio.com.br\\\/2022\\\/12\\\/mais-uma-comunidade-do-interior-de-juazeiro-perto-de-ter-agua-tratada-nas-torneiras\\\/#primaryimage\"},\"thumbnailUrl\":\"https:\\\/\\\/blogdofarnesio.com.br\\\/wp-content\\\/uploads\\\/2022\\\/03\\\/blgoqspjua-jd-campestre-saae-e1648145507624.jpg\",\"articleSection\":[\"\u00c1gua\"],\"inLanguage\":\"pt-BR\",\"potentialAction\":[{\"@type\":\"CommentAction\",\"name\":\"Comment\",\"target\":[\"https:\\\/\\\/blogdofarnesio.com.br\\\/2022\\\/12\\\/mais-uma-comunidade-do-interior-de-juazeiro-perto-de-ter-agua-tratada-nas-torneiras\\\/#respond\"]}]},{\"@type\":\"WebPage\",\"@id\":\"https:\\\/\\\/blogdofarnesio.com.br\\\/2022\\\/12\\\/mais-uma-comunidade-do-interior-de-juazeiro-perto-de-ter-agua-tratada-nas-torneiras\\\/\",\"url\":\"https:\\\/\\\/blogdofarnesio.com.br\\\/2022\\\/12\\\/mais-uma-comunidade-do-interior-de-juazeiro-perto-de-ter-agua-tratada-nas-torneiras\\\/\",\"name\":\"Mais uma comunidade do interior de Juazeiro perto de ter \u00e1gua tratada nas torneiras - Blog do Farn\u00e9sio\",\"isPartOf\":{\"@id\":\"https:\\\/\\\/blogdofarnesio.com.br\\\/#website\"},\"primaryImageOfPage\":{\"@id\":\"https:\\\/\\\/blogdofarnesio.com.br\\\/2022\\\/12\\\/mais-uma-comunidade-do-interior-de-juazeiro-perto-de-ter-agua-tratada-nas-torneiras\\\/#primaryimage\"},\"image\":{\"@id\":\"https:\\\/\\\/blogdofarnesio.com.br\\\/2022\\\/12\\\/mais-uma-comunidade-do-interior-de-juazeiro-perto-de-ter-agua-tratada-nas-torneiras\\\/#primaryimage\"},\"thumbnailUrl\":\"https:\\\/\\\/blogdofarnesio.com.br\\\/wp-content\\\/uploads\\\/2022\\\/03\\\/blgoqspjua-jd-campestre-saae-e1648145507624.jpg\",\"datePublished\":\"2022-12-02T12:22:06+00:00\",\"breadcrumb\":{\"@id\":\"https:\\\/\\\/blogdofarnesio.com.br\\\/2022\\\/12\\\/mais-uma-comunidade-do-interior-de-juazeiro-perto-de-ter-agua-tratada-nas-torneiras\\\/#breadcrumb\"},\"inLanguage\":\"pt-BR\",\"potentialAction\":[{\"@type\":\"ReadAction\",\"target\":[\"https:\\\/\\\/blogdofarnesio.com.br\\\/2022\\\/12\\\/mais-uma-comunidade-do-interior-de-juazeiro-perto-de-ter-agua-tratada-nas-torneiras\\\/\"]}]},{\"@type\":\"ImageObject\",\"inLanguage\":\"pt-BR\",\"@id\":\"https:\\\/\\\/blogdofarnesio.com.br\\\/2022\\\/12\\\/mais-uma-comunidade-do-interior-de-juazeiro-perto-de-ter-agua-tratada-nas-torneiras\\\/#primaryimage\",\"url\":\"https:\\\/\\\/blogdofarnesio.com.br\\\/wp-content\\\/uploads\\\/2022\\\/03\\\/blgoqspjua-jd-campestre-saae-e1648145507624.jpg\",\"contentUrl\":\"https:\\\/\\\/blogdofarnesio.com.br\\\/wp-content\\\/uploads\\\/2022\\\/03\\\/blgoqspjua-jd-campestre-saae-e1648145507624.jpg\",\"width\":620,\"height\":413},{\"@type\":\"BreadcrumbList\",\"@id\":\"https:\\\/\\\/blogdofarnesio.com.br\\\/2022\\\/12\\\/mais-uma-comunidade-do-interior-de-juazeiro-perto-de-ter-agua-tratada-nas-torneiras\\\/#breadcrumb\",\"itemListElement\":[{\"@type\":\"ListItem\",\"position\":1,\"name\":\"In\u00edcio\",\"item\":\"https:\\\/\\\/blogdofarnesio.com.br\\\/\"},{\"@type\":\"ListItem\",\"position\":2,\"name\":\"Mais uma comunidade do interior de Juazeiro perto de ter \u00e1gua tratada nas torneiras\"}]},{\"@type\":\"WebSite\",\"@id\":\"https:\\\/\\\/blogdofarnesio.com.br\\\/#website\",\"url\":\"https:\\\/\\\/blogdofarnesio.com.br\\\/\",\"name\":\"Blog do Farn\u00e9sio\",\"description\":\"Quer Saber Pol\u00edtica?\",\"publisher\":{\"@id\":\"https:\\\/\\\/blogdofarnesio.com.br\\\/#organization\"},\"potentialAction\":[{\"@type\":\"SearchAction\",\"target\":{\"@type\":\"EntryPoint\",\"urlTemplate\":\"https:\\\/\\\/blogdofarnesio.com.br\\\/?s={search_term_string}\"},\"query-input\":{\"@type\":\"PropertyValueSpecification\",\"valueRequired\":true,\"valueName\":\"search_term_string\"}}],\"inLanguage\":\"pt-BR\"},{\"@type\":\"Organization\",\"@id\":\"https:\\\/\\\/blogdofarnesio.com.br\\\/#organization\",\"name\":\"Blog do Farn\u00e9sio\",\"url\":\"https:\\\/\\\/blogdofarnesio.com.br\\\/\",\"logo\":{\"@type\":\"ImageObject\",\"inLanguage\":\"pt-BR\",\"@id\":\"https:\\\/\\\/blogdofarnesio.com.br\\\/#\\\/schema\\\/logo\\\/image\\\/\",\"url\":\"https:\\\/\\\/blogdofarnesio.com.br\\\/wp-content\\\/uploads\\\/2026\\\/03\\\/cropped-logo_new-1.png\",\"contentUrl\":\"https:\\\/\\\/blogdofarnesio.com.br\\\/wp-content\\\/uploads\\\/2026\\\/03\\\/cropped-logo_new-1.png\",\"width\":881,\"height\":685,\"caption\":\"Blog do Farn\u00e9sio\"},\"image\":{\"@id\":\"https:\\\/\\\/blogdofarnesio.com.br\\\/#\\\/schema\\\/logo\\\/image\\\/\"},\"sameAs\":[\"https:\\\/\\\/www.facebook.com\\\/BlogQuerSaberPolitica\\\/\"]},{\"@type\":\"Person\",\"@id\":\"https:\\\/\\\/blogdofarnesio.com.br\\\/#\\\/schema\\\/person\\\/bb9b23ae3ad0609ce8df7b6c9e76824d\",\"name\":\"Farn\u00e9sio\",\"image\":{\"@type\":\"ImageObject\",\"inLanguage\":\"pt-BR\",\"@id\":\"https:\\\/\\\/secure.gravatar.com\\\/avatar\\\/986aa4c61ccdb66f8555bf88fc2a65609d00bcabd4d2d94377a727547345cbca?s=96&d=mm&r=g\",\"url\":\"https:\\\/\\\/secure.gravatar.com\\\/avatar\\\/986aa4c61ccdb66f8555bf88fc2a65609d00bcabd4d2d94377a727547345cbca?s=96&d=mm&r=g\",\"contentUrl\":\"https:\\\/\\\/secure.gravatar.com\\\/avatar\\\/986aa4c61ccdb66f8555bf88fc2a65609d00bcabd4d2d94377a727547345cbca?s=96&d=mm&r=g\",\"caption\":\"Farn\u00e9sio\"},\"description\":\"Radialista blogueiro, chegou a Petrolina\\\/Juazeiro em setembro de 1980, Farn\u00e9sio Silva \u00e9 de Arapiraca-Alagoas.\",\"sameAs\":[\"http:\\\/\\\/blogdofarnesio.com.br\",\"https:\\\/\\\/www.facebook.com\\\/?ref=tn_tnmn\",\"https:\\\/\\\/www.instagram.com\\\/?utm_source=pwa_homescreen\",\"https:\\\/\\\/youtube.com.br\\\/\"],\"url\":\"https:\\\/\\\/blogdofarnesio.com.br\\\/author\\\/farnesio-2\\\/\"}]}<\/script>\n<!-- \/ Yoast SEO plugin. -->","yoast_head_json":{"title":"Mais uma comunidade do interior de Juazeiro perto de ter \u00e1gua tratada nas torneiras - Blog do Farn\u00e9sio","robots":{"index":"index","follow":"follow","max-snippet":"max-snippet:-1","max-image-preview":"max-image-preview:large","max-video-preview":"max-video-preview:-1"},"canonical":"https:\/\/blogdofarnesio.com.br\/2022\/12\/mais-uma-comunidade-do-interior-de-juazeiro-perto-de-ter-agua-tratada-nas-torneiras\/","og_locale":"pt_BR","og_type":"article","og_title":"Mais uma comunidade do interior de Juazeiro perto de ter \u00e1gua tratada nas torneiras - Blog do Farn\u00e9sio","og_description":"Os moradores da Fazenda Tanque da Boa Hora, em Pinh\u00f5es, no interior de Juazeiro, j\u00e1 est\u00e3o contando os dias para ter, enfim, \u00e1gua tratada nas torneiras. Mais de 60 pessoas ser\u00e3o beneficiadas com a extens\u00e3o da rede de abastecimento, atrav\u00e9s do Servi\u00e7o de \u00c1gua e Saneamento Ambiental (SAAE). Essa era uma reivindica\u00e7\u00e3o antiga dos moradores, que foi abra\u00e7ada pela atual administra\u00e7\u00e3o. Valber Franca, um dos beneficiados, disse estar muito feliz com essa iniciativa. \u201cMinha fam\u00edlia reside aqui h\u00e1 mais de 100 anos e hoje comemora ao ver a t\u00e3o sonhada \u00e1gua encanada que dever\u00e1 chegar em nossa resid\u00eancia. Quero Agradecer primeiramente \u00e0 nossa prefeita Suzana Ramos, por atender nosso pedido\u201d, afirmou Valber.","og_url":"https:\/\/blogdofarnesio.com.br\/2022\/12\/mais-uma-comunidade-do-interior-de-juazeiro-perto-de-ter-agua-tratada-nas-torneiras\/","og_site_name":"Blog do Farn\u00e9sio","article_publisher":"https:\/\/www.facebook.com\/BlogQuerSaberPolitica\/","article_author":"https:\/\/www.facebook.com\/?ref=tn_tnmn","article_published_time":"2022-12-02T12:22:06+00:00","og_image":[{"width":620,"height":413,"url":"https:\/\/blogdofarnesio.com.br\/wp-content\/uploads\/2022\/03\/blgoqspjua-jd-campestre-saae-e1648145507624.jpg","type":"image\/jpeg"}],"author":"Farn\u00e9sio","twitter_card":"summary_large_image","twitter_misc":{"Escrito por":"Farn\u00e9sio","Est. tempo de leitura":"1 minuto"},"schema":{"@context":"https:\/\/schema.org","@graph":[{"@type":"Article","@id":"https:\/\/blogdofarnesio.com.br\/2022\/12\/mais-uma-comunidade-do-interior-de-juazeiro-perto-de-ter-agua-tratada-nas-torneiras\/#article","isPartOf":{"@id":"https:\/\/blogdofarnesio.com.br\/2022\/12\/mais-uma-comunidade-do-interior-de-juazeiro-perto-de-ter-agua-tratada-nas-torneiras\/"},"author":{"name":"Farn\u00e9sio","@id":"https:\/\/blogdofarnesio.com.br\/#\/schema\/person\/bb9b23ae3ad0609ce8df7b6c9e76824d"},"headline":"Mais uma comunidade do interior de Juazeiro perto de ter \u00e1gua tratada nas torneiras","datePublished":"2022-12-02T12:22:06+00:00","mainEntityOfPage":{"@id":"https:\/\/blogdofarnesio.com.br\/2022\/12\/mais-uma-comunidade-do-interior-de-juazeiro-perto-de-ter-agua-tratada-nas-torneiras\/"},"wordCount":135,"commentCount":0,"publisher":{"@id":"https:\/\/blogdofarnesio.com.br\/#organization"},"image":{"@id":"https:\/\/blogdofarnesio.com.br\/2022\/12\/mais-uma-comunidade-do-interior-de-juazeiro-perto-de-ter-agua-tratada-nas-torneiras\/#primaryimage"},"thumbnailUrl":"https:\/\/blogdofarnesio.com.br\/wp-content\/uploads\/2022\/03\/blgoqspjua-jd-campestre-saae-e1648145507624.jpg","articleSection":["\u00c1gua"],"inLanguage":"pt-BR","potentialAction":[{"@type":"CommentAction","name":"Comment","target":["https:\/\/blogdofarnesio.com.br\/2022\/12\/mais-uma-comunidade-do-interior-de-juazeiro-perto-de-ter-agua-tratada-nas-torneiras\/#respond"]}]},{"@type":"WebPage","@id":"https:\/\/blogdofarnesio.com.br\/2022\/12\/mais-uma-comunidade-do-interior-de-juazeiro-perto-de-ter-agua-tratada-nas-torneiras\/","url":"https:\/\/blogdofarnesio.com.br\/2022\/12\/mais-uma-comunidade-do-interior-de-juazeiro-perto-de-ter-agua-tratada-nas-torneiras\/","name":"Mais uma comunidade do interior de Juazeiro perto de ter \u00e1gua tratada nas torneiras - Blog do Farn\u00e9sio","isPartOf":{"@id":"https:\/\/blogdofarnesio.com.br\/#website"},"primaryImageOfPage":{"@id":"https:\/\/blogdofarnesio.com.br\/2022\/12\/mais-uma-comunidade-do-interior-de-juazeiro-perto-de-ter-agua-tratada-nas-torneiras\/#primaryimage"},"image":{"@id":"https:\/\/blogdofarnesio.com.br\/2022\/12\/mais-uma-comunidade-do-interior-de-juazeiro-perto-de-ter-agua-tratada-nas-torneiras\/#primaryimage"},"thumbnailUrl":"https:\/\/blogdofarnesio.com.br\/wp-content\/uploads\/2022\/03\/blgoqspjua-jd-campestre-saae-e1648145507624.jpg","datePublished":"2022-12-02T12:22:06+00:00","breadcrumb":{"@id":"https:\/\/blogdofarnesio.com.br\/2022\/12\/mais-uma-comunidade-do-interior-de-juazeiro-perto-de-ter-agua-tratada-nas-torneiras\/#breadcrumb"},"inLanguage":"pt-BR","potentialAction":[{"@type":"ReadAction","target":["https:\/\/blogdofarnesio.com.br\/2022\/12\/mais-uma-comunidade-do-interior-de-juazeiro-perto-de-ter-agua-tratada-nas-torneiras\/"]}]},{"@type":"ImageObject","inLanguage":"pt-BR","@id":"https:\/\/blogdofarnesio.com.br\/2022\/12\/mais-uma-comunidade-do-interior-de-juazeiro-perto-de-ter-agua-tratada-nas-torneiras\/#primaryimage","url":"https:\/\/blogdofarnesio.com.br\/wp-content\/uploads\/2022\/03\/blgoqspjua-jd-campestre-saae-e1648145507624.jpg","contentUrl":"https:\/\/blogdofarnesio.com.br\/wp-content\/uploads\/2022\/03\/blgoqspjua-jd-campestre-saae-e1648145507624.jpg","width":620,"height":413},{"@type":"BreadcrumbList","@id":"https:\/\/blogdofarnesio.com.br\/2022\/12\/mais-uma-comunidade-do-interior-de-juazeiro-perto-de-ter-agua-tratada-nas-torneiras\/#breadcrumb","itemListElement":[{"@type":"ListItem","position":1,"name":"In\u00edcio","item":"https:\/\/blogdofarnesio.com.br\/"},{"@type":"ListItem","position":2,"name":"Mais uma comunidade do interior de Juazeiro perto de ter \u00e1gua tratada nas torneiras"}]},{"@type":"WebSite","@id":"https:\/\/blogdofarnesio.com.br\/#website","url":"https:\/\/blogdofarnesio.com.br\/","name":"Blog do Farn\u00e9sio","description":"Quer Saber Pol\u00edtica?","publisher":{"@id":"https:\/\/blogdofarnesio.com.br\/#organization"},"potentialAction":[{"@type":"SearchAction","target":{"@type":"EntryPoint","urlTemplate":"https:\/\/blogdofarnesio.com.br\/?s={search_term_string}"},"query-input":{"@type":"PropertyValueSpecification","valueRequired":true,"valueName":"search_term_string"}}],"inLanguage":"pt-BR"},{"@type":"Organization","@id":"https:\/\/blogdofarnesio.com.br\/#organization","name":"Blog do Farn\u00e9sio","url":"https:\/\/blogdofarnesio.com.br\/","logo":{"@type":"ImageObject","inLanguage":"pt-BR","@id":"https:\/\/blogdofarnesio.com.br\/#\/schema\/logo\/image\/","url":"https:\/\/blogdofarnesio.com.br\/wp-content\/uploads\/2026\/03\/cropped-logo_new-1.png","contentUrl":"https:\/\/blogdofarnesio.com.br\/wp-content\/uploads\/2026\/03\/cropped-logo_new-1.png","width":881,"height":685,"caption":"Blog do Farn\u00e9sio"},"image":{"@id":"https:\/\/blogdofarnesio.com.br\/#\/schema\/logo\/image\/"},"sameAs":["https:\/\/www.facebook.com\/BlogQuerSaberPolitica\/"]},{"@type":"Person","@id":"https:\/\/blogdofarnesio.com.br\/#\/schema\/person\/bb9b23ae3ad0609ce8df7b6c9e76824d","name":"Farn\u00e9sio","image":{"@type":"ImageObject","inLanguage":"pt-BR","@id":"https:\/\/secure.gravatar.com\/avatar\/986aa4c61ccdb66f8555bf88fc2a65609d00bcabd4d2d94377a727547345cbca?s=96&d=mm&r=g","url":"https:\/\/secure.gravatar.com\/avatar\/986aa4c61ccdb66f8555bf88fc2a65609d00bcabd4d2d94377a727547345cbca?s=96&d=mm&r=g","contentUrl":"https:\/\/secure.gravatar.com\/avatar\/986aa4c61ccdb66f8555bf88fc2a65609d00bcabd4d2d94377a727547345cbca?s=96&d=mm&r=g","caption":"Farn\u00e9sio"},"description":"Radialista blogueiro, chegou a Petrolina\/Juazeiro em setembro de 1980, Farn\u00e9sio Silva \u00e9 de Arapiraca-Alagoas.","sameAs":["http:\/\/blogdofarnesio.com.br","https:\/\/www.facebook.com\/?ref=tn_tnmn","https:\/\/www.instagram.com\/?utm_source=pwa_homescreen","https:\/\/youtube.com.br\/"],"url":"https:\/\/blogdofarnesio.com.br\/author\/farnesio-2\/"}]}},"_links":{"self":[{"href":"https:\/\/blogdofarnesio.com.br\/wp-json\/wp\/v2\/posts\/328465","targetHints":{"allow":["GET"]}}],"collection":[{"href":"https:\/\/blogdofarnesio.com.br\/wp-json\/wp\/v2\/posts"}],"about":[{"href":"https:\/\/blogdofarnesio.com.br\/wp-json\/wp\/v2\/types\/post"}],"author":[{"embeddable":true,"href":"https:\/\/blogdofarnesio.com.br\/wp-json\/wp\/v2\/users\/2"}],"replies":[{"embeddable":true,"href":"https:\/\/blogdofarnesio.com.br\/wp-json\/wp\/v2\/comments?post=328465"}],"version-history":[{"count":0,"href":"https:\/\/blogdofarnesio.com.br\/wp-json\/wp\/v2\/posts\/328465\/revisions"}],"wp:featuredmedia":[{"embeddable":true,"href":"https:\/\/blogdofarnesio.com.br\/wp-json\/wp\/v2\/media\/309418"}],"wp:attachment":[{"href":"https:\/\/blogdofarnesio.com.br\/wp-json\/wp\/v2\/media?parent=328465"}],"wp:term":[{"taxonomy":"category","embeddable":true,"href":"https:\/\/blogdofarnesio.com.br\/wp-json\/wp\/v2\/categories?post=328465"},{"taxonomy":"post_tag","embeddable":true,"href":"https:\/\/blogdofarnesio.com.br\/wp-json\/wp\/v2\/tags?post=328465"}],"curies":[{"name":"wp","href":"https:\/\/api.w.org\/{rel}","templated":true}]}}