{"id":328441,"date":"2022-12-02T07:20:58","date_gmt":"2022-12-02T10:20:58","guid":{"rendered":"https:\/\/blogdofarnesio.com.br\/?p=328441"},"modified":"2022-12-01T17:24:18","modified_gmt":"2022-12-01T20:24:18","slug":"saude-de-juazeiro-chama-atencao-para-campanha-dezembro-vermelho-e-a-importancia-do-diagnostico-precoce-para-hiv","status":"publish","type":"post","link":"https:\/\/blogdofarnesio.com.br\/?p=328441","title":{"rendered":"Sa\u00fade de Juazeiro chama aten\u00e7\u00e3o para campanha &#8216;Dezembro Vermelho&#8217; e a import\u00e2ncia do diagn\u00f3stico precoce para HIV"},"content":{"rendered":"<p dir=\"ltr\">O m\u00eas de dezembro \u00e9 dedicado \u00e0 luta e combate \u00e0 AIDS, doen\u00e7a provocada pelo v\u00edrus da imunodefici\u00eancia humana (HIV). A campanha \u201cDezembro Vermelho\u201d tem o objetivo de conscientizar a popula\u00e7\u00e3o sobre a doen\u00e7a e outras Infec\u00e7\u00f5es Sexualmente Transmiss\u00edveis (IST). Em Juazeiro, a Prefeitura Municipal, atrav\u00e9s da Secretaria de Sa\u00fade (Sesau), tem uma unidade de sa\u00fade dedicada a atender pessoas com infec\u00e7\u00f5es sexualmente transmiss\u00edveis, o CIDHA.<\/p>\n<p dir=\"ltr\">O Centro de Informa\u00e7\u00f5es em Infec\u00e7\u00f5es Sexualmente Transmiss\u00edveis (ISTs), HIV\/AIDS e Hepatites Virais (CIDHA), oferece ao p\u00fablico atendimentos especializados, palestras, distribui\u00e7\u00e3o gratuita de medicamentos e preservativos internos e externos, al\u00e9m de testagem sorol\u00f3gica (HIV, s\u00edfilis e hepatites virais). &#8220;O ano todo desenvolvemos atividades de conscientiza\u00e7\u00e3o e acolhimento junto \u00e0queles que buscam nosso atendimento. Temos profissionais capacitados que integram o servi\u00e7o e se dedicam a levar informa\u00e7\u00e3o de qualidade ao p\u00fablico&#8221;, explicou o gerente do CIDHA, Adeilton Junior.<\/p>\n<p dir=\"ltr\">Quanto ao tratamento, Adeilton refor\u00e7a que &#8220;com um diagn\u00f3stico precoce, mais cedo se inicia o tratamento e o paciente pode ficar indetect\u00e1vel, ou seja, a pessoa que toma o medicamento corretamente, pode n\u00e3o transmitir mais o v\u00edrus do HIV&#8221;.<\/p>\n<p dir=\"ltr\">Dados<\/p>\n<p dir=\"ltr\">Segundo dados epidemiol\u00f3gicos sobre HIV\/AIDS da Secretaria de Sa\u00fade, de 2012 a 2021, foram notificados em Juazeiro 234 novos casos de HIV e 341 de AIDS. Em 2022, at\u00e9 o m\u00eas de novembro, foram confirmados no munic\u00edpio 23 casos de HIV e 28 de AIDS. Dos 51 casos deste ano, 70% foram de pessoas do sexo masculino.<\/p>\n<p dir=\"ltr\">O CIDHA est\u00e1 localizado no Centro de Sa\u00fade III, na Orla, e atende de segunda a sexta (testagem pela manh\u00e3) por demanda espont\u00e2nea. Nas Unidades B\u00e1sicas de Sa\u00fade (UBSs) os testes s\u00e3o realizados de acordo com a rotina de cada UBS.<\/p>\n<p dir=\"ltr\">&#8211;<\/p>\n<p dir=\"ltr\">Texto: Thamires Santos &#8211; Ascom\/Sesau\/PMJ<\/p>\n","protected":false},"excerpt":{"rendered":"<p>O m\u00eas de dezembro \u00e9 dedicado \u00e0 luta e combate \u00e0 AIDS, doen\u00e7a provocada pelo v\u00edrus da imunodefici\u00eancia humana (HIV). A campanha \u201cDezembro Vermelho\u201d tem o objetivo de conscientizar a popula\u00e7\u00e3o sobre a doen\u00e7a e outras Infec\u00e7\u00f5es Sexualmente Transmiss\u00edveis (IST). Em Juazeiro, a Prefeitura Municipal, atrav\u00e9s da Secretaria de Sa\u00fade (Sesau), tem uma unidade de sa\u00fade dedicada a atender pessoas com infec\u00e7\u00f5es sexualmente transmiss\u00edveis, o CIDHA. O Centro de Informa\u00e7\u00f5es em Infec\u00e7\u00f5es Sexualmente Transmiss\u00edveis (ISTs), HIV\/AIDS e Hepatites Virais (CIDHA), oferece ao p\u00fablico atendimentos especializados, palestras, distribui\u00e7\u00e3o gratuita de medicamentos e preservativos internos e externos, al\u00e9m de testagem sorol\u00f3gica (HIV, s\u00edfilis e hepatites virais). &#8220;O ano todo desenvolvemos atividades de conscientiza\u00e7\u00e3o e acolhimento junto \u00e0queles que buscam nosso atendimento. Temos&hellip; <\/p>\n","protected":false},"author":2,"featured_media":328442,"comment_status":"open","ping_status":"open","sticky":false,"template":"","format":"standard","meta":{"_acf_changed":false,"footnotes":""},"categories":[4],"tags":[],"class_list":["post-328441","post","type-post","status-publish","format-standard","has-post-thumbnail","hentry","category-saude"],"acf":[],"yoast_head":"<!-- This site is optimized with the Yoast SEO plugin v27.4 - https:\/\/yoast.com\/product\/yoast-seo-wordpress\/ -->\n<title>Sa\u00fade de Juazeiro chama aten\u00e7\u00e3o para campanha &#039;Dezembro Vermelho&#039; e a import\u00e2ncia do diagn\u00f3stico precoce para HIV - Blog do Farn\u00e9sio<\/title>\n<meta name=\"robots\" content=\"index, follow, max-snippet:-1, max-image-preview:large, max-video-preview:-1\" \/>\n<link rel=\"canonical\" href=\"https:\/\/blogdofarnesio.com.br\/?p=328441\" \/>\n<meta property=\"og:locale\" content=\"pt_BR\" \/>\n<meta property=\"og:type\" content=\"article\" \/>\n<meta property=\"og:title\" content=\"Sa\u00fade de Juazeiro chama aten\u00e7\u00e3o para campanha &#039;Dezembro Vermelho&#039; e a import\u00e2ncia do diagn\u00f3stico precoce para HIV - Blog do Farn\u00e9sio\" \/>\n<meta property=\"og:description\" content=\"O m\u00eas de dezembro \u00e9 dedicado \u00e0 luta e combate \u00e0 AIDS, doen\u00e7a provocada pelo v\u00edrus da imunodefici\u00eancia humana (HIV). A campanha \u201cDezembro Vermelho\u201d tem o objetivo de conscientizar a popula\u00e7\u00e3o sobre a doen\u00e7a e outras Infec\u00e7\u00f5es Sexualmente Transmiss\u00edveis (IST). Em Juazeiro, a Prefeitura Municipal, atrav\u00e9s da Secretaria de Sa\u00fade (Sesau), tem uma unidade de sa\u00fade dedicada a atender pessoas com infec\u00e7\u00f5es sexualmente transmiss\u00edveis, o CIDHA. O Centro de Informa\u00e7\u00f5es em Infec\u00e7\u00f5es Sexualmente Transmiss\u00edveis (ISTs), HIV\/AIDS e Hepatites Virais (CIDHA), oferece ao p\u00fablico atendimentos especializados, palestras, distribui\u00e7\u00e3o gratuita de medicamentos e preservativos internos e externos, al\u00e9m de testagem sorol\u00f3gica (HIV, s\u00edfilis e hepatites virais). &#8220;O ano todo desenvolvemos atividades de conscientiza\u00e7\u00e3o e acolhimento junto \u00e0queles que buscam nosso atendimento. Temos&hellip;\" \/>\n<meta property=\"og:url\" content=\"https:\/\/blogdofarnesio.com.br\/?p=328441\" \/>\n<meta property=\"og:site_name\" content=\"Blog do Farn\u00e9sio\" \/>\n<meta property=\"article:publisher\" content=\"https:\/\/www.facebook.com\/BlogQuerSaberPolitica\/\" \/>\n<meta property=\"article:author\" content=\"https:\/\/www.facebook.com\/?ref=tn_tnmn\" \/>\n<meta property=\"article:published_time\" content=\"2022-12-02T10:20:58+00:00\" \/>\n<meta property=\"og:image\" content=\"https:\/\/blogdofarnesio.com.br\/wp-content\/uploads\/2022\/12\/Dezembro-Vermelho-e1669918217882.jpeg\" \/>\n\t<meta property=\"og:image:width\" content=\"680\" \/>\n\t<meta property=\"og:image:height\" content=\"518\" \/>\n\t<meta property=\"og:image:type\" content=\"image\/jpeg\" \/>\n<meta name=\"author\" content=\"Farn\u00e9sio\" \/>\n<meta name=\"twitter:card\" content=\"summary_large_image\" \/>\n<meta name=\"twitter:label1\" content=\"Escrito por\" \/>\n\t<meta name=\"twitter:data1\" content=\"Farn\u00e9sio\" \/>\n\t<meta name=\"twitter:label2\" content=\"Est. tempo de leitura\" \/>\n\t<meta name=\"twitter:data2\" content=\"2 minutos\" \/>\n<script type=\"application\/ld+json\" class=\"yoast-schema-graph\">{\"@context\":\"https:\\\/\\\/schema.org\",\"@graph\":[{\"@type\":\"Article\",\"@id\":\"https:\\\/\\\/blogdofarnesio.com.br\\\/?p=328441#article\",\"isPartOf\":{\"@id\":\"https:\\\/\\\/blogdofarnesio.com.br\\\/?p=328441\"},\"author\":{\"name\":\"Farn\u00e9sio\",\"@id\":\"https:\\\/\\\/blogdofarnesio.com.br\\\/#\\\/schema\\\/person\\\/bb9b23ae3ad0609ce8df7b6c9e76824d\"},\"headline\":\"Sa\u00fade de Juazeiro chama aten\u00e7\u00e3o para campanha &#8216;Dezembro Vermelho&#8217; e a import\u00e2ncia do diagn\u00f3stico precoce para HIV\",\"datePublished\":\"2022-12-02T10:20:58+00:00\",\"mainEntityOfPage\":{\"@id\":\"https:\\\/\\\/blogdofarnesio.com.br\\\/?p=328441\"},\"wordCount\":339,\"commentCount\":0,\"publisher\":{\"@id\":\"https:\\\/\\\/blogdofarnesio.com.br\\\/#organization\"},\"image\":{\"@id\":\"https:\\\/\\\/blogdofarnesio.com.br\\\/?p=328441#primaryimage\"},\"thumbnailUrl\":\"https:\\\/\\\/blogdofarnesio.com.br\\\/wp-content\\\/uploads\\\/2022\\\/12\\\/Dezembro-Vermelho-e1669918217882.jpeg\",\"articleSection\":[\"Sa\u00fade\"],\"inLanguage\":\"pt-BR\",\"potentialAction\":[{\"@type\":\"CommentAction\",\"name\":\"Comment\",\"target\":[\"https:\\\/\\\/blogdofarnesio.com.br\\\/?p=328441#respond\"]}]},{\"@type\":\"WebPage\",\"@id\":\"https:\\\/\\\/blogdofarnesio.com.br\\\/?p=328441\",\"url\":\"https:\\\/\\\/blogdofarnesio.com.br\\\/?p=328441\",\"name\":\"Sa\u00fade de Juazeiro chama aten\u00e7\u00e3o para campanha 'Dezembro Vermelho' e a import\u00e2ncia do diagn\u00f3stico precoce para HIV - Blog do Farn\u00e9sio\",\"isPartOf\":{\"@id\":\"https:\\\/\\\/blogdofarnesio.com.br\\\/#website\"},\"primaryImageOfPage\":{\"@id\":\"https:\\\/\\\/blogdofarnesio.com.br\\\/?p=328441#primaryimage\"},\"image\":{\"@id\":\"https:\\\/\\\/blogdofarnesio.com.br\\\/?p=328441#primaryimage\"},\"thumbnailUrl\":\"https:\\\/\\\/blogdofarnesio.com.br\\\/wp-content\\\/uploads\\\/2022\\\/12\\\/Dezembro-Vermelho-e1669918217882.jpeg\",\"datePublished\":\"2022-12-02T10:20:58+00:00\",\"breadcrumb\":{\"@id\":\"https:\\\/\\\/blogdofarnesio.com.br\\\/?p=328441#breadcrumb\"},\"inLanguage\":\"pt-BR\",\"potentialAction\":[{\"@type\":\"ReadAction\",\"target\":[\"https:\\\/\\\/blogdofarnesio.com.br\\\/?p=328441\"]}]},{\"@type\":\"ImageObject\",\"inLanguage\":\"pt-BR\",\"@id\":\"https:\\\/\\\/blogdofarnesio.com.br\\\/?p=328441#primaryimage\",\"url\":\"https:\\\/\\\/blogdofarnesio.com.br\\\/wp-content\\\/uploads\\\/2022\\\/12\\\/Dezembro-Vermelho-e1669918217882.jpeg\",\"contentUrl\":\"https:\\\/\\\/blogdofarnesio.com.br\\\/wp-content\\\/uploads\\\/2022\\\/12\\\/Dezembro-Vermelho-e1669918217882.jpeg\",\"width\":680,\"height\":518},{\"@type\":\"BreadcrumbList\",\"@id\":\"https:\\\/\\\/blogdofarnesio.com.br\\\/?p=328441#breadcrumb\",\"itemListElement\":[{\"@type\":\"ListItem\",\"position\":1,\"name\":\"In\u00edcio\",\"item\":\"https:\\\/\\\/blogdofarnesio.com.br\\\/\"},{\"@type\":\"ListItem\",\"position\":2,\"name\":\"Sa\u00fade de Juazeiro chama aten\u00e7\u00e3o para campanha &#8216;Dezembro Vermelho&#8217; e a import\u00e2ncia do diagn\u00f3stico precoce para HIV\"}]},{\"@type\":\"WebSite\",\"@id\":\"https:\\\/\\\/blogdofarnesio.com.br\\\/#website\",\"url\":\"https:\\\/\\\/blogdofarnesio.com.br\\\/\",\"name\":\"Blog do Farn\u00e9sio\",\"description\":\"Quer Saber Pol\u00edtica?\",\"publisher\":{\"@id\":\"https:\\\/\\\/blogdofarnesio.com.br\\\/#organization\"},\"potentialAction\":[{\"@type\":\"SearchAction\",\"target\":{\"@type\":\"EntryPoint\",\"urlTemplate\":\"https:\\\/\\\/blogdofarnesio.com.br\\\/?s={search_term_string}\"},\"query-input\":{\"@type\":\"PropertyValueSpecification\",\"valueRequired\":true,\"valueName\":\"search_term_string\"}}],\"inLanguage\":\"pt-BR\"},{\"@type\":\"Organization\",\"@id\":\"https:\\\/\\\/blogdofarnesio.com.br\\\/#organization\",\"name\":\"Blog do Farn\u00e9sio\",\"url\":\"https:\\\/\\\/blogdofarnesio.com.br\\\/\",\"logo\":{\"@type\":\"ImageObject\",\"inLanguage\":\"pt-BR\",\"@id\":\"https:\\\/\\\/blogdofarnesio.com.br\\\/#\\\/schema\\\/logo\\\/image\\\/\",\"url\":\"https:\\\/\\\/blogdofarnesio.com.br\\\/wp-content\\\/uploads\\\/2026\\\/03\\\/cropped-logo_new-1.png\",\"contentUrl\":\"https:\\\/\\\/blogdofarnesio.com.br\\\/wp-content\\\/uploads\\\/2026\\\/03\\\/cropped-logo_new-1.png\",\"width\":881,\"height\":685,\"caption\":\"Blog do Farn\u00e9sio\"},\"image\":{\"@id\":\"https:\\\/\\\/blogdofarnesio.com.br\\\/#\\\/schema\\\/logo\\\/image\\\/\"},\"sameAs\":[\"https:\\\/\\\/www.facebook.com\\\/BlogQuerSaberPolitica\\\/\"]},{\"@type\":\"Person\",\"@id\":\"https:\\\/\\\/blogdofarnesio.com.br\\\/#\\\/schema\\\/person\\\/bb9b23ae3ad0609ce8df7b6c9e76824d\",\"name\":\"Farn\u00e9sio\",\"image\":{\"@type\":\"ImageObject\",\"inLanguage\":\"pt-BR\",\"@id\":\"https:\\\/\\\/secure.gravatar.com\\\/avatar\\\/986aa4c61ccdb66f8555bf88fc2a65609d00bcabd4d2d94377a727547345cbca?s=96&d=mm&r=g\",\"url\":\"https:\\\/\\\/secure.gravatar.com\\\/avatar\\\/986aa4c61ccdb66f8555bf88fc2a65609d00bcabd4d2d94377a727547345cbca?s=96&d=mm&r=g\",\"contentUrl\":\"https:\\\/\\\/secure.gravatar.com\\\/avatar\\\/986aa4c61ccdb66f8555bf88fc2a65609d00bcabd4d2d94377a727547345cbca?s=96&d=mm&r=g\",\"caption\":\"Farn\u00e9sio\"},\"description\":\"Radialista blogueiro, chegou a Petrolina\\\/Juazeiro em setembro de 1980, Farn\u00e9sio Silva \u00e9 de Arapiraca-Alagoas.\",\"sameAs\":[\"http:\\\/\\\/blogdofarnesio.com.br\",\"https:\\\/\\\/www.facebook.com\\\/?ref=tn_tnmn\",\"https:\\\/\\\/www.instagram.com\\\/?utm_source=pwa_homescreen\",\"https:\\\/\\\/youtube.com.br\\\/\"],\"url\":\"https:\\\/\\\/blogdofarnesio.com.br\\\/?author=2\"}]}<\/script>\n<!-- \/ Yoast SEO plugin. -->","yoast_head_json":{"title":"Sa\u00fade de Juazeiro chama aten\u00e7\u00e3o para campanha 'Dezembro Vermelho' e a import\u00e2ncia do diagn\u00f3stico precoce para HIV - Blog do Farn\u00e9sio","robots":{"index":"index","follow":"follow","max-snippet":"max-snippet:-1","max-image-preview":"max-image-preview:large","max-video-preview":"max-video-preview:-1"},"canonical":"https:\/\/blogdofarnesio.com.br\/?p=328441","og_locale":"pt_BR","og_type":"article","og_title":"Sa\u00fade de Juazeiro chama aten\u00e7\u00e3o para campanha 'Dezembro Vermelho' e a import\u00e2ncia do diagn\u00f3stico precoce para HIV - Blog do Farn\u00e9sio","og_description":"O m\u00eas de dezembro \u00e9 dedicado \u00e0 luta e combate \u00e0 AIDS, doen\u00e7a provocada pelo v\u00edrus da imunodefici\u00eancia humana (HIV). A campanha \u201cDezembro Vermelho\u201d tem o objetivo de conscientizar a popula\u00e7\u00e3o sobre a doen\u00e7a e outras Infec\u00e7\u00f5es Sexualmente Transmiss\u00edveis (IST). Em Juazeiro, a Prefeitura Municipal, atrav\u00e9s da Secretaria de Sa\u00fade (Sesau), tem uma unidade de sa\u00fade dedicada a atender pessoas com infec\u00e7\u00f5es sexualmente transmiss\u00edveis, o CIDHA. O Centro de Informa\u00e7\u00f5es em Infec\u00e7\u00f5es Sexualmente Transmiss\u00edveis (ISTs), HIV\/AIDS e Hepatites Virais (CIDHA), oferece ao p\u00fablico atendimentos especializados, palestras, distribui\u00e7\u00e3o gratuita de medicamentos e preservativos internos e externos, al\u00e9m de testagem sorol\u00f3gica (HIV, s\u00edfilis e hepatites virais). &#8220;O ano todo desenvolvemos atividades de conscientiza\u00e7\u00e3o e acolhimento junto \u00e0queles que buscam nosso atendimento. Temos&hellip;","og_url":"https:\/\/blogdofarnesio.com.br\/?p=328441","og_site_name":"Blog do Farn\u00e9sio","article_publisher":"https:\/\/www.facebook.com\/BlogQuerSaberPolitica\/","article_author":"https:\/\/www.facebook.com\/?ref=tn_tnmn","article_published_time":"2022-12-02T10:20:58+00:00","og_image":[{"width":680,"height":518,"url":"https:\/\/blogdofarnesio.com.br\/wp-content\/uploads\/2022\/12\/Dezembro-Vermelho-e1669918217882.jpeg","type":"image\/jpeg"}],"author":"Farn\u00e9sio","twitter_card":"summary_large_image","twitter_misc":{"Escrito por":"Farn\u00e9sio","Est. tempo de leitura":"2 minutos"},"schema":{"@context":"https:\/\/schema.org","@graph":[{"@type":"Article","@id":"https:\/\/blogdofarnesio.com.br\/?p=328441#article","isPartOf":{"@id":"https:\/\/blogdofarnesio.com.br\/?p=328441"},"author":{"name":"Farn\u00e9sio","@id":"https:\/\/blogdofarnesio.com.br\/#\/schema\/person\/bb9b23ae3ad0609ce8df7b6c9e76824d"},"headline":"Sa\u00fade de Juazeiro chama aten\u00e7\u00e3o para campanha &#8216;Dezembro Vermelho&#8217; e a import\u00e2ncia do diagn\u00f3stico precoce para HIV","datePublished":"2022-12-02T10:20:58+00:00","mainEntityOfPage":{"@id":"https:\/\/blogdofarnesio.com.br\/?p=328441"},"wordCount":339,"commentCount":0,"publisher":{"@id":"https:\/\/blogdofarnesio.com.br\/#organization"},"image":{"@id":"https:\/\/blogdofarnesio.com.br\/?p=328441#primaryimage"},"thumbnailUrl":"https:\/\/blogdofarnesio.com.br\/wp-content\/uploads\/2022\/12\/Dezembro-Vermelho-e1669918217882.jpeg","articleSection":["Sa\u00fade"],"inLanguage":"pt-BR","potentialAction":[{"@type":"CommentAction","name":"Comment","target":["https:\/\/blogdofarnesio.com.br\/?p=328441#respond"]}]},{"@type":"WebPage","@id":"https:\/\/blogdofarnesio.com.br\/?p=328441","url":"https:\/\/blogdofarnesio.com.br\/?p=328441","name":"Sa\u00fade de Juazeiro chama aten\u00e7\u00e3o para campanha 'Dezembro Vermelho' e a import\u00e2ncia do diagn\u00f3stico precoce para HIV - Blog do Farn\u00e9sio","isPartOf":{"@id":"https:\/\/blogdofarnesio.com.br\/#website"},"primaryImageOfPage":{"@id":"https:\/\/blogdofarnesio.com.br\/?p=328441#primaryimage"},"image":{"@id":"https:\/\/blogdofarnesio.com.br\/?p=328441#primaryimage"},"thumbnailUrl":"https:\/\/blogdofarnesio.com.br\/wp-content\/uploads\/2022\/12\/Dezembro-Vermelho-e1669918217882.jpeg","datePublished":"2022-12-02T10:20:58+00:00","breadcrumb":{"@id":"https:\/\/blogdofarnesio.com.br\/?p=328441#breadcrumb"},"inLanguage":"pt-BR","potentialAction":[{"@type":"ReadAction","target":["https:\/\/blogdofarnesio.com.br\/?p=328441"]}]},{"@type":"ImageObject","inLanguage":"pt-BR","@id":"https:\/\/blogdofarnesio.com.br\/?p=328441#primaryimage","url":"https:\/\/blogdofarnesio.com.br\/wp-content\/uploads\/2022\/12\/Dezembro-Vermelho-e1669918217882.jpeg","contentUrl":"https:\/\/blogdofarnesio.com.br\/wp-content\/uploads\/2022\/12\/Dezembro-Vermelho-e1669918217882.jpeg","width":680,"height":518},{"@type":"BreadcrumbList","@id":"https:\/\/blogdofarnesio.com.br\/?p=328441#breadcrumb","itemListElement":[{"@type":"ListItem","position":1,"name":"In\u00edcio","item":"https:\/\/blogdofarnesio.com.br\/"},{"@type":"ListItem","position":2,"name":"Sa\u00fade de Juazeiro chama aten\u00e7\u00e3o para campanha &#8216;Dezembro Vermelho&#8217; e a import\u00e2ncia do diagn\u00f3stico precoce para HIV"}]},{"@type":"WebSite","@id":"https:\/\/blogdofarnesio.com.br\/#website","url":"https:\/\/blogdofarnesio.com.br\/","name":"Blog do Farn\u00e9sio","description":"Quer Saber Pol\u00edtica?","publisher":{"@id":"https:\/\/blogdofarnesio.com.br\/#organization"},"potentialAction":[{"@type":"SearchAction","target":{"@type":"EntryPoint","urlTemplate":"https:\/\/blogdofarnesio.com.br\/?s={search_term_string}"},"query-input":{"@type":"PropertyValueSpecification","valueRequired":true,"valueName":"search_term_string"}}],"inLanguage":"pt-BR"},{"@type":"Organization","@id":"https:\/\/blogdofarnesio.com.br\/#organization","name":"Blog do Farn\u00e9sio","url":"https:\/\/blogdofarnesio.com.br\/","logo":{"@type":"ImageObject","inLanguage":"pt-BR","@id":"https:\/\/blogdofarnesio.com.br\/#\/schema\/logo\/image\/","url":"https:\/\/blogdofarnesio.com.br\/wp-content\/uploads\/2026\/03\/cropped-logo_new-1.png","contentUrl":"https:\/\/blogdofarnesio.com.br\/wp-content\/uploads\/2026\/03\/cropped-logo_new-1.png","width":881,"height":685,"caption":"Blog do Farn\u00e9sio"},"image":{"@id":"https:\/\/blogdofarnesio.com.br\/#\/schema\/logo\/image\/"},"sameAs":["https:\/\/www.facebook.com\/BlogQuerSaberPolitica\/"]},{"@type":"Person","@id":"https:\/\/blogdofarnesio.com.br\/#\/schema\/person\/bb9b23ae3ad0609ce8df7b6c9e76824d","name":"Farn\u00e9sio","image":{"@type":"ImageObject","inLanguage":"pt-BR","@id":"https:\/\/secure.gravatar.com\/avatar\/986aa4c61ccdb66f8555bf88fc2a65609d00bcabd4d2d94377a727547345cbca?s=96&d=mm&r=g","url":"https:\/\/secure.gravatar.com\/avatar\/986aa4c61ccdb66f8555bf88fc2a65609d00bcabd4d2d94377a727547345cbca?s=96&d=mm&r=g","contentUrl":"https:\/\/secure.gravatar.com\/avatar\/986aa4c61ccdb66f8555bf88fc2a65609d00bcabd4d2d94377a727547345cbca?s=96&d=mm&r=g","caption":"Farn\u00e9sio"},"description":"Radialista blogueiro, chegou a Petrolina\/Juazeiro em setembro de 1980, Farn\u00e9sio Silva \u00e9 de Arapiraca-Alagoas.","sameAs":["http:\/\/blogdofarnesio.com.br","https:\/\/www.facebook.com\/?ref=tn_tnmn","https:\/\/www.instagram.com\/?utm_source=pwa_homescreen","https:\/\/youtube.com.br\/"],"url":"https:\/\/blogdofarnesio.com.br\/?author=2"}]}},"_links":{"self":[{"href":"https:\/\/blogdofarnesio.com.br\/index.php?rest_route=\/wp\/v2\/posts\/328441","targetHints":{"allow":["GET"]}}],"collection":[{"href":"https:\/\/blogdofarnesio.com.br\/index.php?rest_route=\/wp\/v2\/posts"}],"about":[{"href":"https:\/\/blogdofarnesio.com.br\/index.php?rest_route=\/wp\/v2\/types\/post"}],"author":[{"embeddable":true,"href":"https:\/\/blogdofarnesio.com.br\/index.php?rest_route=\/wp\/v2\/users\/2"}],"replies":[{"embeddable":true,"href":"https:\/\/blogdofarnesio.com.br\/index.php?rest_route=%2Fwp%2Fv2%2Fcomments&post=328441"}],"version-history":[{"count":0,"href":"https:\/\/blogdofarnesio.com.br\/index.php?rest_route=\/wp\/v2\/posts\/328441\/revisions"}],"wp:featuredmedia":[{"embeddable":true,"href":"https:\/\/blogdofarnesio.com.br\/index.php?rest_route=\/wp\/v2\/media\/328442"}],"wp:attachment":[{"href":"https:\/\/blogdofarnesio.com.br\/index.php?rest_route=%2Fwp%2Fv2%2Fmedia&parent=328441"}],"wp:term":[{"taxonomy":"category","embeddable":true,"href":"https:\/\/blogdofarnesio.com.br\/index.php?rest_route=%2Fwp%2Fv2%2Fcategories&post=328441"},{"taxonomy":"post_tag","embeddable":true,"href":"https:\/\/blogdofarnesio.com.br\/index.php?rest_route=%2Fwp%2Fv2%2Ftags&post=328441"}],"curies":[{"name":"wp","href":"https:\/\/api.w.org\/{rel}","templated":true}]}}