{"id":328439,"date":"2022-12-01T16:03:47","date_gmt":"2022-12-01T19:03:47","guid":{"rendered":"https:\/\/blogdofarnesio.com.br\/?p=328439"},"modified":"2022-12-01T15:07:02","modified_gmt":"2022-12-01T18:07:02","slug":"eleicoes-2022-eleitores-tem-ate-esta-quinta-para-justificar-ausencia-no-1o-turno","status":"publish","type":"post","link":"https:\/\/blogdofarnesio.com.br\/?p=328439","title":{"rendered":"Elei\u00e7\u00f5es 2022: eleitores t\u00eam at\u00e9 esta quinta para justificar aus\u00eancia no 1\u00ba turno"},"content":{"rendered":"<div class=\"sc-4cbefdf3-1 JbnaT\"><\/div>\n<div class=\"sc-4cbefdf3-6 eRIpyN\">\n<div class=\"sc-4cbefdf3-7 fZjkKX\">\n<div class=\"imgCredits\">Termina nesta quinta-feira (1\u00ba) o prazo para que a eleitora ou eleitor que deixou de votar no primeiro turno das Elei\u00e7\u00f5es Gerais de 2022 apresente justificativa fundamentada da aus\u00eancia ao juiz eleitoral.<\/div>\n<\/div>\n<div class=\"sc-4cbefdf3-8 kwPBAB\">\n<p>Para justificar, basta fazer o download no celular do\u00a0<a href=\"https:\/\/www.tse.jus.br\/eleitor\/servicos\/aplicativo-e-titulo\/aplicativo-e-titulo\"><strong>aplicativo e-T\u00edtulo<\/strong><\/a>\u00a0e clicar na aba \u201cmais op\u00e7\u00f5es\u201d ou acessar o\u00a0<a href=\"https:\/\/justifica.tse.jus.br\/\"><strong>Sistema Justifica<\/strong><\/a>. Al\u00e9m dessas op\u00e7\u00f5es, a eleitora ou o eleitor ainda pode entregar o\u00a0<a href=\"https:\/\/www.tse.jus.br\/++theme++justica_eleitoral\/pdfjs\/web\/viewer.html?file=https:\/\/www.tse.jus.br\/eleitor\/justificativa-eleitoral\/arquivos\/formulario-de-requerimento-de-justificativa-eleitoral-pos-eleicao-2022\/@@download\/file\/Formulario%20Requerimento%20de%20Justificativa%20Eleitoral_po%CC%81s-eleic%CC%A7a%CC%83o%202022.pdf\"><strong>Requerimento de Justificativa Eleitoral (p\u00f3s-elei\u00e7\u00e3o)<\/strong><\/a>\u00a0em qualquer cart\u00f3rio eleitoral ou envi\u00e1-lo via postal \u00e0 autoridade judici\u00e1ria da zona eleitoral respons\u00e1vel pelo t\u00edtulo.<\/p>\n<p>Cada justificativa \u00e9 v\u00e1lida somente para o turno ao qual a pessoa n\u00e3o tenha comparecido por estar fora do domic\u00edlio eleitoral de origem. Assim, caso tenha deixado de votar no primeiro e no segundo turno da elei\u00e7\u00e3o, ter\u00e1 de justificar a aus\u00eancia a cada um, separadamente, obedecendo aos requisitos e prazos de cada etapa.<\/p>\n<p>De acordo com a Lei n\u00ba 6.091, de 15 de agosto de 1974, artigo 7\u00ba, a penalidade para quem n\u00e3o justificar a aus\u00eancia at\u00e9 60 dias ap\u00f3s a realiza\u00e7\u00e3o da elei\u00e7\u00e3o \u00e9 de multa de 3% a 10% sobre o sal\u00e1rio m\u00ednimo da regi\u00e3o, imposta pelo juiz eleitoral.<\/p>\n<p>&nbsp;<\/p>\n<p>J\u00e1 o prazo para a justificativa de aus\u00eancia no segundo turno das Elei\u00e7\u00f5es 2022 termina em 9 de janeiro de 2023. Para tirar d\u00favidas, as zonas eleitorais podem ser contatadas. Os dados de cada zona podem ser obtidos nos Portais dos Tribunais Regionais Eleitorais ou no Portal do TSE, em consulta a zonas eleitorais.<\/p>\n<\/div>\n<\/div>\n","protected":false},"excerpt":{"rendered":"<p>Termina nesta quinta-feira (1\u00ba) o prazo para que a eleitora ou eleitor que deixou de votar no primeiro turno das Elei\u00e7\u00f5es Gerais de 2022 apresente justificativa fundamentada da aus\u00eancia ao juiz eleitoral. Para justificar, basta fazer o download no celular do\u00a0aplicativo e-T\u00edtulo\u00a0e clicar na aba \u201cmais op\u00e7\u00f5es\u201d ou acessar o\u00a0Sistema Justifica. Al\u00e9m dessas op\u00e7\u00f5es, a eleitora ou o eleitor ainda pode entregar o\u00a0Requerimento de Justificativa Eleitoral (p\u00f3s-elei\u00e7\u00e3o)\u00a0em qualquer cart\u00f3rio eleitoral ou envi\u00e1-lo via postal \u00e0 autoridade judici\u00e1ria da zona eleitoral respons\u00e1vel pelo t\u00edtulo. Cada justificativa \u00e9 v\u00e1lida somente para o turno ao qual a pessoa n\u00e3o tenha comparecido por estar fora do domic\u00edlio eleitoral de origem. Assim, caso tenha deixado de votar no primeiro e no segundo turno da elei\u00e7\u00e3o,&hellip; <\/p>\n","protected":false},"author":2,"featured_media":320900,"comment_status":"open","ping_status":"open","sticky":false,"template":"","format":"standard","meta":{"_acf_changed":false,"footnotes":""},"categories":[34],"tags":[],"class_list":["post-328439","post","type-post","status-publish","format-standard","has-post-thumbnail","hentry","category-eleicoes"],"acf":[],"yoast_head":"<!-- This site is optimized with the Yoast SEO plugin v27.4 - https:\/\/yoast.com\/product\/yoast-seo-wordpress\/ -->\n<title>Elei\u00e7\u00f5es 2022: eleitores t\u00eam at\u00e9 esta quinta para justificar aus\u00eancia no 1\u00ba turno - Blog do Farn\u00e9sio<\/title>\n<meta name=\"robots\" content=\"index, follow, max-snippet:-1, max-image-preview:large, max-video-preview:-1\" \/>\n<link rel=\"canonical\" href=\"https:\/\/blogdofarnesio.com.br\/?p=328439\" \/>\n<meta property=\"og:locale\" content=\"pt_BR\" \/>\n<meta property=\"og:type\" content=\"article\" \/>\n<meta property=\"og:title\" content=\"Elei\u00e7\u00f5es 2022: eleitores t\u00eam at\u00e9 esta quinta para justificar aus\u00eancia no 1\u00ba turno - Blog do Farn\u00e9sio\" \/>\n<meta property=\"og:description\" content=\"Termina nesta quinta-feira (1\u00ba) o prazo para que a eleitora ou eleitor que deixou de votar no primeiro turno das Elei\u00e7\u00f5es Gerais de 2022 apresente justificativa fundamentada da aus\u00eancia ao juiz eleitoral. Para justificar, basta fazer o download no celular do\u00a0aplicativo e-T\u00edtulo\u00a0e clicar na aba \u201cmais op\u00e7\u00f5es\u201d ou acessar o\u00a0Sistema Justifica. Al\u00e9m dessas op\u00e7\u00f5es, a eleitora ou o eleitor ainda pode entregar o\u00a0Requerimento de Justificativa Eleitoral (p\u00f3s-elei\u00e7\u00e3o)\u00a0em qualquer cart\u00f3rio eleitoral ou envi\u00e1-lo via postal \u00e0 autoridade judici\u00e1ria da zona eleitoral respons\u00e1vel pelo t\u00edtulo. Cada justificativa \u00e9 v\u00e1lida somente para o turno ao qual a pessoa n\u00e3o tenha comparecido por estar fora do domic\u00edlio eleitoral de origem. Assim, caso tenha deixado de votar no primeiro e no segundo turno da elei\u00e7\u00e3o,&hellip;\" \/>\n<meta property=\"og:url\" content=\"https:\/\/blogdofarnesio.com.br\/?p=328439\" \/>\n<meta property=\"og:site_name\" content=\"Blog do Farn\u00e9sio\" \/>\n<meta property=\"article:publisher\" content=\"https:\/\/www.facebook.com\/BlogQuerSaberPolitica\/\" \/>\n<meta property=\"article:author\" content=\"https:\/\/www.facebook.com\/?ref=tn_tnmn\" \/>\n<meta property=\"article:published_time\" content=\"2022-12-01T19:03:47+00:00\" \/>\n<meta property=\"og:image\" content=\"https:\/\/blogdofarnesio.com.br\/wp-content\/uploads\/2022\/08\/blogqspEleicao-2022-Confira-a-agenda-do-candidato-para-hoje-e1662328250269.jpg\" \/>\n\t<meta property=\"og:image:width\" content=\"650\" \/>\n\t<meta property=\"og:image:height\" content=\"366\" \/>\n\t<meta property=\"og:image:type\" content=\"image\/jpeg\" \/>\n<meta name=\"author\" content=\"Farn\u00e9sio\" \/>\n<meta name=\"twitter:card\" content=\"summary_large_image\" \/>\n<meta name=\"twitter:label1\" content=\"Escrito por\" \/>\n\t<meta name=\"twitter:data1\" content=\"Farn\u00e9sio\" \/>\n\t<meta name=\"twitter:label2\" content=\"Est. tempo de leitura\" \/>\n\t<meta name=\"twitter:data2\" content=\"2 minutos\" \/>\n<script type=\"application\/ld+json\" class=\"yoast-schema-graph\">{\"@context\":\"https:\\\/\\\/schema.org\",\"@graph\":[{\"@type\":\"Article\",\"@id\":\"https:\\\/\\\/blogdofarnesio.com.br\\\/?p=328439#article\",\"isPartOf\":{\"@id\":\"https:\\\/\\\/blogdofarnesio.com.br\\\/?p=328439\"},\"author\":{\"name\":\"Farn\u00e9sio\",\"@id\":\"https:\\\/\\\/blogdofarnesio.com.br\\\/#\\\/schema\\\/person\\\/bb9b23ae3ad0609ce8df7b6c9e76824d\"},\"headline\":\"Elei\u00e7\u00f5es 2022: eleitores t\u00eam at\u00e9 esta quinta para justificar aus\u00eancia no 1\u00ba turno\",\"datePublished\":\"2022-12-01T19:03:47+00:00\",\"mainEntityOfPage\":{\"@id\":\"https:\\\/\\\/blogdofarnesio.com.br\\\/?p=328439\"},\"wordCount\":273,\"commentCount\":0,\"publisher\":{\"@id\":\"https:\\\/\\\/blogdofarnesio.com.br\\\/#organization\"},\"image\":{\"@id\":\"https:\\\/\\\/blogdofarnesio.com.br\\\/?p=328439#primaryimage\"},\"thumbnailUrl\":\"https:\\\/\\\/blogdofarnesio.com.br\\\/wp-content\\\/uploads\\\/2022\\\/08\\\/blogqspEleicao-2022-Confira-a-agenda-do-candidato-para-hoje-e1662328250269.jpg\",\"articleSection\":[\"Elei\u00e7\u00f5es\"],\"inLanguage\":\"pt-BR\",\"potentialAction\":[{\"@type\":\"CommentAction\",\"name\":\"Comment\",\"target\":[\"https:\\\/\\\/blogdofarnesio.com.br\\\/?p=328439#respond\"]}]},{\"@type\":\"WebPage\",\"@id\":\"https:\\\/\\\/blogdofarnesio.com.br\\\/?p=328439\",\"url\":\"https:\\\/\\\/blogdofarnesio.com.br\\\/?p=328439\",\"name\":\"Elei\u00e7\u00f5es 2022: eleitores t\u00eam at\u00e9 esta quinta para justificar aus\u00eancia no 1\u00ba turno - Blog do Farn\u00e9sio\",\"isPartOf\":{\"@id\":\"https:\\\/\\\/blogdofarnesio.com.br\\\/#website\"},\"primaryImageOfPage\":{\"@id\":\"https:\\\/\\\/blogdofarnesio.com.br\\\/?p=328439#primaryimage\"},\"image\":{\"@id\":\"https:\\\/\\\/blogdofarnesio.com.br\\\/?p=328439#primaryimage\"},\"thumbnailUrl\":\"https:\\\/\\\/blogdofarnesio.com.br\\\/wp-content\\\/uploads\\\/2022\\\/08\\\/blogqspEleicao-2022-Confira-a-agenda-do-candidato-para-hoje-e1662328250269.jpg\",\"datePublished\":\"2022-12-01T19:03:47+00:00\",\"breadcrumb\":{\"@id\":\"https:\\\/\\\/blogdofarnesio.com.br\\\/?p=328439#breadcrumb\"},\"inLanguage\":\"pt-BR\",\"potentialAction\":[{\"@type\":\"ReadAction\",\"target\":[\"https:\\\/\\\/blogdofarnesio.com.br\\\/?p=328439\"]}]},{\"@type\":\"ImageObject\",\"inLanguage\":\"pt-BR\",\"@id\":\"https:\\\/\\\/blogdofarnesio.com.br\\\/?p=328439#primaryimage\",\"url\":\"https:\\\/\\\/blogdofarnesio.com.br\\\/wp-content\\\/uploads\\\/2022\\\/08\\\/blogqspEleicao-2022-Confira-a-agenda-do-candidato-para-hoje-e1662328250269.jpg\",\"contentUrl\":\"https:\\\/\\\/blogdofarnesio.com.br\\\/wp-content\\\/uploads\\\/2022\\\/08\\\/blogqspEleicao-2022-Confira-a-agenda-do-candidato-para-hoje-e1662328250269.jpg\",\"width\":650,\"height\":366},{\"@type\":\"BreadcrumbList\",\"@id\":\"https:\\\/\\\/blogdofarnesio.com.br\\\/?p=328439#breadcrumb\",\"itemListElement\":[{\"@type\":\"ListItem\",\"position\":1,\"name\":\"In\u00edcio\",\"item\":\"https:\\\/\\\/blogdofarnesio.com.br\\\/\"},{\"@type\":\"ListItem\",\"position\":2,\"name\":\"Elei\u00e7\u00f5es 2022: eleitores t\u00eam at\u00e9 esta quinta para justificar aus\u00eancia no 1\u00ba turno\"}]},{\"@type\":\"WebSite\",\"@id\":\"https:\\\/\\\/blogdofarnesio.com.br\\\/#website\",\"url\":\"https:\\\/\\\/blogdofarnesio.com.br\\\/\",\"name\":\"Blog do Farn\u00e9sio\",\"description\":\"Quer Saber Pol\u00edtica?\",\"publisher\":{\"@id\":\"https:\\\/\\\/blogdofarnesio.com.br\\\/#organization\"},\"potentialAction\":[{\"@type\":\"SearchAction\",\"target\":{\"@type\":\"EntryPoint\",\"urlTemplate\":\"https:\\\/\\\/blogdofarnesio.com.br\\\/?s={search_term_string}\"},\"query-input\":{\"@type\":\"PropertyValueSpecification\",\"valueRequired\":true,\"valueName\":\"search_term_string\"}}],\"inLanguage\":\"pt-BR\"},{\"@type\":\"Organization\",\"@id\":\"https:\\\/\\\/blogdofarnesio.com.br\\\/#organization\",\"name\":\"Blog do Farn\u00e9sio\",\"url\":\"https:\\\/\\\/blogdofarnesio.com.br\\\/\",\"logo\":{\"@type\":\"ImageObject\",\"inLanguage\":\"pt-BR\",\"@id\":\"https:\\\/\\\/blogdofarnesio.com.br\\\/#\\\/schema\\\/logo\\\/image\\\/\",\"url\":\"https:\\\/\\\/blogdofarnesio.com.br\\\/wp-content\\\/uploads\\\/2026\\\/03\\\/cropped-logo_new-1.png\",\"contentUrl\":\"https:\\\/\\\/blogdofarnesio.com.br\\\/wp-content\\\/uploads\\\/2026\\\/03\\\/cropped-logo_new-1.png\",\"width\":881,\"height\":685,\"caption\":\"Blog do Farn\u00e9sio\"},\"image\":{\"@id\":\"https:\\\/\\\/blogdofarnesio.com.br\\\/#\\\/schema\\\/logo\\\/image\\\/\"},\"sameAs\":[\"https:\\\/\\\/www.facebook.com\\\/BlogQuerSaberPolitica\\\/\"]},{\"@type\":\"Person\",\"@id\":\"https:\\\/\\\/blogdofarnesio.com.br\\\/#\\\/schema\\\/person\\\/bb9b23ae3ad0609ce8df7b6c9e76824d\",\"name\":\"Farn\u00e9sio\",\"image\":{\"@type\":\"ImageObject\",\"inLanguage\":\"pt-BR\",\"@id\":\"https:\\\/\\\/secure.gravatar.com\\\/avatar\\\/986aa4c61ccdb66f8555bf88fc2a65609d00bcabd4d2d94377a727547345cbca?s=96&d=mm&r=g\",\"url\":\"https:\\\/\\\/secure.gravatar.com\\\/avatar\\\/986aa4c61ccdb66f8555bf88fc2a65609d00bcabd4d2d94377a727547345cbca?s=96&d=mm&r=g\",\"contentUrl\":\"https:\\\/\\\/secure.gravatar.com\\\/avatar\\\/986aa4c61ccdb66f8555bf88fc2a65609d00bcabd4d2d94377a727547345cbca?s=96&d=mm&r=g\",\"caption\":\"Farn\u00e9sio\"},\"description\":\"Radialista blogueiro, chegou a Petrolina\\\/Juazeiro em setembro de 1980, Farn\u00e9sio Silva \u00e9 de Arapiraca-Alagoas.\",\"sameAs\":[\"http:\\\/\\\/blogdofarnesio.com.br\",\"https:\\\/\\\/www.facebook.com\\\/?ref=tn_tnmn\",\"https:\\\/\\\/www.instagram.com\\\/?utm_source=pwa_homescreen\",\"https:\\\/\\\/youtube.com.br\\\/\"],\"url\":\"https:\\\/\\\/blogdofarnesio.com.br\\\/?author=2\"}]}<\/script>\n<!-- \/ Yoast SEO plugin. -->","yoast_head_json":{"title":"Elei\u00e7\u00f5es 2022: eleitores t\u00eam at\u00e9 esta quinta para justificar aus\u00eancia no 1\u00ba turno - Blog do Farn\u00e9sio","robots":{"index":"index","follow":"follow","max-snippet":"max-snippet:-1","max-image-preview":"max-image-preview:large","max-video-preview":"max-video-preview:-1"},"canonical":"https:\/\/blogdofarnesio.com.br\/?p=328439","og_locale":"pt_BR","og_type":"article","og_title":"Elei\u00e7\u00f5es 2022: eleitores t\u00eam at\u00e9 esta quinta para justificar aus\u00eancia no 1\u00ba turno - Blog do Farn\u00e9sio","og_description":"Termina nesta quinta-feira (1\u00ba) o prazo para que a eleitora ou eleitor que deixou de votar no primeiro turno das Elei\u00e7\u00f5es Gerais de 2022 apresente justificativa fundamentada da aus\u00eancia ao juiz eleitoral. Para justificar, basta fazer o download no celular do\u00a0aplicativo e-T\u00edtulo\u00a0e clicar na aba \u201cmais op\u00e7\u00f5es\u201d ou acessar o\u00a0Sistema Justifica. Al\u00e9m dessas op\u00e7\u00f5es, a eleitora ou o eleitor ainda pode entregar o\u00a0Requerimento de Justificativa Eleitoral (p\u00f3s-elei\u00e7\u00e3o)\u00a0em qualquer cart\u00f3rio eleitoral ou envi\u00e1-lo via postal \u00e0 autoridade judici\u00e1ria da zona eleitoral respons\u00e1vel pelo t\u00edtulo. Cada justificativa \u00e9 v\u00e1lida somente para o turno ao qual a pessoa n\u00e3o tenha comparecido por estar fora do domic\u00edlio eleitoral de origem. Assim, caso tenha deixado de votar no primeiro e no segundo turno da elei\u00e7\u00e3o,&hellip;","og_url":"https:\/\/blogdofarnesio.com.br\/?p=328439","og_site_name":"Blog do Farn\u00e9sio","article_publisher":"https:\/\/www.facebook.com\/BlogQuerSaberPolitica\/","article_author":"https:\/\/www.facebook.com\/?ref=tn_tnmn","article_published_time":"2022-12-01T19:03:47+00:00","og_image":[{"width":650,"height":366,"url":"https:\/\/blogdofarnesio.com.br\/wp-content\/uploads\/2022\/08\/blogqspEleicao-2022-Confira-a-agenda-do-candidato-para-hoje-e1662328250269.jpg","type":"image\/jpeg"}],"author":"Farn\u00e9sio","twitter_card":"summary_large_image","twitter_misc":{"Escrito por":"Farn\u00e9sio","Est. tempo de leitura":"2 minutos"},"schema":{"@context":"https:\/\/schema.org","@graph":[{"@type":"Article","@id":"https:\/\/blogdofarnesio.com.br\/?p=328439#article","isPartOf":{"@id":"https:\/\/blogdofarnesio.com.br\/?p=328439"},"author":{"name":"Farn\u00e9sio","@id":"https:\/\/blogdofarnesio.com.br\/#\/schema\/person\/bb9b23ae3ad0609ce8df7b6c9e76824d"},"headline":"Elei\u00e7\u00f5es 2022: eleitores t\u00eam at\u00e9 esta quinta para justificar aus\u00eancia no 1\u00ba turno","datePublished":"2022-12-01T19:03:47+00:00","mainEntityOfPage":{"@id":"https:\/\/blogdofarnesio.com.br\/?p=328439"},"wordCount":273,"commentCount":0,"publisher":{"@id":"https:\/\/blogdofarnesio.com.br\/#organization"},"image":{"@id":"https:\/\/blogdofarnesio.com.br\/?p=328439#primaryimage"},"thumbnailUrl":"https:\/\/blogdofarnesio.com.br\/wp-content\/uploads\/2022\/08\/blogqspEleicao-2022-Confira-a-agenda-do-candidato-para-hoje-e1662328250269.jpg","articleSection":["Elei\u00e7\u00f5es"],"inLanguage":"pt-BR","potentialAction":[{"@type":"CommentAction","name":"Comment","target":["https:\/\/blogdofarnesio.com.br\/?p=328439#respond"]}]},{"@type":"WebPage","@id":"https:\/\/blogdofarnesio.com.br\/?p=328439","url":"https:\/\/blogdofarnesio.com.br\/?p=328439","name":"Elei\u00e7\u00f5es 2022: eleitores t\u00eam at\u00e9 esta quinta para justificar aus\u00eancia no 1\u00ba turno - Blog do Farn\u00e9sio","isPartOf":{"@id":"https:\/\/blogdofarnesio.com.br\/#website"},"primaryImageOfPage":{"@id":"https:\/\/blogdofarnesio.com.br\/?p=328439#primaryimage"},"image":{"@id":"https:\/\/blogdofarnesio.com.br\/?p=328439#primaryimage"},"thumbnailUrl":"https:\/\/blogdofarnesio.com.br\/wp-content\/uploads\/2022\/08\/blogqspEleicao-2022-Confira-a-agenda-do-candidato-para-hoje-e1662328250269.jpg","datePublished":"2022-12-01T19:03:47+00:00","breadcrumb":{"@id":"https:\/\/blogdofarnesio.com.br\/?p=328439#breadcrumb"},"inLanguage":"pt-BR","potentialAction":[{"@type":"ReadAction","target":["https:\/\/blogdofarnesio.com.br\/?p=328439"]}]},{"@type":"ImageObject","inLanguage":"pt-BR","@id":"https:\/\/blogdofarnesio.com.br\/?p=328439#primaryimage","url":"https:\/\/blogdofarnesio.com.br\/wp-content\/uploads\/2022\/08\/blogqspEleicao-2022-Confira-a-agenda-do-candidato-para-hoje-e1662328250269.jpg","contentUrl":"https:\/\/blogdofarnesio.com.br\/wp-content\/uploads\/2022\/08\/blogqspEleicao-2022-Confira-a-agenda-do-candidato-para-hoje-e1662328250269.jpg","width":650,"height":366},{"@type":"BreadcrumbList","@id":"https:\/\/blogdofarnesio.com.br\/?p=328439#breadcrumb","itemListElement":[{"@type":"ListItem","position":1,"name":"In\u00edcio","item":"https:\/\/blogdofarnesio.com.br\/"},{"@type":"ListItem","position":2,"name":"Elei\u00e7\u00f5es 2022: eleitores t\u00eam at\u00e9 esta quinta para justificar aus\u00eancia no 1\u00ba turno"}]},{"@type":"WebSite","@id":"https:\/\/blogdofarnesio.com.br\/#website","url":"https:\/\/blogdofarnesio.com.br\/","name":"Blog do Farn\u00e9sio","description":"Quer Saber Pol\u00edtica?","publisher":{"@id":"https:\/\/blogdofarnesio.com.br\/#organization"},"potentialAction":[{"@type":"SearchAction","target":{"@type":"EntryPoint","urlTemplate":"https:\/\/blogdofarnesio.com.br\/?s={search_term_string}"},"query-input":{"@type":"PropertyValueSpecification","valueRequired":true,"valueName":"search_term_string"}}],"inLanguage":"pt-BR"},{"@type":"Organization","@id":"https:\/\/blogdofarnesio.com.br\/#organization","name":"Blog do Farn\u00e9sio","url":"https:\/\/blogdofarnesio.com.br\/","logo":{"@type":"ImageObject","inLanguage":"pt-BR","@id":"https:\/\/blogdofarnesio.com.br\/#\/schema\/logo\/image\/","url":"https:\/\/blogdofarnesio.com.br\/wp-content\/uploads\/2026\/03\/cropped-logo_new-1.png","contentUrl":"https:\/\/blogdofarnesio.com.br\/wp-content\/uploads\/2026\/03\/cropped-logo_new-1.png","width":881,"height":685,"caption":"Blog do Farn\u00e9sio"},"image":{"@id":"https:\/\/blogdofarnesio.com.br\/#\/schema\/logo\/image\/"},"sameAs":["https:\/\/www.facebook.com\/BlogQuerSaberPolitica\/"]},{"@type":"Person","@id":"https:\/\/blogdofarnesio.com.br\/#\/schema\/person\/bb9b23ae3ad0609ce8df7b6c9e76824d","name":"Farn\u00e9sio","image":{"@type":"ImageObject","inLanguage":"pt-BR","@id":"https:\/\/secure.gravatar.com\/avatar\/986aa4c61ccdb66f8555bf88fc2a65609d00bcabd4d2d94377a727547345cbca?s=96&d=mm&r=g","url":"https:\/\/secure.gravatar.com\/avatar\/986aa4c61ccdb66f8555bf88fc2a65609d00bcabd4d2d94377a727547345cbca?s=96&d=mm&r=g","contentUrl":"https:\/\/secure.gravatar.com\/avatar\/986aa4c61ccdb66f8555bf88fc2a65609d00bcabd4d2d94377a727547345cbca?s=96&d=mm&r=g","caption":"Farn\u00e9sio"},"description":"Radialista blogueiro, chegou a Petrolina\/Juazeiro em setembro de 1980, Farn\u00e9sio Silva \u00e9 de Arapiraca-Alagoas.","sameAs":["http:\/\/blogdofarnesio.com.br","https:\/\/www.facebook.com\/?ref=tn_tnmn","https:\/\/www.instagram.com\/?utm_source=pwa_homescreen","https:\/\/youtube.com.br\/"],"url":"https:\/\/blogdofarnesio.com.br\/?author=2"}]}},"_links":{"self":[{"href":"https:\/\/blogdofarnesio.com.br\/index.php?rest_route=\/wp\/v2\/posts\/328439","targetHints":{"allow":["GET"]}}],"collection":[{"href":"https:\/\/blogdofarnesio.com.br\/index.php?rest_route=\/wp\/v2\/posts"}],"about":[{"href":"https:\/\/blogdofarnesio.com.br\/index.php?rest_route=\/wp\/v2\/types\/post"}],"author":[{"embeddable":true,"href":"https:\/\/blogdofarnesio.com.br\/index.php?rest_route=\/wp\/v2\/users\/2"}],"replies":[{"embeddable":true,"href":"https:\/\/blogdofarnesio.com.br\/index.php?rest_route=%2Fwp%2Fv2%2Fcomments&post=328439"}],"version-history":[{"count":0,"href":"https:\/\/blogdofarnesio.com.br\/index.php?rest_route=\/wp\/v2\/posts\/328439\/revisions"}],"wp:featuredmedia":[{"embeddable":true,"href":"https:\/\/blogdofarnesio.com.br\/index.php?rest_route=\/wp\/v2\/media\/320900"}],"wp:attachment":[{"href":"https:\/\/blogdofarnesio.com.br\/index.php?rest_route=%2Fwp%2Fv2%2Fmedia&parent=328439"}],"wp:term":[{"taxonomy":"category","embeddable":true,"href":"https:\/\/blogdofarnesio.com.br\/index.php?rest_route=%2Fwp%2Fv2%2Fcategories&post=328439"},{"taxonomy":"post_tag","embeddable":true,"href":"https:\/\/blogdofarnesio.com.br\/index.php?rest_route=%2Fwp%2Fv2%2Ftags&post=328439"}],"curies":[{"name":"wp","href":"https:\/\/api.w.org\/{rel}","templated":true}]}}