{"id":328296,"date":"2022-12-01T16:44:21","date_gmt":"2022-12-01T19:44:21","guid":{"rendered":"https:\/\/blogdofarnesio.com.br\/?p=328296"},"modified":"2022-12-01T14:51:47","modified_gmt":"2022-12-01T17:51:47","slug":"petrolina-reforca-combate-em-locais-que-proliferam-o-mosquito-da-dengue-pela-cidade","status":"publish","type":"post","link":"https:\/\/blogdofarnesio.com.br\/?p=328296","title":{"rendered":"Petrolina refor\u00e7a combate em locais que proliferam o mosquito da Dengue pela cidade"},"content":{"rendered":"<p style=\"font-weight: 400;\">A Secretaria de Sa\u00fade ampliou as a\u00e7\u00f5es no combate ao mosquito Aedes aegypti na cidade. Entre as estrat\u00e9gias, pode-se destacar a visita dos Agentes de Endemias e aplica\u00e7\u00e3o de larvicidas nas resid\u00eancias. Esse tipo de atividade tem o objetivo de incentivar os cuidados em bairros que apresentaram maior incid\u00eancia de casos apontados no \u00faltimo Levantamento de \u00cdndice R\u00e1pido do Aedes aegypti (LIRAa). Durante o \u00faltimo final de semana, os agentes foram em algumas localidades como: Dom Avelar, Jos\u00e9 e Maria, Loteamento Recife e Residencial Jardim S\u00e3o Paulo.<\/p>\n<p style=\"font-weight: 400;\">O mosquito Aedes Aegypti \u00e9 o transmissor da dengue, zika, chikungunya e as atua\u00e7\u00f5es das equipes de sa\u00fade\u00a0 visam a\u00a0 conscientiza\u00e7\u00e3o das pessoas para locais que possam acumular \u00e1gua parada, estes podem ser poss\u00edveis criadouros para o mosquito. Ao todo, mais de 40 Agentes de Combate \u00e0s Endemias (ACE\u2019s) visitaram os domic\u00edlios e passaram orienta\u00e7\u00f5es para os moradores, al\u00e9m de realizarem varreduras por terrenos baldios com descartes de entulhos e lixos a c\u00e9u aberto. Nos pontos identificados como poss\u00edveis criadouros para o mosquito, foram aplicados produtos para evitar a prolifera\u00e7\u00e3o do mesmo.<\/p>\n<p style=\"font-weight: 400;\">Para a secret\u00e1ria executiva de Vigil\u00e2ncia em Sa\u00fade, Marlene Leandro, esse trabalho faz parte da rotina do ACE\u2019s. \u201cA orienta\u00e7\u00e3o \u00e0 popula\u00e7\u00e3o \u00e9 feita no porta a porta, verificando quintais e espa\u00e7os que acumulam \u00e1gua. Durante a semana muitas pessoas trabalham e n\u00e3o conseguem receber os agentes. Trabalhar com foco na preven\u00e7\u00e3o \u00e9 uma orienta\u00e7\u00e3o do Prefeito Sim\u00e3o Durando, com isso, estendemos nossas atividades aos finais de semana para abranger um maior n\u00famero de domic\u00edlios, orientando assim as pessoas nas resid\u00eancias sobre os cuidados internos e tamb\u00e9m para n\u00e3o fazerem o descarte de lixo comum em \u00e1reas abertas, a exemplo dos terrenos, que tamb\u00e9m pode servir de criadouro para o Aedes aegypti\u201d, acrescentou.<\/p>\n<p style=\"font-weight: 400;\">_____________<\/p>\n<p style=\"font-weight: 400;\">Texto: D\u00e9bora Sousa \u2013 Assessora de Comunica\u00e7\u00e3o<\/p>\n","protected":false},"excerpt":{"rendered":"<p>A Secretaria de Sa\u00fade ampliou as a\u00e7\u00f5es no combate ao mosquito Aedes aegypti na cidade. Entre as estrat\u00e9gias, pode-se destacar a visita dos Agentes de Endemias e aplica\u00e7\u00e3o de larvicidas nas resid\u00eancias. Esse tipo de atividade tem o objetivo de incentivar os cuidados em bairros que apresentaram maior incid\u00eancia de casos apontados no \u00faltimo Levantamento de \u00cdndice R\u00e1pido do Aedes aegypti (LIRAa). Durante o \u00faltimo final de semana, os agentes foram em algumas localidades como: Dom Avelar, Jos\u00e9 e Maria, Loteamento Recife e Residencial Jardim S\u00e3o Paulo. O mosquito Aedes Aegypti \u00e9 o transmissor da dengue, zika, chikungunya e as atua\u00e7\u00f5es das equipes de sa\u00fade\u00a0 visam a\u00a0 conscientiza\u00e7\u00e3o das pessoas para locais que possam acumular \u00e1gua parada, estes podem ser&hellip; <\/p>\n","protected":false},"author":2,"featured_media":279216,"comment_status":"open","ping_status":"open","sticky":false,"template":"","format":"standard","meta":{"_acf_changed":false,"footnotes":""},"categories":[4],"tags":[],"class_list":["post-328296","post","type-post","status-publish","format-standard","has-post-thumbnail","hentry","category-saude"],"acf":[],"yoast_head":"<!-- This site is optimized with the Yoast SEO plugin v27.4 - https:\/\/yoast.com\/product\/yoast-seo-wordpress\/ -->\n<title>Petrolina refor\u00e7a combate em locais que proliferam o mosquito da Dengue pela cidade - Blog do Farn\u00e9sio<\/title>\n<meta name=\"robots\" content=\"index, follow, max-snippet:-1, max-image-preview:large, max-video-preview:-1\" \/>\n<link rel=\"canonical\" href=\"https:\/\/blogdofarnesio.com.br\/?p=328296\" \/>\n<meta property=\"og:locale\" content=\"pt_BR\" \/>\n<meta property=\"og:type\" content=\"article\" \/>\n<meta property=\"og:title\" content=\"Petrolina refor\u00e7a combate em locais que proliferam o mosquito da Dengue pela cidade - Blog do Farn\u00e9sio\" \/>\n<meta property=\"og:description\" content=\"A Secretaria de Sa\u00fade ampliou as a\u00e7\u00f5es no combate ao mosquito Aedes aegypti na cidade. Entre as estrat\u00e9gias, pode-se destacar a visita dos Agentes de Endemias e aplica\u00e7\u00e3o de larvicidas nas resid\u00eancias. Esse tipo de atividade tem o objetivo de incentivar os cuidados em bairros que apresentaram maior incid\u00eancia de casos apontados no \u00faltimo Levantamento de \u00cdndice R\u00e1pido do Aedes aegypti (LIRAa). Durante o \u00faltimo final de semana, os agentes foram em algumas localidades como: Dom Avelar, Jos\u00e9 e Maria, Loteamento Recife e Residencial Jardim S\u00e3o Paulo. O mosquito Aedes Aegypti \u00e9 o transmissor da dengue, zika, chikungunya e as atua\u00e7\u00f5es das equipes de sa\u00fade\u00a0 visam a\u00a0 conscientiza\u00e7\u00e3o das pessoas para locais que possam acumular \u00e1gua parada, estes podem ser&hellip;\" \/>\n<meta property=\"og:url\" content=\"https:\/\/blogdofarnesio.com.br\/?p=328296\" \/>\n<meta property=\"og:site_name\" content=\"Blog do Farn\u00e9sio\" \/>\n<meta property=\"article:publisher\" content=\"https:\/\/www.facebook.com\/BlogQuerSaberPolitica\/\" \/>\n<meta property=\"article:author\" content=\"https:\/\/www.facebook.com\/?ref=tn_tnmn\" \/>\n<meta property=\"article:published_time\" content=\"2022-12-01T19:44:21+00:00\" \/>\n<meta property=\"og:image\" content=\"https:\/\/blogdofarnesio.com.br\/wp-content\/uploads\/2021\/02\/blogqspdengue-e1613687323647.jpeg\" \/>\n\t<meta property=\"og:image:width\" content=\"680\" \/>\n\t<meta property=\"og:image:height\" content=\"510\" \/>\n\t<meta property=\"og:image:type\" content=\"image\/jpeg\" \/>\n<meta name=\"author\" content=\"Farn\u00e9sio\" \/>\n<meta name=\"twitter:card\" content=\"summary_large_image\" \/>\n<meta name=\"twitter:label1\" content=\"Escrito por\" \/>\n\t<meta name=\"twitter:data1\" content=\"Farn\u00e9sio\" \/>\n\t<meta name=\"twitter:label2\" content=\"Est. tempo de leitura\" \/>\n\t<meta name=\"twitter:data2\" content=\"2 minutos\" \/>\n<script type=\"application\/ld+json\" class=\"yoast-schema-graph\">{\"@context\":\"https:\\\/\\\/schema.org\",\"@graph\":[{\"@type\":\"Article\",\"@id\":\"https:\\\/\\\/blogdofarnesio.com.br\\\/?p=328296#article\",\"isPartOf\":{\"@id\":\"https:\\\/\\\/blogdofarnesio.com.br\\\/?p=328296\"},\"author\":{\"name\":\"Farn\u00e9sio\",\"@id\":\"https:\\\/\\\/blogdofarnesio.com.br\\\/#\\\/schema\\\/person\\\/bb9b23ae3ad0609ce8df7b6c9e76824d\"},\"headline\":\"Petrolina refor\u00e7a combate em locais que proliferam o mosquito da Dengue pela cidade\",\"datePublished\":\"2022-12-01T19:44:21+00:00\",\"mainEntityOfPage\":{\"@id\":\"https:\\\/\\\/blogdofarnesio.com.br\\\/?p=328296\"},\"wordCount\":345,\"commentCount\":0,\"publisher\":{\"@id\":\"https:\\\/\\\/blogdofarnesio.com.br\\\/#organization\"},\"image\":{\"@id\":\"https:\\\/\\\/blogdofarnesio.com.br\\\/?p=328296#primaryimage\"},\"thumbnailUrl\":\"https:\\\/\\\/blogdofarnesio.com.br\\\/wp-content\\\/uploads\\\/2021\\\/02\\\/blogqspdengue-e1613687323647.jpeg\",\"articleSection\":[\"Sa\u00fade\"],\"inLanguage\":\"pt-BR\",\"potentialAction\":[{\"@type\":\"CommentAction\",\"name\":\"Comment\",\"target\":[\"https:\\\/\\\/blogdofarnesio.com.br\\\/?p=328296#respond\"]}]},{\"@type\":\"WebPage\",\"@id\":\"https:\\\/\\\/blogdofarnesio.com.br\\\/?p=328296\",\"url\":\"https:\\\/\\\/blogdofarnesio.com.br\\\/?p=328296\",\"name\":\"Petrolina refor\u00e7a combate em locais que proliferam o mosquito da Dengue pela cidade - Blog do Farn\u00e9sio\",\"isPartOf\":{\"@id\":\"https:\\\/\\\/blogdofarnesio.com.br\\\/#website\"},\"primaryImageOfPage\":{\"@id\":\"https:\\\/\\\/blogdofarnesio.com.br\\\/?p=328296#primaryimage\"},\"image\":{\"@id\":\"https:\\\/\\\/blogdofarnesio.com.br\\\/?p=328296#primaryimage\"},\"thumbnailUrl\":\"https:\\\/\\\/blogdofarnesio.com.br\\\/wp-content\\\/uploads\\\/2021\\\/02\\\/blogqspdengue-e1613687323647.jpeg\",\"datePublished\":\"2022-12-01T19:44:21+00:00\",\"breadcrumb\":{\"@id\":\"https:\\\/\\\/blogdofarnesio.com.br\\\/?p=328296#breadcrumb\"},\"inLanguage\":\"pt-BR\",\"potentialAction\":[{\"@type\":\"ReadAction\",\"target\":[\"https:\\\/\\\/blogdofarnesio.com.br\\\/?p=328296\"]}]},{\"@type\":\"ImageObject\",\"inLanguage\":\"pt-BR\",\"@id\":\"https:\\\/\\\/blogdofarnesio.com.br\\\/?p=328296#primaryimage\",\"url\":\"https:\\\/\\\/blogdofarnesio.com.br\\\/wp-content\\\/uploads\\\/2021\\\/02\\\/blogqspdengue-e1613687323647.jpeg\",\"contentUrl\":\"https:\\\/\\\/blogdofarnesio.com.br\\\/wp-content\\\/uploads\\\/2021\\\/02\\\/blogqspdengue-e1613687323647.jpeg\",\"width\":680,\"height\":510},{\"@type\":\"BreadcrumbList\",\"@id\":\"https:\\\/\\\/blogdofarnesio.com.br\\\/?p=328296#breadcrumb\",\"itemListElement\":[{\"@type\":\"ListItem\",\"position\":1,\"name\":\"In\u00edcio\",\"item\":\"https:\\\/\\\/blogdofarnesio.com.br\\\/\"},{\"@type\":\"ListItem\",\"position\":2,\"name\":\"Petrolina refor\u00e7a combate em locais que proliferam o mosquito da Dengue pela cidade\"}]},{\"@type\":\"WebSite\",\"@id\":\"https:\\\/\\\/blogdofarnesio.com.br\\\/#website\",\"url\":\"https:\\\/\\\/blogdofarnesio.com.br\\\/\",\"name\":\"Blog do Farn\u00e9sio\",\"description\":\"Quer Saber Pol\u00edtica?\",\"publisher\":{\"@id\":\"https:\\\/\\\/blogdofarnesio.com.br\\\/#organization\"},\"potentialAction\":[{\"@type\":\"SearchAction\",\"target\":{\"@type\":\"EntryPoint\",\"urlTemplate\":\"https:\\\/\\\/blogdofarnesio.com.br\\\/?s={search_term_string}\"},\"query-input\":{\"@type\":\"PropertyValueSpecification\",\"valueRequired\":true,\"valueName\":\"search_term_string\"}}],\"inLanguage\":\"pt-BR\"},{\"@type\":\"Organization\",\"@id\":\"https:\\\/\\\/blogdofarnesio.com.br\\\/#organization\",\"name\":\"Blog do Farn\u00e9sio\",\"url\":\"https:\\\/\\\/blogdofarnesio.com.br\\\/\",\"logo\":{\"@type\":\"ImageObject\",\"inLanguage\":\"pt-BR\",\"@id\":\"https:\\\/\\\/blogdofarnesio.com.br\\\/#\\\/schema\\\/logo\\\/image\\\/\",\"url\":\"https:\\\/\\\/blogdofarnesio.com.br\\\/wp-content\\\/uploads\\\/2026\\\/03\\\/cropped-logo_new-1.png\",\"contentUrl\":\"https:\\\/\\\/blogdofarnesio.com.br\\\/wp-content\\\/uploads\\\/2026\\\/03\\\/cropped-logo_new-1.png\",\"width\":881,\"height\":685,\"caption\":\"Blog do Farn\u00e9sio\"},\"image\":{\"@id\":\"https:\\\/\\\/blogdofarnesio.com.br\\\/#\\\/schema\\\/logo\\\/image\\\/\"},\"sameAs\":[\"https:\\\/\\\/www.facebook.com\\\/BlogQuerSaberPolitica\\\/\"]},{\"@type\":\"Person\",\"@id\":\"https:\\\/\\\/blogdofarnesio.com.br\\\/#\\\/schema\\\/person\\\/bb9b23ae3ad0609ce8df7b6c9e76824d\",\"name\":\"Farn\u00e9sio\",\"image\":{\"@type\":\"ImageObject\",\"inLanguage\":\"pt-BR\",\"@id\":\"https:\\\/\\\/secure.gravatar.com\\\/avatar\\\/986aa4c61ccdb66f8555bf88fc2a65609d00bcabd4d2d94377a727547345cbca?s=96&d=mm&r=g\",\"url\":\"https:\\\/\\\/secure.gravatar.com\\\/avatar\\\/986aa4c61ccdb66f8555bf88fc2a65609d00bcabd4d2d94377a727547345cbca?s=96&d=mm&r=g\",\"contentUrl\":\"https:\\\/\\\/secure.gravatar.com\\\/avatar\\\/986aa4c61ccdb66f8555bf88fc2a65609d00bcabd4d2d94377a727547345cbca?s=96&d=mm&r=g\",\"caption\":\"Farn\u00e9sio\"},\"description\":\"Radialista blogueiro, chegou a Petrolina\\\/Juazeiro em setembro de 1980, Farn\u00e9sio Silva \u00e9 de Arapiraca-Alagoas.\",\"sameAs\":[\"http:\\\/\\\/blogdofarnesio.com.br\",\"https:\\\/\\\/www.facebook.com\\\/?ref=tn_tnmn\",\"https:\\\/\\\/www.instagram.com\\\/?utm_source=pwa_homescreen\",\"https:\\\/\\\/youtube.com.br\\\/\"],\"url\":\"https:\\\/\\\/blogdofarnesio.com.br\\\/?author=2\"}]}<\/script>\n<!-- \/ Yoast SEO plugin. -->","yoast_head_json":{"title":"Petrolina refor\u00e7a combate em locais que proliferam o mosquito da Dengue pela cidade - Blog do Farn\u00e9sio","robots":{"index":"index","follow":"follow","max-snippet":"max-snippet:-1","max-image-preview":"max-image-preview:large","max-video-preview":"max-video-preview:-1"},"canonical":"https:\/\/blogdofarnesio.com.br\/?p=328296","og_locale":"pt_BR","og_type":"article","og_title":"Petrolina refor\u00e7a combate em locais que proliferam o mosquito da Dengue pela cidade - Blog do Farn\u00e9sio","og_description":"A Secretaria de Sa\u00fade ampliou as a\u00e7\u00f5es no combate ao mosquito Aedes aegypti na cidade. Entre as estrat\u00e9gias, pode-se destacar a visita dos Agentes de Endemias e aplica\u00e7\u00e3o de larvicidas nas resid\u00eancias. Esse tipo de atividade tem o objetivo de incentivar os cuidados em bairros que apresentaram maior incid\u00eancia de casos apontados no \u00faltimo Levantamento de \u00cdndice R\u00e1pido do Aedes aegypti (LIRAa). Durante o \u00faltimo final de semana, os agentes foram em algumas localidades como: Dom Avelar, Jos\u00e9 e Maria, Loteamento Recife e Residencial Jardim S\u00e3o Paulo. O mosquito Aedes Aegypti \u00e9 o transmissor da dengue, zika, chikungunya e as atua\u00e7\u00f5es das equipes de sa\u00fade\u00a0 visam a\u00a0 conscientiza\u00e7\u00e3o das pessoas para locais que possam acumular \u00e1gua parada, estes podem ser&hellip;","og_url":"https:\/\/blogdofarnesio.com.br\/?p=328296","og_site_name":"Blog do Farn\u00e9sio","article_publisher":"https:\/\/www.facebook.com\/BlogQuerSaberPolitica\/","article_author":"https:\/\/www.facebook.com\/?ref=tn_tnmn","article_published_time":"2022-12-01T19:44:21+00:00","og_image":[{"width":680,"height":510,"url":"https:\/\/blogdofarnesio.com.br\/wp-content\/uploads\/2021\/02\/blogqspdengue-e1613687323647.jpeg","type":"image\/jpeg"}],"author":"Farn\u00e9sio","twitter_card":"summary_large_image","twitter_misc":{"Escrito por":"Farn\u00e9sio","Est. tempo de leitura":"2 minutos"},"schema":{"@context":"https:\/\/schema.org","@graph":[{"@type":"Article","@id":"https:\/\/blogdofarnesio.com.br\/?p=328296#article","isPartOf":{"@id":"https:\/\/blogdofarnesio.com.br\/?p=328296"},"author":{"name":"Farn\u00e9sio","@id":"https:\/\/blogdofarnesio.com.br\/#\/schema\/person\/bb9b23ae3ad0609ce8df7b6c9e76824d"},"headline":"Petrolina refor\u00e7a combate em locais que proliferam o mosquito da Dengue pela cidade","datePublished":"2022-12-01T19:44:21+00:00","mainEntityOfPage":{"@id":"https:\/\/blogdofarnesio.com.br\/?p=328296"},"wordCount":345,"commentCount":0,"publisher":{"@id":"https:\/\/blogdofarnesio.com.br\/#organization"},"image":{"@id":"https:\/\/blogdofarnesio.com.br\/?p=328296#primaryimage"},"thumbnailUrl":"https:\/\/blogdofarnesio.com.br\/wp-content\/uploads\/2021\/02\/blogqspdengue-e1613687323647.jpeg","articleSection":["Sa\u00fade"],"inLanguage":"pt-BR","potentialAction":[{"@type":"CommentAction","name":"Comment","target":["https:\/\/blogdofarnesio.com.br\/?p=328296#respond"]}]},{"@type":"WebPage","@id":"https:\/\/blogdofarnesio.com.br\/?p=328296","url":"https:\/\/blogdofarnesio.com.br\/?p=328296","name":"Petrolina refor\u00e7a combate em locais que proliferam o mosquito da Dengue pela cidade - Blog do Farn\u00e9sio","isPartOf":{"@id":"https:\/\/blogdofarnesio.com.br\/#website"},"primaryImageOfPage":{"@id":"https:\/\/blogdofarnesio.com.br\/?p=328296#primaryimage"},"image":{"@id":"https:\/\/blogdofarnesio.com.br\/?p=328296#primaryimage"},"thumbnailUrl":"https:\/\/blogdofarnesio.com.br\/wp-content\/uploads\/2021\/02\/blogqspdengue-e1613687323647.jpeg","datePublished":"2022-12-01T19:44:21+00:00","breadcrumb":{"@id":"https:\/\/blogdofarnesio.com.br\/?p=328296#breadcrumb"},"inLanguage":"pt-BR","potentialAction":[{"@type":"ReadAction","target":["https:\/\/blogdofarnesio.com.br\/?p=328296"]}]},{"@type":"ImageObject","inLanguage":"pt-BR","@id":"https:\/\/blogdofarnesio.com.br\/?p=328296#primaryimage","url":"https:\/\/blogdofarnesio.com.br\/wp-content\/uploads\/2021\/02\/blogqspdengue-e1613687323647.jpeg","contentUrl":"https:\/\/blogdofarnesio.com.br\/wp-content\/uploads\/2021\/02\/blogqspdengue-e1613687323647.jpeg","width":680,"height":510},{"@type":"BreadcrumbList","@id":"https:\/\/blogdofarnesio.com.br\/?p=328296#breadcrumb","itemListElement":[{"@type":"ListItem","position":1,"name":"In\u00edcio","item":"https:\/\/blogdofarnesio.com.br\/"},{"@type":"ListItem","position":2,"name":"Petrolina refor\u00e7a combate em locais que proliferam o mosquito da Dengue pela cidade"}]},{"@type":"WebSite","@id":"https:\/\/blogdofarnesio.com.br\/#website","url":"https:\/\/blogdofarnesio.com.br\/","name":"Blog do Farn\u00e9sio","description":"Quer Saber Pol\u00edtica?","publisher":{"@id":"https:\/\/blogdofarnesio.com.br\/#organization"},"potentialAction":[{"@type":"SearchAction","target":{"@type":"EntryPoint","urlTemplate":"https:\/\/blogdofarnesio.com.br\/?s={search_term_string}"},"query-input":{"@type":"PropertyValueSpecification","valueRequired":true,"valueName":"search_term_string"}}],"inLanguage":"pt-BR"},{"@type":"Organization","@id":"https:\/\/blogdofarnesio.com.br\/#organization","name":"Blog do Farn\u00e9sio","url":"https:\/\/blogdofarnesio.com.br\/","logo":{"@type":"ImageObject","inLanguage":"pt-BR","@id":"https:\/\/blogdofarnesio.com.br\/#\/schema\/logo\/image\/","url":"https:\/\/blogdofarnesio.com.br\/wp-content\/uploads\/2026\/03\/cropped-logo_new-1.png","contentUrl":"https:\/\/blogdofarnesio.com.br\/wp-content\/uploads\/2026\/03\/cropped-logo_new-1.png","width":881,"height":685,"caption":"Blog do Farn\u00e9sio"},"image":{"@id":"https:\/\/blogdofarnesio.com.br\/#\/schema\/logo\/image\/"},"sameAs":["https:\/\/www.facebook.com\/BlogQuerSaberPolitica\/"]},{"@type":"Person","@id":"https:\/\/blogdofarnesio.com.br\/#\/schema\/person\/bb9b23ae3ad0609ce8df7b6c9e76824d","name":"Farn\u00e9sio","image":{"@type":"ImageObject","inLanguage":"pt-BR","@id":"https:\/\/secure.gravatar.com\/avatar\/986aa4c61ccdb66f8555bf88fc2a65609d00bcabd4d2d94377a727547345cbca?s=96&d=mm&r=g","url":"https:\/\/secure.gravatar.com\/avatar\/986aa4c61ccdb66f8555bf88fc2a65609d00bcabd4d2d94377a727547345cbca?s=96&d=mm&r=g","contentUrl":"https:\/\/secure.gravatar.com\/avatar\/986aa4c61ccdb66f8555bf88fc2a65609d00bcabd4d2d94377a727547345cbca?s=96&d=mm&r=g","caption":"Farn\u00e9sio"},"description":"Radialista blogueiro, chegou a Petrolina\/Juazeiro em setembro de 1980, Farn\u00e9sio Silva \u00e9 de Arapiraca-Alagoas.","sameAs":["http:\/\/blogdofarnesio.com.br","https:\/\/www.facebook.com\/?ref=tn_tnmn","https:\/\/www.instagram.com\/?utm_source=pwa_homescreen","https:\/\/youtube.com.br\/"],"url":"https:\/\/blogdofarnesio.com.br\/?author=2"}]}},"_links":{"self":[{"href":"https:\/\/blogdofarnesio.com.br\/index.php?rest_route=\/wp\/v2\/posts\/328296","targetHints":{"allow":["GET"]}}],"collection":[{"href":"https:\/\/blogdofarnesio.com.br\/index.php?rest_route=\/wp\/v2\/posts"}],"about":[{"href":"https:\/\/blogdofarnesio.com.br\/index.php?rest_route=\/wp\/v2\/types\/post"}],"author":[{"embeddable":true,"href":"https:\/\/blogdofarnesio.com.br\/index.php?rest_route=\/wp\/v2\/users\/2"}],"replies":[{"embeddable":true,"href":"https:\/\/blogdofarnesio.com.br\/index.php?rest_route=%2Fwp%2Fv2%2Fcomments&post=328296"}],"version-history":[{"count":0,"href":"https:\/\/blogdofarnesio.com.br\/index.php?rest_route=\/wp\/v2\/posts\/328296\/revisions"}],"wp:featuredmedia":[{"embeddable":true,"href":"https:\/\/blogdofarnesio.com.br\/index.php?rest_route=\/wp\/v2\/media\/279216"}],"wp:attachment":[{"href":"https:\/\/blogdofarnesio.com.br\/index.php?rest_route=%2Fwp%2Fv2%2Fmedia&parent=328296"}],"wp:term":[{"taxonomy":"category","embeddable":true,"href":"https:\/\/blogdofarnesio.com.br\/index.php?rest_route=%2Fwp%2Fv2%2Fcategories&post=328296"},{"taxonomy":"post_tag","embeddable":true,"href":"https:\/\/blogdofarnesio.com.br\/index.php?rest_route=%2Fwp%2Fv2%2Ftags&post=328296"}],"curies":[{"name":"wp","href":"https:\/\/api.w.org\/{rel}","templated":true}]}}