{"id":328015,"date":"2022-11-25T13:34:32","date_gmt":"2022-11-25T16:34:32","guid":{"rendered":"https:\/\/blogdofarnesio.com.br\/?p=328015"},"modified":"2022-11-25T13:34:32","modified_gmt":"2022-11-25T16:34:32","slug":"atentado-a-duas-escolas-no-espirito-santo-atirador-e-aluno-de-uma-das-escolas-alvo-de-atentado-com-tres-mortos-no-es-diz-pm","status":"publish","type":"post","link":"https:\/\/blogdofarnesio.com.br\/?p=328015","title":{"rendered":"Atentado a duas escolas no Esp\u00edrito Santo: Atirador \u00e9 aluno de uma das escolas alvo de atentado com tr\u00eas mortos no ES, diz PM"},"content":{"rendered":"<div class=\"row content-head featured \">\n<div class=\"title\"><\/div>\n<div class=\"medium-centered subtitle\">\n<h2 class=\"content-head__subtitle\">Em \u00e1udio, policial militar divulga informa\u00e7\u00f5es preliminares sobre o que se sabe at\u00e9 agora; adolescente teria fugido de carro ap\u00f3s o crime\u00a0 &#8211;<\/h2>\n<\/div>\n<\/div>\n<div class=\"content__signa-share\">\n<div class=\"content__signature\">\n<div class=\"content-publication-data\">\n<div class=\"content-publication-data__text\">\n<p class=\"content-publication-data__from\" title=\"Bruna Martins\">Por Bruna Martins\/O GLOBO\u00a0 &#8211;<\/p>\n<\/div>\n<\/div>\n<\/div>\n<\/div>\n<div class=\"mc-article-body\">\n<article>\n<div class=\"mc-column content-text active-extra-styles active-capital-letter\" data-block-type=\"unstyled\" data-block-weight=\"104\" data-block-id=\"2\">\n<p class=\"content-text__container theme-color-primary-first-letter\" data-track-category=\"Link no Texto\" data-track-links=\"\">Informa\u00e7\u00f5es preliminares obtidas pela Pol\u00edcia Militar do Esp\u00edrito Santo d\u00e3o conta de que o atirador, que\u00a0<a href=\"https:\/\/oglobo.globo.com\/brasil\/noticia\/2022\/11\/ataques-a-duas-escolas-deixa-mortos-e-feridos-em-aracruz-es.ghtml\">matou tr\u00eas pessoas e feriu pelo menos outras oito<\/a>, na manh\u00e3 desta sexta-feira (25), na cidade de Aracruz (ES), \u00e9 um aluno da Escola Estadual de Ensino Fundamental e M\u00e9dio (EEEFM) Primo Bitti. Ap\u00f3s os ataques, o jovem fugiu em um carro de cor dourada, em dire\u00e7\u00e3o \u00e0 orla, e policiais ainda fazem buscas por ele. Em um \u00e1udio gravado por um policial militar do 5\u00baBPM \u2013 com o teor confirmado pela corpora\u00e7\u00e3o \u2013, ele narra o que se sabe sobre a din\u00e2mica do crime at\u00e9 agora.<\/p>\n<\/div>\n<div class=\"wall protected-content\">\n<div class=\"mc-column content-text active-extra-styles \" data-block-type=\"unstyled\" data-block-weight=\"87\" data-block-id=\"3\">\n<p class=\"content-text__container \" data-track-category=\"Link no Texto\" data-track-links=\"\">\u2013 Tivemos um atentado cometido por um aluno, um adolescente, que estuda no turno da tarde no Col\u00e9gio Bitti. Ele teria entrado na escola, na sala dos professores e tamb\u00e9m em outras salas, com uma pistola e v\u00e1rios carregadores. Atingiu seis pessoas e duas tiveram o \u00f3bito confirmado no local \u2013 conta o capit\u00e3o Alexandre. \u2013 O adolescente, depois, em um ve\u00edculo Renault Duster dourado e com placas tampadas, foi ao outro col\u00e9gio. L\u00e1, ele fez a mesma coisa, e atingiu cinco pessoas. Um \u00f3bito no local.<\/p>\n<\/div>\n<div class=\"mc-column content-text active-extra-styles\" data-block-type=\"raw\" data-block-weight=\"35\" data-block-id=\"4\">\n<ul class=\"content-unordered-list\">\n<li><strong>Desespero:<\/strong>\u00a0<a href=\"https:\/\/oglobo.globo.com\/brasil\/noticia\/2022\/11\/cameras-de-seguranca-flagraram-criancas-desesperadas-saindo-de-escola-atacada-em-aracruz-es.ghtml\">C\u00e2meras de seguran\u00e7a flagraram crian\u00e7as desesperadas saindo de escola atacada em Aracruz (ES)<\/a><\/li>\n<\/ul>\n<\/div>\n<div class=\"mc-column content-text active-extra-styles \" data-block-type=\"unstyled\" data-block-weight=\"44\" data-block-id=\"5\">\n<p class=\"content-text__container \" data-track-category=\"Link no Texto\" data-track-links=\"\">Segundo o militar, em seguida o atirador entrou no carro e fugiu. Ele j\u00e1 teria sido identificado. Uma opera\u00e7\u00e3o foi montada para procura-lo e, ainda de acordo com o agente, homens iriam at\u00e9 a casa da fam\u00edlia do jovem em busca de informa\u00e7\u00f5es.<\/p>\n<\/div>\n<div class=\"mc-column content-text active-extra-styles \" data-block-type=\"unstyled\" data-block-weight=\"39\" data-block-id=\"6\">\n<p class=\"content-text__container \" data-track-category=\"Link no Texto\" data-track-links=\"\">A Secretaria de Seguran\u00e7a P\u00fablica e Defesa Social informou que o titular da pasta, coronel M\u00e1rcio Celante, est\u00e1 a caminho de Aracruz. As pol\u00edcias Civil e Militar, al\u00e9m de o Corpo de Bombeiros, foram acionados para atender a ocorr\u00eancia.<\/p>\n<\/div>\n<div class=\"mc-column content-text active-extra-styles \" data-block-type=\"unstyled\" data-block-weight=\"28\" data-block-id=\"9\">\n<p class=\"content-text__container \" data-track-category=\"Link no Texto\" data-track-links=\"\">Imagens compartilhadas nas redes sociais mostram equipes de sa\u00fade retirando as v\u00edtimas das escolas. Um dos v\u00eddeos mostra um adolescente em uma maca sendo levado para o hospital.<\/p>\n<\/div>\n<div data-track-category=\"multicontent\" data-track-action=\"ultimo chunk conteudo\" data-track-noninteraction=\"false\" data-track-scroll=\"view\">\n<div class=\"mc-column content-text active-extra-styles \" data-block-type=\"unstyled\" data-block-weight=\"60\" data-block-id=\"10\">\n<p class=\"content-text__container \" data-track-category=\"Link no Texto\" data-track-links=\"\">O governador do Esp\u00edrito Santo, Renato Casagrande, usou as redes sociais para lamentar o ataque. &#8220;Com sentimento de pesar e muita tristeza, estou acompanhando de perto a apura\u00e7\u00e3o da invas\u00e3o nas Escolas Primo Bitti e Darwin, em Aracruz. Todas as nossas for\u00e7as de seguran\u00e7a est\u00e3o empenhadas. Determinei o deslocamento dos Sec. de Seguran\u00e7a e Educa\u00e7\u00e3o para acompanhar os trabalhos&#8221;, escreveu.<\/p>\n<\/div>\n<\/div>\n<\/div>\n<\/article>\n<\/div>\n","protected":false},"excerpt":{"rendered":"<p>Em \u00e1udio, policial militar divulga informa\u00e7\u00f5es preliminares sobre o que se sabe at\u00e9 agora; adolescente teria fugido de carro ap\u00f3s o crime\u00a0 &#8211; Por Bruna Martins\/O GLOBO\u00a0 &#8211; Informa\u00e7\u00f5es preliminares obtidas pela Pol\u00edcia Militar do Esp\u00edrito Santo d\u00e3o conta de que o atirador, que\u00a0matou tr\u00eas pessoas e feriu pelo menos outras oito, na manh\u00e3 desta sexta-feira (25), na cidade de Aracruz (ES), \u00e9 um aluno da Escola Estadual de Ensino Fundamental e M\u00e9dio (EEEFM) Primo Bitti. Ap\u00f3s os ataques, o jovem fugiu em um carro de cor dourada, em dire\u00e7\u00e3o \u00e0 orla, e policiais ainda fazem buscas por ele. Em um \u00e1udio gravado por um policial militar do 5\u00baBPM \u2013 com o teor confirmado pela corpora\u00e7\u00e3o \u2013, ele narra o&hellip; <\/p>\n","protected":false},"author":2,"featured_media":328016,"comment_status":"open","ping_status":"open","sticky":false,"template":"","format":"standard","meta":{"_acf_changed":false,"footnotes":""},"categories":[9],"tags":[],"class_list":["post-328015","post","type-post","status-publish","format-standard","has-post-thumbnail","hentry","category-policia"],"acf":[],"yoast_head":"<!-- This site is optimized with the Yoast SEO plugin v27.4 - https:\/\/yoast.com\/product\/yoast-seo-wordpress\/ -->\n<title>Atentado a duas escolas no Esp\u00edrito Santo: Atirador \u00e9 aluno de uma das escolas alvo de atentado com tr\u00eas mortos no ES, diz PM - Blog do Farn\u00e9sio<\/title>\n<meta name=\"robots\" content=\"index, follow, max-snippet:-1, max-image-preview:large, max-video-preview:-1\" \/>\n<link rel=\"canonical\" href=\"https:\/\/blogdofarnesio.com.br\/?p=328015\" \/>\n<meta property=\"og:locale\" content=\"pt_BR\" \/>\n<meta property=\"og:type\" content=\"article\" \/>\n<meta property=\"og:title\" content=\"Atentado a duas escolas no Esp\u00edrito Santo: Atirador \u00e9 aluno de uma das escolas alvo de atentado com tr\u00eas mortos no ES, diz PM - Blog do Farn\u00e9sio\" \/>\n<meta property=\"og:description\" content=\"Em \u00e1udio, policial militar divulga informa\u00e7\u00f5es preliminares sobre o que se sabe at\u00e9 agora; adolescente teria fugido de carro ap\u00f3s o crime\u00a0 &#8211; Por Bruna Martins\/O GLOBO\u00a0 &#8211; Informa\u00e7\u00f5es preliminares obtidas pela Pol\u00edcia Militar do Esp\u00edrito Santo d\u00e3o conta de que o atirador, que\u00a0matou tr\u00eas pessoas e feriu pelo menos outras oito, na manh\u00e3 desta sexta-feira (25), na cidade de Aracruz (ES), \u00e9 um aluno da Escola Estadual de Ensino Fundamental e M\u00e9dio (EEEFM) Primo Bitti. Ap\u00f3s os ataques, o jovem fugiu em um carro de cor dourada, em dire\u00e7\u00e3o \u00e0 orla, e policiais ainda fazem buscas por ele. Em um \u00e1udio gravado por um policial militar do 5\u00baBPM \u2013 com o teor confirmado pela corpora\u00e7\u00e3o \u2013, ele narra o&hellip;\" \/>\n<meta property=\"og:url\" content=\"https:\/\/blogdofarnesio.com.br\/?p=328015\" \/>\n<meta property=\"og:site_name\" content=\"Blog do Farn\u00e9sio\" \/>\n<meta property=\"article:publisher\" content=\"https:\/\/www.facebook.com\/BlogQuerSaberPolitica\/\" \/>\n<meta property=\"article:author\" content=\"https:\/\/www.facebook.com\/?ref=tn_tnmn\" \/>\n<meta property=\"article:published_time\" content=\"2022-11-25T16:34:32+00:00\" \/>\n<meta property=\"og:image\" content=\"https:\/\/blogdofarnesio.com.br\/wp-content\/uploads\/2022\/11\/blogqspatentado-escola-espirito-santo.jpg\" \/>\n\t<meta property=\"og:image:width\" content=\"743\" \/>\n\t<meta property=\"og:image:height\" content=\"414\" \/>\n\t<meta property=\"og:image:type\" content=\"image\/jpeg\" \/>\n<meta name=\"author\" content=\"Farn\u00e9sio\" \/>\n<meta name=\"twitter:card\" content=\"summary_large_image\" \/>\n<meta name=\"twitter:label1\" content=\"Escrito por\" \/>\n\t<meta name=\"twitter:data1\" content=\"Farn\u00e9sio\" \/>\n\t<meta name=\"twitter:label2\" content=\"Est. tempo de leitura\" \/>\n\t<meta name=\"twitter:data2\" content=\"3 minutos\" \/>\n<script type=\"application\/ld+json\" class=\"yoast-schema-graph\">{\"@context\":\"https:\\\/\\\/schema.org\",\"@graph\":[{\"@type\":\"Article\",\"@id\":\"https:\\\/\\\/blogdofarnesio.com.br\\\/?p=328015#article\",\"isPartOf\":{\"@id\":\"https:\\\/\\\/blogdofarnesio.com.br\\\/?p=328015\"},\"author\":{\"name\":\"Farn\u00e9sio\",\"@id\":\"https:\\\/\\\/blogdofarnesio.com.br\\\/#\\\/schema\\\/person\\\/bb9b23ae3ad0609ce8df7b6c9e76824d\"},\"headline\":\"Atentado a duas escolas no Esp\u00edrito Santo: Atirador \u00e9 aluno de uma das escolas alvo de atentado com tr\u00eas mortos no ES, diz PM\",\"datePublished\":\"2022-11-25T16:34:32+00:00\",\"mainEntityOfPage\":{\"@id\":\"https:\\\/\\\/blogdofarnesio.com.br\\\/?p=328015\"},\"wordCount\":461,\"commentCount\":0,\"publisher\":{\"@id\":\"https:\\\/\\\/blogdofarnesio.com.br\\\/#organization\"},\"image\":{\"@id\":\"https:\\\/\\\/blogdofarnesio.com.br\\\/?p=328015#primaryimage\"},\"thumbnailUrl\":\"https:\\\/\\\/blogdofarnesio.com.br\\\/wp-content\\\/uploads\\\/2022\\\/11\\\/blogqspatentado-escola-espirito-santo.jpg\",\"articleSection\":[\"Pol\u00edcia\"],\"inLanguage\":\"pt-BR\",\"potentialAction\":[{\"@type\":\"CommentAction\",\"name\":\"Comment\",\"target\":[\"https:\\\/\\\/blogdofarnesio.com.br\\\/?p=328015#respond\"]}]},{\"@type\":\"WebPage\",\"@id\":\"https:\\\/\\\/blogdofarnesio.com.br\\\/?p=328015\",\"url\":\"https:\\\/\\\/blogdofarnesio.com.br\\\/?p=328015\",\"name\":\"Atentado a duas escolas no Esp\u00edrito Santo: Atirador \u00e9 aluno de uma das escolas alvo de atentado com tr\u00eas mortos no ES, diz PM - Blog do Farn\u00e9sio\",\"isPartOf\":{\"@id\":\"https:\\\/\\\/blogdofarnesio.com.br\\\/#website\"},\"primaryImageOfPage\":{\"@id\":\"https:\\\/\\\/blogdofarnesio.com.br\\\/?p=328015#primaryimage\"},\"image\":{\"@id\":\"https:\\\/\\\/blogdofarnesio.com.br\\\/?p=328015#primaryimage\"},\"thumbnailUrl\":\"https:\\\/\\\/blogdofarnesio.com.br\\\/wp-content\\\/uploads\\\/2022\\\/11\\\/blogqspatentado-escola-espirito-santo.jpg\",\"datePublished\":\"2022-11-25T16:34:32+00:00\",\"breadcrumb\":{\"@id\":\"https:\\\/\\\/blogdofarnesio.com.br\\\/?p=328015#breadcrumb\"},\"inLanguage\":\"pt-BR\",\"potentialAction\":[{\"@type\":\"ReadAction\",\"target\":[\"https:\\\/\\\/blogdofarnesio.com.br\\\/?p=328015\"]}]},{\"@type\":\"ImageObject\",\"inLanguage\":\"pt-BR\",\"@id\":\"https:\\\/\\\/blogdofarnesio.com.br\\\/?p=328015#primaryimage\",\"url\":\"https:\\\/\\\/blogdofarnesio.com.br\\\/wp-content\\\/uploads\\\/2022\\\/11\\\/blogqspatentado-escola-espirito-santo.jpg\",\"contentUrl\":\"https:\\\/\\\/blogdofarnesio.com.br\\\/wp-content\\\/uploads\\\/2022\\\/11\\\/blogqspatentado-escola-espirito-santo.jpg\",\"width\":743,\"height\":414},{\"@type\":\"BreadcrumbList\",\"@id\":\"https:\\\/\\\/blogdofarnesio.com.br\\\/?p=328015#breadcrumb\",\"itemListElement\":[{\"@type\":\"ListItem\",\"position\":1,\"name\":\"In\u00edcio\",\"item\":\"https:\\\/\\\/blogdofarnesio.com.br\\\/\"},{\"@type\":\"ListItem\",\"position\":2,\"name\":\"Atentado a duas escolas no Esp\u00edrito Santo: Atirador \u00e9 aluno de uma das escolas alvo de atentado com tr\u00eas mortos no ES, diz PM\"}]},{\"@type\":\"WebSite\",\"@id\":\"https:\\\/\\\/blogdofarnesio.com.br\\\/#website\",\"url\":\"https:\\\/\\\/blogdofarnesio.com.br\\\/\",\"name\":\"Blog do Farn\u00e9sio\",\"description\":\"Quer Saber Pol\u00edtica?\",\"publisher\":{\"@id\":\"https:\\\/\\\/blogdofarnesio.com.br\\\/#organization\"},\"potentialAction\":[{\"@type\":\"SearchAction\",\"target\":{\"@type\":\"EntryPoint\",\"urlTemplate\":\"https:\\\/\\\/blogdofarnesio.com.br\\\/?s={search_term_string}\"},\"query-input\":{\"@type\":\"PropertyValueSpecification\",\"valueRequired\":true,\"valueName\":\"search_term_string\"}}],\"inLanguage\":\"pt-BR\"},{\"@type\":\"Organization\",\"@id\":\"https:\\\/\\\/blogdofarnesio.com.br\\\/#organization\",\"name\":\"Blog do Farn\u00e9sio\",\"url\":\"https:\\\/\\\/blogdofarnesio.com.br\\\/\",\"logo\":{\"@type\":\"ImageObject\",\"inLanguage\":\"pt-BR\",\"@id\":\"https:\\\/\\\/blogdofarnesio.com.br\\\/#\\\/schema\\\/logo\\\/image\\\/\",\"url\":\"https:\\\/\\\/blogdofarnesio.com.br\\\/wp-content\\\/uploads\\\/2026\\\/03\\\/cropped-logo_new-1.png\",\"contentUrl\":\"https:\\\/\\\/blogdofarnesio.com.br\\\/wp-content\\\/uploads\\\/2026\\\/03\\\/cropped-logo_new-1.png\",\"width\":881,\"height\":685,\"caption\":\"Blog do Farn\u00e9sio\"},\"image\":{\"@id\":\"https:\\\/\\\/blogdofarnesio.com.br\\\/#\\\/schema\\\/logo\\\/image\\\/\"},\"sameAs\":[\"https:\\\/\\\/www.facebook.com\\\/BlogQuerSaberPolitica\\\/\"]},{\"@type\":\"Person\",\"@id\":\"https:\\\/\\\/blogdofarnesio.com.br\\\/#\\\/schema\\\/person\\\/bb9b23ae3ad0609ce8df7b6c9e76824d\",\"name\":\"Farn\u00e9sio\",\"image\":{\"@type\":\"ImageObject\",\"inLanguage\":\"pt-BR\",\"@id\":\"https:\\\/\\\/secure.gravatar.com\\\/avatar\\\/986aa4c61ccdb66f8555bf88fc2a65609d00bcabd4d2d94377a727547345cbca?s=96&d=mm&r=g\",\"url\":\"https:\\\/\\\/secure.gravatar.com\\\/avatar\\\/986aa4c61ccdb66f8555bf88fc2a65609d00bcabd4d2d94377a727547345cbca?s=96&d=mm&r=g\",\"contentUrl\":\"https:\\\/\\\/secure.gravatar.com\\\/avatar\\\/986aa4c61ccdb66f8555bf88fc2a65609d00bcabd4d2d94377a727547345cbca?s=96&d=mm&r=g\",\"caption\":\"Farn\u00e9sio\"},\"description\":\"Radialista blogueiro, chegou a Petrolina\\\/Juazeiro em setembro de 1980, Farn\u00e9sio Silva \u00e9 de Arapiraca-Alagoas.\",\"sameAs\":[\"http:\\\/\\\/blogdofarnesio.com.br\",\"https:\\\/\\\/www.facebook.com\\\/?ref=tn_tnmn\",\"https:\\\/\\\/www.instagram.com\\\/?utm_source=pwa_homescreen\",\"https:\\\/\\\/youtube.com.br\\\/\"],\"url\":\"https:\\\/\\\/blogdofarnesio.com.br\\\/?author=2\"}]}<\/script>\n<!-- \/ Yoast SEO plugin. -->","yoast_head_json":{"title":"Atentado a duas escolas no Esp\u00edrito Santo: Atirador \u00e9 aluno de uma das escolas alvo de atentado com tr\u00eas mortos no ES, diz PM - Blog do Farn\u00e9sio","robots":{"index":"index","follow":"follow","max-snippet":"max-snippet:-1","max-image-preview":"max-image-preview:large","max-video-preview":"max-video-preview:-1"},"canonical":"https:\/\/blogdofarnesio.com.br\/?p=328015","og_locale":"pt_BR","og_type":"article","og_title":"Atentado a duas escolas no Esp\u00edrito Santo: Atirador \u00e9 aluno de uma das escolas alvo de atentado com tr\u00eas mortos no ES, diz PM - Blog do Farn\u00e9sio","og_description":"Em \u00e1udio, policial militar divulga informa\u00e7\u00f5es preliminares sobre o que se sabe at\u00e9 agora; adolescente teria fugido de carro ap\u00f3s o crime\u00a0 &#8211; Por Bruna Martins\/O GLOBO\u00a0 &#8211; Informa\u00e7\u00f5es preliminares obtidas pela Pol\u00edcia Militar do Esp\u00edrito Santo d\u00e3o conta de que o atirador, que\u00a0matou tr\u00eas pessoas e feriu pelo menos outras oito, na manh\u00e3 desta sexta-feira (25), na cidade de Aracruz (ES), \u00e9 um aluno da Escola Estadual de Ensino Fundamental e M\u00e9dio (EEEFM) Primo Bitti. Ap\u00f3s os ataques, o jovem fugiu em um carro de cor dourada, em dire\u00e7\u00e3o \u00e0 orla, e policiais ainda fazem buscas por ele. Em um \u00e1udio gravado por um policial militar do 5\u00baBPM \u2013 com o teor confirmado pela corpora\u00e7\u00e3o \u2013, ele narra o&hellip;","og_url":"https:\/\/blogdofarnesio.com.br\/?p=328015","og_site_name":"Blog do Farn\u00e9sio","article_publisher":"https:\/\/www.facebook.com\/BlogQuerSaberPolitica\/","article_author":"https:\/\/www.facebook.com\/?ref=tn_tnmn","article_published_time":"2022-11-25T16:34:32+00:00","og_image":[{"width":743,"height":414,"url":"https:\/\/blogdofarnesio.com.br\/wp-content\/uploads\/2022\/11\/blogqspatentado-escola-espirito-santo.jpg","type":"image\/jpeg"}],"author":"Farn\u00e9sio","twitter_card":"summary_large_image","twitter_misc":{"Escrito por":"Farn\u00e9sio","Est. tempo de leitura":"3 minutos"},"schema":{"@context":"https:\/\/schema.org","@graph":[{"@type":"Article","@id":"https:\/\/blogdofarnesio.com.br\/?p=328015#article","isPartOf":{"@id":"https:\/\/blogdofarnesio.com.br\/?p=328015"},"author":{"name":"Farn\u00e9sio","@id":"https:\/\/blogdofarnesio.com.br\/#\/schema\/person\/bb9b23ae3ad0609ce8df7b6c9e76824d"},"headline":"Atentado a duas escolas no Esp\u00edrito Santo: Atirador \u00e9 aluno de uma das escolas alvo de atentado com tr\u00eas mortos no ES, diz PM","datePublished":"2022-11-25T16:34:32+00:00","mainEntityOfPage":{"@id":"https:\/\/blogdofarnesio.com.br\/?p=328015"},"wordCount":461,"commentCount":0,"publisher":{"@id":"https:\/\/blogdofarnesio.com.br\/#organization"},"image":{"@id":"https:\/\/blogdofarnesio.com.br\/?p=328015#primaryimage"},"thumbnailUrl":"https:\/\/blogdofarnesio.com.br\/wp-content\/uploads\/2022\/11\/blogqspatentado-escola-espirito-santo.jpg","articleSection":["Pol\u00edcia"],"inLanguage":"pt-BR","potentialAction":[{"@type":"CommentAction","name":"Comment","target":["https:\/\/blogdofarnesio.com.br\/?p=328015#respond"]}]},{"@type":"WebPage","@id":"https:\/\/blogdofarnesio.com.br\/?p=328015","url":"https:\/\/blogdofarnesio.com.br\/?p=328015","name":"Atentado a duas escolas no Esp\u00edrito Santo: Atirador \u00e9 aluno de uma das escolas alvo de atentado com tr\u00eas mortos no ES, diz PM - Blog do Farn\u00e9sio","isPartOf":{"@id":"https:\/\/blogdofarnesio.com.br\/#website"},"primaryImageOfPage":{"@id":"https:\/\/blogdofarnesio.com.br\/?p=328015#primaryimage"},"image":{"@id":"https:\/\/blogdofarnesio.com.br\/?p=328015#primaryimage"},"thumbnailUrl":"https:\/\/blogdofarnesio.com.br\/wp-content\/uploads\/2022\/11\/blogqspatentado-escola-espirito-santo.jpg","datePublished":"2022-11-25T16:34:32+00:00","breadcrumb":{"@id":"https:\/\/blogdofarnesio.com.br\/?p=328015#breadcrumb"},"inLanguage":"pt-BR","potentialAction":[{"@type":"ReadAction","target":["https:\/\/blogdofarnesio.com.br\/?p=328015"]}]},{"@type":"ImageObject","inLanguage":"pt-BR","@id":"https:\/\/blogdofarnesio.com.br\/?p=328015#primaryimage","url":"https:\/\/blogdofarnesio.com.br\/wp-content\/uploads\/2022\/11\/blogqspatentado-escola-espirito-santo.jpg","contentUrl":"https:\/\/blogdofarnesio.com.br\/wp-content\/uploads\/2022\/11\/blogqspatentado-escola-espirito-santo.jpg","width":743,"height":414},{"@type":"BreadcrumbList","@id":"https:\/\/blogdofarnesio.com.br\/?p=328015#breadcrumb","itemListElement":[{"@type":"ListItem","position":1,"name":"In\u00edcio","item":"https:\/\/blogdofarnesio.com.br\/"},{"@type":"ListItem","position":2,"name":"Atentado a duas escolas no Esp\u00edrito Santo: Atirador \u00e9 aluno de uma das escolas alvo de atentado com tr\u00eas mortos no ES, diz PM"}]},{"@type":"WebSite","@id":"https:\/\/blogdofarnesio.com.br\/#website","url":"https:\/\/blogdofarnesio.com.br\/","name":"Blog do Farn\u00e9sio","description":"Quer Saber Pol\u00edtica?","publisher":{"@id":"https:\/\/blogdofarnesio.com.br\/#organization"},"potentialAction":[{"@type":"SearchAction","target":{"@type":"EntryPoint","urlTemplate":"https:\/\/blogdofarnesio.com.br\/?s={search_term_string}"},"query-input":{"@type":"PropertyValueSpecification","valueRequired":true,"valueName":"search_term_string"}}],"inLanguage":"pt-BR"},{"@type":"Organization","@id":"https:\/\/blogdofarnesio.com.br\/#organization","name":"Blog do Farn\u00e9sio","url":"https:\/\/blogdofarnesio.com.br\/","logo":{"@type":"ImageObject","inLanguage":"pt-BR","@id":"https:\/\/blogdofarnesio.com.br\/#\/schema\/logo\/image\/","url":"https:\/\/blogdofarnesio.com.br\/wp-content\/uploads\/2026\/03\/cropped-logo_new-1.png","contentUrl":"https:\/\/blogdofarnesio.com.br\/wp-content\/uploads\/2026\/03\/cropped-logo_new-1.png","width":881,"height":685,"caption":"Blog do Farn\u00e9sio"},"image":{"@id":"https:\/\/blogdofarnesio.com.br\/#\/schema\/logo\/image\/"},"sameAs":["https:\/\/www.facebook.com\/BlogQuerSaberPolitica\/"]},{"@type":"Person","@id":"https:\/\/blogdofarnesio.com.br\/#\/schema\/person\/bb9b23ae3ad0609ce8df7b6c9e76824d","name":"Farn\u00e9sio","image":{"@type":"ImageObject","inLanguage":"pt-BR","@id":"https:\/\/secure.gravatar.com\/avatar\/986aa4c61ccdb66f8555bf88fc2a65609d00bcabd4d2d94377a727547345cbca?s=96&d=mm&r=g","url":"https:\/\/secure.gravatar.com\/avatar\/986aa4c61ccdb66f8555bf88fc2a65609d00bcabd4d2d94377a727547345cbca?s=96&d=mm&r=g","contentUrl":"https:\/\/secure.gravatar.com\/avatar\/986aa4c61ccdb66f8555bf88fc2a65609d00bcabd4d2d94377a727547345cbca?s=96&d=mm&r=g","caption":"Farn\u00e9sio"},"description":"Radialista blogueiro, chegou a Petrolina\/Juazeiro em setembro de 1980, Farn\u00e9sio Silva \u00e9 de Arapiraca-Alagoas.","sameAs":["http:\/\/blogdofarnesio.com.br","https:\/\/www.facebook.com\/?ref=tn_tnmn","https:\/\/www.instagram.com\/?utm_source=pwa_homescreen","https:\/\/youtube.com.br\/"],"url":"https:\/\/blogdofarnesio.com.br\/?author=2"}]}},"_links":{"self":[{"href":"https:\/\/blogdofarnesio.com.br\/index.php?rest_route=\/wp\/v2\/posts\/328015","targetHints":{"allow":["GET"]}}],"collection":[{"href":"https:\/\/blogdofarnesio.com.br\/index.php?rest_route=\/wp\/v2\/posts"}],"about":[{"href":"https:\/\/blogdofarnesio.com.br\/index.php?rest_route=\/wp\/v2\/types\/post"}],"author":[{"embeddable":true,"href":"https:\/\/blogdofarnesio.com.br\/index.php?rest_route=\/wp\/v2\/users\/2"}],"replies":[{"embeddable":true,"href":"https:\/\/blogdofarnesio.com.br\/index.php?rest_route=%2Fwp%2Fv2%2Fcomments&post=328015"}],"version-history":[{"count":0,"href":"https:\/\/blogdofarnesio.com.br\/index.php?rest_route=\/wp\/v2\/posts\/328015\/revisions"}],"wp:featuredmedia":[{"embeddable":true,"href":"https:\/\/blogdofarnesio.com.br\/index.php?rest_route=\/wp\/v2\/media\/328016"}],"wp:attachment":[{"href":"https:\/\/blogdofarnesio.com.br\/index.php?rest_route=%2Fwp%2Fv2%2Fmedia&parent=328015"}],"wp:term":[{"taxonomy":"category","embeddable":true,"href":"https:\/\/blogdofarnesio.com.br\/index.php?rest_route=%2Fwp%2Fv2%2Fcategories&post=328015"},{"taxonomy":"post_tag","embeddable":true,"href":"https:\/\/blogdofarnesio.com.br\/index.php?rest_route=%2Fwp%2Fv2%2Ftags&post=328015"}],"curies":[{"name":"wp","href":"https:\/\/api.w.org\/{rel}","templated":true}]}}