{"id":328004,"date":"2022-11-25T14:42:11","date_gmt":"2022-11-25T17:42:11","guid":{"rendered":"https:\/\/blogdofarnesio.com.br\/?p=328004"},"modified":"2022-11-25T09:27:59","modified_gmt":"2022-11-25T12:27:59","slug":"petrolina-anuncia-mais-uma-edicao-do-natal-luz","status":"publish","type":"post","link":"https:\/\/blogdofarnesio.com.br\/?p=328004","title":{"rendered":"Petrolina anuncia mais uma edi\u00e7\u00e3o do \u201cNatal Luz\u201d"},"content":{"rendered":"<div class=\"entry-content clearfix\">\n<p>A Prefeitura de Petrolina, atrav\u00e9s do prefeito Sim\u00e3o Durando, anunciou mais uma edi\u00e7\u00e3o do projeto \u201cNatal Luz\u201d nessa quinta-feira, 24. Vai ser a segunda vez que a cidade receber\u00e1 uma grande decora\u00e7\u00e3o natalina, al\u00e9m de atra\u00e7\u00f5es culturais, atraindo turistas de diversas cidades. A ornamenta\u00e7\u00e3o j\u00e1 come\u00e7ou em importantes pontos tur\u00edsticos, como as pra\u00e7as Dom Malan e Maria Auxiliadora.<\/p>\n<p>Este ano a ilumina\u00e7\u00e3o especial ser\u00e1 ampliada, incluindo novos locais e equipamentos, sem deixar de fora a\u00e7\u00f5es de sucesso na edi\u00e7\u00e3o 2021, a exemplo da disponibiliza\u00e7\u00e3o de \u00f4nibus para transporte gratuito das pessoas aos locais de eventos. A abertura oficial do \u201cNatal Luz\u201d est\u00e1 programada para o dia 30 de novembro. O projeto segue at\u00e9 o dia 6 de janeiro de 2023.<\/p>\n<p>Para o prefeito Sim\u00e3o Durando, a iniciativa fomenta o turismo e a economia da cidade, fortalecendo o esp\u00edrito natalino, de fraternidade e de f\u00e9. \u201cEste ano estamos ampliando e nossa meta \u00e9 fazer do Natal Luz um dos principais eventos tur\u00edsticos nas pr\u00f3ximas edi\u00e7\u00f5es, proporcionando um ambiente fraterno, mas tamb\u00e9m prop\u00edcio para a gera\u00e7\u00e3o de empregos, oportunidades de neg\u00f3cios para o com\u00e9rcio, trabalhadores informais e todos os segmentos da economia\u201d, salienta.<\/p>\n<\/div>\n","protected":false},"excerpt":{"rendered":"<p>A Prefeitura de Petrolina, atrav\u00e9s do prefeito Sim\u00e3o Durando, anunciou mais uma edi\u00e7\u00e3o do projeto \u201cNatal Luz\u201d nessa quinta-feira, 24. Vai ser a segunda vez que a cidade receber\u00e1 uma grande decora\u00e7\u00e3o natalina, al\u00e9m de atra\u00e7\u00f5es culturais, atraindo turistas de diversas cidades. A ornamenta\u00e7\u00e3o j\u00e1 come\u00e7ou em importantes pontos tur\u00edsticos, como as pra\u00e7as Dom Malan e Maria Auxiliadora. Este ano a ilumina\u00e7\u00e3o especial ser\u00e1 ampliada, incluindo novos locais e equipamentos, sem deixar de fora a\u00e7\u00f5es de sucesso na edi\u00e7\u00e3o 2021, a exemplo da disponibiliza\u00e7\u00e3o de \u00f4nibus para transporte gratuito das pessoas aos locais de eventos. A abertura oficial do \u201cNatal Luz\u201d est\u00e1 programada para o dia 30 de novembro. O projeto segue at\u00e9 o dia 6 de janeiro de 2023.&hellip; <\/p>\n","protected":false},"author":2,"featured_media":328005,"comment_status":"open","ping_status":"open","sticky":false,"template":"","format":"standard","meta":{"_acf_changed":false,"footnotes":""},"categories":[32],"tags":[],"class_list":["post-328004","post","type-post","status-publish","format-standard","has-post-thumbnail","hentry","category-costumes"],"acf":[],"yoast_head":"<!-- This site is optimized with the Yoast SEO plugin v27.4 - https:\/\/yoast.com\/product\/yoast-seo-wordpress\/ -->\n<title>Petrolina anuncia mais uma edi\u00e7\u00e3o do \u201cNatal Luz\u201d - Blog do Farn\u00e9sio<\/title>\n<meta name=\"robots\" content=\"index, follow, max-snippet:-1, max-image-preview:large, max-video-preview:-1\" \/>\n<link rel=\"canonical\" href=\"https:\/\/blogdofarnesio.com.br\/?p=328004\" \/>\n<meta property=\"og:locale\" content=\"pt_BR\" \/>\n<meta property=\"og:type\" content=\"article\" \/>\n<meta property=\"og:title\" content=\"Petrolina anuncia mais uma edi\u00e7\u00e3o do \u201cNatal Luz\u201d - Blog do Farn\u00e9sio\" \/>\n<meta property=\"og:description\" content=\"A Prefeitura de Petrolina, atrav\u00e9s do prefeito Sim\u00e3o Durando, anunciou mais uma edi\u00e7\u00e3o do projeto \u201cNatal Luz\u201d nessa quinta-feira, 24. Vai ser a segunda vez que a cidade receber\u00e1 uma grande decora\u00e7\u00e3o natalina, al\u00e9m de atra\u00e7\u00f5es culturais, atraindo turistas de diversas cidades. A ornamenta\u00e7\u00e3o j\u00e1 come\u00e7ou em importantes pontos tur\u00edsticos, como as pra\u00e7as Dom Malan e Maria Auxiliadora. Este ano a ilumina\u00e7\u00e3o especial ser\u00e1 ampliada, incluindo novos locais e equipamentos, sem deixar de fora a\u00e7\u00f5es de sucesso na edi\u00e7\u00e3o 2021, a exemplo da disponibiliza\u00e7\u00e3o de \u00f4nibus para transporte gratuito das pessoas aos locais de eventos. A abertura oficial do \u201cNatal Luz\u201d est\u00e1 programada para o dia 30 de novembro. O projeto segue at\u00e9 o dia 6 de janeiro de 2023.&hellip;\" \/>\n<meta property=\"og:url\" content=\"https:\/\/blogdofarnesio.com.br\/?p=328004\" \/>\n<meta property=\"og:site_name\" content=\"Blog do Farn\u00e9sio\" \/>\n<meta property=\"article:publisher\" content=\"https:\/\/www.facebook.com\/BlogQuerSaberPolitica\/\" \/>\n<meta property=\"article:author\" content=\"https:\/\/www.facebook.com\/?ref=tn_tnmn\" \/>\n<meta property=\"article:published_time\" content=\"2022-11-25T17:42:11+00:00\" \/>\n<meta property=\"og:image\" content=\"https:\/\/blogdofarnesio.com.br\/wp-content\/uploads\/2022\/11\/blogqspNatalLuzPetrolina.jpg\" \/>\n\t<meta property=\"og:image:width\" content=\"450\" \/>\n\t<meta property=\"og:image:height\" content=\"281\" \/>\n\t<meta property=\"og:image:type\" content=\"image\/jpeg\" \/>\n<meta name=\"author\" content=\"Farn\u00e9sio\" \/>\n<meta name=\"twitter:card\" content=\"summary_large_image\" \/>\n<meta name=\"twitter:label1\" content=\"Escrito por\" \/>\n\t<meta name=\"twitter:data1\" content=\"Farn\u00e9sio\" \/>\n\t<meta name=\"twitter:label2\" content=\"Est. tempo de leitura\" \/>\n\t<meta name=\"twitter:data2\" content=\"2 minutos\" \/>\n<script type=\"application\/ld+json\" class=\"yoast-schema-graph\">{\"@context\":\"https:\\\/\\\/schema.org\",\"@graph\":[{\"@type\":\"Article\",\"@id\":\"https:\\\/\\\/blogdofarnesio.com.br\\\/?p=328004#article\",\"isPartOf\":{\"@id\":\"https:\\\/\\\/blogdofarnesio.com.br\\\/?p=328004\"},\"author\":{\"name\":\"Farn\u00e9sio\",\"@id\":\"https:\\\/\\\/blogdofarnesio.com.br\\\/#\\\/schema\\\/person\\\/bb9b23ae3ad0609ce8df7b6c9e76824d\"},\"headline\":\"Petrolina anuncia mais uma edi\u00e7\u00e3o do \u201cNatal Luz\u201d\",\"datePublished\":\"2022-11-25T17:42:11+00:00\",\"mainEntityOfPage\":{\"@id\":\"https:\\\/\\\/blogdofarnesio.com.br\\\/?p=328004\"},\"wordCount\":218,\"commentCount\":0,\"publisher\":{\"@id\":\"https:\\\/\\\/blogdofarnesio.com.br\\\/#organization\"},\"image\":{\"@id\":\"https:\\\/\\\/blogdofarnesio.com.br\\\/?p=328004#primaryimage\"},\"thumbnailUrl\":\"https:\\\/\\\/blogdofarnesio.com.br\\\/wp-content\\\/uploads\\\/2022\\\/11\\\/blogqspNatalLuzPetrolina.jpg\",\"articleSection\":[\"Costumes\"],\"inLanguage\":\"pt-BR\",\"potentialAction\":[{\"@type\":\"CommentAction\",\"name\":\"Comment\",\"target\":[\"https:\\\/\\\/blogdofarnesio.com.br\\\/?p=328004#respond\"]}]},{\"@type\":\"WebPage\",\"@id\":\"https:\\\/\\\/blogdofarnesio.com.br\\\/?p=328004\",\"url\":\"https:\\\/\\\/blogdofarnesio.com.br\\\/?p=328004\",\"name\":\"Petrolina anuncia mais uma edi\u00e7\u00e3o do \u201cNatal Luz\u201d - Blog do Farn\u00e9sio\",\"isPartOf\":{\"@id\":\"https:\\\/\\\/blogdofarnesio.com.br\\\/#website\"},\"primaryImageOfPage\":{\"@id\":\"https:\\\/\\\/blogdofarnesio.com.br\\\/?p=328004#primaryimage\"},\"image\":{\"@id\":\"https:\\\/\\\/blogdofarnesio.com.br\\\/?p=328004#primaryimage\"},\"thumbnailUrl\":\"https:\\\/\\\/blogdofarnesio.com.br\\\/wp-content\\\/uploads\\\/2022\\\/11\\\/blogqspNatalLuzPetrolina.jpg\",\"datePublished\":\"2022-11-25T17:42:11+00:00\",\"breadcrumb\":{\"@id\":\"https:\\\/\\\/blogdofarnesio.com.br\\\/?p=328004#breadcrumb\"},\"inLanguage\":\"pt-BR\",\"potentialAction\":[{\"@type\":\"ReadAction\",\"target\":[\"https:\\\/\\\/blogdofarnesio.com.br\\\/?p=328004\"]}]},{\"@type\":\"ImageObject\",\"inLanguage\":\"pt-BR\",\"@id\":\"https:\\\/\\\/blogdofarnesio.com.br\\\/?p=328004#primaryimage\",\"url\":\"https:\\\/\\\/blogdofarnesio.com.br\\\/wp-content\\\/uploads\\\/2022\\\/11\\\/blogqspNatalLuzPetrolina.jpg\",\"contentUrl\":\"https:\\\/\\\/blogdofarnesio.com.br\\\/wp-content\\\/uploads\\\/2022\\\/11\\\/blogqspNatalLuzPetrolina.jpg\",\"width\":450,\"height\":281},{\"@type\":\"BreadcrumbList\",\"@id\":\"https:\\\/\\\/blogdofarnesio.com.br\\\/?p=328004#breadcrumb\",\"itemListElement\":[{\"@type\":\"ListItem\",\"position\":1,\"name\":\"In\u00edcio\",\"item\":\"https:\\\/\\\/blogdofarnesio.com.br\\\/\"},{\"@type\":\"ListItem\",\"position\":2,\"name\":\"Petrolina anuncia mais uma edi\u00e7\u00e3o do \u201cNatal Luz\u201d\"}]},{\"@type\":\"WebSite\",\"@id\":\"https:\\\/\\\/blogdofarnesio.com.br\\\/#website\",\"url\":\"https:\\\/\\\/blogdofarnesio.com.br\\\/\",\"name\":\"Blog do Farn\u00e9sio\",\"description\":\"Quer Saber Pol\u00edtica?\",\"publisher\":{\"@id\":\"https:\\\/\\\/blogdofarnesio.com.br\\\/#organization\"},\"potentialAction\":[{\"@type\":\"SearchAction\",\"target\":{\"@type\":\"EntryPoint\",\"urlTemplate\":\"https:\\\/\\\/blogdofarnesio.com.br\\\/?s={search_term_string}\"},\"query-input\":{\"@type\":\"PropertyValueSpecification\",\"valueRequired\":true,\"valueName\":\"search_term_string\"}}],\"inLanguage\":\"pt-BR\"},{\"@type\":\"Organization\",\"@id\":\"https:\\\/\\\/blogdofarnesio.com.br\\\/#organization\",\"name\":\"Blog do Farn\u00e9sio\",\"url\":\"https:\\\/\\\/blogdofarnesio.com.br\\\/\",\"logo\":{\"@type\":\"ImageObject\",\"inLanguage\":\"pt-BR\",\"@id\":\"https:\\\/\\\/blogdofarnesio.com.br\\\/#\\\/schema\\\/logo\\\/image\\\/\",\"url\":\"https:\\\/\\\/blogdofarnesio.com.br\\\/wp-content\\\/uploads\\\/2026\\\/03\\\/cropped-logo_new-1.png\",\"contentUrl\":\"https:\\\/\\\/blogdofarnesio.com.br\\\/wp-content\\\/uploads\\\/2026\\\/03\\\/cropped-logo_new-1.png\",\"width\":881,\"height\":685,\"caption\":\"Blog do Farn\u00e9sio\"},\"image\":{\"@id\":\"https:\\\/\\\/blogdofarnesio.com.br\\\/#\\\/schema\\\/logo\\\/image\\\/\"},\"sameAs\":[\"https:\\\/\\\/www.facebook.com\\\/BlogQuerSaberPolitica\\\/\"]},{\"@type\":\"Person\",\"@id\":\"https:\\\/\\\/blogdofarnesio.com.br\\\/#\\\/schema\\\/person\\\/bb9b23ae3ad0609ce8df7b6c9e76824d\",\"name\":\"Farn\u00e9sio\",\"image\":{\"@type\":\"ImageObject\",\"inLanguage\":\"pt-BR\",\"@id\":\"https:\\\/\\\/secure.gravatar.com\\\/avatar\\\/986aa4c61ccdb66f8555bf88fc2a65609d00bcabd4d2d94377a727547345cbca?s=96&d=mm&r=g\",\"url\":\"https:\\\/\\\/secure.gravatar.com\\\/avatar\\\/986aa4c61ccdb66f8555bf88fc2a65609d00bcabd4d2d94377a727547345cbca?s=96&d=mm&r=g\",\"contentUrl\":\"https:\\\/\\\/secure.gravatar.com\\\/avatar\\\/986aa4c61ccdb66f8555bf88fc2a65609d00bcabd4d2d94377a727547345cbca?s=96&d=mm&r=g\",\"caption\":\"Farn\u00e9sio\"},\"description\":\"Radialista blogueiro, chegou a Petrolina\\\/Juazeiro em setembro de 1980, Farn\u00e9sio Silva \u00e9 de Arapiraca-Alagoas.\",\"sameAs\":[\"http:\\\/\\\/blogdofarnesio.com.br\",\"https:\\\/\\\/www.facebook.com\\\/?ref=tn_tnmn\",\"https:\\\/\\\/www.instagram.com\\\/?utm_source=pwa_homescreen\",\"https:\\\/\\\/youtube.com.br\\\/\"],\"url\":\"https:\\\/\\\/blogdofarnesio.com.br\\\/?author=2\"}]}<\/script>\n<!-- \/ Yoast SEO plugin. -->","yoast_head_json":{"title":"Petrolina anuncia mais uma edi\u00e7\u00e3o do \u201cNatal Luz\u201d - Blog do Farn\u00e9sio","robots":{"index":"index","follow":"follow","max-snippet":"max-snippet:-1","max-image-preview":"max-image-preview:large","max-video-preview":"max-video-preview:-1"},"canonical":"https:\/\/blogdofarnesio.com.br\/?p=328004","og_locale":"pt_BR","og_type":"article","og_title":"Petrolina anuncia mais uma edi\u00e7\u00e3o do \u201cNatal Luz\u201d - Blog do Farn\u00e9sio","og_description":"A Prefeitura de Petrolina, atrav\u00e9s do prefeito Sim\u00e3o Durando, anunciou mais uma edi\u00e7\u00e3o do projeto \u201cNatal Luz\u201d nessa quinta-feira, 24. Vai ser a segunda vez que a cidade receber\u00e1 uma grande decora\u00e7\u00e3o natalina, al\u00e9m de atra\u00e7\u00f5es culturais, atraindo turistas de diversas cidades. A ornamenta\u00e7\u00e3o j\u00e1 come\u00e7ou em importantes pontos tur\u00edsticos, como as pra\u00e7as Dom Malan e Maria Auxiliadora. Este ano a ilumina\u00e7\u00e3o especial ser\u00e1 ampliada, incluindo novos locais e equipamentos, sem deixar de fora a\u00e7\u00f5es de sucesso na edi\u00e7\u00e3o 2021, a exemplo da disponibiliza\u00e7\u00e3o de \u00f4nibus para transporte gratuito das pessoas aos locais de eventos. A abertura oficial do \u201cNatal Luz\u201d est\u00e1 programada para o dia 30 de novembro. O projeto segue at\u00e9 o dia 6 de janeiro de 2023.&hellip;","og_url":"https:\/\/blogdofarnesio.com.br\/?p=328004","og_site_name":"Blog do Farn\u00e9sio","article_publisher":"https:\/\/www.facebook.com\/BlogQuerSaberPolitica\/","article_author":"https:\/\/www.facebook.com\/?ref=tn_tnmn","article_published_time":"2022-11-25T17:42:11+00:00","og_image":[{"width":450,"height":281,"url":"https:\/\/blogdofarnesio.com.br\/wp-content\/uploads\/2022\/11\/blogqspNatalLuzPetrolina.jpg","type":"image\/jpeg"}],"author":"Farn\u00e9sio","twitter_card":"summary_large_image","twitter_misc":{"Escrito por":"Farn\u00e9sio","Est. tempo de leitura":"2 minutos"},"schema":{"@context":"https:\/\/schema.org","@graph":[{"@type":"Article","@id":"https:\/\/blogdofarnesio.com.br\/?p=328004#article","isPartOf":{"@id":"https:\/\/blogdofarnesio.com.br\/?p=328004"},"author":{"name":"Farn\u00e9sio","@id":"https:\/\/blogdofarnesio.com.br\/#\/schema\/person\/bb9b23ae3ad0609ce8df7b6c9e76824d"},"headline":"Petrolina anuncia mais uma edi\u00e7\u00e3o do \u201cNatal Luz\u201d","datePublished":"2022-11-25T17:42:11+00:00","mainEntityOfPage":{"@id":"https:\/\/blogdofarnesio.com.br\/?p=328004"},"wordCount":218,"commentCount":0,"publisher":{"@id":"https:\/\/blogdofarnesio.com.br\/#organization"},"image":{"@id":"https:\/\/blogdofarnesio.com.br\/?p=328004#primaryimage"},"thumbnailUrl":"https:\/\/blogdofarnesio.com.br\/wp-content\/uploads\/2022\/11\/blogqspNatalLuzPetrolina.jpg","articleSection":["Costumes"],"inLanguage":"pt-BR","potentialAction":[{"@type":"CommentAction","name":"Comment","target":["https:\/\/blogdofarnesio.com.br\/?p=328004#respond"]}]},{"@type":"WebPage","@id":"https:\/\/blogdofarnesio.com.br\/?p=328004","url":"https:\/\/blogdofarnesio.com.br\/?p=328004","name":"Petrolina anuncia mais uma edi\u00e7\u00e3o do \u201cNatal Luz\u201d - Blog do Farn\u00e9sio","isPartOf":{"@id":"https:\/\/blogdofarnesio.com.br\/#website"},"primaryImageOfPage":{"@id":"https:\/\/blogdofarnesio.com.br\/?p=328004#primaryimage"},"image":{"@id":"https:\/\/blogdofarnesio.com.br\/?p=328004#primaryimage"},"thumbnailUrl":"https:\/\/blogdofarnesio.com.br\/wp-content\/uploads\/2022\/11\/blogqspNatalLuzPetrolina.jpg","datePublished":"2022-11-25T17:42:11+00:00","breadcrumb":{"@id":"https:\/\/blogdofarnesio.com.br\/?p=328004#breadcrumb"},"inLanguage":"pt-BR","potentialAction":[{"@type":"ReadAction","target":["https:\/\/blogdofarnesio.com.br\/?p=328004"]}]},{"@type":"ImageObject","inLanguage":"pt-BR","@id":"https:\/\/blogdofarnesio.com.br\/?p=328004#primaryimage","url":"https:\/\/blogdofarnesio.com.br\/wp-content\/uploads\/2022\/11\/blogqspNatalLuzPetrolina.jpg","contentUrl":"https:\/\/blogdofarnesio.com.br\/wp-content\/uploads\/2022\/11\/blogqspNatalLuzPetrolina.jpg","width":450,"height":281},{"@type":"BreadcrumbList","@id":"https:\/\/blogdofarnesio.com.br\/?p=328004#breadcrumb","itemListElement":[{"@type":"ListItem","position":1,"name":"In\u00edcio","item":"https:\/\/blogdofarnesio.com.br\/"},{"@type":"ListItem","position":2,"name":"Petrolina anuncia mais uma edi\u00e7\u00e3o do \u201cNatal Luz\u201d"}]},{"@type":"WebSite","@id":"https:\/\/blogdofarnesio.com.br\/#website","url":"https:\/\/blogdofarnesio.com.br\/","name":"Blog do Farn\u00e9sio","description":"Quer Saber Pol\u00edtica?","publisher":{"@id":"https:\/\/blogdofarnesio.com.br\/#organization"},"potentialAction":[{"@type":"SearchAction","target":{"@type":"EntryPoint","urlTemplate":"https:\/\/blogdofarnesio.com.br\/?s={search_term_string}"},"query-input":{"@type":"PropertyValueSpecification","valueRequired":true,"valueName":"search_term_string"}}],"inLanguage":"pt-BR"},{"@type":"Organization","@id":"https:\/\/blogdofarnesio.com.br\/#organization","name":"Blog do Farn\u00e9sio","url":"https:\/\/blogdofarnesio.com.br\/","logo":{"@type":"ImageObject","inLanguage":"pt-BR","@id":"https:\/\/blogdofarnesio.com.br\/#\/schema\/logo\/image\/","url":"https:\/\/blogdofarnesio.com.br\/wp-content\/uploads\/2026\/03\/cropped-logo_new-1.png","contentUrl":"https:\/\/blogdofarnesio.com.br\/wp-content\/uploads\/2026\/03\/cropped-logo_new-1.png","width":881,"height":685,"caption":"Blog do Farn\u00e9sio"},"image":{"@id":"https:\/\/blogdofarnesio.com.br\/#\/schema\/logo\/image\/"},"sameAs":["https:\/\/www.facebook.com\/BlogQuerSaberPolitica\/"]},{"@type":"Person","@id":"https:\/\/blogdofarnesio.com.br\/#\/schema\/person\/bb9b23ae3ad0609ce8df7b6c9e76824d","name":"Farn\u00e9sio","image":{"@type":"ImageObject","inLanguage":"pt-BR","@id":"https:\/\/secure.gravatar.com\/avatar\/986aa4c61ccdb66f8555bf88fc2a65609d00bcabd4d2d94377a727547345cbca?s=96&d=mm&r=g","url":"https:\/\/secure.gravatar.com\/avatar\/986aa4c61ccdb66f8555bf88fc2a65609d00bcabd4d2d94377a727547345cbca?s=96&d=mm&r=g","contentUrl":"https:\/\/secure.gravatar.com\/avatar\/986aa4c61ccdb66f8555bf88fc2a65609d00bcabd4d2d94377a727547345cbca?s=96&d=mm&r=g","caption":"Farn\u00e9sio"},"description":"Radialista blogueiro, chegou a Petrolina\/Juazeiro em setembro de 1980, Farn\u00e9sio Silva \u00e9 de Arapiraca-Alagoas.","sameAs":["http:\/\/blogdofarnesio.com.br","https:\/\/www.facebook.com\/?ref=tn_tnmn","https:\/\/www.instagram.com\/?utm_source=pwa_homescreen","https:\/\/youtube.com.br\/"],"url":"https:\/\/blogdofarnesio.com.br\/?author=2"}]}},"_links":{"self":[{"href":"https:\/\/blogdofarnesio.com.br\/index.php?rest_route=\/wp\/v2\/posts\/328004","targetHints":{"allow":["GET"]}}],"collection":[{"href":"https:\/\/blogdofarnesio.com.br\/index.php?rest_route=\/wp\/v2\/posts"}],"about":[{"href":"https:\/\/blogdofarnesio.com.br\/index.php?rest_route=\/wp\/v2\/types\/post"}],"author":[{"embeddable":true,"href":"https:\/\/blogdofarnesio.com.br\/index.php?rest_route=\/wp\/v2\/users\/2"}],"replies":[{"embeddable":true,"href":"https:\/\/blogdofarnesio.com.br\/index.php?rest_route=%2Fwp%2Fv2%2Fcomments&post=328004"}],"version-history":[{"count":0,"href":"https:\/\/blogdofarnesio.com.br\/index.php?rest_route=\/wp\/v2\/posts\/328004\/revisions"}],"wp:featuredmedia":[{"embeddable":true,"href":"https:\/\/blogdofarnesio.com.br\/index.php?rest_route=\/wp\/v2\/media\/328005"}],"wp:attachment":[{"href":"https:\/\/blogdofarnesio.com.br\/index.php?rest_route=%2Fwp%2Fv2%2Fmedia&parent=328004"}],"wp:term":[{"taxonomy":"category","embeddable":true,"href":"https:\/\/blogdofarnesio.com.br\/index.php?rest_route=%2Fwp%2Fv2%2Fcategories&post=328004"},{"taxonomy":"post_tag","embeddable":true,"href":"https:\/\/blogdofarnesio.com.br\/index.php?rest_route=%2Fwp%2Fv2%2Ftags&post=328004"}],"curies":[{"name":"wp","href":"https:\/\/api.w.org\/{rel}","templated":true}]}}