{"id":327979,"date":"2022-11-25T15:22:39","date_gmt":"2022-11-25T18:22:39","guid":{"rendered":"https:\/\/blogdofarnesio.com.br\/?p=327979"},"modified":"2022-11-25T08:26:00","modified_gmt":"2022-11-25T11:26:00","slug":"confronto-pelo-pernambucano-de-futsal-sub-20-marca-reinauguracao-de-ginasio-poliesportivo-em-dormentes-nesta-sexta-feira","status":"publish","type":"post","link":"https:\/\/blogdofarnesio.com.br\/?p=327979","title":{"rendered":"CONFRONTO PELO PERNAMBUCANO DE FUTSAL SUB-20 MARCA REINAUGURA\u00c7\u00c3O DE GIN\u00c1SIO POLIESPORTIVO EM DORMENTES NESTA SEXTA-FEIRA"},"content":{"rendered":"<p dir=\"ltr\">A gest\u00e3o Josimara e Corrinha investe no esporte, lazer, infraestrutura e segue trabalhando para garantir melhorias para a popula\u00e7\u00e3o dormentense. Entre as novidades, a Prefeitura Municipal reinaugura nesta sexta-feira (25), a partir das 19h, o Gin\u00e1sio de Esportes Francinildo Ant\u00f4nio Albuquerque Rodrigues.<\/p>\n<p dir=\"ltr\">O Gin\u00e1sio passou por uma super reforma estrutural no valor de R$ 220 mil, ganhando novos alambrados, arquibancadas, piso, banheiros e vesti\u00e1rios, al\u00e9m de melhorias na rede el\u00e9trica e nas dimens\u00f5es da quadra. \u201cRefizemos todo o gin\u00e1sio municipal e estamos muito felizes com o resultado deste espa\u00e7o que \u00e9 t\u00e3o importante para a nossa cidade. Temos o prazer de j\u00e1 na inaugura\u00e7\u00e3o receber as quartas de final do Campeonato Pernambucano de Futsal Sub-20, com o nosso time em campo, enfrentando um time da capital. Vai ser uma festa completa\u201d, destaca a prefeita, Josimara Cavalcanti.<\/p>\n<p dir=\"ltr\">A gestora tamb\u00e9m refor\u00e7a o convite a popula\u00e7\u00e3o para que prestigie este momento hist\u00f3rico no munic\u00edpio. \u201cContamos com a presen\u00e7a de todos os dormentenses nesta sexta, dia 25 de novembro, para se encantarem com o novo espa\u00e7o, al\u00e9m \u00e9 claro, apoiar e torcer pelos nossos garotos do sub-20 neste jogo t\u00e3o importante\u201d, completou.<\/p>\n<p dir=\"ltr\"><strong>REINAUGURA\u00c7\u00c3O GIN\u00c1SIO E JOGO DORMENTES X SANTA CRUZ<\/strong><\/p>\n<p dir=\"ltr\">LOCAL: Gin\u00e1sio Poliesportivo Francinildo Ant\u00f4nio Albuquerque Rodrigues, bairro Ded\u00e9 Damasceno<\/p>\n<p dir=\"ltr\">HOR\u00c1RIO: a partir das 19h<\/p>\n","protected":false},"excerpt":{"rendered":"<p>A gest\u00e3o Josimara e Corrinha investe no esporte, lazer, infraestrutura e segue trabalhando para garantir melhorias para a popula\u00e7\u00e3o dormentense. Entre as novidades, a Prefeitura Municipal reinaugura nesta sexta-feira (25), a partir das 19h, o Gin\u00e1sio de Esportes Francinildo Ant\u00f4nio Albuquerque Rodrigues. O Gin\u00e1sio passou por uma super reforma estrutural no valor de R$ 220 mil, ganhando novos alambrados, arquibancadas, piso, banheiros e vesti\u00e1rios, al\u00e9m de melhorias na rede el\u00e9trica e nas dimens\u00f5es da quadra. \u201cRefizemos todo o gin\u00e1sio municipal e estamos muito felizes com o resultado deste espa\u00e7o que \u00e9 t\u00e3o importante para a nossa cidade. Temos o prazer de j\u00e1 na inaugura\u00e7\u00e3o receber as quartas de final do Campeonato Pernambucano de Futsal Sub-20, com o nosso time em&hellip; <\/p>\n","protected":false},"author":2,"featured_media":327981,"comment_status":"open","ping_status":"open","sticky":false,"template":"","format":"standard","meta":{"_acf_changed":false,"footnotes":""},"categories":[27],"tags":[],"class_list":["post-327979","post","type-post","status-publish","format-standard","has-post-thumbnail","hentry","category-cidades"],"acf":[],"yoast_head":"<!-- This site is optimized with the Yoast SEO plugin v27.4 - https:\/\/yoast.com\/product\/yoast-seo-wordpress\/ -->\n<title>CONFRONTO PELO PERNAMBUCANO DE FUTSAL SUB-20 MARCA REINAUGURA\u00c7\u00c3O DE GIN\u00c1SIO POLIESPORTIVO EM DORMENTES NESTA SEXTA-FEIRA - Blog do Farn\u00e9sio<\/title>\n<meta name=\"robots\" content=\"index, follow, max-snippet:-1, max-image-preview:large, max-video-preview:-1\" \/>\n<link rel=\"canonical\" href=\"https:\/\/blogdofarnesio.com.br\/?p=327979\" \/>\n<meta property=\"og:locale\" content=\"pt_BR\" \/>\n<meta property=\"og:type\" content=\"article\" \/>\n<meta property=\"og:title\" content=\"CONFRONTO PELO PERNAMBUCANO DE FUTSAL SUB-20 MARCA REINAUGURA\u00c7\u00c3O DE GIN\u00c1SIO POLIESPORTIVO EM DORMENTES NESTA SEXTA-FEIRA - Blog do Farn\u00e9sio\" \/>\n<meta property=\"og:description\" content=\"A gest\u00e3o Josimara e Corrinha investe no esporte, lazer, infraestrutura e segue trabalhando para garantir melhorias para a popula\u00e7\u00e3o dormentense. Entre as novidades, a Prefeitura Municipal reinaugura nesta sexta-feira (25), a partir das 19h, o Gin\u00e1sio de Esportes Francinildo Ant\u00f4nio Albuquerque Rodrigues. O Gin\u00e1sio passou por uma super reforma estrutural no valor de R$ 220 mil, ganhando novos alambrados, arquibancadas, piso, banheiros e vesti\u00e1rios, al\u00e9m de melhorias na rede el\u00e9trica e nas dimens\u00f5es da quadra. \u201cRefizemos todo o gin\u00e1sio municipal e estamos muito felizes com o resultado deste espa\u00e7o que \u00e9 t\u00e3o importante para a nossa cidade. Temos o prazer de j\u00e1 na inaugura\u00e7\u00e3o receber as quartas de final do Campeonato Pernambucano de Futsal Sub-20, com o nosso time em&hellip;\" \/>\n<meta property=\"og:url\" content=\"https:\/\/blogdofarnesio.com.br\/?p=327979\" \/>\n<meta property=\"og:site_name\" content=\"Blog do Farn\u00e9sio\" \/>\n<meta property=\"article:publisher\" content=\"https:\/\/www.facebook.com\/BlogQuerSaberPolitica\/\" \/>\n<meta property=\"article:author\" content=\"https:\/\/www.facebook.com\/?ref=tn_tnmn\" \/>\n<meta property=\"article:published_time\" content=\"2022-11-25T18:22:39+00:00\" \/>\n<meta property=\"og:image\" content=\"https:\/\/blogdofarnesio.com.br\/wp-content\/uploads\/2022\/11\/blogqspdormentes-Ginasio-2-e1669375522481.jpeg\" \/>\n\t<meta property=\"og:image:width\" content=\"524\" \/>\n\t<meta property=\"og:image:height\" content=\"509\" \/>\n\t<meta property=\"og:image:type\" content=\"image\/jpeg\" \/>\n<meta name=\"author\" content=\"Farn\u00e9sio\" \/>\n<meta name=\"twitter:card\" content=\"summary_large_image\" \/>\n<meta name=\"twitter:label1\" content=\"Escrito por\" \/>\n\t<meta name=\"twitter:data1\" content=\"Farn\u00e9sio\" \/>\n\t<meta name=\"twitter:label2\" content=\"Est. tempo de leitura\" \/>\n\t<meta name=\"twitter:data2\" content=\"2 minutos\" \/>\n<script type=\"application\/ld+json\" class=\"yoast-schema-graph\">{\"@context\":\"https:\\\/\\\/schema.org\",\"@graph\":[{\"@type\":\"Article\",\"@id\":\"https:\\\/\\\/blogdofarnesio.com.br\\\/?p=327979#article\",\"isPartOf\":{\"@id\":\"https:\\\/\\\/blogdofarnesio.com.br\\\/?p=327979\"},\"author\":{\"name\":\"Farn\u00e9sio\",\"@id\":\"https:\\\/\\\/blogdofarnesio.com.br\\\/#\\\/schema\\\/person\\\/bb9b23ae3ad0609ce8df7b6c9e76824d\"},\"headline\":\"CONFRONTO PELO PERNAMBUCANO DE FUTSAL SUB-20 MARCA REINAUGURA\u00c7\u00c3O DE GIN\u00c1SIO POLIESPORTIVO EM DORMENTES NESTA SEXTA-FEIRA\",\"datePublished\":\"2022-11-25T18:22:39+00:00\",\"mainEntityOfPage\":{\"@id\":\"https:\\\/\\\/blogdofarnesio.com.br\\\/?p=327979\"},\"wordCount\":251,\"commentCount\":0,\"publisher\":{\"@id\":\"https:\\\/\\\/blogdofarnesio.com.br\\\/#organization\"},\"image\":{\"@id\":\"https:\\\/\\\/blogdofarnesio.com.br\\\/?p=327979#primaryimage\"},\"thumbnailUrl\":\"https:\\\/\\\/blogdofarnesio.com.br\\\/wp-content\\\/uploads\\\/2022\\\/11\\\/blogqspdormentes-Ginasio-2-e1669375522481.jpeg\",\"articleSection\":[\"Cidades\"],\"inLanguage\":\"pt-BR\",\"potentialAction\":[{\"@type\":\"CommentAction\",\"name\":\"Comment\",\"target\":[\"https:\\\/\\\/blogdofarnesio.com.br\\\/?p=327979#respond\"]}]},{\"@type\":\"WebPage\",\"@id\":\"https:\\\/\\\/blogdofarnesio.com.br\\\/?p=327979\",\"url\":\"https:\\\/\\\/blogdofarnesio.com.br\\\/?p=327979\",\"name\":\"CONFRONTO PELO PERNAMBUCANO DE FUTSAL SUB-20 MARCA REINAUGURA\u00c7\u00c3O DE GIN\u00c1SIO POLIESPORTIVO EM DORMENTES NESTA SEXTA-FEIRA - Blog do Farn\u00e9sio\",\"isPartOf\":{\"@id\":\"https:\\\/\\\/blogdofarnesio.com.br\\\/#website\"},\"primaryImageOfPage\":{\"@id\":\"https:\\\/\\\/blogdofarnesio.com.br\\\/?p=327979#primaryimage\"},\"image\":{\"@id\":\"https:\\\/\\\/blogdofarnesio.com.br\\\/?p=327979#primaryimage\"},\"thumbnailUrl\":\"https:\\\/\\\/blogdofarnesio.com.br\\\/wp-content\\\/uploads\\\/2022\\\/11\\\/blogqspdormentes-Ginasio-2-e1669375522481.jpeg\",\"datePublished\":\"2022-11-25T18:22:39+00:00\",\"breadcrumb\":{\"@id\":\"https:\\\/\\\/blogdofarnesio.com.br\\\/?p=327979#breadcrumb\"},\"inLanguage\":\"pt-BR\",\"potentialAction\":[{\"@type\":\"ReadAction\",\"target\":[\"https:\\\/\\\/blogdofarnesio.com.br\\\/?p=327979\"]}]},{\"@type\":\"ImageObject\",\"inLanguage\":\"pt-BR\",\"@id\":\"https:\\\/\\\/blogdofarnesio.com.br\\\/?p=327979#primaryimage\",\"url\":\"https:\\\/\\\/blogdofarnesio.com.br\\\/wp-content\\\/uploads\\\/2022\\\/11\\\/blogqspdormentes-Ginasio-2-e1669375522481.jpeg\",\"contentUrl\":\"https:\\\/\\\/blogdofarnesio.com.br\\\/wp-content\\\/uploads\\\/2022\\\/11\\\/blogqspdormentes-Ginasio-2-e1669375522481.jpeg\",\"width\":524,\"height\":509},{\"@type\":\"BreadcrumbList\",\"@id\":\"https:\\\/\\\/blogdofarnesio.com.br\\\/?p=327979#breadcrumb\",\"itemListElement\":[{\"@type\":\"ListItem\",\"position\":1,\"name\":\"In\u00edcio\",\"item\":\"https:\\\/\\\/blogdofarnesio.com.br\\\/\"},{\"@type\":\"ListItem\",\"position\":2,\"name\":\"CONFRONTO PELO PERNAMBUCANO DE FUTSAL SUB-20 MARCA REINAUGURA\u00c7\u00c3O DE GIN\u00c1SIO POLIESPORTIVO EM DORMENTES NESTA SEXTA-FEIRA\"}]},{\"@type\":\"WebSite\",\"@id\":\"https:\\\/\\\/blogdofarnesio.com.br\\\/#website\",\"url\":\"https:\\\/\\\/blogdofarnesio.com.br\\\/\",\"name\":\"Blog do Farn\u00e9sio\",\"description\":\"Quer Saber Pol\u00edtica?\",\"publisher\":{\"@id\":\"https:\\\/\\\/blogdofarnesio.com.br\\\/#organization\"},\"potentialAction\":[{\"@type\":\"SearchAction\",\"target\":{\"@type\":\"EntryPoint\",\"urlTemplate\":\"https:\\\/\\\/blogdofarnesio.com.br\\\/?s={search_term_string}\"},\"query-input\":{\"@type\":\"PropertyValueSpecification\",\"valueRequired\":true,\"valueName\":\"search_term_string\"}}],\"inLanguage\":\"pt-BR\"},{\"@type\":\"Organization\",\"@id\":\"https:\\\/\\\/blogdofarnesio.com.br\\\/#organization\",\"name\":\"Blog do Farn\u00e9sio\",\"url\":\"https:\\\/\\\/blogdofarnesio.com.br\\\/\",\"logo\":{\"@type\":\"ImageObject\",\"inLanguage\":\"pt-BR\",\"@id\":\"https:\\\/\\\/blogdofarnesio.com.br\\\/#\\\/schema\\\/logo\\\/image\\\/\",\"url\":\"https:\\\/\\\/blogdofarnesio.com.br\\\/wp-content\\\/uploads\\\/2026\\\/03\\\/cropped-logo_new-1.png\",\"contentUrl\":\"https:\\\/\\\/blogdofarnesio.com.br\\\/wp-content\\\/uploads\\\/2026\\\/03\\\/cropped-logo_new-1.png\",\"width\":881,\"height\":685,\"caption\":\"Blog do Farn\u00e9sio\"},\"image\":{\"@id\":\"https:\\\/\\\/blogdofarnesio.com.br\\\/#\\\/schema\\\/logo\\\/image\\\/\"},\"sameAs\":[\"https:\\\/\\\/www.facebook.com\\\/BlogQuerSaberPolitica\\\/\"]},{\"@type\":\"Person\",\"@id\":\"https:\\\/\\\/blogdofarnesio.com.br\\\/#\\\/schema\\\/person\\\/bb9b23ae3ad0609ce8df7b6c9e76824d\",\"name\":\"Farn\u00e9sio\",\"image\":{\"@type\":\"ImageObject\",\"inLanguage\":\"pt-BR\",\"@id\":\"https:\\\/\\\/secure.gravatar.com\\\/avatar\\\/986aa4c61ccdb66f8555bf88fc2a65609d00bcabd4d2d94377a727547345cbca?s=96&d=mm&r=g\",\"url\":\"https:\\\/\\\/secure.gravatar.com\\\/avatar\\\/986aa4c61ccdb66f8555bf88fc2a65609d00bcabd4d2d94377a727547345cbca?s=96&d=mm&r=g\",\"contentUrl\":\"https:\\\/\\\/secure.gravatar.com\\\/avatar\\\/986aa4c61ccdb66f8555bf88fc2a65609d00bcabd4d2d94377a727547345cbca?s=96&d=mm&r=g\",\"caption\":\"Farn\u00e9sio\"},\"description\":\"Radialista blogueiro, chegou a Petrolina\\\/Juazeiro em setembro de 1980, Farn\u00e9sio Silva \u00e9 de Arapiraca-Alagoas.\",\"sameAs\":[\"http:\\\/\\\/blogdofarnesio.com.br\",\"https:\\\/\\\/www.facebook.com\\\/?ref=tn_tnmn\",\"https:\\\/\\\/www.instagram.com\\\/?utm_source=pwa_homescreen\",\"https:\\\/\\\/youtube.com.br\\\/\"],\"url\":\"https:\\\/\\\/blogdofarnesio.com.br\\\/?author=2\"}]}<\/script>\n<!-- \/ Yoast SEO plugin. -->","yoast_head_json":{"title":"CONFRONTO PELO PERNAMBUCANO DE FUTSAL SUB-20 MARCA REINAUGURA\u00c7\u00c3O DE GIN\u00c1SIO POLIESPORTIVO EM DORMENTES NESTA SEXTA-FEIRA - Blog do Farn\u00e9sio","robots":{"index":"index","follow":"follow","max-snippet":"max-snippet:-1","max-image-preview":"max-image-preview:large","max-video-preview":"max-video-preview:-1"},"canonical":"https:\/\/blogdofarnesio.com.br\/?p=327979","og_locale":"pt_BR","og_type":"article","og_title":"CONFRONTO PELO PERNAMBUCANO DE FUTSAL SUB-20 MARCA REINAUGURA\u00c7\u00c3O DE GIN\u00c1SIO POLIESPORTIVO EM DORMENTES NESTA SEXTA-FEIRA - Blog do Farn\u00e9sio","og_description":"A gest\u00e3o Josimara e Corrinha investe no esporte, lazer, infraestrutura e segue trabalhando para garantir melhorias para a popula\u00e7\u00e3o dormentense. Entre as novidades, a Prefeitura Municipal reinaugura nesta sexta-feira (25), a partir das 19h, o Gin\u00e1sio de Esportes Francinildo Ant\u00f4nio Albuquerque Rodrigues. O Gin\u00e1sio passou por uma super reforma estrutural no valor de R$ 220 mil, ganhando novos alambrados, arquibancadas, piso, banheiros e vesti\u00e1rios, al\u00e9m de melhorias na rede el\u00e9trica e nas dimens\u00f5es da quadra. \u201cRefizemos todo o gin\u00e1sio municipal e estamos muito felizes com o resultado deste espa\u00e7o que \u00e9 t\u00e3o importante para a nossa cidade. Temos o prazer de j\u00e1 na inaugura\u00e7\u00e3o receber as quartas de final do Campeonato Pernambucano de Futsal Sub-20, com o nosso time em&hellip;","og_url":"https:\/\/blogdofarnesio.com.br\/?p=327979","og_site_name":"Blog do Farn\u00e9sio","article_publisher":"https:\/\/www.facebook.com\/BlogQuerSaberPolitica\/","article_author":"https:\/\/www.facebook.com\/?ref=tn_tnmn","article_published_time":"2022-11-25T18:22:39+00:00","og_image":[{"width":524,"height":509,"url":"https:\/\/blogdofarnesio.com.br\/wp-content\/uploads\/2022\/11\/blogqspdormentes-Ginasio-2-e1669375522481.jpeg","type":"image\/jpeg"}],"author":"Farn\u00e9sio","twitter_card":"summary_large_image","twitter_misc":{"Escrito por":"Farn\u00e9sio","Est. tempo de leitura":"2 minutos"},"schema":{"@context":"https:\/\/schema.org","@graph":[{"@type":"Article","@id":"https:\/\/blogdofarnesio.com.br\/?p=327979#article","isPartOf":{"@id":"https:\/\/blogdofarnesio.com.br\/?p=327979"},"author":{"name":"Farn\u00e9sio","@id":"https:\/\/blogdofarnesio.com.br\/#\/schema\/person\/bb9b23ae3ad0609ce8df7b6c9e76824d"},"headline":"CONFRONTO PELO PERNAMBUCANO DE FUTSAL SUB-20 MARCA REINAUGURA\u00c7\u00c3O DE GIN\u00c1SIO POLIESPORTIVO EM DORMENTES NESTA SEXTA-FEIRA","datePublished":"2022-11-25T18:22:39+00:00","mainEntityOfPage":{"@id":"https:\/\/blogdofarnesio.com.br\/?p=327979"},"wordCount":251,"commentCount":0,"publisher":{"@id":"https:\/\/blogdofarnesio.com.br\/#organization"},"image":{"@id":"https:\/\/blogdofarnesio.com.br\/?p=327979#primaryimage"},"thumbnailUrl":"https:\/\/blogdofarnesio.com.br\/wp-content\/uploads\/2022\/11\/blogqspdormentes-Ginasio-2-e1669375522481.jpeg","articleSection":["Cidades"],"inLanguage":"pt-BR","potentialAction":[{"@type":"CommentAction","name":"Comment","target":["https:\/\/blogdofarnesio.com.br\/?p=327979#respond"]}]},{"@type":"WebPage","@id":"https:\/\/blogdofarnesio.com.br\/?p=327979","url":"https:\/\/blogdofarnesio.com.br\/?p=327979","name":"CONFRONTO PELO PERNAMBUCANO DE FUTSAL SUB-20 MARCA REINAUGURA\u00c7\u00c3O DE GIN\u00c1SIO POLIESPORTIVO EM DORMENTES NESTA SEXTA-FEIRA - Blog do Farn\u00e9sio","isPartOf":{"@id":"https:\/\/blogdofarnesio.com.br\/#website"},"primaryImageOfPage":{"@id":"https:\/\/blogdofarnesio.com.br\/?p=327979#primaryimage"},"image":{"@id":"https:\/\/blogdofarnesio.com.br\/?p=327979#primaryimage"},"thumbnailUrl":"https:\/\/blogdofarnesio.com.br\/wp-content\/uploads\/2022\/11\/blogqspdormentes-Ginasio-2-e1669375522481.jpeg","datePublished":"2022-11-25T18:22:39+00:00","breadcrumb":{"@id":"https:\/\/blogdofarnesio.com.br\/?p=327979#breadcrumb"},"inLanguage":"pt-BR","potentialAction":[{"@type":"ReadAction","target":["https:\/\/blogdofarnesio.com.br\/?p=327979"]}]},{"@type":"ImageObject","inLanguage":"pt-BR","@id":"https:\/\/blogdofarnesio.com.br\/?p=327979#primaryimage","url":"https:\/\/blogdofarnesio.com.br\/wp-content\/uploads\/2022\/11\/blogqspdormentes-Ginasio-2-e1669375522481.jpeg","contentUrl":"https:\/\/blogdofarnesio.com.br\/wp-content\/uploads\/2022\/11\/blogqspdormentes-Ginasio-2-e1669375522481.jpeg","width":524,"height":509},{"@type":"BreadcrumbList","@id":"https:\/\/blogdofarnesio.com.br\/?p=327979#breadcrumb","itemListElement":[{"@type":"ListItem","position":1,"name":"In\u00edcio","item":"https:\/\/blogdofarnesio.com.br\/"},{"@type":"ListItem","position":2,"name":"CONFRONTO PELO PERNAMBUCANO DE FUTSAL SUB-20 MARCA REINAUGURA\u00c7\u00c3O DE GIN\u00c1SIO POLIESPORTIVO EM DORMENTES NESTA SEXTA-FEIRA"}]},{"@type":"WebSite","@id":"https:\/\/blogdofarnesio.com.br\/#website","url":"https:\/\/blogdofarnesio.com.br\/","name":"Blog do Farn\u00e9sio","description":"Quer Saber Pol\u00edtica?","publisher":{"@id":"https:\/\/blogdofarnesio.com.br\/#organization"},"potentialAction":[{"@type":"SearchAction","target":{"@type":"EntryPoint","urlTemplate":"https:\/\/blogdofarnesio.com.br\/?s={search_term_string}"},"query-input":{"@type":"PropertyValueSpecification","valueRequired":true,"valueName":"search_term_string"}}],"inLanguage":"pt-BR"},{"@type":"Organization","@id":"https:\/\/blogdofarnesio.com.br\/#organization","name":"Blog do Farn\u00e9sio","url":"https:\/\/blogdofarnesio.com.br\/","logo":{"@type":"ImageObject","inLanguage":"pt-BR","@id":"https:\/\/blogdofarnesio.com.br\/#\/schema\/logo\/image\/","url":"https:\/\/blogdofarnesio.com.br\/wp-content\/uploads\/2026\/03\/cropped-logo_new-1.png","contentUrl":"https:\/\/blogdofarnesio.com.br\/wp-content\/uploads\/2026\/03\/cropped-logo_new-1.png","width":881,"height":685,"caption":"Blog do Farn\u00e9sio"},"image":{"@id":"https:\/\/blogdofarnesio.com.br\/#\/schema\/logo\/image\/"},"sameAs":["https:\/\/www.facebook.com\/BlogQuerSaberPolitica\/"]},{"@type":"Person","@id":"https:\/\/blogdofarnesio.com.br\/#\/schema\/person\/bb9b23ae3ad0609ce8df7b6c9e76824d","name":"Farn\u00e9sio","image":{"@type":"ImageObject","inLanguage":"pt-BR","@id":"https:\/\/secure.gravatar.com\/avatar\/986aa4c61ccdb66f8555bf88fc2a65609d00bcabd4d2d94377a727547345cbca?s=96&d=mm&r=g","url":"https:\/\/secure.gravatar.com\/avatar\/986aa4c61ccdb66f8555bf88fc2a65609d00bcabd4d2d94377a727547345cbca?s=96&d=mm&r=g","contentUrl":"https:\/\/secure.gravatar.com\/avatar\/986aa4c61ccdb66f8555bf88fc2a65609d00bcabd4d2d94377a727547345cbca?s=96&d=mm&r=g","caption":"Farn\u00e9sio"},"description":"Radialista blogueiro, chegou a Petrolina\/Juazeiro em setembro de 1980, Farn\u00e9sio Silva \u00e9 de Arapiraca-Alagoas.","sameAs":["http:\/\/blogdofarnesio.com.br","https:\/\/www.facebook.com\/?ref=tn_tnmn","https:\/\/www.instagram.com\/?utm_source=pwa_homescreen","https:\/\/youtube.com.br\/"],"url":"https:\/\/blogdofarnesio.com.br\/?author=2"}]}},"_links":{"self":[{"href":"https:\/\/blogdofarnesio.com.br\/index.php?rest_route=\/wp\/v2\/posts\/327979","targetHints":{"allow":["GET"]}}],"collection":[{"href":"https:\/\/blogdofarnesio.com.br\/index.php?rest_route=\/wp\/v2\/posts"}],"about":[{"href":"https:\/\/blogdofarnesio.com.br\/index.php?rest_route=\/wp\/v2\/types\/post"}],"author":[{"embeddable":true,"href":"https:\/\/blogdofarnesio.com.br\/index.php?rest_route=\/wp\/v2\/users\/2"}],"replies":[{"embeddable":true,"href":"https:\/\/blogdofarnesio.com.br\/index.php?rest_route=%2Fwp%2Fv2%2Fcomments&post=327979"}],"version-history":[{"count":0,"href":"https:\/\/blogdofarnesio.com.br\/index.php?rest_route=\/wp\/v2\/posts\/327979\/revisions"}],"wp:featuredmedia":[{"embeddable":true,"href":"https:\/\/blogdofarnesio.com.br\/index.php?rest_route=\/wp\/v2\/media\/327981"}],"wp:attachment":[{"href":"https:\/\/blogdofarnesio.com.br\/index.php?rest_route=%2Fwp%2Fv2%2Fmedia&parent=327979"}],"wp:term":[{"taxonomy":"category","embeddable":true,"href":"https:\/\/blogdofarnesio.com.br\/index.php?rest_route=%2Fwp%2Fv2%2Fcategories&post=327979"},{"taxonomy":"post_tag","embeddable":true,"href":"https:\/\/blogdofarnesio.com.br\/index.php?rest_route=%2Fwp%2Fv2%2Ftags&post=327979"}],"curies":[{"name":"wp","href":"https:\/\/api.w.org\/{rel}","templated":true}]}}