{"id":327965,"date":"2022-11-25T13:00:35","date_gmt":"2022-11-25T16:00:35","guid":{"rendered":"https:\/\/blogdofarnesio.com.br\/?p=327965"},"modified":"2022-11-25T09:04:49","modified_gmt":"2022-11-25T12:04:49","slug":"gestao-suzana-ramos-tem-educacao-reconhecida-pela-segunda-vez-e-se-destaca-entre-as-melhores-do-estado","status":"publish","type":"post","link":"https:\/\/blogdofarnesio.com.br\/?p=327965","title":{"rendered":"Gest\u00e3o Suzana Ramos tem Educa\u00e7\u00e3o reconhecida pela segunda vez e se destaca entre as melhores do Estado"},"content":{"rendered":"<p style=\"font-weight: 400;\">Pelo segundo ano consecutivo, a gest\u00e3o Suzana Ramos \u00e9 premiada por boas pr\u00e1ticas em gest\u00e3o municipal. Concorrendo ao \u2018Pr\u00eamio Band Cidades Excelentes\u2019, da TV Band Bahia, na categoria \u201cEduca\u00e7\u00e3o\u201d, entre as cidades baianas com mais de 100 mil habitantes, a Prefeitura de Juazeiro conquistou o 3\u00ba lugar no pr\u00eamio Band Cidades Excelentes no pilar educa\u00e7\u00e3o, dividindo o p\u00f3dio com Vit\u00f3ria da Conquista e Santo Ant\u00f4nio de Jesus.<\/p>\n<p style=\"font-weight: 400;\">A solenidade de premia\u00e7\u00e3o da etapa estadual, aconteceu na sede da TV Bandeirantes, na Federa\u00e7\u00e3o, bairro da capital baiana, na noite desta quarta-feira (23). Esta \u00e9 a 2\u00aa edi\u00e7\u00e3o do projeto formatado pela emissora, em parceria com o Instituto Aquila, para identificar com rigor t\u00e9cnico e premiar boas pr\u00e1ticas de gestores municipais de todo o pa\u00eds. Representando o munic\u00edpio de Juazeiro, participaram da solenidade a superintendente de ensino da Secretaria de Educa\u00e7\u00e3o e Juventude (Seduc), Willany Cunha, e o gestor de pol\u00edticas p\u00fablicas, Jos\u00e9 Carlos Chastinet J\u00fanior.<\/p>\n<p style=\"font-weight: 400;\">A Prefeita de Juazeiro, Suzana Ramos, celebrou a conquista da premia\u00e7\u00e3o e refor\u00e7ou seu compromisso com a gest\u00e3o municipal. \u201cFico muito feliz em celebrar mais uma vez essa conquista honrosa, alcan\u00e7ando lugar de destaque no estado baiano, atrav\u00e9s da nossa educa\u00e7\u00e3o como refer\u00eancia de qualidade. Receber esse pr\u00eamio em reconhecimento ao nosso trabalho \u00e9 motivo de muito orgulho, al\u00e9m de reafirmar meu compromisso em seguir trabalhando de forma incans\u00e1vel para manter Juazeiro no direcionamento do desenvolvimento e na busca de novas conquistas\u201d, disse a prefeita.<\/p>\n<p style=\"font-weight: 400;\">&#8220;Esse pr\u00eamio \u00e9 uma honraria ao trabalho que tem sido desenvolvido na Educa\u00e7\u00e3o do nosso munic\u00edpio, atrav\u00e9s de todo esfor\u00e7o e compromisso da gest\u00e3o Suzana Ramos, somado \u00e0 entrega dos nossos servidores, que se dedicam diariamente para construir e oferecer a popula\u00e7\u00e3o juazeirense servi\u00e7os de excel\u00eancia, atrav\u00e9s da seriedade de boas pr\u00e1ticas da gest\u00e3o p\u00fablica. Somos muito gratos ao Grupo Bandeirantes de Comunica\u00e7\u00e3o e ao instituto Aquila por essa importante iniciativa de valoriza\u00e7\u00e3o ao nosso trabalho\u201d, comentou o secret\u00e1rio de Educa\u00e7\u00e3o e Juventude, Wank Medrado.<\/p>\n<p style=\"font-weight: 400;\">A superintendente de ensino da Seduc, Willany Cunha, comentou sobre seu sentimento em representar o munic\u00edpio na solenidade de premia\u00e7\u00e3o. \u201cO Pr\u00eamio Band Cidades Excelentes foi projetado para ser o Oscar da gest\u00e3o p\u00fablica. Poder representar Juazeiro e a Educa\u00e7\u00e3o municipal foi motivo de muito orgulho e emo\u00e7\u00e3o, principalmente quando consideramos que pelo segundo ano consecutivo estamos recebendo esta premia\u00e7\u00e3o, o que refor\u00e7a que estamos sendo assertivos, al\u00e9m de servir de grande incentivo para vencermos novos desafios e buscarmos novas conquistas\u201d, falou Willany.<\/p>\n<p style=\"font-weight: 400;\">Al\u00e9m de Juazeiro, mais 17 munic\u00edpios baianos foram premiados de acordo com o segmento populacional e os pilares: efici\u00eancia fiscal e transpar\u00eancia; educa\u00e7\u00e3o; sa\u00fade e bem-estar; infraestrutura e mobilidade urbana; e desenvolvimento socioecon\u00f4mico e ordem p\u00fablica.<\/p>\n<p style=\"font-weight: 400;\">Texto: Camila Santana \u2013 Ascom\/Seduc\/PMJ<\/p>\n","protected":false},"excerpt":{"rendered":"<p>Pelo segundo ano consecutivo, a gest\u00e3o Suzana Ramos \u00e9 premiada por boas pr\u00e1ticas em gest\u00e3o municipal. Concorrendo ao \u2018Pr\u00eamio Band Cidades Excelentes\u2019, da TV Band Bahia, na categoria \u201cEduca\u00e7\u00e3o\u201d, entre as cidades baianas com mais de 100 mil habitantes, a Prefeitura de Juazeiro conquistou o 3\u00ba lugar no pr\u00eamio Band Cidades Excelentes no pilar educa\u00e7\u00e3o, dividindo o p\u00f3dio com Vit\u00f3ria da Conquista e Santo Ant\u00f4nio de Jesus. A solenidade de premia\u00e7\u00e3o da etapa estadual, aconteceu na sede da TV Bandeirantes, na Federa\u00e7\u00e3o, bairro da capital baiana, na noite desta quarta-feira (23). Esta \u00e9 a 2\u00aa edi\u00e7\u00e3o do projeto formatado pela emissora, em parceria com o Instituto Aquila, para identificar com rigor t\u00e9cnico e premiar boas pr\u00e1ticas de gestores municipais de&hellip; <\/p>\n","protected":false},"author":2,"featured_media":327966,"comment_status":"open","ping_status":"open","sticky":false,"template":"","format":"standard","meta":{"_acf_changed":false,"footnotes":""},"categories":[44],"tags":[],"class_list":["post-327965","post","type-post","status-publish","format-standard","has-post-thumbnail","hentry","category-administracao"],"acf":[],"yoast_head":"<!-- This site is optimized with the Yoast SEO plugin v27.4 - https:\/\/yoast.com\/product\/yoast-seo-wordpress\/ -->\n<title>Gest\u00e3o Suzana Ramos tem Educa\u00e7\u00e3o reconhecida pela segunda vez e se destaca entre as melhores do Estado - Blog do Farn\u00e9sio<\/title>\n<meta name=\"robots\" content=\"index, follow, max-snippet:-1, max-image-preview:large, max-video-preview:-1\" \/>\n<link rel=\"canonical\" href=\"https:\/\/blogdofarnesio.com.br\/?p=327965\" \/>\n<meta property=\"og:locale\" content=\"pt_BR\" \/>\n<meta property=\"og:type\" content=\"article\" \/>\n<meta property=\"og:title\" content=\"Gest\u00e3o Suzana Ramos tem Educa\u00e7\u00e3o reconhecida pela segunda vez e se destaca entre as melhores do Estado - Blog do Farn\u00e9sio\" \/>\n<meta property=\"og:description\" content=\"Pelo segundo ano consecutivo, a gest\u00e3o Suzana Ramos \u00e9 premiada por boas pr\u00e1ticas em gest\u00e3o municipal. Concorrendo ao \u2018Pr\u00eamio Band Cidades Excelentes\u2019, da TV Band Bahia, na categoria \u201cEduca\u00e7\u00e3o\u201d, entre as cidades baianas com mais de 100 mil habitantes, a Prefeitura de Juazeiro conquistou o 3\u00ba lugar no pr\u00eamio Band Cidades Excelentes no pilar educa\u00e7\u00e3o, dividindo o p\u00f3dio com Vit\u00f3ria da Conquista e Santo Ant\u00f4nio de Jesus. A solenidade de premia\u00e7\u00e3o da etapa estadual, aconteceu na sede da TV Bandeirantes, na Federa\u00e7\u00e3o, bairro da capital baiana, na noite desta quarta-feira (23). Esta \u00e9 a 2\u00aa edi\u00e7\u00e3o do projeto formatado pela emissora, em parceria com o Instituto Aquila, para identificar com rigor t\u00e9cnico e premiar boas pr\u00e1ticas de gestores municipais de&hellip;\" \/>\n<meta property=\"og:url\" content=\"https:\/\/blogdofarnesio.com.br\/?p=327965\" \/>\n<meta property=\"og:site_name\" content=\"Blog do Farn\u00e9sio\" \/>\n<meta property=\"article:publisher\" content=\"https:\/\/www.facebook.com\/BlogQuerSaberPolitica\/\" \/>\n<meta property=\"article:author\" content=\"https:\/\/www.facebook.com\/?ref=tn_tnmn\" \/>\n<meta property=\"article:published_time\" content=\"2022-11-25T16:00:35+00:00\" \/>\n<meta property=\"og:image\" content=\"https:\/\/blogdofarnesio.com.br\/wp-content\/uploads\/2022\/11\/f70d7a34-4947-4e40-b9c7-3e5b98b2851d-e1669326303289.jpg\" \/>\n\t<meta property=\"og:image:width\" content=\"620\" \/>\n\t<meta property=\"og:image:height\" content=\"435\" \/>\n\t<meta property=\"og:image:type\" content=\"image\/jpeg\" \/>\n<meta name=\"author\" content=\"Farn\u00e9sio\" \/>\n<meta name=\"twitter:card\" content=\"summary_large_image\" \/>\n<meta name=\"twitter:label1\" content=\"Escrito por\" \/>\n\t<meta name=\"twitter:data1\" content=\"Farn\u00e9sio\" \/>\n\t<meta name=\"twitter:label2\" content=\"Est. tempo de leitura\" \/>\n\t<meta name=\"twitter:data2\" content=\"3 minutos\" \/>\n<script type=\"application\/ld+json\" class=\"yoast-schema-graph\">{\"@context\":\"https:\\\/\\\/schema.org\",\"@graph\":[{\"@type\":\"Article\",\"@id\":\"https:\\\/\\\/blogdofarnesio.com.br\\\/?p=327965#article\",\"isPartOf\":{\"@id\":\"https:\\\/\\\/blogdofarnesio.com.br\\\/?p=327965\"},\"author\":{\"name\":\"Farn\u00e9sio\",\"@id\":\"https:\\\/\\\/blogdofarnesio.com.br\\\/#\\\/schema\\\/person\\\/bb9b23ae3ad0609ce8df7b6c9e76824d\"},\"headline\":\"Gest\u00e3o Suzana Ramos tem Educa\u00e7\u00e3o reconhecida pela segunda vez e se destaca entre as melhores do Estado\",\"datePublished\":\"2022-11-25T16:00:35+00:00\",\"mainEntityOfPage\":{\"@id\":\"https:\\\/\\\/blogdofarnesio.com.br\\\/?p=327965\"},\"wordCount\":524,\"commentCount\":0,\"publisher\":{\"@id\":\"https:\\\/\\\/blogdofarnesio.com.br\\\/#organization\"},\"image\":{\"@id\":\"https:\\\/\\\/blogdofarnesio.com.br\\\/?p=327965#primaryimage\"},\"thumbnailUrl\":\"https:\\\/\\\/blogdofarnesio.com.br\\\/wp-content\\\/uploads\\\/2022\\\/11\\\/f70d7a34-4947-4e40-b9c7-3e5b98b2851d-e1669326303289.jpg\",\"articleSection\":[\"Administra\u00e7\u00e3o\"],\"inLanguage\":\"pt-BR\",\"potentialAction\":[{\"@type\":\"CommentAction\",\"name\":\"Comment\",\"target\":[\"https:\\\/\\\/blogdofarnesio.com.br\\\/?p=327965#respond\"]}]},{\"@type\":\"WebPage\",\"@id\":\"https:\\\/\\\/blogdofarnesio.com.br\\\/?p=327965\",\"url\":\"https:\\\/\\\/blogdofarnesio.com.br\\\/?p=327965\",\"name\":\"Gest\u00e3o Suzana Ramos tem Educa\u00e7\u00e3o reconhecida pela segunda vez e se destaca entre as melhores do Estado - Blog do Farn\u00e9sio\",\"isPartOf\":{\"@id\":\"https:\\\/\\\/blogdofarnesio.com.br\\\/#website\"},\"primaryImageOfPage\":{\"@id\":\"https:\\\/\\\/blogdofarnesio.com.br\\\/?p=327965#primaryimage\"},\"image\":{\"@id\":\"https:\\\/\\\/blogdofarnesio.com.br\\\/?p=327965#primaryimage\"},\"thumbnailUrl\":\"https:\\\/\\\/blogdofarnesio.com.br\\\/wp-content\\\/uploads\\\/2022\\\/11\\\/f70d7a34-4947-4e40-b9c7-3e5b98b2851d-e1669326303289.jpg\",\"datePublished\":\"2022-11-25T16:00:35+00:00\",\"breadcrumb\":{\"@id\":\"https:\\\/\\\/blogdofarnesio.com.br\\\/?p=327965#breadcrumb\"},\"inLanguage\":\"pt-BR\",\"potentialAction\":[{\"@type\":\"ReadAction\",\"target\":[\"https:\\\/\\\/blogdofarnesio.com.br\\\/?p=327965\"]}]},{\"@type\":\"ImageObject\",\"inLanguage\":\"pt-BR\",\"@id\":\"https:\\\/\\\/blogdofarnesio.com.br\\\/?p=327965#primaryimage\",\"url\":\"https:\\\/\\\/blogdofarnesio.com.br\\\/wp-content\\\/uploads\\\/2022\\\/11\\\/f70d7a34-4947-4e40-b9c7-3e5b98b2851d-e1669326303289.jpg\",\"contentUrl\":\"https:\\\/\\\/blogdofarnesio.com.br\\\/wp-content\\\/uploads\\\/2022\\\/11\\\/f70d7a34-4947-4e40-b9c7-3e5b98b2851d-e1669326303289.jpg\",\"width\":620,\"height\":435},{\"@type\":\"BreadcrumbList\",\"@id\":\"https:\\\/\\\/blogdofarnesio.com.br\\\/?p=327965#breadcrumb\",\"itemListElement\":[{\"@type\":\"ListItem\",\"position\":1,\"name\":\"In\u00edcio\",\"item\":\"https:\\\/\\\/blogdofarnesio.com.br\\\/\"},{\"@type\":\"ListItem\",\"position\":2,\"name\":\"Gest\u00e3o Suzana Ramos tem Educa\u00e7\u00e3o reconhecida pela segunda vez e se destaca entre as melhores do Estado\"}]},{\"@type\":\"WebSite\",\"@id\":\"https:\\\/\\\/blogdofarnesio.com.br\\\/#website\",\"url\":\"https:\\\/\\\/blogdofarnesio.com.br\\\/\",\"name\":\"Blog do Farn\u00e9sio\",\"description\":\"Quer Saber Pol\u00edtica?\",\"publisher\":{\"@id\":\"https:\\\/\\\/blogdofarnesio.com.br\\\/#organization\"},\"potentialAction\":[{\"@type\":\"SearchAction\",\"target\":{\"@type\":\"EntryPoint\",\"urlTemplate\":\"https:\\\/\\\/blogdofarnesio.com.br\\\/?s={search_term_string}\"},\"query-input\":{\"@type\":\"PropertyValueSpecification\",\"valueRequired\":true,\"valueName\":\"search_term_string\"}}],\"inLanguage\":\"pt-BR\"},{\"@type\":\"Organization\",\"@id\":\"https:\\\/\\\/blogdofarnesio.com.br\\\/#organization\",\"name\":\"Blog do Farn\u00e9sio\",\"url\":\"https:\\\/\\\/blogdofarnesio.com.br\\\/\",\"logo\":{\"@type\":\"ImageObject\",\"inLanguage\":\"pt-BR\",\"@id\":\"https:\\\/\\\/blogdofarnesio.com.br\\\/#\\\/schema\\\/logo\\\/image\\\/\",\"url\":\"https:\\\/\\\/blogdofarnesio.com.br\\\/wp-content\\\/uploads\\\/2026\\\/03\\\/cropped-logo_new-1.png\",\"contentUrl\":\"https:\\\/\\\/blogdofarnesio.com.br\\\/wp-content\\\/uploads\\\/2026\\\/03\\\/cropped-logo_new-1.png\",\"width\":881,\"height\":685,\"caption\":\"Blog do Farn\u00e9sio\"},\"image\":{\"@id\":\"https:\\\/\\\/blogdofarnesio.com.br\\\/#\\\/schema\\\/logo\\\/image\\\/\"},\"sameAs\":[\"https:\\\/\\\/www.facebook.com\\\/BlogQuerSaberPolitica\\\/\"]},{\"@type\":\"Person\",\"@id\":\"https:\\\/\\\/blogdofarnesio.com.br\\\/#\\\/schema\\\/person\\\/bb9b23ae3ad0609ce8df7b6c9e76824d\",\"name\":\"Farn\u00e9sio\",\"image\":{\"@type\":\"ImageObject\",\"inLanguage\":\"pt-BR\",\"@id\":\"https:\\\/\\\/secure.gravatar.com\\\/avatar\\\/986aa4c61ccdb66f8555bf88fc2a65609d00bcabd4d2d94377a727547345cbca?s=96&d=mm&r=g\",\"url\":\"https:\\\/\\\/secure.gravatar.com\\\/avatar\\\/986aa4c61ccdb66f8555bf88fc2a65609d00bcabd4d2d94377a727547345cbca?s=96&d=mm&r=g\",\"contentUrl\":\"https:\\\/\\\/secure.gravatar.com\\\/avatar\\\/986aa4c61ccdb66f8555bf88fc2a65609d00bcabd4d2d94377a727547345cbca?s=96&d=mm&r=g\",\"caption\":\"Farn\u00e9sio\"},\"description\":\"Radialista blogueiro, chegou a Petrolina\\\/Juazeiro em setembro de 1980, Farn\u00e9sio Silva \u00e9 de Arapiraca-Alagoas.\",\"sameAs\":[\"http:\\\/\\\/blogdofarnesio.com.br\",\"https:\\\/\\\/www.facebook.com\\\/?ref=tn_tnmn\",\"https:\\\/\\\/www.instagram.com\\\/?utm_source=pwa_homescreen\",\"https:\\\/\\\/youtube.com.br\\\/\"],\"url\":\"https:\\\/\\\/blogdofarnesio.com.br\\\/?author=2\"}]}<\/script>\n<!-- \/ Yoast SEO plugin. -->","yoast_head_json":{"title":"Gest\u00e3o Suzana Ramos tem Educa\u00e7\u00e3o reconhecida pela segunda vez e se destaca entre as melhores do Estado - Blog do Farn\u00e9sio","robots":{"index":"index","follow":"follow","max-snippet":"max-snippet:-1","max-image-preview":"max-image-preview:large","max-video-preview":"max-video-preview:-1"},"canonical":"https:\/\/blogdofarnesio.com.br\/?p=327965","og_locale":"pt_BR","og_type":"article","og_title":"Gest\u00e3o Suzana Ramos tem Educa\u00e7\u00e3o reconhecida pela segunda vez e se destaca entre as melhores do Estado - Blog do Farn\u00e9sio","og_description":"Pelo segundo ano consecutivo, a gest\u00e3o Suzana Ramos \u00e9 premiada por boas pr\u00e1ticas em gest\u00e3o municipal. Concorrendo ao \u2018Pr\u00eamio Band Cidades Excelentes\u2019, da TV Band Bahia, na categoria \u201cEduca\u00e7\u00e3o\u201d, entre as cidades baianas com mais de 100 mil habitantes, a Prefeitura de Juazeiro conquistou o 3\u00ba lugar no pr\u00eamio Band Cidades Excelentes no pilar educa\u00e7\u00e3o, dividindo o p\u00f3dio com Vit\u00f3ria da Conquista e Santo Ant\u00f4nio de Jesus. A solenidade de premia\u00e7\u00e3o da etapa estadual, aconteceu na sede da TV Bandeirantes, na Federa\u00e7\u00e3o, bairro da capital baiana, na noite desta quarta-feira (23). Esta \u00e9 a 2\u00aa edi\u00e7\u00e3o do projeto formatado pela emissora, em parceria com o Instituto Aquila, para identificar com rigor t\u00e9cnico e premiar boas pr\u00e1ticas de gestores municipais de&hellip;","og_url":"https:\/\/blogdofarnesio.com.br\/?p=327965","og_site_name":"Blog do Farn\u00e9sio","article_publisher":"https:\/\/www.facebook.com\/BlogQuerSaberPolitica\/","article_author":"https:\/\/www.facebook.com\/?ref=tn_tnmn","article_published_time":"2022-11-25T16:00:35+00:00","og_image":[{"width":620,"height":435,"url":"https:\/\/blogdofarnesio.com.br\/wp-content\/uploads\/2022\/11\/f70d7a34-4947-4e40-b9c7-3e5b98b2851d-e1669326303289.jpg","type":"image\/jpeg"}],"author":"Farn\u00e9sio","twitter_card":"summary_large_image","twitter_misc":{"Escrito por":"Farn\u00e9sio","Est. tempo de leitura":"3 minutos"},"schema":{"@context":"https:\/\/schema.org","@graph":[{"@type":"Article","@id":"https:\/\/blogdofarnesio.com.br\/?p=327965#article","isPartOf":{"@id":"https:\/\/blogdofarnesio.com.br\/?p=327965"},"author":{"name":"Farn\u00e9sio","@id":"https:\/\/blogdofarnesio.com.br\/#\/schema\/person\/bb9b23ae3ad0609ce8df7b6c9e76824d"},"headline":"Gest\u00e3o Suzana Ramos tem Educa\u00e7\u00e3o reconhecida pela segunda vez e se destaca entre as melhores do Estado","datePublished":"2022-11-25T16:00:35+00:00","mainEntityOfPage":{"@id":"https:\/\/blogdofarnesio.com.br\/?p=327965"},"wordCount":524,"commentCount":0,"publisher":{"@id":"https:\/\/blogdofarnesio.com.br\/#organization"},"image":{"@id":"https:\/\/blogdofarnesio.com.br\/?p=327965#primaryimage"},"thumbnailUrl":"https:\/\/blogdofarnesio.com.br\/wp-content\/uploads\/2022\/11\/f70d7a34-4947-4e40-b9c7-3e5b98b2851d-e1669326303289.jpg","articleSection":["Administra\u00e7\u00e3o"],"inLanguage":"pt-BR","potentialAction":[{"@type":"CommentAction","name":"Comment","target":["https:\/\/blogdofarnesio.com.br\/?p=327965#respond"]}]},{"@type":"WebPage","@id":"https:\/\/blogdofarnesio.com.br\/?p=327965","url":"https:\/\/blogdofarnesio.com.br\/?p=327965","name":"Gest\u00e3o Suzana Ramos tem Educa\u00e7\u00e3o reconhecida pela segunda vez e se destaca entre as melhores do Estado - Blog do Farn\u00e9sio","isPartOf":{"@id":"https:\/\/blogdofarnesio.com.br\/#website"},"primaryImageOfPage":{"@id":"https:\/\/blogdofarnesio.com.br\/?p=327965#primaryimage"},"image":{"@id":"https:\/\/blogdofarnesio.com.br\/?p=327965#primaryimage"},"thumbnailUrl":"https:\/\/blogdofarnesio.com.br\/wp-content\/uploads\/2022\/11\/f70d7a34-4947-4e40-b9c7-3e5b98b2851d-e1669326303289.jpg","datePublished":"2022-11-25T16:00:35+00:00","breadcrumb":{"@id":"https:\/\/blogdofarnesio.com.br\/?p=327965#breadcrumb"},"inLanguage":"pt-BR","potentialAction":[{"@type":"ReadAction","target":["https:\/\/blogdofarnesio.com.br\/?p=327965"]}]},{"@type":"ImageObject","inLanguage":"pt-BR","@id":"https:\/\/blogdofarnesio.com.br\/?p=327965#primaryimage","url":"https:\/\/blogdofarnesio.com.br\/wp-content\/uploads\/2022\/11\/f70d7a34-4947-4e40-b9c7-3e5b98b2851d-e1669326303289.jpg","contentUrl":"https:\/\/blogdofarnesio.com.br\/wp-content\/uploads\/2022\/11\/f70d7a34-4947-4e40-b9c7-3e5b98b2851d-e1669326303289.jpg","width":620,"height":435},{"@type":"BreadcrumbList","@id":"https:\/\/blogdofarnesio.com.br\/?p=327965#breadcrumb","itemListElement":[{"@type":"ListItem","position":1,"name":"In\u00edcio","item":"https:\/\/blogdofarnesio.com.br\/"},{"@type":"ListItem","position":2,"name":"Gest\u00e3o Suzana Ramos tem Educa\u00e7\u00e3o reconhecida pela segunda vez e se destaca entre as melhores do Estado"}]},{"@type":"WebSite","@id":"https:\/\/blogdofarnesio.com.br\/#website","url":"https:\/\/blogdofarnesio.com.br\/","name":"Blog do Farn\u00e9sio","description":"Quer Saber Pol\u00edtica?","publisher":{"@id":"https:\/\/blogdofarnesio.com.br\/#organization"},"potentialAction":[{"@type":"SearchAction","target":{"@type":"EntryPoint","urlTemplate":"https:\/\/blogdofarnesio.com.br\/?s={search_term_string}"},"query-input":{"@type":"PropertyValueSpecification","valueRequired":true,"valueName":"search_term_string"}}],"inLanguage":"pt-BR"},{"@type":"Organization","@id":"https:\/\/blogdofarnesio.com.br\/#organization","name":"Blog do Farn\u00e9sio","url":"https:\/\/blogdofarnesio.com.br\/","logo":{"@type":"ImageObject","inLanguage":"pt-BR","@id":"https:\/\/blogdofarnesio.com.br\/#\/schema\/logo\/image\/","url":"https:\/\/blogdofarnesio.com.br\/wp-content\/uploads\/2026\/03\/cropped-logo_new-1.png","contentUrl":"https:\/\/blogdofarnesio.com.br\/wp-content\/uploads\/2026\/03\/cropped-logo_new-1.png","width":881,"height":685,"caption":"Blog do Farn\u00e9sio"},"image":{"@id":"https:\/\/blogdofarnesio.com.br\/#\/schema\/logo\/image\/"},"sameAs":["https:\/\/www.facebook.com\/BlogQuerSaberPolitica\/"]},{"@type":"Person","@id":"https:\/\/blogdofarnesio.com.br\/#\/schema\/person\/bb9b23ae3ad0609ce8df7b6c9e76824d","name":"Farn\u00e9sio","image":{"@type":"ImageObject","inLanguage":"pt-BR","@id":"https:\/\/secure.gravatar.com\/avatar\/986aa4c61ccdb66f8555bf88fc2a65609d00bcabd4d2d94377a727547345cbca?s=96&d=mm&r=g","url":"https:\/\/secure.gravatar.com\/avatar\/986aa4c61ccdb66f8555bf88fc2a65609d00bcabd4d2d94377a727547345cbca?s=96&d=mm&r=g","contentUrl":"https:\/\/secure.gravatar.com\/avatar\/986aa4c61ccdb66f8555bf88fc2a65609d00bcabd4d2d94377a727547345cbca?s=96&d=mm&r=g","caption":"Farn\u00e9sio"},"description":"Radialista blogueiro, chegou a Petrolina\/Juazeiro em setembro de 1980, Farn\u00e9sio Silva \u00e9 de Arapiraca-Alagoas.","sameAs":["http:\/\/blogdofarnesio.com.br","https:\/\/www.facebook.com\/?ref=tn_tnmn","https:\/\/www.instagram.com\/?utm_source=pwa_homescreen","https:\/\/youtube.com.br\/"],"url":"https:\/\/blogdofarnesio.com.br\/?author=2"}]}},"_links":{"self":[{"href":"https:\/\/blogdofarnesio.com.br\/index.php?rest_route=\/wp\/v2\/posts\/327965","targetHints":{"allow":["GET"]}}],"collection":[{"href":"https:\/\/blogdofarnesio.com.br\/index.php?rest_route=\/wp\/v2\/posts"}],"about":[{"href":"https:\/\/blogdofarnesio.com.br\/index.php?rest_route=\/wp\/v2\/types\/post"}],"author":[{"embeddable":true,"href":"https:\/\/blogdofarnesio.com.br\/index.php?rest_route=\/wp\/v2\/users\/2"}],"replies":[{"embeddable":true,"href":"https:\/\/blogdofarnesio.com.br\/index.php?rest_route=%2Fwp%2Fv2%2Fcomments&post=327965"}],"version-history":[{"count":0,"href":"https:\/\/blogdofarnesio.com.br\/index.php?rest_route=\/wp\/v2\/posts\/327965\/revisions"}],"wp:featuredmedia":[{"embeddable":true,"href":"https:\/\/blogdofarnesio.com.br\/index.php?rest_route=\/wp\/v2\/media\/327966"}],"wp:attachment":[{"href":"https:\/\/blogdofarnesio.com.br\/index.php?rest_route=%2Fwp%2Fv2%2Fmedia&parent=327965"}],"wp:term":[{"taxonomy":"category","embeddable":true,"href":"https:\/\/blogdofarnesio.com.br\/index.php?rest_route=%2Fwp%2Fv2%2Fcategories&post=327965"},{"taxonomy":"post_tag","embeddable":true,"href":"https:\/\/blogdofarnesio.com.br\/index.php?rest_route=%2Fwp%2Fv2%2Ftags&post=327965"}],"curies":[{"name":"wp","href":"https:\/\/api.w.org\/{rel}","templated":true}]}}