{"id":327224,"date":"2022-11-16T07:20:05","date_gmt":"2022-11-16T10:20:05","guid":{"rendered":"https:\/\/blogdofarnesio.com.br\/?p=327224"},"modified":"2022-11-15T16:21:20","modified_gmt":"2022-11-15T19:21:20","slug":"juazeiro-altera-pontos-de-vacinacao-contra-a-covid-19-a-partir-de-hoje-16","status":"publish","type":"post","link":"https:\/\/blogdofarnesio.com.br\/?p=327224","title":{"rendered":"Juazeiro altera pontos de vacina\u00e7\u00e3o contra a Covid-19, a partir de hoje (16)"},"content":{"rendered":"<p style=\"font-weight: 400;\">A partir desta quarta-feira (16) a vacina\u00e7\u00e3o Covid-19 continuar\u00e1 sendo disponibilizada nas Unidades B\u00e1sicas de Sa\u00fade em Juazeiro (UBSs). A mudan\u00e7a foi adequada \u00e0 atual demanda pela vacina\u00e7\u00e3o contra a Covid-19 e, devido a isso, os pontos volantes foram encerrados.<\/p>\n<p style=\"font-weight: 400;\">\u201cDescentralizamos a vacina\u00e7\u00e3o contra a Covid-19 nas UBSs, justamente para facilitar o acesso do cidad\u00e3o \u00e0 vacina. Al\u00e9m disso, notamos uma baixa procura nos pontos volantes (Shopping, Unibr\u00e1s e Ju\u00e1 Garden Shopping), decidimos alterar a estrat\u00e9gia\u201d, destacou a superintendente de Vigil\u00e2ncia em Sa\u00fade da Sesau, Caroline Moraes<\/p>\n<p style=\"font-weight: 400;\">A vacina\u00e7\u00e3o em Juazeiro est\u00e1 sendo realizada nas seguintes UBSs:<\/p>\n<p style=\"font-weight: 400;\"><strong>Quarta-feira<\/strong><\/p>\n<p style=\"font-weight: 400;\">UBSs: Jo\u00e3o Paulo II, Alto do Cruzeiro, Palmares, Piranga, Dom Jos\u00e9 Rodrigues, Argemiro, Penha\/ Jardim Vit\u00f3ria, Jardim Fl\u00f3rida, Maring\u00e1, Santo Ant\u00f4nio, Caic, S\u00e3o Geraldo, Vila Jacar\u00e9, Quid\u00e9, CSU, Parque Residencial, Jo\u00e3o Paulo II, Residencial Juazeiro, Tabuleiro, Alto da Alian\u00e7a, Alagadi\u00e7o, Alto da Maravilha, Angari e Novo Encontro.<\/p>\n<p style=\"font-weight: 400;\"><strong>Quinta-feira<\/strong><\/p>\n<p style=\"font-weight: 400;\">UBSs: Jo\u00e3o Paulo II, Alto do Cruzeiro, Piranga, Dom Jos\u00e9 Rodrigues,\u00a0 Argemiro, Penha\/Jardim Vit\u00f3ria, Jardim Fl\u00f3rida, Maring\u00e1, Santo Ant\u00f4nio, Caic, S\u00e3o Geraldo, Vila Jacar\u00e9, Quid\u00e9, CSU, Ant\u00f4nio Guilhermino, Residencial Juazeiro, Tabuleiro, Palmares, Parque Residencial, Jo\u00e3o XXIII, Alto da Alian\u00e7a, Alagadi\u00e7o, Alto da Maravilha, Angari e Novo Encontro.<\/p>\n<p style=\"font-weight: 400;\">\n<p style=\"font-weight: 400;\"><strong>Sexta-feira<\/strong><\/p>\n<p style=\"font-weight: 400;\">\n<p style=\"font-weight: 400;\">UBSs: Residencial Juazeiro, Itaberaba, Jo\u00e3o Paulo II, Alto do Cruzeiro, Piranga, Dom Jos\u00e9 Rodrigues, Argemiro, Penha\/Jardim Vit\u00f3ria, Jardim Fl\u00f3rida, Maring\u00e1, Santo Ant\u00f4nio, Caic, S\u00e3o Geraldo, Vila Jacar\u00e9, Palmares, Parque Residencial, Alto da Alian\u00e7a, Alagadi\u00e7o, Alto da Maravilha, Angari e Novo Encontro.<\/p>\n<p style=\"font-weight: 400;\"><strong>\u00a0<\/strong><\/p>\n<p style=\"font-weight: 400;\"><strong>Documentos<\/strong><\/p>\n<p style=\"font-weight: 400;\"><strong>\u00a0<\/strong><\/p>\n<p style=\"font-weight: 400;\">Para vacinar, \u00e9 preciso levar RG, CPF ou Cart\u00e3o SUS e o cart\u00e3o de vacina. A dose de refor\u00e7o \u00e9 aplicada em pessoas a partir dos 12 anos que j\u00e1 tenham 4 meses de intervalo em rela\u00e7\u00e3o \u00e0 segunda dose. A quarta dose \u00e9 aplicada em pessoas a partir dos 18 anos que j\u00e1 tenham 4 meses de intervalo em rela\u00e7\u00e3o \u00e1 dose de refor\u00e7o. Crian\u00e7as precisam estar acompanhadas do pai ou da m\u00e3e. No caso de outro respons\u00e1vel, \u00e9 preciso que\u00a0 o pai ou a m\u00e3e emita uma autoriza\u00e7\u00e3o assinada.<\/p>\n<p style=\"font-weight: 400;\">\n<p style=\"font-weight: 400;\">Texto: Amanda Franco \u2013 Ascom Sesau PMJ<\/p>\n","protected":false},"excerpt":{"rendered":"<p>A partir desta quarta-feira (16) a vacina\u00e7\u00e3o Covid-19 continuar\u00e1 sendo disponibilizada nas Unidades B\u00e1sicas de Sa\u00fade em Juazeiro (UBSs). A mudan\u00e7a foi adequada \u00e0 atual demanda pela vacina\u00e7\u00e3o contra a Covid-19 e, devido a isso, os pontos volantes foram encerrados. \u201cDescentralizamos a vacina\u00e7\u00e3o contra a Covid-19 nas UBSs, justamente para facilitar o acesso do cidad\u00e3o \u00e0 vacina. Al\u00e9m disso, notamos uma baixa procura nos pontos volantes (Shopping, Unibr\u00e1s e Ju\u00e1 Garden Shopping), decidimos alterar a estrat\u00e9gia\u201d, destacou a superintendente de Vigil\u00e2ncia em Sa\u00fade da Sesau, Caroline Moraes A vacina\u00e7\u00e3o em Juazeiro est\u00e1 sendo realizada nas seguintes UBSs: Quarta-feira UBSs: Jo\u00e3o Paulo II, Alto do Cruzeiro, Palmares, Piranga, Dom Jos\u00e9 Rodrigues, Argemiro, Penha\/ Jardim Vit\u00f3ria, Jardim Fl\u00f3rida, Maring\u00e1, Santo Ant\u00f4nio, Caic,&hellip; <\/p>\n","protected":false},"author":2,"featured_media":314466,"comment_status":"open","ping_status":"open","sticky":false,"template":"","format":"standard","meta":{"_acf_changed":false,"footnotes":""},"categories":[4],"tags":[],"class_list":["post-327224","post","type-post","status-publish","format-standard","has-post-thumbnail","hentry","category-saude"],"acf":[],"yoast_head":"<!-- This site is optimized with the Yoast SEO plugin v27.4 - https:\/\/yoast.com\/product\/yoast-seo-wordpress\/ -->\n<title>Juazeiro altera pontos de vacina\u00e7\u00e3o contra a Covid-19, a partir de hoje (16) - Blog do Farn\u00e9sio<\/title>\n<meta name=\"robots\" content=\"index, follow, max-snippet:-1, max-image-preview:large, max-video-preview:-1\" \/>\n<link rel=\"canonical\" href=\"https:\/\/blogdofarnesio.com.br\/?p=327224\" \/>\n<meta property=\"og:locale\" content=\"pt_BR\" \/>\n<meta property=\"og:type\" content=\"article\" \/>\n<meta property=\"og:title\" content=\"Juazeiro altera pontos de vacina\u00e7\u00e3o contra a Covid-19, a partir de hoje (16) - Blog do Farn\u00e9sio\" \/>\n<meta property=\"og:description\" content=\"A partir desta quarta-feira (16) a vacina\u00e7\u00e3o Covid-19 continuar\u00e1 sendo disponibilizada nas Unidades B\u00e1sicas de Sa\u00fade em Juazeiro (UBSs). A mudan\u00e7a foi adequada \u00e0 atual demanda pela vacina\u00e7\u00e3o contra a Covid-19 e, devido a isso, os pontos volantes foram encerrados. \u201cDescentralizamos a vacina\u00e7\u00e3o contra a Covid-19 nas UBSs, justamente para facilitar o acesso do cidad\u00e3o \u00e0 vacina. Al\u00e9m disso, notamos uma baixa procura nos pontos volantes (Shopping, Unibr\u00e1s e Ju\u00e1 Garden Shopping), decidimos alterar a estrat\u00e9gia\u201d, destacou a superintendente de Vigil\u00e2ncia em Sa\u00fade da Sesau, Caroline Moraes A vacina\u00e7\u00e3o em Juazeiro est\u00e1 sendo realizada nas seguintes UBSs: Quarta-feira UBSs: Jo\u00e3o Paulo II, Alto do Cruzeiro, Palmares, Piranga, Dom Jos\u00e9 Rodrigues, Argemiro, Penha\/ Jardim Vit\u00f3ria, Jardim Fl\u00f3rida, Maring\u00e1, Santo Ant\u00f4nio, Caic,&hellip;\" \/>\n<meta property=\"og:url\" content=\"https:\/\/blogdofarnesio.com.br\/?p=327224\" \/>\n<meta property=\"og:site_name\" content=\"Blog do Farn\u00e9sio\" \/>\n<meta property=\"article:publisher\" content=\"https:\/\/www.facebook.com\/BlogQuerSaberPolitica\/\" \/>\n<meta property=\"article:author\" content=\"https:\/\/www.facebook.com\/?ref=tn_tnmn\" \/>\n<meta property=\"article:published_time\" content=\"2022-11-16T10:20:05+00:00\" \/>\n<meta property=\"og:image\" content=\"https:\/\/blogdofarnesio.com.br\/wp-content\/uploads\/2022\/06\/Vacinacao-contra-a-covid-19-2-e1654089266355.jpeg\" \/>\n\t<meta property=\"og:image:width\" content=\"600\" \/>\n\t<meta property=\"og:image:height\" content=\"400\" \/>\n\t<meta property=\"og:image:type\" content=\"image\/jpeg\" \/>\n<meta name=\"author\" content=\"Farn\u00e9sio\" \/>\n<meta name=\"twitter:card\" content=\"summary_large_image\" \/>\n<meta name=\"twitter:label1\" content=\"Escrito por\" \/>\n\t<meta name=\"twitter:data1\" content=\"Farn\u00e9sio\" \/>\n\t<meta name=\"twitter:label2\" content=\"Est. tempo de leitura\" \/>\n\t<meta name=\"twitter:data2\" content=\"2 minutos\" \/>\n<script type=\"application\/ld+json\" class=\"yoast-schema-graph\">{\"@context\":\"https:\\\/\\\/schema.org\",\"@graph\":[{\"@type\":\"Article\",\"@id\":\"https:\\\/\\\/blogdofarnesio.com.br\\\/?p=327224#article\",\"isPartOf\":{\"@id\":\"https:\\\/\\\/blogdofarnesio.com.br\\\/?p=327224\"},\"author\":{\"name\":\"Farn\u00e9sio\",\"@id\":\"https:\\\/\\\/blogdofarnesio.com.br\\\/#\\\/schema\\\/person\\\/bb9b23ae3ad0609ce8df7b6c9e76824d\"},\"headline\":\"Juazeiro altera pontos de vacina\u00e7\u00e3o contra a Covid-19, a partir de hoje (16)\",\"datePublished\":\"2022-11-16T10:20:05+00:00\",\"mainEntityOfPage\":{\"@id\":\"https:\\\/\\\/blogdofarnesio.com.br\\\/?p=327224\"},\"wordCount\":383,\"commentCount\":0,\"publisher\":{\"@id\":\"https:\\\/\\\/blogdofarnesio.com.br\\\/#organization\"},\"image\":{\"@id\":\"https:\\\/\\\/blogdofarnesio.com.br\\\/?p=327224#primaryimage\"},\"thumbnailUrl\":\"https:\\\/\\\/blogdofarnesio.com.br\\\/wp-content\\\/uploads\\\/2022\\\/06\\\/Vacinacao-contra-a-covid-19-2-e1654089266355.jpeg\",\"articleSection\":[\"Sa\u00fade\"],\"inLanguage\":\"pt-BR\",\"potentialAction\":[{\"@type\":\"CommentAction\",\"name\":\"Comment\",\"target\":[\"https:\\\/\\\/blogdofarnesio.com.br\\\/?p=327224#respond\"]}]},{\"@type\":\"WebPage\",\"@id\":\"https:\\\/\\\/blogdofarnesio.com.br\\\/?p=327224\",\"url\":\"https:\\\/\\\/blogdofarnesio.com.br\\\/?p=327224\",\"name\":\"Juazeiro altera pontos de vacina\u00e7\u00e3o contra a Covid-19, a partir de hoje (16) - Blog do Farn\u00e9sio\",\"isPartOf\":{\"@id\":\"https:\\\/\\\/blogdofarnesio.com.br\\\/#website\"},\"primaryImageOfPage\":{\"@id\":\"https:\\\/\\\/blogdofarnesio.com.br\\\/?p=327224#primaryimage\"},\"image\":{\"@id\":\"https:\\\/\\\/blogdofarnesio.com.br\\\/?p=327224#primaryimage\"},\"thumbnailUrl\":\"https:\\\/\\\/blogdofarnesio.com.br\\\/wp-content\\\/uploads\\\/2022\\\/06\\\/Vacinacao-contra-a-covid-19-2-e1654089266355.jpeg\",\"datePublished\":\"2022-11-16T10:20:05+00:00\",\"breadcrumb\":{\"@id\":\"https:\\\/\\\/blogdofarnesio.com.br\\\/?p=327224#breadcrumb\"},\"inLanguage\":\"pt-BR\",\"potentialAction\":[{\"@type\":\"ReadAction\",\"target\":[\"https:\\\/\\\/blogdofarnesio.com.br\\\/?p=327224\"]}]},{\"@type\":\"ImageObject\",\"inLanguage\":\"pt-BR\",\"@id\":\"https:\\\/\\\/blogdofarnesio.com.br\\\/?p=327224#primaryimage\",\"url\":\"https:\\\/\\\/blogdofarnesio.com.br\\\/wp-content\\\/uploads\\\/2022\\\/06\\\/Vacinacao-contra-a-covid-19-2-e1654089266355.jpeg\",\"contentUrl\":\"https:\\\/\\\/blogdofarnesio.com.br\\\/wp-content\\\/uploads\\\/2022\\\/06\\\/Vacinacao-contra-a-covid-19-2-e1654089266355.jpeg\",\"width\":600,\"height\":400},{\"@type\":\"BreadcrumbList\",\"@id\":\"https:\\\/\\\/blogdofarnesio.com.br\\\/?p=327224#breadcrumb\",\"itemListElement\":[{\"@type\":\"ListItem\",\"position\":1,\"name\":\"In\u00edcio\",\"item\":\"https:\\\/\\\/blogdofarnesio.com.br\\\/\"},{\"@type\":\"ListItem\",\"position\":2,\"name\":\"Juazeiro altera pontos de vacina\u00e7\u00e3o contra a Covid-19, a partir de hoje (16)\"}]},{\"@type\":\"WebSite\",\"@id\":\"https:\\\/\\\/blogdofarnesio.com.br\\\/#website\",\"url\":\"https:\\\/\\\/blogdofarnesio.com.br\\\/\",\"name\":\"Blog do Farn\u00e9sio\",\"description\":\"Quer Saber Pol\u00edtica?\",\"publisher\":{\"@id\":\"https:\\\/\\\/blogdofarnesio.com.br\\\/#organization\"},\"potentialAction\":[{\"@type\":\"SearchAction\",\"target\":{\"@type\":\"EntryPoint\",\"urlTemplate\":\"https:\\\/\\\/blogdofarnesio.com.br\\\/?s={search_term_string}\"},\"query-input\":{\"@type\":\"PropertyValueSpecification\",\"valueRequired\":true,\"valueName\":\"search_term_string\"}}],\"inLanguage\":\"pt-BR\"},{\"@type\":\"Organization\",\"@id\":\"https:\\\/\\\/blogdofarnesio.com.br\\\/#organization\",\"name\":\"Blog do Farn\u00e9sio\",\"url\":\"https:\\\/\\\/blogdofarnesio.com.br\\\/\",\"logo\":{\"@type\":\"ImageObject\",\"inLanguage\":\"pt-BR\",\"@id\":\"https:\\\/\\\/blogdofarnesio.com.br\\\/#\\\/schema\\\/logo\\\/image\\\/\",\"url\":\"https:\\\/\\\/blogdofarnesio.com.br\\\/wp-content\\\/uploads\\\/2026\\\/03\\\/cropped-logo_new-1.png\",\"contentUrl\":\"https:\\\/\\\/blogdofarnesio.com.br\\\/wp-content\\\/uploads\\\/2026\\\/03\\\/cropped-logo_new-1.png\",\"width\":881,\"height\":685,\"caption\":\"Blog do Farn\u00e9sio\"},\"image\":{\"@id\":\"https:\\\/\\\/blogdofarnesio.com.br\\\/#\\\/schema\\\/logo\\\/image\\\/\"},\"sameAs\":[\"https:\\\/\\\/www.facebook.com\\\/BlogQuerSaberPolitica\\\/\"]},{\"@type\":\"Person\",\"@id\":\"https:\\\/\\\/blogdofarnesio.com.br\\\/#\\\/schema\\\/person\\\/bb9b23ae3ad0609ce8df7b6c9e76824d\",\"name\":\"Farn\u00e9sio\",\"image\":{\"@type\":\"ImageObject\",\"inLanguage\":\"pt-BR\",\"@id\":\"https:\\\/\\\/secure.gravatar.com\\\/avatar\\\/986aa4c61ccdb66f8555bf88fc2a65609d00bcabd4d2d94377a727547345cbca?s=96&d=mm&r=g\",\"url\":\"https:\\\/\\\/secure.gravatar.com\\\/avatar\\\/986aa4c61ccdb66f8555bf88fc2a65609d00bcabd4d2d94377a727547345cbca?s=96&d=mm&r=g\",\"contentUrl\":\"https:\\\/\\\/secure.gravatar.com\\\/avatar\\\/986aa4c61ccdb66f8555bf88fc2a65609d00bcabd4d2d94377a727547345cbca?s=96&d=mm&r=g\",\"caption\":\"Farn\u00e9sio\"},\"description\":\"Radialista blogueiro, chegou a Petrolina\\\/Juazeiro em setembro de 1980, Farn\u00e9sio Silva \u00e9 de Arapiraca-Alagoas.\",\"sameAs\":[\"http:\\\/\\\/blogdofarnesio.com.br\",\"https:\\\/\\\/www.facebook.com\\\/?ref=tn_tnmn\",\"https:\\\/\\\/www.instagram.com\\\/?utm_source=pwa_homescreen\",\"https:\\\/\\\/youtube.com.br\\\/\"],\"url\":\"https:\\\/\\\/blogdofarnesio.com.br\\\/?author=2\"}]}<\/script>\n<!-- \/ Yoast SEO plugin. -->","yoast_head_json":{"title":"Juazeiro altera pontos de vacina\u00e7\u00e3o contra a Covid-19, a partir de hoje (16) - Blog do Farn\u00e9sio","robots":{"index":"index","follow":"follow","max-snippet":"max-snippet:-1","max-image-preview":"max-image-preview:large","max-video-preview":"max-video-preview:-1"},"canonical":"https:\/\/blogdofarnesio.com.br\/?p=327224","og_locale":"pt_BR","og_type":"article","og_title":"Juazeiro altera pontos de vacina\u00e7\u00e3o contra a Covid-19, a partir de hoje (16) - Blog do Farn\u00e9sio","og_description":"A partir desta quarta-feira (16) a vacina\u00e7\u00e3o Covid-19 continuar\u00e1 sendo disponibilizada nas Unidades B\u00e1sicas de Sa\u00fade em Juazeiro (UBSs). A mudan\u00e7a foi adequada \u00e0 atual demanda pela vacina\u00e7\u00e3o contra a Covid-19 e, devido a isso, os pontos volantes foram encerrados. \u201cDescentralizamos a vacina\u00e7\u00e3o contra a Covid-19 nas UBSs, justamente para facilitar o acesso do cidad\u00e3o \u00e0 vacina. Al\u00e9m disso, notamos uma baixa procura nos pontos volantes (Shopping, Unibr\u00e1s e Ju\u00e1 Garden Shopping), decidimos alterar a estrat\u00e9gia\u201d, destacou a superintendente de Vigil\u00e2ncia em Sa\u00fade da Sesau, Caroline Moraes A vacina\u00e7\u00e3o em Juazeiro est\u00e1 sendo realizada nas seguintes UBSs: Quarta-feira UBSs: Jo\u00e3o Paulo II, Alto do Cruzeiro, Palmares, Piranga, Dom Jos\u00e9 Rodrigues, Argemiro, Penha\/ Jardim Vit\u00f3ria, Jardim Fl\u00f3rida, Maring\u00e1, Santo Ant\u00f4nio, Caic,&hellip;","og_url":"https:\/\/blogdofarnesio.com.br\/?p=327224","og_site_name":"Blog do Farn\u00e9sio","article_publisher":"https:\/\/www.facebook.com\/BlogQuerSaberPolitica\/","article_author":"https:\/\/www.facebook.com\/?ref=tn_tnmn","article_published_time":"2022-11-16T10:20:05+00:00","og_image":[{"width":600,"height":400,"url":"https:\/\/blogdofarnesio.com.br\/wp-content\/uploads\/2022\/06\/Vacinacao-contra-a-covid-19-2-e1654089266355.jpeg","type":"image\/jpeg"}],"author":"Farn\u00e9sio","twitter_card":"summary_large_image","twitter_misc":{"Escrito por":"Farn\u00e9sio","Est. tempo de leitura":"2 minutos"},"schema":{"@context":"https:\/\/schema.org","@graph":[{"@type":"Article","@id":"https:\/\/blogdofarnesio.com.br\/?p=327224#article","isPartOf":{"@id":"https:\/\/blogdofarnesio.com.br\/?p=327224"},"author":{"name":"Farn\u00e9sio","@id":"https:\/\/blogdofarnesio.com.br\/#\/schema\/person\/bb9b23ae3ad0609ce8df7b6c9e76824d"},"headline":"Juazeiro altera pontos de vacina\u00e7\u00e3o contra a Covid-19, a partir de hoje (16)","datePublished":"2022-11-16T10:20:05+00:00","mainEntityOfPage":{"@id":"https:\/\/blogdofarnesio.com.br\/?p=327224"},"wordCount":383,"commentCount":0,"publisher":{"@id":"https:\/\/blogdofarnesio.com.br\/#organization"},"image":{"@id":"https:\/\/blogdofarnesio.com.br\/?p=327224#primaryimage"},"thumbnailUrl":"https:\/\/blogdofarnesio.com.br\/wp-content\/uploads\/2022\/06\/Vacinacao-contra-a-covid-19-2-e1654089266355.jpeg","articleSection":["Sa\u00fade"],"inLanguage":"pt-BR","potentialAction":[{"@type":"CommentAction","name":"Comment","target":["https:\/\/blogdofarnesio.com.br\/?p=327224#respond"]}]},{"@type":"WebPage","@id":"https:\/\/blogdofarnesio.com.br\/?p=327224","url":"https:\/\/blogdofarnesio.com.br\/?p=327224","name":"Juazeiro altera pontos de vacina\u00e7\u00e3o contra a Covid-19, a partir de hoje (16) - Blog do Farn\u00e9sio","isPartOf":{"@id":"https:\/\/blogdofarnesio.com.br\/#website"},"primaryImageOfPage":{"@id":"https:\/\/blogdofarnesio.com.br\/?p=327224#primaryimage"},"image":{"@id":"https:\/\/blogdofarnesio.com.br\/?p=327224#primaryimage"},"thumbnailUrl":"https:\/\/blogdofarnesio.com.br\/wp-content\/uploads\/2022\/06\/Vacinacao-contra-a-covid-19-2-e1654089266355.jpeg","datePublished":"2022-11-16T10:20:05+00:00","breadcrumb":{"@id":"https:\/\/blogdofarnesio.com.br\/?p=327224#breadcrumb"},"inLanguage":"pt-BR","potentialAction":[{"@type":"ReadAction","target":["https:\/\/blogdofarnesio.com.br\/?p=327224"]}]},{"@type":"ImageObject","inLanguage":"pt-BR","@id":"https:\/\/blogdofarnesio.com.br\/?p=327224#primaryimage","url":"https:\/\/blogdofarnesio.com.br\/wp-content\/uploads\/2022\/06\/Vacinacao-contra-a-covid-19-2-e1654089266355.jpeg","contentUrl":"https:\/\/blogdofarnesio.com.br\/wp-content\/uploads\/2022\/06\/Vacinacao-contra-a-covid-19-2-e1654089266355.jpeg","width":600,"height":400},{"@type":"BreadcrumbList","@id":"https:\/\/blogdofarnesio.com.br\/?p=327224#breadcrumb","itemListElement":[{"@type":"ListItem","position":1,"name":"In\u00edcio","item":"https:\/\/blogdofarnesio.com.br\/"},{"@type":"ListItem","position":2,"name":"Juazeiro altera pontos de vacina\u00e7\u00e3o contra a Covid-19, a partir de hoje (16)"}]},{"@type":"WebSite","@id":"https:\/\/blogdofarnesio.com.br\/#website","url":"https:\/\/blogdofarnesio.com.br\/","name":"Blog do Farn\u00e9sio","description":"Quer Saber Pol\u00edtica?","publisher":{"@id":"https:\/\/blogdofarnesio.com.br\/#organization"},"potentialAction":[{"@type":"SearchAction","target":{"@type":"EntryPoint","urlTemplate":"https:\/\/blogdofarnesio.com.br\/?s={search_term_string}"},"query-input":{"@type":"PropertyValueSpecification","valueRequired":true,"valueName":"search_term_string"}}],"inLanguage":"pt-BR"},{"@type":"Organization","@id":"https:\/\/blogdofarnesio.com.br\/#organization","name":"Blog do Farn\u00e9sio","url":"https:\/\/blogdofarnesio.com.br\/","logo":{"@type":"ImageObject","inLanguage":"pt-BR","@id":"https:\/\/blogdofarnesio.com.br\/#\/schema\/logo\/image\/","url":"https:\/\/blogdofarnesio.com.br\/wp-content\/uploads\/2026\/03\/cropped-logo_new-1.png","contentUrl":"https:\/\/blogdofarnesio.com.br\/wp-content\/uploads\/2026\/03\/cropped-logo_new-1.png","width":881,"height":685,"caption":"Blog do Farn\u00e9sio"},"image":{"@id":"https:\/\/blogdofarnesio.com.br\/#\/schema\/logo\/image\/"},"sameAs":["https:\/\/www.facebook.com\/BlogQuerSaberPolitica\/"]},{"@type":"Person","@id":"https:\/\/blogdofarnesio.com.br\/#\/schema\/person\/bb9b23ae3ad0609ce8df7b6c9e76824d","name":"Farn\u00e9sio","image":{"@type":"ImageObject","inLanguage":"pt-BR","@id":"https:\/\/secure.gravatar.com\/avatar\/986aa4c61ccdb66f8555bf88fc2a65609d00bcabd4d2d94377a727547345cbca?s=96&d=mm&r=g","url":"https:\/\/secure.gravatar.com\/avatar\/986aa4c61ccdb66f8555bf88fc2a65609d00bcabd4d2d94377a727547345cbca?s=96&d=mm&r=g","contentUrl":"https:\/\/secure.gravatar.com\/avatar\/986aa4c61ccdb66f8555bf88fc2a65609d00bcabd4d2d94377a727547345cbca?s=96&d=mm&r=g","caption":"Farn\u00e9sio"},"description":"Radialista blogueiro, chegou a Petrolina\/Juazeiro em setembro de 1980, Farn\u00e9sio Silva \u00e9 de Arapiraca-Alagoas.","sameAs":["http:\/\/blogdofarnesio.com.br","https:\/\/www.facebook.com\/?ref=tn_tnmn","https:\/\/www.instagram.com\/?utm_source=pwa_homescreen","https:\/\/youtube.com.br\/"],"url":"https:\/\/blogdofarnesio.com.br\/?author=2"}]}},"_links":{"self":[{"href":"https:\/\/blogdofarnesio.com.br\/index.php?rest_route=\/wp\/v2\/posts\/327224","targetHints":{"allow":["GET"]}}],"collection":[{"href":"https:\/\/blogdofarnesio.com.br\/index.php?rest_route=\/wp\/v2\/posts"}],"about":[{"href":"https:\/\/blogdofarnesio.com.br\/index.php?rest_route=\/wp\/v2\/types\/post"}],"author":[{"embeddable":true,"href":"https:\/\/blogdofarnesio.com.br\/index.php?rest_route=\/wp\/v2\/users\/2"}],"replies":[{"embeddable":true,"href":"https:\/\/blogdofarnesio.com.br\/index.php?rest_route=%2Fwp%2Fv2%2Fcomments&post=327224"}],"version-history":[{"count":0,"href":"https:\/\/blogdofarnesio.com.br\/index.php?rest_route=\/wp\/v2\/posts\/327224\/revisions"}],"wp:featuredmedia":[{"embeddable":true,"href":"https:\/\/blogdofarnesio.com.br\/index.php?rest_route=\/wp\/v2\/media\/314466"}],"wp:attachment":[{"href":"https:\/\/blogdofarnesio.com.br\/index.php?rest_route=%2Fwp%2Fv2%2Fmedia&parent=327224"}],"wp:term":[{"taxonomy":"category","embeddable":true,"href":"https:\/\/blogdofarnesio.com.br\/index.php?rest_route=%2Fwp%2Fv2%2Fcategories&post=327224"},{"taxonomy":"post_tag","embeddable":true,"href":"https:\/\/blogdofarnesio.com.br\/index.php?rest_route=%2Fwp%2Fv2%2Ftags&post=327224"}],"curies":[{"name":"wp","href":"https:\/\/api.w.org\/{rel}","templated":true}]}}