{"id":327212,"date":"2022-11-16T08:23:49","date_gmt":"2022-11-16T11:23:49","guid":{"rendered":"https:\/\/blogdofarnesio.com.br\/?p=327212"},"modified":"2022-11-15T16:22:31","modified_gmt":"2022-11-15T19:22:31","slug":"nova-onda-da-covid-saiba-por-quanto-tempo-voce-deve-ficar-isolado","status":"publish","type":"post","link":"https:\/\/blogdofarnesio.com.br\/?p=327212","title":{"rendered":"Nova onda da Covid: saiba por quanto tempo voc\u00ea deve ficar isolado"},"content":{"rendered":"<div class=\"m-head-single\">\n<h2 class=\"m-resume-single\">Com aumento dos casos no m\u00eas de novembro, o isolamento ainda \u00e9 importante para evitar mais contamina\u00e7\u00f5es pela Covid\u00a0 &#8211;<\/h2>\n<\/div>\n<div class=\"m-info-post\">\n<div class=\"m-signature\">\n<div class=\"m-author\">\n<div class=\"m-author-content\"><a class=\"m-name-author\" href=\"https:\/\/www.metropoles.com\/author\/eline-sandes\"><strong>Eline Sandes\/Metropoles\u00a0 &#8211;\u00a0\u00a0<\/strong><\/a><\/div>\n<\/div>\n<\/div>\n<\/div>\n<div class=\"m-image-single \"><\/div>\n<div class=\"m-wrapper\">\n<div class=\"columns is-multiline\">\n<div class=\"column is-full\">\n<article class=\"m-content\">Nas \u00faltimas semanas, o surgimento da\u00a0<a href=\"https:\/\/www.metropoles.com\/saude\/bq-1-como-evitar-nova-onda-de-covid-pela-subvariante-da-omicron\" target=\"_blank\" rel=\"noopener\">subvariante BQ.1<\/a>\u00a0do coronav\u00edrus e o aumento dos n\u00fameros de casos da Covid-19 voltou a causar preocupa\u00e7\u00e3o ap\u00f3s um longo per\u00edodo de\u00a0<a href=\"https:\/\/www.metropoles.com\/saude\/queda-em-casos-de-covid-representa-fim-da-pandemia-no-brasil\" target=\"_blank\" rel=\"noopener\">queda no n\u00famero de infec\u00e7\u00f5es<\/a> pela doen\u00e7a. Segundo os dados mais recentes do Instituto Todos Pela Sa\u00fade (Itps), o percentual de testes positivos para a Covid-19 saltou de 3% para 17% ao longo do m\u00eas de outubro.<\/p>\n<p data-gtm-vis-recent-on-screen-8752935_845=\"25797\" data-gtm-vis-first-on-screen-8752935_845=\"25797\" data-gtm-vis-total-visible-time-8752935_845=\"100\" data-gtm-vis-has-fired-8752935_845=\"1\">Para reduzir as taxas de contamina\u00e7\u00e3o e recuperar o organismo da infec\u00e7\u00e3o pelo coronav\u00edrus, o\u00a0<a href=\"https:\/\/www.metropoles.com\/saude\/4a-onda-testei-positivo-para-covid-ate-quando-preciso-ficar-isolado\" target=\"_blank\" rel=\"noopener\">per\u00edodo de isolamento continua sendo recomendado<\/a> para pessoas que testaram positivo para a doen\u00e7a ou tiveram contato com algu\u00e9m infectado.<\/p>\n<p>Desde o in\u00edcio de 2022, o Minist\u00e9rio da Sa\u00fade recomenda o per\u00edodo de isolamento de sete dias a partir do in\u00edcio dos sintomas. No caso de indiv\u00edduos assintom\u00e1ticos, a indica\u00e7\u00e3o \u00e9 de cinco dias ap\u00f3s o resultado positivo. A medida vale apenas para casos leves e moderados da doen\u00e7a, ou seja, quando n\u00e3o h\u00e1 mais dificuldade respirat\u00f3ria aguda nem febre h\u00e1 pelo menos 24 horas.<\/p>\n<p>Se no s\u00e9timo dia o paciente ainda estiver com os sintomas, a indica\u00e7\u00e3o \u00e9 fazer o teste novamente e um novo per\u00edodo de isolamento deve ser iniciado. Pessoas que tiveram contato com um infectado devem realizar o exame e manter o isolamento de cinco dias mesmo se o resultado for negativo.<\/p>\n<p data-gtm-vis-recent-on-screen-8752935_866=\"27822\" data-gtm-vis-first-on-screen-8752935_866=\"27822\" data-gtm-vis-total-visible-time-8752935_866=\"100\" data-gtm-vis-has-fired-8752935_866=\"1\" data-gtm-vis-recent-on-screen-8752935_862=\"27829\" data-gtm-vis-first-on-screen-8752935_862=\"27829\" data-gtm-vis-total-visible-time-8752935_862=\"100\" data-gtm-vis-has-fired-8752935_862=\"1\">O infectologista Est\u00eav\u00e3o Urbano, da Sociedade Brasileira de Infectologista (SBI), alerta que em casos raros o v\u00edrus pode ser transmitido no sexto e s\u00e9timo dia de sintomas. Por isso, \u00e9 importante que, mesmo se o indiv\u00edduo estiver se sentindo bem, se cumpra o isolamento at\u00e9 o fim.<\/p>\n<h4>Devo fazer um novo teste quando melhorar?<\/h4>\n<p>O infectologista explica que n\u00e3o \u00e9 preciso fazer outro teste ap\u00f3s se recuperar da Covid-19. \u201cAlgumas pessoas com o sistema imunol\u00f3gico deprimido podem at\u00e9 ficar com esse v\u00edrus por muito mais tempo. Mas a maior parte da popula\u00e7\u00e3o, n\u00e3o. Portanto, n\u00e3o \u00e9 preciso fazer um novo teste para ver se est\u00e1 curado da Covid-19 ou n\u00e3o\u201d, afirma.<\/p>\n<p>As recomenda\u00e7\u00f5es para uma poss\u00edvel 5\u00aa onda de Covid-19 continuam as mesmas da anterior: al\u00e9m do isolamento em casos suspeitos ou positivos, \u00e9 recomendado realizar o teste e avisar parentes, amigos e colegas de trabalho em caso de confirma\u00e7\u00e3o da infec\u00e7\u00e3o. Al\u00e9m disso, a indica\u00e7\u00e3o \u00e9 que, depois do fim do isolamento, pessoas que testaram positivo para a doen\u00e7a utilizem a m\u00e1scara por pelo menos cinco dias.<\/p>\n<\/article>\n<\/div>\n<\/div>\n<\/div>\n","protected":false},"excerpt":{"rendered":"<p>Com aumento dos casos no m\u00eas de novembro, o isolamento ainda \u00e9 importante para evitar mais contamina\u00e7\u00f5es pela Covid\u00a0 &#8211; Eline Sandes\/Metropoles\u00a0 &#8211;\u00a0\u00a0 Nas \u00faltimas semanas, o surgimento da\u00a0subvariante BQ.1\u00a0do coronav\u00edrus e o aumento dos n\u00fameros de casos da Covid-19 voltou a causar preocupa\u00e7\u00e3o ap\u00f3s um longo per\u00edodo de\u00a0queda no n\u00famero de infec\u00e7\u00f5es pela doen\u00e7a. Segundo os dados mais recentes do Instituto Todos Pela Sa\u00fade (Itps), o percentual de testes positivos para a Covid-19 saltou de 3% para 17% ao longo do m\u00eas de outubro. Para reduzir as taxas de contamina\u00e7\u00e3o e recuperar o organismo da infec\u00e7\u00e3o pelo coronav\u00edrus, o\u00a0per\u00edodo de isolamento continua sendo recomendado para pessoas que testaram positivo para a doen\u00e7a ou tiveram contato com algu\u00e9m infectado. Desde&hellip; <\/p>\n","protected":false},"author":2,"featured_media":289465,"comment_status":"open","ping_status":"open","sticky":false,"template":"","format":"standard","meta":{"_acf_changed":false,"footnotes":""},"categories":[43],"tags":[],"class_list":["post-327212","post","type-post","status-publish","format-standard","has-post-thumbnail","hentry","category-sem-categoria"],"acf":[],"yoast_head":"<!-- This site is optimized with the Yoast SEO plugin v27.4 - https:\/\/yoast.com\/product\/yoast-seo-wordpress\/ -->\n<title>Nova onda da Covid: saiba por quanto tempo voc\u00ea deve ficar isolado - Blog do Farn\u00e9sio<\/title>\n<meta name=\"robots\" content=\"index, follow, max-snippet:-1, max-image-preview:large, max-video-preview:-1\" \/>\n<link rel=\"canonical\" href=\"https:\/\/blogdofarnesio.com.br\/?p=327212\" \/>\n<meta property=\"og:locale\" content=\"pt_BR\" \/>\n<meta property=\"og:type\" content=\"article\" \/>\n<meta property=\"og:title\" content=\"Nova onda da Covid: saiba por quanto tempo voc\u00ea deve ficar isolado - Blog do Farn\u00e9sio\" \/>\n<meta property=\"og:description\" content=\"Com aumento dos casos no m\u00eas de novembro, o isolamento ainda \u00e9 importante para evitar mais contamina\u00e7\u00f5es pela Covid\u00a0 &#8211; Eline Sandes\/Metropoles\u00a0 &#8211;\u00a0\u00a0 Nas \u00faltimas semanas, o surgimento da\u00a0subvariante BQ.1\u00a0do coronav\u00edrus e o aumento dos n\u00fameros de casos da Covid-19 voltou a causar preocupa\u00e7\u00e3o ap\u00f3s um longo per\u00edodo de\u00a0queda no n\u00famero de infec\u00e7\u00f5es pela doen\u00e7a. Segundo os dados mais recentes do Instituto Todos Pela Sa\u00fade (Itps), o percentual de testes positivos para a Covid-19 saltou de 3% para 17% ao longo do m\u00eas de outubro. Para reduzir as taxas de contamina\u00e7\u00e3o e recuperar o organismo da infec\u00e7\u00e3o pelo coronav\u00edrus, o\u00a0per\u00edodo de isolamento continua sendo recomendado para pessoas que testaram positivo para a doen\u00e7a ou tiveram contato com algu\u00e9m infectado. Desde&hellip;\" \/>\n<meta property=\"og:url\" content=\"https:\/\/blogdofarnesio.com.br\/?p=327212\" \/>\n<meta property=\"og:site_name\" content=\"Blog do Farn\u00e9sio\" \/>\n<meta property=\"article:publisher\" content=\"https:\/\/www.facebook.com\/BlogQuerSaberPolitica\/\" \/>\n<meta property=\"article:author\" content=\"https:\/\/www.facebook.com\/?ref=tn_tnmn\" \/>\n<meta property=\"article:published_time\" content=\"2022-11-16T11:23:49+00:00\" \/>\n<meta property=\"og:image\" content=\"https:\/\/blogdofarnesio.com.br\/wp-content\/uploads\/2021\/06\/blogqspCoronavirus-A-pandemia-nao-acabou-01-e1632758258136.png\" \/>\n\t<meta property=\"og:image:width\" content=\"734\" \/>\n\t<meta property=\"og:image:height\" content=\"426\" \/>\n\t<meta property=\"og:image:type\" content=\"image\/png\" \/>\n<meta name=\"author\" content=\"Farn\u00e9sio\" \/>\n<meta name=\"twitter:card\" content=\"summary_large_image\" \/>\n<meta name=\"twitter:label1\" content=\"Escrito por\" \/>\n\t<meta name=\"twitter:data1\" content=\"Farn\u00e9sio\" \/>\n\t<meta name=\"twitter:label2\" content=\"Est. tempo de leitura\" \/>\n\t<meta name=\"twitter:data2\" content=\"3 minutos\" \/>\n<script type=\"application\/ld+json\" class=\"yoast-schema-graph\">{\"@context\":\"https:\\\/\\\/schema.org\",\"@graph\":[{\"@type\":\"Article\",\"@id\":\"https:\\\/\\\/blogdofarnesio.com.br\\\/?p=327212#article\",\"isPartOf\":{\"@id\":\"https:\\\/\\\/blogdofarnesio.com.br\\\/?p=327212\"},\"author\":{\"name\":\"Farn\u00e9sio\",\"@id\":\"https:\\\/\\\/blogdofarnesio.com.br\\\/#\\\/schema\\\/person\\\/bb9b23ae3ad0609ce8df7b6c9e76824d\"},\"headline\":\"Nova onda da Covid: saiba por quanto tempo voc\u00ea deve ficar isolado\",\"datePublished\":\"2022-11-16T11:23:49+00:00\",\"mainEntityOfPage\":{\"@id\":\"https:\\\/\\\/blogdofarnesio.com.br\\\/?p=327212\"},\"wordCount\":472,\"commentCount\":0,\"publisher\":{\"@id\":\"https:\\\/\\\/blogdofarnesio.com.br\\\/#organization\"},\"image\":{\"@id\":\"https:\\\/\\\/blogdofarnesio.com.br\\\/?p=327212#primaryimage\"},\"thumbnailUrl\":\"https:\\\/\\\/blogdofarnesio.com.br\\\/wp-content\\\/uploads\\\/2021\\\/06\\\/blogqspCoronavirus-A-pandemia-nao-acabou-01-e1632758258136.png\",\"inLanguage\":\"pt-BR\",\"potentialAction\":[{\"@type\":\"CommentAction\",\"name\":\"Comment\",\"target\":[\"https:\\\/\\\/blogdofarnesio.com.br\\\/?p=327212#respond\"]}]},{\"@type\":\"WebPage\",\"@id\":\"https:\\\/\\\/blogdofarnesio.com.br\\\/?p=327212\",\"url\":\"https:\\\/\\\/blogdofarnesio.com.br\\\/?p=327212\",\"name\":\"Nova onda da Covid: saiba por quanto tempo voc\u00ea deve ficar isolado - Blog do Farn\u00e9sio\",\"isPartOf\":{\"@id\":\"https:\\\/\\\/blogdofarnesio.com.br\\\/#website\"},\"primaryImageOfPage\":{\"@id\":\"https:\\\/\\\/blogdofarnesio.com.br\\\/?p=327212#primaryimage\"},\"image\":{\"@id\":\"https:\\\/\\\/blogdofarnesio.com.br\\\/?p=327212#primaryimage\"},\"thumbnailUrl\":\"https:\\\/\\\/blogdofarnesio.com.br\\\/wp-content\\\/uploads\\\/2021\\\/06\\\/blogqspCoronavirus-A-pandemia-nao-acabou-01-e1632758258136.png\",\"datePublished\":\"2022-11-16T11:23:49+00:00\",\"breadcrumb\":{\"@id\":\"https:\\\/\\\/blogdofarnesio.com.br\\\/?p=327212#breadcrumb\"},\"inLanguage\":\"pt-BR\",\"potentialAction\":[{\"@type\":\"ReadAction\",\"target\":[\"https:\\\/\\\/blogdofarnesio.com.br\\\/?p=327212\"]}]},{\"@type\":\"ImageObject\",\"inLanguage\":\"pt-BR\",\"@id\":\"https:\\\/\\\/blogdofarnesio.com.br\\\/?p=327212#primaryimage\",\"url\":\"https:\\\/\\\/blogdofarnesio.com.br\\\/wp-content\\\/uploads\\\/2021\\\/06\\\/blogqspCoronavirus-A-pandemia-nao-acabou-01-e1632758258136.png\",\"contentUrl\":\"https:\\\/\\\/blogdofarnesio.com.br\\\/wp-content\\\/uploads\\\/2021\\\/06\\\/blogqspCoronavirus-A-pandemia-nao-acabou-01-e1632758258136.png\",\"width\":734,\"height\":426},{\"@type\":\"BreadcrumbList\",\"@id\":\"https:\\\/\\\/blogdofarnesio.com.br\\\/?p=327212#breadcrumb\",\"itemListElement\":[{\"@type\":\"ListItem\",\"position\":1,\"name\":\"In\u00edcio\",\"item\":\"https:\\\/\\\/blogdofarnesio.com.br\\\/\"},{\"@type\":\"ListItem\",\"position\":2,\"name\":\"Nova onda da Covid: saiba por quanto tempo voc\u00ea deve ficar isolado\"}]},{\"@type\":\"WebSite\",\"@id\":\"https:\\\/\\\/blogdofarnesio.com.br\\\/#website\",\"url\":\"https:\\\/\\\/blogdofarnesio.com.br\\\/\",\"name\":\"Blog do Farn\u00e9sio\",\"description\":\"Quer Saber Pol\u00edtica?\",\"publisher\":{\"@id\":\"https:\\\/\\\/blogdofarnesio.com.br\\\/#organization\"},\"potentialAction\":[{\"@type\":\"SearchAction\",\"target\":{\"@type\":\"EntryPoint\",\"urlTemplate\":\"https:\\\/\\\/blogdofarnesio.com.br\\\/?s={search_term_string}\"},\"query-input\":{\"@type\":\"PropertyValueSpecification\",\"valueRequired\":true,\"valueName\":\"search_term_string\"}}],\"inLanguage\":\"pt-BR\"},{\"@type\":\"Organization\",\"@id\":\"https:\\\/\\\/blogdofarnesio.com.br\\\/#organization\",\"name\":\"Blog do Farn\u00e9sio\",\"url\":\"https:\\\/\\\/blogdofarnesio.com.br\\\/\",\"logo\":{\"@type\":\"ImageObject\",\"inLanguage\":\"pt-BR\",\"@id\":\"https:\\\/\\\/blogdofarnesio.com.br\\\/#\\\/schema\\\/logo\\\/image\\\/\",\"url\":\"https:\\\/\\\/blogdofarnesio.com.br\\\/wp-content\\\/uploads\\\/2026\\\/03\\\/cropped-logo_new-1.png\",\"contentUrl\":\"https:\\\/\\\/blogdofarnesio.com.br\\\/wp-content\\\/uploads\\\/2026\\\/03\\\/cropped-logo_new-1.png\",\"width\":881,\"height\":685,\"caption\":\"Blog do Farn\u00e9sio\"},\"image\":{\"@id\":\"https:\\\/\\\/blogdofarnesio.com.br\\\/#\\\/schema\\\/logo\\\/image\\\/\"},\"sameAs\":[\"https:\\\/\\\/www.facebook.com\\\/BlogQuerSaberPolitica\\\/\"]},{\"@type\":\"Person\",\"@id\":\"https:\\\/\\\/blogdofarnesio.com.br\\\/#\\\/schema\\\/person\\\/bb9b23ae3ad0609ce8df7b6c9e76824d\",\"name\":\"Farn\u00e9sio\",\"image\":{\"@type\":\"ImageObject\",\"inLanguage\":\"pt-BR\",\"@id\":\"https:\\\/\\\/secure.gravatar.com\\\/avatar\\\/986aa4c61ccdb66f8555bf88fc2a65609d00bcabd4d2d94377a727547345cbca?s=96&d=mm&r=g\",\"url\":\"https:\\\/\\\/secure.gravatar.com\\\/avatar\\\/986aa4c61ccdb66f8555bf88fc2a65609d00bcabd4d2d94377a727547345cbca?s=96&d=mm&r=g\",\"contentUrl\":\"https:\\\/\\\/secure.gravatar.com\\\/avatar\\\/986aa4c61ccdb66f8555bf88fc2a65609d00bcabd4d2d94377a727547345cbca?s=96&d=mm&r=g\",\"caption\":\"Farn\u00e9sio\"},\"description\":\"Radialista blogueiro, chegou a Petrolina\\\/Juazeiro em setembro de 1980, Farn\u00e9sio Silva \u00e9 de Arapiraca-Alagoas.\",\"sameAs\":[\"http:\\\/\\\/blogdofarnesio.com.br\",\"https:\\\/\\\/www.facebook.com\\\/?ref=tn_tnmn\",\"https:\\\/\\\/www.instagram.com\\\/?utm_source=pwa_homescreen\",\"https:\\\/\\\/youtube.com.br\\\/\"],\"url\":\"https:\\\/\\\/blogdofarnesio.com.br\\\/?author=2\"}]}<\/script>\n<!-- \/ Yoast SEO plugin. -->","yoast_head_json":{"title":"Nova onda da Covid: saiba por quanto tempo voc\u00ea deve ficar isolado - Blog do Farn\u00e9sio","robots":{"index":"index","follow":"follow","max-snippet":"max-snippet:-1","max-image-preview":"max-image-preview:large","max-video-preview":"max-video-preview:-1"},"canonical":"https:\/\/blogdofarnesio.com.br\/?p=327212","og_locale":"pt_BR","og_type":"article","og_title":"Nova onda da Covid: saiba por quanto tempo voc\u00ea deve ficar isolado - Blog do Farn\u00e9sio","og_description":"Com aumento dos casos no m\u00eas de novembro, o isolamento ainda \u00e9 importante para evitar mais contamina\u00e7\u00f5es pela Covid\u00a0 &#8211; Eline Sandes\/Metropoles\u00a0 &#8211;\u00a0\u00a0 Nas \u00faltimas semanas, o surgimento da\u00a0subvariante BQ.1\u00a0do coronav\u00edrus e o aumento dos n\u00fameros de casos da Covid-19 voltou a causar preocupa\u00e7\u00e3o ap\u00f3s um longo per\u00edodo de\u00a0queda no n\u00famero de infec\u00e7\u00f5es pela doen\u00e7a. Segundo os dados mais recentes do Instituto Todos Pela Sa\u00fade (Itps), o percentual de testes positivos para a Covid-19 saltou de 3% para 17% ao longo do m\u00eas de outubro. Para reduzir as taxas de contamina\u00e7\u00e3o e recuperar o organismo da infec\u00e7\u00e3o pelo coronav\u00edrus, o\u00a0per\u00edodo de isolamento continua sendo recomendado para pessoas que testaram positivo para a doen\u00e7a ou tiveram contato com algu\u00e9m infectado. Desde&hellip;","og_url":"https:\/\/blogdofarnesio.com.br\/?p=327212","og_site_name":"Blog do Farn\u00e9sio","article_publisher":"https:\/\/www.facebook.com\/BlogQuerSaberPolitica\/","article_author":"https:\/\/www.facebook.com\/?ref=tn_tnmn","article_published_time":"2022-11-16T11:23:49+00:00","og_image":[{"width":734,"height":426,"url":"https:\/\/blogdofarnesio.com.br\/wp-content\/uploads\/2021\/06\/blogqspCoronavirus-A-pandemia-nao-acabou-01-e1632758258136.png","type":"image\/png"}],"author":"Farn\u00e9sio","twitter_card":"summary_large_image","twitter_misc":{"Escrito por":"Farn\u00e9sio","Est. tempo de leitura":"3 minutos"},"schema":{"@context":"https:\/\/schema.org","@graph":[{"@type":"Article","@id":"https:\/\/blogdofarnesio.com.br\/?p=327212#article","isPartOf":{"@id":"https:\/\/blogdofarnesio.com.br\/?p=327212"},"author":{"name":"Farn\u00e9sio","@id":"https:\/\/blogdofarnesio.com.br\/#\/schema\/person\/bb9b23ae3ad0609ce8df7b6c9e76824d"},"headline":"Nova onda da Covid: saiba por quanto tempo voc\u00ea deve ficar isolado","datePublished":"2022-11-16T11:23:49+00:00","mainEntityOfPage":{"@id":"https:\/\/blogdofarnesio.com.br\/?p=327212"},"wordCount":472,"commentCount":0,"publisher":{"@id":"https:\/\/blogdofarnesio.com.br\/#organization"},"image":{"@id":"https:\/\/blogdofarnesio.com.br\/?p=327212#primaryimage"},"thumbnailUrl":"https:\/\/blogdofarnesio.com.br\/wp-content\/uploads\/2021\/06\/blogqspCoronavirus-A-pandemia-nao-acabou-01-e1632758258136.png","inLanguage":"pt-BR","potentialAction":[{"@type":"CommentAction","name":"Comment","target":["https:\/\/blogdofarnesio.com.br\/?p=327212#respond"]}]},{"@type":"WebPage","@id":"https:\/\/blogdofarnesio.com.br\/?p=327212","url":"https:\/\/blogdofarnesio.com.br\/?p=327212","name":"Nova onda da Covid: saiba por quanto tempo voc\u00ea deve ficar isolado - Blog do Farn\u00e9sio","isPartOf":{"@id":"https:\/\/blogdofarnesio.com.br\/#website"},"primaryImageOfPage":{"@id":"https:\/\/blogdofarnesio.com.br\/?p=327212#primaryimage"},"image":{"@id":"https:\/\/blogdofarnesio.com.br\/?p=327212#primaryimage"},"thumbnailUrl":"https:\/\/blogdofarnesio.com.br\/wp-content\/uploads\/2021\/06\/blogqspCoronavirus-A-pandemia-nao-acabou-01-e1632758258136.png","datePublished":"2022-11-16T11:23:49+00:00","breadcrumb":{"@id":"https:\/\/blogdofarnesio.com.br\/?p=327212#breadcrumb"},"inLanguage":"pt-BR","potentialAction":[{"@type":"ReadAction","target":["https:\/\/blogdofarnesio.com.br\/?p=327212"]}]},{"@type":"ImageObject","inLanguage":"pt-BR","@id":"https:\/\/blogdofarnesio.com.br\/?p=327212#primaryimage","url":"https:\/\/blogdofarnesio.com.br\/wp-content\/uploads\/2021\/06\/blogqspCoronavirus-A-pandemia-nao-acabou-01-e1632758258136.png","contentUrl":"https:\/\/blogdofarnesio.com.br\/wp-content\/uploads\/2021\/06\/blogqspCoronavirus-A-pandemia-nao-acabou-01-e1632758258136.png","width":734,"height":426},{"@type":"BreadcrumbList","@id":"https:\/\/blogdofarnesio.com.br\/?p=327212#breadcrumb","itemListElement":[{"@type":"ListItem","position":1,"name":"In\u00edcio","item":"https:\/\/blogdofarnesio.com.br\/"},{"@type":"ListItem","position":2,"name":"Nova onda da Covid: saiba por quanto tempo voc\u00ea deve ficar isolado"}]},{"@type":"WebSite","@id":"https:\/\/blogdofarnesio.com.br\/#website","url":"https:\/\/blogdofarnesio.com.br\/","name":"Blog do Farn\u00e9sio","description":"Quer Saber Pol\u00edtica?","publisher":{"@id":"https:\/\/blogdofarnesio.com.br\/#organization"},"potentialAction":[{"@type":"SearchAction","target":{"@type":"EntryPoint","urlTemplate":"https:\/\/blogdofarnesio.com.br\/?s={search_term_string}"},"query-input":{"@type":"PropertyValueSpecification","valueRequired":true,"valueName":"search_term_string"}}],"inLanguage":"pt-BR"},{"@type":"Organization","@id":"https:\/\/blogdofarnesio.com.br\/#organization","name":"Blog do Farn\u00e9sio","url":"https:\/\/blogdofarnesio.com.br\/","logo":{"@type":"ImageObject","inLanguage":"pt-BR","@id":"https:\/\/blogdofarnesio.com.br\/#\/schema\/logo\/image\/","url":"https:\/\/blogdofarnesio.com.br\/wp-content\/uploads\/2026\/03\/cropped-logo_new-1.png","contentUrl":"https:\/\/blogdofarnesio.com.br\/wp-content\/uploads\/2026\/03\/cropped-logo_new-1.png","width":881,"height":685,"caption":"Blog do Farn\u00e9sio"},"image":{"@id":"https:\/\/blogdofarnesio.com.br\/#\/schema\/logo\/image\/"},"sameAs":["https:\/\/www.facebook.com\/BlogQuerSaberPolitica\/"]},{"@type":"Person","@id":"https:\/\/blogdofarnesio.com.br\/#\/schema\/person\/bb9b23ae3ad0609ce8df7b6c9e76824d","name":"Farn\u00e9sio","image":{"@type":"ImageObject","inLanguage":"pt-BR","@id":"https:\/\/secure.gravatar.com\/avatar\/986aa4c61ccdb66f8555bf88fc2a65609d00bcabd4d2d94377a727547345cbca?s=96&d=mm&r=g","url":"https:\/\/secure.gravatar.com\/avatar\/986aa4c61ccdb66f8555bf88fc2a65609d00bcabd4d2d94377a727547345cbca?s=96&d=mm&r=g","contentUrl":"https:\/\/secure.gravatar.com\/avatar\/986aa4c61ccdb66f8555bf88fc2a65609d00bcabd4d2d94377a727547345cbca?s=96&d=mm&r=g","caption":"Farn\u00e9sio"},"description":"Radialista blogueiro, chegou a Petrolina\/Juazeiro em setembro de 1980, Farn\u00e9sio Silva \u00e9 de Arapiraca-Alagoas.","sameAs":["http:\/\/blogdofarnesio.com.br","https:\/\/www.facebook.com\/?ref=tn_tnmn","https:\/\/www.instagram.com\/?utm_source=pwa_homescreen","https:\/\/youtube.com.br\/"],"url":"https:\/\/blogdofarnesio.com.br\/?author=2"}]}},"_links":{"self":[{"href":"https:\/\/blogdofarnesio.com.br\/index.php?rest_route=\/wp\/v2\/posts\/327212","targetHints":{"allow":["GET"]}}],"collection":[{"href":"https:\/\/blogdofarnesio.com.br\/index.php?rest_route=\/wp\/v2\/posts"}],"about":[{"href":"https:\/\/blogdofarnesio.com.br\/index.php?rest_route=\/wp\/v2\/types\/post"}],"author":[{"embeddable":true,"href":"https:\/\/blogdofarnesio.com.br\/index.php?rest_route=\/wp\/v2\/users\/2"}],"replies":[{"embeddable":true,"href":"https:\/\/blogdofarnesio.com.br\/index.php?rest_route=%2Fwp%2Fv2%2Fcomments&post=327212"}],"version-history":[{"count":0,"href":"https:\/\/blogdofarnesio.com.br\/index.php?rest_route=\/wp\/v2\/posts\/327212\/revisions"}],"wp:featuredmedia":[{"embeddable":true,"href":"https:\/\/blogdofarnesio.com.br\/index.php?rest_route=\/wp\/v2\/media\/289465"}],"wp:attachment":[{"href":"https:\/\/blogdofarnesio.com.br\/index.php?rest_route=%2Fwp%2Fv2%2Fmedia&parent=327212"}],"wp:term":[{"taxonomy":"category","embeddable":true,"href":"https:\/\/blogdofarnesio.com.br\/index.php?rest_route=%2Fwp%2Fv2%2Fcategories&post=327212"},{"taxonomy":"post_tag","embeddable":true,"href":"https:\/\/blogdofarnesio.com.br\/index.php?rest_route=%2Fwp%2Fv2%2Ftags&post=327212"}],"curies":[{"name":"wp","href":"https:\/\/api.w.org\/{rel}","templated":true}]}}