{"id":327106,"date":"2022-11-13T15:14:12","date_gmt":"2022-11-13T18:14:12","guid":{"rendered":"https:\/\/blogdofarnesio.com.br\/?p=327106"},"modified":"2022-11-13T15:14:12","modified_gmt":"2022-11-13T18:14:12","slug":"10o-encontro-quilombola-do-vale-do-sao-francisco-discutiu-perspectativas-em-juazeiro","status":"publish","type":"post","link":"https:\/\/blogdofarnesio.com.br\/?p=327106","title":{"rendered":"10\u00ba Encontro Quilombola do Vale do S\u00e3o Francisco DISCUTIU PERSPECTATIVAS EM JUAZEIRO"},"content":{"rendered":"<p>Com o apoio da Prefeitura de Juazeiro, atrav\u00e9s da Secretaria de Desenvolvimento Social, Mulher e Diversidade (Sedes), a comunidade quilombola do Alagadi\u00e7o recebeu, neste s\u00e1bado (12), o 10\u00ba Encontro Quilombola do Vale do S\u00e3o Francisco.<\/p>\n<p>&nbsp;<\/p>\n<p>O evento foi constru\u00eddo pela Articula\u00e7\u00e3o Quilombola, da Universidade do Estado da Bahia (Uneb), e coordenado pelas comunidades quilombolas do Alagadi\u00e7o, S\u00edtio Lagoinha e Curral Novo, Coordena\u00e7\u00e3o Estadual de Articula\u00e7\u00e3o de Comunidades Negras Quilombolas da Bahia (CENAQ) e Coordena\u00e7\u00e3o Nacional de Articula\u00e7\u00e3o de Quilombos (CONAQ).<\/p>\n<p>&nbsp;<\/p>\n<p>O encontro aconteceu em um momento especial, no m\u00eas da consci\u00eancia negra, e o Poder P\u00fablico Municipal, cumprindo o seu papel de governar para toda a popula\u00e7\u00e3o, vem contribuindo, mais uma vez, para o fortalecimento das comunidades e para a constru\u00e7\u00e3o de pol\u00edticas p\u00fablicas que atendam \u00e0s necessidades do povo preto.<\/p>\n<p>&nbsp;<\/p>\n<p>A programa\u00e7\u00e3o do encontro incluiu roda de conversa para troca de experi\u00eancias entre as comunidades e apresenta\u00e7\u00f5es culturais. O encontro foi uma a\u00e7\u00e3o de fortalecimento das comunidades quilombolas. Uma a\u00e7\u00e3o que a CONAQ vem realizando em todo o Brasil para reativar os conselhos regionais e o movimento estadual com o objetivo de articular pol\u00edticas p\u00fablicas para as comunidades quilombolas.<\/p>\n<p>&nbsp;<\/p>\n<p>Entre os participantes, o evento reuniu representantes das comunidades quilombolas Alagadi\u00e7o, S\u00edtio Lagoinha, Curral Novo, Barrinha da Concei\u00e7\u00e3o, Rodeadouro, Pau Preto e Vila Aparecida (Remanso).<\/p>\n<p>&nbsp;<\/p>\n<p>\u201cEssa reuni\u00e3o \u00e9 de grande import\u00e2ncia para o fortalecimento das comunidades e o reconhecimento dos quilombos, para conhecermos ferramentas de acesso \u00e0s pol\u00edticas p\u00fablicas e para que a gente possa ativar ainda mais a nossa cultura e garantir a sua manuten\u00e7\u00e3o para as novas gera\u00e7\u00f5es\u201d, frisou Lindsey Barbosa que \u00e9 uma das lideran\u00e7as da Comunidade do Alagadi\u00e7o, a primeira a ser certificada como quilombola pela Funda\u00e7\u00e3o Palmares, em Juazeiro.<\/p>\n<p>Texto: Ascom\/PMJ<\/p>\n<p>Fotos: Marcel Cordeiro<\/p>\n","protected":false},"excerpt":{"rendered":"<p>Com o apoio da Prefeitura de Juazeiro, atrav\u00e9s da Secretaria de Desenvolvimento Social, Mulher e Diversidade (Sedes), a comunidade quilombola do Alagadi\u00e7o recebeu, neste s\u00e1bado (12), o 10\u00ba Encontro Quilombola do Vale do S\u00e3o Francisco. &nbsp; O evento foi constru\u00eddo pela Articula\u00e7\u00e3o Quilombola, da Universidade do Estado da Bahia (Uneb), e coordenado pelas comunidades quilombolas do Alagadi\u00e7o, S\u00edtio Lagoinha e Curral Novo, Coordena\u00e7\u00e3o Estadual de Articula\u00e7\u00e3o de Comunidades Negras Quilombolas da Bahia (CENAQ) e Coordena\u00e7\u00e3o Nacional de Articula\u00e7\u00e3o de Quilombos (CONAQ). &nbsp; O encontro aconteceu em um momento especial, no m\u00eas da consci\u00eancia negra, e o Poder P\u00fablico Municipal, cumprindo o seu papel de governar para toda a popula\u00e7\u00e3o, vem contribuindo, mais uma vez, para o fortalecimento das comunidades e&hellip; <\/p>\n","protected":false},"author":2,"featured_media":327107,"comment_status":"open","ping_status":"open","sticky":false,"template":"","format":"standard","meta":{"_acf_changed":false,"footnotes":""},"categories":[22,32],"tags":[],"class_list":["post-327106","post","type-post","status-publish","format-standard","has-post-thumbnail","hentry","category-acao-social","category-costumes"],"acf":[],"yoast_head":"<!-- This site is optimized with the Yoast SEO plugin v27.4 - https:\/\/yoast.com\/product\/yoast-seo-wordpress\/ -->\n<title>10\u00ba Encontro Quilombola do Vale do S\u00e3o Francisco DISCUTIU PERSPECTATIVAS EM JUAZEIRO - Blog do Farn\u00e9sio<\/title>\n<meta name=\"robots\" content=\"index, follow, max-snippet:-1, max-image-preview:large, max-video-preview:-1\" \/>\n<link rel=\"canonical\" href=\"https:\/\/blogdofarnesio.com.br\/?p=327106\" \/>\n<meta property=\"og:locale\" content=\"pt_BR\" \/>\n<meta property=\"og:type\" content=\"article\" \/>\n<meta property=\"og:title\" content=\"10\u00ba Encontro Quilombola do Vale do S\u00e3o Francisco DISCUTIU PERSPECTATIVAS EM JUAZEIRO - Blog do Farn\u00e9sio\" \/>\n<meta property=\"og:description\" content=\"Com o apoio da Prefeitura de Juazeiro, atrav\u00e9s da Secretaria de Desenvolvimento Social, Mulher e Diversidade (Sedes), a comunidade quilombola do Alagadi\u00e7o recebeu, neste s\u00e1bado (12), o 10\u00ba Encontro Quilombola do Vale do S\u00e3o Francisco. &nbsp; O evento foi constru\u00eddo pela Articula\u00e7\u00e3o Quilombola, da Universidade do Estado da Bahia (Uneb), e coordenado pelas comunidades quilombolas do Alagadi\u00e7o, S\u00edtio Lagoinha e Curral Novo, Coordena\u00e7\u00e3o Estadual de Articula\u00e7\u00e3o de Comunidades Negras Quilombolas da Bahia (CENAQ) e Coordena\u00e7\u00e3o Nacional de Articula\u00e7\u00e3o de Quilombos (CONAQ). &nbsp; O encontro aconteceu em um momento especial, no m\u00eas da consci\u00eancia negra, e o Poder P\u00fablico Municipal, cumprindo o seu papel de governar para toda a popula\u00e7\u00e3o, vem contribuindo, mais uma vez, para o fortalecimento das comunidades e&hellip;\" \/>\n<meta property=\"og:url\" content=\"https:\/\/blogdofarnesio.com.br\/?p=327106\" \/>\n<meta property=\"og:site_name\" content=\"Blog do Farn\u00e9sio\" \/>\n<meta property=\"article:publisher\" content=\"https:\/\/www.facebook.com\/BlogQuerSaberPolitica\/\" \/>\n<meta property=\"article:author\" content=\"https:\/\/www.facebook.com\/?ref=tn_tnmn\" \/>\n<meta property=\"article:published_time\" content=\"2022-11-13T18:14:12+00:00\" \/>\n<meta property=\"og:image\" content=\"https:\/\/blogdofarnesio.com.br\/wp-content\/uploads\/2022\/11\/Quilombo04-e1668357275451.jpeg\" \/>\n\t<meta property=\"og:image:width\" content=\"624\" \/>\n\t<meta property=\"og:image:height\" content=\"416\" \/>\n\t<meta property=\"og:image:type\" content=\"image\/jpeg\" \/>\n<meta name=\"author\" content=\"Farn\u00e9sio\" \/>\n<meta name=\"twitter:card\" content=\"summary_large_image\" \/>\n<meta name=\"twitter:label1\" content=\"Escrito por\" \/>\n\t<meta name=\"twitter:data1\" content=\"Farn\u00e9sio\" \/>\n\t<meta name=\"twitter:label2\" content=\"Est. tempo de leitura\" \/>\n\t<meta name=\"twitter:data2\" content=\"2 minutos\" \/>\n<script type=\"application\/ld+json\" class=\"yoast-schema-graph\">{\"@context\":\"https:\\\/\\\/schema.org\",\"@graph\":[{\"@type\":\"Article\",\"@id\":\"https:\\\/\\\/blogdofarnesio.com.br\\\/?p=327106#article\",\"isPartOf\":{\"@id\":\"https:\\\/\\\/blogdofarnesio.com.br\\\/?p=327106\"},\"author\":{\"name\":\"Farn\u00e9sio\",\"@id\":\"https:\\\/\\\/blogdofarnesio.com.br\\\/#\\\/schema\\\/person\\\/bb9b23ae3ad0609ce8df7b6c9e76824d\"},\"headline\":\"10\u00ba Encontro Quilombola do Vale do S\u00e3o Francisco DISCUTIU PERSPECTATIVAS EM JUAZEIRO\",\"datePublished\":\"2022-11-13T18:14:12+00:00\",\"mainEntityOfPage\":{\"@id\":\"https:\\\/\\\/blogdofarnesio.com.br\\\/?p=327106\"},\"wordCount\":341,\"commentCount\":0,\"publisher\":{\"@id\":\"https:\\\/\\\/blogdofarnesio.com.br\\\/#organization\"},\"image\":{\"@id\":\"https:\\\/\\\/blogdofarnesio.com.br\\\/?p=327106#primaryimage\"},\"thumbnailUrl\":\"https:\\\/\\\/blogdofarnesio.com.br\\\/wp-content\\\/uploads\\\/2022\\\/11\\\/Quilombo04-e1668357275451.jpeg\",\"articleSection\":[\"A\u00e7\u00e3o Social\",\"Costumes\"],\"inLanguage\":\"pt-BR\",\"potentialAction\":[{\"@type\":\"CommentAction\",\"name\":\"Comment\",\"target\":[\"https:\\\/\\\/blogdofarnesio.com.br\\\/?p=327106#respond\"]}]},{\"@type\":\"WebPage\",\"@id\":\"https:\\\/\\\/blogdofarnesio.com.br\\\/?p=327106\",\"url\":\"https:\\\/\\\/blogdofarnesio.com.br\\\/?p=327106\",\"name\":\"10\u00ba Encontro Quilombola do Vale do S\u00e3o Francisco DISCUTIU PERSPECTATIVAS EM JUAZEIRO - Blog do Farn\u00e9sio\",\"isPartOf\":{\"@id\":\"https:\\\/\\\/blogdofarnesio.com.br\\\/#website\"},\"primaryImageOfPage\":{\"@id\":\"https:\\\/\\\/blogdofarnesio.com.br\\\/?p=327106#primaryimage\"},\"image\":{\"@id\":\"https:\\\/\\\/blogdofarnesio.com.br\\\/?p=327106#primaryimage\"},\"thumbnailUrl\":\"https:\\\/\\\/blogdofarnesio.com.br\\\/wp-content\\\/uploads\\\/2022\\\/11\\\/Quilombo04-e1668357275451.jpeg\",\"datePublished\":\"2022-11-13T18:14:12+00:00\",\"breadcrumb\":{\"@id\":\"https:\\\/\\\/blogdofarnesio.com.br\\\/?p=327106#breadcrumb\"},\"inLanguage\":\"pt-BR\",\"potentialAction\":[{\"@type\":\"ReadAction\",\"target\":[\"https:\\\/\\\/blogdofarnesio.com.br\\\/?p=327106\"]}]},{\"@type\":\"ImageObject\",\"inLanguage\":\"pt-BR\",\"@id\":\"https:\\\/\\\/blogdofarnesio.com.br\\\/?p=327106#primaryimage\",\"url\":\"https:\\\/\\\/blogdofarnesio.com.br\\\/wp-content\\\/uploads\\\/2022\\\/11\\\/Quilombo04-e1668357275451.jpeg\",\"contentUrl\":\"https:\\\/\\\/blogdofarnesio.com.br\\\/wp-content\\\/uploads\\\/2022\\\/11\\\/Quilombo04-e1668357275451.jpeg\",\"width\":624,\"height\":416},{\"@type\":\"BreadcrumbList\",\"@id\":\"https:\\\/\\\/blogdofarnesio.com.br\\\/?p=327106#breadcrumb\",\"itemListElement\":[{\"@type\":\"ListItem\",\"position\":1,\"name\":\"In\u00edcio\",\"item\":\"https:\\\/\\\/blogdofarnesio.com.br\\\/\"},{\"@type\":\"ListItem\",\"position\":2,\"name\":\"10\u00ba Encontro Quilombola do Vale do S\u00e3o Francisco DISCUTIU PERSPECTATIVAS EM JUAZEIRO\"}]},{\"@type\":\"WebSite\",\"@id\":\"https:\\\/\\\/blogdofarnesio.com.br\\\/#website\",\"url\":\"https:\\\/\\\/blogdofarnesio.com.br\\\/\",\"name\":\"Blog do Farn\u00e9sio\",\"description\":\"Quer Saber Pol\u00edtica?\",\"publisher\":{\"@id\":\"https:\\\/\\\/blogdofarnesio.com.br\\\/#organization\"},\"potentialAction\":[{\"@type\":\"SearchAction\",\"target\":{\"@type\":\"EntryPoint\",\"urlTemplate\":\"https:\\\/\\\/blogdofarnesio.com.br\\\/?s={search_term_string}\"},\"query-input\":{\"@type\":\"PropertyValueSpecification\",\"valueRequired\":true,\"valueName\":\"search_term_string\"}}],\"inLanguage\":\"pt-BR\"},{\"@type\":\"Organization\",\"@id\":\"https:\\\/\\\/blogdofarnesio.com.br\\\/#organization\",\"name\":\"Blog do Farn\u00e9sio\",\"url\":\"https:\\\/\\\/blogdofarnesio.com.br\\\/\",\"logo\":{\"@type\":\"ImageObject\",\"inLanguage\":\"pt-BR\",\"@id\":\"https:\\\/\\\/blogdofarnesio.com.br\\\/#\\\/schema\\\/logo\\\/image\\\/\",\"url\":\"https:\\\/\\\/blogdofarnesio.com.br\\\/wp-content\\\/uploads\\\/2026\\\/03\\\/cropped-logo_new-1.png\",\"contentUrl\":\"https:\\\/\\\/blogdofarnesio.com.br\\\/wp-content\\\/uploads\\\/2026\\\/03\\\/cropped-logo_new-1.png\",\"width\":881,\"height\":685,\"caption\":\"Blog do Farn\u00e9sio\"},\"image\":{\"@id\":\"https:\\\/\\\/blogdofarnesio.com.br\\\/#\\\/schema\\\/logo\\\/image\\\/\"},\"sameAs\":[\"https:\\\/\\\/www.facebook.com\\\/BlogQuerSaberPolitica\\\/\"]},{\"@type\":\"Person\",\"@id\":\"https:\\\/\\\/blogdofarnesio.com.br\\\/#\\\/schema\\\/person\\\/bb9b23ae3ad0609ce8df7b6c9e76824d\",\"name\":\"Farn\u00e9sio\",\"image\":{\"@type\":\"ImageObject\",\"inLanguage\":\"pt-BR\",\"@id\":\"https:\\\/\\\/secure.gravatar.com\\\/avatar\\\/986aa4c61ccdb66f8555bf88fc2a65609d00bcabd4d2d94377a727547345cbca?s=96&d=mm&r=g\",\"url\":\"https:\\\/\\\/secure.gravatar.com\\\/avatar\\\/986aa4c61ccdb66f8555bf88fc2a65609d00bcabd4d2d94377a727547345cbca?s=96&d=mm&r=g\",\"contentUrl\":\"https:\\\/\\\/secure.gravatar.com\\\/avatar\\\/986aa4c61ccdb66f8555bf88fc2a65609d00bcabd4d2d94377a727547345cbca?s=96&d=mm&r=g\",\"caption\":\"Farn\u00e9sio\"},\"description\":\"Radialista blogueiro, chegou a Petrolina\\\/Juazeiro em setembro de 1980, Farn\u00e9sio Silva \u00e9 de Arapiraca-Alagoas.\",\"sameAs\":[\"http:\\\/\\\/blogdofarnesio.com.br\",\"https:\\\/\\\/www.facebook.com\\\/?ref=tn_tnmn\",\"https:\\\/\\\/www.instagram.com\\\/?utm_source=pwa_homescreen\",\"https:\\\/\\\/youtube.com.br\\\/\"],\"url\":\"https:\\\/\\\/blogdofarnesio.com.br\\\/?author=2\"}]}<\/script>\n<!-- \/ Yoast SEO plugin. -->","yoast_head_json":{"title":"10\u00ba Encontro Quilombola do Vale do S\u00e3o Francisco DISCUTIU PERSPECTATIVAS EM JUAZEIRO - Blog do Farn\u00e9sio","robots":{"index":"index","follow":"follow","max-snippet":"max-snippet:-1","max-image-preview":"max-image-preview:large","max-video-preview":"max-video-preview:-1"},"canonical":"https:\/\/blogdofarnesio.com.br\/?p=327106","og_locale":"pt_BR","og_type":"article","og_title":"10\u00ba Encontro Quilombola do Vale do S\u00e3o Francisco DISCUTIU PERSPECTATIVAS EM JUAZEIRO - Blog do Farn\u00e9sio","og_description":"Com o apoio da Prefeitura de Juazeiro, atrav\u00e9s da Secretaria de Desenvolvimento Social, Mulher e Diversidade (Sedes), a comunidade quilombola do Alagadi\u00e7o recebeu, neste s\u00e1bado (12), o 10\u00ba Encontro Quilombola do Vale do S\u00e3o Francisco. &nbsp; O evento foi constru\u00eddo pela Articula\u00e7\u00e3o Quilombola, da Universidade do Estado da Bahia (Uneb), e coordenado pelas comunidades quilombolas do Alagadi\u00e7o, S\u00edtio Lagoinha e Curral Novo, Coordena\u00e7\u00e3o Estadual de Articula\u00e7\u00e3o de Comunidades Negras Quilombolas da Bahia (CENAQ) e Coordena\u00e7\u00e3o Nacional de Articula\u00e7\u00e3o de Quilombos (CONAQ). &nbsp; O encontro aconteceu em um momento especial, no m\u00eas da consci\u00eancia negra, e o Poder P\u00fablico Municipal, cumprindo o seu papel de governar para toda a popula\u00e7\u00e3o, vem contribuindo, mais uma vez, para o fortalecimento das comunidades e&hellip;","og_url":"https:\/\/blogdofarnesio.com.br\/?p=327106","og_site_name":"Blog do Farn\u00e9sio","article_publisher":"https:\/\/www.facebook.com\/BlogQuerSaberPolitica\/","article_author":"https:\/\/www.facebook.com\/?ref=tn_tnmn","article_published_time":"2022-11-13T18:14:12+00:00","og_image":[{"width":624,"height":416,"url":"https:\/\/blogdofarnesio.com.br\/wp-content\/uploads\/2022\/11\/Quilombo04-e1668357275451.jpeg","type":"image\/jpeg"}],"author":"Farn\u00e9sio","twitter_card":"summary_large_image","twitter_misc":{"Escrito por":"Farn\u00e9sio","Est. tempo de leitura":"2 minutos"},"schema":{"@context":"https:\/\/schema.org","@graph":[{"@type":"Article","@id":"https:\/\/blogdofarnesio.com.br\/?p=327106#article","isPartOf":{"@id":"https:\/\/blogdofarnesio.com.br\/?p=327106"},"author":{"name":"Farn\u00e9sio","@id":"https:\/\/blogdofarnesio.com.br\/#\/schema\/person\/bb9b23ae3ad0609ce8df7b6c9e76824d"},"headline":"10\u00ba Encontro Quilombola do Vale do S\u00e3o Francisco DISCUTIU PERSPECTATIVAS EM JUAZEIRO","datePublished":"2022-11-13T18:14:12+00:00","mainEntityOfPage":{"@id":"https:\/\/blogdofarnesio.com.br\/?p=327106"},"wordCount":341,"commentCount":0,"publisher":{"@id":"https:\/\/blogdofarnesio.com.br\/#organization"},"image":{"@id":"https:\/\/blogdofarnesio.com.br\/?p=327106#primaryimage"},"thumbnailUrl":"https:\/\/blogdofarnesio.com.br\/wp-content\/uploads\/2022\/11\/Quilombo04-e1668357275451.jpeg","articleSection":["A\u00e7\u00e3o Social","Costumes"],"inLanguage":"pt-BR","potentialAction":[{"@type":"CommentAction","name":"Comment","target":["https:\/\/blogdofarnesio.com.br\/?p=327106#respond"]}]},{"@type":"WebPage","@id":"https:\/\/blogdofarnesio.com.br\/?p=327106","url":"https:\/\/blogdofarnesio.com.br\/?p=327106","name":"10\u00ba Encontro Quilombola do Vale do S\u00e3o Francisco DISCUTIU PERSPECTATIVAS EM JUAZEIRO - Blog do Farn\u00e9sio","isPartOf":{"@id":"https:\/\/blogdofarnesio.com.br\/#website"},"primaryImageOfPage":{"@id":"https:\/\/blogdofarnesio.com.br\/?p=327106#primaryimage"},"image":{"@id":"https:\/\/blogdofarnesio.com.br\/?p=327106#primaryimage"},"thumbnailUrl":"https:\/\/blogdofarnesio.com.br\/wp-content\/uploads\/2022\/11\/Quilombo04-e1668357275451.jpeg","datePublished":"2022-11-13T18:14:12+00:00","breadcrumb":{"@id":"https:\/\/blogdofarnesio.com.br\/?p=327106#breadcrumb"},"inLanguage":"pt-BR","potentialAction":[{"@type":"ReadAction","target":["https:\/\/blogdofarnesio.com.br\/?p=327106"]}]},{"@type":"ImageObject","inLanguage":"pt-BR","@id":"https:\/\/blogdofarnesio.com.br\/?p=327106#primaryimage","url":"https:\/\/blogdofarnesio.com.br\/wp-content\/uploads\/2022\/11\/Quilombo04-e1668357275451.jpeg","contentUrl":"https:\/\/blogdofarnesio.com.br\/wp-content\/uploads\/2022\/11\/Quilombo04-e1668357275451.jpeg","width":624,"height":416},{"@type":"BreadcrumbList","@id":"https:\/\/blogdofarnesio.com.br\/?p=327106#breadcrumb","itemListElement":[{"@type":"ListItem","position":1,"name":"In\u00edcio","item":"https:\/\/blogdofarnesio.com.br\/"},{"@type":"ListItem","position":2,"name":"10\u00ba Encontro Quilombola do Vale do S\u00e3o Francisco DISCUTIU PERSPECTATIVAS EM JUAZEIRO"}]},{"@type":"WebSite","@id":"https:\/\/blogdofarnesio.com.br\/#website","url":"https:\/\/blogdofarnesio.com.br\/","name":"Blog do Farn\u00e9sio","description":"Quer Saber Pol\u00edtica?","publisher":{"@id":"https:\/\/blogdofarnesio.com.br\/#organization"},"potentialAction":[{"@type":"SearchAction","target":{"@type":"EntryPoint","urlTemplate":"https:\/\/blogdofarnesio.com.br\/?s={search_term_string}"},"query-input":{"@type":"PropertyValueSpecification","valueRequired":true,"valueName":"search_term_string"}}],"inLanguage":"pt-BR"},{"@type":"Organization","@id":"https:\/\/blogdofarnesio.com.br\/#organization","name":"Blog do Farn\u00e9sio","url":"https:\/\/blogdofarnesio.com.br\/","logo":{"@type":"ImageObject","inLanguage":"pt-BR","@id":"https:\/\/blogdofarnesio.com.br\/#\/schema\/logo\/image\/","url":"https:\/\/blogdofarnesio.com.br\/wp-content\/uploads\/2026\/03\/cropped-logo_new-1.png","contentUrl":"https:\/\/blogdofarnesio.com.br\/wp-content\/uploads\/2026\/03\/cropped-logo_new-1.png","width":881,"height":685,"caption":"Blog do Farn\u00e9sio"},"image":{"@id":"https:\/\/blogdofarnesio.com.br\/#\/schema\/logo\/image\/"},"sameAs":["https:\/\/www.facebook.com\/BlogQuerSaberPolitica\/"]},{"@type":"Person","@id":"https:\/\/blogdofarnesio.com.br\/#\/schema\/person\/bb9b23ae3ad0609ce8df7b6c9e76824d","name":"Farn\u00e9sio","image":{"@type":"ImageObject","inLanguage":"pt-BR","@id":"https:\/\/secure.gravatar.com\/avatar\/986aa4c61ccdb66f8555bf88fc2a65609d00bcabd4d2d94377a727547345cbca?s=96&d=mm&r=g","url":"https:\/\/secure.gravatar.com\/avatar\/986aa4c61ccdb66f8555bf88fc2a65609d00bcabd4d2d94377a727547345cbca?s=96&d=mm&r=g","contentUrl":"https:\/\/secure.gravatar.com\/avatar\/986aa4c61ccdb66f8555bf88fc2a65609d00bcabd4d2d94377a727547345cbca?s=96&d=mm&r=g","caption":"Farn\u00e9sio"},"description":"Radialista blogueiro, chegou a Petrolina\/Juazeiro em setembro de 1980, Farn\u00e9sio Silva \u00e9 de Arapiraca-Alagoas.","sameAs":["http:\/\/blogdofarnesio.com.br","https:\/\/www.facebook.com\/?ref=tn_tnmn","https:\/\/www.instagram.com\/?utm_source=pwa_homescreen","https:\/\/youtube.com.br\/"],"url":"https:\/\/blogdofarnesio.com.br\/?author=2"}]}},"_links":{"self":[{"href":"https:\/\/blogdofarnesio.com.br\/index.php?rest_route=\/wp\/v2\/posts\/327106","targetHints":{"allow":["GET"]}}],"collection":[{"href":"https:\/\/blogdofarnesio.com.br\/index.php?rest_route=\/wp\/v2\/posts"}],"about":[{"href":"https:\/\/blogdofarnesio.com.br\/index.php?rest_route=\/wp\/v2\/types\/post"}],"author":[{"embeddable":true,"href":"https:\/\/blogdofarnesio.com.br\/index.php?rest_route=\/wp\/v2\/users\/2"}],"replies":[{"embeddable":true,"href":"https:\/\/blogdofarnesio.com.br\/index.php?rest_route=%2Fwp%2Fv2%2Fcomments&post=327106"}],"version-history":[{"count":0,"href":"https:\/\/blogdofarnesio.com.br\/index.php?rest_route=\/wp\/v2\/posts\/327106\/revisions"}],"wp:featuredmedia":[{"embeddable":true,"href":"https:\/\/blogdofarnesio.com.br\/index.php?rest_route=\/wp\/v2\/media\/327107"}],"wp:attachment":[{"href":"https:\/\/blogdofarnesio.com.br\/index.php?rest_route=%2Fwp%2Fv2%2Fmedia&parent=327106"}],"wp:term":[{"taxonomy":"category","embeddable":true,"href":"https:\/\/blogdofarnesio.com.br\/index.php?rest_route=%2Fwp%2Fv2%2Fcategories&post=327106"},{"taxonomy":"post_tag","embeddable":true,"href":"https:\/\/blogdofarnesio.com.br\/index.php?rest_route=%2Fwp%2Fv2%2Ftags&post=327106"}],"curies":[{"name":"wp","href":"https:\/\/api.w.org\/{rel}","templated":true}]}}