{"id":327045,"date":"2022-11-14T07:20:49","date_gmt":"2022-11-14T10:20:49","guid":{"rendered":"https:\/\/blogdofarnesio.com.br\/?p=327045"},"modified":"2022-11-11T15:37:53","modified_gmt":"2022-11-11T18:37:53","slug":"prefeitura-de-juazeiro-adia-festival-wellington-monteclaro-para-marco-de-2023","status":"publish","type":"post","link":"https:\/\/blogdofarnesio.com.br\/?p=327045","title":{"rendered":"Prefeitura de Juazeiro adia Festival Wellington Monteclaro para mar\u00e7o de 2023"},"content":{"rendered":"<div id=\":ri\" class=\"ii gt\">\n<div id=\":rj\" class=\"a3s aiL \">\n<div dir=\"ltr\">\n<div>Atendendo a pedidos da classe cultural e diante da reforma do Centro de Cultura Jo\u00e3o Gilberto, a Prefeitura de Juazeiro, atrav\u00e9s da Secretaria de Cultura, Turismo e Esportes (SECULTE) decidiu adiar o Festival Wellington Monteclaro, que teria in\u00edcio no pr\u00f3ximo dia 13 de novembro.<\/div>\n<div><\/div>\n<div>O edital de adiamento foi publicado\u00a0 no Di\u00e1rio Oficial do munic\u00edpio desta quinta-feira\u00a0 (10) e o Festival acontecer\u00e1 em mar\u00e7o de 2023, m\u00eas em que se comemora o Dia do Teatro. A prorroga\u00e7\u00e3o ir\u00e1 permitir que grupos de teatro, poetas, dan\u00e7arinos e produtores culturais tenham mais tempo para elaborar novas obras, uma vez que, com a pandemia, as produ\u00e7\u00f5es foram suspensas. As inscri\u00e7\u00f5es ficar\u00e3o abertas at\u00e9 fevereiro do pr\u00f3ximo ano.<\/div>\n<div><\/div>\n<div>\u201cDecidimos adiar ap\u00f3s conversas com a classe cultural, que solicitou mais tempo para criar novas obras e assim poder concorrer \u00e0s premia\u00e7\u00f5es e fazer jus \u00e0 grandiosidade de nosso querido Wellington Monteclaro, que foi um grande artista e contribuiu muito para a cultura de Juazeiro\u201d, explica o Superintendente de Cultura, J\u00fanior Mota.<\/div>\n<div><\/div>\n<div>O Festival Wellington Monteclaro visa valorizar as diferentes linguagens de arte no munic\u00edpio: teatro (adulto e infantil), poesia, artes visuais, audiovisual e dan\u00e7a, em homenagem a Wellington Monteclaro, artista juazeirense que faleceu em 2015. Antes somente como festival de teatro, em sua 5\u00aa edi\u00e7\u00e3o ir\u00e1 trazer outras categorias de arte.As inscri\u00e7\u00f5es podem ser feitas atrav\u00e9s de um formul\u00e1rio online\u00a0<a href=\"https:\/\/forms.gle\/csRwDxxbs91NaqYq5\" target=\"_blank\" rel=\"noopener noreferrer\" data-saferedirecturl=\"https:\/\/www.google.com\/url?q=https:\/\/forms.gle\/csRwDxxbs91NaqYq5&amp;source=gmail&amp;ust=1668277767858000&amp;usg=AOvVaw1i4WCb9D4-Gh0dr3ashuGU\">https:\/\/forms.gle\/<wbr \/>csRwDxxbs91NaqYq5<\/a>\u00a0ou presencialmente na Superintend\u00eancia de Cultura, localizada na sede da Secretaria de Cultura, Turismo e Esportes, na Pra\u00e7a da Bandeira, no Centro, das 8h \u00e0s 14h.<\/p>\n<div>\n<div dir=\"ltr\">\n<div dir=\"ltr\">&#8212;-<\/div>\n<div dir=\"ltr\">Texto: Karem Moraes\/ Ascom SECULTE\/ PMJ<\/div>\n<div dir=\"ltr\"><\/div>\n<\/div>\n<\/div>\n<\/div>\n<\/div>\n<div class=\"yj6qo\"><\/div>\n<div class=\"adL\"><\/div>\n<\/div>\n<\/div>\n<div id=\":u5\" class=\"hq gt\"><\/div>\n","protected":false},"excerpt":{"rendered":"<p>Atendendo a pedidos da classe cultural e diante da reforma do Centro de Cultura Jo\u00e3o Gilberto, a Prefeitura de Juazeiro, atrav\u00e9s da Secretaria de Cultura, Turismo e Esportes (SECULTE) decidiu adiar o Festival Wellington Monteclaro, que teria in\u00edcio no pr\u00f3ximo dia 13 de novembro. O edital de adiamento foi publicado\u00a0 no Di\u00e1rio Oficial do munic\u00edpio desta quinta-feira\u00a0 (10) e o Festival acontecer\u00e1 em mar\u00e7o de 2023, m\u00eas em que se comemora o Dia do Teatro. A prorroga\u00e7\u00e3o ir\u00e1 permitir que grupos de teatro, poetas, dan\u00e7arinos e produtores culturais tenham mais tempo para elaborar novas obras, uma vez que, com a pandemia, as produ\u00e7\u00f5es foram suspensas. As inscri\u00e7\u00f5es ficar\u00e3o abertas at\u00e9 fevereiro do pr\u00f3ximo ano. \u201cDecidimos adiar ap\u00f3s conversas com a&hellip; <\/p>\n","protected":false},"author":2,"featured_media":188166,"comment_status":"open","ping_status":"open","sticky":false,"template":"","format":"standard","meta":{"_acf_changed":false,"footnotes":""},"categories":[44],"tags":[],"class_list":["post-327045","post","type-post","status-publish","format-standard","has-post-thumbnail","hentry","category-administracao"],"acf":[],"yoast_head":"<!-- This site is optimized with the Yoast SEO plugin v27.4 - https:\/\/yoast.com\/product\/yoast-seo-wordpress\/ -->\n<title>Prefeitura de Juazeiro adia Festival Wellington Monteclaro para mar\u00e7o de 2023 - Blog do Farn\u00e9sio<\/title>\n<meta name=\"robots\" content=\"index, follow, max-snippet:-1, max-image-preview:large, max-video-preview:-1\" \/>\n<link rel=\"canonical\" href=\"https:\/\/blogdofarnesio.com.br\/?p=327045\" \/>\n<meta property=\"og:locale\" content=\"pt_BR\" \/>\n<meta property=\"og:type\" content=\"article\" \/>\n<meta property=\"og:title\" content=\"Prefeitura de Juazeiro adia Festival Wellington Monteclaro para mar\u00e7o de 2023 - Blog do Farn\u00e9sio\" \/>\n<meta property=\"og:description\" content=\"Atendendo a pedidos da classe cultural e diante da reforma do Centro de Cultura Jo\u00e3o Gilberto, a Prefeitura de Juazeiro, atrav\u00e9s da Secretaria de Cultura, Turismo e Esportes (SECULTE) decidiu adiar o Festival Wellington Monteclaro, que teria in\u00edcio no pr\u00f3ximo dia 13 de novembro. O edital de adiamento foi publicado\u00a0 no Di\u00e1rio Oficial do munic\u00edpio desta quinta-feira\u00a0 (10) e o Festival acontecer\u00e1 em mar\u00e7o de 2023, m\u00eas em que se comemora o Dia do Teatro. A prorroga\u00e7\u00e3o ir\u00e1 permitir que grupos de teatro, poetas, dan\u00e7arinos e produtores culturais tenham mais tempo para elaborar novas obras, uma vez que, com a pandemia, as produ\u00e7\u00f5es foram suspensas. As inscri\u00e7\u00f5es ficar\u00e3o abertas at\u00e9 fevereiro do pr\u00f3ximo ano. \u201cDecidimos adiar ap\u00f3s conversas com a&hellip;\" \/>\n<meta property=\"og:url\" content=\"https:\/\/blogdofarnesio.com.br\/?p=327045\" \/>\n<meta property=\"og:site_name\" content=\"Blog do Farn\u00e9sio\" \/>\n<meta property=\"article:publisher\" content=\"https:\/\/www.facebook.com\/BlogQuerSaberPolitica\/\" \/>\n<meta property=\"article:author\" content=\"https:\/\/www.facebook.com\/?ref=tn_tnmn\" \/>\n<meta property=\"article:published_time\" content=\"2022-11-14T10:20:49+00:00\" \/>\n<meta property=\"og:image\" content=\"https:\/\/blogdofarnesio.com.br\/wp-content\/uploads\/2018\/02\/blogqspadiado.jpg\" \/>\n\t<meta property=\"og:image:width\" content=\"400\" \/>\n\t<meta property=\"og:image:height\" content=\"293\" \/>\n\t<meta property=\"og:image:type\" content=\"image\/jpeg\" \/>\n<meta name=\"author\" content=\"Farn\u00e9sio\" \/>\n<meta name=\"twitter:card\" content=\"summary_large_image\" \/>\n<meta name=\"twitter:label1\" content=\"Escrito por\" \/>\n\t<meta name=\"twitter:data1\" content=\"Farn\u00e9sio\" \/>\n\t<meta name=\"twitter:label2\" content=\"Est. tempo de leitura\" \/>\n\t<meta name=\"twitter:data2\" content=\"2 minutos\" \/>\n<script type=\"application\/ld+json\" class=\"yoast-schema-graph\">{\"@context\":\"https:\\\/\\\/schema.org\",\"@graph\":[{\"@type\":\"Article\",\"@id\":\"https:\\\/\\\/blogdofarnesio.com.br\\\/?p=327045#article\",\"isPartOf\":{\"@id\":\"https:\\\/\\\/blogdofarnesio.com.br\\\/?p=327045\"},\"author\":{\"name\":\"Farn\u00e9sio\",\"@id\":\"https:\\\/\\\/blogdofarnesio.com.br\\\/#\\\/schema\\\/person\\\/bb9b23ae3ad0609ce8df7b6c9e76824d\"},\"headline\":\"Prefeitura de Juazeiro adia Festival Wellington Monteclaro para mar\u00e7o de 2023\",\"datePublished\":\"2022-11-14T10:20:49+00:00\",\"mainEntityOfPage\":{\"@id\":\"https:\\\/\\\/blogdofarnesio.com.br\\\/?p=327045\"},\"wordCount\":294,\"commentCount\":0,\"publisher\":{\"@id\":\"https:\\\/\\\/blogdofarnesio.com.br\\\/#organization\"},\"image\":{\"@id\":\"https:\\\/\\\/blogdofarnesio.com.br\\\/?p=327045#primaryimage\"},\"thumbnailUrl\":\"https:\\\/\\\/blogdofarnesio.com.br\\\/wp-content\\\/uploads\\\/2018\\\/02\\\/blogqspadiado.jpg\",\"articleSection\":[\"Administra\u00e7\u00e3o\"],\"inLanguage\":\"pt-BR\",\"potentialAction\":[{\"@type\":\"CommentAction\",\"name\":\"Comment\",\"target\":[\"https:\\\/\\\/blogdofarnesio.com.br\\\/?p=327045#respond\"]}]},{\"@type\":\"WebPage\",\"@id\":\"https:\\\/\\\/blogdofarnesio.com.br\\\/?p=327045\",\"url\":\"https:\\\/\\\/blogdofarnesio.com.br\\\/?p=327045\",\"name\":\"Prefeitura de Juazeiro adia Festival Wellington Monteclaro para mar\u00e7o de 2023 - Blog do Farn\u00e9sio\",\"isPartOf\":{\"@id\":\"https:\\\/\\\/blogdofarnesio.com.br\\\/#website\"},\"primaryImageOfPage\":{\"@id\":\"https:\\\/\\\/blogdofarnesio.com.br\\\/?p=327045#primaryimage\"},\"image\":{\"@id\":\"https:\\\/\\\/blogdofarnesio.com.br\\\/?p=327045#primaryimage\"},\"thumbnailUrl\":\"https:\\\/\\\/blogdofarnesio.com.br\\\/wp-content\\\/uploads\\\/2018\\\/02\\\/blogqspadiado.jpg\",\"datePublished\":\"2022-11-14T10:20:49+00:00\",\"breadcrumb\":{\"@id\":\"https:\\\/\\\/blogdofarnesio.com.br\\\/?p=327045#breadcrumb\"},\"inLanguage\":\"pt-BR\",\"potentialAction\":[{\"@type\":\"ReadAction\",\"target\":[\"https:\\\/\\\/blogdofarnesio.com.br\\\/?p=327045\"]}]},{\"@type\":\"ImageObject\",\"inLanguage\":\"pt-BR\",\"@id\":\"https:\\\/\\\/blogdofarnesio.com.br\\\/?p=327045#primaryimage\",\"url\":\"https:\\\/\\\/blogdofarnesio.com.br\\\/wp-content\\\/uploads\\\/2018\\\/02\\\/blogqspadiado.jpg\",\"contentUrl\":\"https:\\\/\\\/blogdofarnesio.com.br\\\/wp-content\\\/uploads\\\/2018\\\/02\\\/blogqspadiado.jpg\",\"width\":400,\"height\":293},{\"@type\":\"BreadcrumbList\",\"@id\":\"https:\\\/\\\/blogdofarnesio.com.br\\\/?p=327045#breadcrumb\",\"itemListElement\":[{\"@type\":\"ListItem\",\"position\":1,\"name\":\"In\u00edcio\",\"item\":\"https:\\\/\\\/blogdofarnesio.com.br\\\/\"},{\"@type\":\"ListItem\",\"position\":2,\"name\":\"Prefeitura de Juazeiro adia Festival Wellington Monteclaro para mar\u00e7o de 2023\"}]},{\"@type\":\"WebSite\",\"@id\":\"https:\\\/\\\/blogdofarnesio.com.br\\\/#website\",\"url\":\"https:\\\/\\\/blogdofarnesio.com.br\\\/\",\"name\":\"Blog do Farn\u00e9sio\",\"description\":\"Quer Saber Pol\u00edtica?\",\"publisher\":{\"@id\":\"https:\\\/\\\/blogdofarnesio.com.br\\\/#organization\"},\"potentialAction\":[{\"@type\":\"SearchAction\",\"target\":{\"@type\":\"EntryPoint\",\"urlTemplate\":\"https:\\\/\\\/blogdofarnesio.com.br\\\/?s={search_term_string}\"},\"query-input\":{\"@type\":\"PropertyValueSpecification\",\"valueRequired\":true,\"valueName\":\"search_term_string\"}}],\"inLanguage\":\"pt-BR\"},{\"@type\":\"Organization\",\"@id\":\"https:\\\/\\\/blogdofarnesio.com.br\\\/#organization\",\"name\":\"Blog do Farn\u00e9sio\",\"url\":\"https:\\\/\\\/blogdofarnesio.com.br\\\/\",\"logo\":{\"@type\":\"ImageObject\",\"inLanguage\":\"pt-BR\",\"@id\":\"https:\\\/\\\/blogdofarnesio.com.br\\\/#\\\/schema\\\/logo\\\/image\\\/\",\"url\":\"https:\\\/\\\/blogdofarnesio.com.br\\\/wp-content\\\/uploads\\\/2026\\\/03\\\/cropped-logo_new-1.png\",\"contentUrl\":\"https:\\\/\\\/blogdofarnesio.com.br\\\/wp-content\\\/uploads\\\/2026\\\/03\\\/cropped-logo_new-1.png\",\"width\":881,\"height\":685,\"caption\":\"Blog do Farn\u00e9sio\"},\"image\":{\"@id\":\"https:\\\/\\\/blogdofarnesio.com.br\\\/#\\\/schema\\\/logo\\\/image\\\/\"},\"sameAs\":[\"https:\\\/\\\/www.facebook.com\\\/BlogQuerSaberPolitica\\\/\"]},{\"@type\":\"Person\",\"@id\":\"https:\\\/\\\/blogdofarnesio.com.br\\\/#\\\/schema\\\/person\\\/bb9b23ae3ad0609ce8df7b6c9e76824d\",\"name\":\"Farn\u00e9sio\",\"image\":{\"@type\":\"ImageObject\",\"inLanguage\":\"pt-BR\",\"@id\":\"https:\\\/\\\/secure.gravatar.com\\\/avatar\\\/986aa4c61ccdb66f8555bf88fc2a65609d00bcabd4d2d94377a727547345cbca?s=96&d=mm&r=g\",\"url\":\"https:\\\/\\\/secure.gravatar.com\\\/avatar\\\/986aa4c61ccdb66f8555bf88fc2a65609d00bcabd4d2d94377a727547345cbca?s=96&d=mm&r=g\",\"contentUrl\":\"https:\\\/\\\/secure.gravatar.com\\\/avatar\\\/986aa4c61ccdb66f8555bf88fc2a65609d00bcabd4d2d94377a727547345cbca?s=96&d=mm&r=g\",\"caption\":\"Farn\u00e9sio\"},\"description\":\"Radialista blogueiro, chegou a Petrolina\\\/Juazeiro em setembro de 1980, Farn\u00e9sio Silva \u00e9 de Arapiraca-Alagoas.\",\"sameAs\":[\"http:\\\/\\\/blogdofarnesio.com.br\",\"https:\\\/\\\/www.facebook.com\\\/?ref=tn_tnmn\",\"https:\\\/\\\/www.instagram.com\\\/?utm_source=pwa_homescreen\",\"https:\\\/\\\/youtube.com.br\\\/\"],\"url\":\"https:\\\/\\\/blogdofarnesio.com.br\\\/?author=2\"}]}<\/script>\n<!-- \/ Yoast SEO plugin. -->","yoast_head_json":{"title":"Prefeitura de Juazeiro adia Festival Wellington Monteclaro para mar\u00e7o de 2023 - Blog do Farn\u00e9sio","robots":{"index":"index","follow":"follow","max-snippet":"max-snippet:-1","max-image-preview":"max-image-preview:large","max-video-preview":"max-video-preview:-1"},"canonical":"https:\/\/blogdofarnesio.com.br\/?p=327045","og_locale":"pt_BR","og_type":"article","og_title":"Prefeitura de Juazeiro adia Festival Wellington Monteclaro para mar\u00e7o de 2023 - Blog do Farn\u00e9sio","og_description":"Atendendo a pedidos da classe cultural e diante da reforma do Centro de Cultura Jo\u00e3o Gilberto, a Prefeitura de Juazeiro, atrav\u00e9s da Secretaria de Cultura, Turismo e Esportes (SECULTE) decidiu adiar o Festival Wellington Monteclaro, que teria in\u00edcio no pr\u00f3ximo dia 13 de novembro. O edital de adiamento foi publicado\u00a0 no Di\u00e1rio Oficial do munic\u00edpio desta quinta-feira\u00a0 (10) e o Festival acontecer\u00e1 em mar\u00e7o de 2023, m\u00eas em que se comemora o Dia do Teatro. A prorroga\u00e7\u00e3o ir\u00e1 permitir que grupos de teatro, poetas, dan\u00e7arinos e produtores culturais tenham mais tempo para elaborar novas obras, uma vez que, com a pandemia, as produ\u00e7\u00f5es foram suspensas. As inscri\u00e7\u00f5es ficar\u00e3o abertas at\u00e9 fevereiro do pr\u00f3ximo ano. \u201cDecidimos adiar ap\u00f3s conversas com a&hellip;","og_url":"https:\/\/blogdofarnesio.com.br\/?p=327045","og_site_name":"Blog do Farn\u00e9sio","article_publisher":"https:\/\/www.facebook.com\/BlogQuerSaberPolitica\/","article_author":"https:\/\/www.facebook.com\/?ref=tn_tnmn","article_published_time":"2022-11-14T10:20:49+00:00","og_image":[{"width":400,"height":293,"url":"https:\/\/blogdofarnesio.com.br\/wp-content\/uploads\/2018\/02\/blogqspadiado.jpg","type":"image\/jpeg"}],"author":"Farn\u00e9sio","twitter_card":"summary_large_image","twitter_misc":{"Escrito por":"Farn\u00e9sio","Est. tempo de leitura":"2 minutos"},"schema":{"@context":"https:\/\/schema.org","@graph":[{"@type":"Article","@id":"https:\/\/blogdofarnesio.com.br\/?p=327045#article","isPartOf":{"@id":"https:\/\/blogdofarnesio.com.br\/?p=327045"},"author":{"name":"Farn\u00e9sio","@id":"https:\/\/blogdofarnesio.com.br\/#\/schema\/person\/bb9b23ae3ad0609ce8df7b6c9e76824d"},"headline":"Prefeitura de Juazeiro adia Festival Wellington Monteclaro para mar\u00e7o de 2023","datePublished":"2022-11-14T10:20:49+00:00","mainEntityOfPage":{"@id":"https:\/\/blogdofarnesio.com.br\/?p=327045"},"wordCount":294,"commentCount":0,"publisher":{"@id":"https:\/\/blogdofarnesio.com.br\/#organization"},"image":{"@id":"https:\/\/blogdofarnesio.com.br\/?p=327045#primaryimage"},"thumbnailUrl":"https:\/\/blogdofarnesio.com.br\/wp-content\/uploads\/2018\/02\/blogqspadiado.jpg","articleSection":["Administra\u00e7\u00e3o"],"inLanguage":"pt-BR","potentialAction":[{"@type":"CommentAction","name":"Comment","target":["https:\/\/blogdofarnesio.com.br\/?p=327045#respond"]}]},{"@type":"WebPage","@id":"https:\/\/blogdofarnesio.com.br\/?p=327045","url":"https:\/\/blogdofarnesio.com.br\/?p=327045","name":"Prefeitura de Juazeiro adia Festival Wellington Monteclaro para mar\u00e7o de 2023 - Blog do Farn\u00e9sio","isPartOf":{"@id":"https:\/\/blogdofarnesio.com.br\/#website"},"primaryImageOfPage":{"@id":"https:\/\/blogdofarnesio.com.br\/?p=327045#primaryimage"},"image":{"@id":"https:\/\/blogdofarnesio.com.br\/?p=327045#primaryimage"},"thumbnailUrl":"https:\/\/blogdofarnesio.com.br\/wp-content\/uploads\/2018\/02\/blogqspadiado.jpg","datePublished":"2022-11-14T10:20:49+00:00","breadcrumb":{"@id":"https:\/\/blogdofarnesio.com.br\/?p=327045#breadcrumb"},"inLanguage":"pt-BR","potentialAction":[{"@type":"ReadAction","target":["https:\/\/blogdofarnesio.com.br\/?p=327045"]}]},{"@type":"ImageObject","inLanguage":"pt-BR","@id":"https:\/\/blogdofarnesio.com.br\/?p=327045#primaryimage","url":"https:\/\/blogdofarnesio.com.br\/wp-content\/uploads\/2018\/02\/blogqspadiado.jpg","contentUrl":"https:\/\/blogdofarnesio.com.br\/wp-content\/uploads\/2018\/02\/blogqspadiado.jpg","width":400,"height":293},{"@type":"BreadcrumbList","@id":"https:\/\/blogdofarnesio.com.br\/?p=327045#breadcrumb","itemListElement":[{"@type":"ListItem","position":1,"name":"In\u00edcio","item":"https:\/\/blogdofarnesio.com.br\/"},{"@type":"ListItem","position":2,"name":"Prefeitura de Juazeiro adia Festival Wellington Monteclaro para mar\u00e7o de 2023"}]},{"@type":"WebSite","@id":"https:\/\/blogdofarnesio.com.br\/#website","url":"https:\/\/blogdofarnesio.com.br\/","name":"Blog do Farn\u00e9sio","description":"Quer Saber Pol\u00edtica?","publisher":{"@id":"https:\/\/blogdofarnesio.com.br\/#organization"},"potentialAction":[{"@type":"SearchAction","target":{"@type":"EntryPoint","urlTemplate":"https:\/\/blogdofarnesio.com.br\/?s={search_term_string}"},"query-input":{"@type":"PropertyValueSpecification","valueRequired":true,"valueName":"search_term_string"}}],"inLanguage":"pt-BR"},{"@type":"Organization","@id":"https:\/\/blogdofarnesio.com.br\/#organization","name":"Blog do Farn\u00e9sio","url":"https:\/\/blogdofarnesio.com.br\/","logo":{"@type":"ImageObject","inLanguage":"pt-BR","@id":"https:\/\/blogdofarnesio.com.br\/#\/schema\/logo\/image\/","url":"https:\/\/blogdofarnesio.com.br\/wp-content\/uploads\/2026\/03\/cropped-logo_new-1.png","contentUrl":"https:\/\/blogdofarnesio.com.br\/wp-content\/uploads\/2026\/03\/cropped-logo_new-1.png","width":881,"height":685,"caption":"Blog do Farn\u00e9sio"},"image":{"@id":"https:\/\/blogdofarnesio.com.br\/#\/schema\/logo\/image\/"},"sameAs":["https:\/\/www.facebook.com\/BlogQuerSaberPolitica\/"]},{"@type":"Person","@id":"https:\/\/blogdofarnesio.com.br\/#\/schema\/person\/bb9b23ae3ad0609ce8df7b6c9e76824d","name":"Farn\u00e9sio","image":{"@type":"ImageObject","inLanguage":"pt-BR","@id":"https:\/\/secure.gravatar.com\/avatar\/986aa4c61ccdb66f8555bf88fc2a65609d00bcabd4d2d94377a727547345cbca?s=96&d=mm&r=g","url":"https:\/\/secure.gravatar.com\/avatar\/986aa4c61ccdb66f8555bf88fc2a65609d00bcabd4d2d94377a727547345cbca?s=96&d=mm&r=g","contentUrl":"https:\/\/secure.gravatar.com\/avatar\/986aa4c61ccdb66f8555bf88fc2a65609d00bcabd4d2d94377a727547345cbca?s=96&d=mm&r=g","caption":"Farn\u00e9sio"},"description":"Radialista blogueiro, chegou a Petrolina\/Juazeiro em setembro de 1980, Farn\u00e9sio Silva \u00e9 de Arapiraca-Alagoas.","sameAs":["http:\/\/blogdofarnesio.com.br","https:\/\/www.facebook.com\/?ref=tn_tnmn","https:\/\/www.instagram.com\/?utm_source=pwa_homescreen","https:\/\/youtube.com.br\/"],"url":"https:\/\/blogdofarnesio.com.br\/?author=2"}]}},"_links":{"self":[{"href":"https:\/\/blogdofarnesio.com.br\/index.php?rest_route=\/wp\/v2\/posts\/327045","targetHints":{"allow":["GET"]}}],"collection":[{"href":"https:\/\/blogdofarnesio.com.br\/index.php?rest_route=\/wp\/v2\/posts"}],"about":[{"href":"https:\/\/blogdofarnesio.com.br\/index.php?rest_route=\/wp\/v2\/types\/post"}],"author":[{"embeddable":true,"href":"https:\/\/blogdofarnesio.com.br\/index.php?rest_route=\/wp\/v2\/users\/2"}],"replies":[{"embeddable":true,"href":"https:\/\/blogdofarnesio.com.br\/index.php?rest_route=%2Fwp%2Fv2%2Fcomments&post=327045"}],"version-history":[{"count":0,"href":"https:\/\/blogdofarnesio.com.br\/index.php?rest_route=\/wp\/v2\/posts\/327045\/revisions"}],"wp:featuredmedia":[{"embeddable":true,"href":"https:\/\/blogdofarnesio.com.br\/index.php?rest_route=\/wp\/v2\/media\/188166"}],"wp:attachment":[{"href":"https:\/\/blogdofarnesio.com.br\/index.php?rest_route=%2Fwp%2Fv2%2Fmedia&parent=327045"}],"wp:term":[{"taxonomy":"category","embeddable":true,"href":"https:\/\/blogdofarnesio.com.br\/index.php?rest_route=%2Fwp%2Fv2%2Fcategories&post=327045"},{"taxonomy":"post_tag","embeddable":true,"href":"https:\/\/blogdofarnesio.com.br\/index.php?rest_route=%2Fwp%2Fv2%2Ftags&post=327045"}],"curies":[{"name":"wp","href":"https:\/\/api.w.org\/{rel}","templated":true}]}}