{"id":32629,"date":"2013-03-20T07:55:17","date_gmt":"2013-03-20T10:55:17","guid":{"rendered":"http:\/\/www.quersaberpolitica.com.br\/?p=32629"},"modified":"2013-03-20T07:58:40","modified_gmt":"2013-03-20T10:58:40","slug":"morre-o-cantor-emilio-santiago","status":"publish","type":"post","link":"https:\/\/blogdofarnesio.com.br\/?p=32629","title":{"rendered":"MORRE O CANTOR EM\u00cdLIO SANTIAGO"},"content":{"rendered":"<h1>Sambista havia sofrido um acidente vascular cerebral.<\/h1>\n<div>Do G1 Rio<\/div>\n<div id=\"materia-letra\">\n<div><img loading=\"lazy\" decoding=\"async\" class=\"aligncenter\" title=\"Em\u00edlio Santiago faz show em casa de show em Campinas (Foto: Alexandre Moreira\/ Divulga\u00e7\u00e3o)\" alt=\"Em\u00edlio Santiago faz show em casa de show em Campinas (Foto: Alexandre Moreira\/ Divulga\u00e7\u00e3o)\" src=\"http:\/\/s2.glbimg.com\/aOBxNDNiYJGb9qZoNmkZ_8Zcd_p5WQosQSyqJ2k_KslIoz-HdGixxa_8qOZvMp3w\/s.glbimg.com\/jo\/g1\/f\/original\/2012\/11\/16\/sem_titulo-1santiago.jpg\" width=\"300\" height=\"400\" \/><\/div>\n<p style=\"text-align: justify\">Morreu aos 66 anos o cantor Em\u00edlio Santiago, que estava internado no Centro de Terapia Intensiva (CTI) do Hospital Samaritano, em Botafogo, na Zona Sul do Rio. A informa\u00e7\u00e3o foi confirmada pela assessoria da unidade hospitalar. O sambista sofreu um acidente vascular cerebral isqu\u00eamico (AVC), no dia 7 de mar\u00e7o.<\/p>\n<p>O motivo e o hor\u00e1rio da morte n\u00e3o foram informados pela assessoria do hospital. O local e hor\u00e1rio de enterro tamb\u00e9m n\u00e3o foram divulgados.<\/p>\n<div><strong>saiba mais<\/strong><\/p>\n<ul>\n<li><a href=\"http:\/\/g1.globo.com\/rio-de-janeiro\/noticia\/2013\/03\/estado-de-saude-de-emilio-santiago-inspira-cuidados-diz-hospital.html\">Estado de sa\u00fade de Em\u00edlio Santiago inspira cuidados, diz hospital<\/a><\/li>\n<li><a href=\"http:\/\/g1.globo.com\/rio-de-janeiro\/noticia\/2013\/03\/cantor-emilio-santiago-e-internado-em-hospital-da-zona-sul-do-rio.html\">Cantor Em\u00edlio Santiago \u00e9 internado em hospital da Zona Sul do Rio<\/a><\/li>\n<\/ul>\n<\/div>\n<p>O cantor, vencedor de diversos festivais de m\u00fasica, iniciou a carreira na d\u00e9cada de 70 e gravou grandes sucessos como Saygon, Lembra de Mim e Verdade Chinesa.<\/p>\n<p>O \u00faltimo disco de Em\u00edlio Santiago foi &#8220;S\u00f3 dan\u00e7o samba (ao vivo)&#8221;, lan\u00e7ado em 2012, junto com um DVD.<\/p>\n<\/div>\n","protected":false},"excerpt":{"rendered":"<p>Sambista havia sofrido um acidente vascular cerebral. Do G1 Rio Morreu aos 66 anos o cantor Em\u00edlio Santiago, que estava internado no Centro de Terapia Intensiva (CTI) do Hospital Samaritano, em Botafogo, na Zona Sul do Rio. A informa\u00e7\u00e3o foi confirmada pela assessoria da unidade hospitalar. O sambista sofreu um acidente vascular cerebral isqu\u00eamico (AVC), no dia 7 de mar\u00e7o. O motivo e o hor\u00e1rio da morte n\u00e3o foram informados pela assessoria do hospital. O local e hor\u00e1rio de enterro tamb\u00e9m n\u00e3o foram divulgados. saiba mais Estado de sa\u00fade de Em\u00edlio Santiago inspira cuidados, diz hospital Cantor Em\u00edlio Santiago \u00e9 internado em hospital da Zona Sul do Rio O cantor, vencedor de diversos festivais de m\u00fasica, iniciou a carreira na&hellip; <\/p>\n","protected":false},"author":3,"featured_media":0,"comment_status":"open","ping_status":"open","sticky":false,"template":"","format":"standard","meta":{"_acf_changed":false,"footnotes":""},"categories":[1],"tags":[],"class_list":["post-32629","post","type-post","status-publish","format-standard","hentry","category-politica"],"acf":[],"yoast_head":"<!-- This site is optimized with the Yoast SEO plugin v27.4 - https:\/\/yoast.com\/product\/yoast-seo-wordpress\/ -->\n<title>MORRE O CANTOR EM\u00cdLIO SANTIAGO - Blog do Farn\u00e9sio<\/title>\n<meta name=\"robots\" content=\"index, follow, max-snippet:-1, max-image-preview:large, max-video-preview:-1\" \/>\n<link rel=\"canonical\" href=\"https:\/\/blogdofarnesio.com.br\/?p=32629\" \/>\n<meta property=\"og:locale\" content=\"pt_BR\" \/>\n<meta property=\"og:type\" content=\"article\" \/>\n<meta property=\"og:title\" content=\"MORRE O CANTOR EM\u00cdLIO SANTIAGO - Blog do Farn\u00e9sio\" \/>\n<meta property=\"og:description\" content=\"Sambista havia sofrido um acidente vascular cerebral. Do G1 Rio Morreu aos 66 anos o cantor Em\u00edlio Santiago, que estava internado no Centro de Terapia Intensiva (CTI) do Hospital Samaritano, em Botafogo, na Zona Sul do Rio. A informa\u00e7\u00e3o foi confirmada pela assessoria da unidade hospitalar. O sambista sofreu um acidente vascular cerebral isqu\u00eamico (AVC), no dia 7 de mar\u00e7o. O motivo e o hor\u00e1rio da morte n\u00e3o foram informados pela assessoria do hospital. O local e hor\u00e1rio de enterro tamb\u00e9m n\u00e3o foram divulgados. saiba mais Estado de sa\u00fade de Em\u00edlio Santiago inspira cuidados, diz hospital Cantor Em\u00edlio Santiago \u00e9 internado em hospital da Zona Sul do Rio O cantor, vencedor de diversos festivais de m\u00fasica, iniciou a carreira na&hellip;\" \/>\n<meta property=\"og:url\" content=\"https:\/\/blogdofarnesio.com.br\/?p=32629\" \/>\n<meta property=\"og:site_name\" content=\"Blog do Farn\u00e9sio\" \/>\n<meta property=\"article:publisher\" content=\"https:\/\/www.facebook.com\/BlogQuerSaberPolitica\/\" \/>\n<meta property=\"article:published_time\" content=\"2013-03-20T10:55:17+00:00\" \/>\n<meta property=\"article:modified_time\" content=\"2013-03-20T10:58:40+00:00\" \/>\n<meta property=\"og:image\" content=\"http:\/\/s2.glbimg.com\/aOBxNDNiYJGb9qZoNmkZ_8Zcd_p5WQosQSyqJ2k_KslIoz-HdGixxa_8qOZvMp3w\/s.glbimg.com\/jo\/g1\/f\/original\/2012\/11\/16\/sem_titulo-1santiago.jpg\" \/>\n<meta name=\"author\" content=\"teste\" \/>\n<meta name=\"twitter:card\" content=\"summary_large_image\" \/>\n<meta name=\"twitter:label1\" content=\"Escrito por\" \/>\n\t<meta name=\"twitter:data1\" content=\"teste\" \/>\n\t<meta name=\"twitter:label2\" content=\"Est. tempo de leitura\" \/>\n\t<meta name=\"twitter:data2\" content=\"1 minuto\" \/>\n<script type=\"application\/ld+json\" class=\"yoast-schema-graph\">{\"@context\":\"https:\\\/\\\/schema.org\",\"@graph\":[{\"@type\":\"Article\",\"@id\":\"https:\\\/\\\/blogdofarnesio.com.br\\\/?p=32629#article\",\"isPartOf\":{\"@id\":\"https:\\\/\\\/blogdofarnesio.com.br\\\/?p=32629\"},\"author\":{\"name\":\"teste\",\"@id\":\"https:\\\/\\\/blogdofarnesio.com.br\\\/#\\\/schema\\\/person\\\/dd1bf5eba40b687199ba45ca6b97dff9\"},\"headline\":\"MORRE O CANTOR EM\u00cdLIO SANTIAGO\",\"datePublished\":\"2013-03-20T10:55:17+00:00\",\"dateModified\":\"2013-03-20T10:58:40+00:00\",\"mainEntityOfPage\":{\"@id\":\"https:\\\/\\\/blogdofarnesio.com.br\\\/?p=32629\"},\"wordCount\":172,\"commentCount\":0,\"publisher\":{\"@id\":\"https:\\\/\\\/blogdofarnesio.com.br\\\/#organization\"},\"image\":{\"@id\":\"https:\\\/\\\/blogdofarnesio.com.br\\\/?p=32629#primaryimage\"},\"thumbnailUrl\":\"http:\\\/\\\/s2.glbimg.com\\\/aOBxNDNiYJGb9qZoNmkZ_8Zcd_p5WQosQSyqJ2k_KslIoz-HdGixxa_8qOZvMp3w\\\/s.glbimg.com\\\/jo\\\/g1\\\/f\\\/original\\\/2012\\\/11\\\/16\\\/sem_titulo-1santiago.jpg\",\"articleSection\":[\"Pol\u00edtica\"],\"inLanguage\":\"pt-BR\",\"potentialAction\":[{\"@type\":\"CommentAction\",\"name\":\"Comment\",\"target\":[\"https:\\\/\\\/blogdofarnesio.com.br\\\/?p=32629#respond\"]}]},{\"@type\":\"WebPage\",\"@id\":\"https:\\\/\\\/blogdofarnesio.com.br\\\/?p=32629\",\"url\":\"https:\\\/\\\/blogdofarnesio.com.br\\\/?p=32629\",\"name\":\"MORRE O CANTOR EM\u00cdLIO SANTIAGO - Blog do Farn\u00e9sio\",\"isPartOf\":{\"@id\":\"https:\\\/\\\/blogdofarnesio.com.br\\\/#website\"},\"primaryImageOfPage\":{\"@id\":\"https:\\\/\\\/blogdofarnesio.com.br\\\/?p=32629#primaryimage\"},\"image\":{\"@id\":\"https:\\\/\\\/blogdofarnesio.com.br\\\/?p=32629#primaryimage\"},\"thumbnailUrl\":\"http:\\\/\\\/s2.glbimg.com\\\/aOBxNDNiYJGb9qZoNmkZ_8Zcd_p5WQosQSyqJ2k_KslIoz-HdGixxa_8qOZvMp3w\\\/s.glbimg.com\\\/jo\\\/g1\\\/f\\\/original\\\/2012\\\/11\\\/16\\\/sem_titulo-1santiago.jpg\",\"datePublished\":\"2013-03-20T10:55:17+00:00\",\"dateModified\":\"2013-03-20T10:58:40+00:00\",\"breadcrumb\":{\"@id\":\"https:\\\/\\\/blogdofarnesio.com.br\\\/?p=32629#breadcrumb\"},\"inLanguage\":\"pt-BR\",\"potentialAction\":[{\"@type\":\"ReadAction\",\"target\":[\"https:\\\/\\\/blogdofarnesio.com.br\\\/?p=32629\"]}]},{\"@type\":\"ImageObject\",\"inLanguage\":\"pt-BR\",\"@id\":\"https:\\\/\\\/blogdofarnesio.com.br\\\/?p=32629#primaryimage\",\"url\":\"http:\\\/\\\/s2.glbimg.com\\\/aOBxNDNiYJGb9qZoNmkZ_8Zcd_p5WQosQSyqJ2k_KslIoz-HdGixxa_8qOZvMp3w\\\/s.glbimg.com\\\/jo\\\/g1\\\/f\\\/original\\\/2012\\\/11\\\/16\\\/sem_titulo-1santiago.jpg\",\"contentUrl\":\"http:\\\/\\\/s2.glbimg.com\\\/aOBxNDNiYJGb9qZoNmkZ_8Zcd_p5WQosQSyqJ2k_KslIoz-HdGixxa_8qOZvMp3w\\\/s.glbimg.com\\\/jo\\\/g1\\\/f\\\/original\\\/2012\\\/11\\\/16\\\/sem_titulo-1santiago.jpg\"},{\"@type\":\"BreadcrumbList\",\"@id\":\"https:\\\/\\\/blogdofarnesio.com.br\\\/?p=32629#breadcrumb\",\"itemListElement\":[{\"@type\":\"ListItem\",\"position\":1,\"name\":\"In\u00edcio\",\"item\":\"https:\\\/\\\/blogdofarnesio.com.br\\\/\"},{\"@type\":\"ListItem\",\"position\":2,\"name\":\"MORRE O CANTOR EM\u00cdLIO SANTIAGO\"}]},{\"@type\":\"WebSite\",\"@id\":\"https:\\\/\\\/blogdofarnesio.com.br\\\/#website\",\"url\":\"https:\\\/\\\/blogdofarnesio.com.br\\\/\",\"name\":\"Blog do Farn\u00e9sio\",\"description\":\"Quer Saber Pol\u00edtica?\",\"publisher\":{\"@id\":\"https:\\\/\\\/blogdofarnesio.com.br\\\/#organization\"},\"potentialAction\":[{\"@type\":\"SearchAction\",\"target\":{\"@type\":\"EntryPoint\",\"urlTemplate\":\"https:\\\/\\\/blogdofarnesio.com.br\\\/?s={search_term_string}\"},\"query-input\":{\"@type\":\"PropertyValueSpecification\",\"valueRequired\":true,\"valueName\":\"search_term_string\"}}],\"inLanguage\":\"pt-BR\"},{\"@type\":\"Organization\",\"@id\":\"https:\\\/\\\/blogdofarnesio.com.br\\\/#organization\",\"name\":\"Blog do Farn\u00e9sio\",\"url\":\"https:\\\/\\\/blogdofarnesio.com.br\\\/\",\"logo\":{\"@type\":\"ImageObject\",\"inLanguage\":\"pt-BR\",\"@id\":\"https:\\\/\\\/blogdofarnesio.com.br\\\/#\\\/schema\\\/logo\\\/image\\\/\",\"url\":\"https:\\\/\\\/blogdofarnesio.com.br\\\/wp-content\\\/uploads\\\/2026\\\/03\\\/cropped-logo_new-1.png\",\"contentUrl\":\"https:\\\/\\\/blogdofarnesio.com.br\\\/wp-content\\\/uploads\\\/2026\\\/03\\\/cropped-logo_new-1.png\",\"width\":881,\"height\":685,\"caption\":\"Blog do Farn\u00e9sio\"},\"image\":{\"@id\":\"https:\\\/\\\/blogdofarnesio.com.br\\\/#\\\/schema\\\/logo\\\/image\\\/\"},\"sameAs\":[\"https:\\\/\\\/www.facebook.com\\\/BlogQuerSaberPolitica\\\/\"]},{\"@type\":\"Person\",\"@id\":\"https:\\\/\\\/blogdofarnesio.com.br\\\/#\\\/schema\\\/person\\\/dd1bf5eba40b687199ba45ca6b97dff9\",\"name\":\"teste\",\"image\":{\"@type\":\"ImageObject\",\"inLanguage\":\"pt-BR\",\"@id\":\"https:\\\/\\\/secure.gravatar.com\\\/avatar\\\/2172498d4914b51e1d89a0f97957b035ac4938723a5cac208135d389b6972a6d?s=96&d=mm&r=g\",\"url\":\"https:\\\/\\\/secure.gravatar.com\\\/avatar\\\/2172498d4914b51e1d89a0f97957b035ac4938723a5cac208135d389b6972a6d?s=96&d=mm&r=g\",\"contentUrl\":\"https:\\\/\\\/secure.gravatar.com\\\/avatar\\\/2172498d4914b51e1d89a0f97957b035ac4938723a5cac208135d389b6972a6d?s=96&d=mm&r=g\",\"caption\":\"teste\"},\"url\":\"https:\\\/\\\/blogdofarnesio.com.br\\\/?author=3\"}]}<\/script>\n<!-- \/ Yoast SEO plugin. -->","yoast_head_json":{"title":"MORRE O CANTOR EM\u00cdLIO SANTIAGO - Blog do Farn\u00e9sio","robots":{"index":"index","follow":"follow","max-snippet":"max-snippet:-1","max-image-preview":"max-image-preview:large","max-video-preview":"max-video-preview:-1"},"canonical":"https:\/\/blogdofarnesio.com.br\/?p=32629","og_locale":"pt_BR","og_type":"article","og_title":"MORRE O CANTOR EM\u00cdLIO SANTIAGO - Blog do Farn\u00e9sio","og_description":"Sambista havia sofrido um acidente vascular cerebral. Do G1 Rio Morreu aos 66 anos o cantor Em\u00edlio Santiago, que estava internado no Centro de Terapia Intensiva (CTI) do Hospital Samaritano, em Botafogo, na Zona Sul do Rio. A informa\u00e7\u00e3o foi confirmada pela assessoria da unidade hospitalar. O sambista sofreu um acidente vascular cerebral isqu\u00eamico (AVC), no dia 7 de mar\u00e7o. O motivo e o hor\u00e1rio da morte n\u00e3o foram informados pela assessoria do hospital. O local e hor\u00e1rio de enterro tamb\u00e9m n\u00e3o foram divulgados. saiba mais Estado de sa\u00fade de Em\u00edlio Santiago inspira cuidados, diz hospital Cantor Em\u00edlio Santiago \u00e9 internado em hospital da Zona Sul do Rio O cantor, vencedor de diversos festivais de m\u00fasica, iniciou a carreira na&hellip;","og_url":"https:\/\/blogdofarnesio.com.br\/?p=32629","og_site_name":"Blog do Farn\u00e9sio","article_publisher":"https:\/\/www.facebook.com\/BlogQuerSaberPolitica\/","article_published_time":"2013-03-20T10:55:17+00:00","article_modified_time":"2013-03-20T10:58:40+00:00","og_image":[{"url":"http:\/\/s2.glbimg.com\/aOBxNDNiYJGb9qZoNmkZ_8Zcd_p5WQosQSyqJ2k_KslIoz-HdGixxa_8qOZvMp3w\/s.glbimg.com\/jo\/g1\/f\/original\/2012\/11\/16\/sem_titulo-1santiago.jpg","type":"","width":"","height":""}],"author":"teste","twitter_card":"summary_large_image","twitter_misc":{"Escrito por":"teste","Est. tempo de leitura":"1 minuto"},"schema":{"@context":"https:\/\/schema.org","@graph":[{"@type":"Article","@id":"https:\/\/blogdofarnesio.com.br\/?p=32629#article","isPartOf":{"@id":"https:\/\/blogdofarnesio.com.br\/?p=32629"},"author":{"name":"teste","@id":"https:\/\/blogdofarnesio.com.br\/#\/schema\/person\/dd1bf5eba40b687199ba45ca6b97dff9"},"headline":"MORRE O CANTOR EM\u00cdLIO SANTIAGO","datePublished":"2013-03-20T10:55:17+00:00","dateModified":"2013-03-20T10:58:40+00:00","mainEntityOfPage":{"@id":"https:\/\/blogdofarnesio.com.br\/?p=32629"},"wordCount":172,"commentCount":0,"publisher":{"@id":"https:\/\/blogdofarnesio.com.br\/#organization"},"image":{"@id":"https:\/\/blogdofarnesio.com.br\/?p=32629#primaryimage"},"thumbnailUrl":"http:\/\/s2.glbimg.com\/aOBxNDNiYJGb9qZoNmkZ_8Zcd_p5WQosQSyqJ2k_KslIoz-HdGixxa_8qOZvMp3w\/s.glbimg.com\/jo\/g1\/f\/original\/2012\/11\/16\/sem_titulo-1santiago.jpg","articleSection":["Pol\u00edtica"],"inLanguage":"pt-BR","potentialAction":[{"@type":"CommentAction","name":"Comment","target":["https:\/\/blogdofarnesio.com.br\/?p=32629#respond"]}]},{"@type":"WebPage","@id":"https:\/\/blogdofarnesio.com.br\/?p=32629","url":"https:\/\/blogdofarnesio.com.br\/?p=32629","name":"MORRE O CANTOR EM\u00cdLIO SANTIAGO - Blog do Farn\u00e9sio","isPartOf":{"@id":"https:\/\/blogdofarnesio.com.br\/#website"},"primaryImageOfPage":{"@id":"https:\/\/blogdofarnesio.com.br\/?p=32629#primaryimage"},"image":{"@id":"https:\/\/blogdofarnesio.com.br\/?p=32629#primaryimage"},"thumbnailUrl":"http:\/\/s2.glbimg.com\/aOBxNDNiYJGb9qZoNmkZ_8Zcd_p5WQosQSyqJ2k_KslIoz-HdGixxa_8qOZvMp3w\/s.glbimg.com\/jo\/g1\/f\/original\/2012\/11\/16\/sem_titulo-1santiago.jpg","datePublished":"2013-03-20T10:55:17+00:00","dateModified":"2013-03-20T10:58:40+00:00","breadcrumb":{"@id":"https:\/\/blogdofarnesio.com.br\/?p=32629#breadcrumb"},"inLanguage":"pt-BR","potentialAction":[{"@type":"ReadAction","target":["https:\/\/blogdofarnesio.com.br\/?p=32629"]}]},{"@type":"ImageObject","inLanguage":"pt-BR","@id":"https:\/\/blogdofarnesio.com.br\/?p=32629#primaryimage","url":"http:\/\/s2.glbimg.com\/aOBxNDNiYJGb9qZoNmkZ_8Zcd_p5WQosQSyqJ2k_KslIoz-HdGixxa_8qOZvMp3w\/s.glbimg.com\/jo\/g1\/f\/original\/2012\/11\/16\/sem_titulo-1santiago.jpg","contentUrl":"http:\/\/s2.glbimg.com\/aOBxNDNiYJGb9qZoNmkZ_8Zcd_p5WQosQSyqJ2k_KslIoz-HdGixxa_8qOZvMp3w\/s.glbimg.com\/jo\/g1\/f\/original\/2012\/11\/16\/sem_titulo-1santiago.jpg"},{"@type":"BreadcrumbList","@id":"https:\/\/blogdofarnesio.com.br\/?p=32629#breadcrumb","itemListElement":[{"@type":"ListItem","position":1,"name":"In\u00edcio","item":"https:\/\/blogdofarnesio.com.br\/"},{"@type":"ListItem","position":2,"name":"MORRE O CANTOR EM\u00cdLIO SANTIAGO"}]},{"@type":"WebSite","@id":"https:\/\/blogdofarnesio.com.br\/#website","url":"https:\/\/blogdofarnesio.com.br\/","name":"Blog do Farn\u00e9sio","description":"Quer Saber Pol\u00edtica?","publisher":{"@id":"https:\/\/blogdofarnesio.com.br\/#organization"},"potentialAction":[{"@type":"SearchAction","target":{"@type":"EntryPoint","urlTemplate":"https:\/\/blogdofarnesio.com.br\/?s={search_term_string}"},"query-input":{"@type":"PropertyValueSpecification","valueRequired":true,"valueName":"search_term_string"}}],"inLanguage":"pt-BR"},{"@type":"Organization","@id":"https:\/\/blogdofarnesio.com.br\/#organization","name":"Blog do Farn\u00e9sio","url":"https:\/\/blogdofarnesio.com.br\/","logo":{"@type":"ImageObject","inLanguage":"pt-BR","@id":"https:\/\/blogdofarnesio.com.br\/#\/schema\/logo\/image\/","url":"https:\/\/blogdofarnesio.com.br\/wp-content\/uploads\/2026\/03\/cropped-logo_new-1.png","contentUrl":"https:\/\/blogdofarnesio.com.br\/wp-content\/uploads\/2026\/03\/cropped-logo_new-1.png","width":881,"height":685,"caption":"Blog do Farn\u00e9sio"},"image":{"@id":"https:\/\/blogdofarnesio.com.br\/#\/schema\/logo\/image\/"},"sameAs":["https:\/\/www.facebook.com\/BlogQuerSaberPolitica\/"]},{"@type":"Person","@id":"https:\/\/blogdofarnesio.com.br\/#\/schema\/person\/dd1bf5eba40b687199ba45ca6b97dff9","name":"teste","image":{"@type":"ImageObject","inLanguage":"pt-BR","@id":"https:\/\/secure.gravatar.com\/avatar\/2172498d4914b51e1d89a0f97957b035ac4938723a5cac208135d389b6972a6d?s=96&d=mm&r=g","url":"https:\/\/secure.gravatar.com\/avatar\/2172498d4914b51e1d89a0f97957b035ac4938723a5cac208135d389b6972a6d?s=96&d=mm&r=g","contentUrl":"https:\/\/secure.gravatar.com\/avatar\/2172498d4914b51e1d89a0f97957b035ac4938723a5cac208135d389b6972a6d?s=96&d=mm&r=g","caption":"teste"},"url":"https:\/\/blogdofarnesio.com.br\/?author=3"}]}},"_links":{"self":[{"href":"https:\/\/blogdofarnesio.com.br\/index.php?rest_route=\/wp\/v2\/posts\/32629","targetHints":{"allow":["GET"]}}],"collection":[{"href":"https:\/\/blogdofarnesio.com.br\/index.php?rest_route=\/wp\/v2\/posts"}],"about":[{"href":"https:\/\/blogdofarnesio.com.br\/index.php?rest_route=\/wp\/v2\/types\/post"}],"author":[{"embeddable":true,"href":"https:\/\/blogdofarnesio.com.br\/index.php?rest_route=\/wp\/v2\/users\/3"}],"replies":[{"embeddable":true,"href":"https:\/\/blogdofarnesio.com.br\/index.php?rest_route=%2Fwp%2Fv2%2Fcomments&post=32629"}],"version-history":[{"count":0,"href":"https:\/\/blogdofarnesio.com.br\/index.php?rest_route=\/wp\/v2\/posts\/32629\/revisions"}],"wp:attachment":[{"href":"https:\/\/blogdofarnesio.com.br\/index.php?rest_route=%2Fwp%2Fv2%2Fmedia&parent=32629"}],"wp:term":[{"taxonomy":"category","embeddable":true,"href":"https:\/\/blogdofarnesio.com.br\/index.php?rest_route=%2Fwp%2Fv2%2Fcategories&post=32629"},{"taxonomy":"post_tag","embeddable":true,"href":"https:\/\/blogdofarnesio.com.br\/index.php?rest_route=%2Fwp%2Fv2%2Ftags&post=32629"}],"curies":[{"name":"wp","href":"https:\/\/api.w.org\/{rel}","templated":true}]}}