{"id":326232,"date":"2022-10-31T12:31:59","date_gmt":"2022-10-31T15:31:59","guid":{"rendered":"https:\/\/blogdofarnesio.com.br\/?p=326232"},"modified":"2022-10-31T10:33:48","modified_gmt":"2022-10-31T13:33:48","slug":"pernambuco-voltara-a-crescer-diz-simao-durando-sobre-vitoria-de-raquel-lyra","status":"publish","type":"post","link":"https:\/\/blogdofarnesio.com.br\/?p=326232","title":{"rendered":"\u201cPernambuco voltar\u00e1 a crescer\u2019\u2019, diz Sim\u00e3o Durando sobre vit\u00f3ria de Raquel Lyra"},"content":{"rendered":"<p style=\"font-weight: 400;\">O prefeito de Petrolina, Sim\u00e3o Durando (Uni\u00e3o Brasil), celebrou a vit\u00f3ria de Raquel Lyra (PSDB), para o governo de Pernambuco, neste domingo (30), no segundo turno das elei\u00e7\u00f5es. O gestor acompanhou a apura\u00e7\u00e3o e o resultado no Recife, junto com seu grupo pol\u00edtico, o senador Fernando Bezerra Coelho, os deputados Fernando Filho e Antonio Coelho e o ex-prefeito Miguel Coelho.<\/p>\n<p style=\"font-weight: 400;\">Sim\u00e3o Durando refor\u00e7ou a esperan\u00e7a de que, a partir de agora, com a vit\u00f3ria de Raquel, o estado volte a crescer, do sert\u00e3o ao litoral. Em Petrolina, a tucana venceu a disputa com 89.757 votos. Para Sim\u00e3o, o resultado das urnas representa o sentimento de mudan\u00e7a, n\u00e3o s\u00f3 em Petrolina, mas em todo Pernambuco.<\/p>\n<p style=\"font-weight: 400;\"><em>\u201cEssa elei\u00e7\u00e3o provou que, na soma das for\u00e7as, a gente consegue alcan\u00e7ar os objetivos. Quero parabenizar Raquel Lyra, nossa nova governadora, pela campanha e por esta bel\u00edssima vit\u00f3ria que construiu com muita garra, coragem e a vontade de ver Pernambuco mudar. Quem acompanhou de perto viu o desejo de devolver orgulho aos pernambucanos. Mesmo no momento mais dif\u00edcil de sua vida ela seguiu em frente com a determina\u00e7\u00e3o que precis\u00e1vamos para renovar nossa esperan\u00e7a. Raquel saber\u00e1 fazer com que Pernambuco retorne ao caminho do crescimento e da prosperidade. \u00c9 preparada, servidora p\u00fablica de carreira e j\u00e1 mostrou sua capacidade de gest\u00e3o.\u00a0 N\u00e3o tenho d\u00favidas, com a governadora Raquel, Pernambuco voltar\u00e1 a crescer, ela ir\u00e1 olhar para o nosso Sert\u00e3o, as nossas necessidades e lutar\u00e1 por isso. Vamos juntos, transformar Pernambuco!&#8221;,<\/em>\u00a0concluiu o prefeito Sim\u00e3o Durando.<\/p>\n<p><strong>Assessoria de Sim\u00e3o Durando<\/strong><\/p>\n","protected":false},"excerpt":{"rendered":"<p>O prefeito de Petrolina, Sim\u00e3o Durando (Uni\u00e3o Brasil), celebrou a vit\u00f3ria de Raquel Lyra (PSDB), para o governo de Pernambuco, neste domingo (30), no segundo turno das elei\u00e7\u00f5es. O gestor acompanhou a apura\u00e7\u00e3o e o resultado no Recife, junto com seu grupo pol\u00edtico, o senador Fernando Bezerra Coelho, os deputados Fernando Filho e Antonio Coelho e o ex-prefeito Miguel Coelho. Sim\u00e3o Durando refor\u00e7ou a esperan\u00e7a de que, a partir de agora, com a vit\u00f3ria de Raquel, o estado volte a crescer, do sert\u00e3o ao litoral. Em Petrolina, a tucana venceu a disputa com 89.757 votos. Para Sim\u00e3o, o resultado das urnas representa o sentimento de mudan\u00e7a, n\u00e3o s\u00f3 em Petrolina, mas em todo Pernambuco. \u201cEssa elei\u00e7\u00e3o provou que, na soma&hellip; <\/p>\n","protected":false},"author":2,"featured_media":326233,"comment_status":"open","ping_status":"open","sticky":false,"template":"","format":"standard","meta":{"_acf_changed":false,"footnotes":""},"categories":[34],"tags":[],"class_list":["post-326232","post","type-post","status-publish","format-standard","has-post-thumbnail","hentry","category-eleicoes"],"acf":[],"yoast_head":"<!-- This site is optimized with the Yoast SEO plugin v27.4 - https:\/\/yoast.com\/product\/yoast-seo-wordpress\/ -->\n<title>\u201cPernambuco voltar\u00e1 a crescer\u2019\u2019, diz Sim\u00e3o Durando sobre vit\u00f3ria de Raquel Lyra - Blog do Farn\u00e9sio<\/title>\n<meta name=\"robots\" content=\"index, follow, max-snippet:-1, max-image-preview:large, max-video-preview:-1\" \/>\n<link rel=\"canonical\" href=\"https:\/\/blogdofarnesio.com.br\/?p=326232\" \/>\n<meta property=\"og:locale\" content=\"pt_BR\" \/>\n<meta property=\"og:type\" content=\"article\" \/>\n<meta property=\"og:title\" content=\"\u201cPernambuco voltar\u00e1 a crescer\u2019\u2019, diz Sim\u00e3o Durando sobre vit\u00f3ria de Raquel Lyra - Blog do Farn\u00e9sio\" \/>\n<meta property=\"og:description\" content=\"O prefeito de Petrolina, Sim\u00e3o Durando (Uni\u00e3o Brasil), celebrou a vit\u00f3ria de Raquel Lyra (PSDB), para o governo de Pernambuco, neste domingo (30), no segundo turno das elei\u00e7\u00f5es. O gestor acompanhou a apura\u00e7\u00e3o e o resultado no Recife, junto com seu grupo pol\u00edtico, o senador Fernando Bezerra Coelho, os deputados Fernando Filho e Antonio Coelho e o ex-prefeito Miguel Coelho. Sim\u00e3o Durando refor\u00e7ou a esperan\u00e7a de que, a partir de agora, com a vit\u00f3ria de Raquel, o estado volte a crescer, do sert\u00e3o ao litoral. Em Petrolina, a tucana venceu a disputa com 89.757 votos. Para Sim\u00e3o, o resultado das urnas representa o sentimento de mudan\u00e7a, n\u00e3o s\u00f3 em Petrolina, mas em todo Pernambuco. \u201cEssa elei\u00e7\u00e3o provou que, na soma&hellip;\" \/>\n<meta property=\"og:url\" content=\"https:\/\/blogdofarnesio.com.br\/?p=326232\" \/>\n<meta property=\"og:site_name\" content=\"Blog do Farn\u00e9sio\" \/>\n<meta property=\"article:publisher\" content=\"https:\/\/www.facebook.com\/BlogQuerSaberPolitica\/\" \/>\n<meta property=\"article:author\" content=\"https:\/\/www.facebook.com\/?ref=tn_tnmn\" \/>\n<meta property=\"article:published_time\" content=\"2022-10-31T15:31:59+00:00\" \/>\n<meta property=\"og:image\" content=\"https:\/\/blogdofarnesio.com.br\/wp-content\/uploads\/2022\/10\/blogqsppet-simao-Raquel-e1667223178170.jpeg\" \/>\n\t<meta property=\"og:image:width\" content=\"680\" \/>\n\t<meta property=\"og:image:height\" content=\"425\" \/>\n\t<meta property=\"og:image:type\" content=\"image\/jpeg\" \/>\n<meta name=\"author\" content=\"Farn\u00e9sio\" \/>\n<meta name=\"twitter:card\" content=\"summary_large_image\" \/>\n<meta name=\"twitter:label1\" content=\"Escrito por\" \/>\n\t<meta name=\"twitter:data1\" content=\"Farn\u00e9sio\" \/>\n\t<meta name=\"twitter:label2\" content=\"Est. tempo de leitura\" \/>\n\t<meta name=\"twitter:data2\" content=\"2 minutos\" \/>\n<script type=\"application\/ld+json\" class=\"yoast-schema-graph\">{\"@context\":\"https:\\\/\\\/schema.org\",\"@graph\":[{\"@type\":\"Article\",\"@id\":\"https:\\\/\\\/blogdofarnesio.com.br\\\/?p=326232#article\",\"isPartOf\":{\"@id\":\"https:\\\/\\\/blogdofarnesio.com.br\\\/?p=326232\"},\"author\":{\"name\":\"Farn\u00e9sio\",\"@id\":\"https:\\\/\\\/blogdofarnesio.com.br\\\/#\\\/schema\\\/person\\\/bb9b23ae3ad0609ce8df7b6c9e76824d\"},\"headline\":\"\u201cPernambuco voltar\u00e1 a crescer\u2019\u2019, diz Sim\u00e3o Durando sobre vit\u00f3ria de Raquel Lyra\",\"datePublished\":\"2022-10-31T15:31:59+00:00\",\"mainEntityOfPage\":{\"@id\":\"https:\\\/\\\/blogdofarnesio.com.br\\\/?p=326232\"},\"wordCount\":294,\"commentCount\":0,\"publisher\":{\"@id\":\"https:\\\/\\\/blogdofarnesio.com.br\\\/#organization\"},\"image\":{\"@id\":\"https:\\\/\\\/blogdofarnesio.com.br\\\/?p=326232#primaryimage\"},\"thumbnailUrl\":\"https:\\\/\\\/blogdofarnesio.com.br\\\/wp-content\\\/uploads\\\/2022\\\/10\\\/blogqsppet-simao-Raquel-e1667223178170.jpeg\",\"articleSection\":[\"Elei\u00e7\u00f5es\"],\"inLanguage\":\"pt-BR\",\"potentialAction\":[{\"@type\":\"CommentAction\",\"name\":\"Comment\",\"target\":[\"https:\\\/\\\/blogdofarnesio.com.br\\\/?p=326232#respond\"]}]},{\"@type\":\"WebPage\",\"@id\":\"https:\\\/\\\/blogdofarnesio.com.br\\\/?p=326232\",\"url\":\"https:\\\/\\\/blogdofarnesio.com.br\\\/?p=326232\",\"name\":\"\u201cPernambuco voltar\u00e1 a crescer\u2019\u2019, diz Sim\u00e3o Durando sobre vit\u00f3ria de Raquel Lyra - Blog do Farn\u00e9sio\",\"isPartOf\":{\"@id\":\"https:\\\/\\\/blogdofarnesio.com.br\\\/#website\"},\"primaryImageOfPage\":{\"@id\":\"https:\\\/\\\/blogdofarnesio.com.br\\\/?p=326232#primaryimage\"},\"image\":{\"@id\":\"https:\\\/\\\/blogdofarnesio.com.br\\\/?p=326232#primaryimage\"},\"thumbnailUrl\":\"https:\\\/\\\/blogdofarnesio.com.br\\\/wp-content\\\/uploads\\\/2022\\\/10\\\/blogqsppet-simao-Raquel-e1667223178170.jpeg\",\"datePublished\":\"2022-10-31T15:31:59+00:00\",\"breadcrumb\":{\"@id\":\"https:\\\/\\\/blogdofarnesio.com.br\\\/?p=326232#breadcrumb\"},\"inLanguage\":\"pt-BR\",\"potentialAction\":[{\"@type\":\"ReadAction\",\"target\":[\"https:\\\/\\\/blogdofarnesio.com.br\\\/?p=326232\"]}]},{\"@type\":\"ImageObject\",\"inLanguage\":\"pt-BR\",\"@id\":\"https:\\\/\\\/blogdofarnesio.com.br\\\/?p=326232#primaryimage\",\"url\":\"https:\\\/\\\/blogdofarnesio.com.br\\\/wp-content\\\/uploads\\\/2022\\\/10\\\/blogqsppet-simao-Raquel-e1667223178170.jpeg\",\"contentUrl\":\"https:\\\/\\\/blogdofarnesio.com.br\\\/wp-content\\\/uploads\\\/2022\\\/10\\\/blogqsppet-simao-Raquel-e1667223178170.jpeg\",\"width\":680,\"height\":425},{\"@type\":\"BreadcrumbList\",\"@id\":\"https:\\\/\\\/blogdofarnesio.com.br\\\/?p=326232#breadcrumb\",\"itemListElement\":[{\"@type\":\"ListItem\",\"position\":1,\"name\":\"In\u00edcio\",\"item\":\"https:\\\/\\\/blogdofarnesio.com.br\\\/\"},{\"@type\":\"ListItem\",\"position\":2,\"name\":\"\u201cPernambuco voltar\u00e1 a crescer\u2019\u2019, diz Sim\u00e3o Durando sobre vit\u00f3ria de Raquel Lyra\"}]},{\"@type\":\"WebSite\",\"@id\":\"https:\\\/\\\/blogdofarnesio.com.br\\\/#website\",\"url\":\"https:\\\/\\\/blogdofarnesio.com.br\\\/\",\"name\":\"Blog do Farn\u00e9sio\",\"description\":\"Quer Saber Pol\u00edtica?\",\"publisher\":{\"@id\":\"https:\\\/\\\/blogdofarnesio.com.br\\\/#organization\"},\"potentialAction\":[{\"@type\":\"SearchAction\",\"target\":{\"@type\":\"EntryPoint\",\"urlTemplate\":\"https:\\\/\\\/blogdofarnesio.com.br\\\/?s={search_term_string}\"},\"query-input\":{\"@type\":\"PropertyValueSpecification\",\"valueRequired\":true,\"valueName\":\"search_term_string\"}}],\"inLanguage\":\"pt-BR\"},{\"@type\":\"Organization\",\"@id\":\"https:\\\/\\\/blogdofarnesio.com.br\\\/#organization\",\"name\":\"Blog do Farn\u00e9sio\",\"url\":\"https:\\\/\\\/blogdofarnesio.com.br\\\/\",\"logo\":{\"@type\":\"ImageObject\",\"inLanguage\":\"pt-BR\",\"@id\":\"https:\\\/\\\/blogdofarnesio.com.br\\\/#\\\/schema\\\/logo\\\/image\\\/\",\"url\":\"https:\\\/\\\/blogdofarnesio.com.br\\\/wp-content\\\/uploads\\\/2026\\\/03\\\/cropped-logo_new-1.png\",\"contentUrl\":\"https:\\\/\\\/blogdofarnesio.com.br\\\/wp-content\\\/uploads\\\/2026\\\/03\\\/cropped-logo_new-1.png\",\"width\":881,\"height\":685,\"caption\":\"Blog do Farn\u00e9sio\"},\"image\":{\"@id\":\"https:\\\/\\\/blogdofarnesio.com.br\\\/#\\\/schema\\\/logo\\\/image\\\/\"},\"sameAs\":[\"https:\\\/\\\/www.facebook.com\\\/BlogQuerSaberPolitica\\\/\"]},{\"@type\":\"Person\",\"@id\":\"https:\\\/\\\/blogdofarnesio.com.br\\\/#\\\/schema\\\/person\\\/bb9b23ae3ad0609ce8df7b6c9e76824d\",\"name\":\"Farn\u00e9sio\",\"image\":{\"@type\":\"ImageObject\",\"inLanguage\":\"pt-BR\",\"@id\":\"https:\\\/\\\/secure.gravatar.com\\\/avatar\\\/986aa4c61ccdb66f8555bf88fc2a65609d00bcabd4d2d94377a727547345cbca?s=96&d=mm&r=g\",\"url\":\"https:\\\/\\\/secure.gravatar.com\\\/avatar\\\/986aa4c61ccdb66f8555bf88fc2a65609d00bcabd4d2d94377a727547345cbca?s=96&d=mm&r=g\",\"contentUrl\":\"https:\\\/\\\/secure.gravatar.com\\\/avatar\\\/986aa4c61ccdb66f8555bf88fc2a65609d00bcabd4d2d94377a727547345cbca?s=96&d=mm&r=g\",\"caption\":\"Farn\u00e9sio\"},\"description\":\"Radialista blogueiro, chegou a Petrolina\\\/Juazeiro em setembro de 1980, Farn\u00e9sio Silva \u00e9 de Arapiraca-Alagoas.\",\"sameAs\":[\"http:\\\/\\\/blogdofarnesio.com.br\",\"https:\\\/\\\/www.facebook.com\\\/?ref=tn_tnmn\",\"https:\\\/\\\/www.instagram.com\\\/?utm_source=pwa_homescreen\",\"https:\\\/\\\/youtube.com.br\\\/\"],\"url\":\"https:\\\/\\\/blogdofarnesio.com.br\\\/?author=2\"}]}<\/script>\n<!-- \/ Yoast SEO plugin. -->","yoast_head_json":{"title":"\u201cPernambuco voltar\u00e1 a crescer\u2019\u2019, diz Sim\u00e3o Durando sobre vit\u00f3ria de Raquel Lyra - Blog do Farn\u00e9sio","robots":{"index":"index","follow":"follow","max-snippet":"max-snippet:-1","max-image-preview":"max-image-preview:large","max-video-preview":"max-video-preview:-1"},"canonical":"https:\/\/blogdofarnesio.com.br\/?p=326232","og_locale":"pt_BR","og_type":"article","og_title":"\u201cPernambuco voltar\u00e1 a crescer\u2019\u2019, diz Sim\u00e3o Durando sobre vit\u00f3ria de Raquel Lyra - Blog do Farn\u00e9sio","og_description":"O prefeito de Petrolina, Sim\u00e3o Durando (Uni\u00e3o Brasil), celebrou a vit\u00f3ria de Raquel Lyra (PSDB), para o governo de Pernambuco, neste domingo (30), no segundo turno das elei\u00e7\u00f5es. O gestor acompanhou a apura\u00e7\u00e3o e o resultado no Recife, junto com seu grupo pol\u00edtico, o senador Fernando Bezerra Coelho, os deputados Fernando Filho e Antonio Coelho e o ex-prefeito Miguel Coelho. Sim\u00e3o Durando refor\u00e7ou a esperan\u00e7a de que, a partir de agora, com a vit\u00f3ria de Raquel, o estado volte a crescer, do sert\u00e3o ao litoral. Em Petrolina, a tucana venceu a disputa com 89.757 votos. Para Sim\u00e3o, o resultado das urnas representa o sentimento de mudan\u00e7a, n\u00e3o s\u00f3 em Petrolina, mas em todo Pernambuco. \u201cEssa elei\u00e7\u00e3o provou que, na soma&hellip;","og_url":"https:\/\/blogdofarnesio.com.br\/?p=326232","og_site_name":"Blog do Farn\u00e9sio","article_publisher":"https:\/\/www.facebook.com\/BlogQuerSaberPolitica\/","article_author":"https:\/\/www.facebook.com\/?ref=tn_tnmn","article_published_time":"2022-10-31T15:31:59+00:00","og_image":[{"width":680,"height":425,"url":"https:\/\/blogdofarnesio.com.br\/wp-content\/uploads\/2022\/10\/blogqsppet-simao-Raquel-e1667223178170.jpeg","type":"image\/jpeg"}],"author":"Farn\u00e9sio","twitter_card":"summary_large_image","twitter_misc":{"Escrito por":"Farn\u00e9sio","Est. tempo de leitura":"2 minutos"},"schema":{"@context":"https:\/\/schema.org","@graph":[{"@type":"Article","@id":"https:\/\/blogdofarnesio.com.br\/?p=326232#article","isPartOf":{"@id":"https:\/\/blogdofarnesio.com.br\/?p=326232"},"author":{"name":"Farn\u00e9sio","@id":"https:\/\/blogdofarnesio.com.br\/#\/schema\/person\/bb9b23ae3ad0609ce8df7b6c9e76824d"},"headline":"\u201cPernambuco voltar\u00e1 a crescer\u2019\u2019, diz Sim\u00e3o Durando sobre vit\u00f3ria de Raquel Lyra","datePublished":"2022-10-31T15:31:59+00:00","mainEntityOfPage":{"@id":"https:\/\/blogdofarnesio.com.br\/?p=326232"},"wordCount":294,"commentCount":0,"publisher":{"@id":"https:\/\/blogdofarnesio.com.br\/#organization"},"image":{"@id":"https:\/\/blogdofarnesio.com.br\/?p=326232#primaryimage"},"thumbnailUrl":"https:\/\/blogdofarnesio.com.br\/wp-content\/uploads\/2022\/10\/blogqsppet-simao-Raquel-e1667223178170.jpeg","articleSection":["Elei\u00e7\u00f5es"],"inLanguage":"pt-BR","potentialAction":[{"@type":"CommentAction","name":"Comment","target":["https:\/\/blogdofarnesio.com.br\/?p=326232#respond"]}]},{"@type":"WebPage","@id":"https:\/\/blogdofarnesio.com.br\/?p=326232","url":"https:\/\/blogdofarnesio.com.br\/?p=326232","name":"\u201cPernambuco voltar\u00e1 a crescer\u2019\u2019, diz Sim\u00e3o Durando sobre vit\u00f3ria de Raquel Lyra - Blog do Farn\u00e9sio","isPartOf":{"@id":"https:\/\/blogdofarnesio.com.br\/#website"},"primaryImageOfPage":{"@id":"https:\/\/blogdofarnesio.com.br\/?p=326232#primaryimage"},"image":{"@id":"https:\/\/blogdofarnesio.com.br\/?p=326232#primaryimage"},"thumbnailUrl":"https:\/\/blogdofarnesio.com.br\/wp-content\/uploads\/2022\/10\/blogqsppet-simao-Raquel-e1667223178170.jpeg","datePublished":"2022-10-31T15:31:59+00:00","breadcrumb":{"@id":"https:\/\/blogdofarnesio.com.br\/?p=326232#breadcrumb"},"inLanguage":"pt-BR","potentialAction":[{"@type":"ReadAction","target":["https:\/\/blogdofarnesio.com.br\/?p=326232"]}]},{"@type":"ImageObject","inLanguage":"pt-BR","@id":"https:\/\/blogdofarnesio.com.br\/?p=326232#primaryimage","url":"https:\/\/blogdofarnesio.com.br\/wp-content\/uploads\/2022\/10\/blogqsppet-simao-Raquel-e1667223178170.jpeg","contentUrl":"https:\/\/blogdofarnesio.com.br\/wp-content\/uploads\/2022\/10\/blogqsppet-simao-Raquel-e1667223178170.jpeg","width":680,"height":425},{"@type":"BreadcrumbList","@id":"https:\/\/blogdofarnesio.com.br\/?p=326232#breadcrumb","itemListElement":[{"@type":"ListItem","position":1,"name":"In\u00edcio","item":"https:\/\/blogdofarnesio.com.br\/"},{"@type":"ListItem","position":2,"name":"\u201cPernambuco voltar\u00e1 a crescer\u2019\u2019, diz Sim\u00e3o Durando sobre vit\u00f3ria de Raquel Lyra"}]},{"@type":"WebSite","@id":"https:\/\/blogdofarnesio.com.br\/#website","url":"https:\/\/blogdofarnesio.com.br\/","name":"Blog do Farn\u00e9sio","description":"Quer Saber Pol\u00edtica?","publisher":{"@id":"https:\/\/blogdofarnesio.com.br\/#organization"},"potentialAction":[{"@type":"SearchAction","target":{"@type":"EntryPoint","urlTemplate":"https:\/\/blogdofarnesio.com.br\/?s={search_term_string}"},"query-input":{"@type":"PropertyValueSpecification","valueRequired":true,"valueName":"search_term_string"}}],"inLanguage":"pt-BR"},{"@type":"Organization","@id":"https:\/\/blogdofarnesio.com.br\/#organization","name":"Blog do Farn\u00e9sio","url":"https:\/\/blogdofarnesio.com.br\/","logo":{"@type":"ImageObject","inLanguage":"pt-BR","@id":"https:\/\/blogdofarnesio.com.br\/#\/schema\/logo\/image\/","url":"https:\/\/blogdofarnesio.com.br\/wp-content\/uploads\/2026\/03\/cropped-logo_new-1.png","contentUrl":"https:\/\/blogdofarnesio.com.br\/wp-content\/uploads\/2026\/03\/cropped-logo_new-1.png","width":881,"height":685,"caption":"Blog do Farn\u00e9sio"},"image":{"@id":"https:\/\/blogdofarnesio.com.br\/#\/schema\/logo\/image\/"},"sameAs":["https:\/\/www.facebook.com\/BlogQuerSaberPolitica\/"]},{"@type":"Person","@id":"https:\/\/blogdofarnesio.com.br\/#\/schema\/person\/bb9b23ae3ad0609ce8df7b6c9e76824d","name":"Farn\u00e9sio","image":{"@type":"ImageObject","inLanguage":"pt-BR","@id":"https:\/\/secure.gravatar.com\/avatar\/986aa4c61ccdb66f8555bf88fc2a65609d00bcabd4d2d94377a727547345cbca?s=96&d=mm&r=g","url":"https:\/\/secure.gravatar.com\/avatar\/986aa4c61ccdb66f8555bf88fc2a65609d00bcabd4d2d94377a727547345cbca?s=96&d=mm&r=g","contentUrl":"https:\/\/secure.gravatar.com\/avatar\/986aa4c61ccdb66f8555bf88fc2a65609d00bcabd4d2d94377a727547345cbca?s=96&d=mm&r=g","caption":"Farn\u00e9sio"},"description":"Radialista blogueiro, chegou a Petrolina\/Juazeiro em setembro de 1980, Farn\u00e9sio Silva \u00e9 de Arapiraca-Alagoas.","sameAs":["http:\/\/blogdofarnesio.com.br","https:\/\/www.facebook.com\/?ref=tn_tnmn","https:\/\/www.instagram.com\/?utm_source=pwa_homescreen","https:\/\/youtube.com.br\/"],"url":"https:\/\/blogdofarnesio.com.br\/?author=2"}]}},"_links":{"self":[{"href":"https:\/\/blogdofarnesio.com.br\/index.php?rest_route=\/wp\/v2\/posts\/326232","targetHints":{"allow":["GET"]}}],"collection":[{"href":"https:\/\/blogdofarnesio.com.br\/index.php?rest_route=\/wp\/v2\/posts"}],"about":[{"href":"https:\/\/blogdofarnesio.com.br\/index.php?rest_route=\/wp\/v2\/types\/post"}],"author":[{"embeddable":true,"href":"https:\/\/blogdofarnesio.com.br\/index.php?rest_route=\/wp\/v2\/users\/2"}],"replies":[{"embeddable":true,"href":"https:\/\/blogdofarnesio.com.br\/index.php?rest_route=%2Fwp%2Fv2%2Fcomments&post=326232"}],"version-history":[{"count":0,"href":"https:\/\/blogdofarnesio.com.br\/index.php?rest_route=\/wp\/v2\/posts\/326232\/revisions"}],"wp:featuredmedia":[{"embeddable":true,"href":"https:\/\/blogdofarnesio.com.br\/index.php?rest_route=\/wp\/v2\/media\/326233"}],"wp:attachment":[{"href":"https:\/\/blogdofarnesio.com.br\/index.php?rest_route=%2Fwp%2Fv2%2Fmedia&parent=326232"}],"wp:term":[{"taxonomy":"category","embeddable":true,"href":"https:\/\/blogdofarnesio.com.br\/index.php?rest_route=%2Fwp%2Fv2%2Fcategories&post=326232"},{"taxonomy":"post_tag","embeddable":true,"href":"https:\/\/blogdofarnesio.com.br\/index.php?rest_route=%2Fwp%2Fv2%2Ftags&post=326232"}],"curies":[{"name":"wp","href":"https:\/\/api.w.org\/{rel}","templated":true}]}}