{"id":326226,"date":"2022-10-31T13:00:00","date_gmt":"2022-10-31T16:00:00","guid":{"rendered":"https:\/\/blogdofarnesio.com.br\/?p=326226"},"modified":"2022-10-31T10:23:21","modified_gmt":"2022-10-31T13:23:21","slug":"candidata-derrotado-ao-governo-de-pernambuco-marilia-diz-em-nota-que-fara-fiscalizacao-rigorosa-do-cumprimento-das-promessas-de-raquel","status":"publish","type":"post","link":"https:\/\/blogdofarnesio.com.br\/?p=326226","title":{"rendered":"Candidata derrotado ao governo de Pernambuco, Mar\u00edlia diz em nota que far\u00e1 \u201cfiscaliza\u00e7\u00e3o rigorosa\u201d do cumprimento das promessas de Raquel"},"content":{"rendered":"<div class=\"entry-content clearfix\">\n<p><a href=\"https:\/\/www.alvinhopatriota.com.br\/marilia-diz-em-nota-que-fara-fiscalizacao-rigorosa-do-cumprimento-das-promessas-de-raquel\/marilia-4\/\" rel=\"attachment wp-att-257466\"><img loading=\"lazy\" decoding=\"async\" class=\"aligncenter  wp-image-257466\" src=\"https:\/\/www.alvinhopatriota.com.br\/wp-content\/uploads\/2022\/10\/Mar%C3%ADlia.jpg\" sizes=\"auto, (max-width: 418px) 100vw, 418px\" srcset=\"https:\/\/www.alvinhopatriota.com.br\/wp-content\/uploads\/2022\/10\/Mar\u00edlia.jpg 450w, https:\/\/www.alvinhopatriota.com.br\/wp-content\/uploads\/2022\/10\/Mar\u00edlia-150x112.jpg 150w, https:\/\/www.alvinhopatriota.com.br\/wp-content\/uploads\/2022\/10\/Mar\u00edlia-300x225.jpg 300w\" alt=\"\" width=\"418\" height=\"313\" \/><\/a><\/p>\n<p>Depois de ser definido o resultado da elei\u00e7\u00e3o do segundo turno, que tornou Raquel Lyra (PSDB) a nova governadora de Pernambuco na noite desse domingo, 30, a candidata derrotada, Mar\u00edlia Arraes (Solidariedade), j\u00e1 se colocou na oposi\u00e7\u00e3o. Por meio de nota, a deputada federal destacou que far\u00e1 uma \u201cfiscaliza\u00e7\u00e3o rigorosa\u201d em rela\u00e7\u00e3o \u00e0s promessas da ex-prefeita de Caruaru.<\/p>\n<p><strong>Leia a nota na \u00edntegra:<\/strong><\/p>\n<p>\u201cO Brasil venceu. Com a elei\u00e7\u00e3o de Lula iniciamos um novo cap\u00edtulo na hist\u00f3ria de nosso pa\u00eds. Me congratulo com o presidente Lula por sua vit\u00f3ria.<\/p>\n<p>Trabalhamos incansavelmente para expurgar o mal que afligia o Pa\u00eds, unindo as for\u00e7as progressistas do Estado. E tivemos sucesso.<\/p>\n<p>Com Lula, o povo brasileiro vai recuperar direitos b\u00e1sicos como o de ter comida na mesa, emprego, sa\u00fade, educa\u00e7\u00e3o, moradia. E mais ainda, vai recuperar sua seguran\u00e7a, sua autoestima e a garantia de sonhar com um futuro melhor.<\/p>\n<p>De minha parte, estou pronta para colaborar com o presidente Lula, mantendo o foco na defesa dos interesses de Pernambuco.<\/p>\n<p>Sempre fui uma pessoa democr\u00e1tica. Reconhe\u00e7o o resultado das urnas, que representa a vontade da maioria dos pernambucanos.<\/p>\n<p>Agrade\u00e7o a todas as eleitoras e eleitores que me confiaram seu voto. Sempre tive lado. E sigo do lado onde sempre estive.<\/p>\n<p>A partir deste momento estarei \u00e0 frente das oposi\u00e7\u00f5es, liderando incansavelmente a fiscaliza\u00e7\u00e3o rigorosa e o estrito cumprimento das promessas feitas \u00e0 popula\u00e7\u00e3o durante a campanha.<\/p>\n<p>J\u00e1 enviei meus cumprimentos para minha advers\u00e1ria e desejei a ela todo sucesso na condu\u00e7\u00e3o do Estado. Agrade\u00e7o a Deus, a minha fam\u00edlia, marido e filhas por todo apoio nesta caminhada.<\/p>\n<p>Tamb\u00e9m sou grata a todas as lideran\u00e7as pol\u00edticas que estiveram ao meu lado no primeiro e no segundo turnos.<\/p>\n<p>Agrade\u00e7o a minha equipe e a todos que de alguma forma contribu\u00edram ao longo da nossa campanha, uma campanha muito bonita, propositiva e honesta.<\/p>\n<p>Que Deus aben\u00e7oe o povo de Pernambuco e do Brasil.\u201d<\/p>\n<p><em><strong>Mar\u00edlia Arraes\/Ex-candidata ao Governo de Pernambuco<\/strong><\/em><\/p>\n<\/div>\n","protected":false},"excerpt":{"rendered":"<p>Depois de ser definido o resultado da elei\u00e7\u00e3o do segundo turno, que tornou Raquel Lyra (PSDB) a nova governadora de Pernambuco na noite desse domingo, 30, a candidata derrotada, Mar\u00edlia Arraes (Solidariedade), j\u00e1 se colocou na oposi\u00e7\u00e3o. Por meio de nota, a deputada federal destacou que far\u00e1 uma \u201cfiscaliza\u00e7\u00e3o rigorosa\u201d em rela\u00e7\u00e3o \u00e0s promessas da ex-prefeita de Caruaru. Leia a nota na \u00edntegra: \u201cO Brasil venceu. Com a elei\u00e7\u00e3o de Lula iniciamos um novo cap\u00edtulo na hist\u00f3ria de nosso pa\u00eds. Me congratulo com o presidente Lula por sua vit\u00f3ria. Trabalhamos incansavelmente para expurgar o mal que afligia o Pa\u00eds, unindo as for\u00e7as progressistas do Estado. E tivemos sucesso. Com Lula, o povo brasileiro vai recuperar direitos b\u00e1sicos como o de&hellip; <\/p>\n","protected":false},"author":2,"featured_media":322433,"comment_status":"open","ping_status":"open","sticky":false,"template":"","format":"standard","meta":{"_acf_changed":false,"footnotes":""},"categories":[34],"tags":[],"class_list":["post-326226","post","type-post","status-publish","format-standard","has-post-thumbnail","hentry","category-eleicoes"],"acf":[],"yoast_head":"<!-- This site is optimized with the Yoast SEO plugin v27.4 - https:\/\/yoast.com\/product\/yoast-seo-wordpress\/ -->\n<title>Candidata derrotado ao governo de Pernambuco, Mar\u00edlia diz em nota que far\u00e1 \u201cfiscaliza\u00e7\u00e3o rigorosa\u201d do cumprimento das promessas de Raquel - Blog do Farn\u00e9sio<\/title>\n<meta name=\"robots\" content=\"index, follow, max-snippet:-1, max-image-preview:large, max-video-preview:-1\" \/>\n<link rel=\"canonical\" href=\"https:\/\/blogdofarnesio.com.br\/?p=326226\" \/>\n<meta property=\"og:locale\" content=\"pt_BR\" \/>\n<meta property=\"og:type\" content=\"article\" \/>\n<meta property=\"og:title\" content=\"Candidata derrotado ao governo de Pernambuco, Mar\u00edlia diz em nota que far\u00e1 \u201cfiscaliza\u00e7\u00e3o rigorosa\u201d do cumprimento das promessas de Raquel - Blog do Farn\u00e9sio\" \/>\n<meta property=\"og:description\" content=\"Depois de ser definido o resultado da elei\u00e7\u00e3o do segundo turno, que tornou Raquel Lyra (PSDB) a nova governadora de Pernambuco na noite desse domingo, 30, a candidata derrotada, Mar\u00edlia Arraes (Solidariedade), j\u00e1 se colocou na oposi\u00e7\u00e3o. Por meio de nota, a deputada federal destacou que far\u00e1 uma \u201cfiscaliza\u00e7\u00e3o rigorosa\u201d em rela\u00e7\u00e3o \u00e0s promessas da ex-prefeita de Caruaru. Leia a nota na \u00edntegra: \u201cO Brasil venceu. Com a elei\u00e7\u00e3o de Lula iniciamos um novo cap\u00edtulo na hist\u00f3ria de nosso pa\u00eds. Me congratulo com o presidente Lula por sua vit\u00f3ria. Trabalhamos incansavelmente para expurgar o mal que afligia o Pa\u00eds, unindo as for\u00e7as progressistas do Estado. E tivemos sucesso. Com Lula, o povo brasileiro vai recuperar direitos b\u00e1sicos como o de&hellip;\" \/>\n<meta property=\"og:url\" content=\"https:\/\/blogdofarnesio.com.br\/?p=326226\" \/>\n<meta property=\"og:site_name\" content=\"Blog do Farn\u00e9sio\" \/>\n<meta property=\"article:publisher\" content=\"https:\/\/www.facebook.com\/BlogQuerSaberPolitica\/\" \/>\n<meta property=\"article:author\" content=\"https:\/\/www.facebook.com\/?ref=tn_tnmn\" \/>\n<meta property=\"article:published_time\" content=\"2022-10-31T16:00:00+00:00\" \/>\n<meta property=\"og:image\" content=\"https:\/\/blogdofarnesio.com.br\/wp-content\/uploads\/2022\/09\/blogqspmarilia-sabatina.jpg\" \/>\n\t<meta property=\"og:image:width\" content=\"806\" \/>\n\t<meta property=\"og:image:height\" content=\"443\" \/>\n\t<meta property=\"og:image:type\" content=\"image\/jpeg\" \/>\n<meta name=\"author\" content=\"Farn\u00e9sio\" \/>\n<meta name=\"twitter:card\" content=\"summary_large_image\" \/>\n<meta name=\"twitter:label1\" content=\"Escrito por\" \/>\n\t<meta name=\"twitter:data1\" content=\"Farn\u00e9sio\" \/>\n\t<meta name=\"twitter:label2\" content=\"Est. tempo de leitura\" \/>\n\t<meta name=\"twitter:data2\" content=\"2 minutos\" \/>\n<script type=\"application\/ld+json\" class=\"yoast-schema-graph\">{\"@context\":\"https:\\\/\\\/schema.org\",\"@graph\":[{\"@type\":\"Article\",\"@id\":\"https:\\\/\\\/blogdofarnesio.com.br\\\/?p=326226#article\",\"isPartOf\":{\"@id\":\"https:\\\/\\\/blogdofarnesio.com.br\\\/?p=326226\"},\"author\":{\"name\":\"Farn\u00e9sio\",\"@id\":\"https:\\\/\\\/blogdofarnesio.com.br\\\/#\\\/schema\\\/person\\\/bb9b23ae3ad0609ce8df7b6c9e76824d\"},\"headline\":\"Candidata derrotado ao governo de Pernambuco, Mar\u00edlia diz em nota que far\u00e1 \u201cfiscaliza\u00e7\u00e3o rigorosa\u201d do cumprimento das promessas de Raquel\",\"datePublished\":\"2022-10-31T16:00:00+00:00\",\"mainEntityOfPage\":{\"@id\":\"https:\\\/\\\/blogdofarnesio.com.br\\\/?p=326226\"},\"wordCount\":375,\"commentCount\":0,\"publisher\":{\"@id\":\"https:\\\/\\\/blogdofarnesio.com.br\\\/#organization\"},\"image\":{\"@id\":\"https:\\\/\\\/blogdofarnesio.com.br\\\/?p=326226#primaryimage\"},\"thumbnailUrl\":\"https:\\\/\\\/blogdofarnesio.com.br\\\/wp-content\\\/uploads\\\/2022\\\/09\\\/blogqspmarilia-sabatina.jpg\",\"articleSection\":[\"Elei\u00e7\u00f5es\"],\"inLanguage\":\"pt-BR\",\"potentialAction\":[{\"@type\":\"CommentAction\",\"name\":\"Comment\",\"target\":[\"https:\\\/\\\/blogdofarnesio.com.br\\\/?p=326226#respond\"]}]},{\"@type\":\"WebPage\",\"@id\":\"https:\\\/\\\/blogdofarnesio.com.br\\\/?p=326226\",\"url\":\"https:\\\/\\\/blogdofarnesio.com.br\\\/?p=326226\",\"name\":\"Candidata derrotado ao governo de Pernambuco, Mar\u00edlia diz em nota que far\u00e1 \u201cfiscaliza\u00e7\u00e3o rigorosa\u201d do cumprimento das promessas de Raquel - Blog do Farn\u00e9sio\",\"isPartOf\":{\"@id\":\"https:\\\/\\\/blogdofarnesio.com.br\\\/#website\"},\"primaryImageOfPage\":{\"@id\":\"https:\\\/\\\/blogdofarnesio.com.br\\\/?p=326226#primaryimage\"},\"image\":{\"@id\":\"https:\\\/\\\/blogdofarnesio.com.br\\\/?p=326226#primaryimage\"},\"thumbnailUrl\":\"https:\\\/\\\/blogdofarnesio.com.br\\\/wp-content\\\/uploads\\\/2022\\\/09\\\/blogqspmarilia-sabatina.jpg\",\"datePublished\":\"2022-10-31T16:00:00+00:00\",\"breadcrumb\":{\"@id\":\"https:\\\/\\\/blogdofarnesio.com.br\\\/?p=326226#breadcrumb\"},\"inLanguage\":\"pt-BR\",\"potentialAction\":[{\"@type\":\"ReadAction\",\"target\":[\"https:\\\/\\\/blogdofarnesio.com.br\\\/?p=326226\"]}]},{\"@type\":\"ImageObject\",\"inLanguage\":\"pt-BR\",\"@id\":\"https:\\\/\\\/blogdofarnesio.com.br\\\/?p=326226#primaryimage\",\"url\":\"https:\\\/\\\/blogdofarnesio.com.br\\\/wp-content\\\/uploads\\\/2022\\\/09\\\/blogqspmarilia-sabatina.jpg\",\"contentUrl\":\"https:\\\/\\\/blogdofarnesio.com.br\\\/wp-content\\\/uploads\\\/2022\\\/09\\\/blogqspmarilia-sabatina.jpg\",\"width\":806,\"height\":443},{\"@type\":\"BreadcrumbList\",\"@id\":\"https:\\\/\\\/blogdofarnesio.com.br\\\/?p=326226#breadcrumb\",\"itemListElement\":[{\"@type\":\"ListItem\",\"position\":1,\"name\":\"In\u00edcio\",\"item\":\"https:\\\/\\\/blogdofarnesio.com.br\\\/\"},{\"@type\":\"ListItem\",\"position\":2,\"name\":\"Candidata derrotado ao governo de Pernambuco, Mar\u00edlia diz em nota que far\u00e1 \u201cfiscaliza\u00e7\u00e3o rigorosa\u201d do cumprimento das promessas de Raquel\"}]},{\"@type\":\"WebSite\",\"@id\":\"https:\\\/\\\/blogdofarnesio.com.br\\\/#website\",\"url\":\"https:\\\/\\\/blogdofarnesio.com.br\\\/\",\"name\":\"Blog do Farn\u00e9sio\",\"description\":\"Quer Saber Pol\u00edtica?\",\"publisher\":{\"@id\":\"https:\\\/\\\/blogdofarnesio.com.br\\\/#organization\"},\"potentialAction\":[{\"@type\":\"SearchAction\",\"target\":{\"@type\":\"EntryPoint\",\"urlTemplate\":\"https:\\\/\\\/blogdofarnesio.com.br\\\/?s={search_term_string}\"},\"query-input\":{\"@type\":\"PropertyValueSpecification\",\"valueRequired\":true,\"valueName\":\"search_term_string\"}}],\"inLanguage\":\"pt-BR\"},{\"@type\":\"Organization\",\"@id\":\"https:\\\/\\\/blogdofarnesio.com.br\\\/#organization\",\"name\":\"Blog do Farn\u00e9sio\",\"url\":\"https:\\\/\\\/blogdofarnesio.com.br\\\/\",\"logo\":{\"@type\":\"ImageObject\",\"inLanguage\":\"pt-BR\",\"@id\":\"https:\\\/\\\/blogdofarnesio.com.br\\\/#\\\/schema\\\/logo\\\/image\\\/\",\"url\":\"https:\\\/\\\/blogdofarnesio.com.br\\\/wp-content\\\/uploads\\\/2026\\\/03\\\/cropped-logo_new-1.png\",\"contentUrl\":\"https:\\\/\\\/blogdofarnesio.com.br\\\/wp-content\\\/uploads\\\/2026\\\/03\\\/cropped-logo_new-1.png\",\"width\":881,\"height\":685,\"caption\":\"Blog do Farn\u00e9sio\"},\"image\":{\"@id\":\"https:\\\/\\\/blogdofarnesio.com.br\\\/#\\\/schema\\\/logo\\\/image\\\/\"},\"sameAs\":[\"https:\\\/\\\/www.facebook.com\\\/BlogQuerSaberPolitica\\\/\"]},{\"@type\":\"Person\",\"@id\":\"https:\\\/\\\/blogdofarnesio.com.br\\\/#\\\/schema\\\/person\\\/bb9b23ae3ad0609ce8df7b6c9e76824d\",\"name\":\"Farn\u00e9sio\",\"image\":{\"@type\":\"ImageObject\",\"inLanguage\":\"pt-BR\",\"@id\":\"https:\\\/\\\/secure.gravatar.com\\\/avatar\\\/986aa4c61ccdb66f8555bf88fc2a65609d00bcabd4d2d94377a727547345cbca?s=96&d=mm&r=g\",\"url\":\"https:\\\/\\\/secure.gravatar.com\\\/avatar\\\/986aa4c61ccdb66f8555bf88fc2a65609d00bcabd4d2d94377a727547345cbca?s=96&d=mm&r=g\",\"contentUrl\":\"https:\\\/\\\/secure.gravatar.com\\\/avatar\\\/986aa4c61ccdb66f8555bf88fc2a65609d00bcabd4d2d94377a727547345cbca?s=96&d=mm&r=g\",\"caption\":\"Farn\u00e9sio\"},\"description\":\"Radialista blogueiro, chegou a Petrolina\\\/Juazeiro em setembro de 1980, Farn\u00e9sio Silva \u00e9 de Arapiraca-Alagoas.\",\"sameAs\":[\"http:\\\/\\\/blogdofarnesio.com.br\",\"https:\\\/\\\/www.facebook.com\\\/?ref=tn_tnmn\",\"https:\\\/\\\/www.instagram.com\\\/?utm_source=pwa_homescreen\",\"https:\\\/\\\/youtube.com.br\\\/\"],\"url\":\"https:\\\/\\\/blogdofarnesio.com.br\\\/?author=2\"}]}<\/script>\n<!-- \/ Yoast SEO plugin. -->","yoast_head_json":{"title":"Candidata derrotado ao governo de Pernambuco, Mar\u00edlia diz em nota que far\u00e1 \u201cfiscaliza\u00e7\u00e3o rigorosa\u201d do cumprimento das promessas de Raquel - Blog do Farn\u00e9sio","robots":{"index":"index","follow":"follow","max-snippet":"max-snippet:-1","max-image-preview":"max-image-preview:large","max-video-preview":"max-video-preview:-1"},"canonical":"https:\/\/blogdofarnesio.com.br\/?p=326226","og_locale":"pt_BR","og_type":"article","og_title":"Candidata derrotado ao governo de Pernambuco, Mar\u00edlia diz em nota que far\u00e1 \u201cfiscaliza\u00e7\u00e3o rigorosa\u201d do cumprimento das promessas de Raquel - Blog do Farn\u00e9sio","og_description":"Depois de ser definido o resultado da elei\u00e7\u00e3o do segundo turno, que tornou Raquel Lyra (PSDB) a nova governadora de Pernambuco na noite desse domingo, 30, a candidata derrotada, Mar\u00edlia Arraes (Solidariedade), j\u00e1 se colocou na oposi\u00e7\u00e3o. Por meio de nota, a deputada federal destacou que far\u00e1 uma \u201cfiscaliza\u00e7\u00e3o rigorosa\u201d em rela\u00e7\u00e3o \u00e0s promessas da ex-prefeita de Caruaru. Leia a nota na \u00edntegra: \u201cO Brasil venceu. Com a elei\u00e7\u00e3o de Lula iniciamos um novo cap\u00edtulo na hist\u00f3ria de nosso pa\u00eds. Me congratulo com o presidente Lula por sua vit\u00f3ria. Trabalhamos incansavelmente para expurgar o mal que afligia o Pa\u00eds, unindo as for\u00e7as progressistas do Estado. E tivemos sucesso. Com Lula, o povo brasileiro vai recuperar direitos b\u00e1sicos como o de&hellip;","og_url":"https:\/\/blogdofarnesio.com.br\/?p=326226","og_site_name":"Blog do Farn\u00e9sio","article_publisher":"https:\/\/www.facebook.com\/BlogQuerSaberPolitica\/","article_author":"https:\/\/www.facebook.com\/?ref=tn_tnmn","article_published_time":"2022-10-31T16:00:00+00:00","og_image":[{"width":806,"height":443,"url":"https:\/\/blogdofarnesio.com.br\/wp-content\/uploads\/2022\/09\/blogqspmarilia-sabatina.jpg","type":"image\/jpeg"}],"author":"Farn\u00e9sio","twitter_card":"summary_large_image","twitter_misc":{"Escrito por":"Farn\u00e9sio","Est. tempo de leitura":"2 minutos"},"schema":{"@context":"https:\/\/schema.org","@graph":[{"@type":"Article","@id":"https:\/\/blogdofarnesio.com.br\/?p=326226#article","isPartOf":{"@id":"https:\/\/blogdofarnesio.com.br\/?p=326226"},"author":{"name":"Farn\u00e9sio","@id":"https:\/\/blogdofarnesio.com.br\/#\/schema\/person\/bb9b23ae3ad0609ce8df7b6c9e76824d"},"headline":"Candidata derrotado ao governo de Pernambuco, Mar\u00edlia diz em nota que far\u00e1 \u201cfiscaliza\u00e7\u00e3o rigorosa\u201d do cumprimento das promessas de Raquel","datePublished":"2022-10-31T16:00:00+00:00","mainEntityOfPage":{"@id":"https:\/\/blogdofarnesio.com.br\/?p=326226"},"wordCount":375,"commentCount":0,"publisher":{"@id":"https:\/\/blogdofarnesio.com.br\/#organization"},"image":{"@id":"https:\/\/blogdofarnesio.com.br\/?p=326226#primaryimage"},"thumbnailUrl":"https:\/\/blogdofarnesio.com.br\/wp-content\/uploads\/2022\/09\/blogqspmarilia-sabatina.jpg","articleSection":["Elei\u00e7\u00f5es"],"inLanguage":"pt-BR","potentialAction":[{"@type":"CommentAction","name":"Comment","target":["https:\/\/blogdofarnesio.com.br\/?p=326226#respond"]}]},{"@type":"WebPage","@id":"https:\/\/blogdofarnesio.com.br\/?p=326226","url":"https:\/\/blogdofarnesio.com.br\/?p=326226","name":"Candidata derrotado ao governo de Pernambuco, Mar\u00edlia diz em nota que far\u00e1 \u201cfiscaliza\u00e7\u00e3o rigorosa\u201d do cumprimento das promessas de Raquel - Blog do Farn\u00e9sio","isPartOf":{"@id":"https:\/\/blogdofarnesio.com.br\/#website"},"primaryImageOfPage":{"@id":"https:\/\/blogdofarnesio.com.br\/?p=326226#primaryimage"},"image":{"@id":"https:\/\/blogdofarnesio.com.br\/?p=326226#primaryimage"},"thumbnailUrl":"https:\/\/blogdofarnesio.com.br\/wp-content\/uploads\/2022\/09\/blogqspmarilia-sabatina.jpg","datePublished":"2022-10-31T16:00:00+00:00","breadcrumb":{"@id":"https:\/\/blogdofarnesio.com.br\/?p=326226#breadcrumb"},"inLanguage":"pt-BR","potentialAction":[{"@type":"ReadAction","target":["https:\/\/blogdofarnesio.com.br\/?p=326226"]}]},{"@type":"ImageObject","inLanguage":"pt-BR","@id":"https:\/\/blogdofarnesio.com.br\/?p=326226#primaryimage","url":"https:\/\/blogdofarnesio.com.br\/wp-content\/uploads\/2022\/09\/blogqspmarilia-sabatina.jpg","contentUrl":"https:\/\/blogdofarnesio.com.br\/wp-content\/uploads\/2022\/09\/blogqspmarilia-sabatina.jpg","width":806,"height":443},{"@type":"BreadcrumbList","@id":"https:\/\/blogdofarnesio.com.br\/?p=326226#breadcrumb","itemListElement":[{"@type":"ListItem","position":1,"name":"In\u00edcio","item":"https:\/\/blogdofarnesio.com.br\/"},{"@type":"ListItem","position":2,"name":"Candidata derrotado ao governo de Pernambuco, Mar\u00edlia diz em nota que far\u00e1 \u201cfiscaliza\u00e7\u00e3o rigorosa\u201d do cumprimento das promessas de Raquel"}]},{"@type":"WebSite","@id":"https:\/\/blogdofarnesio.com.br\/#website","url":"https:\/\/blogdofarnesio.com.br\/","name":"Blog do Farn\u00e9sio","description":"Quer Saber Pol\u00edtica?","publisher":{"@id":"https:\/\/blogdofarnesio.com.br\/#organization"},"potentialAction":[{"@type":"SearchAction","target":{"@type":"EntryPoint","urlTemplate":"https:\/\/blogdofarnesio.com.br\/?s={search_term_string}"},"query-input":{"@type":"PropertyValueSpecification","valueRequired":true,"valueName":"search_term_string"}}],"inLanguage":"pt-BR"},{"@type":"Organization","@id":"https:\/\/blogdofarnesio.com.br\/#organization","name":"Blog do Farn\u00e9sio","url":"https:\/\/blogdofarnesio.com.br\/","logo":{"@type":"ImageObject","inLanguage":"pt-BR","@id":"https:\/\/blogdofarnesio.com.br\/#\/schema\/logo\/image\/","url":"https:\/\/blogdofarnesio.com.br\/wp-content\/uploads\/2026\/03\/cropped-logo_new-1.png","contentUrl":"https:\/\/blogdofarnesio.com.br\/wp-content\/uploads\/2026\/03\/cropped-logo_new-1.png","width":881,"height":685,"caption":"Blog do Farn\u00e9sio"},"image":{"@id":"https:\/\/blogdofarnesio.com.br\/#\/schema\/logo\/image\/"},"sameAs":["https:\/\/www.facebook.com\/BlogQuerSaberPolitica\/"]},{"@type":"Person","@id":"https:\/\/blogdofarnesio.com.br\/#\/schema\/person\/bb9b23ae3ad0609ce8df7b6c9e76824d","name":"Farn\u00e9sio","image":{"@type":"ImageObject","inLanguage":"pt-BR","@id":"https:\/\/secure.gravatar.com\/avatar\/986aa4c61ccdb66f8555bf88fc2a65609d00bcabd4d2d94377a727547345cbca?s=96&d=mm&r=g","url":"https:\/\/secure.gravatar.com\/avatar\/986aa4c61ccdb66f8555bf88fc2a65609d00bcabd4d2d94377a727547345cbca?s=96&d=mm&r=g","contentUrl":"https:\/\/secure.gravatar.com\/avatar\/986aa4c61ccdb66f8555bf88fc2a65609d00bcabd4d2d94377a727547345cbca?s=96&d=mm&r=g","caption":"Farn\u00e9sio"},"description":"Radialista blogueiro, chegou a Petrolina\/Juazeiro em setembro de 1980, Farn\u00e9sio Silva \u00e9 de Arapiraca-Alagoas.","sameAs":["http:\/\/blogdofarnesio.com.br","https:\/\/www.facebook.com\/?ref=tn_tnmn","https:\/\/www.instagram.com\/?utm_source=pwa_homescreen","https:\/\/youtube.com.br\/"],"url":"https:\/\/blogdofarnesio.com.br\/?author=2"}]}},"_links":{"self":[{"href":"https:\/\/blogdofarnesio.com.br\/index.php?rest_route=\/wp\/v2\/posts\/326226","targetHints":{"allow":["GET"]}}],"collection":[{"href":"https:\/\/blogdofarnesio.com.br\/index.php?rest_route=\/wp\/v2\/posts"}],"about":[{"href":"https:\/\/blogdofarnesio.com.br\/index.php?rest_route=\/wp\/v2\/types\/post"}],"author":[{"embeddable":true,"href":"https:\/\/blogdofarnesio.com.br\/index.php?rest_route=\/wp\/v2\/users\/2"}],"replies":[{"embeddable":true,"href":"https:\/\/blogdofarnesio.com.br\/index.php?rest_route=%2Fwp%2Fv2%2Fcomments&post=326226"}],"version-history":[{"count":0,"href":"https:\/\/blogdofarnesio.com.br\/index.php?rest_route=\/wp\/v2\/posts\/326226\/revisions"}],"wp:featuredmedia":[{"embeddable":true,"href":"https:\/\/blogdofarnesio.com.br\/index.php?rest_route=\/wp\/v2\/media\/322433"}],"wp:attachment":[{"href":"https:\/\/blogdofarnesio.com.br\/index.php?rest_route=%2Fwp%2Fv2%2Fmedia&parent=326226"}],"wp:term":[{"taxonomy":"category","embeddable":true,"href":"https:\/\/blogdofarnesio.com.br\/index.php?rest_route=%2Fwp%2Fv2%2Fcategories&post=326226"},{"taxonomy":"post_tag","embeddable":true,"href":"https:\/\/blogdofarnesio.com.br\/index.php?rest_route=%2Fwp%2Fv2%2Ftags&post=326226"}],"curies":[{"name":"wp","href":"https:\/\/api.w.org\/{rel}","templated":true}]}}