{"id":326191,"date":"2022-10-31T11:23:13","date_gmt":"2022-10-31T14:23:13","guid":{"rendered":"https:\/\/blogdofarnesio.com.br\/?p=326191"},"modified":"2022-10-31T10:18:17","modified_gmt":"2022-10-31T13:18:17","slug":"penultima-etapa-do-circuito-de-maratonas-aquaticas-velho-chico-agitou-o-fim-de-semana-na-orla-ii-de-juazeiro","status":"publish","type":"post","link":"https:\/\/blogdofarnesio.com.br\/2022\/10\/penultima-etapa-do-circuito-de-maratonas-aquaticas-velho-chico-agitou-o-fim-de-semana-na-orla-ii-de-juazeiro\/","title":{"rendered":"Pen\u00faltima etapa do Circuito de Maratonas Aqu\u00e1ticas Velho Chico agitou o  fim de semana na Orla II de Juazeiro"},"content":{"rendered":"<p style=\"font-weight: 400;\">O Rio S\u00e3o Francisco ficou movimentado durante a tarde deste s\u00e1bado (29) com a pen\u00faltima etapa do Circuito de Maratonas Aqu\u00e1ticas Velho Chico, organizado pela Arca Sport, com o apoio da Prefeitura de Juazeiro, atrav\u00e9s da Secretaria de Cultura, Turismo e Esportes (SECULTE).<\/p>\n<p style=\"font-weight: 400;\">Cerca de 120 atletas participaram da \u2018Travessia do Jacar\u00e9\u2019, com um percurso de 4,7\u00a0\u00a0km. Nadadores de Bras\u00edlia, Piau\u00ed, Salvador, Senhor do Bonfim, Petrol\u00e2ndia e Petrolina\/ Juazeiro.\u00a0participaram da competi\u00e7\u00e3o, que contou com diversas categorias de idade e g\u00eanero.<\/p>\n<p style=\"font-weight: 400;\">\u00a0O superintendente de Esportes do munic\u00edpio, Joacir Oliveira, destacou o quanto a competi\u00e7\u00e3o tem ajudado a movimentar o esporte na cidade. \u201cA gente parabeniza a iniciativa da Arca Sport e tamb\u00e9m de diversas escolas de nata\u00e7\u00e3o que t\u00eam revelado bons atletas, al\u00e9m de movimentar o esporte e a vinda de pessoas pro rio, pra andar pela Orla. \u00c9 a ideia da prefeita Suzana Ramos e de toda a nossa equipe, fortalecer o esporte nas diversas modalidades aqui na cidade\u201d, destacou.\u00a0 O vereador e nadador Lourival Quirino tamb\u00e9m prestigiou o evento.<\/p>\n<p style=\"font-weight: 400;\">&#8212;-<\/p>\n<p style=\"font-weight: 400;\">Texto: Karem Moraes &#8211; Assessora de Imprensa da Secretaria de Cultura, Turismo e Esportes (SECULTE)<\/p>\n<p style=\"font-weight: 400;\">Fotos: Luan Medrado<\/p>\n","protected":false},"excerpt":{"rendered":"<p>O Rio S\u00e3o Francisco ficou movimentado durante a tarde deste s\u00e1bado (29) com a pen\u00faltima etapa do Circuito de Maratonas Aqu\u00e1ticas Velho Chico, organizado pela Arca Sport, com o apoio da Prefeitura de Juazeiro, atrav\u00e9s da Secretaria de Cultura, Turismo e Esportes (SECULTE). Cerca de 120 atletas participaram da \u2018Travessia do Jacar\u00e9\u2019, com um percurso de 4,7\u00a0\u00a0km. Nadadores de Bras\u00edlia, Piau\u00ed, Salvador, Senhor do Bonfim, Petrol\u00e2ndia e Petrolina\/ Juazeiro.\u00a0participaram da competi\u00e7\u00e3o, que contou com diversas categorias de idade e g\u00eanero. \u00a0O superintendente de Esportes do munic\u00edpio, Joacir Oliveira, destacou o quanto a competi\u00e7\u00e3o tem ajudado a movimentar o esporte na cidade. \u201cA gente parabeniza a iniciativa da Arca Sport e tamb\u00e9m de diversas escolas de nata\u00e7\u00e3o que t\u00eam revelado bons&hellip; <\/p>\n","protected":false},"author":2,"featured_media":326192,"comment_status":"open","ping_status":"open","sticky":false,"template":"","format":"standard","meta":{"_acf_changed":false,"footnotes":""},"categories":[8],"tags":[],"class_list":["post-326191","post","type-post","status-publish","format-standard","has-post-thumbnail","hentry","category-esportes"],"acf":[],"yoast_head":"<!-- This site is optimized with the Yoast SEO plugin v27.5 - https:\/\/yoast.com\/product\/yoast-seo-wordpress\/ -->\n<title>Pen\u00faltima etapa do Circuito de Maratonas Aqu\u00e1ticas Velho Chico agitou o fim de semana na Orla II de Juazeiro - Blog do Farn\u00e9sio<\/title>\n<meta name=\"robots\" content=\"index, follow, max-snippet:-1, max-image-preview:large, max-video-preview:-1\" \/>\n<link rel=\"canonical\" href=\"https:\/\/blogdofarnesio.com.br\/2022\/10\/penultima-etapa-do-circuito-de-maratonas-aquaticas-velho-chico-agitou-o-fim-de-semana-na-orla-ii-de-juazeiro\/\" \/>\n<meta property=\"og:locale\" content=\"pt_BR\" \/>\n<meta property=\"og:type\" content=\"article\" \/>\n<meta property=\"og:title\" content=\"Pen\u00faltima etapa do Circuito de Maratonas Aqu\u00e1ticas Velho Chico agitou o fim de semana na Orla II de Juazeiro - Blog do Farn\u00e9sio\" \/>\n<meta property=\"og:description\" content=\"O Rio S\u00e3o Francisco ficou movimentado durante a tarde deste s\u00e1bado (29) com a pen\u00faltima etapa do Circuito de Maratonas Aqu\u00e1ticas Velho Chico, organizado pela Arca Sport, com o apoio da Prefeitura de Juazeiro, atrav\u00e9s da Secretaria de Cultura, Turismo e Esportes (SECULTE). Cerca de 120 atletas participaram da \u2018Travessia do Jacar\u00e9\u2019, com um percurso de 4,7\u00a0\u00a0km. Nadadores de Bras\u00edlia, Piau\u00ed, Salvador, Senhor do Bonfim, Petrol\u00e2ndia e Petrolina\/ Juazeiro.\u00a0participaram da competi\u00e7\u00e3o, que contou com diversas categorias de idade e g\u00eanero. \u00a0O superintendente de Esportes do munic\u00edpio, Joacir Oliveira, destacou o quanto a competi\u00e7\u00e3o tem ajudado a movimentar o esporte na cidade. \u201cA gente parabeniza a iniciativa da Arca Sport e tamb\u00e9m de diversas escolas de nata\u00e7\u00e3o que t\u00eam revelado bons&hellip;\" \/>\n<meta property=\"og:url\" content=\"https:\/\/blogdofarnesio.com.br\/2022\/10\/penultima-etapa-do-circuito-de-maratonas-aquaticas-velho-chico-agitou-o-fim-de-semana-na-orla-ii-de-juazeiro\/\" \/>\n<meta property=\"og:site_name\" content=\"Blog do Farn\u00e9sio\" \/>\n<meta property=\"article:publisher\" content=\"https:\/\/www.facebook.com\/BlogQuerSaberPolitica\/\" \/>\n<meta property=\"article:author\" content=\"https:\/\/www.facebook.com\/?ref=tn_tnmn\" \/>\n<meta property=\"article:published_time\" content=\"2022-10-31T14:23:13+00:00\" \/>\n<meta property=\"og:image\" content=\"https:\/\/blogdofarnesio.com.br\/wp-content\/uploads\/2022\/10\/blogqspjua-maratona-aquatica-e1667156832234.jpg\" \/>\n\t<meta property=\"og:image:width\" content=\"620\" \/>\n\t<meta property=\"og:image:height\" content=\"413\" \/>\n\t<meta property=\"og:image:type\" content=\"image\/jpeg\" \/>\n<meta name=\"author\" content=\"Farn\u00e9sio\" \/>\n<meta name=\"twitter:card\" content=\"summary_large_image\" \/>\n<meta name=\"twitter:label1\" content=\"Escrito por\" \/>\n\t<meta name=\"twitter:data1\" content=\"Farn\u00e9sio\" \/>\n\t<meta name=\"twitter:label2\" content=\"Est. tempo de leitura\" \/>\n\t<meta name=\"twitter:data2\" content=\"2 minutos\" \/>\n<script type=\"application\/ld+json\" class=\"yoast-schema-graph\">{\"@context\":\"https:\\\/\\\/schema.org\",\"@graph\":[{\"@type\":\"Article\",\"@id\":\"https:\\\/\\\/blogdofarnesio.com.br\\\/2022\\\/10\\\/penultima-etapa-do-circuito-de-maratonas-aquaticas-velho-chico-agitou-o-fim-de-semana-na-orla-ii-de-juazeiro\\\/#article\",\"isPartOf\":{\"@id\":\"https:\\\/\\\/blogdofarnesio.com.br\\\/2022\\\/10\\\/penultima-etapa-do-circuito-de-maratonas-aquaticas-velho-chico-agitou-o-fim-de-semana-na-orla-ii-de-juazeiro\\\/\"},\"author\":{\"name\":\"Farn\u00e9sio\",\"@id\":\"https:\\\/\\\/blogdofarnesio.com.br\\\/#\\\/schema\\\/person\\\/bb9b23ae3ad0609ce8df7b6c9e76824d\"},\"headline\":\"Pen\u00faltima etapa do Circuito de Maratonas Aqu\u00e1ticas Velho Chico agitou o fim de semana na Orla II de Juazeiro\",\"datePublished\":\"2022-10-31T14:23:13+00:00\",\"mainEntityOfPage\":{\"@id\":\"https:\\\/\\\/blogdofarnesio.com.br\\\/2022\\\/10\\\/penultima-etapa-do-circuito-de-maratonas-aquaticas-velho-chico-agitou-o-fim-de-semana-na-orla-ii-de-juazeiro\\\/\"},\"wordCount\":224,\"commentCount\":0,\"publisher\":{\"@id\":\"https:\\\/\\\/blogdofarnesio.com.br\\\/#organization\"},\"image\":{\"@id\":\"https:\\\/\\\/blogdofarnesio.com.br\\\/2022\\\/10\\\/penultima-etapa-do-circuito-de-maratonas-aquaticas-velho-chico-agitou-o-fim-de-semana-na-orla-ii-de-juazeiro\\\/#primaryimage\"},\"thumbnailUrl\":\"https:\\\/\\\/blogdofarnesio.com.br\\\/wp-content\\\/uploads\\\/2022\\\/10\\\/blogqspjua-maratona-aquatica-e1667156832234.jpg\",\"articleSection\":[\"Esportes\"],\"inLanguage\":\"pt-BR\",\"potentialAction\":[{\"@type\":\"CommentAction\",\"name\":\"Comment\",\"target\":[\"https:\\\/\\\/blogdofarnesio.com.br\\\/2022\\\/10\\\/penultima-etapa-do-circuito-de-maratonas-aquaticas-velho-chico-agitou-o-fim-de-semana-na-orla-ii-de-juazeiro\\\/#respond\"]}]},{\"@type\":\"WebPage\",\"@id\":\"https:\\\/\\\/blogdofarnesio.com.br\\\/2022\\\/10\\\/penultima-etapa-do-circuito-de-maratonas-aquaticas-velho-chico-agitou-o-fim-de-semana-na-orla-ii-de-juazeiro\\\/\",\"url\":\"https:\\\/\\\/blogdofarnesio.com.br\\\/2022\\\/10\\\/penultima-etapa-do-circuito-de-maratonas-aquaticas-velho-chico-agitou-o-fim-de-semana-na-orla-ii-de-juazeiro\\\/\",\"name\":\"Pen\u00faltima etapa do Circuito de Maratonas Aqu\u00e1ticas Velho Chico agitou o fim de semana na Orla II de Juazeiro - Blog do Farn\u00e9sio\",\"isPartOf\":{\"@id\":\"https:\\\/\\\/blogdofarnesio.com.br\\\/#website\"},\"primaryImageOfPage\":{\"@id\":\"https:\\\/\\\/blogdofarnesio.com.br\\\/2022\\\/10\\\/penultima-etapa-do-circuito-de-maratonas-aquaticas-velho-chico-agitou-o-fim-de-semana-na-orla-ii-de-juazeiro\\\/#primaryimage\"},\"image\":{\"@id\":\"https:\\\/\\\/blogdofarnesio.com.br\\\/2022\\\/10\\\/penultima-etapa-do-circuito-de-maratonas-aquaticas-velho-chico-agitou-o-fim-de-semana-na-orla-ii-de-juazeiro\\\/#primaryimage\"},\"thumbnailUrl\":\"https:\\\/\\\/blogdofarnesio.com.br\\\/wp-content\\\/uploads\\\/2022\\\/10\\\/blogqspjua-maratona-aquatica-e1667156832234.jpg\",\"datePublished\":\"2022-10-31T14:23:13+00:00\",\"breadcrumb\":{\"@id\":\"https:\\\/\\\/blogdofarnesio.com.br\\\/2022\\\/10\\\/penultima-etapa-do-circuito-de-maratonas-aquaticas-velho-chico-agitou-o-fim-de-semana-na-orla-ii-de-juazeiro\\\/#breadcrumb\"},\"inLanguage\":\"pt-BR\",\"potentialAction\":[{\"@type\":\"ReadAction\",\"target\":[\"https:\\\/\\\/blogdofarnesio.com.br\\\/2022\\\/10\\\/penultima-etapa-do-circuito-de-maratonas-aquaticas-velho-chico-agitou-o-fim-de-semana-na-orla-ii-de-juazeiro\\\/\"]}]},{\"@type\":\"ImageObject\",\"inLanguage\":\"pt-BR\",\"@id\":\"https:\\\/\\\/blogdofarnesio.com.br\\\/2022\\\/10\\\/penultima-etapa-do-circuito-de-maratonas-aquaticas-velho-chico-agitou-o-fim-de-semana-na-orla-ii-de-juazeiro\\\/#primaryimage\",\"url\":\"https:\\\/\\\/blogdofarnesio.com.br\\\/wp-content\\\/uploads\\\/2022\\\/10\\\/blogqspjua-maratona-aquatica-e1667156832234.jpg\",\"contentUrl\":\"https:\\\/\\\/blogdofarnesio.com.br\\\/wp-content\\\/uploads\\\/2022\\\/10\\\/blogqspjua-maratona-aquatica-e1667156832234.jpg\",\"width\":620,\"height\":413},{\"@type\":\"BreadcrumbList\",\"@id\":\"https:\\\/\\\/blogdofarnesio.com.br\\\/2022\\\/10\\\/penultima-etapa-do-circuito-de-maratonas-aquaticas-velho-chico-agitou-o-fim-de-semana-na-orla-ii-de-juazeiro\\\/#breadcrumb\",\"itemListElement\":[{\"@type\":\"ListItem\",\"position\":1,\"name\":\"In\u00edcio\",\"item\":\"https:\\\/\\\/blogdofarnesio.com.br\\\/\"},{\"@type\":\"ListItem\",\"position\":2,\"name\":\"Pen\u00faltima etapa do Circuito de Maratonas Aqu\u00e1ticas Velho Chico agitou o fim de semana na Orla II de Juazeiro\"}]},{\"@type\":\"WebSite\",\"@id\":\"https:\\\/\\\/blogdofarnesio.com.br\\\/#website\",\"url\":\"https:\\\/\\\/blogdofarnesio.com.br\\\/\",\"name\":\"Blog do Farn\u00e9sio\",\"description\":\"Quer Saber Pol\u00edtica?\",\"publisher\":{\"@id\":\"https:\\\/\\\/blogdofarnesio.com.br\\\/#organization\"},\"potentialAction\":[{\"@type\":\"SearchAction\",\"target\":{\"@type\":\"EntryPoint\",\"urlTemplate\":\"https:\\\/\\\/blogdofarnesio.com.br\\\/?s={search_term_string}\"},\"query-input\":{\"@type\":\"PropertyValueSpecification\",\"valueRequired\":true,\"valueName\":\"search_term_string\"}}],\"inLanguage\":\"pt-BR\"},{\"@type\":\"Organization\",\"@id\":\"https:\\\/\\\/blogdofarnesio.com.br\\\/#organization\",\"name\":\"Blog do Farn\u00e9sio\",\"url\":\"https:\\\/\\\/blogdofarnesio.com.br\\\/\",\"logo\":{\"@type\":\"ImageObject\",\"inLanguage\":\"pt-BR\",\"@id\":\"https:\\\/\\\/blogdofarnesio.com.br\\\/#\\\/schema\\\/logo\\\/image\\\/\",\"url\":\"https:\\\/\\\/blogdofarnesio.com.br\\\/wp-content\\\/uploads\\\/2026\\\/03\\\/cropped-logo_new-1.png\",\"contentUrl\":\"https:\\\/\\\/blogdofarnesio.com.br\\\/wp-content\\\/uploads\\\/2026\\\/03\\\/cropped-logo_new-1.png\",\"width\":881,\"height\":685,\"caption\":\"Blog do Farn\u00e9sio\"},\"image\":{\"@id\":\"https:\\\/\\\/blogdofarnesio.com.br\\\/#\\\/schema\\\/logo\\\/image\\\/\"},\"sameAs\":[\"https:\\\/\\\/www.facebook.com\\\/BlogQuerSaberPolitica\\\/\"]},{\"@type\":\"Person\",\"@id\":\"https:\\\/\\\/blogdofarnesio.com.br\\\/#\\\/schema\\\/person\\\/bb9b23ae3ad0609ce8df7b6c9e76824d\",\"name\":\"Farn\u00e9sio\",\"image\":{\"@type\":\"ImageObject\",\"inLanguage\":\"pt-BR\",\"@id\":\"https:\\\/\\\/secure.gravatar.com\\\/avatar\\\/986aa4c61ccdb66f8555bf88fc2a65609d00bcabd4d2d94377a727547345cbca?s=96&d=mm&r=g\",\"url\":\"https:\\\/\\\/secure.gravatar.com\\\/avatar\\\/986aa4c61ccdb66f8555bf88fc2a65609d00bcabd4d2d94377a727547345cbca?s=96&d=mm&r=g\",\"contentUrl\":\"https:\\\/\\\/secure.gravatar.com\\\/avatar\\\/986aa4c61ccdb66f8555bf88fc2a65609d00bcabd4d2d94377a727547345cbca?s=96&d=mm&r=g\",\"caption\":\"Farn\u00e9sio\"},\"description\":\"Radialista blogueiro, chegou a Petrolina\\\/Juazeiro em setembro de 1980, Farn\u00e9sio Silva \u00e9 de Arapiraca-Alagoas.\",\"sameAs\":[\"http:\\\/\\\/blogdofarnesio.com.br\",\"https:\\\/\\\/www.facebook.com\\\/?ref=tn_tnmn\",\"https:\\\/\\\/www.instagram.com\\\/?utm_source=pwa_homescreen\",\"https:\\\/\\\/youtube.com.br\\\/\"],\"url\":\"https:\\\/\\\/blogdofarnesio.com.br\\\/author\\\/farnesio-2\\\/\"}]}<\/script>\n<!-- \/ Yoast SEO plugin. -->","yoast_head_json":{"title":"Pen\u00faltima etapa do Circuito de Maratonas Aqu\u00e1ticas Velho Chico agitou o fim de semana na Orla II de Juazeiro - Blog do Farn\u00e9sio","robots":{"index":"index","follow":"follow","max-snippet":"max-snippet:-1","max-image-preview":"max-image-preview:large","max-video-preview":"max-video-preview:-1"},"canonical":"https:\/\/blogdofarnesio.com.br\/2022\/10\/penultima-etapa-do-circuito-de-maratonas-aquaticas-velho-chico-agitou-o-fim-de-semana-na-orla-ii-de-juazeiro\/","og_locale":"pt_BR","og_type":"article","og_title":"Pen\u00faltima etapa do Circuito de Maratonas Aqu\u00e1ticas Velho Chico agitou o fim de semana na Orla II de Juazeiro - Blog do Farn\u00e9sio","og_description":"O Rio S\u00e3o Francisco ficou movimentado durante a tarde deste s\u00e1bado (29) com a pen\u00faltima etapa do Circuito de Maratonas Aqu\u00e1ticas Velho Chico, organizado pela Arca Sport, com o apoio da Prefeitura de Juazeiro, atrav\u00e9s da Secretaria de Cultura, Turismo e Esportes (SECULTE). Cerca de 120 atletas participaram da \u2018Travessia do Jacar\u00e9\u2019, com um percurso de 4,7\u00a0\u00a0km. Nadadores de Bras\u00edlia, Piau\u00ed, Salvador, Senhor do Bonfim, Petrol\u00e2ndia e Petrolina\/ Juazeiro.\u00a0participaram da competi\u00e7\u00e3o, que contou com diversas categorias de idade e g\u00eanero. \u00a0O superintendente de Esportes do munic\u00edpio, Joacir Oliveira, destacou o quanto a competi\u00e7\u00e3o tem ajudado a movimentar o esporte na cidade. \u201cA gente parabeniza a iniciativa da Arca Sport e tamb\u00e9m de diversas escolas de nata\u00e7\u00e3o que t\u00eam revelado bons&hellip;","og_url":"https:\/\/blogdofarnesio.com.br\/2022\/10\/penultima-etapa-do-circuito-de-maratonas-aquaticas-velho-chico-agitou-o-fim-de-semana-na-orla-ii-de-juazeiro\/","og_site_name":"Blog do Farn\u00e9sio","article_publisher":"https:\/\/www.facebook.com\/BlogQuerSaberPolitica\/","article_author":"https:\/\/www.facebook.com\/?ref=tn_tnmn","article_published_time":"2022-10-31T14:23:13+00:00","og_image":[{"width":620,"height":413,"url":"https:\/\/blogdofarnesio.com.br\/wp-content\/uploads\/2022\/10\/blogqspjua-maratona-aquatica-e1667156832234.jpg","type":"image\/jpeg"}],"author":"Farn\u00e9sio","twitter_card":"summary_large_image","twitter_misc":{"Escrito por":"Farn\u00e9sio","Est. tempo de leitura":"2 minutos"},"schema":{"@context":"https:\/\/schema.org","@graph":[{"@type":"Article","@id":"https:\/\/blogdofarnesio.com.br\/2022\/10\/penultima-etapa-do-circuito-de-maratonas-aquaticas-velho-chico-agitou-o-fim-de-semana-na-orla-ii-de-juazeiro\/#article","isPartOf":{"@id":"https:\/\/blogdofarnesio.com.br\/2022\/10\/penultima-etapa-do-circuito-de-maratonas-aquaticas-velho-chico-agitou-o-fim-de-semana-na-orla-ii-de-juazeiro\/"},"author":{"name":"Farn\u00e9sio","@id":"https:\/\/blogdofarnesio.com.br\/#\/schema\/person\/bb9b23ae3ad0609ce8df7b6c9e76824d"},"headline":"Pen\u00faltima etapa do Circuito de Maratonas Aqu\u00e1ticas Velho Chico agitou o fim de semana na Orla II de Juazeiro","datePublished":"2022-10-31T14:23:13+00:00","mainEntityOfPage":{"@id":"https:\/\/blogdofarnesio.com.br\/2022\/10\/penultima-etapa-do-circuito-de-maratonas-aquaticas-velho-chico-agitou-o-fim-de-semana-na-orla-ii-de-juazeiro\/"},"wordCount":224,"commentCount":0,"publisher":{"@id":"https:\/\/blogdofarnesio.com.br\/#organization"},"image":{"@id":"https:\/\/blogdofarnesio.com.br\/2022\/10\/penultima-etapa-do-circuito-de-maratonas-aquaticas-velho-chico-agitou-o-fim-de-semana-na-orla-ii-de-juazeiro\/#primaryimage"},"thumbnailUrl":"https:\/\/blogdofarnesio.com.br\/wp-content\/uploads\/2022\/10\/blogqspjua-maratona-aquatica-e1667156832234.jpg","articleSection":["Esportes"],"inLanguage":"pt-BR","potentialAction":[{"@type":"CommentAction","name":"Comment","target":["https:\/\/blogdofarnesio.com.br\/2022\/10\/penultima-etapa-do-circuito-de-maratonas-aquaticas-velho-chico-agitou-o-fim-de-semana-na-orla-ii-de-juazeiro\/#respond"]}]},{"@type":"WebPage","@id":"https:\/\/blogdofarnesio.com.br\/2022\/10\/penultima-etapa-do-circuito-de-maratonas-aquaticas-velho-chico-agitou-o-fim-de-semana-na-orla-ii-de-juazeiro\/","url":"https:\/\/blogdofarnesio.com.br\/2022\/10\/penultima-etapa-do-circuito-de-maratonas-aquaticas-velho-chico-agitou-o-fim-de-semana-na-orla-ii-de-juazeiro\/","name":"Pen\u00faltima etapa do Circuito de Maratonas Aqu\u00e1ticas Velho Chico agitou o fim de semana na Orla II de Juazeiro - Blog do Farn\u00e9sio","isPartOf":{"@id":"https:\/\/blogdofarnesio.com.br\/#website"},"primaryImageOfPage":{"@id":"https:\/\/blogdofarnesio.com.br\/2022\/10\/penultima-etapa-do-circuito-de-maratonas-aquaticas-velho-chico-agitou-o-fim-de-semana-na-orla-ii-de-juazeiro\/#primaryimage"},"image":{"@id":"https:\/\/blogdofarnesio.com.br\/2022\/10\/penultima-etapa-do-circuito-de-maratonas-aquaticas-velho-chico-agitou-o-fim-de-semana-na-orla-ii-de-juazeiro\/#primaryimage"},"thumbnailUrl":"https:\/\/blogdofarnesio.com.br\/wp-content\/uploads\/2022\/10\/blogqspjua-maratona-aquatica-e1667156832234.jpg","datePublished":"2022-10-31T14:23:13+00:00","breadcrumb":{"@id":"https:\/\/blogdofarnesio.com.br\/2022\/10\/penultima-etapa-do-circuito-de-maratonas-aquaticas-velho-chico-agitou-o-fim-de-semana-na-orla-ii-de-juazeiro\/#breadcrumb"},"inLanguage":"pt-BR","potentialAction":[{"@type":"ReadAction","target":["https:\/\/blogdofarnesio.com.br\/2022\/10\/penultima-etapa-do-circuito-de-maratonas-aquaticas-velho-chico-agitou-o-fim-de-semana-na-orla-ii-de-juazeiro\/"]}]},{"@type":"ImageObject","inLanguage":"pt-BR","@id":"https:\/\/blogdofarnesio.com.br\/2022\/10\/penultima-etapa-do-circuito-de-maratonas-aquaticas-velho-chico-agitou-o-fim-de-semana-na-orla-ii-de-juazeiro\/#primaryimage","url":"https:\/\/blogdofarnesio.com.br\/wp-content\/uploads\/2022\/10\/blogqspjua-maratona-aquatica-e1667156832234.jpg","contentUrl":"https:\/\/blogdofarnesio.com.br\/wp-content\/uploads\/2022\/10\/blogqspjua-maratona-aquatica-e1667156832234.jpg","width":620,"height":413},{"@type":"BreadcrumbList","@id":"https:\/\/blogdofarnesio.com.br\/2022\/10\/penultima-etapa-do-circuito-de-maratonas-aquaticas-velho-chico-agitou-o-fim-de-semana-na-orla-ii-de-juazeiro\/#breadcrumb","itemListElement":[{"@type":"ListItem","position":1,"name":"In\u00edcio","item":"https:\/\/blogdofarnesio.com.br\/"},{"@type":"ListItem","position":2,"name":"Pen\u00faltima etapa do Circuito de Maratonas Aqu\u00e1ticas Velho Chico agitou o fim de semana na Orla II de Juazeiro"}]},{"@type":"WebSite","@id":"https:\/\/blogdofarnesio.com.br\/#website","url":"https:\/\/blogdofarnesio.com.br\/","name":"Blog do Farn\u00e9sio","description":"Quer Saber Pol\u00edtica?","publisher":{"@id":"https:\/\/blogdofarnesio.com.br\/#organization"},"potentialAction":[{"@type":"SearchAction","target":{"@type":"EntryPoint","urlTemplate":"https:\/\/blogdofarnesio.com.br\/?s={search_term_string}"},"query-input":{"@type":"PropertyValueSpecification","valueRequired":true,"valueName":"search_term_string"}}],"inLanguage":"pt-BR"},{"@type":"Organization","@id":"https:\/\/blogdofarnesio.com.br\/#organization","name":"Blog do Farn\u00e9sio","url":"https:\/\/blogdofarnesio.com.br\/","logo":{"@type":"ImageObject","inLanguage":"pt-BR","@id":"https:\/\/blogdofarnesio.com.br\/#\/schema\/logo\/image\/","url":"https:\/\/blogdofarnesio.com.br\/wp-content\/uploads\/2026\/03\/cropped-logo_new-1.png","contentUrl":"https:\/\/blogdofarnesio.com.br\/wp-content\/uploads\/2026\/03\/cropped-logo_new-1.png","width":881,"height":685,"caption":"Blog do Farn\u00e9sio"},"image":{"@id":"https:\/\/blogdofarnesio.com.br\/#\/schema\/logo\/image\/"},"sameAs":["https:\/\/www.facebook.com\/BlogQuerSaberPolitica\/"]},{"@type":"Person","@id":"https:\/\/blogdofarnesio.com.br\/#\/schema\/person\/bb9b23ae3ad0609ce8df7b6c9e76824d","name":"Farn\u00e9sio","image":{"@type":"ImageObject","inLanguage":"pt-BR","@id":"https:\/\/secure.gravatar.com\/avatar\/986aa4c61ccdb66f8555bf88fc2a65609d00bcabd4d2d94377a727547345cbca?s=96&d=mm&r=g","url":"https:\/\/secure.gravatar.com\/avatar\/986aa4c61ccdb66f8555bf88fc2a65609d00bcabd4d2d94377a727547345cbca?s=96&d=mm&r=g","contentUrl":"https:\/\/secure.gravatar.com\/avatar\/986aa4c61ccdb66f8555bf88fc2a65609d00bcabd4d2d94377a727547345cbca?s=96&d=mm&r=g","caption":"Farn\u00e9sio"},"description":"Radialista blogueiro, chegou a Petrolina\/Juazeiro em setembro de 1980, Farn\u00e9sio Silva \u00e9 de Arapiraca-Alagoas.","sameAs":["http:\/\/blogdofarnesio.com.br","https:\/\/www.facebook.com\/?ref=tn_tnmn","https:\/\/www.instagram.com\/?utm_source=pwa_homescreen","https:\/\/youtube.com.br\/"],"url":"https:\/\/blogdofarnesio.com.br\/author\/farnesio-2\/"}]}},"_links":{"self":[{"href":"https:\/\/blogdofarnesio.com.br\/wp-json\/wp\/v2\/posts\/326191","targetHints":{"allow":["GET"]}}],"collection":[{"href":"https:\/\/blogdofarnesio.com.br\/wp-json\/wp\/v2\/posts"}],"about":[{"href":"https:\/\/blogdofarnesio.com.br\/wp-json\/wp\/v2\/types\/post"}],"author":[{"embeddable":true,"href":"https:\/\/blogdofarnesio.com.br\/wp-json\/wp\/v2\/users\/2"}],"replies":[{"embeddable":true,"href":"https:\/\/blogdofarnesio.com.br\/wp-json\/wp\/v2\/comments?post=326191"}],"version-history":[{"count":0,"href":"https:\/\/blogdofarnesio.com.br\/wp-json\/wp\/v2\/posts\/326191\/revisions"}],"wp:featuredmedia":[{"embeddable":true,"href":"https:\/\/blogdofarnesio.com.br\/wp-json\/wp\/v2\/media\/326192"}],"wp:attachment":[{"href":"https:\/\/blogdofarnesio.com.br\/wp-json\/wp\/v2\/media?parent=326191"}],"wp:term":[{"taxonomy":"category","embeddable":true,"href":"https:\/\/blogdofarnesio.com.br\/wp-json\/wp\/v2\/categories?post=326191"},{"taxonomy":"post_tag","embeddable":true,"href":"https:\/\/blogdofarnesio.com.br\/wp-json\/wp\/v2\/tags?post=326191"}],"curies":[{"name":"wp","href":"https:\/\/api.w.org\/{rel}","templated":true}]}}