{"id":326149,"date":"2022-10-28T12:04:27","date_gmt":"2022-10-28T15:04:27","guid":{"rendered":"https:\/\/blogdofarnesio.com.br\/?p=326149"},"modified":"2022-10-27T20:13:52","modified_gmt":"2022-10-27T23:13:52","slug":"carta-proposta-de-lula-para-o-brasil-do-amanha","status":"publish","type":"post","link":"https:\/\/blogdofarnesio.com.br\/?p=326149","title":{"rendered":"Carta proposta de Lula para o Brasil do Amanh\u00e3"},"content":{"rendered":"<table role=\"presentation\" border=\"0\" width=\"100%\" cellspacing=\"0\" cellpadding=\"0\">\n<tbody>\n<tr>\n<td align=\"left\"><\/td>\n<\/tr>\n<tr>\n<td align=\"center\"><\/td>\n<\/tr>\n<tr>\n<td align=\"left\">\n<div>\n<p>Esta n\u00e3o \u00e9 uma elei\u00e7\u00e3o qualquer. O que est\u00e1 em jogo \u00e9 a escolha entre dois projetos completamente diferentes para o Brasil.<\/p>\n<p>Um \u00e9 o pa\u00eds do \u00f3dio, da mentira, da intoler\u00e2ncia, do desemprego, dos sal\u00e1rios baixos, da fome, das armas e das mortes, da insensibilidade, do machismo, do racismo, da homofobia, da destrui\u00e7\u00e3o da Amaz\u00f4nia e do meio ambiente, do isolamento internacional, da estagna\u00e7\u00e3o econ\u00f4mica, do apre\u00e7o \u00e0 ditadura e aos torturadores. Um Brasil de medo e inseguran\u00e7a com Bolsonaro.<\/p>\n<p>Outro \u00e9 o pa\u00eds da esperan\u00e7a, do respeito, do emprego, dos sal\u00e1rios decentes, da aposentadoria digna, dos direitos e oportunidades para todas e todos, da vida, da sa\u00fade, da educa\u00e7\u00e3o, da preserva\u00e7\u00e3o do meio ambiente, do respeito \u00e0s mulheres, \u00e0 popula\u00e7\u00e3o negra e \u00e0 diversidade; da integra\u00e7\u00e3o soberana ao mundo, da comida no prato e, sobretudo, do compromisso inabal\u00e1vel com a democracia. Um Brasil de esperan\u00e7a, um Brasil para todos.<\/p>\n<p>As primeiras medidas de nosso governo ser\u00e3o para resgatar da fome 33 milh\u00f5es de pessoas e resgatar da pobreza mais de 100 milh\u00f5es de brasileiros e brasileiras. A democracia s\u00f3 ser\u00e1 verdadeira quando toda a popula\u00e7\u00e3o tiver acesso a uma vida digna, sem exclus\u00f5es.<\/p>\n<p>Temos consci\u00eancia da nossa responsabilidade hist\u00f3rica e, junto com amplas for\u00e7as que apoiam a democracia brasileira, a partir de um permanente processo de di\u00e1logo e escuta da sociedade, apresentamos nossas principais propostas para a reconstru\u00e7\u00e3o do pa\u00eds.<\/p>\n<p><strong>1 DESENVOLVIMENTO ECON\u00d4MICO COM INVESTIMENTOS<\/strong><\/p>\n<p>Nossa primeira iniciativa ser\u00e1 definir com os governadores dos 27 estados\u00a0<strong>um planejamento para retomar obras paradas e definir obras priorit\u00e1rias<\/strong>. Vamos buscar\u00a0<strong>financiamento e a coopera\u00e7\u00e3o<\/strong>\u00a0<strong>\u2013 nacional e internacional \u2013 para o investimento p\u00fablico e privado<\/strong>, para dinamizar e expandir o\u00a0<strong>mercado interno de consumo<\/strong>, desenvolver o com\u00e9rcio, servi\u00e7os, agricultura de alimentos e ind\u00fastria. Vamos\u00a0<strong>investir em servi\u00e7os p\u00fablicos e sociais<\/strong>, em\u00a0<strong>infraestrutura econ\u00f4mica<\/strong>\u00a0e em\u00a0<strong>recursos naturais estrat\u00e9gicos<\/strong>. Os bancos p\u00fablicos, especialmente o BNDES, e empresas indutoras do crescimento e inova\u00e7\u00e3o tecnol\u00f3gica, como a Petrobras, ter\u00e3o papel fundamental neste novo ciclo. Ao mesmo tempo, vamos impulsionar o cooperativismo e a economia solid\u00e1ria e popular. A roda da economia vai voltar a girar e o povo vai voltar e ser inclu\u00eddo no or\u00e7amento.<\/p>\n<p>Al\u00e9m disso, enfrentaremos o desemprego e a precariza\u00e7\u00e3o do mundo do trabalho, com um amplo debate tripartite (governo, empres\u00e1rios e trabalhadores), para construir uma\u00a0<strong>Nova Legisla\u00e7\u00e3o Trabalhista<\/strong>\u00a0que assegure direitos m\u00ednimos \u2013 tanto trabalhistas como previdenci\u00e1rios \u2013 e sal\u00e1rios dig- nos, assegurando a competitividade e os investimentos das empresas. Vamos tamb\u00e9m criar o\u00a0<strong>Empreende Brasil<\/strong>, com cr\u00e9dito a juros baixos para os batalhadores das micro, pequenas e m\u00e9dias empresas. Nosso Brasil ser\u00e1 o pa\u00eds da inova\u00e7\u00e3o.<\/p>\n<p><strong>2 DESENVOLVIMENTO SOCIAL COM TRABALHO E RENDA<\/strong><\/p>\n<p>Nosso maior compromisso \u00e9 construir um Brasil mais igualit\u00e1rio, sem fome, sem pobreza, com bons empregos e sal\u00e1rios, priorizando as pessoas que mais precisam. Para isso propomos: um\u00a0<strong>Sal\u00e1rio-M\u00ednimo Forte<\/strong>, com crescimento todo ano acima da infla\u00e7\u00e3o; um\u00a0<strong>Novo Bolsa Fam\u00edlia<\/strong>, que garantir\u00e1 R$ 600,00 como valor permanente mais R$ 150,00 para cada crian\u00e7a de at\u00e9 6 anos de idade; o programa\u00a0<strong>Desenrola Brasil<\/strong>, para renegociar as d\u00edvidas de milh\u00f5es fam\u00edlias que est\u00e3o inadimplentes, oferecendo grandes descontos e juros baixos;\u00a0<strong>Imposto de Renda Zero<\/strong>\u00a0para quem ganha at\u00e9 R$ 5 mil, que ser\u00e1 acompanhado de uma reforma tribut\u00e1ria; al\u00e9m da\u00a0<strong>Igualdade Salarial para Homens e Mulheres<\/strong>\u00a0que exer\u00e7am a mesma fun\u00e7\u00e3o.<\/p>\n<p><strong>3 DESENVOLVIMENTO SUSTENT\u00c1VEL E TRANSI\u00c7\u00c3O ECOL\u00d3GICA<\/strong><\/p>\n<p>Vamos construir um Brasil sustent\u00e1vel. O Brasil tem tudo para ser uma grande pot\u00eancia ambiental. Para isso, \u00e9 preciso aproveitar a criatividade da bioeconomia e dos empreendimentos da sociobiodiversidade. Vamos iniciar a transi\u00e7\u00e3o energ\u00e9tica e ecol\u00f3gica para uma agropecu\u00e1ria e uma minera\u00e7\u00e3o sustent\u00e1veis, para uma agricultura familiar mais forte, para uma ind\u00fastria mais verde.<\/p>\n<p>Nosso compromisso estrat\u00e9gico \u00e9 buscar o\u00a0<strong>desmatamento zero na Amaz\u00f4nia e emiss\u00e3o zero de gases do efeito estufa na matriz el\u00e9trica<\/strong>. Vamos apoiar a grande\u00a0<strong>agricultura de baixo carbono e a agricultura familiar com cr\u00e9dito, garantias e assist\u00eancia<\/strong>. Vamos criar o\u00a0<strong>Minist\u00e9rio dos Povos Origin\u00e1rios<\/strong>\u00a0e revogar as medidas contr\u00e1rias as popula\u00e7\u00f5es ind\u00edgenas e povos origin\u00e1rios. Vamos reconstruir os \u00f3rg\u00e3os de fiscaliza\u00e7\u00e3o e controle do desmatamento. Vamos\u00a0<strong>acabar com o garimpo ilegal em terras ind\u00edgenas<\/strong>. Em vez de l\u00edderes mundiais de desmatamento, queremos ser campe\u00f5es mundiais do enfrentamento da crise clim\u00e1tica e do desenvolvimento socioambiental. Assim, teremos comida saud\u00e1vel no prato, ar limpo para res- pirar, \u00e1gua boa para beber e muitos empregos de qualidade com os investi- mentos verdes.<\/p>\n<p><strong>4 EDUCA\u00c7\u00c3O<\/strong><\/p>\n<p>Para assegurar oportunidades para todas e todos, a Educa\u00e7\u00e3o e a Ci\u00eancia, hoje t\u00e3o abandonadas e negligenciadas, ser\u00e3o tratadas como investimento e n\u00e3o como gasto. Vamos voltar a construir e apoiar as\u00a0<strong>creches<\/strong>, aumentar os recursos para a\u00a0<strong>merenda escolar<\/strong>, implantar o\u00a0<strong>Ensino em Tempo Integral<\/strong>, com\u00a0<strong>bolsa-estudante para quem completar o Ensino M\u00e9dio<\/strong>. Vamos universalizar a\u00a0<strong>banda larga nas escolas<\/strong>, com equipamentos adequados que atuar\u00e3o como ponto de irradia\u00e7\u00e3o para a conectividade dos territ\u00f3rios.<\/p>\n<p>Tamb\u00e9m vamos investir em\u00a0<strong>Mais Universidades<\/strong>, com o fortalecimento do ENEM, FIES, do PROUNI, da Bolsa Forma\u00e7\u00e3o, e ampliaremos a Lei de Cotas, incluindo a p\u00f3s-gradua\u00e7\u00e3o. Voltaremos a expandir fortemente o\u00a0<strong>Ensino T\u00e9cnico Profissionalizante<\/strong>. Vamos valorizar a forma\u00e7\u00e3o, a remunera\u00e7\u00e3o e as condi\u00e7\u00f5es de trabalhos dos professores, professoras e demais profissionais da Educa\u00e7\u00e3o. A educa\u00e7\u00e3o p\u00fablica, universal e de qualidade voltar\u00e1 a ser prioridade estrat\u00e9gica do pa\u00eds.<\/p>\n<p><strong>5 SA\u00daDE<\/strong><\/p>\n<p>Para assegurar a sa\u00fade e a tranquilidade das fam\u00edlias, vamos\u00a0<strong>fortalecer o SUS<\/strong>, retomar o\u00a0<strong>Farm\u00e1cia Popular<\/strong>, implantar o\u00a0<strong>M\u00e9dicos Pelo Brasil<\/strong>\u00a0para atender a popula\u00e7\u00e3o de todos os munic\u00edpios brasileiros; promover mutir\u00f5es emergenciais em todo o pa\u00eds para\u00a0<strong>zerar as filas de consultas, exames e cirurgias<\/strong>\u00a0que n\u00e3o foram realizados na pandemia, criar o\u00a0<strong>Centro Nacional de Telemedicina<\/strong>\u00a0e investir no atendimento integral \u00e0\u00a0<strong>Sa\u00fade da Mulher<\/strong>. Vamos reconstruir o Programa Nacional de Vacina\u00e7\u00e3o. A vida \u00e9 o nosso bem mais precioso.<\/p>\n<p><strong>6 HABITA\u00c7\u00c3O E INFRAESTRUTURA<\/strong><\/p>\n<p>Vamos retomar o\u00a0<strong>Minha Casa Minha Vida<\/strong>\u00a0para garantir emprego e moradia para milh\u00f5es de brasileiros. Tamb\u00e9m universalizaremos o acesso \u00e0 luz e \u00e0 \u00e1gua com a reconstru\u00e7\u00e3o de programas como o\u00a0<strong>Luz para Todos e Cisternas<\/strong>. Vamos retomar obras paradas e estruturar um\u00a0<strong>Novo PAC<\/strong>, para reativar a constru\u00e7\u00e3o civil e a engenharia pesada \u2013 orientando o investimento para setores que atendam a demandas sociais como habita\u00e7\u00e3o, transporte e mobilidade urbana, energia, \u00e1gua e saneamento. \u00c9 o caminho para iniciar um novo ciclo de crescimento econ\u00f4mico.<\/p>\n<p><strong>7 SEGURAN\u00c7A<\/strong><\/p>\n<p>Vamos criar o\u00a0<strong>Minist\u00e9rio da Seguran\u00e7a P\u00fablica<\/strong>\u00a0para implementar o\u00a0<strong>Sistema \u00danico de Seguran\u00e7a P\u00fablica<\/strong>, com pol\u00edcias bem equipadas, treinadas e remuneradas. Vamos retomar o\u00a0<strong>PRONASCI<\/strong>\u00a0para investir na forma\u00e7\u00e3o e profissionaliza\u00e7\u00e3o dos policiais. Vamos voltar a fortalecer e respeitar o importante trabalho da Pol\u00edcia Federal e da For\u00e7a Nacional. Vamos revogar decretos e portarias que permitiram o acesso irrestrito \u00e0s armas, especialmente aqueles que est\u00e3o armando o crime organizado. Enfrentaremos o aumento alarmante de casos de feminic\u00eddio e a viol\u00eancia contra a juventude negra, especialmente nas periferias.<\/p>\n<p><strong>8 CULTURA E ESPORTES<\/strong><\/p>\n<p>Vamos recriar o\u00a0<strong>Minist\u00e9rio da Cultura<\/strong>\u00a0e implantar um Sistema Nacional de Cultura para articular\u00a0<strong>comit\u00eas estaduais de cultura<\/strong>. Vamos retomar o pro- grama\u00a0<strong>Cultura Viva<\/strong>, respons\u00e1vel pelos\u00a0<strong>Pontos de Cultura<\/strong>, ampliar a presen\u00e7a da cultura nas redes sociais, incorporando tecnologias digitais. Vamos apoiar os esportes, aumentando o investimento no\u00a0<strong>Bolsa Atleta<\/strong>\u00a0e estimulando a pr\u00e1tica esportiva de crian\u00e7as e jovens nas escolas. Vamos retomar o conjunto de programas para a cultura, as artes, o esporte e o lazer, que foram atacados e destru\u00eddos pelo atual governo.<\/p>\n<p><strong>9 DIREITOS HUMANOS E CIDADANIA<\/strong><\/p>\n<p>Vamos enfrentar as discrimina\u00e7\u00f5es e preconceitos estruturais da sociedade brasileira, como o machismo, o racismo, a LGBTfobia, o capacitismo com as pessoas com defici\u00eancia, os preconceitos geracionais com idosos e a juventude. Vamos recriar o\u00a0<strong>Minist\u00e9rio da Mulher<\/strong>\u00a0para combater a viol\u00eancia e assegurar direitos, inclusive o de receber mesmo sal\u00e1rio dos homens para as mesmas fun\u00e7\u00f5es. Vamos recriar o\u00a0<strong>Minist\u00e9rio da Igualdade Racial<\/strong>, com o fortalecimento de pol\u00edticas de a\u00e7\u00f5es afirmativas para garantir direitos, promover a inclus\u00e3o, a participa\u00e7\u00e3o, o reconhecimento e as novas oportunidades. Vamos recuperar o programa\u00a0<strong>Viver Sem Limites<\/strong>, especialmente o desenvolvimento e acesso \u00e0s tecnologias assistivas para as pessoas com defici\u00eancia. Garantiremos o cumprimento integral da Lei que promulgamos para assegurar a mais ampla\u00a0<strong>liberdade de religi\u00e3o e culto<\/strong>\u00a0no Brasil. O futuro deve assegurar o respeito aos outros, a pluralidade e a diversidade, essenciais \u00e0 democracia.<\/p>\n<p><strong>10 REINDUSTRIALIZA\u00c7\u00c3O DO BRASIL<\/strong><\/p>\n<p>Vamos construir uma\u00a0<strong>estrat\u00e9gia nacional para avan\u00e7ar em dire\u00e7\u00e3o \u00e0 economia do conhecimento<\/strong>. O Brasil n\u00e3o precisa depender da importa\u00e7\u00e3o de respiradores, fertilizantes nem diesel e gasolina. N\u00e3o precisa depender da importa\u00e7\u00e3o de microprocessadores, sat\u00e9lites, aeronaves e plataformas. Nosso pa\u00eds tem potenciais que devem ser impulsionados nas ind\u00fastrias de software, defesa, telecomunica\u00e7\u00f5es e outros setores de novas tecnologias. Nosso pa\u00eds tem vantagens competitivas que devem ser ativadas, especial- mente nos complexos econ\u00f4mico-industriais da sa\u00fade, do agroneg\u00f3cio e do petr\u00f3leo e g\u00e1s.<\/p>\n<p>Vamos iniciar a\u00a0<strong>transi\u00e7\u00e3o digital e trazer a ind\u00fastria brasileira para o s\u00e9culo XXI<\/strong>, com uma pol\u00edtica industrial que apoia a inova\u00e7\u00e3o, estimula a coopera\u00e7\u00e3o p\u00fablico-privada, fortalece a ci\u00eancia e a tecnologia e garante acesso a financiamentos com custos adequados. Os segmentos das micro, pequenas e m\u00e9dias empresas, bem como das startups, receber\u00e3o aten\u00e7\u00e3o especial. O futuro pertence a quem implantar a sociedade do conhecimento.<\/p>\n<p><strong>11 AGRICULTURA SUSTENT\u00c1VEL<\/strong><\/p>\n<p>O Brasil \u00e9 um dos mais importantes produtores e exportadores de alimentos do mundo. Para garantir e ampliar essa vantagem competitiva do pa\u00eds, vamos compatibilizar a produ\u00e7\u00e3o com a preserva\u00e7\u00e3o de recursos naturais, porque isso \u00e9 necess\u00e1rio num mundo que enfrenta a crise clim\u00e1tica e exige cada vez mais o consumo de alimentos saud\u00e1veis. Investiremos fortemente na\u00a0<strong>Embrapa<\/strong>\u00a0e no financiamento ao agroneg\u00f3cio, aos pequenos e m\u00e9dios produtores e \u00e0 agricultura familiar e aos assentamentos. Para aumentar a produ\u00e7\u00e3o sem desmatamento, implantaremos o\u00a0<strong>Plano de Recupera\u00e7\u00e3o de Pastagens Degradadas<\/strong>, que somam cerca de 30 milh\u00f5es de hectares. As taxas de juros ser\u00e3o reduzidas no\u00a0<strong>Plano Safra, no Pronamp e no Pronaf<\/strong>\u00a0para produtores comprometidos com crit\u00e9rios ambientais e sociais. Vamos reconstruir a Conab e estabelecer uma pol\u00edtica de pre\u00e7os m\u00ednimos para estabilizar os pre\u00e7os dos alimentos e garantir comida na mesa das fam\u00edlias. Vamos fortalecer o cooperativismo e a assist\u00eancia t\u00e9cnica aos pequenos e m\u00e9dios produtores.<\/p>\n<p><strong>12 POL\u00cdTICA EXTERNA<\/strong><\/p>\n<p>Superar o isolamento internacional e reposicionar o Brasil como protagonista no mundo \u00e9 nosso compromisso. Retomaremos a\u00a0<strong>pol\u00edtica externa soberana, altiva e ativa<\/strong>, promovendo o\u00a0<strong>di\u00e1logo democr\u00e1tico<\/strong>\u00a0e respeitando a\u00a0<strong>autodetermina\u00e7\u00e3o dos povos<\/strong>. Investiremos novamente na\u00a0<strong>integra\u00e7\u00e3o regional<\/strong>, no Mercosul e outras iniciativas latino-americanas, bem como no di\u00e1logo com os BRICS, com os pa\u00edses da \u00c1frica, Uni\u00e3o Europeia e Estados Unidos. Romper o isolamento e retomar pol\u00edtica externa exitosa \u00e9 funda- mental para ampliar o com\u00e9rcio exterior e a coopera\u00e7\u00e3o tecnol\u00f3gica, al\u00e9m promover rela\u00e7\u00f5es mais justas e democr\u00e1ticas entre os pa\u00edses.<\/p>\n<p>Reafirmaremos e fortaleceremos nossos pactos internacionais relativos ao desenvolvimento sustent\u00e1vel, em especial no marco da Conven\u00e7\u00e3o do Clima. Cultivaremos rela\u00e7\u00f5es de m\u00fatuo respeito com todos os pa\u00edses.<\/p>\n<p><strong>13 DEMOCRACIA E LIBERDADE<\/strong><\/p>\n<p>O Brasil passa por um momento hist\u00f3rico em que os direitos, as institui\u00e7\u00f5es e as liberdades democr\u00e1ticas est\u00e3o fortemente amea\u00e7adas. Por isso, reafirmamos nosso total compromisso com a democracia, pois somente a democracia pode garantir os direitos da cidadania, condi\u00e7\u00f5es de vida com dignidade para a popula\u00e7\u00e3o e as conquistas da sociedade.<\/p>\n<p>O Brasil n\u00e3o pode mais ficar nas m\u00e3os de quem admira a ditadura militar e idolatra monstruosos torturadores. O Brasil n\u00e3o pode ficar entregue a pessoas que questionam nosso processo eleitoral, procurando criar condi\u00e7\u00f5es para golpes e aventuras totalit\u00e1rias. O Brasil n\u00e3o pode estar submetido a um governante que agride sistematicamente o STF e o TSE e j\u00e1 amea\u00e7ou fechar o Congresso. Um governo que nega a transpar\u00eancia, o acesso p\u00fablico \u00e0 informa\u00e7\u00e3o e desestruturou os me- canismos de controle e combate \u00e0 corrup\u00e7\u00e3o. Nossa democracia \u00e9 fruto de d\u00e9cadas de luta, de mulheres e homens, pela nossa liberdade e pelos nossos direitos.<\/p>\n<p>A reconstru\u00e7\u00e3o do Brasil exige uma gest\u00e3o p\u00fablica competente, respons\u00e1vel, aberta ao di\u00e1logo e com a mais ampla participa\u00e7\u00e3o da sociedade. Exige uma gest\u00e3o da economia com credibilidade, responsabilidade e previsibilidade.<\/p>\n<p>J\u00e1 governamos este pa\u00eds. Com responsabilidade fiscal, reduzimos a d\u00edvida p\u00fablica, controlamos a infla\u00e7\u00e3o e acumulamos um expressivo volume de reservas cambiais que at\u00e9 hoje s\u00e3o fundamentais para a estabilidade da economia. Essas condi\u00e7\u00f5es foram essenciais para o Brasil crescer o dobro da m\u00e9dia internacional em nosso governo e enfrentar a maior crise financeira mundial da hist\u00f3ria recente.<\/p>\n<p>A pol\u00edtica fiscal respons\u00e1vel deve seguir regras claras e realistas, com compromissos plurianuais, compat\u00edveis com o enfrentamento da emerg\u00eancia social que vivemos e com a necessidade de reativar o investimento p\u00fablico e privado para arrancar o pa\u00eds da estagna\u00e7\u00e3o. O sistema tribut\u00e1rio n\u00e3o deve colocar o investimento, a produ\u00e7\u00e3o e a exporta\u00e7\u00e3o industrial em situa\u00e7\u00e3o desfavor\u00e1vel, nem deve penalizar trabalhadores, consumidores e camadas de mais baixa renda. \u00c9 poss\u00edvel combinar responsabilidade fiscal, responsabilidade social e desenvolvimento sustent\u00e1vel \u2013 e \u00e9 isso que vamos fazer, seguindo as tend\u00eancias das principais economias do mundo.<\/p>\n<p>Ao longo dessa campanha, vi a esperan\u00e7a brilhando nos olhos do nosso povo. A esperan\u00e7a de uma vida melhor num pa\u00eds mais justo. O Brasil precisa de um governo que volte a cuidar da nossa gente, especialmente de quem mais necessita. Precisa de paz, democracia e di\u00e1logo. \u00c9 com a for\u00e7a do nosso legado e os olhos voltados para o futuro que dirijo esta carta ao povo brasi- leiro. Que Deus nos ilumine nessa caminhada.<\/p>\n<p><strong>VAMOS JUNTOS PELO BRASIL!<\/strong><\/p>\n<p><strong>\u00a0<\/strong><\/p>\n<p><strong>Luiz In\u00e1cio LULA da Silva<\/strong><\/p>\n<p><strong>S\u00e3o Paulo, 27 de outubro de 2022<\/strong><\/p>\n<\/div>\n<\/td>\n<\/tr>\n<\/tbody>\n<\/table>\n","protected":false},"excerpt":{"rendered":"<p>Esta n\u00e3o \u00e9 uma elei\u00e7\u00e3o qualquer. O que est\u00e1 em jogo \u00e9 a escolha entre dois projetos completamente diferentes para o Brasil. Um \u00e9 o pa\u00eds do \u00f3dio, da mentira, da intoler\u00e2ncia, do desemprego, dos sal\u00e1rios baixos, da fome, das armas e das mortes, da insensibilidade, do machismo, do racismo, da homofobia, da destrui\u00e7\u00e3o da Amaz\u00f4nia e do meio ambiente, do isolamento internacional, da estagna\u00e7\u00e3o econ\u00f4mica, do apre\u00e7o \u00e0 ditadura e aos torturadores. Um Brasil de medo e inseguran\u00e7a com Bolsonaro. Outro \u00e9 o pa\u00eds da esperan\u00e7a, do respeito, do emprego, dos sal\u00e1rios decentes, da aposentadoria digna, dos direitos e oportunidades para todas e todos, da vida, da sa\u00fade, da educa\u00e7\u00e3o, da preserva\u00e7\u00e3o do meio ambiente, do respeito \u00e0s mulheres,&hellip; <\/p>\n","protected":false},"author":2,"featured_media":326152,"comment_status":"open","ping_status":"open","sticky":false,"template":"","format":"standard","meta":{"_acf_changed":false,"footnotes":""},"categories":[30],"tags":[],"class_list":["post-326149","post","type-post","status-publish","format-standard","has-post-thumbnail","hentry","category-artigo"],"acf":[],"yoast_head":"<!-- This site is optimized with the Yoast SEO plugin v27.4 - https:\/\/yoast.com\/product\/yoast-seo-wordpress\/ -->\n<title>Carta proposta de Lula para o Brasil do Amanh\u00e3 - Blog do Farn\u00e9sio<\/title>\n<meta name=\"robots\" content=\"index, follow, max-snippet:-1, max-image-preview:large, max-video-preview:-1\" \/>\n<link rel=\"canonical\" href=\"https:\/\/blogdofarnesio.com.br\/?p=326149\" \/>\n<meta property=\"og:locale\" content=\"pt_BR\" \/>\n<meta property=\"og:type\" content=\"article\" \/>\n<meta property=\"og:title\" content=\"Carta proposta de Lula para o Brasil do Amanh\u00e3 - Blog do Farn\u00e9sio\" \/>\n<meta property=\"og:description\" content=\"Esta n\u00e3o \u00e9 uma elei\u00e7\u00e3o qualquer. O que est\u00e1 em jogo \u00e9 a escolha entre dois projetos completamente diferentes para o Brasil. Um \u00e9 o pa\u00eds do \u00f3dio, da mentira, da intoler\u00e2ncia, do desemprego, dos sal\u00e1rios baixos, da fome, das armas e das mortes, da insensibilidade, do machismo, do racismo, da homofobia, da destrui\u00e7\u00e3o da Amaz\u00f4nia e do meio ambiente, do isolamento internacional, da estagna\u00e7\u00e3o econ\u00f4mica, do apre\u00e7o \u00e0 ditadura e aos torturadores. Um Brasil de medo e inseguran\u00e7a com Bolsonaro. Outro \u00e9 o pa\u00eds da esperan\u00e7a, do respeito, do emprego, dos sal\u00e1rios decentes, da aposentadoria digna, dos direitos e oportunidades para todas e todos, da vida, da sa\u00fade, da educa\u00e7\u00e3o, da preserva\u00e7\u00e3o do meio ambiente, do respeito \u00e0s mulheres,&hellip;\" \/>\n<meta property=\"og:url\" content=\"https:\/\/blogdofarnesio.com.br\/?p=326149\" \/>\n<meta property=\"og:site_name\" content=\"Blog do Farn\u00e9sio\" \/>\n<meta property=\"article:publisher\" content=\"https:\/\/www.facebook.com\/BlogQuerSaberPolitica\/\" \/>\n<meta property=\"article:author\" content=\"https:\/\/www.facebook.com\/?ref=tn_tnmn\" \/>\n<meta property=\"article:published_time\" content=\"2022-10-28T15:04:27+00:00\" \/>\n<meta property=\"og:image\" content=\"https:\/\/blogdofarnesio.com.br\/wp-content\/uploads\/2022\/10\/unnamed-23-e1666912309837.jpg\" \/>\n\t<meta property=\"og:image:width\" content=\"680\" \/>\n\t<meta property=\"og:image:height\" content=\"434\" \/>\n\t<meta property=\"og:image:type\" content=\"image\/jpeg\" \/>\n<meta name=\"author\" content=\"Farn\u00e9sio\" \/>\n<meta name=\"twitter:card\" content=\"summary_large_image\" \/>\n<meta name=\"twitter:label1\" content=\"Escrito por\" \/>\n\t<meta name=\"twitter:data1\" content=\"Farn\u00e9sio\" \/>\n\t<meta name=\"twitter:label2\" content=\"Est. tempo de leitura\" \/>\n\t<meta name=\"twitter:data2\" content=\"13 minutos\" \/>\n<script type=\"application\/ld+json\" class=\"yoast-schema-graph\">{\"@context\":\"https:\\\/\\\/schema.org\",\"@graph\":[{\"@type\":\"Article\",\"@id\":\"https:\\\/\\\/blogdofarnesio.com.br\\\/?p=326149#article\",\"isPartOf\":{\"@id\":\"https:\\\/\\\/blogdofarnesio.com.br\\\/?p=326149\"},\"author\":{\"name\":\"Farn\u00e9sio\",\"@id\":\"https:\\\/\\\/blogdofarnesio.com.br\\\/#\\\/schema\\\/person\\\/bb9b23ae3ad0609ce8df7b6c9e76824d\"},\"headline\":\"Carta proposta de Lula para o Brasil do Amanh\u00e3\",\"datePublished\":\"2022-10-28T15:04:27+00:00\",\"mainEntityOfPage\":{\"@id\":\"https:\\\/\\\/blogdofarnesio.com.br\\\/?p=326149\"},\"wordCount\":2511,\"commentCount\":0,\"publisher\":{\"@id\":\"https:\\\/\\\/blogdofarnesio.com.br\\\/#organization\"},\"image\":{\"@id\":\"https:\\\/\\\/blogdofarnesio.com.br\\\/?p=326149#primaryimage\"},\"thumbnailUrl\":\"https:\\\/\\\/blogdofarnesio.com.br\\\/wp-content\\\/uploads\\\/2022\\\/10\\\/unnamed-23-e1666912309837.jpg\",\"articleSection\":[\"Artigo\"],\"inLanguage\":\"pt-BR\",\"potentialAction\":[{\"@type\":\"CommentAction\",\"name\":\"Comment\",\"target\":[\"https:\\\/\\\/blogdofarnesio.com.br\\\/?p=326149#respond\"]}]},{\"@type\":\"WebPage\",\"@id\":\"https:\\\/\\\/blogdofarnesio.com.br\\\/?p=326149\",\"url\":\"https:\\\/\\\/blogdofarnesio.com.br\\\/?p=326149\",\"name\":\"Carta proposta de Lula para o Brasil do Amanh\u00e3 - Blog do Farn\u00e9sio\",\"isPartOf\":{\"@id\":\"https:\\\/\\\/blogdofarnesio.com.br\\\/#website\"},\"primaryImageOfPage\":{\"@id\":\"https:\\\/\\\/blogdofarnesio.com.br\\\/?p=326149#primaryimage\"},\"image\":{\"@id\":\"https:\\\/\\\/blogdofarnesio.com.br\\\/?p=326149#primaryimage\"},\"thumbnailUrl\":\"https:\\\/\\\/blogdofarnesio.com.br\\\/wp-content\\\/uploads\\\/2022\\\/10\\\/unnamed-23-e1666912309837.jpg\",\"datePublished\":\"2022-10-28T15:04:27+00:00\",\"breadcrumb\":{\"@id\":\"https:\\\/\\\/blogdofarnesio.com.br\\\/?p=326149#breadcrumb\"},\"inLanguage\":\"pt-BR\",\"potentialAction\":[{\"@type\":\"ReadAction\",\"target\":[\"https:\\\/\\\/blogdofarnesio.com.br\\\/?p=326149\"]}]},{\"@type\":\"ImageObject\",\"inLanguage\":\"pt-BR\",\"@id\":\"https:\\\/\\\/blogdofarnesio.com.br\\\/?p=326149#primaryimage\",\"url\":\"https:\\\/\\\/blogdofarnesio.com.br\\\/wp-content\\\/uploads\\\/2022\\\/10\\\/unnamed-23-e1666912309837.jpg\",\"contentUrl\":\"https:\\\/\\\/blogdofarnesio.com.br\\\/wp-content\\\/uploads\\\/2022\\\/10\\\/unnamed-23-e1666912309837.jpg\",\"width\":680,\"height\":434},{\"@type\":\"BreadcrumbList\",\"@id\":\"https:\\\/\\\/blogdofarnesio.com.br\\\/?p=326149#breadcrumb\",\"itemListElement\":[{\"@type\":\"ListItem\",\"position\":1,\"name\":\"In\u00edcio\",\"item\":\"https:\\\/\\\/blogdofarnesio.com.br\\\/\"},{\"@type\":\"ListItem\",\"position\":2,\"name\":\"Carta proposta de Lula para o Brasil do Amanh\u00e3\"}]},{\"@type\":\"WebSite\",\"@id\":\"https:\\\/\\\/blogdofarnesio.com.br\\\/#website\",\"url\":\"https:\\\/\\\/blogdofarnesio.com.br\\\/\",\"name\":\"Blog do Farn\u00e9sio\",\"description\":\"Quer Saber Pol\u00edtica?\",\"publisher\":{\"@id\":\"https:\\\/\\\/blogdofarnesio.com.br\\\/#organization\"},\"potentialAction\":[{\"@type\":\"SearchAction\",\"target\":{\"@type\":\"EntryPoint\",\"urlTemplate\":\"https:\\\/\\\/blogdofarnesio.com.br\\\/?s={search_term_string}\"},\"query-input\":{\"@type\":\"PropertyValueSpecification\",\"valueRequired\":true,\"valueName\":\"search_term_string\"}}],\"inLanguage\":\"pt-BR\"},{\"@type\":\"Organization\",\"@id\":\"https:\\\/\\\/blogdofarnesio.com.br\\\/#organization\",\"name\":\"Blog do Farn\u00e9sio\",\"url\":\"https:\\\/\\\/blogdofarnesio.com.br\\\/\",\"logo\":{\"@type\":\"ImageObject\",\"inLanguage\":\"pt-BR\",\"@id\":\"https:\\\/\\\/blogdofarnesio.com.br\\\/#\\\/schema\\\/logo\\\/image\\\/\",\"url\":\"https:\\\/\\\/blogdofarnesio.com.br\\\/wp-content\\\/uploads\\\/2026\\\/03\\\/cropped-logo_new-1.png\",\"contentUrl\":\"https:\\\/\\\/blogdofarnesio.com.br\\\/wp-content\\\/uploads\\\/2026\\\/03\\\/cropped-logo_new-1.png\",\"width\":881,\"height\":685,\"caption\":\"Blog do Farn\u00e9sio\"},\"image\":{\"@id\":\"https:\\\/\\\/blogdofarnesio.com.br\\\/#\\\/schema\\\/logo\\\/image\\\/\"},\"sameAs\":[\"https:\\\/\\\/www.facebook.com\\\/BlogQuerSaberPolitica\\\/\"]},{\"@type\":\"Person\",\"@id\":\"https:\\\/\\\/blogdofarnesio.com.br\\\/#\\\/schema\\\/person\\\/bb9b23ae3ad0609ce8df7b6c9e76824d\",\"name\":\"Farn\u00e9sio\",\"image\":{\"@type\":\"ImageObject\",\"inLanguage\":\"pt-BR\",\"@id\":\"https:\\\/\\\/secure.gravatar.com\\\/avatar\\\/986aa4c61ccdb66f8555bf88fc2a65609d00bcabd4d2d94377a727547345cbca?s=96&d=mm&r=g\",\"url\":\"https:\\\/\\\/secure.gravatar.com\\\/avatar\\\/986aa4c61ccdb66f8555bf88fc2a65609d00bcabd4d2d94377a727547345cbca?s=96&d=mm&r=g\",\"contentUrl\":\"https:\\\/\\\/secure.gravatar.com\\\/avatar\\\/986aa4c61ccdb66f8555bf88fc2a65609d00bcabd4d2d94377a727547345cbca?s=96&d=mm&r=g\",\"caption\":\"Farn\u00e9sio\"},\"description\":\"Radialista blogueiro, chegou a Petrolina\\\/Juazeiro em setembro de 1980, Farn\u00e9sio Silva \u00e9 de Arapiraca-Alagoas.\",\"sameAs\":[\"http:\\\/\\\/blogdofarnesio.com.br\",\"https:\\\/\\\/www.facebook.com\\\/?ref=tn_tnmn\",\"https:\\\/\\\/www.instagram.com\\\/?utm_source=pwa_homescreen\",\"https:\\\/\\\/youtube.com.br\\\/\"],\"url\":\"https:\\\/\\\/blogdofarnesio.com.br\\\/?author=2\"}]}<\/script>\n<!-- \/ Yoast SEO plugin. -->","yoast_head_json":{"title":"Carta proposta de Lula para o Brasil do Amanh\u00e3 - Blog do Farn\u00e9sio","robots":{"index":"index","follow":"follow","max-snippet":"max-snippet:-1","max-image-preview":"max-image-preview:large","max-video-preview":"max-video-preview:-1"},"canonical":"https:\/\/blogdofarnesio.com.br\/?p=326149","og_locale":"pt_BR","og_type":"article","og_title":"Carta proposta de Lula para o Brasil do Amanh\u00e3 - Blog do Farn\u00e9sio","og_description":"Esta n\u00e3o \u00e9 uma elei\u00e7\u00e3o qualquer. O que est\u00e1 em jogo \u00e9 a escolha entre dois projetos completamente diferentes para o Brasil. Um \u00e9 o pa\u00eds do \u00f3dio, da mentira, da intoler\u00e2ncia, do desemprego, dos sal\u00e1rios baixos, da fome, das armas e das mortes, da insensibilidade, do machismo, do racismo, da homofobia, da destrui\u00e7\u00e3o da Amaz\u00f4nia e do meio ambiente, do isolamento internacional, da estagna\u00e7\u00e3o econ\u00f4mica, do apre\u00e7o \u00e0 ditadura e aos torturadores. Um Brasil de medo e inseguran\u00e7a com Bolsonaro. Outro \u00e9 o pa\u00eds da esperan\u00e7a, do respeito, do emprego, dos sal\u00e1rios decentes, da aposentadoria digna, dos direitos e oportunidades para todas e todos, da vida, da sa\u00fade, da educa\u00e7\u00e3o, da preserva\u00e7\u00e3o do meio ambiente, do respeito \u00e0s mulheres,&hellip;","og_url":"https:\/\/blogdofarnesio.com.br\/?p=326149","og_site_name":"Blog do Farn\u00e9sio","article_publisher":"https:\/\/www.facebook.com\/BlogQuerSaberPolitica\/","article_author":"https:\/\/www.facebook.com\/?ref=tn_tnmn","article_published_time":"2022-10-28T15:04:27+00:00","og_image":[{"width":680,"height":434,"url":"https:\/\/blogdofarnesio.com.br\/wp-content\/uploads\/2022\/10\/unnamed-23-e1666912309837.jpg","type":"image\/jpeg"}],"author":"Farn\u00e9sio","twitter_card":"summary_large_image","twitter_misc":{"Escrito por":"Farn\u00e9sio","Est. tempo de leitura":"13 minutos"},"schema":{"@context":"https:\/\/schema.org","@graph":[{"@type":"Article","@id":"https:\/\/blogdofarnesio.com.br\/?p=326149#article","isPartOf":{"@id":"https:\/\/blogdofarnesio.com.br\/?p=326149"},"author":{"name":"Farn\u00e9sio","@id":"https:\/\/blogdofarnesio.com.br\/#\/schema\/person\/bb9b23ae3ad0609ce8df7b6c9e76824d"},"headline":"Carta proposta de Lula para o Brasil do Amanh\u00e3","datePublished":"2022-10-28T15:04:27+00:00","mainEntityOfPage":{"@id":"https:\/\/blogdofarnesio.com.br\/?p=326149"},"wordCount":2511,"commentCount":0,"publisher":{"@id":"https:\/\/blogdofarnesio.com.br\/#organization"},"image":{"@id":"https:\/\/blogdofarnesio.com.br\/?p=326149#primaryimage"},"thumbnailUrl":"https:\/\/blogdofarnesio.com.br\/wp-content\/uploads\/2022\/10\/unnamed-23-e1666912309837.jpg","articleSection":["Artigo"],"inLanguage":"pt-BR","potentialAction":[{"@type":"CommentAction","name":"Comment","target":["https:\/\/blogdofarnesio.com.br\/?p=326149#respond"]}]},{"@type":"WebPage","@id":"https:\/\/blogdofarnesio.com.br\/?p=326149","url":"https:\/\/blogdofarnesio.com.br\/?p=326149","name":"Carta proposta de Lula para o Brasil do Amanh\u00e3 - Blog do Farn\u00e9sio","isPartOf":{"@id":"https:\/\/blogdofarnesio.com.br\/#website"},"primaryImageOfPage":{"@id":"https:\/\/blogdofarnesio.com.br\/?p=326149#primaryimage"},"image":{"@id":"https:\/\/blogdofarnesio.com.br\/?p=326149#primaryimage"},"thumbnailUrl":"https:\/\/blogdofarnesio.com.br\/wp-content\/uploads\/2022\/10\/unnamed-23-e1666912309837.jpg","datePublished":"2022-10-28T15:04:27+00:00","breadcrumb":{"@id":"https:\/\/blogdofarnesio.com.br\/?p=326149#breadcrumb"},"inLanguage":"pt-BR","potentialAction":[{"@type":"ReadAction","target":["https:\/\/blogdofarnesio.com.br\/?p=326149"]}]},{"@type":"ImageObject","inLanguage":"pt-BR","@id":"https:\/\/blogdofarnesio.com.br\/?p=326149#primaryimage","url":"https:\/\/blogdofarnesio.com.br\/wp-content\/uploads\/2022\/10\/unnamed-23-e1666912309837.jpg","contentUrl":"https:\/\/blogdofarnesio.com.br\/wp-content\/uploads\/2022\/10\/unnamed-23-e1666912309837.jpg","width":680,"height":434},{"@type":"BreadcrumbList","@id":"https:\/\/blogdofarnesio.com.br\/?p=326149#breadcrumb","itemListElement":[{"@type":"ListItem","position":1,"name":"In\u00edcio","item":"https:\/\/blogdofarnesio.com.br\/"},{"@type":"ListItem","position":2,"name":"Carta proposta de Lula para o Brasil do Amanh\u00e3"}]},{"@type":"WebSite","@id":"https:\/\/blogdofarnesio.com.br\/#website","url":"https:\/\/blogdofarnesio.com.br\/","name":"Blog do Farn\u00e9sio","description":"Quer Saber Pol\u00edtica?","publisher":{"@id":"https:\/\/blogdofarnesio.com.br\/#organization"},"potentialAction":[{"@type":"SearchAction","target":{"@type":"EntryPoint","urlTemplate":"https:\/\/blogdofarnesio.com.br\/?s={search_term_string}"},"query-input":{"@type":"PropertyValueSpecification","valueRequired":true,"valueName":"search_term_string"}}],"inLanguage":"pt-BR"},{"@type":"Organization","@id":"https:\/\/blogdofarnesio.com.br\/#organization","name":"Blog do Farn\u00e9sio","url":"https:\/\/blogdofarnesio.com.br\/","logo":{"@type":"ImageObject","inLanguage":"pt-BR","@id":"https:\/\/blogdofarnesio.com.br\/#\/schema\/logo\/image\/","url":"https:\/\/blogdofarnesio.com.br\/wp-content\/uploads\/2026\/03\/cropped-logo_new-1.png","contentUrl":"https:\/\/blogdofarnesio.com.br\/wp-content\/uploads\/2026\/03\/cropped-logo_new-1.png","width":881,"height":685,"caption":"Blog do Farn\u00e9sio"},"image":{"@id":"https:\/\/blogdofarnesio.com.br\/#\/schema\/logo\/image\/"},"sameAs":["https:\/\/www.facebook.com\/BlogQuerSaberPolitica\/"]},{"@type":"Person","@id":"https:\/\/blogdofarnesio.com.br\/#\/schema\/person\/bb9b23ae3ad0609ce8df7b6c9e76824d","name":"Farn\u00e9sio","image":{"@type":"ImageObject","inLanguage":"pt-BR","@id":"https:\/\/secure.gravatar.com\/avatar\/986aa4c61ccdb66f8555bf88fc2a65609d00bcabd4d2d94377a727547345cbca?s=96&d=mm&r=g","url":"https:\/\/secure.gravatar.com\/avatar\/986aa4c61ccdb66f8555bf88fc2a65609d00bcabd4d2d94377a727547345cbca?s=96&d=mm&r=g","contentUrl":"https:\/\/secure.gravatar.com\/avatar\/986aa4c61ccdb66f8555bf88fc2a65609d00bcabd4d2d94377a727547345cbca?s=96&d=mm&r=g","caption":"Farn\u00e9sio"},"description":"Radialista blogueiro, chegou a Petrolina\/Juazeiro em setembro de 1980, Farn\u00e9sio Silva \u00e9 de Arapiraca-Alagoas.","sameAs":["http:\/\/blogdofarnesio.com.br","https:\/\/www.facebook.com\/?ref=tn_tnmn","https:\/\/www.instagram.com\/?utm_source=pwa_homescreen","https:\/\/youtube.com.br\/"],"url":"https:\/\/blogdofarnesio.com.br\/?author=2"}]}},"_links":{"self":[{"href":"https:\/\/blogdofarnesio.com.br\/index.php?rest_route=\/wp\/v2\/posts\/326149","targetHints":{"allow":["GET"]}}],"collection":[{"href":"https:\/\/blogdofarnesio.com.br\/index.php?rest_route=\/wp\/v2\/posts"}],"about":[{"href":"https:\/\/blogdofarnesio.com.br\/index.php?rest_route=\/wp\/v2\/types\/post"}],"author":[{"embeddable":true,"href":"https:\/\/blogdofarnesio.com.br\/index.php?rest_route=\/wp\/v2\/users\/2"}],"replies":[{"embeddable":true,"href":"https:\/\/blogdofarnesio.com.br\/index.php?rest_route=%2Fwp%2Fv2%2Fcomments&post=326149"}],"version-history":[{"count":0,"href":"https:\/\/blogdofarnesio.com.br\/index.php?rest_route=\/wp\/v2\/posts\/326149\/revisions"}],"wp:featuredmedia":[{"embeddable":true,"href":"https:\/\/blogdofarnesio.com.br\/index.php?rest_route=\/wp\/v2\/media\/326152"}],"wp:attachment":[{"href":"https:\/\/blogdofarnesio.com.br\/index.php?rest_route=%2Fwp%2Fv2%2Fmedia&parent=326149"}],"wp:term":[{"taxonomy":"category","embeddable":true,"href":"https:\/\/blogdofarnesio.com.br\/index.php?rest_route=%2Fwp%2Fv2%2Fcategories&post=326149"},{"taxonomy":"post_tag","embeddable":true,"href":"https:\/\/blogdofarnesio.com.br\/index.php?rest_route=%2Fwp%2Fv2%2Ftags&post=326149"}],"curies":[{"name":"wp","href":"https:\/\/api.w.org\/{rel}","templated":true}]}}