{"id":326106,"date":"2022-10-28T10:03:04","date_gmt":"2022-10-28T13:03:04","guid":{"rendered":"https:\/\/blogdofarnesio.com.br\/?p=326106"},"modified":"2022-10-27T18:15:15","modified_gmt":"2022-10-27T21:15:15","slug":"quase-2-mil-km-de-estradas-vicinais-ja-foram-recuperados-em-petrolina","status":"publish","type":"post","link":"https:\/\/blogdofarnesio.com.br\/?p=326106","title":{"rendered":"Quase 2 mil km de estradas vicinais j\u00e1 foram recuperados em Petrolina"},"content":{"rendered":"<p style=\"font-weight: 400;\">Os servi\u00e7os da Opera\u00e7\u00e3o de Patrolamento seguem proporcionando a milhares de moradores da zona rural a recupera\u00e7\u00e3o de estradas vicinais.\u00a0 A Prefeitura de Petrolina, por meio da Secretaria de Agricultura (Seagri), realiza esse trabalho constantemente ao longo do ano, no intuito de garantir maior seguran\u00e7a e trafegabilidade para o homem e a mulher do campo da Capital Sertaneja.<\/p>\n<p style=\"font-weight: 400;\">At\u00e9 o momento, j\u00e1 foram recuperados aproximadamente 2.000 km de estradas vicinais pelas equipes da Seagri. Localidades como Salinas, Atalho, Desvio de Atalho, Carret\u00e3o, Cabaceira de Baixo, Facheiro, Cabaceira de Cima, S\u00edtio Morrim, S\u00edtio Formosa, Cacimba Velha, Horizonte, Galcinha, Castanheiros, Volta do Riacho, Barra Franca, S\u00edtio Rum\u00e3o, Primazia, Chapada do Alegre, Baixa do Bina, Baixa do Lajedo, Baixa Alegre a Simpatia, S\u00edtio Miradouro, S\u00edtio Almas, e Castanheiros j\u00e1 receberam a Opera\u00e7\u00e3o de Patrolamento.<\/p>\n<p style=\"font-weight: 400;\">Neste m\u00eas de outubro as m\u00e1quinas est\u00e3o atuando para melhorar trechos de estradas vicinais na regi\u00e3o de S\u00edtio Lajedo, Cabaceira de Cima, Bara\u00fana, Mendes, Caititu, Carret\u00e3o, S\u00edtio Kaeira, Rajada at\u00e9 a divisa com a Bahia, e S\u00edtio Angico, totalizando 108 km de recupera\u00e7\u00e3o de vias. O secret\u00e1rio de Agricultura, Gilberto Melo, ressalta que esse trabalho da Opera\u00e7\u00e3o de Patrolamento \u00e9 realizado constantemente pela prefeitura e que o levantamento \u00e9 sempre atualizado, j\u00e1 que as equipes, como tamb\u00e9m a popula\u00e7\u00e3o, informam os trechos mais danificados.<\/p>\n<p style=\"font-weight: 400;\">\u201cConforme sempre nos orienta o prefeito Sim\u00e3o Durando, nossas equipes seguem cumprindo um intenso cronograma de recupera\u00e7\u00e3o de estradas vicinais e vilas da zona rural do nosso munic\u00edpio, quer seja na \u00e1rea ribeirinha, sequeiro, irrigada ou em assentamentos. Petrolina conta mais de 6 mil km de estradas vicinais e n\u00f3s seguimos firmes, cumprindo o compromisso do prefeito com o homem e a mulher do campo para que tenham mais seguran\u00e7a em trafegar diariamente por essas vias\u201d, refor\u00e7ou Gilberto.<\/p>\n<p style=\"font-weight: 400;\">Texto: Jaquelyne Costa<\/p>\n<p style=\"font-weight: 400;\">Assessoria de Imprensa<\/p>\n","protected":false},"excerpt":{"rendered":"<p>Os servi\u00e7os da Opera\u00e7\u00e3o de Patrolamento seguem proporcionando a milhares de moradores da zona rural a recupera\u00e7\u00e3o de estradas vicinais.\u00a0 A Prefeitura de Petrolina, por meio da Secretaria de Agricultura (Seagri), realiza esse trabalho constantemente ao longo do ano, no intuito de garantir maior seguran\u00e7a e trafegabilidade para o homem e a mulher do campo da Capital Sertaneja. At\u00e9 o momento, j\u00e1 foram recuperados aproximadamente 2.000 km de estradas vicinais pelas equipes da Seagri. Localidades como Salinas, Atalho, Desvio de Atalho, Carret\u00e3o, Cabaceira de Baixo, Facheiro, Cabaceira de Cima, S\u00edtio Morrim, S\u00edtio Formosa, Cacimba Velha, Horizonte, Galcinha, Castanheiros, Volta do Riacho, Barra Franca, S\u00edtio Rum\u00e3o, Primazia, Chapada do Alegre, Baixa do Bina, Baixa do Lajedo, Baixa Alegre a Simpatia, S\u00edtio&hellip; <\/p>\n","protected":false},"author":2,"featured_media":297731,"comment_status":"open","ping_status":"open","sticky":false,"template":"","format":"standard","meta":{"_acf_changed":false,"footnotes":""},"categories":[17],"tags":[],"class_list":["post-326106","post","type-post","status-publish","format-standard","has-post-thumbnail","hentry","category-estradas"],"acf":[],"yoast_head":"<!-- This site is optimized with the Yoast SEO plugin v27.4 - https:\/\/yoast.com\/product\/yoast-seo-wordpress\/ -->\n<title>Quase 2 mil km de estradas vicinais j\u00e1 foram recuperados em Petrolina - Blog do Farn\u00e9sio<\/title>\n<meta name=\"robots\" content=\"index, follow, max-snippet:-1, max-image-preview:large, max-video-preview:-1\" \/>\n<link rel=\"canonical\" href=\"https:\/\/blogdofarnesio.com.br\/?p=326106\" \/>\n<meta property=\"og:locale\" content=\"pt_BR\" \/>\n<meta property=\"og:type\" content=\"article\" \/>\n<meta property=\"og:title\" content=\"Quase 2 mil km de estradas vicinais j\u00e1 foram recuperados em Petrolina - Blog do Farn\u00e9sio\" \/>\n<meta property=\"og:description\" content=\"Os servi\u00e7os da Opera\u00e7\u00e3o de Patrolamento seguem proporcionando a milhares de moradores da zona rural a recupera\u00e7\u00e3o de estradas vicinais.\u00a0 A Prefeitura de Petrolina, por meio da Secretaria de Agricultura (Seagri), realiza esse trabalho constantemente ao longo do ano, no intuito de garantir maior seguran\u00e7a e trafegabilidade para o homem e a mulher do campo da Capital Sertaneja. At\u00e9 o momento, j\u00e1 foram recuperados aproximadamente 2.000 km de estradas vicinais pelas equipes da Seagri. Localidades como Salinas, Atalho, Desvio de Atalho, Carret\u00e3o, Cabaceira de Baixo, Facheiro, Cabaceira de Cima, S\u00edtio Morrim, S\u00edtio Formosa, Cacimba Velha, Horizonte, Galcinha, Castanheiros, Volta do Riacho, Barra Franca, S\u00edtio Rum\u00e3o, Primazia, Chapada do Alegre, Baixa do Bina, Baixa do Lajedo, Baixa Alegre a Simpatia, S\u00edtio&hellip;\" \/>\n<meta property=\"og:url\" content=\"https:\/\/blogdofarnesio.com.br\/?p=326106\" \/>\n<meta property=\"og:site_name\" content=\"Blog do Farn\u00e9sio\" \/>\n<meta property=\"article:publisher\" content=\"https:\/\/www.facebook.com\/BlogQuerSaberPolitica\/\" \/>\n<meta property=\"article:author\" content=\"https:\/\/www.facebook.com\/?ref=tn_tnmn\" \/>\n<meta property=\"article:published_time\" content=\"2022-10-28T13:03:04+00:00\" \/>\n<meta property=\"og:image\" content=\"https:\/\/blogdofarnesio.com.br\/wp-content\/uploads\/2021\/10\/blogqsppet-patrolamento-estradapontadaserra.jpg\" \/>\n\t<meta property=\"og:image:width\" content=\"450\" \/>\n\t<meta property=\"og:image:height\" content=\"333\" \/>\n\t<meta property=\"og:image:type\" content=\"image\/jpeg\" \/>\n<meta name=\"author\" content=\"Farn\u00e9sio\" \/>\n<meta name=\"twitter:card\" content=\"summary_large_image\" \/>\n<meta name=\"twitter:label1\" content=\"Escrito por\" \/>\n\t<meta name=\"twitter:data1\" content=\"Farn\u00e9sio\" \/>\n\t<meta name=\"twitter:label2\" content=\"Est. tempo de leitura\" \/>\n\t<meta name=\"twitter:data2\" content=\"2 minutos\" \/>\n<script type=\"application\/ld+json\" class=\"yoast-schema-graph\">{\"@context\":\"https:\\\/\\\/schema.org\",\"@graph\":[{\"@type\":\"Article\",\"@id\":\"https:\\\/\\\/blogdofarnesio.com.br\\\/?p=326106#article\",\"isPartOf\":{\"@id\":\"https:\\\/\\\/blogdofarnesio.com.br\\\/?p=326106\"},\"author\":{\"name\":\"Farn\u00e9sio\",\"@id\":\"https:\\\/\\\/blogdofarnesio.com.br\\\/#\\\/schema\\\/person\\\/bb9b23ae3ad0609ce8df7b6c9e76824d\"},\"headline\":\"Quase 2 mil km de estradas vicinais j\u00e1 foram recuperados em Petrolina\",\"datePublished\":\"2022-10-28T13:03:04+00:00\",\"mainEntityOfPage\":{\"@id\":\"https:\\\/\\\/blogdofarnesio.com.br\\\/?p=326106\"},\"wordCount\":337,\"commentCount\":0,\"publisher\":{\"@id\":\"https:\\\/\\\/blogdofarnesio.com.br\\\/#organization\"},\"image\":{\"@id\":\"https:\\\/\\\/blogdofarnesio.com.br\\\/?p=326106#primaryimage\"},\"thumbnailUrl\":\"https:\\\/\\\/blogdofarnesio.com.br\\\/wp-content\\\/uploads\\\/2021\\\/10\\\/blogqsppet-patrolamento-estradapontadaserra.jpg\",\"articleSection\":[\"Estradas\"],\"inLanguage\":\"pt-BR\",\"potentialAction\":[{\"@type\":\"CommentAction\",\"name\":\"Comment\",\"target\":[\"https:\\\/\\\/blogdofarnesio.com.br\\\/?p=326106#respond\"]}]},{\"@type\":\"WebPage\",\"@id\":\"https:\\\/\\\/blogdofarnesio.com.br\\\/?p=326106\",\"url\":\"https:\\\/\\\/blogdofarnesio.com.br\\\/?p=326106\",\"name\":\"Quase 2 mil km de estradas vicinais j\u00e1 foram recuperados em Petrolina - Blog do Farn\u00e9sio\",\"isPartOf\":{\"@id\":\"https:\\\/\\\/blogdofarnesio.com.br\\\/#website\"},\"primaryImageOfPage\":{\"@id\":\"https:\\\/\\\/blogdofarnesio.com.br\\\/?p=326106#primaryimage\"},\"image\":{\"@id\":\"https:\\\/\\\/blogdofarnesio.com.br\\\/?p=326106#primaryimage\"},\"thumbnailUrl\":\"https:\\\/\\\/blogdofarnesio.com.br\\\/wp-content\\\/uploads\\\/2021\\\/10\\\/blogqsppet-patrolamento-estradapontadaserra.jpg\",\"datePublished\":\"2022-10-28T13:03:04+00:00\",\"breadcrumb\":{\"@id\":\"https:\\\/\\\/blogdofarnesio.com.br\\\/?p=326106#breadcrumb\"},\"inLanguage\":\"pt-BR\",\"potentialAction\":[{\"@type\":\"ReadAction\",\"target\":[\"https:\\\/\\\/blogdofarnesio.com.br\\\/?p=326106\"]}]},{\"@type\":\"ImageObject\",\"inLanguage\":\"pt-BR\",\"@id\":\"https:\\\/\\\/blogdofarnesio.com.br\\\/?p=326106#primaryimage\",\"url\":\"https:\\\/\\\/blogdofarnesio.com.br\\\/wp-content\\\/uploads\\\/2021\\\/10\\\/blogqsppet-patrolamento-estradapontadaserra.jpg\",\"contentUrl\":\"https:\\\/\\\/blogdofarnesio.com.br\\\/wp-content\\\/uploads\\\/2021\\\/10\\\/blogqsppet-patrolamento-estradapontadaserra.jpg\",\"width\":450,\"height\":333},{\"@type\":\"BreadcrumbList\",\"@id\":\"https:\\\/\\\/blogdofarnesio.com.br\\\/?p=326106#breadcrumb\",\"itemListElement\":[{\"@type\":\"ListItem\",\"position\":1,\"name\":\"In\u00edcio\",\"item\":\"https:\\\/\\\/blogdofarnesio.com.br\\\/\"},{\"@type\":\"ListItem\",\"position\":2,\"name\":\"Quase 2 mil km de estradas vicinais j\u00e1 foram recuperados em Petrolina\"}]},{\"@type\":\"WebSite\",\"@id\":\"https:\\\/\\\/blogdofarnesio.com.br\\\/#website\",\"url\":\"https:\\\/\\\/blogdofarnesio.com.br\\\/\",\"name\":\"Blog do Farn\u00e9sio\",\"description\":\"Quer Saber Pol\u00edtica?\",\"publisher\":{\"@id\":\"https:\\\/\\\/blogdofarnesio.com.br\\\/#organization\"},\"potentialAction\":[{\"@type\":\"SearchAction\",\"target\":{\"@type\":\"EntryPoint\",\"urlTemplate\":\"https:\\\/\\\/blogdofarnesio.com.br\\\/?s={search_term_string}\"},\"query-input\":{\"@type\":\"PropertyValueSpecification\",\"valueRequired\":true,\"valueName\":\"search_term_string\"}}],\"inLanguage\":\"pt-BR\"},{\"@type\":\"Organization\",\"@id\":\"https:\\\/\\\/blogdofarnesio.com.br\\\/#organization\",\"name\":\"Blog do Farn\u00e9sio\",\"url\":\"https:\\\/\\\/blogdofarnesio.com.br\\\/\",\"logo\":{\"@type\":\"ImageObject\",\"inLanguage\":\"pt-BR\",\"@id\":\"https:\\\/\\\/blogdofarnesio.com.br\\\/#\\\/schema\\\/logo\\\/image\\\/\",\"url\":\"https:\\\/\\\/blogdofarnesio.com.br\\\/wp-content\\\/uploads\\\/2026\\\/03\\\/cropped-logo_new-1.png\",\"contentUrl\":\"https:\\\/\\\/blogdofarnesio.com.br\\\/wp-content\\\/uploads\\\/2026\\\/03\\\/cropped-logo_new-1.png\",\"width\":881,\"height\":685,\"caption\":\"Blog do Farn\u00e9sio\"},\"image\":{\"@id\":\"https:\\\/\\\/blogdofarnesio.com.br\\\/#\\\/schema\\\/logo\\\/image\\\/\"},\"sameAs\":[\"https:\\\/\\\/www.facebook.com\\\/BlogQuerSaberPolitica\\\/\"]},{\"@type\":\"Person\",\"@id\":\"https:\\\/\\\/blogdofarnesio.com.br\\\/#\\\/schema\\\/person\\\/bb9b23ae3ad0609ce8df7b6c9e76824d\",\"name\":\"Farn\u00e9sio\",\"image\":{\"@type\":\"ImageObject\",\"inLanguage\":\"pt-BR\",\"@id\":\"https:\\\/\\\/secure.gravatar.com\\\/avatar\\\/986aa4c61ccdb66f8555bf88fc2a65609d00bcabd4d2d94377a727547345cbca?s=96&d=mm&r=g\",\"url\":\"https:\\\/\\\/secure.gravatar.com\\\/avatar\\\/986aa4c61ccdb66f8555bf88fc2a65609d00bcabd4d2d94377a727547345cbca?s=96&d=mm&r=g\",\"contentUrl\":\"https:\\\/\\\/secure.gravatar.com\\\/avatar\\\/986aa4c61ccdb66f8555bf88fc2a65609d00bcabd4d2d94377a727547345cbca?s=96&d=mm&r=g\",\"caption\":\"Farn\u00e9sio\"},\"description\":\"Radialista blogueiro, chegou a Petrolina\\\/Juazeiro em setembro de 1980, Farn\u00e9sio Silva \u00e9 de Arapiraca-Alagoas.\",\"sameAs\":[\"http:\\\/\\\/blogdofarnesio.com.br\",\"https:\\\/\\\/www.facebook.com\\\/?ref=tn_tnmn\",\"https:\\\/\\\/www.instagram.com\\\/?utm_source=pwa_homescreen\",\"https:\\\/\\\/youtube.com.br\\\/\"],\"url\":\"https:\\\/\\\/blogdofarnesio.com.br\\\/?author=2\"}]}<\/script>\n<!-- \/ Yoast SEO plugin. -->","yoast_head_json":{"title":"Quase 2 mil km de estradas vicinais j\u00e1 foram recuperados em Petrolina - Blog do Farn\u00e9sio","robots":{"index":"index","follow":"follow","max-snippet":"max-snippet:-1","max-image-preview":"max-image-preview:large","max-video-preview":"max-video-preview:-1"},"canonical":"https:\/\/blogdofarnesio.com.br\/?p=326106","og_locale":"pt_BR","og_type":"article","og_title":"Quase 2 mil km de estradas vicinais j\u00e1 foram recuperados em Petrolina - Blog do Farn\u00e9sio","og_description":"Os servi\u00e7os da Opera\u00e7\u00e3o de Patrolamento seguem proporcionando a milhares de moradores da zona rural a recupera\u00e7\u00e3o de estradas vicinais.\u00a0 A Prefeitura de Petrolina, por meio da Secretaria de Agricultura (Seagri), realiza esse trabalho constantemente ao longo do ano, no intuito de garantir maior seguran\u00e7a e trafegabilidade para o homem e a mulher do campo da Capital Sertaneja. At\u00e9 o momento, j\u00e1 foram recuperados aproximadamente 2.000 km de estradas vicinais pelas equipes da Seagri. Localidades como Salinas, Atalho, Desvio de Atalho, Carret\u00e3o, Cabaceira de Baixo, Facheiro, Cabaceira de Cima, S\u00edtio Morrim, S\u00edtio Formosa, Cacimba Velha, Horizonte, Galcinha, Castanheiros, Volta do Riacho, Barra Franca, S\u00edtio Rum\u00e3o, Primazia, Chapada do Alegre, Baixa do Bina, Baixa do Lajedo, Baixa Alegre a Simpatia, S\u00edtio&hellip;","og_url":"https:\/\/blogdofarnesio.com.br\/?p=326106","og_site_name":"Blog do Farn\u00e9sio","article_publisher":"https:\/\/www.facebook.com\/BlogQuerSaberPolitica\/","article_author":"https:\/\/www.facebook.com\/?ref=tn_tnmn","article_published_time":"2022-10-28T13:03:04+00:00","og_image":[{"width":450,"height":333,"url":"https:\/\/blogdofarnesio.com.br\/wp-content\/uploads\/2021\/10\/blogqsppet-patrolamento-estradapontadaserra.jpg","type":"image\/jpeg"}],"author":"Farn\u00e9sio","twitter_card":"summary_large_image","twitter_misc":{"Escrito por":"Farn\u00e9sio","Est. tempo de leitura":"2 minutos"},"schema":{"@context":"https:\/\/schema.org","@graph":[{"@type":"Article","@id":"https:\/\/blogdofarnesio.com.br\/?p=326106#article","isPartOf":{"@id":"https:\/\/blogdofarnesio.com.br\/?p=326106"},"author":{"name":"Farn\u00e9sio","@id":"https:\/\/blogdofarnesio.com.br\/#\/schema\/person\/bb9b23ae3ad0609ce8df7b6c9e76824d"},"headline":"Quase 2 mil km de estradas vicinais j\u00e1 foram recuperados em Petrolina","datePublished":"2022-10-28T13:03:04+00:00","mainEntityOfPage":{"@id":"https:\/\/blogdofarnesio.com.br\/?p=326106"},"wordCount":337,"commentCount":0,"publisher":{"@id":"https:\/\/blogdofarnesio.com.br\/#organization"},"image":{"@id":"https:\/\/blogdofarnesio.com.br\/?p=326106#primaryimage"},"thumbnailUrl":"https:\/\/blogdofarnesio.com.br\/wp-content\/uploads\/2021\/10\/blogqsppet-patrolamento-estradapontadaserra.jpg","articleSection":["Estradas"],"inLanguage":"pt-BR","potentialAction":[{"@type":"CommentAction","name":"Comment","target":["https:\/\/blogdofarnesio.com.br\/?p=326106#respond"]}]},{"@type":"WebPage","@id":"https:\/\/blogdofarnesio.com.br\/?p=326106","url":"https:\/\/blogdofarnesio.com.br\/?p=326106","name":"Quase 2 mil km de estradas vicinais j\u00e1 foram recuperados em Petrolina - Blog do Farn\u00e9sio","isPartOf":{"@id":"https:\/\/blogdofarnesio.com.br\/#website"},"primaryImageOfPage":{"@id":"https:\/\/blogdofarnesio.com.br\/?p=326106#primaryimage"},"image":{"@id":"https:\/\/blogdofarnesio.com.br\/?p=326106#primaryimage"},"thumbnailUrl":"https:\/\/blogdofarnesio.com.br\/wp-content\/uploads\/2021\/10\/blogqsppet-patrolamento-estradapontadaserra.jpg","datePublished":"2022-10-28T13:03:04+00:00","breadcrumb":{"@id":"https:\/\/blogdofarnesio.com.br\/?p=326106#breadcrumb"},"inLanguage":"pt-BR","potentialAction":[{"@type":"ReadAction","target":["https:\/\/blogdofarnesio.com.br\/?p=326106"]}]},{"@type":"ImageObject","inLanguage":"pt-BR","@id":"https:\/\/blogdofarnesio.com.br\/?p=326106#primaryimage","url":"https:\/\/blogdofarnesio.com.br\/wp-content\/uploads\/2021\/10\/blogqsppet-patrolamento-estradapontadaserra.jpg","contentUrl":"https:\/\/blogdofarnesio.com.br\/wp-content\/uploads\/2021\/10\/blogqsppet-patrolamento-estradapontadaserra.jpg","width":450,"height":333},{"@type":"BreadcrumbList","@id":"https:\/\/blogdofarnesio.com.br\/?p=326106#breadcrumb","itemListElement":[{"@type":"ListItem","position":1,"name":"In\u00edcio","item":"https:\/\/blogdofarnesio.com.br\/"},{"@type":"ListItem","position":2,"name":"Quase 2 mil km de estradas vicinais j\u00e1 foram recuperados em Petrolina"}]},{"@type":"WebSite","@id":"https:\/\/blogdofarnesio.com.br\/#website","url":"https:\/\/blogdofarnesio.com.br\/","name":"Blog do Farn\u00e9sio","description":"Quer Saber Pol\u00edtica?","publisher":{"@id":"https:\/\/blogdofarnesio.com.br\/#organization"},"potentialAction":[{"@type":"SearchAction","target":{"@type":"EntryPoint","urlTemplate":"https:\/\/blogdofarnesio.com.br\/?s={search_term_string}"},"query-input":{"@type":"PropertyValueSpecification","valueRequired":true,"valueName":"search_term_string"}}],"inLanguage":"pt-BR"},{"@type":"Organization","@id":"https:\/\/blogdofarnesio.com.br\/#organization","name":"Blog do Farn\u00e9sio","url":"https:\/\/blogdofarnesio.com.br\/","logo":{"@type":"ImageObject","inLanguage":"pt-BR","@id":"https:\/\/blogdofarnesio.com.br\/#\/schema\/logo\/image\/","url":"https:\/\/blogdofarnesio.com.br\/wp-content\/uploads\/2026\/03\/cropped-logo_new-1.png","contentUrl":"https:\/\/blogdofarnesio.com.br\/wp-content\/uploads\/2026\/03\/cropped-logo_new-1.png","width":881,"height":685,"caption":"Blog do Farn\u00e9sio"},"image":{"@id":"https:\/\/blogdofarnesio.com.br\/#\/schema\/logo\/image\/"},"sameAs":["https:\/\/www.facebook.com\/BlogQuerSaberPolitica\/"]},{"@type":"Person","@id":"https:\/\/blogdofarnesio.com.br\/#\/schema\/person\/bb9b23ae3ad0609ce8df7b6c9e76824d","name":"Farn\u00e9sio","image":{"@type":"ImageObject","inLanguage":"pt-BR","@id":"https:\/\/secure.gravatar.com\/avatar\/986aa4c61ccdb66f8555bf88fc2a65609d00bcabd4d2d94377a727547345cbca?s=96&d=mm&r=g","url":"https:\/\/secure.gravatar.com\/avatar\/986aa4c61ccdb66f8555bf88fc2a65609d00bcabd4d2d94377a727547345cbca?s=96&d=mm&r=g","contentUrl":"https:\/\/secure.gravatar.com\/avatar\/986aa4c61ccdb66f8555bf88fc2a65609d00bcabd4d2d94377a727547345cbca?s=96&d=mm&r=g","caption":"Farn\u00e9sio"},"description":"Radialista blogueiro, chegou a Petrolina\/Juazeiro em setembro de 1980, Farn\u00e9sio Silva \u00e9 de Arapiraca-Alagoas.","sameAs":["http:\/\/blogdofarnesio.com.br","https:\/\/www.facebook.com\/?ref=tn_tnmn","https:\/\/www.instagram.com\/?utm_source=pwa_homescreen","https:\/\/youtube.com.br\/"],"url":"https:\/\/blogdofarnesio.com.br\/?author=2"}]}},"_links":{"self":[{"href":"https:\/\/blogdofarnesio.com.br\/index.php?rest_route=\/wp\/v2\/posts\/326106","targetHints":{"allow":["GET"]}}],"collection":[{"href":"https:\/\/blogdofarnesio.com.br\/index.php?rest_route=\/wp\/v2\/posts"}],"about":[{"href":"https:\/\/blogdofarnesio.com.br\/index.php?rest_route=\/wp\/v2\/types\/post"}],"author":[{"embeddable":true,"href":"https:\/\/blogdofarnesio.com.br\/index.php?rest_route=\/wp\/v2\/users\/2"}],"replies":[{"embeddable":true,"href":"https:\/\/blogdofarnesio.com.br\/index.php?rest_route=%2Fwp%2Fv2%2Fcomments&post=326106"}],"version-history":[{"count":0,"href":"https:\/\/blogdofarnesio.com.br\/index.php?rest_route=\/wp\/v2\/posts\/326106\/revisions"}],"wp:featuredmedia":[{"embeddable":true,"href":"https:\/\/blogdofarnesio.com.br\/index.php?rest_route=\/wp\/v2\/media\/297731"}],"wp:attachment":[{"href":"https:\/\/blogdofarnesio.com.br\/index.php?rest_route=%2Fwp%2Fv2%2Fmedia&parent=326106"}],"wp:term":[{"taxonomy":"category","embeddable":true,"href":"https:\/\/blogdofarnesio.com.br\/index.php?rest_route=%2Fwp%2Fv2%2Fcategories&post=326106"},{"taxonomy":"post_tag","embeddable":true,"href":"https:\/\/blogdofarnesio.com.br\/index.php?rest_route=%2Fwp%2Fv2%2Ftags&post=326106"}],"curies":[{"name":"wp","href":"https:\/\/api.w.org\/{rel}","templated":true}]}}