{"id":325641,"date":"2022-10-24T14:21:12","date_gmt":"2022-10-24T17:21:12","guid":{"rendered":"https:\/\/blogdofarnesio.com.br\/?p=325641"},"modified":"2022-10-24T09:14:36","modified_gmt":"2022-10-24T12:14:36","slug":"vacinacao-antirrabica-comeca-segunda-feira-em-petrolina","status":"publish","type":"post","link":"https:\/\/blogdofarnesio.com.br\/2022\/10\/vacinacao-antirrabica-comeca-segunda-feira-em-petrolina\/","title":{"rendered":"vacina\u00e7\u00e3o antirr\u00e1bica come\u00e7ou nesta segunda-feira em Petrolina"},"content":{"rendered":"<p style=\"font-weight: 400;\">Nesta segunda-feira (24), ter\u00e1 in\u00edcio a campanha de vacina\u00e7\u00e3o antirr\u00e1bica, a primeira comunidade a receber a a\u00e7\u00e3o ser\u00e1 o distrito de Izacol\u00e2ndia.\u00a0 A campanha ocorre em conson\u00e2ncia com a recomenda\u00e7\u00e3o do Governo do Estado. O objetivo \u00e9 imunizar todos os c\u00e3es e gatos que habitam no interior do munic\u00edpio. Inicialmente, o atendimento vai ser no interior da cidade, por isso o Centro de Controle de Zoonoses (CCZ) solicita aos respons\u00e1veis pelos animais que, a partir das 14h, aguardem os Agentes de Combates as Endemias que passar\u00e3o de porta a porta nas localidades.<\/p>\n<p style=\"font-weight: 400;\">Dentre as doen\u00e7as infecciosas de origem viral, a raiva \u00e9 a \u00fanica, em rela\u00e7\u00e3o a seu alcance e ao n\u00famero de v\u00edtimas, que pode gerar uma encefalite aguda capaz de levar as v\u00edtimas a morte em praticamente 100% dos casos. A doen\u00e7a acomete todas esp\u00e9cies de mam\u00edferos, inclusive os seres humanos.<\/p>\n<p style=\"font-weight: 400;\">De acordo com o Coordenador do Centro de Controle de Zoonoses, Kahel Neves, a vacina \u00e9 de fundamental import\u00e2ncia. \u201cA vacina\u00e7\u00e3o ainda \u00e9 a melhor forma de prevenir a doen\u00e7a que leva o animal a morte em grande parte dos casos, al\u00e9m de ser uma zoonose transmiss\u00edvel ao ser humano. Os cuidados para combater essa doen\u00e7a devem ser redobrados\u201d, explicou.<\/p>\n<p style=\"font-weight: 400;\"><strong>\u00a0<\/strong><\/p>\n<p style=\"font-weight: 400;\"><strong>Segue cronograma de vacina\u00e7\u00e3o:<\/strong><\/p>\n<p style=\"font-weight: 400;\">24\/10 Izacol\u00e2ndia<\/p>\n<p style=\"font-weight: 400;\">25\/10 Izacol\u00e2ndia<\/p>\n<p style=\"font-weight: 400;\">26\/10 Izacol\u00e2ndia<\/p>\n<p style=\"font-weight: 400;\">27\/10 Assentamento J.Ramos<\/p>\n<p style=\"font-weight: 400;\">27\/10 Assentamento A.Areia<\/p>\n<p style=\"font-weight: 400;\">27\/10 Assentamento\u00a0 S\u00e3o Francisco<\/p>\n<p style=\"font-weight: 400;\">31\/10 Nova Descoberta<\/p>\n<p style=\"font-weight: 400;\">01\/11 Nova Descoberta<\/p>\n<p style=\"font-weight: 400;\">01\/11 Assentamento M.Lavour<\/p>\n<p style=\"font-weight: 400;\">03\/11 PISNC N 11<\/p>\n<p style=\"font-weight: 400;\">03\/11 PISNC N 12<\/p>\n<p style=\"font-weight: 400;\">04\/11 PISNC N 10<\/p>\n<p style=\"font-weight: 400;\">07\/11 PISNC N 10<\/p>\n<p style=\"font-weight: 400;\">08\/11 PISNC N 09 Vila Velha<\/p>\n<p style=\"font-weight: 400;\">09\/11 PISNC N 09 Vila Nova<\/p>\n<p style=\"font-weight: 400;\">10\/11 PISNC N 08 Vila Velha<\/p>\n<p style=\"font-weight: 400;\">11\/11 PISNC N 08 Vila Nova<\/p>\n<p style=\"font-weight: 400;\">14\/11 PISNC N 07 Vila Nova<\/p>\n<p style=\"font-weight: 400;\">16\/11 PISNC N 07 Vila Velha<\/p>\n<p style=\"font-weight: 400;\">17\/11 PISNC N 06 Vila Velha<\/p>\n<p style=\"font-weight: 400;\">18\/11 PISNC N 06 Vila Nova<\/p>\n<p style=\"font-weight: 400;\">21\/11 PISNC N 05 Vila Velha<\/p>\n<p style=\"font-weight: 400;\">22\/11 PISNC N 05 Vila Nova<\/p>\n<p style=\"font-weight: 400;\">23\/11 PISNC N 04 Vila Velha<\/p>\n<p style=\"font-weight: 400;\">24\/11 PISNC N 04 Vila Nova<\/p>\n<p style=\"font-weight: 400;\">25\/11 PISNC N 03<\/p>\n<p style=\"font-weight: 400;\">28\/11 PISNC N 02<\/p>\n<p style=\"font-weight: 400;\">29\/11 PISNC N 01<\/p>\n<p style=\"font-weight: 400;\">30\/11 PISNC C 03<\/p>\n<p style=\"font-weight: 400;\">30\/11 PISNC C 02<\/p>\n<p style=\"font-weight: 400;\">30\/11 PISNC C 01<\/p>\n<p style=\"font-weight: 400;\">_______<\/p>\n<p style=\"font-weight: 400;\">Texto: D\u00e9bora Sousa \u2013 Assessora de Comunica\u00e7\u00e3o<\/p>\n","protected":false},"excerpt":{"rendered":"<p>Nesta segunda-feira (24), ter\u00e1 in\u00edcio a campanha de vacina\u00e7\u00e3o antirr\u00e1bica, a primeira comunidade a receber a a\u00e7\u00e3o ser\u00e1 o distrito de Izacol\u00e2ndia.\u00a0 A campanha ocorre em conson\u00e2ncia com a recomenda\u00e7\u00e3o do Governo do Estado. O objetivo \u00e9 imunizar todos os c\u00e3es e gatos que habitam no interior do munic\u00edpio. Inicialmente, o atendimento vai ser no interior da cidade, por isso o Centro de Controle de Zoonoses (CCZ) solicita aos respons\u00e1veis pelos animais que, a partir das 14h, aguardem os Agentes de Combates as Endemias que passar\u00e3o de porta a porta nas localidades. Dentre as doen\u00e7as infecciosas de origem viral, a raiva \u00e9 a \u00fanica, em rela\u00e7\u00e3o a seu alcance e ao n\u00famero de v\u00edtimas, que pode gerar uma encefalite aguda&hellip; <\/p>\n","protected":false},"author":2,"featured_media":273414,"comment_status":"open","ping_status":"open","sticky":false,"template":"","format":"standard","meta":{"_acf_changed":false,"footnotes":""},"categories":[4],"tags":[],"class_list":["post-325641","post","type-post","status-publish","format-standard","has-post-thumbnail","hentry","category-saude"],"acf":[],"yoast_head":"<!-- This site is optimized with the Yoast SEO plugin v27.5 - https:\/\/yoast.com\/product\/yoast-seo-wordpress\/ -->\n<title>vacina\u00e7\u00e3o antirr\u00e1bica come\u00e7ou nesta segunda-feira em Petrolina - Blog do Farn\u00e9sio<\/title>\n<meta name=\"robots\" content=\"index, follow, max-snippet:-1, max-image-preview:large, max-video-preview:-1\" \/>\n<link rel=\"canonical\" href=\"https:\/\/blogdofarnesio.com.br\/2022\/10\/vacinacao-antirrabica-comeca-segunda-feira-em-petrolina\/\" \/>\n<meta property=\"og:locale\" content=\"pt_BR\" \/>\n<meta property=\"og:type\" content=\"article\" \/>\n<meta property=\"og:title\" content=\"vacina\u00e7\u00e3o antirr\u00e1bica come\u00e7ou nesta segunda-feira em Petrolina - Blog do Farn\u00e9sio\" \/>\n<meta property=\"og:description\" content=\"Nesta segunda-feira (24), ter\u00e1 in\u00edcio a campanha de vacina\u00e7\u00e3o antirr\u00e1bica, a primeira comunidade a receber a a\u00e7\u00e3o ser\u00e1 o distrito de Izacol\u00e2ndia.\u00a0 A campanha ocorre em conson\u00e2ncia com a recomenda\u00e7\u00e3o do Governo do Estado. O objetivo \u00e9 imunizar todos os c\u00e3es e gatos que habitam no interior do munic\u00edpio. Inicialmente, o atendimento vai ser no interior da cidade, por isso o Centro de Controle de Zoonoses (CCZ) solicita aos respons\u00e1veis pelos animais que, a partir das 14h, aguardem os Agentes de Combates as Endemias que passar\u00e3o de porta a porta nas localidades. Dentre as doen\u00e7as infecciosas de origem viral, a raiva \u00e9 a \u00fanica, em rela\u00e7\u00e3o a seu alcance e ao n\u00famero de v\u00edtimas, que pode gerar uma encefalite aguda&hellip;\" \/>\n<meta property=\"og:url\" content=\"https:\/\/blogdofarnesio.com.br\/2022\/10\/vacinacao-antirrabica-comeca-segunda-feira-em-petrolina\/\" \/>\n<meta property=\"og:site_name\" content=\"Blog do Farn\u00e9sio\" \/>\n<meta property=\"article:publisher\" content=\"https:\/\/www.facebook.com\/BlogQuerSaberPolitica\/\" \/>\n<meta property=\"article:author\" content=\"https:\/\/www.facebook.com\/?ref=tn_tnmn\" \/>\n<meta property=\"article:published_time\" content=\"2022-10-24T17:21:12+00:00\" \/>\n<meta property=\"og:image\" content=\"https:\/\/blogdofarnesio.com.br\/wp-content\/uploads\/2020\/12\/blogqsppet-VACINACAO-ANTIRRABICA.jpg\" \/>\n\t<meta property=\"og:image:width\" content=\"766\" \/>\n\t<meta property=\"og:image:height\" content=\"584\" \/>\n\t<meta property=\"og:image:type\" content=\"image\/jpeg\" \/>\n<meta name=\"author\" content=\"Farn\u00e9sio\" \/>\n<meta name=\"twitter:card\" content=\"summary_large_image\" \/>\n<meta name=\"twitter:label1\" content=\"Escrito por\" \/>\n\t<meta name=\"twitter:data1\" content=\"Farn\u00e9sio\" \/>\n\t<meta name=\"twitter:label2\" content=\"Est. tempo de leitura\" \/>\n\t<meta name=\"twitter:data2\" content=\"2 minutos\" \/>\n<script type=\"application\/ld+json\" class=\"yoast-schema-graph\">{\"@context\":\"https:\\\/\\\/schema.org\",\"@graph\":[{\"@type\":\"Article\",\"@id\":\"https:\\\/\\\/blogdofarnesio.com.br\\\/2022\\\/10\\\/vacinacao-antirrabica-comeca-segunda-feira-em-petrolina\\\/#article\",\"isPartOf\":{\"@id\":\"https:\\\/\\\/blogdofarnesio.com.br\\\/2022\\\/10\\\/vacinacao-antirrabica-comeca-segunda-feira-em-petrolina\\\/\"},\"author\":{\"name\":\"Farn\u00e9sio\",\"@id\":\"https:\\\/\\\/blogdofarnesio.com.br\\\/#\\\/schema\\\/person\\\/bb9b23ae3ad0609ce8df7b6c9e76824d\"},\"headline\":\"vacina\u00e7\u00e3o antirr\u00e1bica come\u00e7ou nesta segunda-feira em Petrolina\",\"datePublished\":\"2022-10-24T17:21:12+00:00\",\"mainEntityOfPage\":{\"@id\":\"https:\\\/\\\/blogdofarnesio.com.br\\\/2022\\\/10\\\/vacinacao-antirrabica-comeca-segunda-feira-em-petrolina\\\/\"},\"wordCount\":336,\"commentCount\":0,\"publisher\":{\"@id\":\"https:\\\/\\\/blogdofarnesio.com.br\\\/#organization\"},\"image\":{\"@id\":\"https:\\\/\\\/blogdofarnesio.com.br\\\/2022\\\/10\\\/vacinacao-antirrabica-comeca-segunda-feira-em-petrolina\\\/#primaryimage\"},\"thumbnailUrl\":\"https:\\\/\\\/blogdofarnesio.com.br\\\/wp-content\\\/uploads\\\/2020\\\/12\\\/blogqsppet-VACINACAO-ANTIRRABICA.jpg\",\"articleSection\":[\"Sa\u00fade\"],\"inLanguage\":\"pt-BR\",\"potentialAction\":[{\"@type\":\"CommentAction\",\"name\":\"Comment\",\"target\":[\"https:\\\/\\\/blogdofarnesio.com.br\\\/2022\\\/10\\\/vacinacao-antirrabica-comeca-segunda-feira-em-petrolina\\\/#respond\"]}]},{\"@type\":\"WebPage\",\"@id\":\"https:\\\/\\\/blogdofarnesio.com.br\\\/2022\\\/10\\\/vacinacao-antirrabica-comeca-segunda-feira-em-petrolina\\\/\",\"url\":\"https:\\\/\\\/blogdofarnesio.com.br\\\/2022\\\/10\\\/vacinacao-antirrabica-comeca-segunda-feira-em-petrolina\\\/\",\"name\":\"vacina\u00e7\u00e3o antirr\u00e1bica come\u00e7ou nesta segunda-feira em Petrolina - Blog do Farn\u00e9sio\",\"isPartOf\":{\"@id\":\"https:\\\/\\\/blogdofarnesio.com.br\\\/#website\"},\"primaryImageOfPage\":{\"@id\":\"https:\\\/\\\/blogdofarnesio.com.br\\\/2022\\\/10\\\/vacinacao-antirrabica-comeca-segunda-feira-em-petrolina\\\/#primaryimage\"},\"image\":{\"@id\":\"https:\\\/\\\/blogdofarnesio.com.br\\\/2022\\\/10\\\/vacinacao-antirrabica-comeca-segunda-feira-em-petrolina\\\/#primaryimage\"},\"thumbnailUrl\":\"https:\\\/\\\/blogdofarnesio.com.br\\\/wp-content\\\/uploads\\\/2020\\\/12\\\/blogqsppet-VACINACAO-ANTIRRABICA.jpg\",\"datePublished\":\"2022-10-24T17:21:12+00:00\",\"breadcrumb\":{\"@id\":\"https:\\\/\\\/blogdofarnesio.com.br\\\/2022\\\/10\\\/vacinacao-antirrabica-comeca-segunda-feira-em-petrolina\\\/#breadcrumb\"},\"inLanguage\":\"pt-BR\",\"potentialAction\":[{\"@type\":\"ReadAction\",\"target\":[\"https:\\\/\\\/blogdofarnesio.com.br\\\/2022\\\/10\\\/vacinacao-antirrabica-comeca-segunda-feira-em-petrolina\\\/\"]}]},{\"@type\":\"ImageObject\",\"inLanguage\":\"pt-BR\",\"@id\":\"https:\\\/\\\/blogdofarnesio.com.br\\\/2022\\\/10\\\/vacinacao-antirrabica-comeca-segunda-feira-em-petrolina\\\/#primaryimage\",\"url\":\"https:\\\/\\\/blogdofarnesio.com.br\\\/wp-content\\\/uploads\\\/2020\\\/12\\\/blogqsppet-VACINACAO-ANTIRRABICA.jpg\",\"contentUrl\":\"https:\\\/\\\/blogdofarnesio.com.br\\\/wp-content\\\/uploads\\\/2020\\\/12\\\/blogqsppet-VACINACAO-ANTIRRABICA.jpg\",\"width\":766,\"height\":584},{\"@type\":\"BreadcrumbList\",\"@id\":\"https:\\\/\\\/blogdofarnesio.com.br\\\/2022\\\/10\\\/vacinacao-antirrabica-comeca-segunda-feira-em-petrolina\\\/#breadcrumb\",\"itemListElement\":[{\"@type\":\"ListItem\",\"position\":1,\"name\":\"In\u00edcio\",\"item\":\"https:\\\/\\\/blogdofarnesio.com.br\\\/\"},{\"@type\":\"ListItem\",\"position\":2,\"name\":\"vacina\u00e7\u00e3o antirr\u00e1bica come\u00e7ou nesta segunda-feira em Petrolina\"}]},{\"@type\":\"WebSite\",\"@id\":\"https:\\\/\\\/blogdofarnesio.com.br\\\/#website\",\"url\":\"https:\\\/\\\/blogdofarnesio.com.br\\\/\",\"name\":\"Blog do Farn\u00e9sio\",\"description\":\"Quer Saber Pol\u00edtica?\",\"publisher\":{\"@id\":\"https:\\\/\\\/blogdofarnesio.com.br\\\/#organization\"},\"potentialAction\":[{\"@type\":\"SearchAction\",\"target\":{\"@type\":\"EntryPoint\",\"urlTemplate\":\"https:\\\/\\\/blogdofarnesio.com.br\\\/?s={search_term_string}\"},\"query-input\":{\"@type\":\"PropertyValueSpecification\",\"valueRequired\":true,\"valueName\":\"search_term_string\"}}],\"inLanguage\":\"pt-BR\"},{\"@type\":\"Organization\",\"@id\":\"https:\\\/\\\/blogdofarnesio.com.br\\\/#organization\",\"name\":\"Blog do Farn\u00e9sio\",\"url\":\"https:\\\/\\\/blogdofarnesio.com.br\\\/\",\"logo\":{\"@type\":\"ImageObject\",\"inLanguage\":\"pt-BR\",\"@id\":\"https:\\\/\\\/blogdofarnesio.com.br\\\/#\\\/schema\\\/logo\\\/image\\\/\",\"url\":\"https:\\\/\\\/blogdofarnesio.com.br\\\/wp-content\\\/uploads\\\/2026\\\/03\\\/cropped-logo_new-1.png\",\"contentUrl\":\"https:\\\/\\\/blogdofarnesio.com.br\\\/wp-content\\\/uploads\\\/2026\\\/03\\\/cropped-logo_new-1.png\",\"width\":881,\"height\":685,\"caption\":\"Blog do Farn\u00e9sio\"},\"image\":{\"@id\":\"https:\\\/\\\/blogdofarnesio.com.br\\\/#\\\/schema\\\/logo\\\/image\\\/\"},\"sameAs\":[\"https:\\\/\\\/www.facebook.com\\\/BlogQuerSaberPolitica\\\/\"]},{\"@type\":\"Person\",\"@id\":\"https:\\\/\\\/blogdofarnesio.com.br\\\/#\\\/schema\\\/person\\\/bb9b23ae3ad0609ce8df7b6c9e76824d\",\"name\":\"Farn\u00e9sio\",\"image\":{\"@type\":\"ImageObject\",\"inLanguage\":\"pt-BR\",\"@id\":\"https:\\\/\\\/secure.gravatar.com\\\/avatar\\\/986aa4c61ccdb66f8555bf88fc2a65609d00bcabd4d2d94377a727547345cbca?s=96&d=mm&r=g\",\"url\":\"https:\\\/\\\/secure.gravatar.com\\\/avatar\\\/986aa4c61ccdb66f8555bf88fc2a65609d00bcabd4d2d94377a727547345cbca?s=96&d=mm&r=g\",\"contentUrl\":\"https:\\\/\\\/secure.gravatar.com\\\/avatar\\\/986aa4c61ccdb66f8555bf88fc2a65609d00bcabd4d2d94377a727547345cbca?s=96&d=mm&r=g\",\"caption\":\"Farn\u00e9sio\"},\"description\":\"Radialista blogueiro, chegou a Petrolina\\\/Juazeiro em setembro de 1980, Farn\u00e9sio Silva \u00e9 de Arapiraca-Alagoas.\",\"sameAs\":[\"http:\\\/\\\/blogdofarnesio.com.br\",\"https:\\\/\\\/www.facebook.com\\\/?ref=tn_tnmn\",\"https:\\\/\\\/www.instagram.com\\\/?utm_source=pwa_homescreen\",\"https:\\\/\\\/youtube.com.br\\\/\"],\"url\":\"https:\\\/\\\/blogdofarnesio.com.br\\\/author\\\/farnesio-2\\\/\"}]}<\/script>\n<!-- \/ Yoast SEO plugin. -->","yoast_head_json":{"title":"vacina\u00e7\u00e3o antirr\u00e1bica come\u00e7ou nesta segunda-feira em Petrolina - Blog do Farn\u00e9sio","robots":{"index":"index","follow":"follow","max-snippet":"max-snippet:-1","max-image-preview":"max-image-preview:large","max-video-preview":"max-video-preview:-1"},"canonical":"https:\/\/blogdofarnesio.com.br\/2022\/10\/vacinacao-antirrabica-comeca-segunda-feira-em-petrolina\/","og_locale":"pt_BR","og_type":"article","og_title":"vacina\u00e7\u00e3o antirr\u00e1bica come\u00e7ou nesta segunda-feira em Petrolina - Blog do Farn\u00e9sio","og_description":"Nesta segunda-feira (24), ter\u00e1 in\u00edcio a campanha de vacina\u00e7\u00e3o antirr\u00e1bica, a primeira comunidade a receber a a\u00e7\u00e3o ser\u00e1 o distrito de Izacol\u00e2ndia.\u00a0 A campanha ocorre em conson\u00e2ncia com a recomenda\u00e7\u00e3o do Governo do Estado. O objetivo \u00e9 imunizar todos os c\u00e3es e gatos que habitam no interior do munic\u00edpio. Inicialmente, o atendimento vai ser no interior da cidade, por isso o Centro de Controle de Zoonoses (CCZ) solicita aos respons\u00e1veis pelos animais que, a partir das 14h, aguardem os Agentes de Combates as Endemias que passar\u00e3o de porta a porta nas localidades. Dentre as doen\u00e7as infecciosas de origem viral, a raiva \u00e9 a \u00fanica, em rela\u00e7\u00e3o a seu alcance e ao n\u00famero de v\u00edtimas, que pode gerar uma encefalite aguda&hellip;","og_url":"https:\/\/blogdofarnesio.com.br\/2022\/10\/vacinacao-antirrabica-comeca-segunda-feira-em-petrolina\/","og_site_name":"Blog do Farn\u00e9sio","article_publisher":"https:\/\/www.facebook.com\/BlogQuerSaberPolitica\/","article_author":"https:\/\/www.facebook.com\/?ref=tn_tnmn","article_published_time":"2022-10-24T17:21:12+00:00","og_image":[{"width":766,"height":584,"url":"https:\/\/blogdofarnesio.com.br\/wp-content\/uploads\/2020\/12\/blogqsppet-VACINACAO-ANTIRRABICA.jpg","type":"image\/jpeg"}],"author":"Farn\u00e9sio","twitter_card":"summary_large_image","twitter_misc":{"Escrito por":"Farn\u00e9sio","Est. tempo de leitura":"2 minutos"},"schema":{"@context":"https:\/\/schema.org","@graph":[{"@type":"Article","@id":"https:\/\/blogdofarnesio.com.br\/2022\/10\/vacinacao-antirrabica-comeca-segunda-feira-em-petrolina\/#article","isPartOf":{"@id":"https:\/\/blogdofarnesio.com.br\/2022\/10\/vacinacao-antirrabica-comeca-segunda-feira-em-petrolina\/"},"author":{"name":"Farn\u00e9sio","@id":"https:\/\/blogdofarnesio.com.br\/#\/schema\/person\/bb9b23ae3ad0609ce8df7b6c9e76824d"},"headline":"vacina\u00e7\u00e3o antirr\u00e1bica come\u00e7ou nesta segunda-feira em Petrolina","datePublished":"2022-10-24T17:21:12+00:00","mainEntityOfPage":{"@id":"https:\/\/blogdofarnesio.com.br\/2022\/10\/vacinacao-antirrabica-comeca-segunda-feira-em-petrolina\/"},"wordCount":336,"commentCount":0,"publisher":{"@id":"https:\/\/blogdofarnesio.com.br\/#organization"},"image":{"@id":"https:\/\/blogdofarnesio.com.br\/2022\/10\/vacinacao-antirrabica-comeca-segunda-feira-em-petrolina\/#primaryimage"},"thumbnailUrl":"https:\/\/blogdofarnesio.com.br\/wp-content\/uploads\/2020\/12\/blogqsppet-VACINACAO-ANTIRRABICA.jpg","articleSection":["Sa\u00fade"],"inLanguage":"pt-BR","potentialAction":[{"@type":"CommentAction","name":"Comment","target":["https:\/\/blogdofarnesio.com.br\/2022\/10\/vacinacao-antirrabica-comeca-segunda-feira-em-petrolina\/#respond"]}]},{"@type":"WebPage","@id":"https:\/\/blogdofarnesio.com.br\/2022\/10\/vacinacao-antirrabica-comeca-segunda-feira-em-petrolina\/","url":"https:\/\/blogdofarnesio.com.br\/2022\/10\/vacinacao-antirrabica-comeca-segunda-feira-em-petrolina\/","name":"vacina\u00e7\u00e3o antirr\u00e1bica come\u00e7ou nesta segunda-feira em Petrolina - Blog do Farn\u00e9sio","isPartOf":{"@id":"https:\/\/blogdofarnesio.com.br\/#website"},"primaryImageOfPage":{"@id":"https:\/\/blogdofarnesio.com.br\/2022\/10\/vacinacao-antirrabica-comeca-segunda-feira-em-petrolina\/#primaryimage"},"image":{"@id":"https:\/\/blogdofarnesio.com.br\/2022\/10\/vacinacao-antirrabica-comeca-segunda-feira-em-petrolina\/#primaryimage"},"thumbnailUrl":"https:\/\/blogdofarnesio.com.br\/wp-content\/uploads\/2020\/12\/blogqsppet-VACINACAO-ANTIRRABICA.jpg","datePublished":"2022-10-24T17:21:12+00:00","breadcrumb":{"@id":"https:\/\/blogdofarnesio.com.br\/2022\/10\/vacinacao-antirrabica-comeca-segunda-feira-em-petrolina\/#breadcrumb"},"inLanguage":"pt-BR","potentialAction":[{"@type":"ReadAction","target":["https:\/\/blogdofarnesio.com.br\/2022\/10\/vacinacao-antirrabica-comeca-segunda-feira-em-petrolina\/"]}]},{"@type":"ImageObject","inLanguage":"pt-BR","@id":"https:\/\/blogdofarnesio.com.br\/2022\/10\/vacinacao-antirrabica-comeca-segunda-feira-em-petrolina\/#primaryimage","url":"https:\/\/blogdofarnesio.com.br\/wp-content\/uploads\/2020\/12\/blogqsppet-VACINACAO-ANTIRRABICA.jpg","contentUrl":"https:\/\/blogdofarnesio.com.br\/wp-content\/uploads\/2020\/12\/blogqsppet-VACINACAO-ANTIRRABICA.jpg","width":766,"height":584},{"@type":"BreadcrumbList","@id":"https:\/\/blogdofarnesio.com.br\/2022\/10\/vacinacao-antirrabica-comeca-segunda-feira-em-petrolina\/#breadcrumb","itemListElement":[{"@type":"ListItem","position":1,"name":"In\u00edcio","item":"https:\/\/blogdofarnesio.com.br\/"},{"@type":"ListItem","position":2,"name":"vacina\u00e7\u00e3o antirr\u00e1bica come\u00e7ou nesta segunda-feira em Petrolina"}]},{"@type":"WebSite","@id":"https:\/\/blogdofarnesio.com.br\/#website","url":"https:\/\/blogdofarnesio.com.br\/","name":"Blog do Farn\u00e9sio","description":"Quer Saber Pol\u00edtica?","publisher":{"@id":"https:\/\/blogdofarnesio.com.br\/#organization"},"potentialAction":[{"@type":"SearchAction","target":{"@type":"EntryPoint","urlTemplate":"https:\/\/blogdofarnesio.com.br\/?s={search_term_string}"},"query-input":{"@type":"PropertyValueSpecification","valueRequired":true,"valueName":"search_term_string"}}],"inLanguage":"pt-BR"},{"@type":"Organization","@id":"https:\/\/blogdofarnesio.com.br\/#organization","name":"Blog do Farn\u00e9sio","url":"https:\/\/blogdofarnesio.com.br\/","logo":{"@type":"ImageObject","inLanguage":"pt-BR","@id":"https:\/\/blogdofarnesio.com.br\/#\/schema\/logo\/image\/","url":"https:\/\/blogdofarnesio.com.br\/wp-content\/uploads\/2026\/03\/cropped-logo_new-1.png","contentUrl":"https:\/\/blogdofarnesio.com.br\/wp-content\/uploads\/2026\/03\/cropped-logo_new-1.png","width":881,"height":685,"caption":"Blog do Farn\u00e9sio"},"image":{"@id":"https:\/\/blogdofarnesio.com.br\/#\/schema\/logo\/image\/"},"sameAs":["https:\/\/www.facebook.com\/BlogQuerSaberPolitica\/"]},{"@type":"Person","@id":"https:\/\/blogdofarnesio.com.br\/#\/schema\/person\/bb9b23ae3ad0609ce8df7b6c9e76824d","name":"Farn\u00e9sio","image":{"@type":"ImageObject","inLanguage":"pt-BR","@id":"https:\/\/secure.gravatar.com\/avatar\/986aa4c61ccdb66f8555bf88fc2a65609d00bcabd4d2d94377a727547345cbca?s=96&d=mm&r=g","url":"https:\/\/secure.gravatar.com\/avatar\/986aa4c61ccdb66f8555bf88fc2a65609d00bcabd4d2d94377a727547345cbca?s=96&d=mm&r=g","contentUrl":"https:\/\/secure.gravatar.com\/avatar\/986aa4c61ccdb66f8555bf88fc2a65609d00bcabd4d2d94377a727547345cbca?s=96&d=mm&r=g","caption":"Farn\u00e9sio"},"description":"Radialista blogueiro, chegou a Petrolina\/Juazeiro em setembro de 1980, Farn\u00e9sio Silva \u00e9 de Arapiraca-Alagoas.","sameAs":["http:\/\/blogdofarnesio.com.br","https:\/\/www.facebook.com\/?ref=tn_tnmn","https:\/\/www.instagram.com\/?utm_source=pwa_homescreen","https:\/\/youtube.com.br\/"],"url":"https:\/\/blogdofarnesio.com.br\/author\/farnesio-2\/"}]}},"_links":{"self":[{"href":"https:\/\/blogdofarnesio.com.br\/wp-json\/wp\/v2\/posts\/325641","targetHints":{"allow":["GET"]}}],"collection":[{"href":"https:\/\/blogdofarnesio.com.br\/wp-json\/wp\/v2\/posts"}],"about":[{"href":"https:\/\/blogdofarnesio.com.br\/wp-json\/wp\/v2\/types\/post"}],"author":[{"embeddable":true,"href":"https:\/\/blogdofarnesio.com.br\/wp-json\/wp\/v2\/users\/2"}],"replies":[{"embeddable":true,"href":"https:\/\/blogdofarnesio.com.br\/wp-json\/wp\/v2\/comments?post=325641"}],"version-history":[{"count":0,"href":"https:\/\/blogdofarnesio.com.br\/wp-json\/wp\/v2\/posts\/325641\/revisions"}],"wp:featuredmedia":[{"embeddable":true,"href":"https:\/\/blogdofarnesio.com.br\/wp-json\/wp\/v2\/media\/273414"}],"wp:attachment":[{"href":"https:\/\/blogdofarnesio.com.br\/wp-json\/wp\/v2\/media?parent=325641"}],"wp:term":[{"taxonomy":"category","embeddable":true,"href":"https:\/\/blogdofarnesio.com.br\/wp-json\/wp\/v2\/categories?post=325641"},{"taxonomy":"post_tag","embeddable":true,"href":"https:\/\/blogdofarnesio.com.br\/wp-json\/wp\/v2\/tags?post=325641"}],"curies":[{"name":"wp","href":"https:\/\/api.w.org\/{rel}","templated":true}]}}