{"id":325474,"date":"2022-10-20T12:04:26","date_gmt":"2022-10-20T15:04:26","guid":{"rendered":"https:\/\/blogdofarnesio.com.br\/?p=325474"},"modified":"2022-10-20T10:37:42","modified_gmt":"2022-10-20T13:37:42","slug":"policia-militar-da-bahia-divulga-produtividade-parcial-da-operacao-forca-noturna-e-operacao-duas-rodas-em-toda-regiao-norte-da-bahia","status":"publish","type":"post","link":"https:\/\/blogdofarnesio.com.br\/?p=325474","title":{"rendered":"POL\u00cdCIA MILITAR DA BAHIA DIVULGA PRODUTIVIDADE PARCIAL DA OPERA\u00c7\u00c3O \u201cFOR\u00c7A NOTURNA\u201d E OPERA\u00c7\u00c3O \u201cDUAS RODAS\u201d  EM TODA REGI\u00c3O NORTE DA BAHIA"},"content":{"rendered":"<p>A Pol\u00edcia Militar da Bahia (PMBA), atrav\u00e9s do Comando de Policiamento da Regi\u00e3o Norte (CPR-N), comandado pelo Coronel PM Valter Ara\u00fajo, deflagrou nesta semana, a partir da \u00faltima segunda-feira (17), duas opera\u00e7\u00f5es policiais militares, denominadas: *\u201cOpera\u00e7\u00e3o For\u00e7a Noturna\u201d* e *\u201dOpera\u00e7\u00e3o Duas Rodas\u201d*, a fim de intensificar o policiamento ostensivo em toda sua \u00e1rea de atua\u00e7\u00e3o, envolvendo todas as Unidades Operacionais: 6\u00ba e 20\u00ba BPM; 24\u00aa, 25\u00aa, 45\u00aa, 54\u00aa, 73\u00aa, 74\u00aa, 75\u00aa, 76\u00aa, 91\u00aa, 96\u00aa CIPM e a CIPT-N, abrangendo os cinquenta e tr\u00eas munic\u00edpios, atuando em pontos com maior \u00edndice de Crimes Violentos Letais e Intencionais (CVLI) e Crimes Violentos contra o Patrim\u00f4nio (CVP).<\/p>\n<p>A \u201dOpera\u00e7\u00e3o Duas Rodas\u201d, atua especificamente em Juazeiro, com o efetivo das Unidades Operacionais sediadas neste munic\u00edpio e o refor\u00e7o do Grupamento de Motopatrulhamento, pertencente a Companhia Independente de Policiamento T\u00e1tico (CIPT) \u2013 Norte, com objetivo de intensificar as abordagens aos motociclistas. De modo geral, as supracitadas Opera\u00e7\u00f5es t\u00eam como finalidade prevenir e reprimir a pr\u00e1tica de a\u00e7\u00f5es delituosas, com o fim de reduzir os \u00edndices dos Crimes Violentos.<\/p>\n<p>Na \u00faltima ter\u00e7a-feira (18), o Coronel PM Valter Ara\u00fajo e a Delegada Coordenadora da 17\u00aa COORPIN, Doutora L\u00edgia Nunes, reuniram-se com os Oficiais Superiores do CPR-N, Subcomandantes e Chefes das Se\u00e7\u00f5es de Planejamento Operacional das Unidades Operacionais de Juazeiro, a fim de avaliar a produtividade e tra\u00e7ar estrat\u00e9gias para d\u00e1 andamento as opera\u00e7\u00f5es.<br \/>\nO Centro de Planejamento Operacional e Decis\u00f5es Estrat\u00e9gica (CPODE), atrav\u00e9s da Se\u00e7\u00e3o de Avalia\u00e7\u00e3o, Controle e Estat\u00edstica (SACE), destacou a seguinte produtividade, atingida pela Unidades Operacionais pertencentes ao CPR-N, relativo ao per\u00edodo de 17 a 19 de outubro:<br \/>\n\u2022 Pessoas conduzidas \u00e0 DP: 07<br \/>\n\u2022 Presos em flagrantes delitos: 05<br \/>\n\u2022 TCO lavrados: 01<br \/>\n\u2022 Armas de fogo apreendidas: 02<br \/>\n\u2022 Armas brancas apreendidas: 01<br \/>\n\u2022 Ve\u00edculos recuperados: 05<br \/>\n\u2022 Ve\u00edculos 4 rodas atuados: 02<br \/>\n\u2022 Ve\u00edculos 2 rodas atuados: 06<br \/>\n\u2022 Ve\u00edculos 4 rodas apreendidos: 01<br \/>\n\u2022 Ve\u00edculos 2 rodas apreendidos: 06<br \/>\n\u2022 Media\u00e7\u00f5es de conflitos: 02<br \/>\n\u2022 Pessoas abordadas: 14.297<br \/>\n\u2022 Estabelecimento abordados: 527<br \/>\n\u2022 Pontos de \u00f4nibus abordados: 98<br \/>\n\u2022 Ve\u00edculos 4 rodas abordados: 2.516<br \/>\n\u2022 Ve\u00edculos 2 rodas abordados: 4.502<br \/>\n\u2022 Ve\u00edculos transportes coletivos abordados: 12<br \/>\n\u2022 Taxis abordados: 98<br \/>\nAs a\u00e7\u00f5es das Opera\u00e7\u00f5es \u201cFor\u00e7a Noturna\u201d e \u201cDuas Rodas\u201d continuam por tempo determinado, conforme planos de opera\u00e7\u00f5es em toda Regi\u00e3o Norte.<\/p>\n<p>PMBA, uma For\u00e7a a servi\u00e7o do cidad\u00e3o!<\/p>\n<p>Fonte: CPR-N \/ ASCOM<\/p>\n","protected":false},"excerpt":{"rendered":"<p>A Pol\u00edcia Militar da Bahia (PMBA), atrav\u00e9s do Comando de Policiamento da Regi\u00e3o Norte (CPR-N), comandado pelo Coronel PM Valter Ara\u00fajo, deflagrou nesta semana, a partir da \u00faltima segunda-feira (17), duas opera\u00e7\u00f5es policiais militares, denominadas: *\u201cOpera\u00e7\u00e3o For\u00e7a Noturna\u201d* e *\u201dOpera\u00e7\u00e3o Duas Rodas\u201d*, a fim de intensificar o policiamento ostensivo em toda sua \u00e1rea de atua\u00e7\u00e3o, envolvendo todas as Unidades Operacionais: 6\u00ba e 20\u00ba BPM; 24\u00aa, 25\u00aa, 45\u00aa, 54\u00aa, 73\u00aa, 74\u00aa, 75\u00aa, 76\u00aa, 91\u00aa, 96\u00aa CIPM e a CIPT-N, abrangendo os cinquenta e tr\u00eas munic\u00edpios, atuando em pontos com maior \u00edndice de Crimes Violentos Letais e Intencionais (CVLI) e Crimes Violentos contra o Patrim\u00f4nio (CVP). A \u201dOpera\u00e7\u00e3o Duas Rodas\u201d, atua especificamente em Juazeiro, com o efetivo das Unidades Operacionais sediadas neste&hellip; <\/p>\n","protected":false},"author":2,"featured_media":307539,"comment_status":"open","ping_status":"open","sticky":false,"template":"","format":"standard","meta":{"_acf_changed":false,"footnotes":""},"categories":[9],"tags":[],"class_list":["post-325474","post","type-post","status-publish","format-standard","has-post-thumbnail","hentry","category-policia"],"acf":[],"yoast_head":"<!-- This site is optimized with the Yoast SEO plugin v27.4 - https:\/\/yoast.com\/product\/yoast-seo-wordpress\/ -->\n<title>POL\u00cdCIA MILITAR DA BAHIA DIVULGA PRODUTIVIDADE PARCIAL DA OPERA\u00c7\u00c3O \u201cFOR\u00c7A NOTURNA\u201d E OPERA\u00c7\u00c3O \u201cDUAS RODAS\u201d EM TODA REGI\u00c3O NORTE DA BAHIA - Blog do Farn\u00e9sio<\/title>\n<meta name=\"robots\" content=\"index, follow, max-snippet:-1, max-image-preview:large, max-video-preview:-1\" \/>\n<link rel=\"canonical\" href=\"https:\/\/blogdofarnesio.com.br\/?p=325474\" \/>\n<meta property=\"og:locale\" content=\"pt_BR\" \/>\n<meta property=\"og:type\" content=\"article\" \/>\n<meta property=\"og:title\" content=\"POL\u00cdCIA MILITAR DA BAHIA DIVULGA PRODUTIVIDADE PARCIAL DA OPERA\u00c7\u00c3O \u201cFOR\u00c7A NOTURNA\u201d E OPERA\u00c7\u00c3O \u201cDUAS RODAS\u201d EM TODA REGI\u00c3O NORTE DA BAHIA - Blog do Farn\u00e9sio\" \/>\n<meta property=\"og:description\" content=\"A Pol\u00edcia Militar da Bahia (PMBA), atrav\u00e9s do Comando de Policiamento da Regi\u00e3o Norte (CPR-N), comandado pelo Coronel PM Valter Ara\u00fajo, deflagrou nesta semana, a partir da \u00faltima segunda-feira (17), duas opera\u00e7\u00f5es policiais militares, denominadas: *\u201cOpera\u00e7\u00e3o For\u00e7a Noturna\u201d* e *\u201dOpera\u00e7\u00e3o Duas Rodas\u201d*, a fim de intensificar o policiamento ostensivo em toda sua \u00e1rea de atua\u00e7\u00e3o, envolvendo todas as Unidades Operacionais: 6\u00ba e 20\u00ba BPM; 24\u00aa, 25\u00aa, 45\u00aa, 54\u00aa, 73\u00aa, 74\u00aa, 75\u00aa, 76\u00aa, 91\u00aa, 96\u00aa CIPM e a CIPT-N, abrangendo os cinquenta e tr\u00eas munic\u00edpios, atuando em pontos com maior \u00edndice de Crimes Violentos Letais e Intencionais (CVLI) e Crimes Violentos contra o Patrim\u00f4nio (CVP). A \u201dOpera\u00e7\u00e3o Duas Rodas\u201d, atua especificamente em Juazeiro, com o efetivo das Unidades Operacionais sediadas neste&hellip;\" \/>\n<meta property=\"og:url\" content=\"https:\/\/blogdofarnesio.com.br\/?p=325474\" \/>\n<meta property=\"og:site_name\" content=\"Blog do Farn\u00e9sio\" \/>\n<meta property=\"article:publisher\" content=\"https:\/\/www.facebook.com\/BlogQuerSaberPolitica\/\" \/>\n<meta property=\"article:author\" content=\"https:\/\/www.facebook.com\/?ref=tn_tnmn\" \/>\n<meta property=\"article:published_time\" content=\"2022-10-20T15:04:26+00:00\" \/>\n<meta property=\"og:image\" content=\"https:\/\/blogdofarnesio.com.br\/wp-content\/uploads\/2022\/02\/blogqsppmba-jua-2-e1646095744389.jpg\" \/>\n\t<meta property=\"og:image:width\" content=\"680\" \/>\n\t<meta property=\"og:image:height\" content=\"510\" \/>\n\t<meta property=\"og:image:type\" content=\"image\/jpeg\" \/>\n<meta name=\"author\" content=\"Farn\u00e9sio\" \/>\n<meta name=\"twitter:card\" content=\"summary_large_image\" \/>\n<meta name=\"twitter:label1\" content=\"Escrito por\" \/>\n\t<meta name=\"twitter:data1\" content=\"Farn\u00e9sio\" \/>\n\t<meta name=\"twitter:label2\" content=\"Est. tempo de leitura\" \/>\n\t<meta name=\"twitter:data2\" content=\"3 minutos\" \/>\n<script type=\"application\/ld+json\" class=\"yoast-schema-graph\">{\"@context\":\"https:\\\/\\\/schema.org\",\"@graph\":[{\"@type\":\"Article\",\"@id\":\"https:\\\/\\\/blogdofarnesio.com.br\\\/?p=325474#article\",\"isPartOf\":{\"@id\":\"https:\\\/\\\/blogdofarnesio.com.br\\\/?p=325474\"},\"author\":{\"name\":\"Farn\u00e9sio\",\"@id\":\"https:\\\/\\\/blogdofarnesio.com.br\\\/#\\\/schema\\\/person\\\/bb9b23ae3ad0609ce8df7b6c9e76824d\"},\"headline\":\"POL\u00cdCIA MILITAR DA BAHIA DIVULGA PRODUTIVIDADE PARCIAL DA OPERA\u00c7\u00c3O \u201cFOR\u00c7A NOTURNA\u201d E OPERA\u00c7\u00c3O \u201cDUAS RODAS\u201d EM TODA REGI\u00c3O NORTE DA BAHIA\",\"datePublished\":\"2022-10-20T15:04:26+00:00\",\"mainEntityOfPage\":{\"@id\":\"https:\\\/\\\/blogdofarnesio.com.br\\\/?p=325474\"},\"wordCount\":407,\"commentCount\":0,\"publisher\":{\"@id\":\"https:\\\/\\\/blogdofarnesio.com.br\\\/#organization\"},\"image\":{\"@id\":\"https:\\\/\\\/blogdofarnesio.com.br\\\/?p=325474#primaryimage\"},\"thumbnailUrl\":\"https:\\\/\\\/blogdofarnesio.com.br\\\/wp-content\\\/uploads\\\/2022\\\/02\\\/blogqsppmba-jua-2-e1646095744389.jpg\",\"articleSection\":[\"Pol\u00edcia\"],\"inLanguage\":\"pt-BR\",\"potentialAction\":[{\"@type\":\"CommentAction\",\"name\":\"Comment\",\"target\":[\"https:\\\/\\\/blogdofarnesio.com.br\\\/?p=325474#respond\"]}]},{\"@type\":\"WebPage\",\"@id\":\"https:\\\/\\\/blogdofarnesio.com.br\\\/?p=325474\",\"url\":\"https:\\\/\\\/blogdofarnesio.com.br\\\/?p=325474\",\"name\":\"POL\u00cdCIA MILITAR DA BAHIA DIVULGA PRODUTIVIDADE PARCIAL DA OPERA\u00c7\u00c3O \u201cFOR\u00c7A NOTURNA\u201d E OPERA\u00c7\u00c3O \u201cDUAS RODAS\u201d EM TODA REGI\u00c3O NORTE DA BAHIA - Blog do Farn\u00e9sio\",\"isPartOf\":{\"@id\":\"https:\\\/\\\/blogdofarnesio.com.br\\\/#website\"},\"primaryImageOfPage\":{\"@id\":\"https:\\\/\\\/blogdofarnesio.com.br\\\/?p=325474#primaryimage\"},\"image\":{\"@id\":\"https:\\\/\\\/blogdofarnesio.com.br\\\/?p=325474#primaryimage\"},\"thumbnailUrl\":\"https:\\\/\\\/blogdofarnesio.com.br\\\/wp-content\\\/uploads\\\/2022\\\/02\\\/blogqsppmba-jua-2-e1646095744389.jpg\",\"datePublished\":\"2022-10-20T15:04:26+00:00\",\"breadcrumb\":{\"@id\":\"https:\\\/\\\/blogdofarnesio.com.br\\\/?p=325474#breadcrumb\"},\"inLanguage\":\"pt-BR\",\"potentialAction\":[{\"@type\":\"ReadAction\",\"target\":[\"https:\\\/\\\/blogdofarnesio.com.br\\\/?p=325474\"]}]},{\"@type\":\"ImageObject\",\"inLanguage\":\"pt-BR\",\"@id\":\"https:\\\/\\\/blogdofarnesio.com.br\\\/?p=325474#primaryimage\",\"url\":\"https:\\\/\\\/blogdofarnesio.com.br\\\/wp-content\\\/uploads\\\/2022\\\/02\\\/blogqsppmba-jua-2-e1646095744389.jpg\",\"contentUrl\":\"https:\\\/\\\/blogdofarnesio.com.br\\\/wp-content\\\/uploads\\\/2022\\\/02\\\/blogqsppmba-jua-2-e1646095744389.jpg\",\"width\":680,\"height\":510},{\"@type\":\"BreadcrumbList\",\"@id\":\"https:\\\/\\\/blogdofarnesio.com.br\\\/?p=325474#breadcrumb\",\"itemListElement\":[{\"@type\":\"ListItem\",\"position\":1,\"name\":\"In\u00edcio\",\"item\":\"https:\\\/\\\/blogdofarnesio.com.br\\\/\"},{\"@type\":\"ListItem\",\"position\":2,\"name\":\"POL\u00cdCIA MILITAR DA BAHIA DIVULGA PRODUTIVIDADE PARCIAL DA OPERA\u00c7\u00c3O \u201cFOR\u00c7A NOTURNA\u201d E OPERA\u00c7\u00c3O \u201cDUAS RODAS\u201d EM TODA REGI\u00c3O NORTE DA BAHIA\"}]},{\"@type\":\"WebSite\",\"@id\":\"https:\\\/\\\/blogdofarnesio.com.br\\\/#website\",\"url\":\"https:\\\/\\\/blogdofarnesio.com.br\\\/\",\"name\":\"Blog do Farn\u00e9sio\",\"description\":\"Quer Saber Pol\u00edtica?\",\"publisher\":{\"@id\":\"https:\\\/\\\/blogdofarnesio.com.br\\\/#organization\"},\"potentialAction\":[{\"@type\":\"SearchAction\",\"target\":{\"@type\":\"EntryPoint\",\"urlTemplate\":\"https:\\\/\\\/blogdofarnesio.com.br\\\/?s={search_term_string}\"},\"query-input\":{\"@type\":\"PropertyValueSpecification\",\"valueRequired\":true,\"valueName\":\"search_term_string\"}}],\"inLanguage\":\"pt-BR\"},{\"@type\":\"Organization\",\"@id\":\"https:\\\/\\\/blogdofarnesio.com.br\\\/#organization\",\"name\":\"Blog do Farn\u00e9sio\",\"url\":\"https:\\\/\\\/blogdofarnesio.com.br\\\/\",\"logo\":{\"@type\":\"ImageObject\",\"inLanguage\":\"pt-BR\",\"@id\":\"https:\\\/\\\/blogdofarnesio.com.br\\\/#\\\/schema\\\/logo\\\/image\\\/\",\"url\":\"https:\\\/\\\/blogdofarnesio.com.br\\\/wp-content\\\/uploads\\\/2026\\\/03\\\/cropped-logo_new-1.png\",\"contentUrl\":\"https:\\\/\\\/blogdofarnesio.com.br\\\/wp-content\\\/uploads\\\/2026\\\/03\\\/cropped-logo_new-1.png\",\"width\":881,\"height\":685,\"caption\":\"Blog do Farn\u00e9sio\"},\"image\":{\"@id\":\"https:\\\/\\\/blogdofarnesio.com.br\\\/#\\\/schema\\\/logo\\\/image\\\/\"},\"sameAs\":[\"https:\\\/\\\/www.facebook.com\\\/BlogQuerSaberPolitica\\\/\"]},{\"@type\":\"Person\",\"@id\":\"https:\\\/\\\/blogdofarnesio.com.br\\\/#\\\/schema\\\/person\\\/bb9b23ae3ad0609ce8df7b6c9e76824d\",\"name\":\"Farn\u00e9sio\",\"image\":{\"@type\":\"ImageObject\",\"inLanguage\":\"pt-BR\",\"@id\":\"https:\\\/\\\/secure.gravatar.com\\\/avatar\\\/986aa4c61ccdb66f8555bf88fc2a65609d00bcabd4d2d94377a727547345cbca?s=96&d=mm&r=g\",\"url\":\"https:\\\/\\\/secure.gravatar.com\\\/avatar\\\/986aa4c61ccdb66f8555bf88fc2a65609d00bcabd4d2d94377a727547345cbca?s=96&d=mm&r=g\",\"contentUrl\":\"https:\\\/\\\/secure.gravatar.com\\\/avatar\\\/986aa4c61ccdb66f8555bf88fc2a65609d00bcabd4d2d94377a727547345cbca?s=96&d=mm&r=g\",\"caption\":\"Farn\u00e9sio\"},\"description\":\"Radialista blogueiro, chegou a Petrolina\\\/Juazeiro em setembro de 1980, Farn\u00e9sio Silva \u00e9 de Arapiraca-Alagoas.\",\"sameAs\":[\"http:\\\/\\\/blogdofarnesio.com.br\",\"https:\\\/\\\/www.facebook.com\\\/?ref=tn_tnmn\",\"https:\\\/\\\/www.instagram.com\\\/?utm_source=pwa_homescreen\",\"https:\\\/\\\/youtube.com.br\\\/\"],\"url\":\"https:\\\/\\\/blogdofarnesio.com.br\\\/?author=2\"}]}<\/script>\n<!-- \/ Yoast SEO plugin. -->","yoast_head_json":{"title":"POL\u00cdCIA MILITAR DA BAHIA DIVULGA PRODUTIVIDADE PARCIAL DA OPERA\u00c7\u00c3O \u201cFOR\u00c7A NOTURNA\u201d E OPERA\u00c7\u00c3O \u201cDUAS RODAS\u201d EM TODA REGI\u00c3O NORTE DA BAHIA - Blog do Farn\u00e9sio","robots":{"index":"index","follow":"follow","max-snippet":"max-snippet:-1","max-image-preview":"max-image-preview:large","max-video-preview":"max-video-preview:-1"},"canonical":"https:\/\/blogdofarnesio.com.br\/?p=325474","og_locale":"pt_BR","og_type":"article","og_title":"POL\u00cdCIA MILITAR DA BAHIA DIVULGA PRODUTIVIDADE PARCIAL DA OPERA\u00c7\u00c3O \u201cFOR\u00c7A NOTURNA\u201d E OPERA\u00c7\u00c3O \u201cDUAS RODAS\u201d EM TODA REGI\u00c3O NORTE DA BAHIA - Blog do Farn\u00e9sio","og_description":"A Pol\u00edcia Militar da Bahia (PMBA), atrav\u00e9s do Comando de Policiamento da Regi\u00e3o Norte (CPR-N), comandado pelo Coronel PM Valter Ara\u00fajo, deflagrou nesta semana, a partir da \u00faltima segunda-feira (17), duas opera\u00e7\u00f5es policiais militares, denominadas: *\u201cOpera\u00e7\u00e3o For\u00e7a Noturna\u201d* e *\u201dOpera\u00e7\u00e3o Duas Rodas\u201d*, a fim de intensificar o policiamento ostensivo em toda sua \u00e1rea de atua\u00e7\u00e3o, envolvendo todas as Unidades Operacionais: 6\u00ba e 20\u00ba BPM; 24\u00aa, 25\u00aa, 45\u00aa, 54\u00aa, 73\u00aa, 74\u00aa, 75\u00aa, 76\u00aa, 91\u00aa, 96\u00aa CIPM e a CIPT-N, abrangendo os cinquenta e tr\u00eas munic\u00edpios, atuando em pontos com maior \u00edndice de Crimes Violentos Letais e Intencionais (CVLI) e Crimes Violentos contra o Patrim\u00f4nio (CVP). A \u201dOpera\u00e7\u00e3o Duas Rodas\u201d, atua especificamente em Juazeiro, com o efetivo das Unidades Operacionais sediadas neste&hellip;","og_url":"https:\/\/blogdofarnesio.com.br\/?p=325474","og_site_name":"Blog do Farn\u00e9sio","article_publisher":"https:\/\/www.facebook.com\/BlogQuerSaberPolitica\/","article_author":"https:\/\/www.facebook.com\/?ref=tn_tnmn","article_published_time":"2022-10-20T15:04:26+00:00","og_image":[{"width":680,"height":510,"url":"https:\/\/blogdofarnesio.com.br\/wp-content\/uploads\/2022\/02\/blogqsppmba-jua-2-e1646095744389.jpg","type":"image\/jpeg"}],"author":"Farn\u00e9sio","twitter_card":"summary_large_image","twitter_misc":{"Escrito por":"Farn\u00e9sio","Est. tempo de leitura":"3 minutos"},"schema":{"@context":"https:\/\/schema.org","@graph":[{"@type":"Article","@id":"https:\/\/blogdofarnesio.com.br\/?p=325474#article","isPartOf":{"@id":"https:\/\/blogdofarnesio.com.br\/?p=325474"},"author":{"name":"Farn\u00e9sio","@id":"https:\/\/blogdofarnesio.com.br\/#\/schema\/person\/bb9b23ae3ad0609ce8df7b6c9e76824d"},"headline":"POL\u00cdCIA MILITAR DA BAHIA DIVULGA PRODUTIVIDADE PARCIAL DA OPERA\u00c7\u00c3O \u201cFOR\u00c7A NOTURNA\u201d E OPERA\u00c7\u00c3O \u201cDUAS RODAS\u201d EM TODA REGI\u00c3O NORTE DA BAHIA","datePublished":"2022-10-20T15:04:26+00:00","mainEntityOfPage":{"@id":"https:\/\/blogdofarnesio.com.br\/?p=325474"},"wordCount":407,"commentCount":0,"publisher":{"@id":"https:\/\/blogdofarnesio.com.br\/#organization"},"image":{"@id":"https:\/\/blogdofarnesio.com.br\/?p=325474#primaryimage"},"thumbnailUrl":"https:\/\/blogdofarnesio.com.br\/wp-content\/uploads\/2022\/02\/blogqsppmba-jua-2-e1646095744389.jpg","articleSection":["Pol\u00edcia"],"inLanguage":"pt-BR","potentialAction":[{"@type":"CommentAction","name":"Comment","target":["https:\/\/blogdofarnesio.com.br\/?p=325474#respond"]}]},{"@type":"WebPage","@id":"https:\/\/blogdofarnesio.com.br\/?p=325474","url":"https:\/\/blogdofarnesio.com.br\/?p=325474","name":"POL\u00cdCIA MILITAR DA BAHIA DIVULGA PRODUTIVIDADE PARCIAL DA OPERA\u00c7\u00c3O \u201cFOR\u00c7A NOTURNA\u201d E OPERA\u00c7\u00c3O \u201cDUAS RODAS\u201d EM TODA REGI\u00c3O NORTE DA BAHIA - Blog do Farn\u00e9sio","isPartOf":{"@id":"https:\/\/blogdofarnesio.com.br\/#website"},"primaryImageOfPage":{"@id":"https:\/\/blogdofarnesio.com.br\/?p=325474#primaryimage"},"image":{"@id":"https:\/\/blogdofarnesio.com.br\/?p=325474#primaryimage"},"thumbnailUrl":"https:\/\/blogdofarnesio.com.br\/wp-content\/uploads\/2022\/02\/blogqsppmba-jua-2-e1646095744389.jpg","datePublished":"2022-10-20T15:04:26+00:00","breadcrumb":{"@id":"https:\/\/blogdofarnesio.com.br\/?p=325474#breadcrumb"},"inLanguage":"pt-BR","potentialAction":[{"@type":"ReadAction","target":["https:\/\/blogdofarnesio.com.br\/?p=325474"]}]},{"@type":"ImageObject","inLanguage":"pt-BR","@id":"https:\/\/blogdofarnesio.com.br\/?p=325474#primaryimage","url":"https:\/\/blogdofarnesio.com.br\/wp-content\/uploads\/2022\/02\/blogqsppmba-jua-2-e1646095744389.jpg","contentUrl":"https:\/\/blogdofarnesio.com.br\/wp-content\/uploads\/2022\/02\/blogqsppmba-jua-2-e1646095744389.jpg","width":680,"height":510},{"@type":"BreadcrumbList","@id":"https:\/\/blogdofarnesio.com.br\/?p=325474#breadcrumb","itemListElement":[{"@type":"ListItem","position":1,"name":"In\u00edcio","item":"https:\/\/blogdofarnesio.com.br\/"},{"@type":"ListItem","position":2,"name":"POL\u00cdCIA MILITAR DA BAHIA DIVULGA PRODUTIVIDADE PARCIAL DA OPERA\u00c7\u00c3O \u201cFOR\u00c7A NOTURNA\u201d E OPERA\u00c7\u00c3O \u201cDUAS RODAS\u201d EM TODA REGI\u00c3O NORTE DA BAHIA"}]},{"@type":"WebSite","@id":"https:\/\/blogdofarnesio.com.br\/#website","url":"https:\/\/blogdofarnesio.com.br\/","name":"Blog do Farn\u00e9sio","description":"Quer Saber Pol\u00edtica?","publisher":{"@id":"https:\/\/blogdofarnesio.com.br\/#organization"},"potentialAction":[{"@type":"SearchAction","target":{"@type":"EntryPoint","urlTemplate":"https:\/\/blogdofarnesio.com.br\/?s={search_term_string}"},"query-input":{"@type":"PropertyValueSpecification","valueRequired":true,"valueName":"search_term_string"}}],"inLanguage":"pt-BR"},{"@type":"Organization","@id":"https:\/\/blogdofarnesio.com.br\/#organization","name":"Blog do Farn\u00e9sio","url":"https:\/\/blogdofarnesio.com.br\/","logo":{"@type":"ImageObject","inLanguage":"pt-BR","@id":"https:\/\/blogdofarnesio.com.br\/#\/schema\/logo\/image\/","url":"https:\/\/blogdofarnesio.com.br\/wp-content\/uploads\/2026\/03\/cropped-logo_new-1.png","contentUrl":"https:\/\/blogdofarnesio.com.br\/wp-content\/uploads\/2026\/03\/cropped-logo_new-1.png","width":881,"height":685,"caption":"Blog do Farn\u00e9sio"},"image":{"@id":"https:\/\/blogdofarnesio.com.br\/#\/schema\/logo\/image\/"},"sameAs":["https:\/\/www.facebook.com\/BlogQuerSaberPolitica\/"]},{"@type":"Person","@id":"https:\/\/blogdofarnesio.com.br\/#\/schema\/person\/bb9b23ae3ad0609ce8df7b6c9e76824d","name":"Farn\u00e9sio","image":{"@type":"ImageObject","inLanguage":"pt-BR","@id":"https:\/\/secure.gravatar.com\/avatar\/986aa4c61ccdb66f8555bf88fc2a65609d00bcabd4d2d94377a727547345cbca?s=96&d=mm&r=g","url":"https:\/\/secure.gravatar.com\/avatar\/986aa4c61ccdb66f8555bf88fc2a65609d00bcabd4d2d94377a727547345cbca?s=96&d=mm&r=g","contentUrl":"https:\/\/secure.gravatar.com\/avatar\/986aa4c61ccdb66f8555bf88fc2a65609d00bcabd4d2d94377a727547345cbca?s=96&d=mm&r=g","caption":"Farn\u00e9sio"},"description":"Radialista blogueiro, chegou a Petrolina\/Juazeiro em setembro de 1980, Farn\u00e9sio Silva \u00e9 de Arapiraca-Alagoas.","sameAs":["http:\/\/blogdofarnesio.com.br","https:\/\/www.facebook.com\/?ref=tn_tnmn","https:\/\/www.instagram.com\/?utm_source=pwa_homescreen","https:\/\/youtube.com.br\/"],"url":"https:\/\/blogdofarnesio.com.br\/?author=2"}]}},"_links":{"self":[{"href":"https:\/\/blogdofarnesio.com.br\/index.php?rest_route=\/wp\/v2\/posts\/325474","targetHints":{"allow":["GET"]}}],"collection":[{"href":"https:\/\/blogdofarnesio.com.br\/index.php?rest_route=\/wp\/v2\/posts"}],"about":[{"href":"https:\/\/blogdofarnesio.com.br\/index.php?rest_route=\/wp\/v2\/types\/post"}],"author":[{"embeddable":true,"href":"https:\/\/blogdofarnesio.com.br\/index.php?rest_route=\/wp\/v2\/users\/2"}],"replies":[{"embeddable":true,"href":"https:\/\/blogdofarnesio.com.br\/index.php?rest_route=%2Fwp%2Fv2%2Fcomments&post=325474"}],"version-history":[{"count":0,"href":"https:\/\/blogdofarnesio.com.br\/index.php?rest_route=\/wp\/v2\/posts\/325474\/revisions"}],"wp:featuredmedia":[{"embeddable":true,"href":"https:\/\/blogdofarnesio.com.br\/index.php?rest_route=\/wp\/v2\/media\/307539"}],"wp:attachment":[{"href":"https:\/\/blogdofarnesio.com.br\/index.php?rest_route=%2Fwp%2Fv2%2Fmedia&parent=325474"}],"wp:term":[{"taxonomy":"category","embeddable":true,"href":"https:\/\/blogdofarnesio.com.br\/index.php?rest_route=%2Fwp%2Fv2%2Fcategories&post=325474"},{"taxonomy":"post_tag","embeddable":true,"href":"https:\/\/blogdofarnesio.com.br\/index.php?rest_route=%2Fwp%2Fv2%2Ftags&post=325474"}],"curies":[{"name":"wp","href":"https:\/\/api.w.org\/{rel}","templated":true}]}}