{"id":325433,"date":"2022-10-20T11:24:10","date_gmt":"2022-10-20T14:24:10","guid":{"rendered":"https:\/\/blogdofarnesio.com.br\/?p=325433"},"modified":"2022-10-20T10:38:47","modified_gmt":"2022-10-20T13:38:47","slug":"calendario-oficial-de-eventos-de-juazeiro-agora-conta-com-o-dia-municipal-de-conscientizacao-sobre-a-pessoa-com-sindrome-de-down","status":"publish","type":"post","link":"https:\/\/blogdofarnesio.com.br\/?p=325433","title":{"rendered":"Calend\u00e1rio Oficial de Eventos de Juazeiro agora conta com o \u201cDia Municipal de Conscientiza\u00e7\u00e3o sobre a Pessoa com S\u00edndrome de Down\u201d"},"content":{"rendered":"<p style=\"font-weight: 400;\">A prefeita de Juazeiro, Suzana Ramos, sancionou recentemente a Lei N\u00ba 3.091\/2022 que Institui no Calend\u00e1rio Oficial de Eventos do Munic\u00edpio o \u201cDia Municipal de Conscientiza\u00e7\u00e3o sobre a Pessoa com S\u00edndrome de Down\u201d, a ser comemorado anualmente no dia 21 de mar\u00e7o, e tem por principal objetivo informar e conscientizar a popula\u00e7\u00e3o sobre o que \u00e9 a S\u00edndrome de Down.<\/p>\n<p style=\"font-weight: 400;\">De acordo com a prefeita Suzana Ramos, a gest\u00e3o municipal \u00e9 sens\u00edvel \u00e0 inclus\u00e3o e trabalha para promov\u00ea-la. \u201cPessoas com s\u00edndrome de Down t\u00eam muito mais em comum com o resto da popula\u00e7\u00e3o do que diferen\u00e7as. Elas sentem, amam, aprendem, se divertem e trabalham. Eles t\u00eam direito e devem ter um lugar pr\u00f3prio e digno na sociedade&#8221;, afirmou a prefeita.<\/p>\n<p style=\"font-weight: 400;\"><strong>A Data<\/strong><\/p>\n<p style=\"font-weight: 400;\">Em 21 de mar\u00e7o tamb\u00e9m \u00e9 comemorado o Dia Mundial da S\u00edndrome de Down. A data foi proposta pela associa\u00e7\u00e3o brit\u00e2nica Down Syndrome International (DSI) porque, em ingl\u00eas, se escreve 3\/21, o que faz alus\u00e3o \u00e0 trissomia 21, condi\u00e7\u00e3o gen\u00e9tica causada pela presen\u00e7a de tr\u00eas cromossomos 21 nas c\u00e9lulas dos indiv\u00edduos com Down, em vez de dois.<\/p>\n<p style=\"font-weight: 400;\"><strong>A S\u00edndrome<\/strong><\/p>\n<p style=\"font-weight: 400;\">De acordo com as informa\u00e7\u00f5es da p\u00e1gina Movimento Down, a s\u00edndrome de Down \u00e9 causada pela presen\u00e7a de tr\u00eas cromossomos 21 em todas ou na maior parte das c\u00e9lulas de um indiv\u00edduo. Isso ocorre na hora da concep\u00e7\u00e3o de uma crian\u00e7a. As pessoas com s\u00edndrome de Down, ou trissomia do cromossomo 21, t\u00eam 47 cromossomos em suas c\u00e9lulas em vez de 46, como a maior parte da popula\u00e7\u00e3o.<\/p>\n<p style=\"font-weight: 400;\">As crian\u00e7as, os jovens e os adultos com s\u00edndrome de Down podem ter algumas caracter\u00edsticas semelhantes e estar sujeitos a uma maior incid\u00eancia de doen\u00e7as, mas apresentam personalidades e caracter\u00edsticas diferentes e \u00fanicas.<\/p>\n<p style=\"font-weight: 400;\">\u00c9 importante esclarecer que o comportamento dos pais n\u00e3o causa a s\u00edndrome de Down. N\u00e3o h\u00e1 nada que eles poderiam ter feito de diferente para evit\u00e1-la. N\u00e3o \u00e9 culpa de ningu\u00e9m. Al\u00e9m disso, a s\u00edndrome de Down n\u00e3o \u00e9 uma doen\u00e7a, mas uma condi\u00e7\u00e3o da pessoa associada a algumas quest\u00f5es para as quais os pais devem estar atentos desde o nascimento da crian\u00e7a.<\/p>\n<p style=\"font-weight: 400;\">Texto: Gardennia Garibalde \u2013 Ascom PMJ<\/p>\n","protected":false},"excerpt":{"rendered":"<p>A prefeita de Juazeiro, Suzana Ramos, sancionou recentemente a Lei N\u00ba 3.091\/2022 que Institui no Calend\u00e1rio Oficial de Eventos do Munic\u00edpio o \u201cDia Municipal de Conscientiza\u00e7\u00e3o sobre a Pessoa com S\u00edndrome de Down\u201d, a ser comemorado anualmente no dia 21 de mar\u00e7o, e tem por principal objetivo informar e conscientizar a popula\u00e7\u00e3o sobre o que \u00e9 a S\u00edndrome de Down. De acordo com a prefeita Suzana Ramos, a gest\u00e3o municipal \u00e9 sens\u00edvel \u00e0 inclus\u00e3o e trabalha para promov\u00ea-la. \u201cPessoas com s\u00edndrome de Down t\u00eam muito mais em comum com o resto da popula\u00e7\u00e3o do que diferen\u00e7as. Elas sentem, amam, aprendem, se divertem e trabalham. Eles t\u00eam direito e devem ter um lugar pr\u00f3prio e digno na sociedade&#8221;, afirmou a prefeita.&hellip; <\/p>\n","protected":false},"author":2,"featured_media":325434,"comment_status":"open","ping_status":"open","sticky":false,"template":"","format":"standard","meta":{"_acf_changed":false,"footnotes":""},"categories":[22],"tags":[],"class_list":["post-325433","post","type-post","status-publish","format-standard","has-post-thumbnail","hentry","category-acao-social"],"acf":[],"yoast_head":"<!-- This site is optimized with the Yoast SEO plugin v27.4 - https:\/\/yoast.com\/product\/yoast-seo-wordpress\/ -->\n<title>Calend\u00e1rio Oficial de Eventos de Juazeiro agora conta com o \u201cDia Municipal de Conscientiza\u00e7\u00e3o sobre a Pessoa com S\u00edndrome de Down\u201d - Blog do Farn\u00e9sio<\/title>\n<meta name=\"robots\" content=\"index, follow, max-snippet:-1, max-image-preview:large, max-video-preview:-1\" \/>\n<link rel=\"canonical\" href=\"https:\/\/blogdofarnesio.com.br\/?p=325433\" \/>\n<meta property=\"og:locale\" content=\"pt_BR\" \/>\n<meta property=\"og:type\" content=\"article\" \/>\n<meta property=\"og:title\" content=\"Calend\u00e1rio Oficial de Eventos de Juazeiro agora conta com o \u201cDia Municipal de Conscientiza\u00e7\u00e3o sobre a Pessoa com S\u00edndrome de Down\u201d - Blog do Farn\u00e9sio\" \/>\n<meta property=\"og:description\" content=\"A prefeita de Juazeiro, Suzana Ramos, sancionou recentemente a Lei N\u00ba 3.091\/2022 que Institui no Calend\u00e1rio Oficial de Eventos do Munic\u00edpio o \u201cDia Municipal de Conscientiza\u00e7\u00e3o sobre a Pessoa com S\u00edndrome de Down\u201d, a ser comemorado anualmente no dia 21 de mar\u00e7o, e tem por principal objetivo informar e conscientizar a popula\u00e7\u00e3o sobre o que \u00e9 a S\u00edndrome de Down. De acordo com a prefeita Suzana Ramos, a gest\u00e3o municipal \u00e9 sens\u00edvel \u00e0 inclus\u00e3o e trabalha para promov\u00ea-la. \u201cPessoas com s\u00edndrome de Down t\u00eam muito mais em comum com o resto da popula\u00e7\u00e3o do que diferen\u00e7as. Elas sentem, amam, aprendem, se divertem e trabalham. Eles t\u00eam direito e devem ter um lugar pr\u00f3prio e digno na sociedade&#8221;, afirmou a prefeita.&hellip;\" \/>\n<meta property=\"og:url\" content=\"https:\/\/blogdofarnesio.com.br\/?p=325433\" \/>\n<meta property=\"og:site_name\" content=\"Blog do Farn\u00e9sio\" \/>\n<meta property=\"article:publisher\" content=\"https:\/\/www.facebook.com\/BlogQuerSaberPolitica\/\" \/>\n<meta property=\"article:author\" content=\"https:\/\/www.facebook.com\/?ref=tn_tnmn\" \/>\n<meta property=\"article:published_time\" content=\"2022-10-20T14:24:10+00:00\" \/>\n<meta property=\"og:image\" content=\"https:\/\/blogdofarnesio.com.br\/wp-content\/uploads\/2022\/10\/Dia-de-Conscientizacao-de-Sindrome-de-Down-e1666204163116.jpg\" \/>\n\t<meta property=\"og:image:width\" content=\"680\" \/>\n\t<meta property=\"og:image:height\" content=\"520\" \/>\n\t<meta property=\"og:image:type\" content=\"image\/jpeg\" \/>\n<meta name=\"author\" content=\"Farn\u00e9sio\" \/>\n<meta name=\"twitter:card\" content=\"summary_large_image\" \/>\n<meta name=\"twitter:label1\" content=\"Escrito por\" \/>\n\t<meta name=\"twitter:data1\" content=\"Farn\u00e9sio\" \/>\n\t<meta name=\"twitter:label2\" content=\"Est. tempo de leitura\" \/>\n\t<meta name=\"twitter:data2\" content=\"2 minutos\" \/>\n<script type=\"application\/ld+json\" class=\"yoast-schema-graph\">{\"@context\":\"https:\\\/\\\/schema.org\",\"@graph\":[{\"@type\":\"Article\",\"@id\":\"https:\\\/\\\/blogdofarnesio.com.br\\\/?p=325433#article\",\"isPartOf\":{\"@id\":\"https:\\\/\\\/blogdofarnesio.com.br\\\/?p=325433\"},\"author\":{\"name\":\"Farn\u00e9sio\",\"@id\":\"https:\\\/\\\/blogdofarnesio.com.br\\\/#\\\/schema\\\/person\\\/bb9b23ae3ad0609ce8df7b6c9e76824d\"},\"headline\":\"Calend\u00e1rio Oficial de Eventos de Juazeiro agora conta com o \u201cDia Municipal de Conscientiza\u00e7\u00e3o sobre a Pessoa com S\u00edndrome de Down\u201d\",\"datePublished\":\"2022-10-20T14:24:10+00:00\",\"mainEntityOfPage\":{\"@id\":\"https:\\\/\\\/blogdofarnesio.com.br\\\/?p=325433\"},\"wordCount\":418,\"commentCount\":0,\"publisher\":{\"@id\":\"https:\\\/\\\/blogdofarnesio.com.br\\\/#organization\"},\"image\":{\"@id\":\"https:\\\/\\\/blogdofarnesio.com.br\\\/?p=325433#primaryimage\"},\"thumbnailUrl\":\"https:\\\/\\\/blogdofarnesio.com.br\\\/wp-content\\\/uploads\\\/2022\\\/10\\\/Dia-de-Conscientizacao-de-Sindrome-de-Down-e1666204163116.jpg\",\"articleSection\":[\"A\u00e7\u00e3o Social\"],\"inLanguage\":\"pt-BR\",\"potentialAction\":[{\"@type\":\"CommentAction\",\"name\":\"Comment\",\"target\":[\"https:\\\/\\\/blogdofarnesio.com.br\\\/?p=325433#respond\"]}]},{\"@type\":\"WebPage\",\"@id\":\"https:\\\/\\\/blogdofarnesio.com.br\\\/?p=325433\",\"url\":\"https:\\\/\\\/blogdofarnesio.com.br\\\/?p=325433\",\"name\":\"Calend\u00e1rio Oficial de Eventos de Juazeiro agora conta com o \u201cDia Municipal de Conscientiza\u00e7\u00e3o sobre a Pessoa com S\u00edndrome de Down\u201d - Blog do Farn\u00e9sio\",\"isPartOf\":{\"@id\":\"https:\\\/\\\/blogdofarnesio.com.br\\\/#website\"},\"primaryImageOfPage\":{\"@id\":\"https:\\\/\\\/blogdofarnesio.com.br\\\/?p=325433#primaryimage\"},\"image\":{\"@id\":\"https:\\\/\\\/blogdofarnesio.com.br\\\/?p=325433#primaryimage\"},\"thumbnailUrl\":\"https:\\\/\\\/blogdofarnesio.com.br\\\/wp-content\\\/uploads\\\/2022\\\/10\\\/Dia-de-Conscientizacao-de-Sindrome-de-Down-e1666204163116.jpg\",\"datePublished\":\"2022-10-20T14:24:10+00:00\",\"breadcrumb\":{\"@id\":\"https:\\\/\\\/blogdofarnesio.com.br\\\/?p=325433#breadcrumb\"},\"inLanguage\":\"pt-BR\",\"potentialAction\":[{\"@type\":\"ReadAction\",\"target\":[\"https:\\\/\\\/blogdofarnesio.com.br\\\/?p=325433\"]}]},{\"@type\":\"ImageObject\",\"inLanguage\":\"pt-BR\",\"@id\":\"https:\\\/\\\/blogdofarnesio.com.br\\\/?p=325433#primaryimage\",\"url\":\"https:\\\/\\\/blogdofarnesio.com.br\\\/wp-content\\\/uploads\\\/2022\\\/10\\\/Dia-de-Conscientizacao-de-Sindrome-de-Down-e1666204163116.jpg\",\"contentUrl\":\"https:\\\/\\\/blogdofarnesio.com.br\\\/wp-content\\\/uploads\\\/2022\\\/10\\\/Dia-de-Conscientizacao-de-Sindrome-de-Down-e1666204163116.jpg\",\"width\":680,\"height\":520},{\"@type\":\"BreadcrumbList\",\"@id\":\"https:\\\/\\\/blogdofarnesio.com.br\\\/?p=325433#breadcrumb\",\"itemListElement\":[{\"@type\":\"ListItem\",\"position\":1,\"name\":\"In\u00edcio\",\"item\":\"https:\\\/\\\/blogdofarnesio.com.br\\\/\"},{\"@type\":\"ListItem\",\"position\":2,\"name\":\"Calend\u00e1rio Oficial de Eventos de Juazeiro agora conta com o \u201cDia Municipal de Conscientiza\u00e7\u00e3o sobre a Pessoa com S\u00edndrome de Down\u201d\"}]},{\"@type\":\"WebSite\",\"@id\":\"https:\\\/\\\/blogdofarnesio.com.br\\\/#website\",\"url\":\"https:\\\/\\\/blogdofarnesio.com.br\\\/\",\"name\":\"Blog do Farn\u00e9sio\",\"description\":\"Quer Saber Pol\u00edtica?\",\"publisher\":{\"@id\":\"https:\\\/\\\/blogdofarnesio.com.br\\\/#organization\"},\"potentialAction\":[{\"@type\":\"SearchAction\",\"target\":{\"@type\":\"EntryPoint\",\"urlTemplate\":\"https:\\\/\\\/blogdofarnesio.com.br\\\/?s={search_term_string}\"},\"query-input\":{\"@type\":\"PropertyValueSpecification\",\"valueRequired\":true,\"valueName\":\"search_term_string\"}}],\"inLanguage\":\"pt-BR\"},{\"@type\":\"Organization\",\"@id\":\"https:\\\/\\\/blogdofarnesio.com.br\\\/#organization\",\"name\":\"Blog do Farn\u00e9sio\",\"url\":\"https:\\\/\\\/blogdofarnesio.com.br\\\/\",\"logo\":{\"@type\":\"ImageObject\",\"inLanguage\":\"pt-BR\",\"@id\":\"https:\\\/\\\/blogdofarnesio.com.br\\\/#\\\/schema\\\/logo\\\/image\\\/\",\"url\":\"https:\\\/\\\/blogdofarnesio.com.br\\\/wp-content\\\/uploads\\\/2026\\\/03\\\/cropped-logo_new-1.png\",\"contentUrl\":\"https:\\\/\\\/blogdofarnesio.com.br\\\/wp-content\\\/uploads\\\/2026\\\/03\\\/cropped-logo_new-1.png\",\"width\":881,\"height\":685,\"caption\":\"Blog do Farn\u00e9sio\"},\"image\":{\"@id\":\"https:\\\/\\\/blogdofarnesio.com.br\\\/#\\\/schema\\\/logo\\\/image\\\/\"},\"sameAs\":[\"https:\\\/\\\/www.facebook.com\\\/BlogQuerSaberPolitica\\\/\"]},{\"@type\":\"Person\",\"@id\":\"https:\\\/\\\/blogdofarnesio.com.br\\\/#\\\/schema\\\/person\\\/bb9b23ae3ad0609ce8df7b6c9e76824d\",\"name\":\"Farn\u00e9sio\",\"image\":{\"@type\":\"ImageObject\",\"inLanguage\":\"pt-BR\",\"@id\":\"https:\\\/\\\/secure.gravatar.com\\\/avatar\\\/986aa4c61ccdb66f8555bf88fc2a65609d00bcabd4d2d94377a727547345cbca?s=96&d=mm&r=g\",\"url\":\"https:\\\/\\\/secure.gravatar.com\\\/avatar\\\/986aa4c61ccdb66f8555bf88fc2a65609d00bcabd4d2d94377a727547345cbca?s=96&d=mm&r=g\",\"contentUrl\":\"https:\\\/\\\/secure.gravatar.com\\\/avatar\\\/986aa4c61ccdb66f8555bf88fc2a65609d00bcabd4d2d94377a727547345cbca?s=96&d=mm&r=g\",\"caption\":\"Farn\u00e9sio\"},\"description\":\"Radialista blogueiro, chegou a Petrolina\\\/Juazeiro em setembro de 1980, Farn\u00e9sio Silva \u00e9 de Arapiraca-Alagoas.\",\"sameAs\":[\"http:\\\/\\\/blogdofarnesio.com.br\",\"https:\\\/\\\/www.facebook.com\\\/?ref=tn_tnmn\",\"https:\\\/\\\/www.instagram.com\\\/?utm_source=pwa_homescreen\",\"https:\\\/\\\/youtube.com.br\\\/\"],\"url\":\"https:\\\/\\\/blogdofarnesio.com.br\\\/?author=2\"}]}<\/script>\n<!-- \/ Yoast SEO plugin. -->","yoast_head_json":{"title":"Calend\u00e1rio Oficial de Eventos de Juazeiro agora conta com o \u201cDia Municipal de Conscientiza\u00e7\u00e3o sobre a Pessoa com S\u00edndrome de Down\u201d - Blog do Farn\u00e9sio","robots":{"index":"index","follow":"follow","max-snippet":"max-snippet:-1","max-image-preview":"max-image-preview:large","max-video-preview":"max-video-preview:-1"},"canonical":"https:\/\/blogdofarnesio.com.br\/?p=325433","og_locale":"pt_BR","og_type":"article","og_title":"Calend\u00e1rio Oficial de Eventos de Juazeiro agora conta com o \u201cDia Municipal de Conscientiza\u00e7\u00e3o sobre a Pessoa com S\u00edndrome de Down\u201d - Blog do Farn\u00e9sio","og_description":"A prefeita de Juazeiro, Suzana Ramos, sancionou recentemente a Lei N\u00ba 3.091\/2022 que Institui no Calend\u00e1rio Oficial de Eventos do Munic\u00edpio o \u201cDia Municipal de Conscientiza\u00e7\u00e3o sobre a Pessoa com S\u00edndrome de Down\u201d, a ser comemorado anualmente no dia 21 de mar\u00e7o, e tem por principal objetivo informar e conscientizar a popula\u00e7\u00e3o sobre o que \u00e9 a S\u00edndrome de Down. De acordo com a prefeita Suzana Ramos, a gest\u00e3o municipal \u00e9 sens\u00edvel \u00e0 inclus\u00e3o e trabalha para promov\u00ea-la. \u201cPessoas com s\u00edndrome de Down t\u00eam muito mais em comum com o resto da popula\u00e7\u00e3o do que diferen\u00e7as. Elas sentem, amam, aprendem, se divertem e trabalham. Eles t\u00eam direito e devem ter um lugar pr\u00f3prio e digno na sociedade&#8221;, afirmou a prefeita.&hellip;","og_url":"https:\/\/blogdofarnesio.com.br\/?p=325433","og_site_name":"Blog do Farn\u00e9sio","article_publisher":"https:\/\/www.facebook.com\/BlogQuerSaberPolitica\/","article_author":"https:\/\/www.facebook.com\/?ref=tn_tnmn","article_published_time":"2022-10-20T14:24:10+00:00","og_image":[{"width":680,"height":520,"url":"https:\/\/blogdofarnesio.com.br\/wp-content\/uploads\/2022\/10\/Dia-de-Conscientizacao-de-Sindrome-de-Down-e1666204163116.jpg","type":"image\/jpeg"}],"author":"Farn\u00e9sio","twitter_card":"summary_large_image","twitter_misc":{"Escrito por":"Farn\u00e9sio","Est. tempo de leitura":"2 minutos"},"schema":{"@context":"https:\/\/schema.org","@graph":[{"@type":"Article","@id":"https:\/\/blogdofarnesio.com.br\/?p=325433#article","isPartOf":{"@id":"https:\/\/blogdofarnesio.com.br\/?p=325433"},"author":{"name":"Farn\u00e9sio","@id":"https:\/\/blogdofarnesio.com.br\/#\/schema\/person\/bb9b23ae3ad0609ce8df7b6c9e76824d"},"headline":"Calend\u00e1rio Oficial de Eventos de Juazeiro agora conta com o \u201cDia Municipal de Conscientiza\u00e7\u00e3o sobre a Pessoa com S\u00edndrome de Down\u201d","datePublished":"2022-10-20T14:24:10+00:00","mainEntityOfPage":{"@id":"https:\/\/blogdofarnesio.com.br\/?p=325433"},"wordCount":418,"commentCount":0,"publisher":{"@id":"https:\/\/blogdofarnesio.com.br\/#organization"},"image":{"@id":"https:\/\/blogdofarnesio.com.br\/?p=325433#primaryimage"},"thumbnailUrl":"https:\/\/blogdofarnesio.com.br\/wp-content\/uploads\/2022\/10\/Dia-de-Conscientizacao-de-Sindrome-de-Down-e1666204163116.jpg","articleSection":["A\u00e7\u00e3o Social"],"inLanguage":"pt-BR","potentialAction":[{"@type":"CommentAction","name":"Comment","target":["https:\/\/blogdofarnesio.com.br\/?p=325433#respond"]}]},{"@type":"WebPage","@id":"https:\/\/blogdofarnesio.com.br\/?p=325433","url":"https:\/\/blogdofarnesio.com.br\/?p=325433","name":"Calend\u00e1rio Oficial de Eventos de Juazeiro agora conta com o \u201cDia Municipal de Conscientiza\u00e7\u00e3o sobre a Pessoa com S\u00edndrome de Down\u201d - Blog do Farn\u00e9sio","isPartOf":{"@id":"https:\/\/blogdofarnesio.com.br\/#website"},"primaryImageOfPage":{"@id":"https:\/\/blogdofarnesio.com.br\/?p=325433#primaryimage"},"image":{"@id":"https:\/\/blogdofarnesio.com.br\/?p=325433#primaryimage"},"thumbnailUrl":"https:\/\/blogdofarnesio.com.br\/wp-content\/uploads\/2022\/10\/Dia-de-Conscientizacao-de-Sindrome-de-Down-e1666204163116.jpg","datePublished":"2022-10-20T14:24:10+00:00","breadcrumb":{"@id":"https:\/\/blogdofarnesio.com.br\/?p=325433#breadcrumb"},"inLanguage":"pt-BR","potentialAction":[{"@type":"ReadAction","target":["https:\/\/blogdofarnesio.com.br\/?p=325433"]}]},{"@type":"ImageObject","inLanguage":"pt-BR","@id":"https:\/\/blogdofarnesio.com.br\/?p=325433#primaryimage","url":"https:\/\/blogdofarnesio.com.br\/wp-content\/uploads\/2022\/10\/Dia-de-Conscientizacao-de-Sindrome-de-Down-e1666204163116.jpg","contentUrl":"https:\/\/blogdofarnesio.com.br\/wp-content\/uploads\/2022\/10\/Dia-de-Conscientizacao-de-Sindrome-de-Down-e1666204163116.jpg","width":680,"height":520},{"@type":"BreadcrumbList","@id":"https:\/\/blogdofarnesio.com.br\/?p=325433#breadcrumb","itemListElement":[{"@type":"ListItem","position":1,"name":"In\u00edcio","item":"https:\/\/blogdofarnesio.com.br\/"},{"@type":"ListItem","position":2,"name":"Calend\u00e1rio Oficial de Eventos de Juazeiro agora conta com o \u201cDia Municipal de Conscientiza\u00e7\u00e3o sobre a Pessoa com S\u00edndrome de Down\u201d"}]},{"@type":"WebSite","@id":"https:\/\/blogdofarnesio.com.br\/#website","url":"https:\/\/blogdofarnesio.com.br\/","name":"Blog do Farn\u00e9sio","description":"Quer Saber Pol\u00edtica?","publisher":{"@id":"https:\/\/blogdofarnesio.com.br\/#organization"},"potentialAction":[{"@type":"SearchAction","target":{"@type":"EntryPoint","urlTemplate":"https:\/\/blogdofarnesio.com.br\/?s={search_term_string}"},"query-input":{"@type":"PropertyValueSpecification","valueRequired":true,"valueName":"search_term_string"}}],"inLanguage":"pt-BR"},{"@type":"Organization","@id":"https:\/\/blogdofarnesio.com.br\/#organization","name":"Blog do Farn\u00e9sio","url":"https:\/\/blogdofarnesio.com.br\/","logo":{"@type":"ImageObject","inLanguage":"pt-BR","@id":"https:\/\/blogdofarnesio.com.br\/#\/schema\/logo\/image\/","url":"https:\/\/blogdofarnesio.com.br\/wp-content\/uploads\/2026\/03\/cropped-logo_new-1.png","contentUrl":"https:\/\/blogdofarnesio.com.br\/wp-content\/uploads\/2026\/03\/cropped-logo_new-1.png","width":881,"height":685,"caption":"Blog do Farn\u00e9sio"},"image":{"@id":"https:\/\/blogdofarnesio.com.br\/#\/schema\/logo\/image\/"},"sameAs":["https:\/\/www.facebook.com\/BlogQuerSaberPolitica\/"]},{"@type":"Person","@id":"https:\/\/blogdofarnesio.com.br\/#\/schema\/person\/bb9b23ae3ad0609ce8df7b6c9e76824d","name":"Farn\u00e9sio","image":{"@type":"ImageObject","inLanguage":"pt-BR","@id":"https:\/\/secure.gravatar.com\/avatar\/986aa4c61ccdb66f8555bf88fc2a65609d00bcabd4d2d94377a727547345cbca?s=96&d=mm&r=g","url":"https:\/\/secure.gravatar.com\/avatar\/986aa4c61ccdb66f8555bf88fc2a65609d00bcabd4d2d94377a727547345cbca?s=96&d=mm&r=g","contentUrl":"https:\/\/secure.gravatar.com\/avatar\/986aa4c61ccdb66f8555bf88fc2a65609d00bcabd4d2d94377a727547345cbca?s=96&d=mm&r=g","caption":"Farn\u00e9sio"},"description":"Radialista blogueiro, chegou a Petrolina\/Juazeiro em setembro de 1980, Farn\u00e9sio Silva \u00e9 de Arapiraca-Alagoas.","sameAs":["http:\/\/blogdofarnesio.com.br","https:\/\/www.facebook.com\/?ref=tn_tnmn","https:\/\/www.instagram.com\/?utm_source=pwa_homescreen","https:\/\/youtube.com.br\/"],"url":"https:\/\/blogdofarnesio.com.br\/?author=2"}]}},"_links":{"self":[{"href":"https:\/\/blogdofarnesio.com.br\/index.php?rest_route=\/wp\/v2\/posts\/325433","targetHints":{"allow":["GET"]}}],"collection":[{"href":"https:\/\/blogdofarnesio.com.br\/index.php?rest_route=\/wp\/v2\/posts"}],"about":[{"href":"https:\/\/blogdofarnesio.com.br\/index.php?rest_route=\/wp\/v2\/types\/post"}],"author":[{"embeddable":true,"href":"https:\/\/blogdofarnesio.com.br\/index.php?rest_route=\/wp\/v2\/users\/2"}],"replies":[{"embeddable":true,"href":"https:\/\/blogdofarnesio.com.br\/index.php?rest_route=%2Fwp%2Fv2%2Fcomments&post=325433"}],"version-history":[{"count":0,"href":"https:\/\/blogdofarnesio.com.br\/index.php?rest_route=\/wp\/v2\/posts\/325433\/revisions"}],"wp:featuredmedia":[{"embeddable":true,"href":"https:\/\/blogdofarnesio.com.br\/index.php?rest_route=\/wp\/v2\/media\/325434"}],"wp:attachment":[{"href":"https:\/\/blogdofarnesio.com.br\/index.php?rest_route=%2Fwp%2Fv2%2Fmedia&parent=325433"}],"wp:term":[{"taxonomy":"category","embeddable":true,"href":"https:\/\/blogdofarnesio.com.br\/index.php?rest_route=%2Fwp%2Fv2%2Fcategories&post=325433"},{"taxonomy":"post_tag","embeddable":true,"href":"https:\/\/blogdofarnesio.com.br\/index.php?rest_route=%2Fwp%2Fv2%2Ftags&post=325433"}],"curies":[{"name":"wp","href":"https:\/\/api.w.org\/{rel}","templated":true}]}}