{"id":325067,"date":"2022-10-14T15:03:28","date_gmt":"2022-10-14T18:03:28","guid":{"rendered":"https:\/\/blogdofarnesio.com.br\/?p=325067"},"modified":"2022-10-14T10:34:30","modified_gmt":"2022-10-14T13:34:30","slug":"grupo-de-vereadores-do-pt-de-belem-do-sao-francisco-fecha-apoio-a-raquel-e-priscila","status":"publish","type":"post","link":"https:\/\/blogdofarnesio.com.br\/2022\/10\/grupo-de-vereadores-do-pt-de-belem-do-sao-francisco-fecha-apoio-a-raquel-e-priscila\/","title":{"rendered":"Grupo de vereadores do PT de Bel\u00e9m do S\u00e3o Francisco fecha apoio a Raquel e Priscila"},"content":{"rendered":"<header class=\"entry-header\"><\/header>\n<div class=\"entry-content\">\n<p>Um grupo de tr\u00eas vereadores do PT de Bel\u00e9m do S\u00e3o Francisco oficializou o apoio \u00e0 candidatura de Raquel Lyra (PSDB) a governadora e Priscila Krause (Cidadania) a vice-governadora de Pernambuco. Os vereadores integram a oposi\u00e7\u00e3o no munic\u00edpio do Sert\u00e3o do estado. L\u00edder da comitiva que esteve reunida na sede do PSDB, na \u00e1rea central do Recife.<\/p>\n<p>\u201cO que me levou a apoiar Raquel Lyra foi um conjunto (de fatores), o preparo dela e saber que ela foi uma boa gestora no munic\u00edpio de Caruaru. Estamos juntos agora e para um futuro pr\u00f3ximo por Pernambuco\u201d, disse o vereador Luan.<\/p>\n<p>Tamb\u00e9m est\u00e3o com Raquel e Priscila os vereadores J\u00fanior de Vav\u00e1 (MDB), que apoiava a candidata Mar\u00edlia Arraes (Solidariedade), Leoz\u00e3o Benvindo (PT) e Dorgival J\u00fanior (PT), al\u00e9m do ex-vereador Quinca Valdevino (PT), do empres\u00e1rio Calby Carvalho e de Dulci Granja, que representou a candidata a deputada estadual Lucinha Mota (PSDB) na reuni\u00e3o.<\/p>\n<\/div>\n","protected":false},"excerpt":{"rendered":"<p>Um grupo de tr\u00eas vereadores do PT de Bel\u00e9m do S\u00e3o Francisco oficializou o apoio \u00e0 candidatura de Raquel Lyra (PSDB) a governadora e Priscila Krause (Cidadania) a vice-governadora de Pernambuco. Os vereadores integram a oposi\u00e7\u00e3o no munic\u00edpio do Sert\u00e3o do estado. L\u00edder da comitiva que esteve reunida na sede do PSDB, na \u00e1rea central do Recife. \u201cO que me levou a apoiar Raquel Lyra foi um conjunto (de fatores), o preparo dela e saber que ela foi uma boa gestora no munic\u00edpio de Caruaru. Estamos juntos agora e para um futuro pr\u00f3ximo por Pernambuco\u201d, disse o vereador Luan. Tamb\u00e9m est\u00e3o com Raquel e Priscila os vereadores J\u00fanior de Vav\u00e1 (MDB), que apoiava a candidata Mar\u00edlia Arraes (Solidariedade), Leoz\u00e3o Benvindo&hellip; <\/p>\n","protected":false},"author":2,"featured_media":325068,"comment_status":"open","ping_status":"open","sticky":false,"template":"","format":"standard","meta":{"_acf_changed":false,"footnotes":""},"categories":[34],"tags":[],"class_list":["post-325067","post","type-post","status-publish","format-standard","has-post-thumbnail","hentry","category-eleicoes"],"acf":[],"yoast_head":"<!-- This site is optimized with the Yoast SEO plugin v27.5 - https:\/\/yoast.com\/product\/yoast-seo-wordpress\/ -->\n<title>Grupo de vereadores do PT de Bel\u00e9m do S\u00e3o Francisco fecha apoio a Raquel e Priscila - Blog do Farn\u00e9sio<\/title>\n<meta name=\"robots\" content=\"index, follow, max-snippet:-1, max-image-preview:large, max-video-preview:-1\" \/>\n<link rel=\"canonical\" href=\"https:\/\/blogdofarnesio.com.br\/2022\/10\/grupo-de-vereadores-do-pt-de-belem-do-sao-francisco-fecha-apoio-a-raquel-e-priscila\/\" \/>\n<meta property=\"og:locale\" content=\"pt_BR\" \/>\n<meta property=\"og:type\" content=\"article\" \/>\n<meta property=\"og:title\" content=\"Grupo de vereadores do PT de Bel\u00e9m do S\u00e3o Francisco fecha apoio a Raquel e Priscila - Blog do Farn\u00e9sio\" \/>\n<meta property=\"og:description\" content=\"Um grupo de tr\u00eas vereadores do PT de Bel\u00e9m do S\u00e3o Francisco oficializou o apoio \u00e0 candidatura de Raquel Lyra (PSDB) a governadora e Priscila Krause (Cidadania) a vice-governadora de Pernambuco. Os vereadores integram a oposi\u00e7\u00e3o no munic\u00edpio do Sert\u00e3o do estado. L\u00edder da comitiva que esteve reunida na sede do PSDB, na \u00e1rea central do Recife. \u201cO que me levou a apoiar Raquel Lyra foi um conjunto (de fatores), o preparo dela e saber que ela foi uma boa gestora no munic\u00edpio de Caruaru. Estamos juntos agora e para um futuro pr\u00f3ximo por Pernambuco\u201d, disse o vereador Luan. Tamb\u00e9m est\u00e3o com Raquel e Priscila os vereadores J\u00fanior de Vav\u00e1 (MDB), que apoiava a candidata Mar\u00edlia Arraes (Solidariedade), Leoz\u00e3o Benvindo&hellip;\" \/>\n<meta property=\"og:url\" content=\"https:\/\/blogdofarnesio.com.br\/2022\/10\/grupo-de-vereadores-do-pt-de-belem-do-sao-francisco-fecha-apoio-a-raquel-e-priscila\/\" \/>\n<meta property=\"og:site_name\" content=\"Blog do Farn\u00e9sio\" \/>\n<meta property=\"article:publisher\" content=\"https:\/\/www.facebook.com\/BlogQuerSaberPolitica\/\" \/>\n<meta property=\"article:author\" content=\"https:\/\/www.facebook.com\/?ref=tn_tnmn\" \/>\n<meta property=\"article:published_time\" content=\"2022-10-14T18:03:28+00:00\" \/>\n<meta property=\"og:image\" content=\"https:\/\/blogdofarnesio.com.br\/wp-content\/uploads\/2022\/10\/blogqspbelem-vereadores-priscila-krause.jpg\" \/>\n\t<meta property=\"og:image:width\" content=\"615\" \/>\n\t<meta property=\"og:image:height\" content=\"347\" \/>\n\t<meta property=\"og:image:type\" content=\"image\/jpeg\" \/>\n<meta name=\"author\" content=\"Farn\u00e9sio\" \/>\n<meta name=\"twitter:card\" content=\"summary_large_image\" \/>\n<meta name=\"twitter:label1\" content=\"Escrito por\" \/>\n\t<meta name=\"twitter:data1\" content=\"Farn\u00e9sio\" \/>\n\t<meta name=\"twitter:label2\" content=\"Est. tempo de leitura\" \/>\n\t<meta name=\"twitter:data2\" content=\"1 minuto\" \/>\n<script type=\"application\/ld+json\" class=\"yoast-schema-graph\">{\"@context\":\"https:\\\/\\\/schema.org\",\"@graph\":[{\"@type\":\"Article\",\"@id\":\"https:\\\/\\\/blogdofarnesio.com.br\\\/2022\\\/10\\\/grupo-de-vereadores-do-pt-de-belem-do-sao-francisco-fecha-apoio-a-raquel-e-priscila\\\/#article\",\"isPartOf\":{\"@id\":\"https:\\\/\\\/blogdofarnesio.com.br\\\/2022\\\/10\\\/grupo-de-vereadores-do-pt-de-belem-do-sao-francisco-fecha-apoio-a-raquel-e-priscila\\\/\"},\"author\":{\"name\":\"Farn\u00e9sio\",\"@id\":\"https:\\\/\\\/blogdofarnesio.com.br\\\/#\\\/schema\\\/person\\\/bb9b23ae3ad0609ce8df7b6c9e76824d\"},\"headline\":\"Grupo de vereadores do PT de Bel\u00e9m do S\u00e3o Francisco fecha apoio a Raquel e Priscila\",\"datePublished\":\"2022-10-14T18:03:28+00:00\",\"mainEntityOfPage\":{\"@id\":\"https:\\\/\\\/blogdofarnesio.com.br\\\/2022\\\/10\\\/grupo-de-vereadores-do-pt-de-belem-do-sao-francisco-fecha-apoio-a-raquel-e-priscila\\\/\"},\"wordCount\":186,\"commentCount\":0,\"publisher\":{\"@id\":\"https:\\\/\\\/blogdofarnesio.com.br\\\/#organization\"},\"image\":{\"@id\":\"https:\\\/\\\/blogdofarnesio.com.br\\\/2022\\\/10\\\/grupo-de-vereadores-do-pt-de-belem-do-sao-francisco-fecha-apoio-a-raquel-e-priscila\\\/#primaryimage\"},\"thumbnailUrl\":\"https:\\\/\\\/blogdofarnesio.com.br\\\/wp-content\\\/uploads\\\/2022\\\/10\\\/blogqspbelem-vereadores-priscila-krause.jpg\",\"articleSection\":[\"Elei\u00e7\u00f5es\"],\"inLanguage\":\"pt-BR\",\"potentialAction\":[{\"@type\":\"CommentAction\",\"name\":\"Comment\",\"target\":[\"https:\\\/\\\/blogdofarnesio.com.br\\\/2022\\\/10\\\/grupo-de-vereadores-do-pt-de-belem-do-sao-francisco-fecha-apoio-a-raquel-e-priscila\\\/#respond\"]}]},{\"@type\":\"WebPage\",\"@id\":\"https:\\\/\\\/blogdofarnesio.com.br\\\/2022\\\/10\\\/grupo-de-vereadores-do-pt-de-belem-do-sao-francisco-fecha-apoio-a-raquel-e-priscila\\\/\",\"url\":\"https:\\\/\\\/blogdofarnesio.com.br\\\/2022\\\/10\\\/grupo-de-vereadores-do-pt-de-belem-do-sao-francisco-fecha-apoio-a-raquel-e-priscila\\\/\",\"name\":\"Grupo de vereadores do PT de Bel\u00e9m do S\u00e3o Francisco fecha apoio a Raquel e Priscila - Blog do Farn\u00e9sio\",\"isPartOf\":{\"@id\":\"https:\\\/\\\/blogdofarnesio.com.br\\\/#website\"},\"primaryImageOfPage\":{\"@id\":\"https:\\\/\\\/blogdofarnesio.com.br\\\/2022\\\/10\\\/grupo-de-vereadores-do-pt-de-belem-do-sao-francisco-fecha-apoio-a-raquel-e-priscila\\\/#primaryimage\"},\"image\":{\"@id\":\"https:\\\/\\\/blogdofarnesio.com.br\\\/2022\\\/10\\\/grupo-de-vereadores-do-pt-de-belem-do-sao-francisco-fecha-apoio-a-raquel-e-priscila\\\/#primaryimage\"},\"thumbnailUrl\":\"https:\\\/\\\/blogdofarnesio.com.br\\\/wp-content\\\/uploads\\\/2022\\\/10\\\/blogqspbelem-vereadores-priscila-krause.jpg\",\"datePublished\":\"2022-10-14T18:03:28+00:00\",\"breadcrumb\":{\"@id\":\"https:\\\/\\\/blogdofarnesio.com.br\\\/2022\\\/10\\\/grupo-de-vereadores-do-pt-de-belem-do-sao-francisco-fecha-apoio-a-raquel-e-priscila\\\/#breadcrumb\"},\"inLanguage\":\"pt-BR\",\"potentialAction\":[{\"@type\":\"ReadAction\",\"target\":[\"https:\\\/\\\/blogdofarnesio.com.br\\\/2022\\\/10\\\/grupo-de-vereadores-do-pt-de-belem-do-sao-francisco-fecha-apoio-a-raquel-e-priscila\\\/\"]}]},{\"@type\":\"ImageObject\",\"inLanguage\":\"pt-BR\",\"@id\":\"https:\\\/\\\/blogdofarnesio.com.br\\\/2022\\\/10\\\/grupo-de-vereadores-do-pt-de-belem-do-sao-francisco-fecha-apoio-a-raquel-e-priscila\\\/#primaryimage\",\"url\":\"https:\\\/\\\/blogdofarnesio.com.br\\\/wp-content\\\/uploads\\\/2022\\\/10\\\/blogqspbelem-vereadores-priscila-krause.jpg\",\"contentUrl\":\"https:\\\/\\\/blogdofarnesio.com.br\\\/wp-content\\\/uploads\\\/2022\\\/10\\\/blogqspbelem-vereadores-priscila-krause.jpg\",\"width\":615,\"height\":347},{\"@type\":\"BreadcrumbList\",\"@id\":\"https:\\\/\\\/blogdofarnesio.com.br\\\/2022\\\/10\\\/grupo-de-vereadores-do-pt-de-belem-do-sao-francisco-fecha-apoio-a-raquel-e-priscila\\\/#breadcrumb\",\"itemListElement\":[{\"@type\":\"ListItem\",\"position\":1,\"name\":\"In\u00edcio\",\"item\":\"https:\\\/\\\/blogdofarnesio.com.br\\\/\"},{\"@type\":\"ListItem\",\"position\":2,\"name\":\"Grupo de vereadores do PT de Bel\u00e9m do S\u00e3o Francisco fecha apoio a Raquel e Priscila\"}]},{\"@type\":\"WebSite\",\"@id\":\"https:\\\/\\\/blogdofarnesio.com.br\\\/#website\",\"url\":\"https:\\\/\\\/blogdofarnesio.com.br\\\/\",\"name\":\"Blog do Farn\u00e9sio\",\"description\":\"Quer Saber Pol\u00edtica?\",\"publisher\":{\"@id\":\"https:\\\/\\\/blogdofarnesio.com.br\\\/#organization\"},\"potentialAction\":[{\"@type\":\"SearchAction\",\"target\":{\"@type\":\"EntryPoint\",\"urlTemplate\":\"https:\\\/\\\/blogdofarnesio.com.br\\\/?s={search_term_string}\"},\"query-input\":{\"@type\":\"PropertyValueSpecification\",\"valueRequired\":true,\"valueName\":\"search_term_string\"}}],\"inLanguage\":\"pt-BR\"},{\"@type\":\"Organization\",\"@id\":\"https:\\\/\\\/blogdofarnesio.com.br\\\/#organization\",\"name\":\"Blog do Farn\u00e9sio\",\"url\":\"https:\\\/\\\/blogdofarnesio.com.br\\\/\",\"logo\":{\"@type\":\"ImageObject\",\"inLanguage\":\"pt-BR\",\"@id\":\"https:\\\/\\\/blogdofarnesio.com.br\\\/#\\\/schema\\\/logo\\\/image\\\/\",\"url\":\"https:\\\/\\\/blogdofarnesio.com.br\\\/wp-content\\\/uploads\\\/2026\\\/03\\\/cropped-logo_new-1.png\",\"contentUrl\":\"https:\\\/\\\/blogdofarnesio.com.br\\\/wp-content\\\/uploads\\\/2026\\\/03\\\/cropped-logo_new-1.png\",\"width\":881,\"height\":685,\"caption\":\"Blog do Farn\u00e9sio\"},\"image\":{\"@id\":\"https:\\\/\\\/blogdofarnesio.com.br\\\/#\\\/schema\\\/logo\\\/image\\\/\"},\"sameAs\":[\"https:\\\/\\\/www.facebook.com\\\/BlogQuerSaberPolitica\\\/\"]},{\"@type\":\"Person\",\"@id\":\"https:\\\/\\\/blogdofarnesio.com.br\\\/#\\\/schema\\\/person\\\/bb9b23ae3ad0609ce8df7b6c9e76824d\",\"name\":\"Farn\u00e9sio\",\"image\":{\"@type\":\"ImageObject\",\"inLanguage\":\"pt-BR\",\"@id\":\"https:\\\/\\\/secure.gravatar.com\\\/avatar\\\/986aa4c61ccdb66f8555bf88fc2a65609d00bcabd4d2d94377a727547345cbca?s=96&d=mm&r=g\",\"url\":\"https:\\\/\\\/secure.gravatar.com\\\/avatar\\\/986aa4c61ccdb66f8555bf88fc2a65609d00bcabd4d2d94377a727547345cbca?s=96&d=mm&r=g\",\"contentUrl\":\"https:\\\/\\\/secure.gravatar.com\\\/avatar\\\/986aa4c61ccdb66f8555bf88fc2a65609d00bcabd4d2d94377a727547345cbca?s=96&d=mm&r=g\",\"caption\":\"Farn\u00e9sio\"},\"description\":\"Radialista blogueiro, chegou a Petrolina\\\/Juazeiro em setembro de 1980, Farn\u00e9sio Silva \u00e9 de Arapiraca-Alagoas.\",\"sameAs\":[\"http:\\\/\\\/blogdofarnesio.com.br\",\"https:\\\/\\\/www.facebook.com\\\/?ref=tn_tnmn\",\"https:\\\/\\\/www.instagram.com\\\/?utm_source=pwa_homescreen\",\"https:\\\/\\\/youtube.com.br\\\/\"],\"url\":\"https:\\\/\\\/blogdofarnesio.com.br\\\/author\\\/farnesio-2\\\/\"}]}<\/script>\n<!-- \/ Yoast SEO plugin. -->","yoast_head_json":{"title":"Grupo de vereadores do PT de Bel\u00e9m do S\u00e3o Francisco fecha apoio a Raquel e Priscila - Blog do Farn\u00e9sio","robots":{"index":"index","follow":"follow","max-snippet":"max-snippet:-1","max-image-preview":"max-image-preview:large","max-video-preview":"max-video-preview:-1"},"canonical":"https:\/\/blogdofarnesio.com.br\/2022\/10\/grupo-de-vereadores-do-pt-de-belem-do-sao-francisco-fecha-apoio-a-raquel-e-priscila\/","og_locale":"pt_BR","og_type":"article","og_title":"Grupo de vereadores do PT de Bel\u00e9m do S\u00e3o Francisco fecha apoio a Raquel e Priscila - Blog do Farn\u00e9sio","og_description":"Um grupo de tr\u00eas vereadores do PT de Bel\u00e9m do S\u00e3o Francisco oficializou o apoio \u00e0 candidatura de Raquel Lyra (PSDB) a governadora e Priscila Krause (Cidadania) a vice-governadora de Pernambuco. Os vereadores integram a oposi\u00e7\u00e3o no munic\u00edpio do Sert\u00e3o do estado. L\u00edder da comitiva que esteve reunida na sede do PSDB, na \u00e1rea central do Recife. \u201cO que me levou a apoiar Raquel Lyra foi um conjunto (de fatores), o preparo dela e saber que ela foi uma boa gestora no munic\u00edpio de Caruaru. Estamos juntos agora e para um futuro pr\u00f3ximo por Pernambuco\u201d, disse o vereador Luan. Tamb\u00e9m est\u00e3o com Raquel e Priscila os vereadores J\u00fanior de Vav\u00e1 (MDB), que apoiava a candidata Mar\u00edlia Arraes (Solidariedade), Leoz\u00e3o Benvindo&hellip;","og_url":"https:\/\/blogdofarnesio.com.br\/2022\/10\/grupo-de-vereadores-do-pt-de-belem-do-sao-francisco-fecha-apoio-a-raquel-e-priscila\/","og_site_name":"Blog do Farn\u00e9sio","article_publisher":"https:\/\/www.facebook.com\/BlogQuerSaberPolitica\/","article_author":"https:\/\/www.facebook.com\/?ref=tn_tnmn","article_published_time":"2022-10-14T18:03:28+00:00","og_image":[{"width":615,"height":347,"url":"https:\/\/blogdofarnesio.com.br\/wp-content\/uploads\/2022\/10\/blogqspbelem-vereadores-priscila-krause.jpg","type":"image\/jpeg"}],"author":"Farn\u00e9sio","twitter_card":"summary_large_image","twitter_misc":{"Escrito por":"Farn\u00e9sio","Est. tempo de leitura":"1 minuto"},"schema":{"@context":"https:\/\/schema.org","@graph":[{"@type":"Article","@id":"https:\/\/blogdofarnesio.com.br\/2022\/10\/grupo-de-vereadores-do-pt-de-belem-do-sao-francisco-fecha-apoio-a-raquel-e-priscila\/#article","isPartOf":{"@id":"https:\/\/blogdofarnesio.com.br\/2022\/10\/grupo-de-vereadores-do-pt-de-belem-do-sao-francisco-fecha-apoio-a-raquel-e-priscila\/"},"author":{"name":"Farn\u00e9sio","@id":"https:\/\/blogdofarnesio.com.br\/#\/schema\/person\/bb9b23ae3ad0609ce8df7b6c9e76824d"},"headline":"Grupo de vereadores do PT de Bel\u00e9m do S\u00e3o Francisco fecha apoio a Raquel e Priscila","datePublished":"2022-10-14T18:03:28+00:00","mainEntityOfPage":{"@id":"https:\/\/blogdofarnesio.com.br\/2022\/10\/grupo-de-vereadores-do-pt-de-belem-do-sao-francisco-fecha-apoio-a-raquel-e-priscila\/"},"wordCount":186,"commentCount":0,"publisher":{"@id":"https:\/\/blogdofarnesio.com.br\/#organization"},"image":{"@id":"https:\/\/blogdofarnesio.com.br\/2022\/10\/grupo-de-vereadores-do-pt-de-belem-do-sao-francisco-fecha-apoio-a-raquel-e-priscila\/#primaryimage"},"thumbnailUrl":"https:\/\/blogdofarnesio.com.br\/wp-content\/uploads\/2022\/10\/blogqspbelem-vereadores-priscila-krause.jpg","articleSection":["Elei\u00e7\u00f5es"],"inLanguage":"pt-BR","potentialAction":[{"@type":"CommentAction","name":"Comment","target":["https:\/\/blogdofarnesio.com.br\/2022\/10\/grupo-de-vereadores-do-pt-de-belem-do-sao-francisco-fecha-apoio-a-raquel-e-priscila\/#respond"]}]},{"@type":"WebPage","@id":"https:\/\/blogdofarnesio.com.br\/2022\/10\/grupo-de-vereadores-do-pt-de-belem-do-sao-francisco-fecha-apoio-a-raquel-e-priscila\/","url":"https:\/\/blogdofarnesio.com.br\/2022\/10\/grupo-de-vereadores-do-pt-de-belem-do-sao-francisco-fecha-apoio-a-raquel-e-priscila\/","name":"Grupo de vereadores do PT de Bel\u00e9m do S\u00e3o Francisco fecha apoio a Raquel e Priscila - Blog do Farn\u00e9sio","isPartOf":{"@id":"https:\/\/blogdofarnesio.com.br\/#website"},"primaryImageOfPage":{"@id":"https:\/\/blogdofarnesio.com.br\/2022\/10\/grupo-de-vereadores-do-pt-de-belem-do-sao-francisco-fecha-apoio-a-raquel-e-priscila\/#primaryimage"},"image":{"@id":"https:\/\/blogdofarnesio.com.br\/2022\/10\/grupo-de-vereadores-do-pt-de-belem-do-sao-francisco-fecha-apoio-a-raquel-e-priscila\/#primaryimage"},"thumbnailUrl":"https:\/\/blogdofarnesio.com.br\/wp-content\/uploads\/2022\/10\/blogqspbelem-vereadores-priscila-krause.jpg","datePublished":"2022-10-14T18:03:28+00:00","breadcrumb":{"@id":"https:\/\/blogdofarnesio.com.br\/2022\/10\/grupo-de-vereadores-do-pt-de-belem-do-sao-francisco-fecha-apoio-a-raquel-e-priscila\/#breadcrumb"},"inLanguage":"pt-BR","potentialAction":[{"@type":"ReadAction","target":["https:\/\/blogdofarnesio.com.br\/2022\/10\/grupo-de-vereadores-do-pt-de-belem-do-sao-francisco-fecha-apoio-a-raquel-e-priscila\/"]}]},{"@type":"ImageObject","inLanguage":"pt-BR","@id":"https:\/\/blogdofarnesio.com.br\/2022\/10\/grupo-de-vereadores-do-pt-de-belem-do-sao-francisco-fecha-apoio-a-raquel-e-priscila\/#primaryimage","url":"https:\/\/blogdofarnesio.com.br\/wp-content\/uploads\/2022\/10\/blogqspbelem-vereadores-priscila-krause.jpg","contentUrl":"https:\/\/blogdofarnesio.com.br\/wp-content\/uploads\/2022\/10\/blogqspbelem-vereadores-priscila-krause.jpg","width":615,"height":347},{"@type":"BreadcrumbList","@id":"https:\/\/blogdofarnesio.com.br\/2022\/10\/grupo-de-vereadores-do-pt-de-belem-do-sao-francisco-fecha-apoio-a-raquel-e-priscila\/#breadcrumb","itemListElement":[{"@type":"ListItem","position":1,"name":"In\u00edcio","item":"https:\/\/blogdofarnesio.com.br\/"},{"@type":"ListItem","position":2,"name":"Grupo de vereadores do PT de Bel\u00e9m do S\u00e3o Francisco fecha apoio a Raquel e Priscila"}]},{"@type":"WebSite","@id":"https:\/\/blogdofarnesio.com.br\/#website","url":"https:\/\/blogdofarnesio.com.br\/","name":"Blog do Farn\u00e9sio","description":"Quer Saber Pol\u00edtica?","publisher":{"@id":"https:\/\/blogdofarnesio.com.br\/#organization"},"potentialAction":[{"@type":"SearchAction","target":{"@type":"EntryPoint","urlTemplate":"https:\/\/blogdofarnesio.com.br\/?s={search_term_string}"},"query-input":{"@type":"PropertyValueSpecification","valueRequired":true,"valueName":"search_term_string"}}],"inLanguage":"pt-BR"},{"@type":"Organization","@id":"https:\/\/blogdofarnesio.com.br\/#organization","name":"Blog do Farn\u00e9sio","url":"https:\/\/blogdofarnesio.com.br\/","logo":{"@type":"ImageObject","inLanguage":"pt-BR","@id":"https:\/\/blogdofarnesio.com.br\/#\/schema\/logo\/image\/","url":"https:\/\/blogdofarnesio.com.br\/wp-content\/uploads\/2026\/03\/cropped-logo_new-1.png","contentUrl":"https:\/\/blogdofarnesio.com.br\/wp-content\/uploads\/2026\/03\/cropped-logo_new-1.png","width":881,"height":685,"caption":"Blog do Farn\u00e9sio"},"image":{"@id":"https:\/\/blogdofarnesio.com.br\/#\/schema\/logo\/image\/"},"sameAs":["https:\/\/www.facebook.com\/BlogQuerSaberPolitica\/"]},{"@type":"Person","@id":"https:\/\/blogdofarnesio.com.br\/#\/schema\/person\/bb9b23ae3ad0609ce8df7b6c9e76824d","name":"Farn\u00e9sio","image":{"@type":"ImageObject","inLanguage":"pt-BR","@id":"https:\/\/secure.gravatar.com\/avatar\/986aa4c61ccdb66f8555bf88fc2a65609d00bcabd4d2d94377a727547345cbca?s=96&d=mm&r=g","url":"https:\/\/secure.gravatar.com\/avatar\/986aa4c61ccdb66f8555bf88fc2a65609d00bcabd4d2d94377a727547345cbca?s=96&d=mm&r=g","contentUrl":"https:\/\/secure.gravatar.com\/avatar\/986aa4c61ccdb66f8555bf88fc2a65609d00bcabd4d2d94377a727547345cbca?s=96&d=mm&r=g","caption":"Farn\u00e9sio"},"description":"Radialista blogueiro, chegou a Petrolina\/Juazeiro em setembro de 1980, Farn\u00e9sio Silva \u00e9 de Arapiraca-Alagoas.","sameAs":["http:\/\/blogdofarnesio.com.br","https:\/\/www.facebook.com\/?ref=tn_tnmn","https:\/\/www.instagram.com\/?utm_source=pwa_homescreen","https:\/\/youtube.com.br\/"],"url":"https:\/\/blogdofarnesio.com.br\/author\/farnesio-2\/"}]}},"_links":{"self":[{"href":"https:\/\/blogdofarnesio.com.br\/wp-json\/wp\/v2\/posts\/325067","targetHints":{"allow":["GET"]}}],"collection":[{"href":"https:\/\/blogdofarnesio.com.br\/wp-json\/wp\/v2\/posts"}],"about":[{"href":"https:\/\/blogdofarnesio.com.br\/wp-json\/wp\/v2\/types\/post"}],"author":[{"embeddable":true,"href":"https:\/\/blogdofarnesio.com.br\/wp-json\/wp\/v2\/users\/2"}],"replies":[{"embeddable":true,"href":"https:\/\/blogdofarnesio.com.br\/wp-json\/wp\/v2\/comments?post=325067"}],"version-history":[{"count":0,"href":"https:\/\/blogdofarnesio.com.br\/wp-json\/wp\/v2\/posts\/325067\/revisions"}],"wp:featuredmedia":[{"embeddable":true,"href":"https:\/\/blogdofarnesio.com.br\/wp-json\/wp\/v2\/media\/325068"}],"wp:attachment":[{"href":"https:\/\/blogdofarnesio.com.br\/wp-json\/wp\/v2\/media?parent=325067"}],"wp:term":[{"taxonomy":"category","embeddable":true,"href":"https:\/\/blogdofarnesio.com.br\/wp-json\/wp\/v2\/categories?post=325067"},{"taxonomy":"post_tag","embeddable":true,"href":"https:\/\/blogdofarnesio.com.br\/wp-json\/wp\/v2\/tags?post=325067"}],"curies":[{"name":"wp","href":"https:\/\/api.w.org\/{rel}","templated":true}]}}