{"id":325009,"date":"2022-10-14T07:20:16","date_gmt":"2022-10-14T10:20:16","guid":{"rendered":"https:\/\/blogdofarnesio.com.br\/?p=325009"},"modified":"2022-10-13T17:59:25","modified_gmt":"2022-10-13T20:59:25","slug":"juazeiro-tem-mais-um-dia-sem-registro-de-caso-de-covid-19","status":"publish","type":"post","link":"https:\/\/blogdofarnesio.com.br\/2022\/10\/juazeiro-tem-mais-um-dia-sem-registro-de-caso-de-covid-19\/","title":{"rendered":"Juazeiro teve mais um dia sem registro de caso de COVID 19"},"content":{"rendered":"<p>Juazeiro n\u00e3o registrou novos casos da Covid-19 nesta quinta-feira (13). A informa\u00e7\u00e3o est\u00e1 no boletim epidemiol\u00f3gico da Secretaria Municipal de Sa\u00fade (Sesau). O munic\u00edpio mant\u00e9m o registro de 492 \u00f3bitos por Covid-19.<\/p>\n<p>&nbsp;<\/p>\n<p>De acordo com o levantamento, 28.306 moradores foram infectados desde o in\u00edcio da pandemia na cidade, dos quais 27.803 j\u00e1 est\u00e3o recuperados. Os casos descartados somam 45.735. Juazeiro tem 11 casos ativos do novo coronav\u00edrus.<\/p>\n<p>&nbsp;<\/p>\n<p><strong>Testes<\/strong><\/p>\n<p>&nbsp;<\/p>\n<p>Foram realizados desde o in\u00edcio da pandemia 64.136 testes r\u00e1pidos pela prefeitura e 8.996 RT-PCR pelo Lacen, em Salvador.<\/p>\n<p>&nbsp;<\/p>\n<p><strong>Ocupa\u00e7\u00e3o de leitos<\/strong><\/p>\n<p>&nbsp;<\/p>\n<p>Na rede hospitalar, o percentual de ocupa\u00e7\u00e3o dos leitos de UTI para Juazeiro na rede PEBA (hospitais de Pernambuco e Bahia) \u00e9 de 18%, com 36 leitos dispon\u00edveis. Em Juazeiro, os 10 leitos de UTI para pacientes com Covid-19 est\u00e3o desocupados.<\/p>\n<p>&nbsp;<\/p>\n<p>&#8211;<\/p>\n<p>&nbsp;<\/p>\n<p>Texto: Ascom\/Sesau\/PMJ<\/p>\n","protected":false},"excerpt":{"rendered":"<p>Juazeiro n\u00e3o registrou novos casos da Covid-19 nesta quinta-feira (13). A informa\u00e7\u00e3o est\u00e1 no boletim epidemiol\u00f3gico da Secretaria Municipal de Sa\u00fade (Sesau). O munic\u00edpio mant\u00e9m o registro de 492 \u00f3bitos por Covid-19. &nbsp; De acordo com o levantamento, 28.306 moradores foram infectados desde o in\u00edcio da pandemia na cidade, dos quais 27.803 j\u00e1 est\u00e3o recuperados. Os casos descartados somam 45.735. Juazeiro tem 11 casos ativos do novo coronav\u00edrus. &nbsp; Testes &nbsp; Foram realizados desde o in\u00edcio da pandemia 64.136 testes r\u00e1pidos pela prefeitura e 8.996 RT-PCR pelo Lacen, em Salvador. &nbsp; Ocupa\u00e7\u00e3o de leitos &nbsp; Na rede hospitalar, o percentual de ocupa\u00e7\u00e3o dos leitos de UTI para Juazeiro na rede PEBA (hospitais de Pernambuco e Bahia) \u00e9 de 18%, com&hellip; <\/p>\n","protected":false},"author":2,"featured_media":325013,"comment_status":"open","ping_status":"open","sticky":false,"template":"","format":"standard","meta":{"_acf_changed":false,"footnotes":""},"categories":[4],"tags":[],"class_list":["post-325009","post","type-post","status-publish","format-standard","has-post-thumbnail","hentry","category-saude"],"acf":[],"yoast_head":"<!-- This site is optimized with the Yoast SEO plugin v27.5 - https:\/\/yoast.com\/product\/yoast-seo-wordpress\/ -->\n<title>Juazeiro teve mais um dia sem registro de caso de COVID 19 - Blog do Farn\u00e9sio<\/title>\n<meta name=\"robots\" content=\"index, follow, max-snippet:-1, max-image-preview:large, max-video-preview:-1\" \/>\n<link rel=\"canonical\" href=\"https:\/\/blogdofarnesio.com.br\/2022\/10\/juazeiro-tem-mais-um-dia-sem-registro-de-caso-de-covid-19\/\" \/>\n<meta property=\"og:locale\" content=\"pt_BR\" \/>\n<meta property=\"og:type\" content=\"article\" \/>\n<meta property=\"og:title\" content=\"Juazeiro teve mais um dia sem registro de caso de COVID 19 - Blog do Farn\u00e9sio\" \/>\n<meta property=\"og:description\" content=\"Juazeiro n\u00e3o registrou novos casos da Covid-19 nesta quinta-feira (13). A informa\u00e7\u00e3o est\u00e1 no boletim epidemiol\u00f3gico da Secretaria Municipal de Sa\u00fade (Sesau). O munic\u00edpio mant\u00e9m o registro de 492 \u00f3bitos por Covid-19. &nbsp; De acordo com o levantamento, 28.306 moradores foram infectados desde o in\u00edcio da pandemia na cidade, dos quais 27.803 j\u00e1 est\u00e3o recuperados. Os casos descartados somam 45.735. Juazeiro tem 11 casos ativos do novo coronav\u00edrus. &nbsp; Testes &nbsp; Foram realizados desde o in\u00edcio da pandemia 64.136 testes r\u00e1pidos pela prefeitura e 8.996 RT-PCR pelo Lacen, em Salvador. &nbsp; Ocupa\u00e7\u00e3o de leitos &nbsp; Na rede hospitalar, o percentual de ocupa\u00e7\u00e3o dos leitos de UTI para Juazeiro na rede PEBA (hospitais de Pernambuco e Bahia) \u00e9 de 18%, com&hellip;\" \/>\n<meta property=\"og:url\" content=\"https:\/\/blogdofarnesio.com.br\/2022\/10\/juazeiro-tem-mais-um-dia-sem-registro-de-caso-de-covid-19\/\" \/>\n<meta property=\"og:site_name\" content=\"Blog do Farn\u00e9sio\" \/>\n<meta property=\"article:publisher\" content=\"https:\/\/www.facebook.com\/BlogQuerSaberPolitica\/\" \/>\n<meta property=\"article:author\" content=\"https:\/\/www.facebook.com\/?ref=tn_tnmn\" \/>\n<meta property=\"article:published_time\" content=\"2022-10-14T10:20:16+00:00\" \/>\n<meta property=\"og:image\" content=\"https:\/\/blogdofarnesio.com.br\/wp-content\/uploads\/2022\/10\/Boletim-covid-13.10-Juazeiro-ok-2-1-e1665694240749.jpg\" \/>\n\t<meta property=\"og:image:width\" content=\"520\" \/>\n\t<meta property=\"og:image:height\" content=\"398\" \/>\n\t<meta property=\"og:image:type\" content=\"image\/jpeg\" \/>\n<meta name=\"author\" content=\"Farn\u00e9sio\" \/>\n<meta name=\"twitter:card\" content=\"summary_large_image\" \/>\n<meta name=\"twitter:label1\" content=\"Escrito por\" \/>\n\t<meta name=\"twitter:data1\" content=\"Farn\u00e9sio\" \/>\n\t<meta name=\"twitter:label2\" content=\"Est. tempo de leitura\" \/>\n\t<meta name=\"twitter:data2\" content=\"1 minuto\" \/>\n<script type=\"application\/ld+json\" class=\"yoast-schema-graph\">{\"@context\":\"https:\\\/\\\/schema.org\",\"@graph\":[{\"@type\":\"Article\",\"@id\":\"https:\\\/\\\/blogdofarnesio.com.br\\\/2022\\\/10\\\/juazeiro-tem-mais-um-dia-sem-registro-de-caso-de-covid-19\\\/#article\",\"isPartOf\":{\"@id\":\"https:\\\/\\\/blogdofarnesio.com.br\\\/2022\\\/10\\\/juazeiro-tem-mais-um-dia-sem-registro-de-caso-de-covid-19\\\/\"},\"author\":{\"name\":\"Farn\u00e9sio\",\"@id\":\"https:\\\/\\\/blogdofarnesio.com.br\\\/#\\\/schema\\\/person\\\/bb9b23ae3ad0609ce8df7b6c9e76824d\"},\"headline\":\"Juazeiro teve mais um dia sem registro de caso de COVID 19\",\"datePublished\":\"2022-10-14T10:20:16+00:00\",\"mainEntityOfPage\":{\"@id\":\"https:\\\/\\\/blogdofarnesio.com.br\\\/2022\\\/10\\\/juazeiro-tem-mais-um-dia-sem-registro-de-caso-de-covid-19\\\/\"},\"wordCount\":157,\"commentCount\":0,\"publisher\":{\"@id\":\"https:\\\/\\\/blogdofarnesio.com.br\\\/#organization\"},\"image\":{\"@id\":\"https:\\\/\\\/blogdofarnesio.com.br\\\/2022\\\/10\\\/juazeiro-tem-mais-um-dia-sem-registro-de-caso-de-covid-19\\\/#primaryimage\"},\"thumbnailUrl\":\"https:\\\/\\\/blogdofarnesio.com.br\\\/wp-content\\\/uploads\\\/2022\\\/10\\\/Boletim-covid-13.10-Juazeiro-ok-2-1-e1665694240749.jpg\",\"articleSection\":[\"Sa\u00fade\"],\"inLanguage\":\"pt-BR\",\"potentialAction\":[{\"@type\":\"CommentAction\",\"name\":\"Comment\",\"target\":[\"https:\\\/\\\/blogdofarnesio.com.br\\\/2022\\\/10\\\/juazeiro-tem-mais-um-dia-sem-registro-de-caso-de-covid-19\\\/#respond\"]}]},{\"@type\":\"WebPage\",\"@id\":\"https:\\\/\\\/blogdofarnesio.com.br\\\/2022\\\/10\\\/juazeiro-tem-mais-um-dia-sem-registro-de-caso-de-covid-19\\\/\",\"url\":\"https:\\\/\\\/blogdofarnesio.com.br\\\/2022\\\/10\\\/juazeiro-tem-mais-um-dia-sem-registro-de-caso-de-covid-19\\\/\",\"name\":\"Juazeiro teve mais um dia sem registro de caso de COVID 19 - Blog do Farn\u00e9sio\",\"isPartOf\":{\"@id\":\"https:\\\/\\\/blogdofarnesio.com.br\\\/#website\"},\"primaryImageOfPage\":{\"@id\":\"https:\\\/\\\/blogdofarnesio.com.br\\\/2022\\\/10\\\/juazeiro-tem-mais-um-dia-sem-registro-de-caso-de-covid-19\\\/#primaryimage\"},\"image\":{\"@id\":\"https:\\\/\\\/blogdofarnesio.com.br\\\/2022\\\/10\\\/juazeiro-tem-mais-um-dia-sem-registro-de-caso-de-covid-19\\\/#primaryimage\"},\"thumbnailUrl\":\"https:\\\/\\\/blogdofarnesio.com.br\\\/wp-content\\\/uploads\\\/2022\\\/10\\\/Boletim-covid-13.10-Juazeiro-ok-2-1-e1665694240749.jpg\",\"datePublished\":\"2022-10-14T10:20:16+00:00\",\"breadcrumb\":{\"@id\":\"https:\\\/\\\/blogdofarnesio.com.br\\\/2022\\\/10\\\/juazeiro-tem-mais-um-dia-sem-registro-de-caso-de-covid-19\\\/#breadcrumb\"},\"inLanguage\":\"pt-BR\",\"potentialAction\":[{\"@type\":\"ReadAction\",\"target\":[\"https:\\\/\\\/blogdofarnesio.com.br\\\/2022\\\/10\\\/juazeiro-tem-mais-um-dia-sem-registro-de-caso-de-covid-19\\\/\"]}]},{\"@type\":\"ImageObject\",\"inLanguage\":\"pt-BR\",\"@id\":\"https:\\\/\\\/blogdofarnesio.com.br\\\/2022\\\/10\\\/juazeiro-tem-mais-um-dia-sem-registro-de-caso-de-covid-19\\\/#primaryimage\",\"url\":\"https:\\\/\\\/blogdofarnesio.com.br\\\/wp-content\\\/uploads\\\/2022\\\/10\\\/Boletim-covid-13.10-Juazeiro-ok-2-1-e1665694240749.jpg\",\"contentUrl\":\"https:\\\/\\\/blogdofarnesio.com.br\\\/wp-content\\\/uploads\\\/2022\\\/10\\\/Boletim-covid-13.10-Juazeiro-ok-2-1-e1665694240749.jpg\",\"width\":520,\"height\":398},{\"@type\":\"BreadcrumbList\",\"@id\":\"https:\\\/\\\/blogdofarnesio.com.br\\\/2022\\\/10\\\/juazeiro-tem-mais-um-dia-sem-registro-de-caso-de-covid-19\\\/#breadcrumb\",\"itemListElement\":[{\"@type\":\"ListItem\",\"position\":1,\"name\":\"In\u00edcio\",\"item\":\"https:\\\/\\\/blogdofarnesio.com.br\\\/\"},{\"@type\":\"ListItem\",\"position\":2,\"name\":\"Juazeiro teve mais um dia sem registro de caso de COVID 19\"}]},{\"@type\":\"WebSite\",\"@id\":\"https:\\\/\\\/blogdofarnesio.com.br\\\/#website\",\"url\":\"https:\\\/\\\/blogdofarnesio.com.br\\\/\",\"name\":\"Blog do Farn\u00e9sio\",\"description\":\"Quer Saber Pol\u00edtica?\",\"publisher\":{\"@id\":\"https:\\\/\\\/blogdofarnesio.com.br\\\/#organization\"},\"potentialAction\":[{\"@type\":\"SearchAction\",\"target\":{\"@type\":\"EntryPoint\",\"urlTemplate\":\"https:\\\/\\\/blogdofarnesio.com.br\\\/?s={search_term_string}\"},\"query-input\":{\"@type\":\"PropertyValueSpecification\",\"valueRequired\":true,\"valueName\":\"search_term_string\"}}],\"inLanguage\":\"pt-BR\"},{\"@type\":\"Organization\",\"@id\":\"https:\\\/\\\/blogdofarnesio.com.br\\\/#organization\",\"name\":\"Blog do Farn\u00e9sio\",\"url\":\"https:\\\/\\\/blogdofarnesio.com.br\\\/\",\"logo\":{\"@type\":\"ImageObject\",\"inLanguage\":\"pt-BR\",\"@id\":\"https:\\\/\\\/blogdofarnesio.com.br\\\/#\\\/schema\\\/logo\\\/image\\\/\",\"url\":\"https:\\\/\\\/blogdofarnesio.com.br\\\/wp-content\\\/uploads\\\/2026\\\/03\\\/cropped-logo_new-1.png\",\"contentUrl\":\"https:\\\/\\\/blogdofarnesio.com.br\\\/wp-content\\\/uploads\\\/2026\\\/03\\\/cropped-logo_new-1.png\",\"width\":881,\"height\":685,\"caption\":\"Blog do Farn\u00e9sio\"},\"image\":{\"@id\":\"https:\\\/\\\/blogdofarnesio.com.br\\\/#\\\/schema\\\/logo\\\/image\\\/\"},\"sameAs\":[\"https:\\\/\\\/www.facebook.com\\\/BlogQuerSaberPolitica\\\/\"]},{\"@type\":\"Person\",\"@id\":\"https:\\\/\\\/blogdofarnesio.com.br\\\/#\\\/schema\\\/person\\\/bb9b23ae3ad0609ce8df7b6c9e76824d\",\"name\":\"Farn\u00e9sio\",\"image\":{\"@type\":\"ImageObject\",\"inLanguage\":\"pt-BR\",\"@id\":\"https:\\\/\\\/secure.gravatar.com\\\/avatar\\\/986aa4c61ccdb66f8555bf88fc2a65609d00bcabd4d2d94377a727547345cbca?s=96&d=mm&r=g\",\"url\":\"https:\\\/\\\/secure.gravatar.com\\\/avatar\\\/986aa4c61ccdb66f8555bf88fc2a65609d00bcabd4d2d94377a727547345cbca?s=96&d=mm&r=g\",\"contentUrl\":\"https:\\\/\\\/secure.gravatar.com\\\/avatar\\\/986aa4c61ccdb66f8555bf88fc2a65609d00bcabd4d2d94377a727547345cbca?s=96&d=mm&r=g\",\"caption\":\"Farn\u00e9sio\"},\"description\":\"Radialista blogueiro, chegou a Petrolina\\\/Juazeiro em setembro de 1980, Farn\u00e9sio Silva \u00e9 de Arapiraca-Alagoas.\",\"sameAs\":[\"http:\\\/\\\/blogdofarnesio.com.br\",\"https:\\\/\\\/www.facebook.com\\\/?ref=tn_tnmn\",\"https:\\\/\\\/www.instagram.com\\\/?utm_source=pwa_homescreen\",\"https:\\\/\\\/youtube.com.br\\\/\"],\"url\":\"https:\\\/\\\/blogdofarnesio.com.br\\\/author\\\/farnesio-2\\\/\"}]}<\/script>\n<!-- \/ Yoast SEO plugin. -->","yoast_head_json":{"title":"Juazeiro teve mais um dia sem registro de caso de COVID 19 - Blog do Farn\u00e9sio","robots":{"index":"index","follow":"follow","max-snippet":"max-snippet:-1","max-image-preview":"max-image-preview:large","max-video-preview":"max-video-preview:-1"},"canonical":"https:\/\/blogdofarnesio.com.br\/2022\/10\/juazeiro-tem-mais-um-dia-sem-registro-de-caso-de-covid-19\/","og_locale":"pt_BR","og_type":"article","og_title":"Juazeiro teve mais um dia sem registro de caso de COVID 19 - Blog do Farn\u00e9sio","og_description":"Juazeiro n\u00e3o registrou novos casos da Covid-19 nesta quinta-feira (13). A informa\u00e7\u00e3o est\u00e1 no boletim epidemiol\u00f3gico da Secretaria Municipal de Sa\u00fade (Sesau). O munic\u00edpio mant\u00e9m o registro de 492 \u00f3bitos por Covid-19. &nbsp; De acordo com o levantamento, 28.306 moradores foram infectados desde o in\u00edcio da pandemia na cidade, dos quais 27.803 j\u00e1 est\u00e3o recuperados. Os casos descartados somam 45.735. Juazeiro tem 11 casos ativos do novo coronav\u00edrus. &nbsp; Testes &nbsp; Foram realizados desde o in\u00edcio da pandemia 64.136 testes r\u00e1pidos pela prefeitura e 8.996 RT-PCR pelo Lacen, em Salvador. &nbsp; Ocupa\u00e7\u00e3o de leitos &nbsp; Na rede hospitalar, o percentual de ocupa\u00e7\u00e3o dos leitos de UTI para Juazeiro na rede PEBA (hospitais de Pernambuco e Bahia) \u00e9 de 18%, com&hellip;","og_url":"https:\/\/blogdofarnesio.com.br\/2022\/10\/juazeiro-tem-mais-um-dia-sem-registro-de-caso-de-covid-19\/","og_site_name":"Blog do Farn\u00e9sio","article_publisher":"https:\/\/www.facebook.com\/BlogQuerSaberPolitica\/","article_author":"https:\/\/www.facebook.com\/?ref=tn_tnmn","article_published_time":"2022-10-14T10:20:16+00:00","og_image":[{"width":520,"height":398,"url":"https:\/\/blogdofarnesio.com.br\/wp-content\/uploads\/2022\/10\/Boletim-covid-13.10-Juazeiro-ok-2-1-e1665694240749.jpg","type":"image\/jpeg"}],"author":"Farn\u00e9sio","twitter_card":"summary_large_image","twitter_misc":{"Escrito por":"Farn\u00e9sio","Est. tempo de leitura":"1 minuto"},"schema":{"@context":"https:\/\/schema.org","@graph":[{"@type":"Article","@id":"https:\/\/blogdofarnesio.com.br\/2022\/10\/juazeiro-tem-mais-um-dia-sem-registro-de-caso-de-covid-19\/#article","isPartOf":{"@id":"https:\/\/blogdofarnesio.com.br\/2022\/10\/juazeiro-tem-mais-um-dia-sem-registro-de-caso-de-covid-19\/"},"author":{"name":"Farn\u00e9sio","@id":"https:\/\/blogdofarnesio.com.br\/#\/schema\/person\/bb9b23ae3ad0609ce8df7b6c9e76824d"},"headline":"Juazeiro teve mais um dia sem registro de caso de COVID 19","datePublished":"2022-10-14T10:20:16+00:00","mainEntityOfPage":{"@id":"https:\/\/blogdofarnesio.com.br\/2022\/10\/juazeiro-tem-mais-um-dia-sem-registro-de-caso-de-covid-19\/"},"wordCount":157,"commentCount":0,"publisher":{"@id":"https:\/\/blogdofarnesio.com.br\/#organization"},"image":{"@id":"https:\/\/blogdofarnesio.com.br\/2022\/10\/juazeiro-tem-mais-um-dia-sem-registro-de-caso-de-covid-19\/#primaryimage"},"thumbnailUrl":"https:\/\/blogdofarnesio.com.br\/wp-content\/uploads\/2022\/10\/Boletim-covid-13.10-Juazeiro-ok-2-1-e1665694240749.jpg","articleSection":["Sa\u00fade"],"inLanguage":"pt-BR","potentialAction":[{"@type":"CommentAction","name":"Comment","target":["https:\/\/blogdofarnesio.com.br\/2022\/10\/juazeiro-tem-mais-um-dia-sem-registro-de-caso-de-covid-19\/#respond"]}]},{"@type":"WebPage","@id":"https:\/\/blogdofarnesio.com.br\/2022\/10\/juazeiro-tem-mais-um-dia-sem-registro-de-caso-de-covid-19\/","url":"https:\/\/blogdofarnesio.com.br\/2022\/10\/juazeiro-tem-mais-um-dia-sem-registro-de-caso-de-covid-19\/","name":"Juazeiro teve mais um dia sem registro de caso de COVID 19 - Blog do Farn\u00e9sio","isPartOf":{"@id":"https:\/\/blogdofarnesio.com.br\/#website"},"primaryImageOfPage":{"@id":"https:\/\/blogdofarnesio.com.br\/2022\/10\/juazeiro-tem-mais-um-dia-sem-registro-de-caso-de-covid-19\/#primaryimage"},"image":{"@id":"https:\/\/blogdofarnesio.com.br\/2022\/10\/juazeiro-tem-mais-um-dia-sem-registro-de-caso-de-covid-19\/#primaryimage"},"thumbnailUrl":"https:\/\/blogdofarnesio.com.br\/wp-content\/uploads\/2022\/10\/Boletim-covid-13.10-Juazeiro-ok-2-1-e1665694240749.jpg","datePublished":"2022-10-14T10:20:16+00:00","breadcrumb":{"@id":"https:\/\/blogdofarnesio.com.br\/2022\/10\/juazeiro-tem-mais-um-dia-sem-registro-de-caso-de-covid-19\/#breadcrumb"},"inLanguage":"pt-BR","potentialAction":[{"@type":"ReadAction","target":["https:\/\/blogdofarnesio.com.br\/2022\/10\/juazeiro-tem-mais-um-dia-sem-registro-de-caso-de-covid-19\/"]}]},{"@type":"ImageObject","inLanguage":"pt-BR","@id":"https:\/\/blogdofarnesio.com.br\/2022\/10\/juazeiro-tem-mais-um-dia-sem-registro-de-caso-de-covid-19\/#primaryimage","url":"https:\/\/blogdofarnesio.com.br\/wp-content\/uploads\/2022\/10\/Boletim-covid-13.10-Juazeiro-ok-2-1-e1665694240749.jpg","contentUrl":"https:\/\/blogdofarnesio.com.br\/wp-content\/uploads\/2022\/10\/Boletim-covid-13.10-Juazeiro-ok-2-1-e1665694240749.jpg","width":520,"height":398},{"@type":"BreadcrumbList","@id":"https:\/\/blogdofarnesio.com.br\/2022\/10\/juazeiro-tem-mais-um-dia-sem-registro-de-caso-de-covid-19\/#breadcrumb","itemListElement":[{"@type":"ListItem","position":1,"name":"In\u00edcio","item":"https:\/\/blogdofarnesio.com.br\/"},{"@type":"ListItem","position":2,"name":"Juazeiro teve mais um dia sem registro de caso de COVID 19"}]},{"@type":"WebSite","@id":"https:\/\/blogdofarnesio.com.br\/#website","url":"https:\/\/blogdofarnesio.com.br\/","name":"Blog do Farn\u00e9sio","description":"Quer Saber Pol\u00edtica?","publisher":{"@id":"https:\/\/blogdofarnesio.com.br\/#organization"},"potentialAction":[{"@type":"SearchAction","target":{"@type":"EntryPoint","urlTemplate":"https:\/\/blogdofarnesio.com.br\/?s={search_term_string}"},"query-input":{"@type":"PropertyValueSpecification","valueRequired":true,"valueName":"search_term_string"}}],"inLanguage":"pt-BR"},{"@type":"Organization","@id":"https:\/\/blogdofarnesio.com.br\/#organization","name":"Blog do Farn\u00e9sio","url":"https:\/\/blogdofarnesio.com.br\/","logo":{"@type":"ImageObject","inLanguage":"pt-BR","@id":"https:\/\/blogdofarnesio.com.br\/#\/schema\/logo\/image\/","url":"https:\/\/blogdofarnesio.com.br\/wp-content\/uploads\/2026\/03\/cropped-logo_new-1.png","contentUrl":"https:\/\/blogdofarnesio.com.br\/wp-content\/uploads\/2026\/03\/cropped-logo_new-1.png","width":881,"height":685,"caption":"Blog do Farn\u00e9sio"},"image":{"@id":"https:\/\/blogdofarnesio.com.br\/#\/schema\/logo\/image\/"},"sameAs":["https:\/\/www.facebook.com\/BlogQuerSaberPolitica\/"]},{"@type":"Person","@id":"https:\/\/blogdofarnesio.com.br\/#\/schema\/person\/bb9b23ae3ad0609ce8df7b6c9e76824d","name":"Farn\u00e9sio","image":{"@type":"ImageObject","inLanguage":"pt-BR","@id":"https:\/\/secure.gravatar.com\/avatar\/986aa4c61ccdb66f8555bf88fc2a65609d00bcabd4d2d94377a727547345cbca?s=96&d=mm&r=g","url":"https:\/\/secure.gravatar.com\/avatar\/986aa4c61ccdb66f8555bf88fc2a65609d00bcabd4d2d94377a727547345cbca?s=96&d=mm&r=g","contentUrl":"https:\/\/secure.gravatar.com\/avatar\/986aa4c61ccdb66f8555bf88fc2a65609d00bcabd4d2d94377a727547345cbca?s=96&d=mm&r=g","caption":"Farn\u00e9sio"},"description":"Radialista blogueiro, chegou a Petrolina\/Juazeiro em setembro de 1980, Farn\u00e9sio Silva \u00e9 de Arapiraca-Alagoas.","sameAs":["http:\/\/blogdofarnesio.com.br","https:\/\/www.facebook.com\/?ref=tn_tnmn","https:\/\/www.instagram.com\/?utm_source=pwa_homescreen","https:\/\/youtube.com.br\/"],"url":"https:\/\/blogdofarnesio.com.br\/author\/farnesio-2\/"}]}},"_links":{"self":[{"href":"https:\/\/blogdofarnesio.com.br\/wp-json\/wp\/v2\/posts\/325009","targetHints":{"allow":["GET"]}}],"collection":[{"href":"https:\/\/blogdofarnesio.com.br\/wp-json\/wp\/v2\/posts"}],"about":[{"href":"https:\/\/blogdofarnesio.com.br\/wp-json\/wp\/v2\/types\/post"}],"author":[{"embeddable":true,"href":"https:\/\/blogdofarnesio.com.br\/wp-json\/wp\/v2\/users\/2"}],"replies":[{"embeddable":true,"href":"https:\/\/blogdofarnesio.com.br\/wp-json\/wp\/v2\/comments?post=325009"}],"version-history":[{"count":0,"href":"https:\/\/blogdofarnesio.com.br\/wp-json\/wp\/v2\/posts\/325009\/revisions"}],"wp:featuredmedia":[{"embeddable":true,"href":"https:\/\/blogdofarnesio.com.br\/wp-json\/wp\/v2\/media\/325013"}],"wp:attachment":[{"href":"https:\/\/blogdofarnesio.com.br\/wp-json\/wp\/v2\/media?parent=325009"}],"wp:term":[{"taxonomy":"category","embeddable":true,"href":"https:\/\/blogdofarnesio.com.br\/wp-json\/wp\/v2\/categories?post=325009"},{"taxonomy":"post_tag","embeddable":true,"href":"https:\/\/blogdofarnesio.com.br\/wp-json\/wp\/v2\/tags?post=325009"}],"curies":[{"name":"wp","href":"https:\/\/api.w.org\/{rel}","templated":true}]}}