{"id":324820,"date":"2022-10-11T10:04:55","date_gmt":"2022-10-11T13:04:55","guid":{"rendered":"https:\/\/blogdofarnesio.com.br\/?p=324820"},"modified":"2022-10-10T18:30:17","modified_gmt":"2022-10-10T21:30:17","slug":"ultimos-dias-das-inscricoes-para-mega-revisao-enem-uniftc-no-vale-do-sao-francisco","status":"publish","type":"post","link":"https:\/\/blogdofarnesio.com.br\/?p=324820","title":{"rendered":"\u00daltimos dias das inscri\u00e7\u00f5es para Mega Revis\u00e3o Enem UniFTC no Vale do S\u00e3o Francisco"},"content":{"rendered":"<div>\n<div><\/div>\n<\/div>\n<div>\n<div>\n<table role=\"presentation\" border=\"0\" cellspacing=\"0\" cellpadding=\"0\" align=\"center\">\n<tbody>\n<tr>\n<td>\n<div class=\"m_7390780775774460204mj-column-per-100\">\n<table role=\"presentation\" border=\"0\" width=\"100%\" cellspacing=\"0\" cellpadding=\"0\">\n<tbody>\n<tr>\n<td>\n<table role=\"presentation\" border=\"0\" width=\"100%\" cellspacing=\"0\" cellpadding=\"0\">\n<tbody>\n<tr>\n<td align=\"left\">\n<div>\n<p><em><strong>O evento \u00e9 gratuito e acontece no antigo Coliseu Hall, Petrolina, dia 20 de outubro, com vagas limitadas<\/strong><\/em><\/p>\n<\/div>\n<\/td>\n<\/tr>\n<\/tbody>\n<\/table>\n<\/td>\n<\/tr>\n<\/tbody>\n<\/table>\n<\/div>\n<\/td>\n<\/tr>\n<\/tbody>\n<\/table>\n<\/div>\n<\/div>\n<div>\n<div>\n<table role=\"presentation\" border=\"0\" cellspacing=\"0\" cellpadding=\"0\" align=\"center\">\n<tbody>\n<tr>\n<td>\n<div class=\"m_7390780775774460204mj-column-per-100\">\n<table role=\"presentation\" border=\"0\" width=\"100%\" cellspacing=\"0\" cellpadding=\"0\">\n<tbody>\n<tr>\n<td>\n<table role=\"presentation\" border=\"0\" width=\"100%\" cellspacing=\"0\" cellpadding=\"0\">\n<tbody>\n<tr>\n<td align=\"left\">\n<div>\n<p>A maior e mais tradicional revis\u00e3o do Norte e Nordeste para o Exame Nacional do Ensino M\u00e9dio, a Mega\u00a0<a href=\"https:\/\/click.cse360.com.br\/Click\/AddCampaignEmailClick\/2979eac4-2ba6-4c57-3fee-08daa7d7e692\/http%253a%252f%252fmegarevisao.com\/ecc81b22-56d0-406f-0450-08d7c5ff26d2\/blogqsp@gmail.com\/True\" target=\"_blank\" rel=\"noopener noreferrer\" data-saferedirecturl=\"https:\/\/www.google.com\/url?q=https:\/\/click.cse360.com.br\/Click\/AddCampaignEmailClick\/2979eac4-2ba6-4c57-3fee-08daa7d7e692\/http%25253a%25252f%25252fmegarevisao.com\/ecc81b22-56d0-406f-0450-08d7c5ff26d2\/blogqsp@gmail.com\/True&amp;source=gmail&amp;ust=1665498142785000&amp;usg=AOvVaw3afIFF_5H27abeIoTTTk6R\">Revis\u00e3o Enem<\/a>\u00a0inicia seu cronograma de eventos, na regi\u00e3o do Vale do S\u00e3o Francisco, com a expectativa de reunir mais de 2 mil estudantes, no dia 20 de outubro.<\/p>\n<p>A Mega das Megas\u00a0\u00e9 gratuita, aberta ao p\u00fablico,\u00a0possui professores de refer\u00eancia regional e nacional e acontecer\u00e1 em Petrolina, no antigo\u00a0Coliseu Hall, na Avenida Monsenhor \u00c2ngelo Sampaio, 257 &#8211; Vila Eduardo, das 18h \u00e0s 22h.\u00a0Para ter acesso exclusivo aos melhores conte\u00fados os interessados podem realizar as inscri\u00e7\u00f5es pelo site\u00a0<a href=\"https:\/\/click.cse360.com.br\/Click\/AddCampaignEmailClick\/2979eac4-2ba6-4c57-3fee-08daa7d7e692\/https%253a%252f%252funif.tc%252fMegaUniFTC22\/ecc81b22-56d0-406f-0450-08d7c5ff26d2\/blogqsp@gmail.com\/True\" target=\"_blank\" rel=\"noopener noreferrer\" data-saferedirecturl=\"https:\/\/www.google.com\/url?q=https:\/\/click.cse360.com.br\/Click\/AddCampaignEmailClick\/2979eac4-2ba6-4c57-3fee-08daa7d7e692\/https%25253a%25252f%25252funif.tc%25252fMegaUniFTC22\/ecc81b22-56d0-406f-0450-08d7c5ff26d2\/blogqsp@gmail.com\/True&amp;source=gmail&amp;ust=1665498142785000&amp;usg=AOvVaw0f0xQhmmn-WwcADGoTbepn\">megarevisao.com<\/a>. Para entrar no espa\u00e7o do evento \u00e9 importante que o estudante tenha realizado sua inscri\u00e7\u00e3o no site e apresente documento de identifica\u00e7\u00e3o com foto.<\/p>\n<p>Os participantes receber\u00e3o dicas das disciplinas do Enem: Hist\u00f3ria, Geografia, Qu\u00edmica, Biologia, F\u00edsica, Matem\u00e1tica, L\u00edngua Portuguesa e Reda\u00e7\u00e3o. No dia 20, as aulas ser\u00e3o ministradas pelos professores Vadinho (F\u00edsica), Mauro (Qu\u00edmica), Ruy Nogueira (Biologia), Dantas (Matem\u00e1tica), Sulivan (Literatura), S\u00e1tiro (Reda\u00e7\u00e3o), Davi Calado (Geografia), Diedson Alves (Hist\u00f3ria do Brasil) e Ricardo Carvalho (Hist\u00f3ria Geral).<\/p>\n<p>A Mega Revis\u00e3o Enem UniFTC tem como objetivo proporcionar aos estudantes a oportunidade de tirar suas d\u00favidas com professores que t\u00eam grande experi\u00eancia na prepara\u00e7\u00e3o para provas dos principais vestibulares do pa\u00eds, sobretudo o Exame Nacional do Ensino M\u00e9dio (ENEM).<\/p>\n<p>\u201cO evento vem com uma estrutura pedag\u00f3gica moderna e inovadora por tr\u00e1s das aulas e re\u00fane um time de professores que vai levar aos participantes os melhores conte\u00fados com uma metodologia realmente eficaz\u201d, ressalta o Mestre em Educa\u00e7\u00e3o, professor Ricardo Carvalho, Coordenador Pedag\u00f3gico das Mega Revis\u00f5es UniFTC.<\/p>\n<p>O diretor da UniFTC na regi\u00e3o do Vale do S\u00e3o Francisco,\u00a0<a href=\"https:\/\/click.cse360.com.br\/Click\/AddCampaignEmailClick\/2979eac4-2ba6-4c57-3fee-08daa7d7e692\/https%253a%252f%252fwww.uniftc.edu.br%252funidades%252ffaculdade-em-petrolina\/ecc81b22-56d0-406f-0450-08d7c5ff26d2\/blogqsp@gmail.com\/True\" target=\"_blank\" rel=\"noopener noreferrer\" data-saferedirecturl=\"https:\/\/www.google.com\/url?q=https:\/\/click.cse360.com.br\/Click\/AddCampaignEmailClick\/2979eac4-2ba6-4c57-3fee-08daa7d7e692\/https%25253a%25252f%25252fwww.uniftc.edu.br%25252funidades%25252ffaculdade-em-petrolina\/ecc81b22-56d0-406f-0450-08d7c5ff26d2\/blogqsp@gmail.com\/True&amp;source=gmail&amp;ust=1665498142785000&amp;usg=AOvVaw3bB77PKNkXhuwUGX9i5Ipv\">UniFTC Petrolina<\/a>\u00a0e\u00a0<a href=\"https:\/\/click.cse360.com.br\/Click\/AddCampaignEmailClick\/2979eac4-2ba6-4c57-3fee-08daa7d7e692\/https%253a%252f%252fwww.uniftc.edu.br%252funidades%252ffaculdade-em-juazeiro\/ecc81b22-56d0-406f-0450-08d7c5ff26d2\/blogqsp@gmail.com\/True\" target=\"_blank\" rel=\"noopener noreferrer\" data-saferedirecturl=\"https:\/\/www.google.com\/url?q=https:\/\/click.cse360.com.br\/Click\/AddCampaignEmailClick\/2979eac4-2ba6-4c57-3fee-08daa7d7e692\/https%25253a%25252f%25252fwww.uniftc.edu.br%25252funidades%25252ffaculdade-em-juazeiro\/ecc81b22-56d0-406f-0450-08d7c5ff26d2\/blogqsp@gmail.com\/True&amp;source=gmail&amp;ust=1665498142785000&amp;usg=AOvVaw2d39JHJ-szNsNGDprU5Uci\">Juazeiro<\/a>, Andrei Mello, destaca que a Mega Revis\u00e3o \u00e9 fundamental para quem tem interesse em fazer uma revis\u00e3o de qualidade para a prova do ENEM. \u201cMuitos conhecimentos ser\u00e3o movimentados. Ser\u00e3o passados todos os conte\u00fados essenciais e dicas para uma reda\u00e7\u00e3o dentro dos padr\u00f5es exigidos pelo certame. Professores renomados est\u00e3o \u00e0 frente deste projeto, os alunos sair\u00e3o muito mais capacitados e orientados para o ENEM\u201d, argumentou o gestor.<\/p>\n<p>Al\u00e9m de ser aplicada no Sistema de Sele\u00e7\u00e3o Unificado, o disputado Sisu, uma boa nota no Enem pode tamb\u00e9m ser utilizada para entrar em institui\u00e7\u00f5es privadas, como a Rede UniFTC. A UniFTC Petrolina oferece 4 op\u00e7\u00f5es de cursos: Direito, Psicologia, Engenharias Civil e Arquitetura e Urbanismo, e na UniFTC Juazeiro os cursos de Odontologia, Direito, Psicologia, Enfermagem, Farm\u00e1cia, Nutri\u00e7\u00e3o, Fisioterapia e Biomedicina.<\/p>\n<p><strong>Mega Revis\u00e3o Enem UniFTC<\/strong><\/p>\n<p>Realizado desde 2014, a estimativa \u00e9 que mais de 100 mil estudantes j\u00e1 tenham participado da Mega Revis\u00e3o Enem UniFTC desde a primeira edi\u00e7\u00e3o. Um projeto do Grupo Educacional UniFTC, em parceria com o Escrit\u00f3rio do Pensamento, a Mega retorna ao formato presencial, em 2022, ap\u00f3s dois anos acontecendo em ambiente remoto por conta da pandemia da Covid-19.<\/p>\n<p><strong>|SERVI\u00c7O|<\/strong><\/p>\n<p><strong>\u00daltimas inscri\u00e7\u00f5es para Mega Revis\u00e3o Enem UniFTC\u00a0<\/strong><strong>no Vale do S\u00e3o Francisco<\/strong><\/p>\n<p><strong>Data:<\/strong>\u00a020\/10<\/p>\n<p><strong>Local:\u00a0<\/strong>antigo\u00a0Coliseu Hall, na Avenida Monsenhor \u00c2ngelo Sampaio, 257 &#8211; Vila Eduardo,<\/p>\n<p><strong>Hor\u00e1rio:<\/strong>\u00a0das 18h \u00e0s 22h<\/p>\n<p><strong>Inscri\u00e7\u00f5es gratuitas:<\/strong>\u00a0<a href=\"https:\/\/click.cse360.com.br\/Click\/AddCampaignEmailClick\/2979eac4-2ba6-4c57-3fee-08daa7d7e692\/https%253a%252f%252fmegarevisao.com%252f\/ecc81b22-56d0-406f-0450-08d7c5ff26d2\/blogqsp@gmail.com\/True\" target=\"_blank\" rel=\"noopener noreferrer\" data-saferedirecturl=\"https:\/\/www.google.com\/url?q=https:\/\/click.cse360.com.br\/Click\/AddCampaignEmailClick\/2979eac4-2ba6-4c57-3fee-08daa7d7e692\/https%25253a%25252f%25252fmegarevisao.com%25252f\/ecc81b22-56d0-406f-0450-08d7c5ff26d2\/blogqsp@gmail.com\/True&amp;source=gmail&amp;ust=1665498142785000&amp;usg=AOvVaw2jSs2qUJbwfOXzzbKPybNl\">www.megarevisao.com<\/a><\/p>\n<\/div>\n<\/td>\n<\/tr>\n<\/tbody>\n<\/table>\n<\/td>\n<\/tr>\n<\/tbody>\n<\/table>\n<\/div>\n<\/td>\n<\/tr>\n<\/tbody>\n<\/table>\n<\/div>\n<\/div>\n","protected":false},"excerpt":{"rendered":"<p>O evento \u00e9 gratuito e acontece no antigo Coliseu Hall, Petrolina, dia 20 de outubro, com vagas limitadas A maior e mais tradicional revis\u00e3o do Norte e Nordeste para o Exame Nacional do Ensino M\u00e9dio, a Mega\u00a0Revis\u00e3o Enem\u00a0inicia seu cronograma de eventos, na regi\u00e3o do Vale do S\u00e3o Francisco, com a expectativa de reunir mais de 2 mil estudantes, no dia 20 de outubro. A Mega das Megas\u00a0\u00e9 gratuita, aberta ao p\u00fablico,\u00a0possui professores de refer\u00eancia regional e nacional e acontecer\u00e1 em Petrolina, no antigo\u00a0Coliseu Hall, na Avenida Monsenhor \u00c2ngelo Sampaio, 257 &#8211; Vila Eduardo, das 18h \u00e0s 22h.\u00a0Para ter acesso exclusivo aos melhores conte\u00fados os interessados podem realizar as inscri\u00e7\u00f5es pelo site\u00a0megarevisao.com. Para entrar no espa\u00e7o do evento \u00e9 importante&hellip; <\/p>\n","protected":false},"author":2,"featured_media":147931,"comment_status":"open","ping_status":"open","sticky":false,"template":"","format":"standard","meta":{"_acf_changed":false,"footnotes":""},"categories":[6],"tags":[],"class_list":["post-324820","post","type-post","status-publish","format-standard","has-post-thumbnail","hentry","category-educacao"],"acf":[],"yoast_head":"<!-- This site is optimized with the Yoast SEO plugin v27.4 - https:\/\/yoast.com\/product\/yoast-seo-wordpress\/ -->\n<title>\u00daltimos dias das inscri\u00e7\u00f5es para Mega Revis\u00e3o Enem UniFTC no Vale do S\u00e3o Francisco - Blog do Farn\u00e9sio<\/title>\n<meta name=\"robots\" content=\"index, follow, max-snippet:-1, max-image-preview:large, max-video-preview:-1\" \/>\n<link rel=\"canonical\" href=\"https:\/\/blogdofarnesio.com.br\/?p=324820\" \/>\n<meta property=\"og:locale\" content=\"pt_BR\" \/>\n<meta property=\"og:type\" content=\"article\" \/>\n<meta property=\"og:title\" content=\"\u00daltimos dias das inscri\u00e7\u00f5es para Mega Revis\u00e3o Enem UniFTC no Vale do S\u00e3o Francisco - Blog do Farn\u00e9sio\" \/>\n<meta property=\"og:description\" content=\"O evento \u00e9 gratuito e acontece no antigo Coliseu Hall, Petrolina, dia 20 de outubro, com vagas limitadas A maior e mais tradicional revis\u00e3o do Norte e Nordeste para o Exame Nacional do Ensino M\u00e9dio, a Mega\u00a0Revis\u00e3o Enem\u00a0inicia seu cronograma de eventos, na regi\u00e3o do Vale do S\u00e3o Francisco, com a expectativa de reunir mais de 2 mil estudantes, no dia 20 de outubro. A Mega das Megas\u00a0\u00e9 gratuita, aberta ao p\u00fablico,\u00a0possui professores de refer\u00eancia regional e nacional e acontecer\u00e1 em Petrolina, no antigo\u00a0Coliseu Hall, na Avenida Monsenhor \u00c2ngelo Sampaio, 257 &#8211; Vila Eduardo, das 18h \u00e0s 22h.\u00a0Para ter acesso exclusivo aos melhores conte\u00fados os interessados podem realizar as inscri\u00e7\u00f5es pelo site\u00a0megarevisao.com. Para entrar no espa\u00e7o do evento \u00e9 importante&hellip;\" \/>\n<meta property=\"og:url\" content=\"https:\/\/blogdofarnesio.com.br\/?p=324820\" \/>\n<meta property=\"og:site_name\" content=\"Blog do Farn\u00e9sio\" \/>\n<meta property=\"article:publisher\" content=\"https:\/\/www.facebook.com\/BlogQuerSaberPolitica\/\" \/>\n<meta property=\"article:author\" content=\"https:\/\/www.facebook.com\/?ref=tn_tnmn\" \/>\n<meta property=\"article:published_time\" content=\"2022-10-11T13:04:55+00:00\" \/>\n<meta property=\"og:image\" content=\"https:\/\/blogdofarnesio.com.br\/wp-content\/uploads\/2016\/09\/blog-qsp-aul\u00e3o-em-petrolina.jpg\" \/>\n\t<meta property=\"og:image:width\" content=\"448\" \/>\n\t<meta property=\"og:image:height\" content=\"324\" \/>\n\t<meta property=\"og:image:type\" content=\"image\/jpeg\" \/>\n<meta name=\"author\" content=\"Farn\u00e9sio\" \/>\n<meta name=\"twitter:card\" content=\"summary_large_image\" \/>\n<meta name=\"twitter:label1\" content=\"Escrito por\" \/>\n\t<meta name=\"twitter:data1\" content=\"Farn\u00e9sio\" \/>\n\t<meta name=\"twitter:label2\" content=\"Est. tempo de leitura\" \/>\n\t<meta name=\"twitter:data2\" content=\"3 minutos\" \/>\n<script type=\"application\/ld+json\" class=\"yoast-schema-graph\">{\"@context\":\"https:\\\/\\\/schema.org\",\"@graph\":[{\"@type\":\"Article\",\"@id\":\"https:\\\/\\\/blogdofarnesio.com.br\\\/?p=324820#article\",\"isPartOf\":{\"@id\":\"https:\\\/\\\/blogdofarnesio.com.br\\\/?p=324820\"},\"author\":{\"name\":\"Farn\u00e9sio\",\"@id\":\"https:\\\/\\\/blogdofarnesio.com.br\\\/#\\\/schema\\\/person\\\/bb9b23ae3ad0609ce8df7b6c9e76824d\"},\"headline\":\"\u00daltimos dias das inscri\u00e7\u00f5es para Mega Revis\u00e3o Enem UniFTC no Vale do S\u00e3o Francisco\",\"datePublished\":\"2022-10-11T13:04:55+00:00\",\"mainEntityOfPage\":{\"@id\":\"https:\\\/\\\/blogdofarnesio.com.br\\\/?p=324820\"},\"wordCount\":597,\"commentCount\":0,\"publisher\":{\"@id\":\"https:\\\/\\\/blogdofarnesio.com.br\\\/#organization\"},\"image\":{\"@id\":\"https:\\\/\\\/blogdofarnesio.com.br\\\/?p=324820#primaryimage\"},\"thumbnailUrl\":\"https:\\\/\\\/blogdofarnesio.com.br\\\/wp-content\\\/uploads\\\/2016\\\/09\\\/blog-qsp-aul\u00e3o-em-petrolina.jpg\",\"articleSection\":[\"Educa\u00e7\u00e3o\"],\"inLanguage\":\"pt-BR\",\"potentialAction\":[{\"@type\":\"CommentAction\",\"name\":\"Comment\",\"target\":[\"https:\\\/\\\/blogdofarnesio.com.br\\\/?p=324820#respond\"]}]},{\"@type\":\"WebPage\",\"@id\":\"https:\\\/\\\/blogdofarnesio.com.br\\\/?p=324820\",\"url\":\"https:\\\/\\\/blogdofarnesio.com.br\\\/?p=324820\",\"name\":\"\u00daltimos dias das inscri\u00e7\u00f5es para Mega Revis\u00e3o Enem UniFTC no Vale do S\u00e3o Francisco - Blog do Farn\u00e9sio\",\"isPartOf\":{\"@id\":\"https:\\\/\\\/blogdofarnesio.com.br\\\/#website\"},\"primaryImageOfPage\":{\"@id\":\"https:\\\/\\\/blogdofarnesio.com.br\\\/?p=324820#primaryimage\"},\"image\":{\"@id\":\"https:\\\/\\\/blogdofarnesio.com.br\\\/?p=324820#primaryimage\"},\"thumbnailUrl\":\"https:\\\/\\\/blogdofarnesio.com.br\\\/wp-content\\\/uploads\\\/2016\\\/09\\\/blog-qsp-aul\u00e3o-em-petrolina.jpg\",\"datePublished\":\"2022-10-11T13:04:55+00:00\",\"breadcrumb\":{\"@id\":\"https:\\\/\\\/blogdofarnesio.com.br\\\/?p=324820#breadcrumb\"},\"inLanguage\":\"pt-BR\",\"potentialAction\":[{\"@type\":\"ReadAction\",\"target\":[\"https:\\\/\\\/blogdofarnesio.com.br\\\/?p=324820\"]}]},{\"@type\":\"ImageObject\",\"inLanguage\":\"pt-BR\",\"@id\":\"https:\\\/\\\/blogdofarnesio.com.br\\\/?p=324820#primaryimage\",\"url\":\"https:\\\/\\\/blogdofarnesio.com.br\\\/wp-content\\\/uploads\\\/2016\\\/09\\\/blog-qsp-aul\u00e3o-em-petrolina.jpg\",\"contentUrl\":\"https:\\\/\\\/blogdofarnesio.com.br\\\/wp-content\\\/uploads\\\/2016\\\/09\\\/blog-qsp-aul\u00e3o-em-petrolina.jpg\",\"width\":448,\"height\":324,\"caption\":\"Imagem Ilustrativa\"},{\"@type\":\"BreadcrumbList\",\"@id\":\"https:\\\/\\\/blogdofarnesio.com.br\\\/?p=324820#breadcrumb\",\"itemListElement\":[{\"@type\":\"ListItem\",\"position\":1,\"name\":\"In\u00edcio\",\"item\":\"https:\\\/\\\/blogdofarnesio.com.br\\\/\"},{\"@type\":\"ListItem\",\"position\":2,\"name\":\"\u00daltimos dias das inscri\u00e7\u00f5es para Mega Revis\u00e3o Enem UniFTC no Vale do S\u00e3o Francisco\"}]},{\"@type\":\"WebSite\",\"@id\":\"https:\\\/\\\/blogdofarnesio.com.br\\\/#website\",\"url\":\"https:\\\/\\\/blogdofarnesio.com.br\\\/\",\"name\":\"Blog do Farn\u00e9sio\",\"description\":\"Quer Saber Pol\u00edtica?\",\"publisher\":{\"@id\":\"https:\\\/\\\/blogdofarnesio.com.br\\\/#organization\"},\"potentialAction\":[{\"@type\":\"SearchAction\",\"target\":{\"@type\":\"EntryPoint\",\"urlTemplate\":\"https:\\\/\\\/blogdofarnesio.com.br\\\/?s={search_term_string}\"},\"query-input\":{\"@type\":\"PropertyValueSpecification\",\"valueRequired\":true,\"valueName\":\"search_term_string\"}}],\"inLanguage\":\"pt-BR\"},{\"@type\":\"Organization\",\"@id\":\"https:\\\/\\\/blogdofarnesio.com.br\\\/#organization\",\"name\":\"Blog do Farn\u00e9sio\",\"url\":\"https:\\\/\\\/blogdofarnesio.com.br\\\/\",\"logo\":{\"@type\":\"ImageObject\",\"inLanguage\":\"pt-BR\",\"@id\":\"https:\\\/\\\/blogdofarnesio.com.br\\\/#\\\/schema\\\/logo\\\/image\\\/\",\"url\":\"https:\\\/\\\/blogdofarnesio.com.br\\\/wp-content\\\/uploads\\\/2026\\\/03\\\/cropped-logo_new-1.png\",\"contentUrl\":\"https:\\\/\\\/blogdofarnesio.com.br\\\/wp-content\\\/uploads\\\/2026\\\/03\\\/cropped-logo_new-1.png\",\"width\":881,\"height\":685,\"caption\":\"Blog do Farn\u00e9sio\"},\"image\":{\"@id\":\"https:\\\/\\\/blogdofarnesio.com.br\\\/#\\\/schema\\\/logo\\\/image\\\/\"},\"sameAs\":[\"https:\\\/\\\/www.facebook.com\\\/BlogQuerSaberPolitica\\\/\"]},{\"@type\":\"Person\",\"@id\":\"https:\\\/\\\/blogdofarnesio.com.br\\\/#\\\/schema\\\/person\\\/bb9b23ae3ad0609ce8df7b6c9e76824d\",\"name\":\"Farn\u00e9sio\",\"image\":{\"@type\":\"ImageObject\",\"inLanguage\":\"pt-BR\",\"@id\":\"https:\\\/\\\/secure.gravatar.com\\\/avatar\\\/986aa4c61ccdb66f8555bf88fc2a65609d00bcabd4d2d94377a727547345cbca?s=96&d=mm&r=g\",\"url\":\"https:\\\/\\\/secure.gravatar.com\\\/avatar\\\/986aa4c61ccdb66f8555bf88fc2a65609d00bcabd4d2d94377a727547345cbca?s=96&d=mm&r=g\",\"contentUrl\":\"https:\\\/\\\/secure.gravatar.com\\\/avatar\\\/986aa4c61ccdb66f8555bf88fc2a65609d00bcabd4d2d94377a727547345cbca?s=96&d=mm&r=g\",\"caption\":\"Farn\u00e9sio\"},\"description\":\"Radialista blogueiro, chegou a Petrolina\\\/Juazeiro em setembro de 1980, Farn\u00e9sio Silva \u00e9 de Arapiraca-Alagoas.\",\"sameAs\":[\"http:\\\/\\\/blogdofarnesio.com.br\",\"https:\\\/\\\/www.facebook.com\\\/?ref=tn_tnmn\",\"https:\\\/\\\/www.instagram.com\\\/?utm_source=pwa_homescreen\",\"https:\\\/\\\/youtube.com.br\\\/\"],\"url\":\"https:\\\/\\\/blogdofarnesio.com.br\\\/?author=2\"}]}<\/script>\n<!-- \/ Yoast SEO plugin. -->","yoast_head_json":{"title":"\u00daltimos dias das inscri\u00e7\u00f5es para Mega Revis\u00e3o Enem UniFTC no Vale do S\u00e3o Francisco - Blog do Farn\u00e9sio","robots":{"index":"index","follow":"follow","max-snippet":"max-snippet:-1","max-image-preview":"max-image-preview:large","max-video-preview":"max-video-preview:-1"},"canonical":"https:\/\/blogdofarnesio.com.br\/?p=324820","og_locale":"pt_BR","og_type":"article","og_title":"\u00daltimos dias das inscri\u00e7\u00f5es para Mega Revis\u00e3o Enem UniFTC no Vale do S\u00e3o Francisco - Blog do Farn\u00e9sio","og_description":"O evento \u00e9 gratuito e acontece no antigo Coliseu Hall, Petrolina, dia 20 de outubro, com vagas limitadas A maior e mais tradicional revis\u00e3o do Norte e Nordeste para o Exame Nacional do Ensino M\u00e9dio, a Mega\u00a0Revis\u00e3o Enem\u00a0inicia seu cronograma de eventos, na regi\u00e3o do Vale do S\u00e3o Francisco, com a expectativa de reunir mais de 2 mil estudantes, no dia 20 de outubro. A Mega das Megas\u00a0\u00e9 gratuita, aberta ao p\u00fablico,\u00a0possui professores de refer\u00eancia regional e nacional e acontecer\u00e1 em Petrolina, no antigo\u00a0Coliseu Hall, na Avenida Monsenhor \u00c2ngelo Sampaio, 257 &#8211; Vila Eduardo, das 18h \u00e0s 22h.\u00a0Para ter acesso exclusivo aos melhores conte\u00fados os interessados podem realizar as inscri\u00e7\u00f5es pelo site\u00a0megarevisao.com. Para entrar no espa\u00e7o do evento \u00e9 importante&hellip;","og_url":"https:\/\/blogdofarnesio.com.br\/?p=324820","og_site_name":"Blog do Farn\u00e9sio","article_publisher":"https:\/\/www.facebook.com\/BlogQuerSaberPolitica\/","article_author":"https:\/\/www.facebook.com\/?ref=tn_tnmn","article_published_time":"2022-10-11T13:04:55+00:00","og_image":[{"width":448,"height":324,"url":"https:\/\/blogdofarnesio.com.br\/wp-content\/uploads\/2016\/09\/blog-qsp-aul\u00e3o-em-petrolina.jpg","type":"image\/jpeg"}],"author":"Farn\u00e9sio","twitter_card":"summary_large_image","twitter_misc":{"Escrito por":"Farn\u00e9sio","Est. tempo de leitura":"3 minutos"},"schema":{"@context":"https:\/\/schema.org","@graph":[{"@type":"Article","@id":"https:\/\/blogdofarnesio.com.br\/?p=324820#article","isPartOf":{"@id":"https:\/\/blogdofarnesio.com.br\/?p=324820"},"author":{"name":"Farn\u00e9sio","@id":"https:\/\/blogdofarnesio.com.br\/#\/schema\/person\/bb9b23ae3ad0609ce8df7b6c9e76824d"},"headline":"\u00daltimos dias das inscri\u00e7\u00f5es para Mega Revis\u00e3o Enem UniFTC no Vale do S\u00e3o Francisco","datePublished":"2022-10-11T13:04:55+00:00","mainEntityOfPage":{"@id":"https:\/\/blogdofarnesio.com.br\/?p=324820"},"wordCount":597,"commentCount":0,"publisher":{"@id":"https:\/\/blogdofarnesio.com.br\/#organization"},"image":{"@id":"https:\/\/blogdofarnesio.com.br\/?p=324820#primaryimage"},"thumbnailUrl":"https:\/\/blogdofarnesio.com.br\/wp-content\/uploads\/2016\/09\/blog-qsp-aul\u00e3o-em-petrolina.jpg","articleSection":["Educa\u00e7\u00e3o"],"inLanguage":"pt-BR","potentialAction":[{"@type":"CommentAction","name":"Comment","target":["https:\/\/blogdofarnesio.com.br\/?p=324820#respond"]}]},{"@type":"WebPage","@id":"https:\/\/blogdofarnesio.com.br\/?p=324820","url":"https:\/\/blogdofarnesio.com.br\/?p=324820","name":"\u00daltimos dias das inscri\u00e7\u00f5es para Mega Revis\u00e3o Enem UniFTC no Vale do S\u00e3o Francisco - Blog do Farn\u00e9sio","isPartOf":{"@id":"https:\/\/blogdofarnesio.com.br\/#website"},"primaryImageOfPage":{"@id":"https:\/\/blogdofarnesio.com.br\/?p=324820#primaryimage"},"image":{"@id":"https:\/\/blogdofarnesio.com.br\/?p=324820#primaryimage"},"thumbnailUrl":"https:\/\/blogdofarnesio.com.br\/wp-content\/uploads\/2016\/09\/blog-qsp-aul\u00e3o-em-petrolina.jpg","datePublished":"2022-10-11T13:04:55+00:00","breadcrumb":{"@id":"https:\/\/blogdofarnesio.com.br\/?p=324820#breadcrumb"},"inLanguage":"pt-BR","potentialAction":[{"@type":"ReadAction","target":["https:\/\/blogdofarnesio.com.br\/?p=324820"]}]},{"@type":"ImageObject","inLanguage":"pt-BR","@id":"https:\/\/blogdofarnesio.com.br\/?p=324820#primaryimage","url":"https:\/\/blogdofarnesio.com.br\/wp-content\/uploads\/2016\/09\/blog-qsp-aul\u00e3o-em-petrolina.jpg","contentUrl":"https:\/\/blogdofarnesio.com.br\/wp-content\/uploads\/2016\/09\/blog-qsp-aul\u00e3o-em-petrolina.jpg","width":448,"height":324,"caption":"Imagem Ilustrativa"},{"@type":"BreadcrumbList","@id":"https:\/\/blogdofarnesio.com.br\/?p=324820#breadcrumb","itemListElement":[{"@type":"ListItem","position":1,"name":"In\u00edcio","item":"https:\/\/blogdofarnesio.com.br\/"},{"@type":"ListItem","position":2,"name":"\u00daltimos dias das inscri\u00e7\u00f5es para Mega Revis\u00e3o Enem UniFTC no Vale do S\u00e3o Francisco"}]},{"@type":"WebSite","@id":"https:\/\/blogdofarnesio.com.br\/#website","url":"https:\/\/blogdofarnesio.com.br\/","name":"Blog do Farn\u00e9sio","description":"Quer Saber Pol\u00edtica?","publisher":{"@id":"https:\/\/blogdofarnesio.com.br\/#organization"},"potentialAction":[{"@type":"SearchAction","target":{"@type":"EntryPoint","urlTemplate":"https:\/\/blogdofarnesio.com.br\/?s={search_term_string}"},"query-input":{"@type":"PropertyValueSpecification","valueRequired":true,"valueName":"search_term_string"}}],"inLanguage":"pt-BR"},{"@type":"Organization","@id":"https:\/\/blogdofarnesio.com.br\/#organization","name":"Blog do Farn\u00e9sio","url":"https:\/\/blogdofarnesio.com.br\/","logo":{"@type":"ImageObject","inLanguage":"pt-BR","@id":"https:\/\/blogdofarnesio.com.br\/#\/schema\/logo\/image\/","url":"https:\/\/blogdofarnesio.com.br\/wp-content\/uploads\/2026\/03\/cropped-logo_new-1.png","contentUrl":"https:\/\/blogdofarnesio.com.br\/wp-content\/uploads\/2026\/03\/cropped-logo_new-1.png","width":881,"height":685,"caption":"Blog do Farn\u00e9sio"},"image":{"@id":"https:\/\/blogdofarnesio.com.br\/#\/schema\/logo\/image\/"},"sameAs":["https:\/\/www.facebook.com\/BlogQuerSaberPolitica\/"]},{"@type":"Person","@id":"https:\/\/blogdofarnesio.com.br\/#\/schema\/person\/bb9b23ae3ad0609ce8df7b6c9e76824d","name":"Farn\u00e9sio","image":{"@type":"ImageObject","inLanguage":"pt-BR","@id":"https:\/\/secure.gravatar.com\/avatar\/986aa4c61ccdb66f8555bf88fc2a65609d00bcabd4d2d94377a727547345cbca?s=96&d=mm&r=g","url":"https:\/\/secure.gravatar.com\/avatar\/986aa4c61ccdb66f8555bf88fc2a65609d00bcabd4d2d94377a727547345cbca?s=96&d=mm&r=g","contentUrl":"https:\/\/secure.gravatar.com\/avatar\/986aa4c61ccdb66f8555bf88fc2a65609d00bcabd4d2d94377a727547345cbca?s=96&d=mm&r=g","caption":"Farn\u00e9sio"},"description":"Radialista blogueiro, chegou a Petrolina\/Juazeiro em setembro de 1980, Farn\u00e9sio Silva \u00e9 de Arapiraca-Alagoas.","sameAs":["http:\/\/blogdofarnesio.com.br","https:\/\/www.facebook.com\/?ref=tn_tnmn","https:\/\/www.instagram.com\/?utm_source=pwa_homescreen","https:\/\/youtube.com.br\/"],"url":"https:\/\/blogdofarnesio.com.br\/?author=2"}]}},"_links":{"self":[{"href":"https:\/\/blogdofarnesio.com.br\/index.php?rest_route=\/wp\/v2\/posts\/324820","targetHints":{"allow":["GET"]}}],"collection":[{"href":"https:\/\/blogdofarnesio.com.br\/index.php?rest_route=\/wp\/v2\/posts"}],"about":[{"href":"https:\/\/blogdofarnesio.com.br\/index.php?rest_route=\/wp\/v2\/types\/post"}],"author":[{"embeddable":true,"href":"https:\/\/blogdofarnesio.com.br\/index.php?rest_route=\/wp\/v2\/users\/2"}],"replies":[{"embeddable":true,"href":"https:\/\/blogdofarnesio.com.br\/index.php?rest_route=%2Fwp%2Fv2%2Fcomments&post=324820"}],"version-history":[{"count":0,"href":"https:\/\/blogdofarnesio.com.br\/index.php?rest_route=\/wp\/v2\/posts\/324820\/revisions"}],"wp:featuredmedia":[{"embeddable":true,"href":"https:\/\/blogdofarnesio.com.br\/index.php?rest_route=\/wp\/v2\/media\/147931"}],"wp:attachment":[{"href":"https:\/\/blogdofarnesio.com.br\/index.php?rest_route=%2Fwp%2Fv2%2Fmedia&parent=324820"}],"wp:term":[{"taxonomy":"category","embeddable":true,"href":"https:\/\/blogdofarnesio.com.br\/index.php?rest_route=%2Fwp%2Fv2%2Fcategories&post=324820"},{"taxonomy":"post_tag","embeddable":true,"href":"https:\/\/blogdofarnesio.com.br\/index.php?rest_route=%2Fwp%2Fv2%2Ftags&post=324820"}],"curies":[{"name":"wp","href":"https:\/\/api.w.org\/{rel}","templated":true}]}}