{"id":324812,"date":"2022-10-11T10:23:32","date_gmt":"2022-10-11T13:23:32","guid":{"rendered":"https:\/\/blogdofarnesio.com.br\/?p=324812"},"modified":"2022-10-11T08:50:52","modified_gmt":"2022-10-11T11:50:52","slug":"prefeitura-recupera-iluminacao-publica-na-avenida-cheffy-khoury-apos-furto-de-cabos-de-energia","status":"publish","type":"post","link":"https:\/\/blogdofarnesio.com.br\/?p=324812","title":{"rendered":"Prefeitura recupera ilumina\u00e7\u00e3o p\u00fablica na Avenida Cheffy Khoury ap\u00f3s furto de cabos de energia"},"content":{"rendered":"<p>A Prefeitura de Juazeiro, por meio da Secretaria Municipal de Servi\u00e7os P\u00fablicos (Sesp) est\u00e1 realizando nesta segunda-feira (10) os trabalhos de recupera\u00e7\u00e3o da rede de ilumina\u00e7\u00e3o p\u00fablica da Avenida Cheffy Khoury, principal via de acesso aos bairros Jo\u00e3o Paulo II, Ant\u00f4nio Guilhermino, Parque Residencial e Distrito Industrial. A necessidade da recupera\u00e7\u00e3o se deu ap\u00f3s o furto de aproximadamente 350 metros de cabeamento, que comprometeu toda a ilumina\u00e7\u00e3o inaugurada na Avenida no m\u00eas de julho.<\/p>\n<p>De acordo com o gestor da Sesp, Charles Leal, somente este ano mais de 2 mil metros de cabos j\u00e1 foram furtados da ilumina\u00e7\u00e3o p\u00fablica no munic\u00edpio, comprometendo a ilumina\u00e7\u00e3o em bairros como Novo Encontro, Tabuleiro, entre outros.<\/p>\n<p>\u201cPedimos a toda popula\u00e7\u00e3o que cuide do patrim\u00f4nio p\u00fablico. Aqui na Cheffy Khoury foram investidos aproximadamente R$ 620 mil, com recursos pr\u00f3prios da Prefeitura, para garantir seguran\u00e7a e mobilidade urbana para a popula\u00e7\u00e3o dos bairros que est\u00e3o pr\u00f3ximos a Avenida. Lamentamos o ocorrido e refor\u00e7amos o compromisso da gest\u00e3o municipal com a comunidade, por isso estamos aqui efetuando toda a recupera\u00e7\u00e3o. Ao ver algum crime de vandalismo, denunciem\u201d, destacou Charles Leal.<\/p>\n<p>Recupera\u00e7\u00e3o<\/p>\n<p>Para recuperar o trecho e restabelecer a energia el\u00e9trica no local o mais r\u00e1pido poss\u00edvel, eletricistas da Sesp est\u00e3o trabalhando na avenida.\u00a0 A previs\u00e3o \u00e9 de que hoje mesmo seja conclu\u00edda a reinstala\u00e7\u00e3o do cabeamento e a ilumina\u00e7\u00e3o da via seja restabelecida e, para evitar novos furtos, a equipe operacional de ilumina\u00e7\u00e3o do munic\u00edpio realizou a concretagem da base que abriga os cabos de ilumina\u00e7\u00e3o.<\/p>\n<p>Crime<\/p>\n<p>Furto de cabeamento de ilumina\u00e7\u00e3o p\u00fablica \u00e9 crime e quem for flagrado pode ser preso e responder\u00e1 por furto qualificado, com pena de reclus\u00e3o de tr\u00eas a oito anos. Al\u00e9m disso, quem comprar esse tipo de material poder\u00e1 responder por recepta\u00e7\u00e3o qualificada. Den\u00fancias podem ser feitas para a Pol\u00edcia Militar, atrav\u00e9s do n\u00famero 190 ou da Guarda Civil Municipal: 153 (Central de Atendimento) e 3611-9880.<\/p>\n<p>Avenida requalificada<\/p>\n<p>A Avenida Cheffy Khoury foi totalmente revitalizada e entregue a popula\u00e7\u00e3o no m\u00eas de julho, dentro do pacote de obras que marcaram as comemora\u00e7\u00f5es dos 144 anos de Juazeiro. Foram instaladas 28 torres de ilumina\u00e7\u00e3o com mais de 60 l\u00e2mpadas no modelo LED de 100 Watts de pot\u00eancia, proporcionando mais seguran\u00e7a, uma avenida mais iluminada e possibilitando melhor visibilidade \u00e0 noite aos motoristas e pedestres que circulam pelo local. Al\u00e9m da nova ilumina\u00e7\u00e3o, foi feita toda uma reestrutura\u00e7\u00e3o do canteiro central, sinaliza\u00e7\u00e3o da avenida e da ciclovia.<\/p>\n<p>Texto: Gardennia Garibalde \u2013 Ascom PMJ<br \/>\nFotos: Pedro Angelo\/Ascom PMJ<\/p>\n","protected":false},"excerpt":{"rendered":"<p>A Prefeitura de Juazeiro, por meio da Secretaria Municipal de Servi\u00e7os P\u00fablicos (Sesp) est\u00e1 realizando nesta segunda-feira (10) os trabalhos de recupera\u00e7\u00e3o da rede de ilumina\u00e7\u00e3o p\u00fablica da Avenida Cheffy Khoury, principal via de acesso aos bairros Jo\u00e3o Paulo II, Ant\u00f4nio Guilhermino, Parque Residencial e Distrito Industrial. A necessidade da recupera\u00e7\u00e3o se deu ap\u00f3s o furto de aproximadamente 350 metros de cabeamento, que comprometeu toda a ilumina\u00e7\u00e3o inaugurada na Avenida no m\u00eas de julho. De acordo com o gestor da Sesp, Charles Leal, somente este ano mais de 2 mil metros de cabos j\u00e1 foram furtados da ilumina\u00e7\u00e3o p\u00fablica no munic\u00edpio, comprometendo a ilumina\u00e7\u00e3o em bairros como Novo Encontro, Tabuleiro, entre outros. \u201cPedimos a toda popula\u00e7\u00e3o que cuide do patrim\u00f4nio&hellip; <\/p>\n","protected":false},"author":2,"featured_media":324813,"comment_status":"open","ping_status":"open","sticky":false,"template":"","format":"standard","meta":{"_acf_changed":false,"footnotes":""},"categories":[44],"tags":[],"class_list":["post-324812","post","type-post","status-publish","format-standard","has-post-thumbnail","hentry","category-administracao"],"acf":[],"yoast_head":"<!-- This site is optimized with the Yoast SEO plugin v27.4 - https:\/\/yoast.com\/product\/yoast-seo-wordpress\/ -->\n<title>Prefeitura recupera ilumina\u00e7\u00e3o p\u00fablica na Avenida Cheffy Khoury ap\u00f3s furto de cabos de energia - Blog do Farn\u00e9sio<\/title>\n<meta name=\"robots\" content=\"index, follow, max-snippet:-1, max-image-preview:large, max-video-preview:-1\" \/>\n<link rel=\"canonical\" href=\"https:\/\/blogdofarnesio.com.br\/?p=324812\" \/>\n<meta property=\"og:locale\" content=\"pt_BR\" \/>\n<meta property=\"og:type\" content=\"article\" \/>\n<meta property=\"og:title\" content=\"Prefeitura recupera ilumina\u00e7\u00e3o p\u00fablica na Avenida Cheffy Khoury ap\u00f3s furto de cabos de energia - Blog do Farn\u00e9sio\" \/>\n<meta property=\"og:description\" content=\"A Prefeitura de Juazeiro, por meio da Secretaria Municipal de Servi\u00e7os P\u00fablicos (Sesp) est\u00e1 realizando nesta segunda-feira (10) os trabalhos de recupera\u00e7\u00e3o da rede de ilumina\u00e7\u00e3o p\u00fablica da Avenida Cheffy Khoury, principal via de acesso aos bairros Jo\u00e3o Paulo II, Ant\u00f4nio Guilhermino, Parque Residencial e Distrito Industrial. A necessidade da recupera\u00e7\u00e3o se deu ap\u00f3s o furto de aproximadamente 350 metros de cabeamento, que comprometeu toda a ilumina\u00e7\u00e3o inaugurada na Avenida no m\u00eas de julho. De acordo com o gestor da Sesp, Charles Leal, somente este ano mais de 2 mil metros de cabos j\u00e1 foram furtados da ilumina\u00e7\u00e3o p\u00fablica no munic\u00edpio, comprometendo a ilumina\u00e7\u00e3o em bairros como Novo Encontro, Tabuleiro, entre outros. \u201cPedimos a toda popula\u00e7\u00e3o que cuide do patrim\u00f4nio&hellip;\" \/>\n<meta property=\"og:url\" content=\"https:\/\/blogdofarnesio.com.br\/?p=324812\" \/>\n<meta property=\"og:site_name\" content=\"Blog do Farn\u00e9sio\" \/>\n<meta property=\"article:publisher\" content=\"https:\/\/www.facebook.com\/BlogQuerSaberPolitica\/\" \/>\n<meta property=\"article:author\" content=\"https:\/\/www.facebook.com\/?ref=tn_tnmn\" \/>\n<meta property=\"article:published_time\" content=\"2022-10-11T13:23:32+00:00\" \/>\n<meta property=\"og:image\" content=\"https:\/\/blogdofarnesio.com.br\/wp-content\/uploads\/2022\/10\/blogqspjua-furto-fiacao-e1665435132993.jpg\" \/>\n\t<meta property=\"og:image:width\" content=\"620\" \/>\n\t<meta property=\"og:image:height\" content=\"413\" \/>\n\t<meta property=\"og:image:type\" content=\"image\/jpeg\" \/>\n<meta name=\"author\" content=\"Farn\u00e9sio\" \/>\n<meta name=\"twitter:card\" content=\"summary_large_image\" \/>\n<meta name=\"twitter:label1\" content=\"Escrito por\" \/>\n\t<meta name=\"twitter:data1\" content=\"Farn\u00e9sio\" \/>\n\t<meta name=\"twitter:label2\" content=\"Est. tempo de leitura\" \/>\n\t<meta name=\"twitter:data2\" content=\"3 minutos\" \/>\n<script type=\"application\/ld+json\" class=\"yoast-schema-graph\">{\"@context\":\"https:\\\/\\\/schema.org\",\"@graph\":[{\"@type\":\"Article\",\"@id\":\"https:\\\/\\\/blogdofarnesio.com.br\\\/?p=324812#article\",\"isPartOf\":{\"@id\":\"https:\\\/\\\/blogdofarnesio.com.br\\\/?p=324812\"},\"author\":{\"name\":\"Farn\u00e9sio\",\"@id\":\"https:\\\/\\\/blogdofarnesio.com.br\\\/#\\\/schema\\\/person\\\/bb9b23ae3ad0609ce8df7b6c9e76824d\"},\"headline\":\"Prefeitura recupera ilumina\u00e7\u00e3o p\u00fablica na Avenida Cheffy Khoury ap\u00f3s furto de cabos de energia\",\"datePublished\":\"2022-10-11T13:23:32+00:00\",\"mainEntityOfPage\":{\"@id\":\"https:\\\/\\\/blogdofarnesio.com.br\\\/?p=324812\"},\"wordCount\":477,\"commentCount\":0,\"publisher\":{\"@id\":\"https:\\\/\\\/blogdofarnesio.com.br\\\/#organization\"},\"image\":{\"@id\":\"https:\\\/\\\/blogdofarnesio.com.br\\\/?p=324812#primaryimage\"},\"thumbnailUrl\":\"https:\\\/\\\/blogdofarnesio.com.br\\\/wp-content\\\/uploads\\\/2022\\\/10\\\/blogqspjua-furto-fiacao-e1665435132993.jpg\",\"articleSection\":[\"Administra\u00e7\u00e3o\"],\"inLanguage\":\"pt-BR\",\"potentialAction\":[{\"@type\":\"CommentAction\",\"name\":\"Comment\",\"target\":[\"https:\\\/\\\/blogdofarnesio.com.br\\\/?p=324812#respond\"]}]},{\"@type\":\"WebPage\",\"@id\":\"https:\\\/\\\/blogdofarnesio.com.br\\\/?p=324812\",\"url\":\"https:\\\/\\\/blogdofarnesio.com.br\\\/?p=324812\",\"name\":\"Prefeitura recupera ilumina\u00e7\u00e3o p\u00fablica na Avenida Cheffy Khoury ap\u00f3s furto de cabos de energia - Blog do Farn\u00e9sio\",\"isPartOf\":{\"@id\":\"https:\\\/\\\/blogdofarnesio.com.br\\\/#website\"},\"primaryImageOfPage\":{\"@id\":\"https:\\\/\\\/blogdofarnesio.com.br\\\/?p=324812#primaryimage\"},\"image\":{\"@id\":\"https:\\\/\\\/blogdofarnesio.com.br\\\/?p=324812#primaryimage\"},\"thumbnailUrl\":\"https:\\\/\\\/blogdofarnesio.com.br\\\/wp-content\\\/uploads\\\/2022\\\/10\\\/blogqspjua-furto-fiacao-e1665435132993.jpg\",\"datePublished\":\"2022-10-11T13:23:32+00:00\",\"breadcrumb\":{\"@id\":\"https:\\\/\\\/blogdofarnesio.com.br\\\/?p=324812#breadcrumb\"},\"inLanguage\":\"pt-BR\",\"potentialAction\":[{\"@type\":\"ReadAction\",\"target\":[\"https:\\\/\\\/blogdofarnesio.com.br\\\/?p=324812\"]}]},{\"@type\":\"ImageObject\",\"inLanguage\":\"pt-BR\",\"@id\":\"https:\\\/\\\/blogdofarnesio.com.br\\\/?p=324812#primaryimage\",\"url\":\"https:\\\/\\\/blogdofarnesio.com.br\\\/wp-content\\\/uploads\\\/2022\\\/10\\\/blogqspjua-furto-fiacao-e1665435132993.jpg\",\"contentUrl\":\"https:\\\/\\\/blogdofarnesio.com.br\\\/wp-content\\\/uploads\\\/2022\\\/10\\\/blogqspjua-furto-fiacao-e1665435132993.jpg\",\"width\":620,\"height\":413},{\"@type\":\"BreadcrumbList\",\"@id\":\"https:\\\/\\\/blogdofarnesio.com.br\\\/?p=324812#breadcrumb\",\"itemListElement\":[{\"@type\":\"ListItem\",\"position\":1,\"name\":\"In\u00edcio\",\"item\":\"https:\\\/\\\/blogdofarnesio.com.br\\\/\"},{\"@type\":\"ListItem\",\"position\":2,\"name\":\"Prefeitura recupera ilumina\u00e7\u00e3o p\u00fablica na Avenida Cheffy Khoury ap\u00f3s furto de cabos de energia\"}]},{\"@type\":\"WebSite\",\"@id\":\"https:\\\/\\\/blogdofarnesio.com.br\\\/#website\",\"url\":\"https:\\\/\\\/blogdofarnesio.com.br\\\/\",\"name\":\"Blog do Farn\u00e9sio\",\"description\":\"Quer Saber Pol\u00edtica?\",\"publisher\":{\"@id\":\"https:\\\/\\\/blogdofarnesio.com.br\\\/#organization\"},\"potentialAction\":[{\"@type\":\"SearchAction\",\"target\":{\"@type\":\"EntryPoint\",\"urlTemplate\":\"https:\\\/\\\/blogdofarnesio.com.br\\\/?s={search_term_string}\"},\"query-input\":{\"@type\":\"PropertyValueSpecification\",\"valueRequired\":true,\"valueName\":\"search_term_string\"}}],\"inLanguage\":\"pt-BR\"},{\"@type\":\"Organization\",\"@id\":\"https:\\\/\\\/blogdofarnesio.com.br\\\/#organization\",\"name\":\"Blog do Farn\u00e9sio\",\"url\":\"https:\\\/\\\/blogdofarnesio.com.br\\\/\",\"logo\":{\"@type\":\"ImageObject\",\"inLanguage\":\"pt-BR\",\"@id\":\"https:\\\/\\\/blogdofarnesio.com.br\\\/#\\\/schema\\\/logo\\\/image\\\/\",\"url\":\"https:\\\/\\\/blogdofarnesio.com.br\\\/wp-content\\\/uploads\\\/2026\\\/03\\\/cropped-logo_new-1.png\",\"contentUrl\":\"https:\\\/\\\/blogdofarnesio.com.br\\\/wp-content\\\/uploads\\\/2026\\\/03\\\/cropped-logo_new-1.png\",\"width\":881,\"height\":685,\"caption\":\"Blog do Farn\u00e9sio\"},\"image\":{\"@id\":\"https:\\\/\\\/blogdofarnesio.com.br\\\/#\\\/schema\\\/logo\\\/image\\\/\"},\"sameAs\":[\"https:\\\/\\\/www.facebook.com\\\/BlogQuerSaberPolitica\\\/\"]},{\"@type\":\"Person\",\"@id\":\"https:\\\/\\\/blogdofarnesio.com.br\\\/#\\\/schema\\\/person\\\/bb9b23ae3ad0609ce8df7b6c9e76824d\",\"name\":\"Farn\u00e9sio\",\"image\":{\"@type\":\"ImageObject\",\"inLanguage\":\"pt-BR\",\"@id\":\"https:\\\/\\\/secure.gravatar.com\\\/avatar\\\/986aa4c61ccdb66f8555bf88fc2a65609d00bcabd4d2d94377a727547345cbca?s=96&d=mm&r=g\",\"url\":\"https:\\\/\\\/secure.gravatar.com\\\/avatar\\\/986aa4c61ccdb66f8555bf88fc2a65609d00bcabd4d2d94377a727547345cbca?s=96&d=mm&r=g\",\"contentUrl\":\"https:\\\/\\\/secure.gravatar.com\\\/avatar\\\/986aa4c61ccdb66f8555bf88fc2a65609d00bcabd4d2d94377a727547345cbca?s=96&d=mm&r=g\",\"caption\":\"Farn\u00e9sio\"},\"description\":\"Radialista blogueiro, chegou a Petrolina\\\/Juazeiro em setembro de 1980, Farn\u00e9sio Silva \u00e9 de Arapiraca-Alagoas.\",\"sameAs\":[\"http:\\\/\\\/blogdofarnesio.com.br\",\"https:\\\/\\\/www.facebook.com\\\/?ref=tn_tnmn\",\"https:\\\/\\\/www.instagram.com\\\/?utm_source=pwa_homescreen\",\"https:\\\/\\\/youtube.com.br\\\/\"],\"url\":\"https:\\\/\\\/blogdofarnesio.com.br\\\/?author=2\"}]}<\/script>\n<!-- \/ Yoast SEO plugin. -->","yoast_head_json":{"title":"Prefeitura recupera ilumina\u00e7\u00e3o p\u00fablica na Avenida Cheffy Khoury ap\u00f3s furto de cabos de energia - Blog do Farn\u00e9sio","robots":{"index":"index","follow":"follow","max-snippet":"max-snippet:-1","max-image-preview":"max-image-preview:large","max-video-preview":"max-video-preview:-1"},"canonical":"https:\/\/blogdofarnesio.com.br\/?p=324812","og_locale":"pt_BR","og_type":"article","og_title":"Prefeitura recupera ilumina\u00e7\u00e3o p\u00fablica na Avenida Cheffy Khoury ap\u00f3s furto de cabos de energia - Blog do Farn\u00e9sio","og_description":"A Prefeitura de Juazeiro, por meio da Secretaria Municipal de Servi\u00e7os P\u00fablicos (Sesp) est\u00e1 realizando nesta segunda-feira (10) os trabalhos de recupera\u00e7\u00e3o da rede de ilumina\u00e7\u00e3o p\u00fablica da Avenida Cheffy Khoury, principal via de acesso aos bairros Jo\u00e3o Paulo II, Ant\u00f4nio Guilhermino, Parque Residencial e Distrito Industrial. A necessidade da recupera\u00e7\u00e3o se deu ap\u00f3s o furto de aproximadamente 350 metros de cabeamento, que comprometeu toda a ilumina\u00e7\u00e3o inaugurada na Avenida no m\u00eas de julho. De acordo com o gestor da Sesp, Charles Leal, somente este ano mais de 2 mil metros de cabos j\u00e1 foram furtados da ilumina\u00e7\u00e3o p\u00fablica no munic\u00edpio, comprometendo a ilumina\u00e7\u00e3o em bairros como Novo Encontro, Tabuleiro, entre outros. \u201cPedimos a toda popula\u00e7\u00e3o que cuide do patrim\u00f4nio&hellip;","og_url":"https:\/\/blogdofarnesio.com.br\/?p=324812","og_site_name":"Blog do Farn\u00e9sio","article_publisher":"https:\/\/www.facebook.com\/BlogQuerSaberPolitica\/","article_author":"https:\/\/www.facebook.com\/?ref=tn_tnmn","article_published_time":"2022-10-11T13:23:32+00:00","og_image":[{"width":620,"height":413,"url":"https:\/\/blogdofarnesio.com.br\/wp-content\/uploads\/2022\/10\/blogqspjua-furto-fiacao-e1665435132993.jpg","type":"image\/jpeg"}],"author":"Farn\u00e9sio","twitter_card":"summary_large_image","twitter_misc":{"Escrito por":"Farn\u00e9sio","Est. tempo de leitura":"3 minutos"},"schema":{"@context":"https:\/\/schema.org","@graph":[{"@type":"Article","@id":"https:\/\/blogdofarnesio.com.br\/?p=324812#article","isPartOf":{"@id":"https:\/\/blogdofarnesio.com.br\/?p=324812"},"author":{"name":"Farn\u00e9sio","@id":"https:\/\/blogdofarnesio.com.br\/#\/schema\/person\/bb9b23ae3ad0609ce8df7b6c9e76824d"},"headline":"Prefeitura recupera ilumina\u00e7\u00e3o p\u00fablica na Avenida Cheffy Khoury ap\u00f3s furto de cabos de energia","datePublished":"2022-10-11T13:23:32+00:00","mainEntityOfPage":{"@id":"https:\/\/blogdofarnesio.com.br\/?p=324812"},"wordCount":477,"commentCount":0,"publisher":{"@id":"https:\/\/blogdofarnesio.com.br\/#organization"},"image":{"@id":"https:\/\/blogdofarnesio.com.br\/?p=324812#primaryimage"},"thumbnailUrl":"https:\/\/blogdofarnesio.com.br\/wp-content\/uploads\/2022\/10\/blogqspjua-furto-fiacao-e1665435132993.jpg","articleSection":["Administra\u00e7\u00e3o"],"inLanguage":"pt-BR","potentialAction":[{"@type":"CommentAction","name":"Comment","target":["https:\/\/blogdofarnesio.com.br\/?p=324812#respond"]}]},{"@type":"WebPage","@id":"https:\/\/blogdofarnesio.com.br\/?p=324812","url":"https:\/\/blogdofarnesio.com.br\/?p=324812","name":"Prefeitura recupera ilumina\u00e7\u00e3o p\u00fablica na Avenida Cheffy Khoury ap\u00f3s furto de cabos de energia - Blog do Farn\u00e9sio","isPartOf":{"@id":"https:\/\/blogdofarnesio.com.br\/#website"},"primaryImageOfPage":{"@id":"https:\/\/blogdofarnesio.com.br\/?p=324812#primaryimage"},"image":{"@id":"https:\/\/blogdofarnesio.com.br\/?p=324812#primaryimage"},"thumbnailUrl":"https:\/\/blogdofarnesio.com.br\/wp-content\/uploads\/2022\/10\/blogqspjua-furto-fiacao-e1665435132993.jpg","datePublished":"2022-10-11T13:23:32+00:00","breadcrumb":{"@id":"https:\/\/blogdofarnesio.com.br\/?p=324812#breadcrumb"},"inLanguage":"pt-BR","potentialAction":[{"@type":"ReadAction","target":["https:\/\/blogdofarnesio.com.br\/?p=324812"]}]},{"@type":"ImageObject","inLanguage":"pt-BR","@id":"https:\/\/blogdofarnesio.com.br\/?p=324812#primaryimage","url":"https:\/\/blogdofarnesio.com.br\/wp-content\/uploads\/2022\/10\/blogqspjua-furto-fiacao-e1665435132993.jpg","contentUrl":"https:\/\/blogdofarnesio.com.br\/wp-content\/uploads\/2022\/10\/blogqspjua-furto-fiacao-e1665435132993.jpg","width":620,"height":413},{"@type":"BreadcrumbList","@id":"https:\/\/blogdofarnesio.com.br\/?p=324812#breadcrumb","itemListElement":[{"@type":"ListItem","position":1,"name":"In\u00edcio","item":"https:\/\/blogdofarnesio.com.br\/"},{"@type":"ListItem","position":2,"name":"Prefeitura recupera ilumina\u00e7\u00e3o p\u00fablica na Avenida Cheffy Khoury ap\u00f3s furto de cabos de energia"}]},{"@type":"WebSite","@id":"https:\/\/blogdofarnesio.com.br\/#website","url":"https:\/\/blogdofarnesio.com.br\/","name":"Blog do Farn\u00e9sio","description":"Quer Saber Pol\u00edtica?","publisher":{"@id":"https:\/\/blogdofarnesio.com.br\/#organization"},"potentialAction":[{"@type":"SearchAction","target":{"@type":"EntryPoint","urlTemplate":"https:\/\/blogdofarnesio.com.br\/?s={search_term_string}"},"query-input":{"@type":"PropertyValueSpecification","valueRequired":true,"valueName":"search_term_string"}}],"inLanguage":"pt-BR"},{"@type":"Organization","@id":"https:\/\/blogdofarnesio.com.br\/#organization","name":"Blog do Farn\u00e9sio","url":"https:\/\/blogdofarnesio.com.br\/","logo":{"@type":"ImageObject","inLanguage":"pt-BR","@id":"https:\/\/blogdofarnesio.com.br\/#\/schema\/logo\/image\/","url":"https:\/\/blogdofarnesio.com.br\/wp-content\/uploads\/2026\/03\/cropped-logo_new-1.png","contentUrl":"https:\/\/blogdofarnesio.com.br\/wp-content\/uploads\/2026\/03\/cropped-logo_new-1.png","width":881,"height":685,"caption":"Blog do Farn\u00e9sio"},"image":{"@id":"https:\/\/blogdofarnesio.com.br\/#\/schema\/logo\/image\/"},"sameAs":["https:\/\/www.facebook.com\/BlogQuerSaberPolitica\/"]},{"@type":"Person","@id":"https:\/\/blogdofarnesio.com.br\/#\/schema\/person\/bb9b23ae3ad0609ce8df7b6c9e76824d","name":"Farn\u00e9sio","image":{"@type":"ImageObject","inLanguage":"pt-BR","@id":"https:\/\/secure.gravatar.com\/avatar\/986aa4c61ccdb66f8555bf88fc2a65609d00bcabd4d2d94377a727547345cbca?s=96&d=mm&r=g","url":"https:\/\/secure.gravatar.com\/avatar\/986aa4c61ccdb66f8555bf88fc2a65609d00bcabd4d2d94377a727547345cbca?s=96&d=mm&r=g","contentUrl":"https:\/\/secure.gravatar.com\/avatar\/986aa4c61ccdb66f8555bf88fc2a65609d00bcabd4d2d94377a727547345cbca?s=96&d=mm&r=g","caption":"Farn\u00e9sio"},"description":"Radialista blogueiro, chegou a Petrolina\/Juazeiro em setembro de 1980, Farn\u00e9sio Silva \u00e9 de Arapiraca-Alagoas.","sameAs":["http:\/\/blogdofarnesio.com.br","https:\/\/www.facebook.com\/?ref=tn_tnmn","https:\/\/www.instagram.com\/?utm_source=pwa_homescreen","https:\/\/youtube.com.br\/"],"url":"https:\/\/blogdofarnesio.com.br\/?author=2"}]}},"_links":{"self":[{"href":"https:\/\/blogdofarnesio.com.br\/index.php?rest_route=\/wp\/v2\/posts\/324812","targetHints":{"allow":["GET"]}}],"collection":[{"href":"https:\/\/blogdofarnesio.com.br\/index.php?rest_route=\/wp\/v2\/posts"}],"about":[{"href":"https:\/\/blogdofarnesio.com.br\/index.php?rest_route=\/wp\/v2\/types\/post"}],"author":[{"embeddable":true,"href":"https:\/\/blogdofarnesio.com.br\/index.php?rest_route=\/wp\/v2\/users\/2"}],"replies":[{"embeddable":true,"href":"https:\/\/blogdofarnesio.com.br\/index.php?rest_route=%2Fwp%2Fv2%2Fcomments&post=324812"}],"version-history":[{"count":0,"href":"https:\/\/blogdofarnesio.com.br\/index.php?rest_route=\/wp\/v2\/posts\/324812\/revisions"}],"wp:featuredmedia":[{"embeddable":true,"href":"https:\/\/blogdofarnesio.com.br\/index.php?rest_route=\/wp\/v2\/media\/324813"}],"wp:attachment":[{"href":"https:\/\/blogdofarnesio.com.br\/index.php?rest_route=%2Fwp%2Fv2%2Fmedia&parent=324812"}],"wp:term":[{"taxonomy":"category","embeddable":true,"href":"https:\/\/blogdofarnesio.com.br\/index.php?rest_route=%2Fwp%2Fv2%2Fcategories&post=324812"},{"taxonomy":"post_tag","embeddable":true,"href":"https:\/\/blogdofarnesio.com.br\/index.php?rest_route=%2Fwp%2Fv2%2Ftags&post=324812"}],"curies":[{"name":"wp","href":"https:\/\/api.w.org\/{rel}","templated":true}]}}