{"id":324528,"date":"2022-10-07T08:03:19","date_gmt":"2022-10-07T11:03:19","guid":{"rendered":"https:\/\/blogdofarnesio.com.br\/?p=324528"},"modified":"2022-10-06T16:01:42","modified_gmt":"2022-10-06T19:01:42","slug":"propagande-eleitoral-do-segundo-turno-no-radio-e-tv-para-governdores-e-presidente-comeca-hoje-veja-como-ficou-o-tempo-de-cada-um","status":"publish","type":"post","link":"https:\/\/blogdofarnesio.com.br\/?p=324528","title":{"rendered":"Propagande eleitoral do segundo turno no r\u00e1dio e tv para governdores e Presidente come\u00e7a hoje; veja como ficou o tempo de cada um"},"content":{"rendered":"<div class=\"meta\"><\/div>\n<p><em><strong>Ser\u00e1 exibido at\u00e9 o dia 28 de outubro<\/strong><\/em><\/p>\n<p>O\u00a0 Tribunal Regional Eleitoral de Pernambuco (TRE-PE) realizou quarta-feira (5), na Sala do Pleno, uma audi\u00eancia p\u00fablica com representantes de emissoras de r\u00e1dio e TV e de partidos, coliga\u00e7\u00f5es e federa\u00e7\u00f5es que est\u00e3o concorrendo no segundo turno das Elei\u00e7\u00f5es 2022.<\/p>\n<p>Na ocasi\u00e3o, al\u00e9m da defini\u00e7\u00e3o das caracter\u00edsticas t\u00e9cnicas, gera\u00e7\u00e3o de m\u00eddia e fluxo de distribui\u00e7\u00e3o dos materiais para veicula\u00e7\u00e3o, foi definida a ordem de veicula\u00e7\u00e3o da propaganda eleitoral gratuita, da r\u00e1dio e na televis\u00e3o, conforme crit\u00e9rios previstos na Lei das Elei\u00e7\u00f5es e na Resolu\u00e7\u00e3o TSE 23.610\/2019.<\/p>\n<p>A audi\u00eancia foi presidida pelo desembargador eleitoral substituto Dario Rodrigues de Oliveira, integrante da Comiss\u00e3o de Desembargadores Auxiliares do TRE-PE (CDAUX), acompanhado do\u00a0 procurador regional auxiliar, Jos\u00e9 Cardoso Lopes. Na oportunidade, a coordenadora da CDAUX, Jane Leite, deu orienta\u00e7\u00f5es e anunciou o tempo di\u00e1rio de propaganda e quantidade de inser\u00e7\u00f5es de cada legenda ou coliga\u00e7\u00e3o.<\/p>\n<p>A transmiss\u00e3o do hor\u00e1rio eleitoral\u00a0 gratuito ocorrer\u00e1 de sete a 28 de outubro. Neste segundo turno,\u00a0 a propaganda eleitoral gratuita ser\u00e1 dividida igualmente entre as duas candidatas, em dois blocos di\u00e1rios de dez minutos.<\/p>\n<p>De acordo com o artigo 62 da Resolu\u00e7\u00e3o 23.610\/2019, a candidata que obteve mais votos no primeiro turno, ser\u00e1 a primeira a se apresentar, seguindo a altern\u00e2ncia da ordem a cada programa ou inser\u00e7\u00e3o.<\/p>\n<p>Assim, para o cargo de governadora, a coliga\u00e7\u00e3o Pernambuco na Veia, cuja candidata \u00e9 a deputada federal Mar\u00edlia Arraes, ser\u00e1 a primeira a ser veiculada; sendo seguida pela ex-prefeita de Caruaru, Raquel Lyra, da coliga\u00e7\u00e3o Pernambuco Quer Mudar.<\/p>\n<p>Na disputa para governadora, as candidatas ir\u00e3o veicular propaganda\u00a0 das 7h10 \u00e0s 7h20 e das 12:10 \u00e0s 12:20 no r\u00e1dio. Na TV, o hor\u00e1rio eleitoral para governadora ser\u00e1 de 13h10 \u00e0s 13h20 e das 20h40 \u00e0s 20h50. A propaganda para presidente ser\u00e1 veiculada na televis\u00e3o de segunda \u00e0 s\u00e1bado das 13h \u00e0s 13h10 e das 20h30 \u00e0s 20h40.No r\u00e1dio, a propaganda para presidente vai ao ar de 7h \u00e0s 7h10 e de 12h10.<\/p>\n<p>De segunda a domingo, 25 minutos para cada cargo em disputa para veicula\u00e7\u00e3o das inser\u00e7\u00f5es de 30 e 60 segundos ao longo da programa\u00e7\u00e3o.<\/p>\n<p><a href=\"https:\/\/www.tre-pe.jus.br\/eleicoes\/eleicoes-2022\/distribuicao-do-horario-eleitoral\" target=\"_blank\" rel=\"noopener\">Clique aqui<\/a>\u00a0para conferir todos os documentos discutidos na audi\u00eancia p\u00fablica sobre o guia, os tempos de cada partido, coliga\u00e7\u00e3o e federa\u00e7\u00e3o, as grades de inser\u00e7\u00f5es e o calend\u00e1rio dos guias de r\u00e1dio e TV. O evento foi transmitido pelo canal do TRE-PE no\u00a0<a href=\"https:\/\/www.youtube.com\/channel\/UCQN7ysGMRdKQ3nQ7p5aLM_A\/featured\" target=\"_blank\" rel=\"noopener\">YouTube<\/a>\u00a0e est\u00e1 dispon\u00edvel para os interessados.<\/p>\n","protected":false},"excerpt":{"rendered":"<p>Ser\u00e1 exibido at\u00e9 o dia 28 de outubro O\u00a0 Tribunal Regional Eleitoral de Pernambuco (TRE-PE) realizou quarta-feira (5), na Sala do Pleno, uma audi\u00eancia p\u00fablica com representantes de emissoras de r\u00e1dio e TV e de partidos, coliga\u00e7\u00f5es e federa\u00e7\u00f5es que est\u00e3o concorrendo no segundo turno das Elei\u00e7\u00f5es 2022. Na ocasi\u00e3o, al\u00e9m da defini\u00e7\u00e3o das caracter\u00edsticas t\u00e9cnicas, gera\u00e7\u00e3o de m\u00eddia e fluxo de distribui\u00e7\u00e3o dos materiais para veicula\u00e7\u00e3o, foi definida a ordem de veicula\u00e7\u00e3o da propaganda eleitoral gratuita, da r\u00e1dio e na televis\u00e3o, conforme crit\u00e9rios previstos na Lei das Elei\u00e7\u00f5es e na Resolu\u00e7\u00e3o TSE 23.610\/2019. A audi\u00eancia foi presidida pelo desembargador eleitoral substituto Dario Rodrigues de Oliveira, integrante da Comiss\u00e3o de Desembargadores Auxiliares do TRE-PE (CDAUX), acompanhado do\u00a0 procurador regional auxiliar,&hellip; <\/p>\n","protected":false},"author":2,"featured_media":144427,"comment_status":"open","ping_status":"open","sticky":false,"template":"","format":"standard","meta":{"_acf_changed":false,"footnotes":""},"categories":[34],"tags":[],"class_list":["post-324528","post","type-post","status-publish","format-standard","has-post-thumbnail","hentry","category-eleicoes"],"acf":[],"yoast_head":"<!-- This site is optimized with the Yoast SEO plugin v27.4 - https:\/\/yoast.com\/product\/yoast-seo-wordpress\/ -->\n<title>Propagande eleitoral do segundo turno no r\u00e1dio e tv para governdores e Presidente come\u00e7a hoje; veja como ficou o tempo de cada um - Blog do Farn\u00e9sio<\/title>\n<meta name=\"robots\" content=\"index, follow, max-snippet:-1, max-image-preview:large, max-video-preview:-1\" \/>\n<link rel=\"canonical\" href=\"https:\/\/blogdofarnesio.com.br\/?p=324528\" \/>\n<meta property=\"og:locale\" content=\"pt_BR\" \/>\n<meta property=\"og:type\" content=\"article\" \/>\n<meta property=\"og:title\" content=\"Propagande eleitoral do segundo turno no r\u00e1dio e tv para governdores e Presidente come\u00e7a hoje; veja como ficou o tempo de cada um - Blog do Farn\u00e9sio\" \/>\n<meta property=\"og:description\" content=\"Ser\u00e1 exibido at\u00e9 o dia 28 de outubro O\u00a0 Tribunal Regional Eleitoral de Pernambuco (TRE-PE) realizou quarta-feira (5), na Sala do Pleno, uma audi\u00eancia p\u00fablica com representantes de emissoras de r\u00e1dio e TV e de partidos, coliga\u00e7\u00f5es e federa\u00e7\u00f5es que est\u00e3o concorrendo no segundo turno das Elei\u00e7\u00f5es 2022. Na ocasi\u00e3o, al\u00e9m da defini\u00e7\u00e3o das caracter\u00edsticas t\u00e9cnicas, gera\u00e7\u00e3o de m\u00eddia e fluxo de distribui\u00e7\u00e3o dos materiais para veicula\u00e7\u00e3o, foi definida a ordem de veicula\u00e7\u00e3o da propaganda eleitoral gratuita, da r\u00e1dio e na televis\u00e3o, conforme crit\u00e9rios previstos na Lei das Elei\u00e7\u00f5es e na Resolu\u00e7\u00e3o TSE 23.610\/2019. A audi\u00eancia foi presidida pelo desembargador eleitoral substituto Dario Rodrigues de Oliveira, integrante da Comiss\u00e3o de Desembargadores Auxiliares do TRE-PE (CDAUX), acompanhado do\u00a0 procurador regional auxiliar,&hellip;\" \/>\n<meta property=\"og:url\" content=\"https:\/\/blogdofarnesio.com.br\/?p=324528\" \/>\n<meta property=\"og:site_name\" content=\"Blog do Farn\u00e9sio\" \/>\n<meta property=\"article:publisher\" content=\"https:\/\/www.facebook.com\/BlogQuerSaberPolitica\/\" \/>\n<meta property=\"article:author\" content=\"https:\/\/www.facebook.com\/?ref=tn_tnmn\" \/>\n<meta property=\"article:published_time\" content=\"2022-10-07T11:03:19+00:00\" \/>\n<meta property=\"og:image\" content=\"https:\/\/blogdofarnesio.com.br\/wp-content\/uploads\/2016\/07\/blogqsp-propaganda-eleitoral.jpg\" \/>\n\t<meta property=\"og:image:width\" content=\"300\" \/>\n\t<meta property=\"og:image:height\" content=\"225\" \/>\n\t<meta property=\"og:image:type\" content=\"image\/jpeg\" \/>\n<meta name=\"author\" content=\"Farn\u00e9sio\" \/>\n<meta name=\"twitter:card\" content=\"summary_large_image\" \/>\n<meta name=\"twitter:label1\" content=\"Escrito por\" \/>\n\t<meta name=\"twitter:data1\" content=\"Farn\u00e9sio\" \/>\n\t<meta name=\"twitter:label2\" content=\"Est. tempo de leitura\" \/>\n\t<meta name=\"twitter:data2\" content=\"3 minutos\" \/>\n<script type=\"application\/ld+json\" class=\"yoast-schema-graph\">{\"@context\":\"https:\\\/\\\/schema.org\",\"@graph\":[{\"@type\":\"Article\",\"@id\":\"https:\\\/\\\/blogdofarnesio.com.br\\\/?p=324528#article\",\"isPartOf\":{\"@id\":\"https:\\\/\\\/blogdofarnesio.com.br\\\/?p=324528\"},\"author\":{\"name\":\"Farn\u00e9sio\",\"@id\":\"https:\\\/\\\/blogdofarnesio.com.br\\\/#\\\/schema\\\/person\\\/bb9b23ae3ad0609ce8df7b6c9e76824d\"},\"headline\":\"Propagande eleitoral do segundo turno no r\u00e1dio e tv para governdores e Presidente come\u00e7a hoje; veja como ficou o tempo de cada um\",\"datePublished\":\"2022-10-07T11:03:19+00:00\",\"mainEntityOfPage\":{\"@id\":\"https:\\\/\\\/blogdofarnesio.com.br\\\/?p=324528\"},\"wordCount\":469,\"commentCount\":0,\"publisher\":{\"@id\":\"https:\\\/\\\/blogdofarnesio.com.br\\\/#organization\"},\"image\":{\"@id\":\"https:\\\/\\\/blogdofarnesio.com.br\\\/?p=324528#primaryimage\"},\"thumbnailUrl\":\"https:\\\/\\\/blogdofarnesio.com.br\\\/wp-content\\\/uploads\\\/2016\\\/07\\\/blogqsp-propaganda-eleitoral.jpg\",\"articleSection\":[\"Elei\u00e7\u00f5es\"],\"inLanguage\":\"pt-BR\",\"potentialAction\":[{\"@type\":\"CommentAction\",\"name\":\"Comment\",\"target\":[\"https:\\\/\\\/blogdofarnesio.com.br\\\/?p=324528#respond\"]}]},{\"@type\":\"WebPage\",\"@id\":\"https:\\\/\\\/blogdofarnesio.com.br\\\/?p=324528\",\"url\":\"https:\\\/\\\/blogdofarnesio.com.br\\\/?p=324528\",\"name\":\"Propagande eleitoral do segundo turno no r\u00e1dio e tv para governdores e Presidente come\u00e7a hoje; veja como ficou o tempo de cada um - Blog do Farn\u00e9sio\",\"isPartOf\":{\"@id\":\"https:\\\/\\\/blogdofarnesio.com.br\\\/#website\"},\"primaryImageOfPage\":{\"@id\":\"https:\\\/\\\/blogdofarnesio.com.br\\\/?p=324528#primaryimage\"},\"image\":{\"@id\":\"https:\\\/\\\/blogdofarnesio.com.br\\\/?p=324528#primaryimage\"},\"thumbnailUrl\":\"https:\\\/\\\/blogdofarnesio.com.br\\\/wp-content\\\/uploads\\\/2016\\\/07\\\/blogqsp-propaganda-eleitoral.jpg\",\"datePublished\":\"2022-10-07T11:03:19+00:00\",\"breadcrumb\":{\"@id\":\"https:\\\/\\\/blogdofarnesio.com.br\\\/?p=324528#breadcrumb\"},\"inLanguage\":\"pt-BR\",\"potentialAction\":[{\"@type\":\"ReadAction\",\"target\":[\"https:\\\/\\\/blogdofarnesio.com.br\\\/?p=324528\"]}]},{\"@type\":\"ImageObject\",\"inLanguage\":\"pt-BR\",\"@id\":\"https:\\\/\\\/blogdofarnesio.com.br\\\/?p=324528#primaryimage\",\"url\":\"https:\\\/\\\/blogdofarnesio.com.br\\\/wp-content\\\/uploads\\\/2016\\\/07\\\/blogqsp-propaganda-eleitoral.jpg\",\"contentUrl\":\"https:\\\/\\\/blogdofarnesio.com.br\\\/wp-content\\\/uploads\\\/2016\\\/07\\\/blogqsp-propaganda-eleitoral.jpg\",\"width\":300,\"height\":225},{\"@type\":\"BreadcrumbList\",\"@id\":\"https:\\\/\\\/blogdofarnesio.com.br\\\/?p=324528#breadcrumb\",\"itemListElement\":[{\"@type\":\"ListItem\",\"position\":1,\"name\":\"In\u00edcio\",\"item\":\"https:\\\/\\\/blogdofarnesio.com.br\\\/\"},{\"@type\":\"ListItem\",\"position\":2,\"name\":\"Propagande eleitoral do segundo turno no r\u00e1dio e tv para governdores e Presidente come\u00e7a hoje; veja como ficou o tempo de cada um\"}]},{\"@type\":\"WebSite\",\"@id\":\"https:\\\/\\\/blogdofarnesio.com.br\\\/#website\",\"url\":\"https:\\\/\\\/blogdofarnesio.com.br\\\/\",\"name\":\"Blog do Farn\u00e9sio\",\"description\":\"Quer Saber Pol\u00edtica?\",\"publisher\":{\"@id\":\"https:\\\/\\\/blogdofarnesio.com.br\\\/#organization\"},\"potentialAction\":[{\"@type\":\"SearchAction\",\"target\":{\"@type\":\"EntryPoint\",\"urlTemplate\":\"https:\\\/\\\/blogdofarnesio.com.br\\\/?s={search_term_string}\"},\"query-input\":{\"@type\":\"PropertyValueSpecification\",\"valueRequired\":true,\"valueName\":\"search_term_string\"}}],\"inLanguage\":\"pt-BR\"},{\"@type\":\"Organization\",\"@id\":\"https:\\\/\\\/blogdofarnesio.com.br\\\/#organization\",\"name\":\"Blog do Farn\u00e9sio\",\"url\":\"https:\\\/\\\/blogdofarnesio.com.br\\\/\",\"logo\":{\"@type\":\"ImageObject\",\"inLanguage\":\"pt-BR\",\"@id\":\"https:\\\/\\\/blogdofarnesio.com.br\\\/#\\\/schema\\\/logo\\\/image\\\/\",\"url\":\"https:\\\/\\\/blogdofarnesio.com.br\\\/wp-content\\\/uploads\\\/2026\\\/03\\\/cropped-logo_new-1.png\",\"contentUrl\":\"https:\\\/\\\/blogdofarnesio.com.br\\\/wp-content\\\/uploads\\\/2026\\\/03\\\/cropped-logo_new-1.png\",\"width\":881,\"height\":685,\"caption\":\"Blog do Farn\u00e9sio\"},\"image\":{\"@id\":\"https:\\\/\\\/blogdofarnesio.com.br\\\/#\\\/schema\\\/logo\\\/image\\\/\"},\"sameAs\":[\"https:\\\/\\\/www.facebook.com\\\/BlogQuerSaberPolitica\\\/\"]},{\"@type\":\"Person\",\"@id\":\"https:\\\/\\\/blogdofarnesio.com.br\\\/#\\\/schema\\\/person\\\/bb9b23ae3ad0609ce8df7b6c9e76824d\",\"name\":\"Farn\u00e9sio\",\"image\":{\"@type\":\"ImageObject\",\"inLanguage\":\"pt-BR\",\"@id\":\"https:\\\/\\\/secure.gravatar.com\\\/avatar\\\/986aa4c61ccdb66f8555bf88fc2a65609d00bcabd4d2d94377a727547345cbca?s=96&d=mm&r=g\",\"url\":\"https:\\\/\\\/secure.gravatar.com\\\/avatar\\\/986aa4c61ccdb66f8555bf88fc2a65609d00bcabd4d2d94377a727547345cbca?s=96&d=mm&r=g\",\"contentUrl\":\"https:\\\/\\\/secure.gravatar.com\\\/avatar\\\/986aa4c61ccdb66f8555bf88fc2a65609d00bcabd4d2d94377a727547345cbca?s=96&d=mm&r=g\",\"caption\":\"Farn\u00e9sio\"},\"description\":\"Radialista blogueiro, chegou a Petrolina\\\/Juazeiro em setembro de 1980, Farn\u00e9sio Silva \u00e9 de Arapiraca-Alagoas.\",\"sameAs\":[\"http:\\\/\\\/blogdofarnesio.com.br\",\"https:\\\/\\\/www.facebook.com\\\/?ref=tn_tnmn\",\"https:\\\/\\\/www.instagram.com\\\/?utm_source=pwa_homescreen\",\"https:\\\/\\\/youtube.com.br\\\/\"],\"url\":\"https:\\\/\\\/blogdofarnesio.com.br\\\/?author=2\"}]}<\/script>\n<!-- \/ Yoast SEO plugin. -->","yoast_head_json":{"title":"Propagande eleitoral do segundo turno no r\u00e1dio e tv para governdores e Presidente come\u00e7a hoje; veja como ficou o tempo de cada um - Blog do Farn\u00e9sio","robots":{"index":"index","follow":"follow","max-snippet":"max-snippet:-1","max-image-preview":"max-image-preview:large","max-video-preview":"max-video-preview:-1"},"canonical":"https:\/\/blogdofarnesio.com.br\/?p=324528","og_locale":"pt_BR","og_type":"article","og_title":"Propagande eleitoral do segundo turno no r\u00e1dio e tv para governdores e Presidente come\u00e7a hoje; veja como ficou o tempo de cada um - Blog do Farn\u00e9sio","og_description":"Ser\u00e1 exibido at\u00e9 o dia 28 de outubro O\u00a0 Tribunal Regional Eleitoral de Pernambuco (TRE-PE) realizou quarta-feira (5), na Sala do Pleno, uma audi\u00eancia p\u00fablica com representantes de emissoras de r\u00e1dio e TV e de partidos, coliga\u00e7\u00f5es e federa\u00e7\u00f5es que est\u00e3o concorrendo no segundo turno das Elei\u00e7\u00f5es 2022. Na ocasi\u00e3o, al\u00e9m da defini\u00e7\u00e3o das caracter\u00edsticas t\u00e9cnicas, gera\u00e7\u00e3o de m\u00eddia e fluxo de distribui\u00e7\u00e3o dos materiais para veicula\u00e7\u00e3o, foi definida a ordem de veicula\u00e7\u00e3o da propaganda eleitoral gratuita, da r\u00e1dio e na televis\u00e3o, conforme crit\u00e9rios previstos na Lei das Elei\u00e7\u00f5es e na Resolu\u00e7\u00e3o TSE 23.610\/2019. A audi\u00eancia foi presidida pelo desembargador eleitoral substituto Dario Rodrigues de Oliveira, integrante da Comiss\u00e3o de Desembargadores Auxiliares do TRE-PE (CDAUX), acompanhado do\u00a0 procurador regional auxiliar,&hellip;","og_url":"https:\/\/blogdofarnesio.com.br\/?p=324528","og_site_name":"Blog do Farn\u00e9sio","article_publisher":"https:\/\/www.facebook.com\/BlogQuerSaberPolitica\/","article_author":"https:\/\/www.facebook.com\/?ref=tn_tnmn","article_published_time":"2022-10-07T11:03:19+00:00","og_image":[{"width":300,"height":225,"url":"https:\/\/blogdofarnesio.com.br\/wp-content\/uploads\/2016\/07\/blogqsp-propaganda-eleitoral.jpg","type":"image\/jpeg"}],"author":"Farn\u00e9sio","twitter_card":"summary_large_image","twitter_misc":{"Escrito por":"Farn\u00e9sio","Est. tempo de leitura":"3 minutos"},"schema":{"@context":"https:\/\/schema.org","@graph":[{"@type":"Article","@id":"https:\/\/blogdofarnesio.com.br\/?p=324528#article","isPartOf":{"@id":"https:\/\/blogdofarnesio.com.br\/?p=324528"},"author":{"name":"Farn\u00e9sio","@id":"https:\/\/blogdofarnesio.com.br\/#\/schema\/person\/bb9b23ae3ad0609ce8df7b6c9e76824d"},"headline":"Propagande eleitoral do segundo turno no r\u00e1dio e tv para governdores e Presidente come\u00e7a hoje; veja como ficou o tempo de cada um","datePublished":"2022-10-07T11:03:19+00:00","mainEntityOfPage":{"@id":"https:\/\/blogdofarnesio.com.br\/?p=324528"},"wordCount":469,"commentCount":0,"publisher":{"@id":"https:\/\/blogdofarnesio.com.br\/#organization"},"image":{"@id":"https:\/\/blogdofarnesio.com.br\/?p=324528#primaryimage"},"thumbnailUrl":"https:\/\/blogdofarnesio.com.br\/wp-content\/uploads\/2016\/07\/blogqsp-propaganda-eleitoral.jpg","articleSection":["Elei\u00e7\u00f5es"],"inLanguage":"pt-BR","potentialAction":[{"@type":"CommentAction","name":"Comment","target":["https:\/\/blogdofarnesio.com.br\/?p=324528#respond"]}]},{"@type":"WebPage","@id":"https:\/\/blogdofarnesio.com.br\/?p=324528","url":"https:\/\/blogdofarnesio.com.br\/?p=324528","name":"Propagande eleitoral do segundo turno no r\u00e1dio e tv para governdores e Presidente come\u00e7a hoje; veja como ficou o tempo de cada um - Blog do Farn\u00e9sio","isPartOf":{"@id":"https:\/\/blogdofarnesio.com.br\/#website"},"primaryImageOfPage":{"@id":"https:\/\/blogdofarnesio.com.br\/?p=324528#primaryimage"},"image":{"@id":"https:\/\/blogdofarnesio.com.br\/?p=324528#primaryimage"},"thumbnailUrl":"https:\/\/blogdofarnesio.com.br\/wp-content\/uploads\/2016\/07\/blogqsp-propaganda-eleitoral.jpg","datePublished":"2022-10-07T11:03:19+00:00","breadcrumb":{"@id":"https:\/\/blogdofarnesio.com.br\/?p=324528#breadcrumb"},"inLanguage":"pt-BR","potentialAction":[{"@type":"ReadAction","target":["https:\/\/blogdofarnesio.com.br\/?p=324528"]}]},{"@type":"ImageObject","inLanguage":"pt-BR","@id":"https:\/\/blogdofarnesio.com.br\/?p=324528#primaryimage","url":"https:\/\/blogdofarnesio.com.br\/wp-content\/uploads\/2016\/07\/blogqsp-propaganda-eleitoral.jpg","contentUrl":"https:\/\/blogdofarnesio.com.br\/wp-content\/uploads\/2016\/07\/blogqsp-propaganda-eleitoral.jpg","width":300,"height":225},{"@type":"BreadcrumbList","@id":"https:\/\/blogdofarnesio.com.br\/?p=324528#breadcrumb","itemListElement":[{"@type":"ListItem","position":1,"name":"In\u00edcio","item":"https:\/\/blogdofarnesio.com.br\/"},{"@type":"ListItem","position":2,"name":"Propagande eleitoral do segundo turno no r\u00e1dio e tv para governdores e Presidente come\u00e7a hoje; veja como ficou o tempo de cada um"}]},{"@type":"WebSite","@id":"https:\/\/blogdofarnesio.com.br\/#website","url":"https:\/\/blogdofarnesio.com.br\/","name":"Blog do Farn\u00e9sio","description":"Quer Saber Pol\u00edtica?","publisher":{"@id":"https:\/\/blogdofarnesio.com.br\/#organization"},"potentialAction":[{"@type":"SearchAction","target":{"@type":"EntryPoint","urlTemplate":"https:\/\/blogdofarnesio.com.br\/?s={search_term_string}"},"query-input":{"@type":"PropertyValueSpecification","valueRequired":true,"valueName":"search_term_string"}}],"inLanguage":"pt-BR"},{"@type":"Organization","@id":"https:\/\/blogdofarnesio.com.br\/#organization","name":"Blog do Farn\u00e9sio","url":"https:\/\/blogdofarnesio.com.br\/","logo":{"@type":"ImageObject","inLanguage":"pt-BR","@id":"https:\/\/blogdofarnesio.com.br\/#\/schema\/logo\/image\/","url":"https:\/\/blogdofarnesio.com.br\/wp-content\/uploads\/2026\/03\/cropped-logo_new-1.png","contentUrl":"https:\/\/blogdofarnesio.com.br\/wp-content\/uploads\/2026\/03\/cropped-logo_new-1.png","width":881,"height":685,"caption":"Blog do Farn\u00e9sio"},"image":{"@id":"https:\/\/blogdofarnesio.com.br\/#\/schema\/logo\/image\/"},"sameAs":["https:\/\/www.facebook.com\/BlogQuerSaberPolitica\/"]},{"@type":"Person","@id":"https:\/\/blogdofarnesio.com.br\/#\/schema\/person\/bb9b23ae3ad0609ce8df7b6c9e76824d","name":"Farn\u00e9sio","image":{"@type":"ImageObject","inLanguage":"pt-BR","@id":"https:\/\/secure.gravatar.com\/avatar\/986aa4c61ccdb66f8555bf88fc2a65609d00bcabd4d2d94377a727547345cbca?s=96&d=mm&r=g","url":"https:\/\/secure.gravatar.com\/avatar\/986aa4c61ccdb66f8555bf88fc2a65609d00bcabd4d2d94377a727547345cbca?s=96&d=mm&r=g","contentUrl":"https:\/\/secure.gravatar.com\/avatar\/986aa4c61ccdb66f8555bf88fc2a65609d00bcabd4d2d94377a727547345cbca?s=96&d=mm&r=g","caption":"Farn\u00e9sio"},"description":"Radialista blogueiro, chegou a Petrolina\/Juazeiro em setembro de 1980, Farn\u00e9sio Silva \u00e9 de Arapiraca-Alagoas.","sameAs":["http:\/\/blogdofarnesio.com.br","https:\/\/www.facebook.com\/?ref=tn_tnmn","https:\/\/www.instagram.com\/?utm_source=pwa_homescreen","https:\/\/youtube.com.br\/"],"url":"https:\/\/blogdofarnesio.com.br\/?author=2"}]}},"_links":{"self":[{"href":"https:\/\/blogdofarnesio.com.br\/index.php?rest_route=\/wp\/v2\/posts\/324528","targetHints":{"allow":["GET"]}}],"collection":[{"href":"https:\/\/blogdofarnesio.com.br\/index.php?rest_route=\/wp\/v2\/posts"}],"about":[{"href":"https:\/\/blogdofarnesio.com.br\/index.php?rest_route=\/wp\/v2\/types\/post"}],"author":[{"embeddable":true,"href":"https:\/\/blogdofarnesio.com.br\/index.php?rest_route=\/wp\/v2\/users\/2"}],"replies":[{"embeddable":true,"href":"https:\/\/blogdofarnesio.com.br\/index.php?rest_route=%2Fwp%2Fv2%2Fcomments&post=324528"}],"version-history":[{"count":0,"href":"https:\/\/blogdofarnesio.com.br\/index.php?rest_route=\/wp\/v2\/posts\/324528\/revisions"}],"wp:featuredmedia":[{"embeddable":true,"href":"https:\/\/blogdofarnesio.com.br\/index.php?rest_route=\/wp\/v2\/media\/144427"}],"wp:attachment":[{"href":"https:\/\/blogdofarnesio.com.br\/index.php?rest_route=%2Fwp%2Fv2%2Fmedia&parent=324528"}],"wp:term":[{"taxonomy":"category","embeddable":true,"href":"https:\/\/blogdofarnesio.com.br\/index.php?rest_route=%2Fwp%2Fv2%2Fcategories&post=324528"},{"taxonomy":"post_tag","embeddable":true,"href":"https:\/\/blogdofarnesio.com.br\/index.php?rest_route=%2Fwp%2Fv2%2Ftags&post=324528"}],"curies":[{"name":"wp","href":"https:\/\/api.w.org\/{rel}","templated":true}]}}