{"id":324313,"date":"2022-10-04T10:43:24","date_gmt":"2022-10-04T13:43:24","guid":{"rendered":"https:\/\/blogdofarnesio.com.br\/?p=324313"},"modified":"2022-10-04T09:12:55","modified_gmt":"2022-10-04T12:12:55","slug":"iniciativas-autorais-da-prefeitura-de-juazeiro-programas-educacionais-fique-esperto-e-tempo-recorde-promovem-a-alfabetizacao-e-reduzem-distorcoes-no-ensino","status":"publish","type":"post","link":"https:\/\/blogdofarnesio.com.br\/?p=324313","title":{"rendered":"Programas educacionais \u201cFique Esperto\u201d e \u201cTempo Recorde\u201d promovem a alfabetiza\u00e7\u00e3o e reduzem distor\u00e7\u00f5es no ensino em Juazeiro"},"content":{"rendered":"<p>Reduzir os impactos da pandemia de Covid-19 na educa\u00e7\u00e3o \u00e9 uma das metas da Prefeitura de Juazeiro, atrav\u00e9s da Secretaria de Educa\u00e7\u00e3o e Juventude (Seduc). Pensando nisso, foram desenvolvidos pela Seduc os programas autorais de corre\u00e7\u00e3o de fluxo \u201cFique Esperto\u201d e \u201cTempo Recorde\u201d, que visam promover a alfabetiza\u00e7\u00e3o de alunos do Ensino Fundamental que apresentam distor\u00e7\u00e3o idade\/ano, bem como sua acelera\u00e7\u00e3o, al\u00e9m de otimizar os resultados do \u00cdndice de Desenvolvimento da Educa\u00e7\u00e3o B\u00e1sica (Ideb).<\/p>\n<p>A iniciativa \u00e9 desenvolvida com, no m\u00ednimo, 15 alunos por escola, e funciona da seguinte forma: na primeira etapa \u00e9 realizado o programa \u201cFique Esperto\u201d, no qual alunos que n\u00e3o est\u00e3o alfabetizados e apresentam distor\u00e7\u00e3o de idade\/ano ser\u00e3o alfabetizados. A segunda etapa \u00e9 o desenvolvimento do \u201cTempo Recorde\u201d, onde os alunos que j\u00e1 foram alfabetizados no \u201cFique Esperto\u201d, mas que ainda est\u00e3o em distor\u00e7\u00e3o, juntamente com os que apresentam atraso escolar s\u00e3o acelerados por meio de estrat\u00e9gias educacionais espec\u00edficas.<\/p>\n<p>J\u00e1 foram aplicados mais de 1.000 testes diagn\u00f3sticos para identifica\u00e7\u00e3o dos alunos que precisam passar pelos programas de corre\u00e7\u00e3o de fluxo. Do total, 415 alunos s\u00e3o atendidos em 19 turmas distribu\u00eddas em 8 escolas da rede municipal. Todo material did\u00e1tico utilizado tamb\u00e9m \u00e9 produzido pela equipe de profissionais da Seduc.<\/p>\n<p>\u201cA alfabetiza\u00e7\u00e3o \u00e9 o nosso maior avan\u00e7o, muitos alunos j\u00e1 foram alfabetizados. Temos turmas de um projeto que come\u00e7ou em maio e com todos os alunos da sala sem alfabetizar, e hoje s\u00f3 dois n\u00e3o est\u00e3o alfabetizados\u201d, destacou Jesarella Vieira, coordenadora dos programas de corre\u00e7\u00e3o de fluxo da Seduc, que tamb\u00e9m ressaltou o \u00a0impacto positivo na redu\u00e7\u00e3o do uso de recursos financeiros com a utiliza\u00e7\u00e3o de iniciativas pr\u00f3prias e contextualizadas com a realidade da educa\u00e7\u00e3o de Juazeiro.<\/p>\n<p>A expectativa para 2023 \u00e9 ampliar o atendimento nas escolas e a previs\u00e3o \u00e9 que os projetos Fique Esperto e Tempo Recorde tamb\u00e9m integrem a programa\u00e7\u00e3o escolar.<\/p>\n<div><\/div>\n<div>Brena Souza &#8211; Ascom\/Seduc\/PMJ<\/div>\n","protected":false},"excerpt":{"rendered":"<p>Reduzir os impactos da pandemia de Covid-19 na educa\u00e7\u00e3o \u00e9 uma das metas da Prefeitura de Juazeiro, atrav\u00e9s da Secretaria de Educa\u00e7\u00e3o e Juventude (Seduc). Pensando nisso, foram desenvolvidos pela Seduc os programas autorais de corre\u00e7\u00e3o de fluxo \u201cFique Esperto\u201d e \u201cTempo Recorde\u201d, que visam promover a alfabetiza\u00e7\u00e3o de alunos do Ensino Fundamental que apresentam distor\u00e7\u00e3o idade\/ano, bem como sua acelera\u00e7\u00e3o, al\u00e9m de otimizar os resultados do \u00cdndice de Desenvolvimento da Educa\u00e7\u00e3o B\u00e1sica (Ideb). A iniciativa \u00e9 desenvolvida com, no m\u00ednimo, 15 alunos por escola, e funciona da seguinte forma: na primeira etapa \u00e9 realizado o programa \u201cFique Esperto\u201d, no qual alunos que n\u00e3o est\u00e3o alfabetizados e apresentam distor\u00e7\u00e3o de idade\/ano ser\u00e3o alfabetizados. A segunda etapa \u00e9 o desenvolvimento do&hellip; <\/p>\n","protected":false},"author":2,"featured_media":312234,"comment_status":"open","ping_status":"open","sticky":false,"template":"","format":"standard","meta":{"_acf_changed":false,"footnotes":""},"categories":[10],"tags":[],"class_list":["post-324313","post","type-post","status-publish","format-standard","has-post-thumbnail","hentry","category-cultura"],"acf":[],"yoast_head":"<!-- This site is optimized with the Yoast SEO plugin v27.4 - https:\/\/yoast.com\/product\/yoast-seo-wordpress\/ -->\n<title>Programas educacionais \u201cFique Esperto\u201d e \u201cTempo Recorde\u201d promovem a alfabetiza\u00e7\u00e3o e reduzem distor\u00e7\u00f5es no ensino em Juazeiro - Blog do Farn\u00e9sio<\/title>\n<meta name=\"robots\" content=\"index, follow, max-snippet:-1, max-image-preview:large, max-video-preview:-1\" \/>\n<link rel=\"canonical\" href=\"https:\/\/blogdofarnesio.com.br\/?p=324313\" \/>\n<meta property=\"og:locale\" content=\"pt_BR\" \/>\n<meta property=\"og:type\" content=\"article\" \/>\n<meta property=\"og:title\" content=\"Programas educacionais \u201cFique Esperto\u201d e \u201cTempo Recorde\u201d promovem a alfabetiza\u00e7\u00e3o e reduzem distor\u00e7\u00f5es no ensino em Juazeiro - Blog do Farn\u00e9sio\" \/>\n<meta property=\"og:description\" content=\"Reduzir os impactos da pandemia de Covid-19 na educa\u00e7\u00e3o \u00e9 uma das metas da Prefeitura de Juazeiro, atrav\u00e9s da Secretaria de Educa\u00e7\u00e3o e Juventude (Seduc). Pensando nisso, foram desenvolvidos pela Seduc os programas autorais de corre\u00e7\u00e3o de fluxo \u201cFique Esperto\u201d e \u201cTempo Recorde\u201d, que visam promover a alfabetiza\u00e7\u00e3o de alunos do Ensino Fundamental que apresentam distor\u00e7\u00e3o idade\/ano, bem como sua acelera\u00e7\u00e3o, al\u00e9m de otimizar os resultados do \u00cdndice de Desenvolvimento da Educa\u00e7\u00e3o B\u00e1sica (Ideb). A iniciativa \u00e9 desenvolvida com, no m\u00ednimo, 15 alunos por escola, e funciona da seguinte forma: na primeira etapa \u00e9 realizado o programa \u201cFique Esperto\u201d, no qual alunos que n\u00e3o est\u00e3o alfabetizados e apresentam distor\u00e7\u00e3o de idade\/ano ser\u00e3o alfabetizados. A segunda etapa \u00e9 o desenvolvimento do&hellip;\" \/>\n<meta property=\"og:url\" content=\"https:\/\/blogdofarnesio.com.br\/?p=324313\" \/>\n<meta property=\"og:site_name\" content=\"Blog do Farn\u00e9sio\" \/>\n<meta property=\"article:publisher\" content=\"https:\/\/www.facebook.com\/BlogQuerSaberPolitica\/\" \/>\n<meta property=\"article:author\" content=\"https:\/\/www.facebook.com\/?ref=tn_tnmn\" \/>\n<meta property=\"article:published_time\" content=\"2022-10-04T13:43:24+00:00\" \/>\n<meta property=\"og:image\" content=\"https:\/\/blogdofarnesio.com.br\/wp-content\/uploads\/2022\/05\/blogqspjua-escola-crianca-e1651518690530.jpg\" \/>\n\t<meta property=\"og:image:width\" content=\"620\" \/>\n\t<meta property=\"og:image:height\" content=\"413\" \/>\n\t<meta property=\"og:image:type\" content=\"image\/jpeg\" \/>\n<meta name=\"author\" content=\"Farn\u00e9sio\" \/>\n<meta name=\"twitter:card\" content=\"summary_large_image\" \/>\n<meta name=\"twitter:label1\" content=\"Escrito por\" \/>\n\t<meta name=\"twitter:data1\" content=\"Farn\u00e9sio\" \/>\n\t<meta name=\"twitter:label2\" content=\"Est. tempo de leitura\" \/>\n\t<meta name=\"twitter:data2\" content=\"2 minutos\" \/>\n<script type=\"application\/ld+json\" class=\"yoast-schema-graph\">{\"@context\":\"https:\\\/\\\/schema.org\",\"@graph\":[{\"@type\":\"Article\",\"@id\":\"https:\\\/\\\/blogdofarnesio.com.br\\\/?p=324313#article\",\"isPartOf\":{\"@id\":\"https:\\\/\\\/blogdofarnesio.com.br\\\/?p=324313\"},\"author\":{\"name\":\"Farn\u00e9sio\",\"@id\":\"https:\\\/\\\/blogdofarnesio.com.br\\\/#\\\/schema\\\/person\\\/bb9b23ae3ad0609ce8df7b6c9e76824d\"},\"headline\":\"Programas educacionais \u201cFique Esperto\u201d e \u201cTempo Recorde\u201d promovem a alfabetiza\u00e7\u00e3o e reduzem distor\u00e7\u00f5es no ensino em Juazeiro\",\"datePublished\":\"2022-10-04T13:43:24+00:00\",\"mainEntityOfPage\":{\"@id\":\"https:\\\/\\\/blogdofarnesio.com.br\\\/?p=324313\"},\"wordCount\":361,\"commentCount\":0,\"publisher\":{\"@id\":\"https:\\\/\\\/blogdofarnesio.com.br\\\/#organization\"},\"image\":{\"@id\":\"https:\\\/\\\/blogdofarnesio.com.br\\\/?p=324313#primaryimage\"},\"thumbnailUrl\":\"https:\\\/\\\/blogdofarnesio.com.br\\\/wp-content\\\/uploads\\\/2022\\\/05\\\/blogqspjua-escola-crianca-e1651518690530.jpg\",\"articleSection\":[\"Cultura\"],\"inLanguage\":\"pt-BR\",\"potentialAction\":[{\"@type\":\"CommentAction\",\"name\":\"Comment\",\"target\":[\"https:\\\/\\\/blogdofarnesio.com.br\\\/?p=324313#respond\"]}]},{\"@type\":\"WebPage\",\"@id\":\"https:\\\/\\\/blogdofarnesio.com.br\\\/?p=324313\",\"url\":\"https:\\\/\\\/blogdofarnesio.com.br\\\/?p=324313\",\"name\":\"Programas educacionais \u201cFique Esperto\u201d e \u201cTempo Recorde\u201d promovem a alfabetiza\u00e7\u00e3o e reduzem distor\u00e7\u00f5es no ensino em Juazeiro - Blog do Farn\u00e9sio\",\"isPartOf\":{\"@id\":\"https:\\\/\\\/blogdofarnesio.com.br\\\/#website\"},\"primaryImageOfPage\":{\"@id\":\"https:\\\/\\\/blogdofarnesio.com.br\\\/?p=324313#primaryimage\"},\"image\":{\"@id\":\"https:\\\/\\\/blogdofarnesio.com.br\\\/?p=324313#primaryimage\"},\"thumbnailUrl\":\"https:\\\/\\\/blogdofarnesio.com.br\\\/wp-content\\\/uploads\\\/2022\\\/05\\\/blogqspjua-escola-crianca-e1651518690530.jpg\",\"datePublished\":\"2022-10-04T13:43:24+00:00\",\"breadcrumb\":{\"@id\":\"https:\\\/\\\/blogdofarnesio.com.br\\\/?p=324313#breadcrumb\"},\"inLanguage\":\"pt-BR\",\"potentialAction\":[{\"@type\":\"ReadAction\",\"target\":[\"https:\\\/\\\/blogdofarnesio.com.br\\\/?p=324313\"]}]},{\"@type\":\"ImageObject\",\"inLanguage\":\"pt-BR\",\"@id\":\"https:\\\/\\\/blogdofarnesio.com.br\\\/?p=324313#primaryimage\",\"url\":\"https:\\\/\\\/blogdofarnesio.com.br\\\/wp-content\\\/uploads\\\/2022\\\/05\\\/blogqspjua-escola-crianca-e1651518690530.jpg\",\"contentUrl\":\"https:\\\/\\\/blogdofarnesio.com.br\\\/wp-content\\\/uploads\\\/2022\\\/05\\\/blogqspjua-escola-crianca-e1651518690530.jpg\",\"width\":620,\"height\":413},{\"@type\":\"BreadcrumbList\",\"@id\":\"https:\\\/\\\/blogdofarnesio.com.br\\\/?p=324313#breadcrumb\",\"itemListElement\":[{\"@type\":\"ListItem\",\"position\":1,\"name\":\"In\u00edcio\",\"item\":\"https:\\\/\\\/blogdofarnesio.com.br\\\/\"},{\"@type\":\"ListItem\",\"position\":2,\"name\":\"Programas educacionais \u201cFique Esperto\u201d e \u201cTempo Recorde\u201d promovem a alfabetiza\u00e7\u00e3o e reduzem distor\u00e7\u00f5es no ensino em Juazeiro\"}]},{\"@type\":\"WebSite\",\"@id\":\"https:\\\/\\\/blogdofarnesio.com.br\\\/#website\",\"url\":\"https:\\\/\\\/blogdofarnesio.com.br\\\/\",\"name\":\"Blog do Farn\u00e9sio\",\"description\":\"Quer Saber Pol\u00edtica?\",\"publisher\":{\"@id\":\"https:\\\/\\\/blogdofarnesio.com.br\\\/#organization\"},\"potentialAction\":[{\"@type\":\"SearchAction\",\"target\":{\"@type\":\"EntryPoint\",\"urlTemplate\":\"https:\\\/\\\/blogdofarnesio.com.br\\\/?s={search_term_string}\"},\"query-input\":{\"@type\":\"PropertyValueSpecification\",\"valueRequired\":true,\"valueName\":\"search_term_string\"}}],\"inLanguage\":\"pt-BR\"},{\"@type\":\"Organization\",\"@id\":\"https:\\\/\\\/blogdofarnesio.com.br\\\/#organization\",\"name\":\"Blog do Farn\u00e9sio\",\"url\":\"https:\\\/\\\/blogdofarnesio.com.br\\\/\",\"logo\":{\"@type\":\"ImageObject\",\"inLanguage\":\"pt-BR\",\"@id\":\"https:\\\/\\\/blogdofarnesio.com.br\\\/#\\\/schema\\\/logo\\\/image\\\/\",\"url\":\"https:\\\/\\\/blogdofarnesio.com.br\\\/wp-content\\\/uploads\\\/2026\\\/03\\\/cropped-logo_new-1.png\",\"contentUrl\":\"https:\\\/\\\/blogdofarnesio.com.br\\\/wp-content\\\/uploads\\\/2026\\\/03\\\/cropped-logo_new-1.png\",\"width\":881,\"height\":685,\"caption\":\"Blog do Farn\u00e9sio\"},\"image\":{\"@id\":\"https:\\\/\\\/blogdofarnesio.com.br\\\/#\\\/schema\\\/logo\\\/image\\\/\"},\"sameAs\":[\"https:\\\/\\\/www.facebook.com\\\/BlogQuerSaberPolitica\\\/\"]},{\"@type\":\"Person\",\"@id\":\"https:\\\/\\\/blogdofarnesio.com.br\\\/#\\\/schema\\\/person\\\/bb9b23ae3ad0609ce8df7b6c9e76824d\",\"name\":\"Farn\u00e9sio\",\"image\":{\"@type\":\"ImageObject\",\"inLanguage\":\"pt-BR\",\"@id\":\"https:\\\/\\\/secure.gravatar.com\\\/avatar\\\/986aa4c61ccdb66f8555bf88fc2a65609d00bcabd4d2d94377a727547345cbca?s=96&d=mm&r=g\",\"url\":\"https:\\\/\\\/secure.gravatar.com\\\/avatar\\\/986aa4c61ccdb66f8555bf88fc2a65609d00bcabd4d2d94377a727547345cbca?s=96&d=mm&r=g\",\"contentUrl\":\"https:\\\/\\\/secure.gravatar.com\\\/avatar\\\/986aa4c61ccdb66f8555bf88fc2a65609d00bcabd4d2d94377a727547345cbca?s=96&d=mm&r=g\",\"caption\":\"Farn\u00e9sio\"},\"description\":\"Radialista blogueiro, chegou a Petrolina\\\/Juazeiro em setembro de 1980, Farn\u00e9sio Silva \u00e9 de Arapiraca-Alagoas.\",\"sameAs\":[\"http:\\\/\\\/blogdofarnesio.com.br\",\"https:\\\/\\\/www.facebook.com\\\/?ref=tn_tnmn\",\"https:\\\/\\\/www.instagram.com\\\/?utm_source=pwa_homescreen\",\"https:\\\/\\\/youtube.com.br\\\/\"],\"url\":\"https:\\\/\\\/blogdofarnesio.com.br\\\/?author=2\"}]}<\/script>\n<!-- \/ Yoast SEO plugin. -->","yoast_head_json":{"title":"Programas educacionais \u201cFique Esperto\u201d e \u201cTempo Recorde\u201d promovem a alfabetiza\u00e7\u00e3o e reduzem distor\u00e7\u00f5es no ensino em Juazeiro - Blog do Farn\u00e9sio","robots":{"index":"index","follow":"follow","max-snippet":"max-snippet:-1","max-image-preview":"max-image-preview:large","max-video-preview":"max-video-preview:-1"},"canonical":"https:\/\/blogdofarnesio.com.br\/?p=324313","og_locale":"pt_BR","og_type":"article","og_title":"Programas educacionais \u201cFique Esperto\u201d e \u201cTempo Recorde\u201d promovem a alfabetiza\u00e7\u00e3o e reduzem distor\u00e7\u00f5es no ensino em Juazeiro - Blog do Farn\u00e9sio","og_description":"Reduzir os impactos da pandemia de Covid-19 na educa\u00e7\u00e3o \u00e9 uma das metas da Prefeitura de Juazeiro, atrav\u00e9s da Secretaria de Educa\u00e7\u00e3o e Juventude (Seduc). Pensando nisso, foram desenvolvidos pela Seduc os programas autorais de corre\u00e7\u00e3o de fluxo \u201cFique Esperto\u201d e \u201cTempo Recorde\u201d, que visam promover a alfabetiza\u00e7\u00e3o de alunos do Ensino Fundamental que apresentam distor\u00e7\u00e3o idade\/ano, bem como sua acelera\u00e7\u00e3o, al\u00e9m de otimizar os resultados do \u00cdndice de Desenvolvimento da Educa\u00e7\u00e3o B\u00e1sica (Ideb). A iniciativa \u00e9 desenvolvida com, no m\u00ednimo, 15 alunos por escola, e funciona da seguinte forma: na primeira etapa \u00e9 realizado o programa \u201cFique Esperto\u201d, no qual alunos que n\u00e3o est\u00e3o alfabetizados e apresentam distor\u00e7\u00e3o de idade\/ano ser\u00e3o alfabetizados. A segunda etapa \u00e9 o desenvolvimento do&hellip;","og_url":"https:\/\/blogdofarnesio.com.br\/?p=324313","og_site_name":"Blog do Farn\u00e9sio","article_publisher":"https:\/\/www.facebook.com\/BlogQuerSaberPolitica\/","article_author":"https:\/\/www.facebook.com\/?ref=tn_tnmn","article_published_time":"2022-10-04T13:43:24+00:00","og_image":[{"width":620,"height":413,"url":"https:\/\/blogdofarnesio.com.br\/wp-content\/uploads\/2022\/05\/blogqspjua-escola-crianca-e1651518690530.jpg","type":"image\/jpeg"}],"author":"Farn\u00e9sio","twitter_card":"summary_large_image","twitter_misc":{"Escrito por":"Farn\u00e9sio","Est. tempo de leitura":"2 minutos"},"schema":{"@context":"https:\/\/schema.org","@graph":[{"@type":"Article","@id":"https:\/\/blogdofarnesio.com.br\/?p=324313#article","isPartOf":{"@id":"https:\/\/blogdofarnesio.com.br\/?p=324313"},"author":{"name":"Farn\u00e9sio","@id":"https:\/\/blogdofarnesio.com.br\/#\/schema\/person\/bb9b23ae3ad0609ce8df7b6c9e76824d"},"headline":"Programas educacionais \u201cFique Esperto\u201d e \u201cTempo Recorde\u201d promovem a alfabetiza\u00e7\u00e3o e reduzem distor\u00e7\u00f5es no ensino em Juazeiro","datePublished":"2022-10-04T13:43:24+00:00","mainEntityOfPage":{"@id":"https:\/\/blogdofarnesio.com.br\/?p=324313"},"wordCount":361,"commentCount":0,"publisher":{"@id":"https:\/\/blogdofarnesio.com.br\/#organization"},"image":{"@id":"https:\/\/blogdofarnesio.com.br\/?p=324313#primaryimage"},"thumbnailUrl":"https:\/\/blogdofarnesio.com.br\/wp-content\/uploads\/2022\/05\/blogqspjua-escola-crianca-e1651518690530.jpg","articleSection":["Cultura"],"inLanguage":"pt-BR","potentialAction":[{"@type":"CommentAction","name":"Comment","target":["https:\/\/blogdofarnesio.com.br\/?p=324313#respond"]}]},{"@type":"WebPage","@id":"https:\/\/blogdofarnesio.com.br\/?p=324313","url":"https:\/\/blogdofarnesio.com.br\/?p=324313","name":"Programas educacionais \u201cFique Esperto\u201d e \u201cTempo Recorde\u201d promovem a alfabetiza\u00e7\u00e3o e reduzem distor\u00e7\u00f5es no ensino em Juazeiro - Blog do Farn\u00e9sio","isPartOf":{"@id":"https:\/\/blogdofarnesio.com.br\/#website"},"primaryImageOfPage":{"@id":"https:\/\/blogdofarnesio.com.br\/?p=324313#primaryimage"},"image":{"@id":"https:\/\/blogdofarnesio.com.br\/?p=324313#primaryimage"},"thumbnailUrl":"https:\/\/blogdofarnesio.com.br\/wp-content\/uploads\/2022\/05\/blogqspjua-escola-crianca-e1651518690530.jpg","datePublished":"2022-10-04T13:43:24+00:00","breadcrumb":{"@id":"https:\/\/blogdofarnesio.com.br\/?p=324313#breadcrumb"},"inLanguage":"pt-BR","potentialAction":[{"@type":"ReadAction","target":["https:\/\/blogdofarnesio.com.br\/?p=324313"]}]},{"@type":"ImageObject","inLanguage":"pt-BR","@id":"https:\/\/blogdofarnesio.com.br\/?p=324313#primaryimage","url":"https:\/\/blogdofarnesio.com.br\/wp-content\/uploads\/2022\/05\/blogqspjua-escola-crianca-e1651518690530.jpg","contentUrl":"https:\/\/blogdofarnesio.com.br\/wp-content\/uploads\/2022\/05\/blogqspjua-escola-crianca-e1651518690530.jpg","width":620,"height":413},{"@type":"BreadcrumbList","@id":"https:\/\/blogdofarnesio.com.br\/?p=324313#breadcrumb","itemListElement":[{"@type":"ListItem","position":1,"name":"In\u00edcio","item":"https:\/\/blogdofarnesio.com.br\/"},{"@type":"ListItem","position":2,"name":"Programas educacionais \u201cFique Esperto\u201d e \u201cTempo Recorde\u201d promovem a alfabetiza\u00e7\u00e3o e reduzem distor\u00e7\u00f5es no ensino em Juazeiro"}]},{"@type":"WebSite","@id":"https:\/\/blogdofarnesio.com.br\/#website","url":"https:\/\/blogdofarnesio.com.br\/","name":"Blog do Farn\u00e9sio","description":"Quer Saber Pol\u00edtica?","publisher":{"@id":"https:\/\/blogdofarnesio.com.br\/#organization"},"potentialAction":[{"@type":"SearchAction","target":{"@type":"EntryPoint","urlTemplate":"https:\/\/blogdofarnesio.com.br\/?s={search_term_string}"},"query-input":{"@type":"PropertyValueSpecification","valueRequired":true,"valueName":"search_term_string"}}],"inLanguage":"pt-BR"},{"@type":"Organization","@id":"https:\/\/blogdofarnesio.com.br\/#organization","name":"Blog do Farn\u00e9sio","url":"https:\/\/blogdofarnesio.com.br\/","logo":{"@type":"ImageObject","inLanguage":"pt-BR","@id":"https:\/\/blogdofarnesio.com.br\/#\/schema\/logo\/image\/","url":"https:\/\/blogdofarnesio.com.br\/wp-content\/uploads\/2026\/03\/cropped-logo_new-1.png","contentUrl":"https:\/\/blogdofarnesio.com.br\/wp-content\/uploads\/2026\/03\/cropped-logo_new-1.png","width":881,"height":685,"caption":"Blog do Farn\u00e9sio"},"image":{"@id":"https:\/\/blogdofarnesio.com.br\/#\/schema\/logo\/image\/"},"sameAs":["https:\/\/www.facebook.com\/BlogQuerSaberPolitica\/"]},{"@type":"Person","@id":"https:\/\/blogdofarnesio.com.br\/#\/schema\/person\/bb9b23ae3ad0609ce8df7b6c9e76824d","name":"Farn\u00e9sio","image":{"@type":"ImageObject","inLanguage":"pt-BR","@id":"https:\/\/secure.gravatar.com\/avatar\/986aa4c61ccdb66f8555bf88fc2a65609d00bcabd4d2d94377a727547345cbca?s=96&d=mm&r=g","url":"https:\/\/secure.gravatar.com\/avatar\/986aa4c61ccdb66f8555bf88fc2a65609d00bcabd4d2d94377a727547345cbca?s=96&d=mm&r=g","contentUrl":"https:\/\/secure.gravatar.com\/avatar\/986aa4c61ccdb66f8555bf88fc2a65609d00bcabd4d2d94377a727547345cbca?s=96&d=mm&r=g","caption":"Farn\u00e9sio"},"description":"Radialista blogueiro, chegou a Petrolina\/Juazeiro em setembro de 1980, Farn\u00e9sio Silva \u00e9 de Arapiraca-Alagoas.","sameAs":["http:\/\/blogdofarnesio.com.br","https:\/\/www.facebook.com\/?ref=tn_tnmn","https:\/\/www.instagram.com\/?utm_source=pwa_homescreen","https:\/\/youtube.com.br\/"],"url":"https:\/\/blogdofarnesio.com.br\/?author=2"}]}},"_links":{"self":[{"href":"https:\/\/blogdofarnesio.com.br\/index.php?rest_route=\/wp\/v2\/posts\/324313","targetHints":{"allow":["GET"]}}],"collection":[{"href":"https:\/\/blogdofarnesio.com.br\/index.php?rest_route=\/wp\/v2\/posts"}],"about":[{"href":"https:\/\/blogdofarnesio.com.br\/index.php?rest_route=\/wp\/v2\/types\/post"}],"author":[{"embeddable":true,"href":"https:\/\/blogdofarnesio.com.br\/index.php?rest_route=\/wp\/v2\/users\/2"}],"replies":[{"embeddable":true,"href":"https:\/\/blogdofarnesio.com.br\/index.php?rest_route=%2Fwp%2Fv2%2Fcomments&post=324313"}],"version-history":[{"count":0,"href":"https:\/\/blogdofarnesio.com.br\/index.php?rest_route=\/wp\/v2\/posts\/324313\/revisions"}],"wp:featuredmedia":[{"embeddable":true,"href":"https:\/\/blogdofarnesio.com.br\/index.php?rest_route=\/wp\/v2\/media\/312234"}],"wp:attachment":[{"href":"https:\/\/blogdofarnesio.com.br\/index.php?rest_route=%2Fwp%2Fv2%2Fmedia&parent=324313"}],"wp:term":[{"taxonomy":"category","embeddable":true,"href":"https:\/\/blogdofarnesio.com.br\/index.php?rest_route=%2Fwp%2Fv2%2Fcategories&post=324313"},{"taxonomy":"post_tag","embeddable":true,"href":"https:\/\/blogdofarnesio.com.br\/index.php?rest_route=%2Fwp%2Fv2%2Ftags&post=324313"}],"curies":[{"name":"wp","href":"https:\/\/api.w.org\/{rel}","templated":true}]}}