{"id":324301,"date":"2022-10-04T10:03:34","date_gmt":"2022-10-04T13:03:34","guid":{"rendered":"https:\/\/blogdofarnesio.com.br\/?p=324301"},"modified":"2022-10-03T19:13:09","modified_gmt":"2022-10-03T22:13:09","slug":"ex-prefeito-de-salgueiro-vai-prestar-servicos-comunitarios-e-pagar-multas-por-invasao-de-terras-da-uniao-e-furto-de-agua-do-sao-francisco","status":"publish","type":"post","link":"https:\/\/blogdofarnesio.com.br\/?p=324301","title":{"rendered":"Ex-prefeito de Salgueiro \u00e9 condenado vai prestar servi\u00e7os comunit\u00e1rios e pagar multas por invas\u00e3o de terras da Uni\u00e3o e furto de \u00e1gua do S\u00e3o Francisco"},"content":{"rendered":"<div class=\"entry-content clearfix\">\n<p>Acusado de invas\u00e3o de terras da Uni\u00e3o e furto de \u00e1gua do Rio S\u00e3o Francisco, o ex-prefeito de Salgueiro Clebel Cordeiro foi condenado pela Justi\u00e7a Federal a um ano de pris\u00e3o por furto de \u00e1gua do Rio S\u00e3o Francisco e seis meses por invas\u00e3o de terras da Uni\u00e3o. Contudo, o juiz converteu a pena em presta\u00e7\u00e3o de servi\u00e7os comunit\u00e1rios e pagamento de 10 sal\u00e1rios-m\u00ednimos a entidade com destina\u00e7\u00e3o social, bem como 100 sal\u00e1rios-m\u00ednimos pelos danos causados. A den\u00fancia foi oferecida pelo Minist\u00e9rio P\u00fablico Federal (MPF).<\/p>\n<p>Segundo o MPF, as investiga\u00e7\u00f5es comprovaram que o empres\u00e1rio substituiu cercas e piquetes de demarca\u00e7\u00e3o instalados pelo Minist\u00e9rio do Desenvolvimento Regional (MDR), \u00f3rg\u00e3o respons\u00e1vel pela administra\u00e7\u00e3o das obras da Transposi\u00e7\u00e3o do Rio S\u00e3o Francisco, al\u00e9m de ocupar irregularmente cerca de 2,3 hectares da Uni\u00e3o.<\/p>\n<p>\u201cO objetivo foi chegar \u00e0 \u00e1rea em que fica bra\u00e7o do Reservat\u00f3rio Mangueiras, integrante do sistema de transposi\u00e7\u00e3o, de onde era captada \u00e1gua para irriga\u00e7\u00e3o de plantios na propriedade particular do ent\u00e3o prefeito\u201d, afirma o MPF, acrescentando que Clebel desmatou uma \u00e1rea de preserva\u00e7\u00e3o permanente em torno do reservat\u00f3rio para instalar bomba el\u00e9trica.<\/p>\n<p>O MPF recorreu ao TRF-5 para que o ex-prefeito tamb\u00e9m seja condenado pelo dano da \u00e1rea de preserva\u00e7\u00e3o permanente e para que a pena pelo furto de \u00e1gua do S\u00e3o Francisco seja aumentada. Clebel tamb\u00e9m pode recorrer da condena\u00e7\u00e3o.<\/p>\n<\/div>\n","protected":false},"excerpt":{"rendered":"<p>Acusado de invas\u00e3o de terras da Uni\u00e3o e furto de \u00e1gua do Rio S\u00e3o Francisco, o ex-prefeito de Salgueiro Clebel Cordeiro foi condenado pela Justi\u00e7a Federal a um ano de pris\u00e3o por furto de \u00e1gua do Rio S\u00e3o Francisco e seis meses por invas\u00e3o de terras da Uni\u00e3o. Contudo, o juiz converteu a pena em presta\u00e7\u00e3o de servi\u00e7os comunit\u00e1rios e pagamento de 10 sal\u00e1rios-m\u00ednimos a entidade com destina\u00e7\u00e3o social, bem como 100 sal\u00e1rios-m\u00ednimos pelos danos causados. A den\u00fancia foi oferecida pelo Minist\u00e9rio P\u00fablico Federal (MPF). Segundo o MPF, as investiga\u00e7\u00f5es comprovaram que o empres\u00e1rio substituiu cercas e piquetes de demarca\u00e7\u00e3o instalados pelo Minist\u00e9rio do Desenvolvimento Regional (MDR), \u00f3rg\u00e3o respons\u00e1vel pela administra\u00e7\u00e3o das obras da Transposi\u00e7\u00e3o do Rio S\u00e3o Francisco, al\u00e9m&hellip; <\/p>\n","protected":false},"author":2,"featured_media":276042,"comment_status":"open","ping_status":"open","sticky":false,"template":"","format":"standard","meta":{"_acf_changed":false,"footnotes":""},"categories":[27],"tags":[],"class_list":["post-324301","post","type-post","status-publish","format-standard","has-post-thumbnail","hentry","category-cidades"],"acf":[],"yoast_head":"<!-- This site is optimized with the Yoast SEO plugin v27.4 - https:\/\/yoast.com\/product\/yoast-seo-wordpress\/ -->\n<title>Ex-prefeito de Salgueiro \u00e9 condenado vai prestar servi\u00e7os comunit\u00e1rios e pagar multas por invas\u00e3o de terras da Uni\u00e3o e furto de \u00e1gua do S\u00e3o Francisco - Blog do Farn\u00e9sio<\/title>\n<meta name=\"robots\" content=\"index, follow, max-snippet:-1, max-image-preview:large, max-video-preview:-1\" \/>\n<link rel=\"canonical\" href=\"https:\/\/blogdofarnesio.com.br\/?p=324301\" \/>\n<meta property=\"og:locale\" content=\"pt_BR\" \/>\n<meta property=\"og:type\" content=\"article\" \/>\n<meta property=\"og:title\" content=\"Ex-prefeito de Salgueiro \u00e9 condenado vai prestar servi\u00e7os comunit\u00e1rios e pagar multas por invas\u00e3o de terras da Uni\u00e3o e furto de \u00e1gua do S\u00e3o Francisco - Blog do Farn\u00e9sio\" \/>\n<meta property=\"og:description\" content=\"Acusado de invas\u00e3o de terras da Uni\u00e3o e furto de \u00e1gua do Rio S\u00e3o Francisco, o ex-prefeito de Salgueiro Clebel Cordeiro foi condenado pela Justi\u00e7a Federal a um ano de pris\u00e3o por furto de \u00e1gua do Rio S\u00e3o Francisco e seis meses por invas\u00e3o de terras da Uni\u00e3o. Contudo, o juiz converteu a pena em presta\u00e7\u00e3o de servi\u00e7os comunit\u00e1rios e pagamento de 10 sal\u00e1rios-m\u00ednimos a entidade com destina\u00e7\u00e3o social, bem como 100 sal\u00e1rios-m\u00ednimos pelos danos causados. A den\u00fancia foi oferecida pelo Minist\u00e9rio P\u00fablico Federal (MPF). Segundo o MPF, as investiga\u00e7\u00f5es comprovaram que o empres\u00e1rio substituiu cercas e piquetes de demarca\u00e7\u00e3o instalados pelo Minist\u00e9rio do Desenvolvimento Regional (MDR), \u00f3rg\u00e3o respons\u00e1vel pela administra\u00e7\u00e3o das obras da Transposi\u00e7\u00e3o do Rio S\u00e3o Francisco, al\u00e9m&hellip;\" \/>\n<meta property=\"og:url\" content=\"https:\/\/blogdofarnesio.com.br\/?p=324301\" \/>\n<meta property=\"og:site_name\" content=\"Blog do Farn\u00e9sio\" \/>\n<meta property=\"article:publisher\" content=\"https:\/\/www.facebook.com\/BlogQuerSaberPolitica\/\" \/>\n<meta property=\"article:author\" content=\"https:\/\/www.facebook.com\/?ref=tn_tnmn\" \/>\n<meta property=\"article:published_time\" content=\"2022-10-04T13:03:34+00:00\" \/>\n<meta property=\"og:image\" content=\"https:\/\/blogdofarnesio.com.br\/wp-content\/uploads\/2021\/01\/blogqspsalgueiro-clebel..jpg\" \/>\n\t<meta property=\"og:image:width\" content=\"640\" \/>\n\t<meta property=\"og:image:height\" content=\"423\" \/>\n\t<meta property=\"og:image:type\" content=\"image\/jpeg\" \/>\n<meta name=\"author\" content=\"Farn\u00e9sio\" \/>\n<meta name=\"twitter:card\" content=\"summary_large_image\" \/>\n<meta name=\"twitter:label1\" content=\"Escrito por\" \/>\n\t<meta name=\"twitter:data1\" content=\"Farn\u00e9sio\" \/>\n\t<meta name=\"twitter:label2\" content=\"Est. tempo de leitura\" \/>\n\t<meta name=\"twitter:data2\" content=\"2 minutos\" \/>\n<script type=\"application\/ld+json\" class=\"yoast-schema-graph\">{\"@context\":\"https:\\\/\\\/schema.org\",\"@graph\":[{\"@type\":\"Article\",\"@id\":\"https:\\\/\\\/blogdofarnesio.com.br\\\/?p=324301#article\",\"isPartOf\":{\"@id\":\"https:\\\/\\\/blogdofarnesio.com.br\\\/?p=324301\"},\"author\":{\"name\":\"Farn\u00e9sio\",\"@id\":\"https:\\\/\\\/blogdofarnesio.com.br\\\/#\\\/schema\\\/person\\\/bb9b23ae3ad0609ce8df7b6c9e76824d\"},\"headline\":\"Ex-prefeito de Salgueiro \u00e9 condenado vai prestar servi\u00e7os comunit\u00e1rios e pagar multas por invas\u00e3o de terras da Uni\u00e3o e furto de \u00e1gua do S\u00e3o Francisco\",\"datePublished\":\"2022-10-04T13:03:34+00:00\",\"mainEntityOfPage\":{\"@id\":\"https:\\\/\\\/blogdofarnesio.com.br\\\/?p=324301\"},\"wordCount\":289,\"commentCount\":0,\"publisher\":{\"@id\":\"https:\\\/\\\/blogdofarnesio.com.br\\\/#organization\"},\"image\":{\"@id\":\"https:\\\/\\\/blogdofarnesio.com.br\\\/?p=324301#primaryimage\"},\"thumbnailUrl\":\"https:\\\/\\\/blogdofarnesio.com.br\\\/wp-content\\\/uploads\\\/2021\\\/01\\\/blogqspsalgueiro-clebel..jpg\",\"articleSection\":[\"Cidades\"],\"inLanguage\":\"pt-BR\",\"potentialAction\":[{\"@type\":\"CommentAction\",\"name\":\"Comment\",\"target\":[\"https:\\\/\\\/blogdofarnesio.com.br\\\/?p=324301#respond\"]}]},{\"@type\":\"WebPage\",\"@id\":\"https:\\\/\\\/blogdofarnesio.com.br\\\/?p=324301\",\"url\":\"https:\\\/\\\/blogdofarnesio.com.br\\\/?p=324301\",\"name\":\"Ex-prefeito de Salgueiro \u00e9 condenado vai prestar servi\u00e7os comunit\u00e1rios e pagar multas por invas\u00e3o de terras da Uni\u00e3o e furto de \u00e1gua do S\u00e3o Francisco - Blog do Farn\u00e9sio\",\"isPartOf\":{\"@id\":\"https:\\\/\\\/blogdofarnesio.com.br\\\/#website\"},\"primaryImageOfPage\":{\"@id\":\"https:\\\/\\\/blogdofarnesio.com.br\\\/?p=324301#primaryimage\"},\"image\":{\"@id\":\"https:\\\/\\\/blogdofarnesio.com.br\\\/?p=324301#primaryimage\"},\"thumbnailUrl\":\"https:\\\/\\\/blogdofarnesio.com.br\\\/wp-content\\\/uploads\\\/2021\\\/01\\\/blogqspsalgueiro-clebel..jpg\",\"datePublished\":\"2022-10-04T13:03:34+00:00\",\"breadcrumb\":{\"@id\":\"https:\\\/\\\/blogdofarnesio.com.br\\\/?p=324301#breadcrumb\"},\"inLanguage\":\"pt-BR\",\"potentialAction\":[{\"@type\":\"ReadAction\",\"target\":[\"https:\\\/\\\/blogdofarnesio.com.br\\\/?p=324301\"]}]},{\"@type\":\"ImageObject\",\"inLanguage\":\"pt-BR\",\"@id\":\"https:\\\/\\\/blogdofarnesio.com.br\\\/?p=324301#primaryimage\",\"url\":\"https:\\\/\\\/blogdofarnesio.com.br\\\/wp-content\\\/uploads\\\/2021\\\/01\\\/blogqspsalgueiro-clebel..jpg\",\"contentUrl\":\"https:\\\/\\\/blogdofarnesio.com.br\\\/wp-content\\\/uploads\\\/2021\\\/01\\\/blogqspsalgueiro-clebel..jpg\",\"width\":640,\"height\":423},{\"@type\":\"BreadcrumbList\",\"@id\":\"https:\\\/\\\/blogdofarnesio.com.br\\\/?p=324301#breadcrumb\",\"itemListElement\":[{\"@type\":\"ListItem\",\"position\":1,\"name\":\"In\u00edcio\",\"item\":\"https:\\\/\\\/blogdofarnesio.com.br\\\/\"},{\"@type\":\"ListItem\",\"position\":2,\"name\":\"Ex-prefeito de Salgueiro \u00e9 condenado vai prestar servi\u00e7os comunit\u00e1rios e pagar multas por invas\u00e3o de terras da Uni\u00e3o e furto de \u00e1gua do S\u00e3o Francisco\"}]},{\"@type\":\"WebSite\",\"@id\":\"https:\\\/\\\/blogdofarnesio.com.br\\\/#website\",\"url\":\"https:\\\/\\\/blogdofarnesio.com.br\\\/\",\"name\":\"Blog do Farn\u00e9sio\",\"description\":\"Quer Saber Pol\u00edtica?\",\"publisher\":{\"@id\":\"https:\\\/\\\/blogdofarnesio.com.br\\\/#organization\"},\"potentialAction\":[{\"@type\":\"SearchAction\",\"target\":{\"@type\":\"EntryPoint\",\"urlTemplate\":\"https:\\\/\\\/blogdofarnesio.com.br\\\/?s={search_term_string}\"},\"query-input\":{\"@type\":\"PropertyValueSpecification\",\"valueRequired\":true,\"valueName\":\"search_term_string\"}}],\"inLanguage\":\"pt-BR\"},{\"@type\":\"Organization\",\"@id\":\"https:\\\/\\\/blogdofarnesio.com.br\\\/#organization\",\"name\":\"Blog do Farn\u00e9sio\",\"url\":\"https:\\\/\\\/blogdofarnesio.com.br\\\/\",\"logo\":{\"@type\":\"ImageObject\",\"inLanguage\":\"pt-BR\",\"@id\":\"https:\\\/\\\/blogdofarnesio.com.br\\\/#\\\/schema\\\/logo\\\/image\\\/\",\"url\":\"https:\\\/\\\/blogdofarnesio.com.br\\\/wp-content\\\/uploads\\\/2026\\\/03\\\/cropped-logo_new-1.png\",\"contentUrl\":\"https:\\\/\\\/blogdofarnesio.com.br\\\/wp-content\\\/uploads\\\/2026\\\/03\\\/cropped-logo_new-1.png\",\"width\":881,\"height\":685,\"caption\":\"Blog do Farn\u00e9sio\"},\"image\":{\"@id\":\"https:\\\/\\\/blogdofarnesio.com.br\\\/#\\\/schema\\\/logo\\\/image\\\/\"},\"sameAs\":[\"https:\\\/\\\/www.facebook.com\\\/BlogQuerSaberPolitica\\\/\"]},{\"@type\":\"Person\",\"@id\":\"https:\\\/\\\/blogdofarnesio.com.br\\\/#\\\/schema\\\/person\\\/bb9b23ae3ad0609ce8df7b6c9e76824d\",\"name\":\"Farn\u00e9sio\",\"image\":{\"@type\":\"ImageObject\",\"inLanguage\":\"pt-BR\",\"@id\":\"https:\\\/\\\/secure.gravatar.com\\\/avatar\\\/986aa4c61ccdb66f8555bf88fc2a65609d00bcabd4d2d94377a727547345cbca?s=96&d=mm&r=g\",\"url\":\"https:\\\/\\\/secure.gravatar.com\\\/avatar\\\/986aa4c61ccdb66f8555bf88fc2a65609d00bcabd4d2d94377a727547345cbca?s=96&d=mm&r=g\",\"contentUrl\":\"https:\\\/\\\/secure.gravatar.com\\\/avatar\\\/986aa4c61ccdb66f8555bf88fc2a65609d00bcabd4d2d94377a727547345cbca?s=96&d=mm&r=g\",\"caption\":\"Farn\u00e9sio\"},\"description\":\"Radialista blogueiro, chegou a Petrolina\\\/Juazeiro em setembro de 1980, Farn\u00e9sio Silva \u00e9 de Arapiraca-Alagoas.\",\"sameAs\":[\"http:\\\/\\\/blogdofarnesio.com.br\",\"https:\\\/\\\/www.facebook.com\\\/?ref=tn_tnmn\",\"https:\\\/\\\/www.instagram.com\\\/?utm_source=pwa_homescreen\",\"https:\\\/\\\/youtube.com.br\\\/\"],\"url\":\"https:\\\/\\\/blogdofarnesio.com.br\\\/?author=2\"}]}<\/script>\n<!-- \/ Yoast SEO plugin. -->","yoast_head_json":{"title":"Ex-prefeito de Salgueiro \u00e9 condenado vai prestar servi\u00e7os comunit\u00e1rios e pagar multas por invas\u00e3o de terras da Uni\u00e3o e furto de \u00e1gua do S\u00e3o Francisco - Blog do Farn\u00e9sio","robots":{"index":"index","follow":"follow","max-snippet":"max-snippet:-1","max-image-preview":"max-image-preview:large","max-video-preview":"max-video-preview:-1"},"canonical":"https:\/\/blogdofarnesio.com.br\/?p=324301","og_locale":"pt_BR","og_type":"article","og_title":"Ex-prefeito de Salgueiro \u00e9 condenado vai prestar servi\u00e7os comunit\u00e1rios e pagar multas por invas\u00e3o de terras da Uni\u00e3o e furto de \u00e1gua do S\u00e3o Francisco - Blog do Farn\u00e9sio","og_description":"Acusado de invas\u00e3o de terras da Uni\u00e3o e furto de \u00e1gua do Rio S\u00e3o Francisco, o ex-prefeito de Salgueiro Clebel Cordeiro foi condenado pela Justi\u00e7a Federal a um ano de pris\u00e3o por furto de \u00e1gua do Rio S\u00e3o Francisco e seis meses por invas\u00e3o de terras da Uni\u00e3o. Contudo, o juiz converteu a pena em presta\u00e7\u00e3o de servi\u00e7os comunit\u00e1rios e pagamento de 10 sal\u00e1rios-m\u00ednimos a entidade com destina\u00e7\u00e3o social, bem como 100 sal\u00e1rios-m\u00ednimos pelos danos causados. A den\u00fancia foi oferecida pelo Minist\u00e9rio P\u00fablico Federal (MPF). Segundo o MPF, as investiga\u00e7\u00f5es comprovaram que o empres\u00e1rio substituiu cercas e piquetes de demarca\u00e7\u00e3o instalados pelo Minist\u00e9rio do Desenvolvimento Regional (MDR), \u00f3rg\u00e3o respons\u00e1vel pela administra\u00e7\u00e3o das obras da Transposi\u00e7\u00e3o do Rio S\u00e3o Francisco, al\u00e9m&hellip;","og_url":"https:\/\/blogdofarnesio.com.br\/?p=324301","og_site_name":"Blog do Farn\u00e9sio","article_publisher":"https:\/\/www.facebook.com\/BlogQuerSaberPolitica\/","article_author":"https:\/\/www.facebook.com\/?ref=tn_tnmn","article_published_time":"2022-10-04T13:03:34+00:00","og_image":[{"width":640,"height":423,"url":"https:\/\/blogdofarnesio.com.br\/wp-content\/uploads\/2021\/01\/blogqspsalgueiro-clebel..jpg","type":"image\/jpeg"}],"author":"Farn\u00e9sio","twitter_card":"summary_large_image","twitter_misc":{"Escrito por":"Farn\u00e9sio","Est. tempo de leitura":"2 minutos"},"schema":{"@context":"https:\/\/schema.org","@graph":[{"@type":"Article","@id":"https:\/\/blogdofarnesio.com.br\/?p=324301#article","isPartOf":{"@id":"https:\/\/blogdofarnesio.com.br\/?p=324301"},"author":{"name":"Farn\u00e9sio","@id":"https:\/\/blogdofarnesio.com.br\/#\/schema\/person\/bb9b23ae3ad0609ce8df7b6c9e76824d"},"headline":"Ex-prefeito de Salgueiro \u00e9 condenado vai prestar servi\u00e7os comunit\u00e1rios e pagar multas por invas\u00e3o de terras da Uni\u00e3o e furto de \u00e1gua do S\u00e3o Francisco","datePublished":"2022-10-04T13:03:34+00:00","mainEntityOfPage":{"@id":"https:\/\/blogdofarnesio.com.br\/?p=324301"},"wordCount":289,"commentCount":0,"publisher":{"@id":"https:\/\/blogdofarnesio.com.br\/#organization"},"image":{"@id":"https:\/\/blogdofarnesio.com.br\/?p=324301#primaryimage"},"thumbnailUrl":"https:\/\/blogdofarnesio.com.br\/wp-content\/uploads\/2021\/01\/blogqspsalgueiro-clebel..jpg","articleSection":["Cidades"],"inLanguage":"pt-BR","potentialAction":[{"@type":"CommentAction","name":"Comment","target":["https:\/\/blogdofarnesio.com.br\/?p=324301#respond"]}]},{"@type":"WebPage","@id":"https:\/\/blogdofarnesio.com.br\/?p=324301","url":"https:\/\/blogdofarnesio.com.br\/?p=324301","name":"Ex-prefeito de Salgueiro \u00e9 condenado vai prestar servi\u00e7os comunit\u00e1rios e pagar multas por invas\u00e3o de terras da Uni\u00e3o e furto de \u00e1gua do S\u00e3o Francisco - Blog do Farn\u00e9sio","isPartOf":{"@id":"https:\/\/blogdofarnesio.com.br\/#website"},"primaryImageOfPage":{"@id":"https:\/\/blogdofarnesio.com.br\/?p=324301#primaryimage"},"image":{"@id":"https:\/\/blogdofarnesio.com.br\/?p=324301#primaryimage"},"thumbnailUrl":"https:\/\/blogdofarnesio.com.br\/wp-content\/uploads\/2021\/01\/blogqspsalgueiro-clebel..jpg","datePublished":"2022-10-04T13:03:34+00:00","breadcrumb":{"@id":"https:\/\/blogdofarnesio.com.br\/?p=324301#breadcrumb"},"inLanguage":"pt-BR","potentialAction":[{"@type":"ReadAction","target":["https:\/\/blogdofarnesio.com.br\/?p=324301"]}]},{"@type":"ImageObject","inLanguage":"pt-BR","@id":"https:\/\/blogdofarnesio.com.br\/?p=324301#primaryimage","url":"https:\/\/blogdofarnesio.com.br\/wp-content\/uploads\/2021\/01\/blogqspsalgueiro-clebel..jpg","contentUrl":"https:\/\/blogdofarnesio.com.br\/wp-content\/uploads\/2021\/01\/blogqspsalgueiro-clebel..jpg","width":640,"height":423},{"@type":"BreadcrumbList","@id":"https:\/\/blogdofarnesio.com.br\/?p=324301#breadcrumb","itemListElement":[{"@type":"ListItem","position":1,"name":"In\u00edcio","item":"https:\/\/blogdofarnesio.com.br\/"},{"@type":"ListItem","position":2,"name":"Ex-prefeito de Salgueiro \u00e9 condenado vai prestar servi\u00e7os comunit\u00e1rios e pagar multas por invas\u00e3o de terras da Uni\u00e3o e furto de \u00e1gua do S\u00e3o Francisco"}]},{"@type":"WebSite","@id":"https:\/\/blogdofarnesio.com.br\/#website","url":"https:\/\/blogdofarnesio.com.br\/","name":"Blog do Farn\u00e9sio","description":"Quer Saber Pol\u00edtica?","publisher":{"@id":"https:\/\/blogdofarnesio.com.br\/#organization"},"potentialAction":[{"@type":"SearchAction","target":{"@type":"EntryPoint","urlTemplate":"https:\/\/blogdofarnesio.com.br\/?s={search_term_string}"},"query-input":{"@type":"PropertyValueSpecification","valueRequired":true,"valueName":"search_term_string"}}],"inLanguage":"pt-BR"},{"@type":"Organization","@id":"https:\/\/blogdofarnesio.com.br\/#organization","name":"Blog do Farn\u00e9sio","url":"https:\/\/blogdofarnesio.com.br\/","logo":{"@type":"ImageObject","inLanguage":"pt-BR","@id":"https:\/\/blogdofarnesio.com.br\/#\/schema\/logo\/image\/","url":"https:\/\/blogdofarnesio.com.br\/wp-content\/uploads\/2026\/03\/cropped-logo_new-1.png","contentUrl":"https:\/\/blogdofarnesio.com.br\/wp-content\/uploads\/2026\/03\/cropped-logo_new-1.png","width":881,"height":685,"caption":"Blog do Farn\u00e9sio"},"image":{"@id":"https:\/\/blogdofarnesio.com.br\/#\/schema\/logo\/image\/"},"sameAs":["https:\/\/www.facebook.com\/BlogQuerSaberPolitica\/"]},{"@type":"Person","@id":"https:\/\/blogdofarnesio.com.br\/#\/schema\/person\/bb9b23ae3ad0609ce8df7b6c9e76824d","name":"Farn\u00e9sio","image":{"@type":"ImageObject","inLanguage":"pt-BR","@id":"https:\/\/secure.gravatar.com\/avatar\/986aa4c61ccdb66f8555bf88fc2a65609d00bcabd4d2d94377a727547345cbca?s=96&d=mm&r=g","url":"https:\/\/secure.gravatar.com\/avatar\/986aa4c61ccdb66f8555bf88fc2a65609d00bcabd4d2d94377a727547345cbca?s=96&d=mm&r=g","contentUrl":"https:\/\/secure.gravatar.com\/avatar\/986aa4c61ccdb66f8555bf88fc2a65609d00bcabd4d2d94377a727547345cbca?s=96&d=mm&r=g","caption":"Farn\u00e9sio"},"description":"Radialista blogueiro, chegou a Petrolina\/Juazeiro em setembro de 1980, Farn\u00e9sio Silva \u00e9 de Arapiraca-Alagoas.","sameAs":["http:\/\/blogdofarnesio.com.br","https:\/\/www.facebook.com\/?ref=tn_tnmn","https:\/\/www.instagram.com\/?utm_source=pwa_homescreen","https:\/\/youtube.com.br\/"],"url":"https:\/\/blogdofarnesio.com.br\/?author=2"}]}},"_links":{"self":[{"href":"https:\/\/blogdofarnesio.com.br\/index.php?rest_route=\/wp\/v2\/posts\/324301","targetHints":{"allow":["GET"]}}],"collection":[{"href":"https:\/\/blogdofarnesio.com.br\/index.php?rest_route=\/wp\/v2\/posts"}],"about":[{"href":"https:\/\/blogdofarnesio.com.br\/index.php?rest_route=\/wp\/v2\/types\/post"}],"author":[{"embeddable":true,"href":"https:\/\/blogdofarnesio.com.br\/index.php?rest_route=\/wp\/v2\/users\/2"}],"replies":[{"embeddable":true,"href":"https:\/\/blogdofarnesio.com.br\/index.php?rest_route=%2Fwp%2Fv2%2Fcomments&post=324301"}],"version-history":[{"count":0,"href":"https:\/\/blogdofarnesio.com.br\/index.php?rest_route=\/wp\/v2\/posts\/324301\/revisions"}],"wp:featuredmedia":[{"embeddable":true,"href":"https:\/\/blogdofarnesio.com.br\/index.php?rest_route=\/wp\/v2\/media\/276042"}],"wp:attachment":[{"href":"https:\/\/blogdofarnesio.com.br\/index.php?rest_route=%2Fwp%2Fv2%2Fmedia&parent=324301"}],"wp:term":[{"taxonomy":"category","embeddable":true,"href":"https:\/\/blogdofarnesio.com.br\/index.php?rest_route=%2Fwp%2Fv2%2Fcategories&post=324301"},{"taxonomy":"post_tag","embeddable":true,"href":"https:\/\/blogdofarnesio.com.br\/index.php?rest_route=%2Fwp%2Fv2%2Ftags&post=324301"}],"curies":[{"name":"wp","href":"https:\/\/api.w.org\/{rel}","templated":true}]}}