{"id":324293,"date":"2022-10-04T09:42:03","date_gmt":"2022-10-04T12:42:03","guid":{"rendered":"https:\/\/blogdofarnesio.com.br\/?p=324293"},"modified":"2022-10-03T18:42:20","modified_gmt":"2022-10-03T21:42:20","slug":"vereador-dr-salvador-comemora-renovacao-dos-mandatos-de-zo-e-daniel-almeida-e-agradece-apoios","status":"publish","type":"post","link":"https:\/\/blogdofarnesio.com.br\/?p=324293","title":{"rendered":"Vereador Dr. Salvador comemora renova\u00e7\u00e3o dos mandatos de Z\u00f3 e Daniel Almeida e agradece apoios"},"content":{"rendered":"<div class=\"nH V8djrc byY\">\n<div class=\"nH\">\n<div class=\"ha\"><\/div>\n<\/div>\n<\/div>\n<div class=\"nH aHU\">\n<div class=\"nH hx\">\n<div class=\"nH\" role=\"list\">\n<div class=\"h7 ie nH oy8Mbf\" tabindex=\"-1\" role=\"listitem\" aria-expanded=\"true\">\n<div class=\"Bk\">\n<div class=\"G3 G2\">\n<div id=\":106\">\n<div class=\"adn ads\" data-message-id=\"#msg-f:1745700622684147332\" data-legacy-message-id=\"1839f9779b444e84\">\n<div class=\"gs\">\n<div class=\"gE iv gt\">O vereador Dr. Salvador (PCdoB) celebrou com muita alegria a vit\u00f3ria dos seus candidatos a deputado estadual e Federal, Z\u00f3 e Daniel Almeida, ambos eleitos para mais um mandato legislativo.<\/div>\n<div class=\"\">\n<div id=\":zs\" class=\"ii gt\">\n<div id=\":108\" class=\"a3s aiL \">\n<div dir=\"ltr\">\u201cEstou muito feliz com a renova\u00e7\u00e3o dos dois nomes, que tem sido um forte pilar de apoio ao nosso mandato e \u00e0s nossas reivindica\u00e7\u00f5es a n\u00edvel estadual e federal\u201d disse.<br \/>\nO Dr. Salvador lembrou ainda a import\u00e2ncia da elei\u00e7\u00e3o de Z\u00f3 e Daniel para refor\u00e7ar o time de Lula e Jer\u00f4nimo no segundo turno das elei\u00e7\u00f5es: \u201cZ\u00f3 ser\u00e1 um parceiro importante para refor\u00e7ar o time de Jer\u00f4nimo e Rui Costa neste segundo turno, assim como Daniel Almeida, um amigo pessoal de Lula, para consolidar sua vit\u00f3ria no Brasil. Com Jer\u00f4nimo eleito, com Lula eleito, Z\u00f3 de Daniel ter\u00e3o muito espa\u00e7o para fortalecer nossas lutas na Bahia e na regi\u00e3o\u201d, destacou.O deputado Z\u00f3, eleito para seu terceiro mandato como deputado estadual, teve 13.980 votos em Juazeiro e Daniel chegou aos 5.632 votos.\u201cQuero agradecer a cada amigo ou amiga que entendeu nosso esfor\u00e7o e contribuiu de forma cidad\u00e3 para a elei\u00e7\u00e3o desses dois grandes amigos e parceiros. Gratid\u00e3o, em nome de Z\u00f3 e Daniel, por essa importante contribui\u00e7\u00e3o que garante para a Bahia, Juazeiro e regi\u00e3o, dois importantes espa\u00e7os de lutas e conquistas. Obrigado pelos 13.980 votos de Z\u00f3 e os 5.632 votos de Daniel Almeida em Juazeiro!\u201d, finalizou.<\/p>\n<\/div>\n<\/div>\n<\/div>\n<\/div>\n<\/div>\n<\/div>\n<\/div>\n<\/div>\n<\/div>\n<\/div>\n<\/div>\n<\/div>\n<\/div>\n","protected":false},"excerpt":{"rendered":"<p>O vereador Dr. Salvador (PCdoB) celebrou com muita alegria a vit\u00f3ria dos seus candidatos a deputado estadual e Federal, Z\u00f3 e Daniel Almeida, ambos eleitos para mais um mandato legislativo. \u201cEstou muito feliz com a renova\u00e7\u00e3o dos dois nomes, que tem sido um forte pilar de apoio ao nosso mandato e \u00e0s nossas reivindica\u00e7\u00f5es a n\u00edvel estadual e federal\u201d disse. O Dr. Salvador lembrou ainda a import\u00e2ncia da elei\u00e7\u00e3o de Z\u00f3 e Daniel para refor\u00e7ar o time de Lula e Jer\u00f4nimo no segundo turno das elei\u00e7\u00f5es: \u201cZ\u00f3 ser\u00e1 um parceiro importante para refor\u00e7ar o time de Jer\u00f4nimo e Rui Costa neste segundo turno, assim como Daniel Almeida, um amigo pessoal de Lula, para consolidar sua vit\u00f3ria no Brasil. Com Jer\u00f4nimo&hellip; <\/p>\n","protected":false},"author":2,"featured_media":324294,"comment_status":"open","ping_status":"open","sticky":false,"template":"","format":"standard","meta":{"_acf_changed":false,"footnotes":""},"categories":[34],"tags":[],"class_list":["post-324293","post","type-post","status-publish","format-standard","has-post-thumbnail","hentry","category-eleicoes"],"acf":[],"yoast_head":"<!-- This site is optimized with the Yoast SEO plugin v27.4 - https:\/\/yoast.com\/product\/yoast-seo-wordpress\/ -->\n<title>Vereador Dr. Salvador comemora renova\u00e7\u00e3o dos mandatos de Z\u00f3 e Daniel Almeida e agradece apoios - Blog do Farn\u00e9sio<\/title>\n<meta name=\"robots\" content=\"index, follow, max-snippet:-1, max-image-preview:large, max-video-preview:-1\" \/>\n<link rel=\"canonical\" href=\"https:\/\/blogdofarnesio.com.br\/?p=324293\" \/>\n<meta property=\"og:locale\" content=\"pt_BR\" \/>\n<meta property=\"og:type\" content=\"article\" \/>\n<meta property=\"og:title\" content=\"Vereador Dr. Salvador comemora renova\u00e7\u00e3o dos mandatos de Z\u00f3 e Daniel Almeida e agradece apoios - Blog do Farn\u00e9sio\" \/>\n<meta property=\"og:description\" content=\"O vereador Dr. Salvador (PCdoB) celebrou com muita alegria a vit\u00f3ria dos seus candidatos a deputado estadual e Federal, Z\u00f3 e Daniel Almeida, ambos eleitos para mais um mandato legislativo. \u201cEstou muito feliz com a renova\u00e7\u00e3o dos dois nomes, que tem sido um forte pilar de apoio ao nosso mandato e \u00e0s nossas reivindica\u00e7\u00f5es a n\u00edvel estadual e federal\u201d disse. O Dr. Salvador lembrou ainda a import\u00e2ncia da elei\u00e7\u00e3o de Z\u00f3 e Daniel para refor\u00e7ar o time de Lula e Jer\u00f4nimo no segundo turno das elei\u00e7\u00f5es: \u201cZ\u00f3 ser\u00e1 um parceiro importante para refor\u00e7ar o time de Jer\u00f4nimo e Rui Costa neste segundo turno, assim como Daniel Almeida, um amigo pessoal de Lula, para consolidar sua vit\u00f3ria no Brasil. Com Jer\u00f4nimo&hellip;\" \/>\n<meta property=\"og:url\" content=\"https:\/\/blogdofarnesio.com.br\/?p=324293\" \/>\n<meta property=\"og:site_name\" content=\"Blog do Farn\u00e9sio\" \/>\n<meta property=\"article:publisher\" content=\"https:\/\/www.facebook.com\/BlogQuerSaberPolitica\/\" \/>\n<meta property=\"article:author\" content=\"https:\/\/www.facebook.com\/?ref=tn_tnmn\" \/>\n<meta property=\"article:published_time\" content=\"2022-10-04T12:42:03+00:00\" \/>\n<meta property=\"og:image\" content=\"https:\/\/blogdofarnesio.com.br\/wp-content\/uploads\/2022\/10\/Dr-salvador-e-deputados-e1664830840289.jpg\" \/>\n\t<meta property=\"og:image:width\" content=\"450\" \/>\n\t<meta property=\"og:image:height\" content=\"461\" \/>\n\t<meta property=\"og:image:type\" content=\"image\/jpeg\" \/>\n<meta name=\"author\" content=\"Farn\u00e9sio\" \/>\n<meta name=\"twitter:card\" content=\"summary_large_image\" \/>\n<meta name=\"twitter:label1\" content=\"Escrito por\" \/>\n\t<meta name=\"twitter:data1\" content=\"Farn\u00e9sio\" \/>\n\t<meta name=\"twitter:label2\" content=\"Est. tempo de leitura\" \/>\n\t<meta name=\"twitter:data2\" content=\"2 minutos\" \/>\n<script type=\"application\/ld+json\" class=\"yoast-schema-graph\">{\"@context\":\"https:\\\/\\\/schema.org\",\"@graph\":[{\"@type\":\"Article\",\"@id\":\"https:\\\/\\\/blogdofarnesio.com.br\\\/?p=324293#article\",\"isPartOf\":{\"@id\":\"https:\\\/\\\/blogdofarnesio.com.br\\\/?p=324293\"},\"author\":{\"name\":\"Farn\u00e9sio\",\"@id\":\"https:\\\/\\\/blogdofarnesio.com.br\\\/#\\\/schema\\\/person\\\/bb9b23ae3ad0609ce8df7b6c9e76824d\"},\"headline\":\"Vereador Dr. Salvador comemora renova\u00e7\u00e3o dos mandatos de Z\u00f3 e Daniel Almeida e agradece apoios\",\"datePublished\":\"2022-10-04T12:42:03+00:00\",\"mainEntityOfPage\":{\"@id\":\"https:\\\/\\\/blogdofarnesio.com.br\\\/?p=324293\"},\"wordCount\":263,\"commentCount\":0,\"publisher\":{\"@id\":\"https:\\\/\\\/blogdofarnesio.com.br\\\/#organization\"},\"image\":{\"@id\":\"https:\\\/\\\/blogdofarnesio.com.br\\\/?p=324293#primaryimage\"},\"thumbnailUrl\":\"https:\\\/\\\/blogdofarnesio.com.br\\\/wp-content\\\/uploads\\\/2022\\\/10\\\/Dr-salvador-e-deputados-e1664830840289.jpg\",\"articleSection\":[\"Elei\u00e7\u00f5es\"],\"inLanguage\":\"pt-BR\",\"potentialAction\":[{\"@type\":\"CommentAction\",\"name\":\"Comment\",\"target\":[\"https:\\\/\\\/blogdofarnesio.com.br\\\/?p=324293#respond\"]}]},{\"@type\":\"WebPage\",\"@id\":\"https:\\\/\\\/blogdofarnesio.com.br\\\/?p=324293\",\"url\":\"https:\\\/\\\/blogdofarnesio.com.br\\\/?p=324293\",\"name\":\"Vereador Dr. Salvador comemora renova\u00e7\u00e3o dos mandatos de Z\u00f3 e Daniel Almeida e agradece apoios - Blog do Farn\u00e9sio\",\"isPartOf\":{\"@id\":\"https:\\\/\\\/blogdofarnesio.com.br\\\/#website\"},\"primaryImageOfPage\":{\"@id\":\"https:\\\/\\\/blogdofarnesio.com.br\\\/?p=324293#primaryimage\"},\"image\":{\"@id\":\"https:\\\/\\\/blogdofarnesio.com.br\\\/?p=324293#primaryimage\"},\"thumbnailUrl\":\"https:\\\/\\\/blogdofarnesio.com.br\\\/wp-content\\\/uploads\\\/2022\\\/10\\\/Dr-salvador-e-deputados-e1664830840289.jpg\",\"datePublished\":\"2022-10-04T12:42:03+00:00\",\"breadcrumb\":{\"@id\":\"https:\\\/\\\/blogdofarnesio.com.br\\\/?p=324293#breadcrumb\"},\"inLanguage\":\"pt-BR\",\"potentialAction\":[{\"@type\":\"ReadAction\",\"target\":[\"https:\\\/\\\/blogdofarnesio.com.br\\\/?p=324293\"]}]},{\"@type\":\"ImageObject\",\"inLanguage\":\"pt-BR\",\"@id\":\"https:\\\/\\\/blogdofarnesio.com.br\\\/?p=324293#primaryimage\",\"url\":\"https:\\\/\\\/blogdofarnesio.com.br\\\/wp-content\\\/uploads\\\/2022\\\/10\\\/Dr-salvador-e-deputados-e1664830840289.jpg\",\"contentUrl\":\"https:\\\/\\\/blogdofarnesio.com.br\\\/wp-content\\\/uploads\\\/2022\\\/10\\\/Dr-salvador-e-deputados-e1664830840289.jpg\",\"width\":450,\"height\":461},{\"@type\":\"BreadcrumbList\",\"@id\":\"https:\\\/\\\/blogdofarnesio.com.br\\\/?p=324293#breadcrumb\",\"itemListElement\":[{\"@type\":\"ListItem\",\"position\":1,\"name\":\"In\u00edcio\",\"item\":\"https:\\\/\\\/blogdofarnesio.com.br\\\/\"},{\"@type\":\"ListItem\",\"position\":2,\"name\":\"Vereador Dr. Salvador comemora renova\u00e7\u00e3o dos mandatos de Z\u00f3 e Daniel Almeida e agradece apoios\"}]},{\"@type\":\"WebSite\",\"@id\":\"https:\\\/\\\/blogdofarnesio.com.br\\\/#website\",\"url\":\"https:\\\/\\\/blogdofarnesio.com.br\\\/\",\"name\":\"Blog do Farn\u00e9sio\",\"description\":\"Quer Saber Pol\u00edtica?\",\"publisher\":{\"@id\":\"https:\\\/\\\/blogdofarnesio.com.br\\\/#organization\"},\"potentialAction\":[{\"@type\":\"SearchAction\",\"target\":{\"@type\":\"EntryPoint\",\"urlTemplate\":\"https:\\\/\\\/blogdofarnesio.com.br\\\/?s={search_term_string}\"},\"query-input\":{\"@type\":\"PropertyValueSpecification\",\"valueRequired\":true,\"valueName\":\"search_term_string\"}}],\"inLanguage\":\"pt-BR\"},{\"@type\":\"Organization\",\"@id\":\"https:\\\/\\\/blogdofarnesio.com.br\\\/#organization\",\"name\":\"Blog do Farn\u00e9sio\",\"url\":\"https:\\\/\\\/blogdofarnesio.com.br\\\/\",\"logo\":{\"@type\":\"ImageObject\",\"inLanguage\":\"pt-BR\",\"@id\":\"https:\\\/\\\/blogdofarnesio.com.br\\\/#\\\/schema\\\/logo\\\/image\\\/\",\"url\":\"https:\\\/\\\/blogdofarnesio.com.br\\\/wp-content\\\/uploads\\\/2026\\\/03\\\/cropped-logo_new-1.png\",\"contentUrl\":\"https:\\\/\\\/blogdofarnesio.com.br\\\/wp-content\\\/uploads\\\/2026\\\/03\\\/cropped-logo_new-1.png\",\"width\":881,\"height\":685,\"caption\":\"Blog do Farn\u00e9sio\"},\"image\":{\"@id\":\"https:\\\/\\\/blogdofarnesio.com.br\\\/#\\\/schema\\\/logo\\\/image\\\/\"},\"sameAs\":[\"https:\\\/\\\/www.facebook.com\\\/BlogQuerSaberPolitica\\\/\"]},{\"@type\":\"Person\",\"@id\":\"https:\\\/\\\/blogdofarnesio.com.br\\\/#\\\/schema\\\/person\\\/bb9b23ae3ad0609ce8df7b6c9e76824d\",\"name\":\"Farn\u00e9sio\",\"image\":{\"@type\":\"ImageObject\",\"inLanguage\":\"pt-BR\",\"@id\":\"https:\\\/\\\/secure.gravatar.com\\\/avatar\\\/986aa4c61ccdb66f8555bf88fc2a65609d00bcabd4d2d94377a727547345cbca?s=96&d=mm&r=g\",\"url\":\"https:\\\/\\\/secure.gravatar.com\\\/avatar\\\/986aa4c61ccdb66f8555bf88fc2a65609d00bcabd4d2d94377a727547345cbca?s=96&d=mm&r=g\",\"contentUrl\":\"https:\\\/\\\/secure.gravatar.com\\\/avatar\\\/986aa4c61ccdb66f8555bf88fc2a65609d00bcabd4d2d94377a727547345cbca?s=96&d=mm&r=g\",\"caption\":\"Farn\u00e9sio\"},\"description\":\"Radialista blogueiro, chegou a Petrolina\\\/Juazeiro em setembro de 1980, Farn\u00e9sio Silva \u00e9 de Arapiraca-Alagoas.\",\"sameAs\":[\"http:\\\/\\\/blogdofarnesio.com.br\",\"https:\\\/\\\/www.facebook.com\\\/?ref=tn_tnmn\",\"https:\\\/\\\/www.instagram.com\\\/?utm_source=pwa_homescreen\",\"https:\\\/\\\/youtube.com.br\\\/\"],\"url\":\"https:\\\/\\\/blogdofarnesio.com.br\\\/?author=2\"}]}<\/script>\n<!-- \/ Yoast SEO plugin. -->","yoast_head_json":{"title":"Vereador Dr. Salvador comemora renova\u00e7\u00e3o dos mandatos de Z\u00f3 e Daniel Almeida e agradece apoios - Blog do Farn\u00e9sio","robots":{"index":"index","follow":"follow","max-snippet":"max-snippet:-1","max-image-preview":"max-image-preview:large","max-video-preview":"max-video-preview:-1"},"canonical":"https:\/\/blogdofarnesio.com.br\/?p=324293","og_locale":"pt_BR","og_type":"article","og_title":"Vereador Dr. Salvador comemora renova\u00e7\u00e3o dos mandatos de Z\u00f3 e Daniel Almeida e agradece apoios - Blog do Farn\u00e9sio","og_description":"O vereador Dr. Salvador (PCdoB) celebrou com muita alegria a vit\u00f3ria dos seus candidatos a deputado estadual e Federal, Z\u00f3 e Daniel Almeida, ambos eleitos para mais um mandato legislativo. \u201cEstou muito feliz com a renova\u00e7\u00e3o dos dois nomes, que tem sido um forte pilar de apoio ao nosso mandato e \u00e0s nossas reivindica\u00e7\u00f5es a n\u00edvel estadual e federal\u201d disse. O Dr. Salvador lembrou ainda a import\u00e2ncia da elei\u00e7\u00e3o de Z\u00f3 e Daniel para refor\u00e7ar o time de Lula e Jer\u00f4nimo no segundo turno das elei\u00e7\u00f5es: \u201cZ\u00f3 ser\u00e1 um parceiro importante para refor\u00e7ar o time de Jer\u00f4nimo e Rui Costa neste segundo turno, assim como Daniel Almeida, um amigo pessoal de Lula, para consolidar sua vit\u00f3ria no Brasil. Com Jer\u00f4nimo&hellip;","og_url":"https:\/\/blogdofarnesio.com.br\/?p=324293","og_site_name":"Blog do Farn\u00e9sio","article_publisher":"https:\/\/www.facebook.com\/BlogQuerSaberPolitica\/","article_author":"https:\/\/www.facebook.com\/?ref=tn_tnmn","article_published_time":"2022-10-04T12:42:03+00:00","og_image":[{"width":450,"height":461,"url":"https:\/\/blogdofarnesio.com.br\/wp-content\/uploads\/2022\/10\/Dr-salvador-e-deputados-e1664830840289.jpg","type":"image\/jpeg"}],"author":"Farn\u00e9sio","twitter_card":"summary_large_image","twitter_misc":{"Escrito por":"Farn\u00e9sio","Est. tempo de leitura":"2 minutos"},"schema":{"@context":"https:\/\/schema.org","@graph":[{"@type":"Article","@id":"https:\/\/blogdofarnesio.com.br\/?p=324293#article","isPartOf":{"@id":"https:\/\/blogdofarnesio.com.br\/?p=324293"},"author":{"name":"Farn\u00e9sio","@id":"https:\/\/blogdofarnesio.com.br\/#\/schema\/person\/bb9b23ae3ad0609ce8df7b6c9e76824d"},"headline":"Vereador Dr. Salvador comemora renova\u00e7\u00e3o dos mandatos de Z\u00f3 e Daniel Almeida e agradece apoios","datePublished":"2022-10-04T12:42:03+00:00","mainEntityOfPage":{"@id":"https:\/\/blogdofarnesio.com.br\/?p=324293"},"wordCount":263,"commentCount":0,"publisher":{"@id":"https:\/\/blogdofarnesio.com.br\/#organization"},"image":{"@id":"https:\/\/blogdofarnesio.com.br\/?p=324293#primaryimage"},"thumbnailUrl":"https:\/\/blogdofarnesio.com.br\/wp-content\/uploads\/2022\/10\/Dr-salvador-e-deputados-e1664830840289.jpg","articleSection":["Elei\u00e7\u00f5es"],"inLanguage":"pt-BR","potentialAction":[{"@type":"CommentAction","name":"Comment","target":["https:\/\/blogdofarnesio.com.br\/?p=324293#respond"]}]},{"@type":"WebPage","@id":"https:\/\/blogdofarnesio.com.br\/?p=324293","url":"https:\/\/blogdofarnesio.com.br\/?p=324293","name":"Vereador Dr. Salvador comemora renova\u00e7\u00e3o dos mandatos de Z\u00f3 e Daniel Almeida e agradece apoios - Blog do Farn\u00e9sio","isPartOf":{"@id":"https:\/\/blogdofarnesio.com.br\/#website"},"primaryImageOfPage":{"@id":"https:\/\/blogdofarnesio.com.br\/?p=324293#primaryimage"},"image":{"@id":"https:\/\/blogdofarnesio.com.br\/?p=324293#primaryimage"},"thumbnailUrl":"https:\/\/blogdofarnesio.com.br\/wp-content\/uploads\/2022\/10\/Dr-salvador-e-deputados-e1664830840289.jpg","datePublished":"2022-10-04T12:42:03+00:00","breadcrumb":{"@id":"https:\/\/blogdofarnesio.com.br\/?p=324293#breadcrumb"},"inLanguage":"pt-BR","potentialAction":[{"@type":"ReadAction","target":["https:\/\/blogdofarnesio.com.br\/?p=324293"]}]},{"@type":"ImageObject","inLanguage":"pt-BR","@id":"https:\/\/blogdofarnesio.com.br\/?p=324293#primaryimage","url":"https:\/\/blogdofarnesio.com.br\/wp-content\/uploads\/2022\/10\/Dr-salvador-e-deputados-e1664830840289.jpg","contentUrl":"https:\/\/blogdofarnesio.com.br\/wp-content\/uploads\/2022\/10\/Dr-salvador-e-deputados-e1664830840289.jpg","width":450,"height":461},{"@type":"BreadcrumbList","@id":"https:\/\/blogdofarnesio.com.br\/?p=324293#breadcrumb","itemListElement":[{"@type":"ListItem","position":1,"name":"In\u00edcio","item":"https:\/\/blogdofarnesio.com.br\/"},{"@type":"ListItem","position":2,"name":"Vereador Dr. Salvador comemora renova\u00e7\u00e3o dos mandatos de Z\u00f3 e Daniel Almeida e agradece apoios"}]},{"@type":"WebSite","@id":"https:\/\/blogdofarnesio.com.br\/#website","url":"https:\/\/blogdofarnesio.com.br\/","name":"Blog do Farn\u00e9sio","description":"Quer Saber Pol\u00edtica?","publisher":{"@id":"https:\/\/blogdofarnesio.com.br\/#organization"},"potentialAction":[{"@type":"SearchAction","target":{"@type":"EntryPoint","urlTemplate":"https:\/\/blogdofarnesio.com.br\/?s={search_term_string}"},"query-input":{"@type":"PropertyValueSpecification","valueRequired":true,"valueName":"search_term_string"}}],"inLanguage":"pt-BR"},{"@type":"Organization","@id":"https:\/\/blogdofarnesio.com.br\/#organization","name":"Blog do Farn\u00e9sio","url":"https:\/\/blogdofarnesio.com.br\/","logo":{"@type":"ImageObject","inLanguage":"pt-BR","@id":"https:\/\/blogdofarnesio.com.br\/#\/schema\/logo\/image\/","url":"https:\/\/blogdofarnesio.com.br\/wp-content\/uploads\/2026\/03\/cropped-logo_new-1.png","contentUrl":"https:\/\/blogdofarnesio.com.br\/wp-content\/uploads\/2026\/03\/cropped-logo_new-1.png","width":881,"height":685,"caption":"Blog do Farn\u00e9sio"},"image":{"@id":"https:\/\/blogdofarnesio.com.br\/#\/schema\/logo\/image\/"},"sameAs":["https:\/\/www.facebook.com\/BlogQuerSaberPolitica\/"]},{"@type":"Person","@id":"https:\/\/blogdofarnesio.com.br\/#\/schema\/person\/bb9b23ae3ad0609ce8df7b6c9e76824d","name":"Farn\u00e9sio","image":{"@type":"ImageObject","inLanguage":"pt-BR","@id":"https:\/\/secure.gravatar.com\/avatar\/986aa4c61ccdb66f8555bf88fc2a65609d00bcabd4d2d94377a727547345cbca?s=96&d=mm&r=g","url":"https:\/\/secure.gravatar.com\/avatar\/986aa4c61ccdb66f8555bf88fc2a65609d00bcabd4d2d94377a727547345cbca?s=96&d=mm&r=g","contentUrl":"https:\/\/secure.gravatar.com\/avatar\/986aa4c61ccdb66f8555bf88fc2a65609d00bcabd4d2d94377a727547345cbca?s=96&d=mm&r=g","caption":"Farn\u00e9sio"},"description":"Radialista blogueiro, chegou a Petrolina\/Juazeiro em setembro de 1980, Farn\u00e9sio Silva \u00e9 de Arapiraca-Alagoas.","sameAs":["http:\/\/blogdofarnesio.com.br","https:\/\/www.facebook.com\/?ref=tn_tnmn","https:\/\/www.instagram.com\/?utm_source=pwa_homescreen","https:\/\/youtube.com.br\/"],"url":"https:\/\/blogdofarnesio.com.br\/?author=2"}]}},"_links":{"self":[{"href":"https:\/\/blogdofarnesio.com.br\/index.php?rest_route=\/wp\/v2\/posts\/324293","targetHints":{"allow":["GET"]}}],"collection":[{"href":"https:\/\/blogdofarnesio.com.br\/index.php?rest_route=\/wp\/v2\/posts"}],"about":[{"href":"https:\/\/blogdofarnesio.com.br\/index.php?rest_route=\/wp\/v2\/types\/post"}],"author":[{"embeddable":true,"href":"https:\/\/blogdofarnesio.com.br\/index.php?rest_route=\/wp\/v2\/users\/2"}],"replies":[{"embeddable":true,"href":"https:\/\/blogdofarnesio.com.br\/index.php?rest_route=%2Fwp%2Fv2%2Fcomments&post=324293"}],"version-history":[{"count":0,"href":"https:\/\/blogdofarnesio.com.br\/index.php?rest_route=\/wp\/v2\/posts\/324293\/revisions"}],"wp:featuredmedia":[{"embeddable":true,"href":"https:\/\/blogdofarnesio.com.br\/index.php?rest_route=\/wp\/v2\/media\/324294"}],"wp:attachment":[{"href":"https:\/\/blogdofarnesio.com.br\/index.php?rest_route=%2Fwp%2Fv2%2Fmedia&parent=324293"}],"wp:term":[{"taxonomy":"category","embeddable":true,"href":"https:\/\/blogdofarnesio.com.br\/index.php?rest_route=%2Fwp%2Fv2%2Fcategories&post=324293"},{"taxonomy":"post_tag","embeddable":true,"href":"https:\/\/blogdofarnesio.com.br\/index.php?rest_route=%2Fwp%2Fv2%2Ftags&post=324293"}],"curies":[{"name":"wp","href":"https:\/\/api.w.org\/{rel}","templated":true}]}}