{"id":324143,"date":"2022-10-04T09:22:37","date_gmt":"2022-10-04T12:22:37","guid":{"rendered":"https:\/\/blogdofarnesio.com.br\/?p=324143"},"modified":"2022-09-30T18:10:11","modified_gmt":"2022-09-30T21:10:11","slug":"cbhsf-vai-realizar-webinario-25-anos-da-lei-das-aguas-em-comemoracao-aos-521-anos-do-rio-sao-francisco-2","status":"publish","type":"post","link":"https:\/\/blogdofarnesio.com.br\/?p=324143","title":{"rendered":"CBHSF vai realizar webin\u00e1rio \u201c25 anos da Lei das \u00c1guas\u201d em comemora\u00e7\u00e3o aos 521 anos do Rio S\u00e3o Francisco"},"content":{"rendered":"<div dir=\"auto\">Em comemora\u00e7\u00e3o ao anivers\u00e1rio do Rio S\u00e3o Francisco, que neste dia 04 de outubro completa 521 anos de seu \u201cdescobrimento\u201d, o Comit\u00ea da Bacia Hidrogr\u00e1fica do Rio S\u00e3o Francisco realizar\u00e1 o webin\u00e1rio \u201c25 anos da Lei das \u00c1guas\u201d.<\/div>\n<div dir=\"auto\"><\/div>\n<div dir=\"auto\">O coordenador da C\u00e2mara Consultiva Regional (CCR) Baixo S\u00e3o Francisco, Anivaldo Miranda, e a promotora de Justi\u00e7a do Minist\u00e9rio P\u00fablico Estadual da Bahia, Luciana Khoury, com a media\u00e7\u00e3o do advogado e membro da C\u00e2mara T\u00e9cnica Institucional e Legal (CTIL), do CBHSF, debater\u00e3o os avan\u00e7os e desafios da Lei 9.433\/97, a Lei das \u00c1guas, que completa este ano 25 anos de sua promulga\u00e7\u00e3o.<\/div>\n<div dir=\"auto\"><\/div>\n<div dir=\"auto\">O webin\u00e1rio ser\u00e1 transmitido no canal do CBHSF no Youtube \u00a0(<a href=\"https:\/\/www.youtube.com\/cbhsaofrancisco\" target=\"_blank\" rel=\"noopener\" data-saferedirecturl=\"https:\/\/www.google.com\/url?q=https:\/\/www.youtube.com\/cbhsaofrancisco&amp;source=gmail&amp;ust=1664648675182000&amp;usg=AOvVaw2SUSgIxADznolTxPnTqdNo\">https:\/\/www.youtube.com\/<wbr \/>cbhsaofrancisco<\/a>), a partir das 17h do dia 04 de outubro, pr\u00f3xima ter\u00e7a-feira.<\/div>\n","protected":false},"excerpt":{"rendered":"<p>Em comemora\u00e7\u00e3o ao anivers\u00e1rio do Rio S\u00e3o Francisco, que neste dia 04 de outubro completa 521 anos de seu \u201cdescobrimento\u201d, o Comit\u00ea da Bacia Hidrogr\u00e1fica do Rio S\u00e3o Francisco realizar\u00e1 o webin\u00e1rio \u201c25 anos da Lei das \u00c1guas\u201d. O coordenador da C\u00e2mara Consultiva Regional (CCR) Baixo S\u00e3o Francisco, Anivaldo Miranda, e a promotora de Justi\u00e7a do Minist\u00e9rio P\u00fablico Estadual da Bahia, Luciana Khoury, com a media\u00e7\u00e3o do advogado e membro da C\u00e2mara T\u00e9cnica Institucional e Legal (CTIL), do CBHSF, debater\u00e3o os avan\u00e7os e desafios da Lei 9.433\/97, a Lei das \u00c1guas, que completa este ano 25 anos de sua promulga\u00e7\u00e3o. O webin\u00e1rio ser\u00e1 transmitido no canal do CBHSF no Youtube \u00a0(https:\/\/www.youtube.com\/cbhsaofrancisco), a partir das 17h do dia 04 de outubro,&hellip; <\/p>\n","protected":false},"author":2,"featured_media":120000,"comment_status":"open","ping_status":"open","sticky":false,"template":"","format":"standard","meta":{"_acf_changed":false,"footnotes":""},"categories":[56],"tags":[],"class_list":["post-324143","post","type-post","status-publish","format-standard","has-post-thumbnail","hentry","category-agua"],"acf":[],"yoast_head":"<!-- This site is optimized with the Yoast SEO plugin v27.4 - https:\/\/yoast.com\/product\/yoast-seo-wordpress\/ -->\n<title>CBHSF vai realizar webin\u00e1rio \u201c25 anos da Lei das \u00c1guas\u201d em comemora\u00e7\u00e3o aos 521 anos do Rio S\u00e3o Francisco - Blog do Farn\u00e9sio<\/title>\n<meta name=\"robots\" content=\"index, follow, max-snippet:-1, max-image-preview:large, max-video-preview:-1\" \/>\n<link rel=\"canonical\" href=\"https:\/\/blogdofarnesio.com.br\/?p=324143\" \/>\n<meta property=\"og:locale\" content=\"pt_BR\" \/>\n<meta property=\"og:type\" content=\"article\" \/>\n<meta property=\"og:title\" content=\"CBHSF vai realizar webin\u00e1rio \u201c25 anos da Lei das \u00c1guas\u201d em comemora\u00e7\u00e3o aos 521 anos do Rio S\u00e3o Francisco - Blog do Farn\u00e9sio\" \/>\n<meta property=\"og:description\" content=\"Em comemora\u00e7\u00e3o ao anivers\u00e1rio do Rio S\u00e3o Francisco, que neste dia 04 de outubro completa 521 anos de seu \u201cdescobrimento\u201d, o Comit\u00ea da Bacia Hidrogr\u00e1fica do Rio S\u00e3o Francisco realizar\u00e1 o webin\u00e1rio \u201c25 anos da Lei das \u00c1guas\u201d. O coordenador da C\u00e2mara Consultiva Regional (CCR) Baixo S\u00e3o Francisco, Anivaldo Miranda, e a promotora de Justi\u00e7a do Minist\u00e9rio P\u00fablico Estadual da Bahia, Luciana Khoury, com a media\u00e7\u00e3o do advogado e membro da C\u00e2mara T\u00e9cnica Institucional e Legal (CTIL), do CBHSF, debater\u00e3o os avan\u00e7os e desafios da Lei 9.433\/97, a Lei das \u00c1guas, que completa este ano 25 anos de sua promulga\u00e7\u00e3o. O webin\u00e1rio ser\u00e1 transmitido no canal do CBHSF no Youtube \u00a0(https:\/\/www.youtube.com\/cbhsaofrancisco), a partir das 17h do dia 04 de outubro,&hellip;\" \/>\n<meta property=\"og:url\" content=\"https:\/\/blogdofarnesio.com.br\/?p=324143\" \/>\n<meta property=\"og:site_name\" content=\"Blog do Farn\u00e9sio\" \/>\n<meta property=\"article:publisher\" content=\"https:\/\/www.facebook.com\/BlogQuerSaberPolitica\/\" \/>\n<meta property=\"article:author\" content=\"https:\/\/www.facebook.com\/?ref=tn_tnmn\" \/>\n<meta property=\"article:published_time\" content=\"2022-10-04T12:22:37+00:00\" \/>\n<meta property=\"og:image\" content=\"https:\/\/blogdofarnesio.com.br\/wp-content\/uploads\/2015\/03\/Blogqsprios\u00e3ofrancisco-Foto-Farn\u00e9sio-Silva.jpg\" \/>\n\t<meta property=\"og:image:width\" content=\"448\" \/>\n\t<meta property=\"og:image:height\" content=\"254\" \/>\n\t<meta property=\"og:image:type\" content=\"image\/jpeg\" \/>\n<meta name=\"author\" content=\"Farn\u00e9sio\" \/>\n<meta name=\"twitter:card\" content=\"summary_large_image\" \/>\n<meta name=\"twitter:label1\" content=\"Escrito por\" \/>\n\t<meta name=\"twitter:data1\" content=\"Farn\u00e9sio\" \/>\n\t<meta name=\"twitter:label2\" content=\"Est. tempo de leitura\" \/>\n\t<meta name=\"twitter:data2\" content=\"1 minuto\" \/>\n<script type=\"application\/ld+json\" class=\"yoast-schema-graph\">{\"@context\":\"https:\\\/\\\/schema.org\",\"@graph\":[{\"@type\":\"Article\",\"@id\":\"https:\\\/\\\/blogdofarnesio.com.br\\\/?p=324143#article\",\"isPartOf\":{\"@id\":\"https:\\\/\\\/blogdofarnesio.com.br\\\/?p=324143\"},\"author\":{\"name\":\"Farn\u00e9sio\",\"@id\":\"https:\\\/\\\/blogdofarnesio.com.br\\\/#\\\/schema\\\/person\\\/bb9b23ae3ad0609ce8df7b6c9e76824d\"},\"headline\":\"CBHSF vai realizar webin\u00e1rio \u201c25 anos da Lei das \u00c1guas\u201d em comemora\u00e7\u00e3o aos 521 anos do Rio S\u00e3o Francisco\",\"datePublished\":\"2022-10-04T12:22:37+00:00\",\"mainEntityOfPage\":{\"@id\":\"https:\\\/\\\/blogdofarnesio.com.br\\\/?p=324143\"},\"wordCount\":160,\"commentCount\":0,\"publisher\":{\"@id\":\"https:\\\/\\\/blogdofarnesio.com.br\\\/#organization\"},\"image\":{\"@id\":\"https:\\\/\\\/blogdofarnesio.com.br\\\/?p=324143#primaryimage\"},\"thumbnailUrl\":\"https:\\\/\\\/blogdofarnesio.com.br\\\/wp-content\\\/uploads\\\/2015\\\/03\\\/Blogqsprios\u00e3ofrancisco-Foto-Farn\u00e9sio-Silva.jpg\",\"articleSection\":[\"\u00c1gua\"],\"inLanguage\":\"pt-BR\",\"potentialAction\":[{\"@type\":\"CommentAction\",\"name\":\"Comment\",\"target\":[\"https:\\\/\\\/blogdofarnesio.com.br\\\/?p=324143#respond\"]}]},{\"@type\":\"WebPage\",\"@id\":\"https:\\\/\\\/blogdofarnesio.com.br\\\/?p=324143\",\"url\":\"https:\\\/\\\/blogdofarnesio.com.br\\\/?p=324143\",\"name\":\"CBHSF vai realizar webin\u00e1rio \u201c25 anos da Lei das \u00c1guas\u201d em comemora\u00e7\u00e3o aos 521 anos do Rio S\u00e3o Francisco - Blog do Farn\u00e9sio\",\"isPartOf\":{\"@id\":\"https:\\\/\\\/blogdofarnesio.com.br\\\/#website\"},\"primaryImageOfPage\":{\"@id\":\"https:\\\/\\\/blogdofarnesio.com.br\\\/?p=324143#primaryimage\"},\"image\":{\"@id\":\"https:\\\/\\\/blogdofarnesio.com.br\\\/?p=324143#primaryimage\"},\"thumbnailUrl\":\"https:\\\/\\\/blogdofarnesio.com.br\\\/wp-content\\\/uploads\\\/2015\\\/03\\\/Blogqsprios\u00e3ofrancisco-Foto-Farn\u00e9sio-Silva.jpg\",\"datePublished\":\"2022-10-04T12:22:37+00:00\",\"breadcrumb\":{\"@id\":\"https:\\\/\\\/blogdofarnesio.com.br\\\/?p=324143#breadcrumb\"},\"inLanguage\":\"pt-BR\",\"potentialAction\":[{\"@type\":\"ReadAction\",\"target\":[\"https:\\\/\\\/blogdofarnesio.com.br\\\/?p=324143\"]}]},{\"@type\":\"ImageObject\",\"inLanguage\":\"pt-BR\",\"@id\":\"https:\\\/\\\/blogdofarnesio.com.br\\\/?p=324143#primaryimage\",\"url\":\"https:\\\/\\\/blogdofarnesio.com.br\\\/wp-content\\\/uploads\\\/2015\\\/03\\\/Blogqsprios\u00e3ofrancisco-Foto-Farn\u00e9sio-Silva.jpg\",\"contentUrl\":\"https:\\\/\\\/blogdofarnesio.com.br\\\/wp-content\\\/uploads\\\/2015\\\/03\\\/Blogqsprios\u00e3ofrancisco-Foto-Farn\u00e9sio-Silva.jpg\",\"width\":448,\"height\":254,\"caption\":\"Rio S\u00e3o Francisco Petrolina PE Foto Farn\u00e9sio Silva Foto Farn\u00e9sio Silva\"},{\"@type\":\"BreadcrumbList\",\"@id\":\"https:\\\/\\\/blogdofarnesio.com.br\\\/?p=324143#breadcrumb\",\"itemListElement\":[{\"@type\":\"ListItem\",\"position\":1,\"name\":\"In\u00edcio\",\"item\":\"https:\\\/\\\/blogdofarnesio.com.br\\\/\"},{\"@type\":\"ListItem\",\"position\":2,\"name\":\"CBHSF vai realizar webin\u00e1rio \u201c25 anos da Lei das \u00c1guas\u201d em comemora\u00e7\u00e3o aos 521 anos do Rio S\u00e3o Francisco\"}]},{\"@type\":\"WebSite\",\"@id\":\"https:\\\/\\\/blogdofarnesio.com.br\\\/#website\",\"url\":\"https:\\\/\\\/blogdofarnesio.com.br\\\/\",\"name\":\"Blog do Farn\u00e9sio\",\"description\":\"Quer Saber Pol\u00edtica?\",\"publisher\":{\"@id\":\"https:\\\/\\\/blogdofarnesio.com.br\\\/#organization\"},\"potentialAction\":[{\"@type\":\"SearchAction\",\"target\":{\"@type\":\"EntryPoint\",\"urlTemplate\":\"https:\\\/\\\/blogdofarnesio.com.br\\\/?s={search_term_string}\"},\"query-input\":{\"@type\":\"PropertyValueSpecification\",\"valueRequired\":true,\"valueName\":\"search_term_string\"}}],\"inLanguage\":\"pt-BR\"},{\"@type\":\"Organization\",\"@id\":\"https:\\\/\\\/blogdofarnesio.com.br\\\/#organization\",\"name\":\"Blog do Farn\u00e9sio\",\"url\":\"https:\\\/\\\/blogdofarnesio.com.br\\\/\",\"logo\":{\"@type\":\"ImageObject\",\"inLanguage\":\"pt-BR\",\"@id\":\"https:\\\/\\\/blogdofarnesio.com.br\\\/#\\\/schema\\\/logo\\\/image\\\/\",\"url\":\"https:\\\/\\\/blogdofarnesio.com.br\\\/wp-content\\\/uploads\\\/2026\\\/03\\\/cropped-logo_new-1.png\",\"contentUrl\":\"https:\\\/\\\/blogdofarnesio.com.br\\\/wp-content\\\/uploads\\\/2026\\\/03\\\/cropped-logo_new-1.png\",\"width\":881,\"height\":685,\"caption\":\"Blog do Farn\u00e9sio\"},\"image\":{\"@id\":\"https:\\\/\\\/blogdofarnesio.com.br\\\/#\\\/schema\\\/logo\\\/image\\\/\"},\"sameAs\":[\"https:\\\/\\\/www.facebook.com\\\/BlogQuerSaberPolitica\\\/\"]},{\"@type\":\"Person\",\"@id\":\"https:\\\/\\\/blogdofarnesio.com.br\\\/#\\\/schema\\\/person\\\/bb9b23ae3ad0609ce8df7b6c9e76824d\",\"name\":\"Farn\u00e9sio\",\"image\":{\"@type\":\"ImageObject\",\"inLanguage\":\"pt-BR\",\"@id\":\"https:\\\/\\\/secure.gravatar.com\\\/avatar\\\/986aa4c61ccdb66f8555bf88fc2a65609d00bcabd4d2d94377a727547345cbca?s=96&d=mm&r=g\",\"url\":\"https:\\\/\\\/secure.gravatar.com\\\/avatar\\\/986aa4c61ccdb66f8555bf88fc2a65609d00bcabd4d2d94377a727547345cbca?s=96&d=mm&r=g\",\"contentUrl\":\"https:\\\/\\\/secure.gravatar.com\\\/avatar\\\/986aa4c61ccdb66f8555bf88fc2a65609d00bcabd4d2d94377a727547345cbca?s=96&d=mm&r=g\",\"caption\":\"Farn\u00e9sio\"},\"description\":\"Radialista blogueiro, chegou a Petrolina\\\/Juazeiro em setembro de 1980, Farn\u00e9sio Silva \u00e9 de Arapiraca-Alagoas.\",\"sameAs\":[\"http:\\\/\\\/blogdofarnesio.com.br\",\"https:\\\/\\\/www.facebook.com\\\/?ref=tn_tnmn\",\"https:\\\/\\\/www.instagram.com\\\/?utm_source=pwa_homescreen\",\"https:\\\/\\\/youtube.com.br\\\/\"],\"url\":\"https:\\\/\\\/blogdofarnesio.com.br\\\/?author=2\"}]}<\/script>\n<!-- \/ Yoast SEO plugin. -->","yoast_head_json":{"title":"CBHSF vai realizar webin\u00e1rio \u201c25 anos da Lei das \u00c1guas\u201d em comemora\u00e7\u00e3o aos 521 anos do Rio S\u00e3o Francisco - Blog do Farn\u00e9sio","robots":{"index":"index","follow":"follow","max-snippet":"max-snippet:-1","max-image-preview":"max-image-preview:large","max-video-preview":"max-video-preview:-1"},"canonical":"https:\/\/blogdofarnesio.com.br\/?p=324143","og_locale":"pt_BR","og_type":"article","og_title":"CBHSF vai realizar webin\u00e1rio \u201c25 anos da Lei das \u00c1guas\u201d em comemora\u00e7\u00e3o aos 521 anos do Rio S\u00e3o Francisco - Blog do Farn\u00e9sio","og_description":"Em comemora\u00e7\u00e3o ao anivers\u00e1rio do Rio S\u00e3o Francisco, que neste dia 04 de outubro completa 521 anos de seu \u201cdescobrimento\u201d, o Comit\u00ea da Bacia Hidrogr\u00e1fica do Rio S\u00e3o Francisco realizar\u00e1 o webin\u00e1rio \u201c25 anos da Lei das \u00c1guas\u201d. O coordenador da C\u00e2mara Consultiva Regional (CCR) Baixo S\u00e3o Francisco, Anivaldo Miranda, e a promotora de Justi\u00e7a do Minist\u00e9rio P\u00fablico Estadual da Bahia, Luciana Khoury, com a media\u00e7\u00e3o do advogado e membro da C\u00e2mara T\u00e9cnica Institucional e Legal (CTIL), do CBHSF, debater\u00e3o os avan\u00e7os e desafios da Lei 9.433\/97, a Lei das \u00c1guas, que completa este ano 25 anos de sua promulga\u00e7\u00e3o. O webin\u00e1rio ser\u00e1 transmitido no canal do CBHSF no Youtube \u00a0(https:\/\/www.youtube.com\/cbhsaofrancisco), a partir das 17h do dia 04 de outubro,&hellip;","og_url":"https:\/\/blogdofarnesio.com.br\/?p=324143","og_site_name":"Blog do Farn\u00e9sio","article_publisher":"https:\/\/www.facebook.com\/BlogQuerSaberPolitica\/","article_author":"https:\/\/www.facebook.com\/?ref=tn_tnmn","article_published_time":"2022-10-04T12:22:37+00:00","og_image":[{"width":448,"height":254,"url":"https:\/\/blogdofarnesio.com.br\/wp-content\/uploads\/2015\/03\/Blogqsprios\u00e3ofrancisco-Foto-Farn\u00e9sio-Silva.jpg","type":"image\/jpeg"}],"author":"Farn\u00e9sio","twitter_card":"summary_large_image","twitter_misc":{"Escrito por":"Farn\u00e9sio","Est. tempo de leitura":"1 minuto"},"schema":{"@context":"https:\/\/schema.org","@graph":[{"@type":"Article","@id":"https:\/\/blogdofarnesio.com.br\/?p=324143#article","isPartOf":{"@id":"https:\/\/blogdofarnesio.com.br\/?p=324143"},"author":{"name":"Farn\u00e9sio","@id":"https:\/\/blogdofarnesio.com.br\/#\/schema\/person\/bb9b23ae3ad0609ce8df7b6c9e76824d"},"headline":"CBHSF vai realizar webin\u00e1rio \u201c25 anos da Lei das \u00c1guas\u201d em comemora\u00e7\u00e3o aos 521 anos do Rio S\u00e3o Francisco","datePublished":"2022-10-04T12:22:37+00:00","mainEntityOfPage":{"@id":"https:\/\/blogdofarnesio.com.br\/?p=324143"},"wordCount":160,"commentCount":0,"publisher":{"@id":"https:\/\/blogdofarnesio.com.br\/#organization"},"image":{"@id":"https:\/\/blogdofarnesio.com.br\/?p=324143#primaryimage"},"thumbnailUrl":"https:\/\/blogdofarnesio.com.br\/wp-content\/uploads\/2015\/03\/Blogqsprios\u00e3ofrancisco-Foto-Farn\u00e9sio-Silva.jpg","articleSection":["\u00c1gua"],"inLanguage":"pt-BR","potentialAction":[{"@type":"CommentAction","name":"Comment","target":["https:\/\/blogdofarnesio.com.br\/?p=324143#respond"]}]},{"@type":"WebPage","@id":"https:\/\/blogdofarnesio.com.br\/?p=324143","url":"https:\/\/blogdofarnesio.com.br\/?p=324143","name":"CBHSF vai realizar webin\u00e1rio \u201c25 anos da Lei das \u00c1guas\u201d em comemora\u00e7\u00e3o aos 521 anos do Rio S\u00e3o Francisco - Blog do Farn\u00e9sio","isPartOf":{"@id":"https:\/\/blogdofarnesio.com.br\/#website"},"primaryImageOfPage":{"@id":"https:\/\/blogdofarnesio.com.br\/?p=324143#primaryimage"},"image":{"@id":"https:\/\/blogdofarnesio.com.br\/?p=324143#primaryimage"},"thumbnailUrl":"https:\/\/blogdofarnesio.com.br\/wp-content\/uploads\/2015\/03\/Blogqsprios\u00e3ofrancisco-Foto-Farn\u00e9sio-Silva.jpg","datePublished":"2022-10-04T12:22:37+00:00","breadcrumb":{"@id":"https:\/\/blogdofarnesio.com.br\/?p=324143#breadcrumb"},"inLanguage":"pt-BR","potentialAction":[{"@type":"ReadAction","target":["https:\/\/blogdofarnesio.com.br\/?p=324143"]}]},{"@type":"ImageObject","inLanguage":"pt-BR","@id":"https:\/\/blogdofarnesio.com.br\/?p=324143#primaryimage","url":"https:\/\/blogdofarnesio.com.br\/wp-content\/uploads\/2015\/03\/Blogqsprios\u00e3ofrancisco-Foto-Farn\u00e9sio-Silva.jpg","contentUrl":"https:\/\/blogdofarnesio.com.br\/wp-content\/uploads\/2015\/03\/Blogqsprios\u00e3ofrancisco-Foto-Farn\u00e9sio-Silva.jpg","width":448,"height":254,"caption":"Rio S\u00e3o Francisco Petrolina PE Foto Farn\u00e9sio Silva Foto Farn\u00e9sio Silva"},{"@type":"BreadcrumbList","@id":"https:\/\/blogdofarnesio.com.br\/?p=324143#breadcrumb","itemListElement":[{"@type":"ListItem","position":1,"name":"In\u00edcio","item":"https:\/\/blogdofarnesio.com.br\/"},{"@type":"ListItem","position":2,"name":"CBHSF vai realizar webin\u00e1rio \u201c25 anos da Lei das \u00c1guas\u201d em comemora\u00e7\u00e3o aos 521 anos do Rio S\u00e3o Francisco"}]},{"@type":"WebSite","@id":"https:\/\/blogdofarnesio.com.br\/#website","url":"https:\/\/blogdofarnesio.com.br\/","name":"Blog do Farn\u00e9sio","description":"Quer Saber Pol\u00edtica?","publisher":{"@id":"https:\/\/blogdofarnesio.com.br\/#organization"},"potentialAction":[{"@type":"SearchAction","target":{"@type":"EntryPoint","urlTemplate":"https:\/\/blogdofarnesio.com.br\/?s={search_term_string}"},"query-input":{"@type":"PropertyValueSpecification","valueRequired":true,"valueName":"search_term_string"}}],"inLanguage":"pt-BR"},{"@type":"Organization","@id":"https:\/\/blogdofarnesio.com.br\/#organization","name":"Blog do Farn\u00e9sio","url":"https:\/\/blogdofarnesio.com.br\/","logo":{"@type":"ImageObject","inLanguage":"pt-BR","@id":"https:\/\/blogdofarnesio.com.br\/#\/schema\/logo\/image\/","url":"https:\/\/blogdofarnesio.com.br\/wp-content\/uploads\/2026\/03\/cropped-logo_new-1.png","contentUrl":"https:\/\/blogdofarnesio.com.br\/wp-content\/uploads\/2026\/03\/cropped-logo_new-1.png","width":881,"height":685,"caption":"Blog do Farn\u00e9sio"},"image":{"@id":"https:\/\/blogdofarnesio.com.br\/#\/schema\/logo\/image\/"},"sameAs":["https:\/\/www.facebook.com\/BlogQuerSaberPolitica\/"]},{"@type":"Person","@id":"https:\/\/blogdofarnesio.com.br\/#\/schema\/person\/bb9b23ae3ad0609ce8df7b6c9e76824d","name":"Farn\u00e9sio","image":{"@type":"ImageObject","inLanguage":"pt-BR","@id":"https:\/\/secure.gravatar.com\/avatar\/986aa4c61ccdb66f8555bf88fc2a65609d00bcabd4d2d94377a727547345cbca?s=96&d=mm&r=g","url":"https:\/\/secure.gravatar.com\/avatar\/986aa4c61ccdb66f8555bf88fc2a65609d00bcabd4d2d94377a727547345cbca?s=96&d=mm&r=g","contentUrl":"https:\/\/secure.gravatar.com\/avatar\/986aa4c61ccdb66f8555bf88fc2a65609d00bcabd4d2d94377a727547345cbca?s=96&d=mm&r=g","caption":"Farn\u00e9sio"},"description":"Radialista blogueiro, chegou a Petrolina\/Juazeiro em setembro de 1980, Farn\u00e9sio Silva \u00e9 de Arapiraca-Alagoas.","sameAs":["http:\/\/blogdofarnesio.com.br","https:\/\/www.facebook.com\/?ref=tn_tnmn","https:\/\/www.instagram.com\/?utm_source=pwa_homescreen","https:\/\/youtube.com.br\/"],"url":"https:\/\/blogdofarnesio.com.br\/?author=2"}]}},"_links":{"self":[{"href":"https:\/\/blogdofarnesio.com.br\/index.php?rest_route=\/wp\/v2\/posts\/324143","targetHints":{"allow":["GET"]}}],"collection":[{"href":"https:\/\/blogdofarnesio.com.br\/index.php?rest_route=\/wp\/v2\/posts"}],"about":[{"href":"https:\/\/blogdofarnesio.com.br\/index.php?rest_route=\/wp\/v2\/types\/post"}],"author":[{"embeddable":true,"href":"https:\/\/blogdofarnesio.com.br\/index.php?rest_route=\/wp\/v2\/users\/2"}],"replies":[{"embeddable":true,"href":"https:\/\/blogdofarnesio.com.br\/index.php?rest_route=%2Fwp%2Fv2%2Fcomments&post=324143"}],"version-history":[{"count":0,"href":"https:\/\/blogdofarnesio.com.br\/index.php?rest_route=\/wp\/v2\/posts\/324143\/revisions"}],"wp:featuredmedia":[{"embeddable":true,"href":"https:\/\/blogdofarnesio.com.br\/index.php?rest_route=\/wp\/v2\/media\/120000"}],"wp:attachment":[{"href":"https:\/\/blogdofarnesio.com.br\/index.php?rest_route=%2Fwp%2Fv2%2Fmedia&parent=324143"}],"wp:term":[{"taxonomy":"category","embeddable":true,"href":"https:\/\/blogdofarnesio.com.br\/index.php?rest_route=%2Fwp%2Fv2%2Fcategories&post=324143"},{"taxonomy":"post_tag","embeddable":true,"href":"https:\/\/blogdofarnesio.com.br\/index.php?rest_route=%2Fwp%2Fv2%2Ftags&post=324143"}],"curies":[{"name":"wp","href":"https:\/\/api.w.org\/{rel}","templated":true}]}}