{"id":323419,"date":"2022-09-22T11:02:20","date_gmt":"2022-09-22T14:02:20","guid":{"rendered":"https:\/\/blogdofarnesio.com.br\/?p=323419"},"modified":"2022-09-22T11:02:20","modified_gmt":"2022-09-22T14:02:20","slug":"datalyra-aponta-favoritos-para-camara-e-alepe-veja-quais","status":"publish","type":"post","link":"https:\/\/blogdofarnesio.com.br\/?p=323419","title":{"rendered":"\u201cDatalyra\u201d aponta favoritos para C\u00e2mara e ALEPE. Veja quais:"},"content":{"rendered":"<p>Saiu \u00e0 meia noite desta quinta o <strong>Datalyra<\/strong>, a proje\u00e7\u00e3o do\u00a0<strong>blogueiro Edmar Lyra<\/strong> sobre as elei\u00e7\u00f5es para Deputado Federal e Estadual. Os progn\u00f3sticos ganharam relev\u00e2ncia e viraram uma esp\u00e9cie de an\u00e1lise herdeira do hist\u00f3rico \u201cDataliba\u201d, a an\u00e1lise tradicional do ex-vereador do Recife Liberato Costa J\u00fanior,\u00a0 falecido em 2016.<\/p>\n<p>Veja na leitura e texto de Edmar quem tem chance de ficar com uma cadeira Federal ou na ALEPE:<\/p>\n<p><strong>DATALYRA 2022: Os poss\u00edveis eleitos para deputado federal<\/strong><\/p>\n<p>Com um quociente eleitoral estimado em 180 mil votos, levando em considera\u00e7\u00e3o o fim das coliga\u00e7\u00f5es proporcionais e consequentemente uma maior quantidade de chapas, bem como a possibilidade de os partidos que n\u00e3o atingirem o quociente eleitoral disputarem as sobras, apresentamos a nossa proje\u00e7\u00e3o para a C\u00e2mara dos Deputados.<\/p>\n<p>Consideramos como \u201celeitos\u201d aqueles que t\u00eam chances reais de vit\u00f3ria, com vota\u00e7\u00f5es significativas em elei\u00e7\u00f5es anteriores. Consideramos como \u201cdespontando\u201d aqueles que possuem melhores chances de vit\u00f3ria, e \u201cna briga\u201d s\u00e3o aqueles que n\u00e3o t\u00eam garantia de vencer mas podem surpreender. Dito isto, vamos aos nomes:<\/p>\n<p><strong>PSB \u2013 5 a 6 vagas\u00a0<\/strong><\/p>\n<p><strong>Eleitos<\/strong><\/p>\n<p>Eriberto Medeiros<\/p>\n<p>Felipe Carreras<\/p>\n<p>Guilherme Uchoa Jr.<\/p>\n<p>Pedro Campos<\/p>\n<p><strong>Despontando<\/strong><\/p>\n<p>Gonzaga Patriota<\/p>\n<p>Lucas Ramos<\/p>\n<p><strong>Na briga\u00a0<\/strong><\/p>\n<p>Milton Coelho<\/p>\n<p>Tadeu Alencar<\/p>\n<p><strong>PP \u2013 4 a 5 vagas\u00a0<\/strong><\/p>\n<p><strong>Eleitos<\/strong><\/p>\n<p>Clarissa T\u00e9rcio<\/p>\n<p>Eduardo da Fonte<\/p>\n<p>Fernando Monteiro<\/p>\n<p>Lula da Fonte<\/p>\n<p><strong>Na briga<\/strong><\/p>\n<p>Michele Collins<\/p>\n<p><strong>PL \u2013 3 a 4 vagas\u00a0<\/strong><\/p>\n<p><strong>Eleitos<\/strong><\/p>\n<p>Andr\u00e9 Ferreira<\/p>\n<p>Fernando Rodolfo<\/p>\n<p>Pastor Eurico<\/p>\n<p><strong>Na briga\u00a0<\/strong><\/p>\n<p>Coronel Meira<\/p>\n<p><strong>PT\/PV\/PCdoB \u2013 3 a 4 vagas<\/strong><\/p>\n<p><strong>Eleitos<\/strong><\/p>\n<p>Clodoaldo Magalh\u00e3es<\/p>\n<p>Carlos Veras<\/p>\n<p><strong>Despontando<\/strong><\/p>\n<p>Liana Cirne<\/p>\n<p>Renildo Calheiros<\/p>\n<p><strong>Na briga\u00a0<\/strong><\/p>\n<p>Dulcicleide Amorim<\/p>\n<p><strong>Uni\u00e3o Brasil \u2013 2 a 3 vagas\u00a0<\/strong><\/p>\n<p><strong>Eleito<\/strong><\/p>\n<p>Fernando Filho<\/p>\n<p><strong>Despontando<\/strong><\/p>\n<p>Luciano Bivar<\/p>\n<p>Mendon\u00e7a Filho<\/p>\n<p><strong>Na briga\u00a0<\/strong><\/p>\n<p>Dilson Oliveira<\/p>\n<p><strong>Republicanos \u2013 2 a 3 vagas<\/strong><\/p>\n<p><strong>Eleito<\/strong><\/p>\n<p>Silvio Costa Filho<\/p>\n<p><strong>Despontando<\/strong><\/p>\n<p>Augusto Coutinho<\/p>\n<p><strong>Na briga\u00a0<\/strong><\/p>\n<p>Ossesio Silva<\/p>\n<p><strong>MDB \u2013 1 a 2 vagas\u00a0<\/strong><\/p>\n<p><strong>Despontando<\/strong><\/p>\n<p>Iza Arruda<\/p>\n<p><strong>Na briga\u00a0<\/strong><\/p>\n<p>Raul Henry<\/p>\n<p><strong>Podemos \u2013 1 a 2 vagas\u00a0<\/strong><\/p>\n<p><strong>Eleito<\/strong><\/p>\n<p>Ricardo Teobaldo<\/p>\n<p><strong>Na briga\u00a0<\/strong><\/p>\n<p>Andreza Romero<\/p>\n<p><strong>Solidariedade \u2013 2 vagas\u00a0<\/strong><\/p>\n<p><strong>Eleitas<\/strong><\/p>\n<p>Fabiola Cabral<\/p>\n<p>Maria Arraes<\/p>\n<p><strong>Avante \u2013 1 vaga\u00a0<\/strong><\/p>\n<p><strong>Eleito<\/strong><\/p>\n<p>Waldemar Oliveira<\/p>\n<p><strong>PSDB\/Cidadania \u2013 0 a 1 vaga\u00a0<\/strong><\/p>\n<p><strong>Na briga<\/strong><\/p>\n<p>Daniel Coelho<\/p>\n<p><strong>PSOL\/Rede Sustentabilidade \u2013 0 a 1 vaga\u00a0<\/strong><\/p>\n<p><strong>Na briga<\/strong><\/p>\n<p>Tulio Gad\u00ealha<\/p>\n<p><strong>Robeyonc\u00e9<\/strong><\/p>\n<p><strong>PDT \u2013 0 a 1 vaga<\/strong><\/p>\n<p><strong>Na briga\u00a0\u00a0<\/strong><\/p>\n<p>Wolney Queiroz<\/p>\n<p><strong>DATALYRA 2022: Os poss\u00edveis eleitos para deputado estadual<\/strong><\/p>\n<p>Com um quociente eleitoral estimado em 90 mil votos, levando em considera\u00e7\u00e3o o fim das coliga\u00e7\u00f5es proporcionais e consequentemente uma maior quantidade de chapas, bem como a possibilidade de os partidos que n\u00e3o atingirem o quociente eleitoral disputarem as sobras, apresentamos a nossa proje\u00e7\u00e3o para a Assembleia Legislativa de Pernambuco.<\/p>\n<p>Consideramos como \u201celeitos\u201d aqueles que t\u00eam chances reais de vit\u00f3ria, com vota\u00e7\u00f5es significativas em elei\u00e7\u00f5es anteriores. Consideramos como \u201cdespontando\u201d aqueles que possuem melhores chances de vit\u00f3ria, e \u201cna briga\u201d s\u00e3o aqueles que n\u00e3o t\u00eam garantia de vencer mas podem surpreender. Dito isto, vamos aos nomes:<\/p>\n<p><strong>PSB \u2013 15 a 17 vagas\u00a0<\/strong><\/p>\n<p><strong>Eleitos<\/strong><\/p>\n<p>Aglailson Victor<\/p>\n<p>Davi Muniz<\/p>\n<p>Dannilo Godoy<\/p>\n<p>Eriberto Filho<\/p>\n<p>Francismar Pontes<\/p>\n<p>Gleide Angelo<\/p>\n<p>Jarbas Filho<\/p>\n<p>Rodrigo Farias<\/p>\n<p>Rodrigo Novaes<\/p>\n<p>Simone Santana<\/p>\n<p><strong>Despontando<\/strong><\/p>\n<p>Diogo Moraes<\/p>\n<p>Franz Hacker<\/p>\n<p>Sileno Guedes<\/p>\n<p>Tony Gel<\/p>\n<p><strong>Na briga\u00a0<\/strong><\/p>\n<p>Aderaldo Pinto<\/p>\n<p>Aluisio Lessa<\/p>\n<p>H\u00e9lio Guabiraba<\/p>\n<p>Isaltino Nascimento<\/p>\n<p>Jos\u00e9 Patriota<\/p>\n<p>Junior Matuto<\/p>\n<p>Marco Aur\u00e9lio<\/p>\n<p>Paulo Dutra<\/p>\n<p>Paulo Juc\u00e1<\/p>\n<p>Waldemar Borges<\/p>\n<p><strong>PP \u2013 8 a 10 vagas\u00a0<\/strong><\/p>\n<p><strong>Eleitos<\/strong><\/p>\n<p>Antonio Moraes<\/p>\n<p>Claudiano Filho<\/p>\n<p>Cleiton Collins<\/p>\n<p>Henrique Queiroz Filho<\/p>\n<p>Pastor J\u00fanior T\u00e9rcio<\/p>\n<p><strong>Despontando<\/strong><\/p>\n<p>Antonio Fernando<\/p>\n<p>Adauto Santos<\/p>\n<p>Clovis Paiva<\/p>\n<p>Erick Lessa<\/p>\n<p>Roberta Arraes<\/p>\n<p><strong>Na briga<\/strong><\/p>\n<p>Chico Kiko<\/p>\n<p>Jefferson Tim\u00f3teo<\/p>\n<p>Kaio Mani\u00e7oba<\/p>\n<p><strong>Uni\u00e3o Brasil \u2013 5 a 6 vagas\u00a0<\/strong><\/p>\n<p><strong>Eleitos<\/strong><\/p>\n<p>Antonio Coelho<\/p>\n<p>Chaparral<\/p>\n<p>Romero Albuquerque<\/p>\n<p>Romero Sales Filho<\/p>\n<p>Edson Vieira<\/p>\n<p><strong>Na briga\u00a0<\/strong><\/p>\n<p>Socorro Pimentel<\/p>\n<p>Zeca Cavalcanti<\/p>\n<p><strong>PSDB\/Cidadania \u2013 3 a 4 vagas\u00a0<\/strong><\/p>\n<p><strong>Eleitos<\/strong><\/p>\n<p>Alvaro Porto<\/p>\n<p>Debora Almeida<\/p>\n<p><strong>Despontando<\/strong><\/p>\n<p>Izaias Regis<\/p>\n<p><strong>Na briga\u00a0<\/strong><\/p>\n<p>Allan Carneiro<\/p>\n<p>Alcides Cardoso<\/p>\n<p>Joaquim Neto<\/p>\n<p>Lucinha Mota<\/p>\n<p>Ramos<\/p>\n<p><strong>PL \u2013 4 a 5 vagas\u00a0<\/strong><\/p>\n<p><strong>Eleitos<\/strong><\/p>\n<p>Alberto Feitosa<\/p>\n<p>Joel da Harpa<\/p>\n<p><strong>Despontando<\/strong><\/p>\n<p>Nino de Enoque<\/p>\n<p>Rebeca Lucena<\/p>\n<p>Renato Antunes<\/p>\n<p><strong>Na briga\u00a0<\/strong><\/p>\n<p>Adeildo da Igreja<\/p>\n<p>Dr. Valdi<\/p>\n<p><strong>PT\/PV\/PCdoB \u2013 5 a 6 vagas\u00a0<\/strong><\/p>\n<p><strong>Eleitos<\/strong><\/p>\n<p>Doriel Barros<\/p>\n<p>Joaquim Lira<\/p>\n<p><strong>Despontando<\/strong><\/p>\n<p>Heleno Ara\u00fajo<\/p>\n<p>Jo\u00e3o Paulo Costa<\/p>\n<p>Jo\u00e3o Paulo Lima<\/p>\n<p>Odacy Amorim<\/p>\n<p><strong>Na briga\u00a0<\/strong><\/p>\n<p>Gilmar Junior<\/p>\n<p>Jo\u00e3o Nadegi<\/p>\n<p><strong>Solidariedade \u2013 4 a 5 vagas<\/strong><\/p>\n<p><strong>Eleitos<\/strong><\/p>\n<p>Gustavo Gouveia<\/p>\n<p>Luciano Duque<\/p>\n<p>Lula Cabral<\/p>\n<p><strong>Despontando<\/strong><\/p>\n<p>Fabrizio Ferraz<\/p>\n<p>Jorge Carreiro<\/p>\n<p>Wanderson Florencio<\/p>\n<p><strong>Na briga\u00a0<\/strong><\/p>\n<p>Julio Lossio Filho<\/p>\n<p>Rossine Blesmany<\/p>\n<p><strong>Republicanos \u2013 2 a 3 vagas\u00a0<\/strong><\/p>\n<p><strong>Eleitos<\/strong><\/p>\n<p>Tiago Pontes<\/p>\n<p>William Brigido<\/p>\n<p><strong>Despontando<\/strong><\/p>\n<p>Dido Vieira<\/p>\n<p>Mario Ricardo<\/p>\n<p><strong>Na briga\u00a0<\/strong><\/p>\n<p>Claudia Lupercio<\/p>\n<p><strong>PSOL\/Rede Sustentabilidade \u2013 1 a 2 vagas<\/strong><\/p>\n<p><strong>Eleita<\/strong><\/p>\n<p>Dani Portela<\/p>\n<p><strong>Despontando<\/strong><\/p>\n<p>Juntas<\/p>\n<p><strong>Patriota \u2013 1 a 2 vagas\u00a0<\/strong><\/p>\n<p><strong>Despontando<\/strong><\/p>\n<p>Fabinho Lisandro<\/p>\n<p>Jo\u00e3ozinho Ten\u00f3rio<\/p>\n<p><strong>Na briga\u00a0<\/strong><\/p>\n<p>Beto Accioly<\/p>\n<p>Bruno Pereira<\/p>\n<p>Luciano Pacheco<\/p>\n<p><strong>PDT \u2013 0 a 1 vaga\u00a0<\/strong><\/p>\n<p><strong>Despontando<\/strong><\/p>\n<p>Z\u00e9 Queiroz<\/p>\n","protected":false},"excerpt":{"rendered":"<p>Saiu \u00e0 meia noite desta quinta o Datalyra, a proje\u00e7\u00e3o do\u00a0blogueiro Edmar Lyra sobre as elei\u00e7\u00f5es para Deputado Federal e Estadual. Os progn\u00f3sticos ganharam relev\u00e2ncia e viraram uma esp\u00e9cie de an\u00e1lise herdeira do hist\u00f3rico \u201cDataliba\u201d, a an\u00e1lise tradicional do ex-vereador do Recife Liberato Costa J\u00fanior,\u00a0 falecido em 2016. Veja na leitura e texto de Edmar quem tem chance de ficar com uma cadeira Federal ou na ALEPE: DATALYRA 2022: Os poss\u00edveis eleitos para deputado federal Com um quociente eleitoral estimado em 180 mil votos, levando em considera\u00e7\u00e3o o fim das coliga\u00e7\u00f5es proporcionais e consequentemente uma maior quantidade de chapas, bem como a possibilidade de os partidos que n\u00e3o atingirem o quociente eleitoral disputarem as sobras, apresentamos a nossa proje\u00e7\u00e3o para&hellip; <\/p>\n","protected":false},"author":2,"featured_media":254669,"comment_status":"open","ping_status":"open","sticky":false,"template":"","format":"standard","meta":{"_acf_changed":false,"footnotes":""},"categories":[34],"tags":[],"class_list":["post-323419","post","type-post","status-publish","format-standard","has-post-thumbnail","hentry","category-eleicoes"],"acf":[],"yoast_head":"<!-- This site is optimized with the Yoast SEO plugin v27.4 - https:\/\/yoast.com\/product\/yoast-seo-wordpress\/ -->\n<title>\u201cDatalyra\u201d aponta favoritos para C\u00e2mara e ALEPE. Veja quais: - Blog do Farn\u00e9sio<\/title>\n<meta name=\"robots\" content=\"index, follow, max-snippet:-1, max-image-preview:large, max-video-preview:-1\" \/>\n<link rel=\"canonical\" href=\"https:\/\/blogdofarnesio.com.br\/?p=323419\" \/>\n<meta property=\"og:locale\" content=\"pt_BR\" \/>\n<meta property=\"og:type\" content=\"article\" \/>\n<meta property=\"og:title\" content=\"\u201cDatalyra\u201d aponta favoritos para C\u00e2mara e ALEPE. Veja quais: - Blog do Farn\u00e9sio\" \/>\n<meta property=\"og:description\" content=\"Saiu \u00e0 meia noite desta quinta o Datalyra, a proje\u00e7\u00e3o do\u00a0blogueiro Edmar Lyra sobre as elei\u00e7\u00f5es para Deputado Federal e Estadual. Os progn\u00f3sticos ganharam relev\u00e2ncia e viraram uma esp\u00e9cie de an\u00e1lise herdeira do hist\u00f3rico \u201cDataliba\u201d, a an\u00e1lise tradicional do ex-vereador do Recife Liberato Costa J\u00fanior,\u00a0 falecido em 2016. Veja na leitura e texto de Edmar quem tem chance de ficar com uma cadeira Federal ou na ALEPE: DATALYRA 2022: Os poss\u00edveis eleitos para deputado federal Com um quociente eleitoral estimado em 180 mil votos, levando em considera\u00e7\u00e3o o fim das coliga\u00e7\u00f5es proporcionais e consequentemente uma maior quantidade de chapas, bem como a possibilidade de os partidos que n\u00e3o atingirem o quociente eleitoral disputarem as sobras, apresentamos a nossa proje\u00e7\u00e3o para&hellip;\" \/>\n<meta property=\"og:url\" content=\"https:\/\/blogdofarnesio.com.br\/?p=323419\" \/>\n<meta property=\"og:site_name\" content=\"Blog do Farn\u00e9sio\" \/>\n<meta property=\"article:publisher\" content=\"https:\/\/www.facebook.com\/BlogQuerSaberPolitica\/\" \/>\n<meta property=\"article:author\" content=\"https:\/\/www.facebook.com\/?ref=tn_tnmn\" \/>\n<meta property=\"article:published_time\" content=\"2022-09-22T14:02:20+00:00\" \/>\n<meta property=\"og:image\" content=\"https:\/\/blogdofarnesio.com.br\/wp-content\/uploads\/2020\/04\/blogqspelei\u00e7\u00f5es-prefeito-2.jpg\" \/>\n\t<meta property=\"og:image:width\" content=\"382\" \/>\n\t<meta property=\"og:image:height\" content=\"277\" \/>\n\t<meta property=\"og:image:type\" content=\"image\/jpeg\" \/>\n<meta name=\"author\" content=\"Farn\u00e9sio\" \/>\n<meta name=\"twitter:card\" content=\"summary_large_image\" \/>\n<meta name=\"twitter:label1\" content=\"Escrito por\" \/>\n\t<meta name=\"twitter:data1\" content=\"Farn\u00e9sio\" \/>\n\t<meta name=\"twitter:label2\" content=\"Est. tempo de leitura\" \/>\n\t<meta name=\"twitter:data2\" content=\"5 minutos\" \/>\n<script type=\"application\/ld+json\" class=\"yoast-schema-graph\">{\"@context\":\"https:\\\/\\\/schema.org\",\"@graph\":[{\"@type\":\"Article\",\"@id\":\"https:\\\/\\\/blogdofarnesio.com.br\\\/?p=323419#article\",\"isPartOf\":{\"@id\":\"https:\\\/\\\/blogdofarnesio.com.br\\\/?p=323419\"},\"author\":{\"name\":\"Farn\u00e9sio\",\"@id\":\"https:\\\/\\\/blogdofarnesio.com.br\\\/#\\\/schema\\\/person\\\/bb9b23ae3ad0609ce8df7b6c9e76824d\"},\"headline\":\"\u201cDatalyra\u201d aponta favoritos para C\u00e2mara e ALEPE. Veja quais:\",\"datePublished\":\"2022-09-22T14:02:20+00:00\",\"mainEntityOfPage\":{\"@id\":\"https:\\\/\\\/blogdofarnesio.com.br\\\/?p=323419\"},\"wordCount\":751,\"commentCount\":0,\"publisher\":{\"@id\":\"https:\\\/\\\/blogdofarnesio.com.br\\\/#organization\"},\"image\":{\"@id\":\"https:\\\/\\\/blogdofarnesio.com.br\\\/?p=323419#primaryimage\"},\"thumbnailUrl\":\"https:\\\/\\\/blogdofarnesio.com.br\\\/wp-content\\\/uploads\\\/2020\\\/04\\\/blogqspelei\u00e7\u00f5es-prefeito-2.jpg\",\"articleSection\":[\"Elei\u00e7\u00f5es\"],\"inLanguage\":\"pt-BR\",\"potentialAction\":[{\"@type\":\"CommentAction\",\"name\":\"Comment\",\"target\":[\"https:\\\/\\\/blogdofarnesio.com.br\\\/?p=323419#respond\"]}]},{\"@type\":\"WebPage\",\"@id\":\"https:\\\/\\\/blogdofarnesio.com.br\\\/?p=323419\",\"url\":\"https:\\\/\\\/blogdofarnesio.com.br\\\/?p=323419\",\"name\":\"\u201cDatalyra\u201d aponta favoritos para C\u00e2mara e ALEPE. Veja quais: - Blog do Farn\u00e9sio\",\"isPartOf\":{\"@id\":\"https:\\\/\\\/blogdofarnesio.com.br\\\/#website\"},\"primaryImageOfPage\":{\"@id\":\"https:\\\/\\\/blogdofarnesio.com.br\\\/?p=323419#primaryimage\"},\"image\":{\"@id\":\"https:\\\/\\\/blogdofarnesio.com.br\\\/?p=323419#primaryimage\"},\"thumbnailUrl\":\"https:\\\/\\\/blogdofarnesio.com.br\\\/wp-content\\\/uploads\\\/2020\\\/04\\\/blogqspelei\u00e7\u00f5es-prefeito-2.jpg\",\"datePublished\":\"2022-09-22T14:02:20+00:00\",\"breadcrumb\":{\"@id\":\"https:\\\/\\\/blogdofarnesio.com.br\\\/?p=323419#breadcrumb\"},\"inLanguage\":\"pt-BR\",\"potentialAction\":[{\"@type\":\"ReadAction\",\"target\":[\"https:\\\/\\\/blogdofarnesio.com.br\\\/?p=323419\"]}]},{\"@type\":\"ImageObject\",\"inLanguage\":\"pt-BR\",\"@id\":\"https:\\\/\\\/blogdofarnesio.com.br\\\/?p=323419#primaryimage\",\"url\":\"https:\\\/\\\/blogdofarnesio.com.br\\\/wp-content\\\/uploads\\\/2020\\\/04\\\/blogqspelei\u00e7\u00f5es-prefeito-2.jpg\",\"contentUrl\":\"https:\\\/\\\/blogdofarnesio.com.br\\\/wp-content\\\/uploads\\\/2020\\\/04\\\/blogqspelei\u00e7\u00f5es-prefeito-2.jpg\",\"width\":382,\"height\":277,\"caption\":\"Charge-Quem quer ser candidato?\"},{\"@type\":\"BreadcrumbList\",\"@id\":\"https:\\\/\\\/blogdofarnesio.com.br\\\/?p=323419#breadcrumb\",\"itemListElement\":[{\"@type\":\"ListItem\",\"position\":1,\"name\":\"In\u00edcio\",\"item\":\"https:\\\/\\\/blogdofarnesio.com.br\\\/\"},{\"@type\":\"ListItem\",\"position\":2,\"name\":\"\u201cDatalyra\u201d aponta favoritos para C\u00e2mara e ALEPE. Veja quais:\"}]},{\"@type\":\"WebSite\",\"@id\":\"https:\\\/\\\/blogdofarnesio.com.br\\\/#website\",\"url\":\"https:\\\/\\\/blogdofarnesio.com.br\\\/\",\"name\":\"Blog do Farn\u00e9sio\",\"description\":\"Quer Saber Pol\u00edtica?\",\"publisher\":{\"@id\":\"https:\\\/\\\/blogdofarnesio.com.br\\\/#organization\"},\"potentialAction\":[{\"@type\":\"SearchAction\",\"target\":{\"@type\":\"EntryPoint\",\"urlTemplate\":\"https:\\\/\\\/blogdofarnesio.com.br\\\/?s={search_term_string}\"},\"query-input\":{\"@type\":\"PropertyValueSpecification\",\"valueRequired\":true,\"valueName\":\"search_term_string\"}}],\"inLanguage\":\"pt-BR\"},{\"@type\":\"Organization\",\"@id\":\"https:\\\/\\\/blogdofarnesio.com.br\\\/#organization\",\"name\":\"Blog do Farn\u00e9sio\",\"url\":\"https:\\\/\\\/blogdofarnesio.com.br\\\/\",\"logo\":{\"@type\":\"ImageObject\",\"inLanguage\":\"pt-BR\",\"@id\":\"https:\\\/\\\/blogdofarnesio.com.br\\\/#\\\/schema\\\/logo\\\/image\\\/\",\"url\":\"https:\\\/\\\/blogdofarnesio.com.br\\\/wp-content\\\/uploads\\\/2026\\\/03\\\/cropped-logo_new-1.png\",\"contentUrl\":\"https:\\\/\\\/blogdofarnesio.com.br\\\/wp-content\\\/uploads\\\/2026\\\/03\\\/cropped-logo_new-1.png\",\"width\":881,\"height\":685,\"caption\":\"Blog do Farn\u00e9sio\"},\"image\":{\"@id\":\"https:\\\/\\\/blogdofarnesio.com.br\\\/#\\\/schema\\\/logo\\\/image\\\/\"},\"sameAs\":[\"https:\\\/\\\/www.facebook.com\\\/BlogQuerSaberPolitica\\\/\"]},{\"@type\":\"Person\",\"@id\":\"https:\\\/\\\/blogdofarnesio.com.br\\\/#\\\/schema\\\/person\\\/bb9b23ae3ad0609ce8df7b6c9e76824d\",\"name\":\"Farn\u00e9sio\",\"image\":{\"@type\":\"ImageObject\",\"inLanguage\":\"pt-BR\",\"@id\":\"https:\\\/\\\/secure.gravatar.com\\\/avatar\\\/986aa4c61ccdb66f8555bf88fc2a65609d00bcabd4d2d94377a727547345cbca?s=96&d=mm&r=g\",\"url\":\"https:\\\/\\\/secure.gravatar.com\\\/avatar\\\/986aa4c61ccdb66f8555bf88fc2a65609d00bcabd4d2d94377a727547345cbca?s=96&d=mm&r=g\",\"contentUrl\":\"https:\\\/\\\/secure.gravatar.com\\\/avatar\\\/986aa4c61ccdb66f8555bf88fc2a65609d00bcabd4d2d94377a727547345cbca?s=96&d=mm&r=g\",\"caption\":\"Farn\u00e9sio\"},\"description\":\"Radialista blogueiro, chegou a Petrolina\\\/Juazeiro em setembro de 1980, Farn\u00e9sio Silva \u00e9 de Arapiraca-Alagoas.\",\"sameAs\":[\"http:\\\/\\\/blogdofarnesio.com.br\",\"https:\\\/\\\/www.facebook.com\\\/?ref=tn_tnmn\",\"https:\\\/\\\/www.instagram.com\\\/?utm_source=pwa_homescreen\",\"https:\\\/\\\/youtube.com.br\\\/\"],\"url\":\"https:\\\/\\\/blogdofarnesio.com.br\\\/?author=2\"}]}<\/script>\n<!-- \/ Yoast SEO plugin. -->","yoast_head_json":{"title":"\u201cDatalyra\u201d aponta favoritos para C\u00e2mara e ALEPE. Veja quais: - Blog do Farn\u00e9sio","robots":{"index":"index","follow":"follow","max-snippet":"max-snippet:-1","max-image-preview":"max-image-preview:large","max-video-preview":"max-video-preview:-1"},"canonical":"https:\/\/blogdofarnesio.com.br\/?p=323419","og_locale":"pt_BR","og_type":"article","og_title":"\u201cDatalyra\u201d aponta favoritos para C\u00e2mara e ALEPE. Veja quais: - Blog do Farn\u00e9sio","og_description":"Saiu \u00e0 meia noite desta quinta o Datalyra, a proje\u00e7\u00e3o do\u00a0blogueiro Edmar Lyra sobre as elei\u00e7\u00f5es para Deputado Federal e Estadual. Os progn\u00f3sticos ganharam relev\u00e2ncia e viraram uma esp\u00e9cie de an\u00e1lise herdeira do hist\u00f3rico \u201cDataliba\u201d, a an\u00e1lise tradicional do ex-vereador do Recife Liberato Costa J\u00fanior,\u00a0 falecido em 2016. Veja na leitura e texto de Edmar quem tem chance de ficar com uma cadeira Federal ou na ALEPE: DATALYRA 2022: Os poss\u00edveis eleitos para deputado federal Com um quociente eleitoral estimado em 180 mil votos, levando em considera\u00e7\u00e3o o fim das coliga\u00e7\u00f5es proporcionais e consequentemente uma maior quantidade de chapas, bem como a possibilidade de os partidos que n\u00e3o atingirem o quociente eleitoral disputarem as sobras, apresentamos a nossa proje\u00e7\u00e3o para&hellip;","og_url":"https:\/\/blogdofarnesio.com.br\/?p=323419","og_site_name":"Blog do Farn\u00e9sio","article_publisher":"https:\/\/www.facebook.com\/BlogQuerSaberPolitica\/","article_author":"https:\/\/www.facebook.com\/?ref=tn_tnmn","article_published_time":"2022-09-22T14:02:20+00:00","og_image":[{"width":382,"height":277,"url":"https:\/\/blogdofarnesio.com.br\/wp-content\/uploads\/2020\/04\/blogqspelei\u00e7\u00f5es-prefeito-2.jpg","type":"image\/jpeg"}],"author":"Farn\u00e9sio","twitter_card":"summary_large_image","twitter_misc":{"Escrito por":"Farn\u00e9sio","Est. tempo de leitura":"5 minutos"},"schema":{"@context":"https:\/\/schema.org","@graph":[{"@type":"Article","@id":"https:\/\/blogdofarnesio.com.br\/?p=323419#article","isPartOf":{"@id":"https:\/\/blogdofarnesio.com.br\/?p=323419"},"author":{"name":"Farn\u00e9sio","@id":"https:\/\/blogdofarnesio.com.br\/#\/schema\/person\/bb9b23ae3ad0609ce8df7b6c9e76824d"},"headline":"\u201cDatalyra\u201d aponta favoritos para C\u00e2mara e ALEPE. Veja quais:","datePublished":"2022-09-22T14:02:20+00:00","mainEntityOfPage":{"@id":"https:\/\/blogdofarnesio.com.br\/?p=323419"},"wordCount":751,"commentCount":0,"publisher":{"@id":"https:\/\/blogdofarnesio.com.br\/#organization"},"image":{"@id":"https:\/\/blogdofarnesio.com.br\/?p=323419#primaryimage"},"thumbnailUrl":"https:\/\/blogdofarnesio.com.br\/wp-content\/uploads\/2020\/04\/blogqspelei\u00e7\u00f5es-prefeito-2.jpg","articleSection":["Elei\u00e7\u00f5es"],"inLanguage":"pt-BR","potentialAction":[{"@type":"CommentAction","name":"Comment","target":["https:\/\/blogdofarnesio.com.br\/?p=323419#respond"]}]},{"@type":"WebPage","@id":"https:\/\/blogdofarnesio.com.br\/?p=323419","url":"https:\/\/blogdofarnesio.com.br\/?p=323419","name":"\u201cDatalyra\u201d aponta favoritos para C\u00e2mara e ALEPE. Veja quais: - Blog do Farn\u00e9sio","isPartOf":{"@id":"https:\/\/blogdofarnesio.com.br\/#website"},"primaryImageOfPage":{"@id":"https:\/\/blogdofarnesio.com.br\/?p=323419#primaryimage"},"image":{"@id":"https:\/\/blogdofarnesio.com.br\/?p=323419#primaryimage"},"thumbnailUrl":"https:\/\/blogdofarnesio.com.br\/wp-content\/uploads\/2020\/04\/blogqspelei\u00e7\u00f5es-prefeito-2.jpg","datePublished":"2022-09-22T14:02:20+00:00","breadcrumb":{"@id":"https:\/\/blogdofarnesio.com.br\/?p=323419#breadcrumb"},"inLanguage":"pt-BR","potentialAction":[{"@type":"ReadAction","target":["https:\/\/blogdofarnesio.com.br\/?p=323419"]}]},{"@type":"ImageObject","inLanguage":"pt-BR","@id":"https:\/\/blogdofarnesio.com.br\/?p=323419#primaryimage","url":"https:\/\/blogdofarnesio.com.br\/wp-content\/uploads\/2020\/04\/blogqspelei\u00e7\u00f5es-prefeito-2.jpg","contentUrl":"https:\/\/blogdofarnesio.com.br\/wp-content\/uploads\/2020\/04\/blogqspelei\u00e7\u00f5es-prefeito-2.jpg","width":382,"height":277,"caption":"Charge-Quem quer ser candidato?"},{"@type":"BreadcrumbList","@id":"https:\/\/blogdofarnesio.com.br\/?p=323419#breadcrumb","itemListElement":[{"@type":"ListItem","position":1,"name":"In\u00edcio","item":"https:\/\/blogdofarnesio.com.br\/"},{"@type":"ListItem","position":2,"name":"\u201cDatalyra\u201d aponta favoritos para C\u00e2mara e ALEPE. Veja quais:"}]},{"@type":"WebSite","@id":"https:\/\/blogdofarnesio.com.br\/#website","url":"https:\/\/blogdofarnesio.com.br\/","name":"Blog do Farn\u00e9sio","description":"Quer Saber Pol\u00edtica?","publisher":{"@id":"https:\/\/blogdofarnesio.com.br\/#organization"},"potentialAction":[{"@type":"SearchAction","target":{"@type":"EntryPoint","urlTemplate":"https:\/\/blogdofarnesio.com.br\/?s={search_term_string}"},"query-input":{"@type":"PropertyValueSpecification","valueRequired":true,"valueName":"search_term_string"}}],"inLanguage":"pt-BR"},{"@type":"Organization","@id":"https:\/\/blogdofarnesio.com.br\/#organization","name":"Blog do Farn\u00e9sio","url":"https:\/\/blogdofarnesio.com.br\/","logo":{"@type":"ImageObject","inLanguage":"pt-BR","@id":"https:\/\/blogdofarnesio.com.br\/#\/schema\/logo\/image\/","url":"https:\/\/blogdofarnesio.com.br\/wp-content\/uploads\/2026\/03\/cropped-logo_new-1.png","contentUrl":"https:\/\/blogdofarnesio.com.br\/wp-content\/uploads\/2026\/03\/cropped-logo_new-1.png","width":881,"height":685,"caption":"Blog do Farn\u00e9sio"},"image":{"@id":"https:\/\/blogdofarnesio.com.br\/#\/schema\/logo\/image\/"},"sameAs":["https:\/\/www.facebook.com\/BlogQuerSaberPolitica\/"]},{"@type":"Person","@id":"https:\/\/blogdofarnesio.com.br\/#\/schema\/person\/bb9b23ae3ad0609ce8df7b6c9e76824d","name":"Farn\u00e9sio","image":{"@type":"ImageObject","inLanguage":"pt-BR","@id":"https:\/\/secure.gravatar.com\/avatar\/986aa4c61ccdb66f8555bf88fc2a65609d00bcabd4d2d94377a727547345cbca?s=96&d=mm&r=g","url":"https:\/\/secure.gravatar.com\/avatar\/986aa4c61ccdb66f8555bf88fc2a65609d00bcabd4d2d94377a727547345cbca?s=96&d=mm&r=g","contentUrl":"https:\/\/secure.gravatar.com\/avatar\/986aa4c61ccdb66f8555bf88fc2a65609d00bcabd4d2d94377a727547345cbca?s=96&d=mm&r=g","caption":"Farn\u00e9sio"},"description":"Radialista blogueiro, chegou a Petrolina\/Juazeiro em setembro de 1980, Farn\u00e9sio Silva \u00e9 de Arapiraca-Alagoas.","sameAs":["http:\/\/blogdofarnesio.com.br","https:\/\/www.facebook.com\/?ref=tn_tnmn","https:\/\/www.instagram.com\/?utm_source=pwa_homescreen","https:\/\/youtube.com.br\/"],"url":"https:\/\/blogdofarnesio.com.br\/?author=2"}]}},"_links":{"self":[{"href":"https:\/\/blogdofarnesio.com.br\/index.php?rest_route=\/wp\/v2\/posts\/323419","targetHints":{"allow":["GET"]}}],"collection":[{"href":"https:\/\/blogdofarnesio.com.br\/index.php?rest_route=\/wp\/v2\/posts"}],"about":[{"href":"https:\/\/blogdofarnesio.com.br\/index.php?rest_route=\/wp\/v2\/types\/post"}],"author":[{"embeddable":true,"href":"https:\/\/blogdofarnesio.com.br\/index.php?rest_route=\/wp\/v2\/users\/2"}],"replies":[{"embeddable":true,"href":"https:\/\/blogdofarnesio.com.br\/index.php?rest_route=%2Fwp%2Fv2%2Fcomments&post=323419"}],"version-history":[{"count":0,"href":"https:\/\/blogdofarnesio.com.br\/index.php?rest_route=\/wp\/v2\/posts\/323419\/revisions"}],"wp:featuredmedia":[{"embeddable":true,"href":"https:\/\/blogdofarnesio.com.br\/index.php?rest_route=\/wp\/v2\/media\/254669"}],"wp:attachment":[{"href":"https:\/\/blogdofarnesio.com.br\/index.php?rest_route=%2Fwp%2Fv2%2Fmedia&parent=323419"}],"wp:term":[{"taxonomy":"category","embeddable":true,"href":"https:\/\/blogdofarnesio.com.br\/index.php?rest_route=%2Fwp%2Fv2%2Fcategories&post=323419"},{"taxonomy":"post_tag","embeddable":true,"href":"https:\/\/blogdofarnesio.com.br\/index.php?rest_route=%2Fwp%2Fv2%2Ftags&post=323419"}],"curies":[{"name":"wp","href":"https:\/\/api.w.org\/{rel}","templated":true}]}}