{"id":32301,"date":"2013-03-18T16:05:43","date_gmt":"2013-03-18T19:05:43","guid":{"rendered":"http:\/\/www.quersaberpolitica.com.br\/?p=32301"},"modified":"2013-03-18T16:05:43","modified_gmt":"2013-03-18T19:05:43","slug":"reuniao-discutiu-instalacao-no-vale-de-um-abatedouro-regionalpe-ba","status":"publish","type":"post","link":"https:\/\/blogdofarnesio.com.br\/?p=32301","title":{"rendered":"REUNI\u00c3O DISCUTIU INSTALA\u00c7\u00c3O NO VALE, DE UM ABATEDOURO REGIONAL\/PE-BA"},"content":{"rendered":"<p style=\"text-align: justify\"><a href=\"http:\/\/www.quersaberpolitica.com.br\/2016\/wp-content\/uploads\/2013\/03\/blogqsppanoramicajuapet-2.jpg\"><img loading=\"lazy\" decoding=\"async\" class=\"alignleft size-medium wp-image-32321\" alt=\"blogqsppanoramicajuapet (2)\" src=\"http:\/\/www.quersaberpolitica.com.br\/2016\/wp-content\/uploads\/2013\/03\/blogqsppanoramicajuapet-2-300x199.jpg\" width=\"300\" height=\"199\" srcset=\"https:\/\/blogdofarnesio.com.br\/wp-content\/uploads\/2013\/03\/blogqsppanoramicajuapet-2-300x199.jpg 300w, https:\/\/blogdofarnesio.com.br\/wp-content\/uploads\/2013\/03\/blogqsppanoramicajuapet-2.jpg 448w\" sizes=\"auto, (max-width: 300px) 100vw, 300px\" \/><\/a>O prefeito Julio Lossio e o secret\u00e1rio de Agricultura do Estado, Ranilson Ramos, a gerente geral da Ag\u00eancia de Defesa e Fiscaliza\u00e7\u00e3o Agropecu\u00e1ria de Pernambuco (ADAGRO), Eriv\u00e2nia Camelo, o diretor de Inspe\u00e7\u00e3o Substituto da Ag\u00eancia Estadual de Defesa Agropecu\u00e1ria da Bahia (ADAB), Moacir Ara\u00fajo, o secret\u00e1rio de Desenvolvimento Rural e Irriga\u00e7\u00e3o de Petrolina, Ot\u00e1vio Carvalho, o coordenador de Vigil\u00e2ncia Sanit\u00e1ria do munic\u00edpio Jarbas Costa e empres\u00e1rios, se reuniram no final da semana para discutir a regionaliza\u00e7\u00e3o do abate.<\/p>\n<p style=\"text-align: justify\">A proposta \u00e9 criar um abatedouro que atenda os munic\u00edpios da Regi\u00e3o Integrada de Desenvolvimento (RIDE) que abrange as cidades de Lagoa Grande, Oroc\u00f3, Petrolina, Santa Maria da Boa Vista, no Estado de Pernambuco, e pelos munic\u00edpios de Casa Nova, Cura\u00e7\u00e1, Juazeiro e Sobradinho, no Estado da Bahia.<!--more--><\/p>\n<p style=\"text-align: justify\">Com a regionaliza\u00e7\u00e3o do abate os comerciantes ter\u00e3o melhores condi\u00e7\u00f5es de higiene para a compra e distribui\u00e7\u00e3o da carne, bem como os consumidores passar\u00e3o a contar com um produto com mais qualidade.<\/p>\n","protected":false},"excerpt":{"rendered":"<p>O prefeito Julio Lossio e o secret\u00e1rio de Agricultura do Estado, Ranilson Ramos, a gerente geral da Ag\u00eancia de Defesa e Fiscaliza\u00e7\u00e3o Agropecu\u00e1ria de Pernambuco (ADAGRO), Eriv\u00e2nia Camelo, o diretor de Inspe\u00e7\u00e3o Substituto da Ag\u00eancia Estadual de Defesa Agropecu\u00e1ria da Bahia (ADAB), Moacir Ara\u00fajo, o secret\u00e1rio de Desenvolvimento Rural e Irriga\u00e7\u00e3o de Petrolina, Ot\u00e1vio Carvalho, o coordenador de Vigil\u00e2ncia Sanit\u00e1ria do munic\u00edpio Jarbas Costa e empres\u00e1rios, se reuniram no final da semana para discutir a regionaliza\u00e7\u00e3o do abate. A proposta \u00e9 criar um abatedouro que atenda os munic\u00edpios da Regi\u00e3o Integrada de Desenvolvimento (RIDE) que abrange as cidades de Lagoa Grande, Oroc\u00f3, Petrolina, Santa Maria da Boa Vista, no Estado de Pernambuco, e pelos munic\u00edpios de Casa Nova, Cura\u00e7\u00e1, Juazeiro&hellip; <\/p>\n","protected":false},"author":3,"featured_media":0,"comment_status":"open","ping_status":"open","sticky":false,"template":"","format":"standard","meta":{"_acf_changed":false,"footnotes":""},"categories":[1],"tags":[],"class_list":["post-32301","post","type-post","status-publish","format-standard","hentry","category-politica"],"acf":[],"yoast_head":"<!-- This site is optimized with the Yoast SEO plugin v27.4 - https:\/\/yoast.com\/product\/yoast-seo-wordpress\/ -->\n<title>REUNI\u00c3O DISCUTIU INSTALA\u00c7\u00c3O NO VALE, DE UM ABATEDOURO REGIONAL\/PE-BA - Blog do Farn\u00e9sio<\/title>\n<meta name=\"robots\" content=\"index, follow, max-snippet:-1, max-image-preview:large, max-video-preview:-1\" \/>\n<link rel=\"canonical\" href=\"https:\/\/blogdofarnesio.com.br\/?p=32301\" \/>\n<meta property=\"og:locale\" content=\"pt_BR\" \/>\n<meta property=\"og:type\" content=\"article\" \/>\n<meta property=\"og:title\" content=\"REUNI\u00c3O DISCUTIU INSTALA\u00c7\u00c3O NO VALE, DE UM ABATEDOURO REGIONAL\/PE-BA - Blog do Farn\u00e9sio\" \/>\n<meta property=\"og:description\" content=\"O prefeito Julio Lossio e o secret\u00e1rio de Agricultura do Estado, Ranilson Ramos, a gerente geral da Ag\u00eancia de Defesa e Fiscaliza\u00e7\u00e3o Agropecu\u00e1ria de Pernambuco (ADAGRO), Eriv\u00e2nia Camelo, o diretor de Inspe\u00e7\u00e3o Substituto da Ag\u00eancia Estadual de Defesa Agropecu\u00e1ria da Bahia (ADAB), Moacir Ara\u00fajo, o secret\u00e1rio de Desenvolvimento Rural e Irriga\u00e7\u00e3o de Petrolina, Ot\u00e1vio Carvalho, o coordenador de Vigil\u00e2ncia Sanit\u00e1ria do munic\u00edpio Jarbas Costa e empres\u00e1rios, se reuniram no final da semana para discutir a regionaliza\u00e7\u00e3o do abate. A proposta \u00e9 criar um abatedouro que atenda os munic\u00edpios da Regi\u00e3o Integrada de Desenvolvimento (RIDE) que abrange as cidades de Lagoa Grande, Oroc\u00f3, Petrolina, Santa Maria da Boa Vista, no Estado de Pernambuco, e pelos munic\u00edpios de Casa Nova, Cura\u00e7\u00e1, Juazeiro&hellip;\" \/>\n<meta property=\"og:url\" content=\"https:\/\/blogdofarnesio.com.br\/?p=32301\" \/>\n<meta property=\"og:site_name\" content=\"Blog do Farn\u00e9sio\" \/>\n<meta property=\"article:publisher\" content=\"https:\/\/www.facebook.com\/BlogQuerSaberPolitica\/\" \/>\n<meta property=\"article:published_time\" content=\"2013-03-18T19:05:43+00:00\" \/>\n<meta property=\"og:image\" content=\"http:\/\/www.quersaberpolitica.com.br\/2016\/wp-content\/uploads\/2013\/03\/blogqsppanoramicajuapet-2-300x199.jpg\" \/>\n<meta name=\"author\" content=\"teste\" \/>\n<meta name=\"twitter:card\" content=\"summary_large_image\" \/>\n<meta name=\"twitter:label1\" content=\"Escrito por\" \/>\n\t<meta name=\"twitter:data1\" content=\"teste\" \/>\n\t<meta name=\"twitter:label2\" content=\"Est. tempo de leitura\" \/>\n\t<meta name=\"twitter:data2\" content=\"1 minuto\" \/>\n<script type=\"application\/ld+json\" class=\"yoast-schema-graph\">{\"@context\":\"https:\\\/\\\/schema.org\",\"@graph\":[{\"@type\":\"Article\",\"@id\":\"https:\\\/\\\/blogdofarnesio.com.br\\\/?p=32301#article\",\"isPartOf\":{\"@id\":\"https:\\\/\\\/blogdofarnesio.com.br\\\/?p=32301\"},\"author\":{\"name\":\"teste\",\"@id\":\"https:\\\/\\\/blogdofarnesio.com.br\\\/#\\\/schema\\\/person\\\/dd1bf5eba40b687199ba45ca6b97dff9\"},\"headline\":\"REUNI\u00c3O DISCUTIU INSTALA\u00c7\u00c3O NO VALE, DE UM ABATEDOURO REGIONAL\\\/PE-BA\",\"datePublished\":\"2013-03-18T19:05:43+00:00\",\"mainEntityOfPage\":{\"@id\":\"https:\\\/\\\/blogdofarnesio.com.br\\\/?p=32301\"},\"wordCount\":194,\"commentCount\":0,\"publisher\":{\"@id\":\"https:\\\/\\\/blogdofarnesio.com.br\\\/#organization\"},\"image\":{\"@id\":\"https:\\\/\\\/blogdofarnesio.com.br\\\/?p=32301#primaryimage\"},\"thumbnailUrl\":\"http:\\\/\\\/www.quersaberpolitica.com.br\\\/2016\\\/wp-content\\\/uploads\\\/2013\\\/03\\\/blogqsppanoramicajuapet-2-300x199.jpg\",\"articleSection\":[\"Pol\u00edtica\"],\"inLanguage\":\"pt-BR\",\"potentialAction\":[{\"@type\":\"CommentAction\",\"name\":\"Comment\",\"target\":[\"https:\\\/\\\/blogdofarnesio.com.br\\\/?p=32301#respond\"]}]},{\"@type\":\"WebPage\",\"@id\":\"https:\\\/\\\/blogdofarnesio.com.br\\\/?p=32301\",\"url\":\"https:\\\/\\\/blogdofarnesio.com.br\\\/?p=32301\",\"name\":\"REUNI\u00c3O DISCUTIU INSTALA\u00c7\u00c3O NO VALE, DE UM ABATEDOURO REGIONAL\\\/PE-BA - Blog do Farn\u00e9sio\",\"isPartOf\":{\"@id\":\"https:\\\/\\\/blogdofarnesio.com.br\\\/#website\"},\"primaryImageOfPage\":{\"@id\":\"https:\\\/\\\/blogdofarnesio.com.br\\\/?p=32301#primaryimage\"},\"image\":{\"@id\":\"https:\\\/\\\/blogdofarnesio.com.br\\\/?p=32301#primaryimage\"},\"thumbnailUrl\":\"http:\\\/\\\/www.quersaberpolitica.com.br\\\/2016\\\/wp-content\\\/uploads\\\/2013\\\/03\\\/blogqsppanoramicajuapet-2-300x199.jpg\",\"datePublished\":\"2013-03-18T19:05:43+00:00\",\"breadcrumb\":{\"@id\":\"https:\\\/\\\/blogdofarnesio.com.br\\\/?p=32301#breadcrumb\"},\"inLanguage\":\"pt-BR\",\"potentialAction\":[{\"@type\":\"ReadAction\",\"target\":[\"https:\\\/\\\/blogdofarnesio.com.br\\\/?p=32301\"]}]},{\"@type\":\"ImageObject\",\"inLanguage\":\"pt-BR\",\"@id\":\"https:\\\/\\\/blogdofarnesio.com.br\\\/?p=32301#primaryimage\",\"url\":\"http:\\\/\\\/www.quersaberpolitica.com.br\\\/2016\\\/wp-content\\\/uploads\\\/2013\\\/03\\\/blogqsppanoramicajuapet-2-300x199.jpg\",\"contentUrl\":\"http:\\\/\\\/www.quersaberpolitica.com.br\\\/2016\\\/wp-content\\\/uploads\\\/2013\\\/03\\\/blogqsppanoramicajuapet-2-300x199.jpg\"},{\"@type\":\"BreadcrumbList\",\"@id\":\"https:\\\/\\\/blogdofarnesio.com.br\\\/?p=32301#breadcrumb\",\"itemListElement\":[{\"@type\":\"ListItem\",\"position\":1,\"name\":\"In\u00edcio\",\"item\":\"https:\\\/\\\/blogdofarnesio.com.br\\\/\"},{\"@type\":\"ListItem\",\"position\":2,\"name\":\"REUNI\u00c3O DISCUTIU INSTALA\u00c7\u00c3O NO VALE, DE UM ABATEDOURO REGIONAL\\\/PE-BA\"}]},{\"@type\":\"WebSite\",\"@id\":\"https:\\\/\\\/blogdofarnesio.com.br\\\/#website\",\"url\":\"https:\\\/\\\/blogdofarnesio.com.br\\\/\",\"name\":\"Blog do Farn\u00e9sio\",\"description\":\"Quer Saber Pol\u00edtica?\",\"publisher\":{\"@id\":\"https:\\\/\\\/blogdofarnesio.com.br\\\/#organization\"},\"potentialAction\":[{\"@type\":\"SearchAction\",\"target\":{\"@type\":\"EntryPoint\",\"urlTemplate\":\"https:\\\/\\\/blogdofarnesio.com.br\\\/?s={search_term_string}\"},\"query-input\":{\"@type\":\"PropertyValueSpecification\",\"valueRequired\":true,\"valueName\":\"search_term_string\"}}],\"inLanguage\":\"pt-BR\"},{\"@type\":\"Organization\",\"@id\":\"https:\\\/\\\/blogdofarnesio.com.br\\\/#organization\",\"name\":\"Blog do Farn\u00e9sio\",\"url\":\"https:\\\/\\\/blogdofarnesio.com.br\\\/\",\"logo\":{\"@type\":\"ImageObject\",\"inLanguage\":\"pt-BR\",\"@id\":\"https:\\\/\\\/blogdofarnesio.com.br\\\/#\\\/schema\\\/logo\\\/image\\\/\",\"url\":\"https:\\\/\\\/blogdofarnesio.com.br\\\/wp-content\\\/uploads\\\/2026\\\/03\\\/cropped-logo_new-1.png\",\"contentUrl\":\"https:\\\/\\\/blogdofarnesio.com.br\\\/wp-content\\\/uploads\\\/2026\\\/03\\\/cropped-logo_new-1.png\",\"width\":881,\"height\":685,\"caption\":\"Blog do Farn\u00e9sio\"},\"image\":{\"@id\":\"https:\\\/\\\/blogdofarnesio.com.br\\\/#\\\/schema\\\/logo\\\/image\\\/\"},\"sameAs\":[\"https:\\\/\\\/www.facebook.com\\\/BlogQuerSaberPolitica\\\/\"]},{\"@type\":\"Person\",\"@id\":\"https:\\\/\\\/blogdofarnesio.com.br\\\/#\\\/schema\\\/person\\\/dd1bf5eba40b687199ba45ca6b97dff9\",\"name\":\"teste\",\"image\":{\"@type\":\"ImageObject\",\"inLanguage\":\"pt-BR\",\"@id\":\"https:\\\/\\\/secure.gravatar.com\\\/avatar\\\/2172498d4914b51e1d89a0f97957b035ac4938723a5cac208135d389b6972a6d?s=96&d=mm&r=g\",\"url\":\"https:\\\/\\\/secure.gravatar.com\\\/avatar\\\/2172498d4914b51e1d89a0f97957b035ac4938723a5cac208135d389b6972a6d?s=96&d=mm&r=g\",\"contentUrl\":\"https:\\\/\\\/secure.gravatar.com\\\/avatar\\\/2172498d4914b51e1d89a0f97957b035ac4938723a5cac208135d389b6972a6d?s=96&d=mm&r=g\",\"caption\":\"teste\"},\"url\":\"https:\\\/\\\/blogdofarnesio.com.br\\\/?author=3\"}]}<\/script>\n<!-- \/ Yoast SEO plugin. -->","yoast_head_json":{"title":"REUNI\u00c3O DISCUTIU INSTALA\u00c7\u00c3O NO VALE, DE UM ABATEDOURO REGIONAL\/PE-BA - Blog do Farn\u00e9sio","robots":{"index":"index","follow":"follow","max-snippet":"max-snippet:-1","max-image-preview":"max-image-preview:large","max-video-preview":"max-video-preview:-1"},"canonical":"https:\/\/blogdofarnesio.com.br\/?p=32301","og_locale":"pt_BR","og_type":"article","og_title":"REUNI\u00c3O DISCUTIU INSTALA\u00c7\u00c3O NO VALE, DE UM ABATEDOURO REGIONAL\/PE-BA - Blog do Farn\u00e9sio","og_description":"O prefeito Julio Lossio e o secret\u00e1rio de Agricultura do Estado, Ranilson Ramos, a gerente geral da Ag\u00eancia de Defesa e Fiscaliza\u00e7\u00e3o Agropecu\u00e1ria de Pernambuco (ADAGRO), Eriv\u00e2nia Camelo, o diretor de Inspe\u00e7\u00e3o Substituto da Ag\u00eancia Estadual de Defesa Agropecu\u00e1ria da Bahia (ADAB), Moacir Ara\u00fajo, o secret\u00e1rio de Desenvolvimento Rural e Irriga\u00e7\u00e3o de Petrolina, Ot\u00e1vio Carvalho, o coordenador de Vigil\u00e2ncia Sanit\u00e1ria do munic\u00edpio Jarbas Costa e empres\u00e1rios, se reuniram no final da semana para discutir a regionaliza\u00e7\u00e3o do abate. A proposta \u00e9 criar um abatedouro que atenda os munic\u00edpios da Regi\u00e3o Integrada de Desenvolvimento (RIDE) que abrange as cidades de Lagoa Grande, Oroc\u00f3, Petrolina, Santa Maria da Boa Vista, no Estado de Pernambuco, e pelos munic\u00edpios de Casa Nova, Cura\u00e7\u00e1, Juazeiro&hellip;","og_url":"https:\/\/blogdofarnesio.com.br\/?p=32301","og_site_name":"Blog do Farn\u00e9sio","article_publisher":"https:\/\/www.facebook.com\/BlogQuerSaberPolitica\/","article_published_time":"2013-03-18T19:05:43+00:00","og_image":[{"url":"http:\/\/www.quersaberpolitica.com.br\/2016\/wp-content\/uploads\/2013\/03\/blogqsppanoramicajuapet-2-300x199.jpg","type":"","width":"","height":""}],"author":"teste","twitter_card":"summary_large_image","twitter_misc":{"Escrito por":"teste","Est. tempo de leitura":"1 minuto"},"schema":{"@context":"https:\/\/schema.org","@graph":[{"@type":"Article","@id":"https:\/\/blogdofarnesio.com.br\/?p=32301#article","isPartOf":{"@id":"https:\/\/blogdofarnesio.com.br\/?p=32301"},"author":{"name":"teste","@id":"https:\/\/blogdofarnesio.com.br\/#\/schema\/person\/dd1bf5eba40b687199ba45ca6b97dff9"},"headline":"REUNI\u00c3O DISCUTIU INSTALA\u00c7\u00c3O NO VALE, DE UM ABATEDOURO REGIONAL\/PE-BA","datePublished":"2013-03-18T19:05:43+00:00","mainEntityOfPage":{"@id":"https:\/\/blogdofarnesio.com.br\/?p=32301"},"wordCount":194,"commentCount":0,"publisher":{"@id":"https:\/\/blogdofarnesio.com.br\/#organization"},"image":{"@id":"https:\/\/blogdofarnesio.com.br\/?p=32301#primaryimage"},"thumbnailUrl":"http:\/\/www.quersaberpolitica.com.br\/2016\/wp-content\/uploads\/2013\/03\/blogqsppanoramicajuapet-2-300x199.jpg","articleSection":["Pol\u00edtica"],"inLanguage":"pt-BR","potentialAction":[{"@type":"CommentAction","name":"Comment","target":["https:\/\/blogdofarnesio.com.br\/?p=32301#respond"]}]},{"@type":"WebPage","@id":"https:\/\/blogdofarnesio.com.br\/?p=32301","url":"https:\/\/blogdofarnesio.com.br\/?p=32301","name":"REUNI\u00c3O DISCUTIU INSTALA\u00c7\u00c3O NO VALE, DE UM ABATEDOURO REGIONAL\/PE-BA - Blog do Farn\u00e9sio","isPartOf":{"@id":"https:\/\/blogdofarnesio.com.br\/#website"},"primaryImageOfPage":{"@id":"https:\/\/blogdofarnesio.com.br\/?p=32301#primaryimage"},"image":{"@id":"https:\/\/blogdofarnesio.com.br\/?p=32301#primaryimage"},"thumbnailUrl":"http:\/\/www.quersaberpolitica.com.br\/2016\/wp-content\/uploads\/2013\/03\/blogqsppanoramicajuapet-2-300x199.jpg","datePublished":"2013-03-18T19:05:43+00:00","breadcrumb":{"@id":"https:\/\/blogdofarnesio.com.br\/?p=32301#breadcrumb"},"inLanguage":"pt-BR","potentialAction":[{"@type":"ReadAction","target":["https:\/\/blogdofarnesio.com.br\/?p=32301"]}]},{"@type":"ImageObject","inLanguage":"pt-BR","@id":"https:\/\/blogdofarnesio.com.br\/?p=32301#primaryimage","url":"http:\/\/www.quersaberpolitica.com.br\/2016\/wp-content\/uploads\/2013\/03\/blogqsppanoramicajuapet-2-300x199.jpg","contentUrl":"http:\/\/www.quersaberpolitica.com.br\/2016\/wp-content\/uploads\/2013\/03\/blogqsppanoramicajuapet-2-300x199.jpg"},{"@type":"BreadcrumbList","@id":"https:\/\/blogdofarnesio.com.br\/?p=32301#breadcrumb","itemListElement":[{"@type":"ListItem","position":1,"name":"In\u00edcio","item":"https:\/\/blogdofarnesio.com.br\/"},{"@type":"ListItem","position":2,"name":"REUNI\u00c3O DISCUTIU INSTALA\u00c7\u00c3O NO VALE, DE UM ABATEDOURO REGIONAL\/PE-BA"}]},{"@type":"WebSite","@id":"https:\/\/blogdofarnesio.com.br\/#website","url":"https:\/\/blogdofarnesio.com.br\/","name":"Blog do Farn\u00e9sio","description":"Quer Saber Pol\u00edtica?","publisher":{"@id":"https:\/\/blogdofarnesio.com.br\/#organization"},"potentialAction":[{"@type":"SearchAction","target":{"@type":"EntryPoint","urlTemplate":"https:\/\/blogdofarnesio.com.br\/?s={search_term_string}"},"query-input":{"@type":"PropertyValueSpecification","valueRequired":true,"valueName":"search_term_string"}}],"inLanguage":"pt-BR"},{"@type":"Organization","@id":"https:\/\/blogdofarnesio.com.br\/#organization","name":"Blog do Farn\u00e9sio","url":"https:\/\/blogdofarnesio.com.br\/","logo":{"@type":"ImageObject","inLanguage":"pt-BR","@id":"https:\/\/blogdofarnesio.com.br\/#\/schema\/logo\/image\/","url":"https:\/\/blogdofarnesio.com.br\/wp-content\/uploads\/2026\/03\/cropped-logo_new-1.png","contentUrl":"https:\/\/blogdofarnesio.com.br\/wp-content\/uploads\/2026\/03\/cropped-logo_new-1.png","width":881,"height":685,"caption":"Blog do Farn\u00e9sio"},"image":{"@id":"https:\/\/blogdofarnesio.com.br\/#\/schema\/logo\/image\/"},"sameAs":["https:\/\/www.facebook.com\/BlogQuerSaberPolitica\/"]},{"@type":"Person","@id":"https:\/\/blogdofarnesio.com.br\/#\/schema\/person\/dd1bf5eba40b687199ba45ca6b97dff9","name":"teste","image":{"@type":"ImageObject","inLanguage":"pt-BR","@id":"https:\/\/secure.gravatar.com\/avatar\/2172498d4914b51e1d89a0f97957b035ac4938723a5cac208135d389b6972a6d?s=96&d=mm&r=g","url":"https:\/\/secure.gravatar.com\/avatar\/2172498d4914b51e1d89a0f97957b035ac4938723a5cac208135d389b6972a6d?s=96&d=mm&r=g","contentUrl":"https:\/\/secure.gravatar.com\/avatar\/2172498d4914b51e1d89a0f97957b035ac4938723a5cac208135d389b6972a6d?s=96&d=mm&r=g","caption":"teste"},"url":"https:\/\/blogdofarnesio.com.br\/?author=3"}]}},"_links":{"self":[{"href":"https:\/\/blogdofarnesio.com.br\/index.php?rest_route=\/wp\/v2\/posts\/32301","targetHints":{"allow":["GET"]}}],"collection":[{"href":"https:\/\/blogdofarnesio.com.br\/index.php?rest_route=\/wp\/v2\/posts"}],"about":[{"href":"https:\/\/blogdofarnesio.com.br\/index.php?rest_route=\/wp\/v2\/types\/post"}],"author":[{"embeddable":true,"href":"https:\/\/blogdofarnesio.com.br\/index.php?rest_route=\/wp\/v2\/users\/3"}],"replies":[{"embeddable":true,"href":"https:\/\/blogdofarnesio.com.br\/index.php?rest_route=%2Fwp%2Fv2%2Fcomments&post=32301"}],"version-history":[{"count":0,"href":"https:\/\/blogdofarnesio.com.br\/index.php?rest_route=\/wp\/v2\/posts\/32301\/revisions"}],"wp:attachment":[{"href":"https:\/\/blogdofarnesio.com.br\/index.php?rest_route=%2Fwp%2Fv2%2Fmedia&parent=32301"}],"wp:term":[{"taxonomy":"category","embeddable":true,"href":"https:\/\/blogdofarnesio.com.br\/index.php?rest_route=%2Fwp%2Fv2%2Fcategories&post=32301"},{"taxonomy":"post_tag","embeddable":true,"href":"https:\/\/blogdofarnesio.com.br\/index.php?rest_route=%2Fwp%2Fv2%2Ftags&post=32301"}],"curies":[{"name":"wp","href":"https:\/\/api.w.org\/{rel}","templated":true}]}}