{"id":323005,"date":"2022-09-16T09:43:54","date_gmt":"2022-09-16T12:43:54","guid":{"rendered":"https:\/\/blogdofarnesio.com.br\/?p=323005"},"modified":"2022-09-16T08:17:11","modified_gmt":"2022-09-16T11:17:11","slug":"primeiro-dia-do-iv-sbhsf-exalta-ciencia-e-saberes-tradicionais-em-tempos-de-desinformacao","status":"publish","type":"post","link":"https:\/\/blogdofarnesio.com.br\/?p=323005","title":{"rendered":"Primeiro dia do IV SBHSF exalta Ci\u00eancia e saberes tradicionais em tempos de desinforma\u00e7\u00e3o"},"content":{"rendered":"<div><\/div>\n<div>\n<div>\n<p>Reunidos em Belo Horizonte, membros do Comit\u00ea da Bacia Hidrogr\u00e1fica do Rio S\u00e3o Francisco (CBHSF) e cientistas nacionais abrem o IV Simp\u00f3sio da Bacia Hidrogr\u00e1fica do Rio S\u00e3o Francisco (SBHSF) destacando o papel dos saberes cient\u00edficos e tradicionais na defesa, preserva\u00e7\u00e3o e recupera\u00e7\u00e3o do rio S\u00e3o Francisco e seus afluentes. O encontro, que come\u00e7ou nesta quarta-feira (14), pretende levantar solu\u00e7\u00f5es para quest\u00f5es socioambientais da bacia e contou tamb\u00e9m com o l\u00edder ind\u00edgena A\u00edlton Krenak na abertura.<\/p>\n<p><em>\u201cEnxergar o rio como problema \u00e9 falta de imagina\u00e7\u00e3o\u201d<\/em><\/p>\n<hr \/>\n<p>A\u00a0<a href=\"https:\/\/www.youtube.com\/watch?v=9KcZov4A4Ww\" target=\"_blank\" rel=\"noopener\" data-saferedirecturl=\"https:\/\/www.google.com\/url?q=https:\/\/www.youtube.com\/watch?v%3D9KcZov4A4Ww&amp;source=gmail&amp;ust=1663411349429000&amp;usg=AOvVaw1Dx2Tqx2ETC1ZCfGHPm74C\">manh\u00e3 do primeiro dia de simp\u00f3sio foi aberta<\/a>\u00a0com as falas dos membros da Comiss\u00e3o de Organiza\u00e7\u00e3o: Jean Carlos Santos, coordenador da F\u00f3rum das Institui\u00e7\u00f5es de Ensino e Pesquisa da Bacia Hidrogr\u00e1fica do Rio S\u00e3o Francisco (FIENPE), Eduardo Coutinho, coordenador do SBHSF e professor da UFMG, e Maciel Oliveira, presidente do CBHSF.<\/p>\n<p>Os tr\u00eas foram un\u00e2nimes em destacar a import\u00e2ncia da Ci\u00eancia nas a\u00e7\u00f5es realizadas pelo Comit\u00ea diante dos desafios que a gest\u00e3o dos recursos h\u00eddricos imp\u00f5e, especialmente em momentos como este, de nega\u00e7\u00e3o dos saberes cient\u00edficos e tradicionais e de tentativa de mercantiliza\u00e7\u00e3o dos recursos naturais. \u201cEste simp\u00f3sio nasceu com o intuito de unir as universidades e institutos de pesquisa que atuam na bacia, e da necessidade de entendermos o que est\u00e3o pesquisando a fim de tamb\u00e9m apresentarmos nossas demandas.<\/p>\n<p>Investir em ci\u00eancia \u00e9 fundamental! Precisamos nos unir e aprimorar o conhecimento t\u00e9cnico e cient\u00edfico para colocarmos tudo isso em pr\u00e1tica nas mais de 120 a\u00e7\u00f5es e projetos em andamento do Comit\u00ea\u201d, informou Maciel.<\/p>\n<p>Em seguida, os participantes puderam ouvir as\u00a0<a href=\"https:\/\/www.youtube.com\/watch?v=ciXeAz4yZs0\" target=\"_blank\" rel=\"noopener\" data-saferedirecturl=\"https:\/\/www.google.com\/url?q=https:\/\/www.youtube.com\/watch?v%3DciXeAz4yZs0&amp;source=gmail&amp;ust=1663411349429000&amp;usg=AOvVaw39g0YONBn-PX4uZu7-5K9A\">participa\u00e7\u00f5es gravadas de A\u00edlton Krenak, l\u00edder ind\u00edgena, e Marcus Vin\u00edcius Polignano, vice-presidente do CBHSF<\/a>. Ambos analisaram a atual conjuntura, na qual os CBHs v\u00eam questionando o Projeto de Lei 4546\/2021, apresentado pelo Governo Federal ao Congresso Nacional sem amplo debate p\u00fablico e que amea\u00e7a o acesso \u00e0 \u00e1gua, bem como o modelo de gest\u00e3o democr\u00e1tica dos recursos h\u00eddricos realizado pelos Comit\u00eas de Bacias.<\/p>\n<p>A\u00edlton lembrou os enormes desafios que uma vis\u00e3o utilitarista dos corpos d\u2019\u00e1gua traz e ressalto que \u201cestamos celebrando neste simp\u00f3sio o rio S\u00e3o Francisco, que atravessa v\u00e1rios estados brasileiros, comunidades, cidades, munic\u00edpios\u2026 e que, mesmo que muitos de n\u00f3s o tratemos com afetividade, o Velho Chico n\u00e3o recebeu o carinho que deveria. Estamos protagonizando a cr\u00f4nica sobre a morte anunciada dos rios, tratados como mercadoria.<\/p>\n<p>Este \u00e9 um momento de tr\u00e2nsito entre uma oferta de \u00e1gua a todos, sem ped\u00e1gio, e a precifica\u00e7\u00e3o dessa experi\u00eancia, que sempre foi livre e aut\u00f4noma\u201d, disse, referindo-se ao PL 4546, e finalizou: \u201cO dilema da \u00e1gua que vivemos hoje em nosso pa\u00eds atesta nossa incompet\u00eancia. O rio S\u00e3o Francisco \u00e9 t\u00e3o maravilhoso que enxerg\u00e1-lo apenas como um problema \u00e9 a mais pura falta de imagina\u00e7\u00e3o!\u201d<\/p>\n<p>Polignano fez coro \u00e0s reflex\u00f5es de A\u00edlton. O vice-presidente do CBHSF afirmou que o nosso hist\u00f3rico de coloniza\u00e7\u00e3o incutiu na pol\u00edtica uma \u201ccultura de apropria\u00e7\u00e3o e desapropria\u00e7\u00e3o\u201d do nosso patrim\u00f4nio natural, segundo a qual \u201cda natureza s\u00f3 h\u00e1 o que extrair\u201d. \u201cQueremos alertar que, nesta fase pol\u00edtica e hist\u00f3rica de tanto arb\u00edtrio, temos o PL 4546 trabalhando o mercado de \u00e1gua. Parece que n\u00e3o basta mais desapropriar, tem de privatizar.<\/p>\n<p>Na verdade, existe um grande e \u00fanico rio que integra povos e comunidades, e precisamos olhar para ele de forma sist\u00eamica e integrada, usando a Ci\u00eancia e os Saberes Tradicionais como forma de defend\u00ea-lo. O rio n\u00e3o \u00e9 caixa d\u2019\u00e1gua! N\u00e3o existe povo separado de rio. A Ci\u00eancia nos ajuda a fortalecer essa uni\u00e3o, ou ent\u00e3o estar\u00edamos fechados numa vis\u00e3o utilitarista do rio. Contar a hist\u00f3ria do S\u00e3o Francisco \u00e9 contar a hist\u00f3ria do Brasil\u201d, encerrou.<\/p>\n<p>Ainda pela manh\u00e3, uma\u00a0<a href=\"https:\/\/www.youtube.com\/watch?v=sJNVW7zXUrY\" target=\"_blank\" rel=\"noopener\" data-saferedirecturl=\"https:\/\/www.google.com\/url?q=https:\/\/www.youtube.com\/watch?v%3DsJNVW7zXUrY&amp;source=gmail&amp;ust=1663411349429000&amp;usg=AOvVaw2rK_DXZIeuEcRg-a_UBqNL\">mesa redonda debateu a import\u00e2ncia da biodiversidade e dos servi\u00e7os ecossist\u00eamicos para a Bacia do Rio S\u00e3o Francisco<\/a>. Os palestrantes Paulo Pompeu, da Universidade Federal de Lavras, Marcelo Brito, da Universidade Federal de Sergipe e Maria Rita Netto, do ICMBio, analisaram como o ecossistema presente nos diversos biomas da Bacia do Rio S\u00e3o Francisco contribuem para o seu equil\u00edbrio. Paulo lan\u00e7ou olhar sobre a regi\u00e3o do Alto S\u00e3o Francisco, especificamente sobre a Bacia do Rio das Velhas e sua resili\u00eancia. Marcelo examinou o trecho final do rio S\u00e3o Francisco, marcado pela presen\u00e7a de dois biomas bastantes distintos (Caatinga e Mata Atl\u00e2ntica), suas riquezas e desafios. J\u00e1 Maria Rita compartilhou as descobertas cient\u00edficas sobre os \u201cpeixes anuais\u201d da bacia e suas poss\u00edveis contribui\u00e7\u00f5es para entender algumas enfermidades humanas como o c\u00e2ncer e a Covid-19.<\/p>\n<hr \/>\n<p>O PL 4546 e os recursos h\u00eddricos sob amea\u00e7a<\/p>\n<p>Ap\u00f3s o almo\u00e7o, os participantes retornaram para\u00a0<a href=\"https:\/\/www.youtube.com\/watch?v=wx1nPcSX6XQ\" target=\"_blank\" rel=\"noopener\" data-saferedirecturl=\"https:\/\/www.google.com\/url?q=https:\/\/www.youtube.com\/watch?v%3Dwx1nPcSX6XQ&amp;source=gmail&amp;ust=1663411349429000&amp;usg=AOvVaw282xcjsLDsLUc2RtEmXcG0\">debater o PL 4546<\/a>, um dos principais desafios enfrentados pelos Comit\u00eas de Bacias brasileiros. O primeiro a falar sobre o projeto de lei foi o Anderson Bezerra, analista ambiental e coordenador geral de Gest\u00e3o de Recursos H\u00eddricos da Secretaria Nacional de Seguran\u00e7a H\u00eddrica (Minist\u00e9rio do Desenvolvimento Regional \u2013 Governo Federal). Segundo ele, essa proposta de um \u201cNovo Marco H\u00eddrico\u201d procura instituir uma Pol\u00edtica Nacional de Infraestrutura H\u00eddrica, integrando duas pol\u00edticas: a de Planos de Recursos H\u00eddricos, j\u00e1 existentes ou que ser\u00e3o constru\u00eddos, e a de Infraestrutura H\u00eddrica, inova\u00e7\u00e3o trazida pelo projeto de lei. Para ele, \u201co Novo Marco H\u00eddrico promove o aprimoramento da atua\u00e7\u00e3o do estado, estabelecendo toda a organiza\u00e7\u00e3o da presta\u00e7\u00e3o e explora\u00e7\u00e3o do servi\u00e7o h\u00eddrico e uma maior justi\u00e7a tribut\u00e1ria, que levaria \u00e0 arrecada\u00e7\u00e3o de recursos para opera\u00e7\u00e3o e manuten\u00e7\u00e3o das infraestruturas e \u00e0 amplia\u00e7\u00e3o de suas condi\u00e7\u00f5es de seguran\u00e7a\u201d. Anderson tamb\u00e9m afirmou que o projeto pode ser \u201cdiscutido no Congresso Nacional, que \u00e9 a Casa do Povo, uma vez que ainda est\u00e1 em tramita\u00e7\u00e3o\u201d.<\/p>\n<p>Larissa Cayres, conselheira do CBHSF e servidora da Secretaria do Meio Ambiente do Estado da Bahia, apresentou algumas das preocupa\u00e7\u00f5es que o projeto de lei suscita \u2013 a come\u00e7ar pelo fato de que o projeto saiu do Governo Federal e seguiu direto para o Congresso Nacional, ignorando inst\u00e2ncias democr\u00e1ticas e participativas como os Comit\u00eas de Bacias Hidrogr\u00e1ficas. Ela iniciou questionando a real necessidade de uma \u201cpol\u00edtica de infraestrutura h\u00eddrica\u201d e a efetividade do debate de uma lei que j\u00e1 est\u00e1 em tramita\u00e7\u00e3o na C\u00e2mara dos Deputados, salientando que \u201co verdadeiro Marco H\u00eddrico \u00e9 a Lei 9433\/97\u201d. \u201cO conte\u00fado atual do PL 4546 n\u00e3o nos faz avan\u00e7ar para a solu\u00e7\u00e3o dos problemas de infraestrutura h\u00eddrica, mas nos afasta de uma sociedade mais justa\u201d, frisou, ao final de sua exposi\u00e7\u00e3o.<\/p>\n<p>Em seguida, Paulo Varella, ex-diretor da Ag\u00eancia Nacional de \u00c1guas (ANA), procurou ampliar as reflex\u00f5es feitas por Larissa, e caminhou na mesma dire\u00e7\u00e3o que ela: no sentido do temor de que o PL 4546 traga mais injusti\u00e7a social do que resolu\u00e7\u00e3o dos problemas que o projeto pretende resolver. Ele destacou que a \u00e1gua \u00e9 um \u201cbem de dom\u00ednio p\u00fablico\u201d, e que \u201cdesde a Constitui\u00e7\u00e3o de 1988, est\u00e1 banida a possibilidade do dom\u00ednio privado da \u00e1gua\u201d. Ele tamb\u00e9m deixou claro que \u201cconcordamos com o diagn\u00f3stico\u201d que deu origem ao projeto de lei, \u201cmas n\u00e3o com as solu\u00e7\u00f5es, pois elas n\u00e3o podem ser as mesmas para todo o territ\u00f3rio nacional\u201d, salientou. Mediadora da mesa, Yvonilde Medeiros, membro do CBHSF e professora da Universidade Federal da Bahia, retomou a preocupa\u00e7\u00e3o com a possibilidade de um dom\u00ednio privado da \u00e1gua levantada por Paulo e Larissa lembrando a fala do Secret\u00e1rio Nacional de Seguran\u00e7a H\u00eddrica, S\u00e9rgio Costa. Ele disse que \u201crecebeu como miss\u00e3o do (ent\u00e3o) ministro Rog\u00e9rio Marinho modernizar a Lei 9433 e atrair investimentos privados\u201d, e Yvonilde destaca que, durante a fala, ele enfatiza mais os investimentos privados que a moderniza\u00e7\u00e3o da lei, e finaliza dizendo: \u201ceste \u00e9 o objetivo real desse \u2018Marco\u2019. Agora, para problemas desafiantes como o da infraestrutura h\u00eddrica, n\u00e3o pode haver solu\u00e7\u00f5es simples\u201d.<\/p>\n<p>O\u00a0<a href=\"https:\/\/www.youtube.com\/watch?v=Kl8pQqd5Wyw\" target=\"_blank\" rel=\"noopener\" data-saferedirecturl=\"https:\/\/www.google.com\/url?q=https:\/\/www.youtube.com\/watch?v%3DKl8pQqd5Wyw&amp;source=gmail&amp;ust=1663411349429000&amp;usg=AOvVaw2kdOGjrXNbqOcc6_Nct9o8\">primeiro dia do simp\u00f3sio foi encerrado com a apresenta\u00e7\u00e3o do Mapbiomas<\/a>\u00a0feita por Washington Rocha, professor da Universidade Federal de Feira de Santana e coordenador de projetos do Mapbiomas, que \u00e9 uma rede de informa\u00e7\u00f5es formada por universidades, Organiza\u00e7\u00f5es N\u00e3o Governamentais Cient\u00edficas e empresas de tecnologia de iniciativa do Observat\u00f3rio do Clima.<\/p>\n<p>O projeto surgiu em 2015, segundo Washington, \u201cfruto da necessidade de um mapeamento paralelo de emiss\u00e3o de gases de efeito estufa, uma vez que havia muitos questionamentos sobre os n\u00fameros que o Estado Brasileiro apresentava\u201d. A partir da\u00ed, o sistema evoluiu para um \u201cmapeamento anual da cobertura e uso do solo e monitoramos a superf\u00edcie de \u00e1gua e cicatrizes de fogo mensalmente\u201d segundo o site da iniciativa.<\/p>\n<p>Durante a apresenta\u00e7\u00e3o, Washington mostrou alguns dados importantes da Bacia do Velho Chico, como as constata\u00e7\u00f5es de que nas regi\u00f5es do Alto e Baixo S\u00e3o Francisco possuem maior cobertura antr\u00f3pica (de 63% e 70%, respectivamente), enquanto as do M\u00e9dio e M\u00e9dio Baixo s\u00e3o as regi\u00f5es com maior cobertura natural (64% e 62%, respectivamente).<\/p>\n<p>Segundo ele, todos os dados est\u00e3o abertos para a consulta e podem ser filtrados a partir de v\u00e1rios m\u00f3dulos de informa\u00e7\u00f5es, como superf\u00edcie de \u00e1gua e cicatrizes de queimadas.<\/p>\n<hr \/>\n<p>Acesse o canal do CBHSF, no Youtube, e confira a playlist com todas as atividades!<\/p>\n<p><a href=\"https:\/\/www.youtube.com\/playlist?list=PL3kzv7Pj2AeTTZRRVuxWxUvtzJFnc9S3H\" target=\"_blank\" rel=\"noopener\" data-saferedirecturl=\"https:\/\/www.google.com\/url?q=https:\/\/www.youtube.com\/playlist?list%3DPL3kzv7Pj2AeTTZRRVuxWxUvtzJFnc9S3H&amp;source=gmail&amp;ust=1663411349429000&amp;usg=AOvVaw0OcMBfsW3YJ0qvS0Kuw5lb\"><img loading=\"lazy\" decoding=\"async\" class=\"CToWUd\" title=\"https:\/\/www.youtube.com\/playlist?list=PL3kzv7Pj2AeTTZRRVuxWxUvtzJFnc9S3H\" src=\"https:\/\/ci6.googleusercontent.com\/proxy\/s3Jos4hpkw-J_J5FQuROUtIVFljPk-wVPFJu4wXJAkRkFcxrFb0mK4R_gK3GAxXMHAR2r-ABg62DC6JzUMALvLwr4KTgJhqBO5ATOuM3bvZO42iUFltiUjfHAefFfcxL9A4=s0-d-e1-ft#https:\/\/cbhsaofrancisco.org.br\/wp-content\/uploads\/2022\/09\/Capturar_Playlist.jpg\" alt=\"\" width=\"1138\" height=\"493\" data-bit=\"iit\" \/><\/a><\/p>\n<hr \/>\n<p>Sobre o simp\u00f3sio<\/p>\n<p>Entre os dias 14 e 16 de setembro de 2022, a capital mineira Belo Horizonte recebe a 4\u00aa edi\u00e7\u00e3o do Simp\u00f3sio da Bacia Hidrogr\u00e1fica do Rio S\u00e3o Francisco \u2013 IV SBHSF. O evento, promovido pelo F\u00f3rum das Institui\u00e7\u00f5es de Ensino e Pesquisa da Bacia Hidrogr\u00e1fica do Rio S\u00e3o Francisco e pelo Comit\u00ea da Bacia Hidrogr\u00e1fica do Rio S\u00e3o Francisco \u2013 CBHSF, ter\u00e1 como tema central a \u201cGest\u00e3o h\u00eddrica no rio S\u00e3o Francisco: desafios e solu\u00e7\u00f5es\u201d.<\/p>\n<p>O principal objetivo do Simp\u00f3sio \u00e9 reunir pesquisadores e acad\u00eamicos de todo o pa\u00eds para apresenta\u00e7\u00e3o de estudos que contemplem a bacia hidrogr\u00e1fica do rio S\u00e3o Francisco e, dessa forma, identificar produ\u00e7\u00f5es cient\u00edficas sobre a bacia que possam auxiliar o CBHSF na busca por melhorias socioambientais. O evento conta com a participa\u00e7\u00e3o nacional e internacional de diversos estudiosos relacionados \u00e0 gest\u00e3o dos recursos h\u00eddricos.<\/p>\n<hr \/>\n<p><em>Assessoria de Comunica\u00e7\u00e3o do CBHSF:<\/em><\/p>\n<\/div>\n<\/div>\n","protected":false},"excerpt":{"rendered":"<p>Reunidos em Belo Horizonte, membros do Comit\u00ea da Bacia Hidrogr\u00e1fica do Rio S\u00e3o Francisco (CBHSF) e cientistas nacionais abrem o IV Simp\u00f3sio da Bacia Hidrogr\u00e1fica do Rio S\u00e3o Francisco (SBHSF) destacando o papel dos saberes cient\u00edficos e tradicionais na defesa, preserva\u00e7\u00e3o e recupera\u00e7\u00e3o do rio S\u00e3o Francisco e seus afluentes. O encontro, que come\u00e7ou nesta quarta-feira (14), pretende levantar solu\u00e7\u00f5es para quest\u00f5es socioambientais da bacia e contou tamb\u00e9m com o l\u00edder ind\u00edgena A\u00edlton Krenak na abertura. \u201cEnxergar o rio como problema \u00e9 falta de imagina\u00e7\u00e3o\u201d A\u00a0manh\u00e3 do primeiro dia de simp\u00f3sio foi aberta\u00a0com as falas dos membros da Comiss\u00e3o de Organiza\u00e7\u00e3o: Jean Carlos Santos, coordenador da F\u00f3rum das Institui\u00e7\u00f5es de Ensino e Pesquisa da Bacia Hidrogr\u00e1fica do Rio S\u00e3o Francisco&hellip; <\/p>\n","protected":false},"author":2,"featured_media":323006,"comment_status":"open","ping_status":"open","sticky":false,"template":"","format":"standard","meta":{"_acf_changed":false,"footnotes":""},"categories":[56],"tags":[],"class_list":["post-323005","post","type-post","status-publish","format-standard","has-post-thumbnail","hentry","category-agua"],"acf":[],"yoast_head":"<!-- This site is optimized with the Yoast SEO plugin v27.4 - https:\/\/yoast.com\/product\/yoast-seo-wordpress\/ -->\n<title>Primeiro dia do IV SBHSF exalta Ci\u00eancia e saberes tradicionais em tempos de desinforma\u00e7\u00e3o - Blog do Farn\u00e9sio<\/title>\n<meta name=\"robots\" content=\"index, follow, max-snippet:-1, max-image-preview:large, max-video-preview:-1\" \/>\n<link rel=\"canonical\" href=\"https:\/\/blogdofarnesio.com.br\/?p=323005\" \/>\n<meta property=\"og:locale\" content=\"pt_BR\" \/>\n<meta property=\"og:type\" content=\"article\" \/>\n<meta property=\"og:title\" content=\"Primeiro dia do IV SBHSF exalta Ci\u00eancia e saberes tradicionais em tempos de desinforma\u00e7\u00e3o - Blog do Farn\u00e9sio\" \/>\n<meta property=\"og:description\" content=\"Reunidos em Belo Horizonte, membros do Comit\u00ea da Bacia Hidrogr\u00e1fica do Rio S\u00e3o Francisco (CBHSF) e cientistas nacionais abrem o IV Simp\u00f3sio da Bacia Hidrogr\u00e1fica do Rio S\u00e3o Francisco (SBHSF) destacando o papel dos saberes cient\u00edficos e tradicionais na defesa, preserva\u00e7\u00e3o e recupera\u00e7\u00e3o do rio S\u00e3o Francisco e seus afluentes. O encontro, que come\u00e7ou nesta quarta-feira (14), pretende levantar solu\u00e7\u00f5es para quest\u00f5es socioambientais da bacia e contou tamb\u00e9m com o l\u00edder ind\u00edgena A\u00edlton Krenak na abertura. \u201cEnxergar o rio como problema \u00e9 falta de imagina\u00e7\u00e3o\u201d A\u00a0manh\u00e3 do primeiro dia de simp\u00f3sio foi aberta\u00a0com as falas dos membros da Comiss\u00e3o de Organiza\u00e7\u00e3o: Jean Carlos Santos, coordenador da F\u00f3rum das Institui\u00e7\u00f5es de Ensino e Pesquisa da Bacia Hidrogr\u00e1fica do Rio S\u00e3o Francisco&hellip;\" \/>\n<meta property=\"og:url\" content=\"https:\/\/blogdofarnesio.com.br\/?p=323005\" \/>\n<meta property=\"og:site_name\" content=\"Blog do Farn\u00e9sio\" \/>\n<meta property=\"article:publisher\" content=\"https:\/\/www.facebook.com\/BlogQuerSaberPolitica\/\" \/>\n<meta property=\"article:author\" content=\"https:\/\/www.facebook.com\/?ref=tn_tnmn\" \/>\n<meta property=\"article:published_time\" content=\"2022-09-16T12:43:54+00:00\" \/>\n<meta property=\"og:image\" content=\"https:\/\/blogdofarnesio.com.br\/wp-content\/uploads\/2022\/09\/blogqspcbhsf-evento-e1663325611140.jpg\" \/>\n\t<meta property=\"og:image:width\" content=\"709\" \/>\n\t<meta property=\"og:image:height\" content=\"354\" \/>\n\t<meta property=\"og:image:type\" content=\"image\/jpeg\" \/>\n<meta name=\"author\" content=\"Farn\u00e9sio\" \/>\n<meta name=\"twitter:card\" content=\"summary_large_image\" \/>\n<meta name=\"twitter:label1\" content=\"Escrito por\" \/>\n\t<meta name=\"twitter:data1\" content=\"Farn\u00e9sio\" \/>\n\t<meta name=\"twitter:label2\" content=\"Est. tempo de leitura\" \/>\n\t<meta name=\"twitter:data2\" content=\"10 minutos\" \/>\n<script type=\"application\/ld+json\" class=\"yoast-schema-graph\">{\"@context\":\"https:\\\/\\\/schema.org\",\"@graph\":[{\"@type\":\"Article\",\"@id\":\"https:\\\/\\\/blogdofarnesio.com.br\\\/?p=323005#article\",\"isPartOf\":{\"@id\":\"https:\\\/\\\/blogdofarnesio.com.br\\\/?p=323005\"},\"author\":{\"name\":\"Farn\u00e9sio\",\"@id\":\"https:\\\/\\\/blogdofarnesio.com.br\\\/#\\\/schema\\\/person\\\/bb9b23ae3ad0609ce8df7b6c9e76824d\"},\"headline\":\"Primeiro dia do IV SBHSF exalta Ci\u00eancia e saberes tradicionais em tempos de desinforma\u00e7\u00e3o\",\"datePublished\":\"2022-09-16T12:43:54+00:00\",\"mainEntityOfPage\":{\"@id\":\"https:\\\/\\\/blogdofarnesio.com.br\\\/?p=323005\"},\"wordCount\":1848,\"commentCount\":0,\"publisher\":{\"@id\":\"https:\\\/\\\/blogdofarnesio.com.br\\\/#organization\"},\"image\":{\"@id\":\"https:\\\/\\\/blogdofarnesio.com.br\\\/?p=323005#primaryimage\"},\"thumbnailUrl\":\"https:\\\/\\\/blogdofarnesio.com.br\\\/wp-content\\\/uploads\\\/2022\\\/09\\\/blogqspcbhsf-evento-e1663325611140.jpg\",\"articleSection\":[\"\u00c1gua\"],\"inLanguage\":\"pt-BR\",\"potentialAction\":[{\"@type\":\"CommentAction\",\"name\":\"Comment\",\"target\":[\"https:\\\/\\\/blogdofarnesio.com.br\\\/?p=323005#respond\"]}]},{\"@type\":\"WebPage\",\"@id\":\"https:\\\/\\\/blogdofarnesio.com.br\\\/?p=323005\",\"url\":\"https:\\\/\\\/blogdofarnesio.com.br\\\/?p=323005\",\"name\":\"Primeiro dia do IV SBHSF exalta Ci\u00eancia e saberes tradicionais em tempos de desinforma\u00e7\u00e3o - Blog do Farn\u00e9sio\",\"isPartOf\":{\"@id\":\"https:\\\/\\\/blogdofarnesio.com.br\\\/#website\"},\"primaryImageOfPage\":{\"@id\":\"https:\\\/\\\/blogdofarnesio.com.br\\\/?p=323005#primaryimage\"},\"image\":{\"@id\":\"https:\\\/\\\/blogdofarnesio.com.br\\\/?p=323005#primaryimage\"},\"thumbnailUrl\":\"https:\\\/\\\/blogdofarnesio.com.br\\\/wp-content\\\/uploads\\\/2022\\\/09\\\/blogqspcbhsf-evento-e1663325611140.jpg\",\"datePublished\":\"2022-09-16T12:43:54+00:00\",\"breadcrumb\":{\"@id\":\"https:\\\/\\\/blogdofarnesio.com.br\\\/?p=323005#breadcrumb\"},\"inLanguage\":\"pt-BR\",\"potentialAction\":[{\"@type\":\"ReadAction\",\"target\":[\"https:\\\/\\\/blogdofarnesio.com.br\\\/?p=323005\"]}]},{\"@type\":\"ImageObject\",\"inLanguage\":\"pt-BR\",\"@id\":\"https:\\\/\\\/blogdofarnesio.com.br\\\/?p=323005#primaryimage\",\"url\":\"https:\\\/\\\/blogdofarnesio.com.br\\\/wp-content\\\/uploads\\\/2022\\\/09\\\/blogqspcbhsf-evento-e1663325611140.jpg\",\"contentUrl\":\"https:\\\/\\\/blogdofarnesio.com.br\\\/wp-content\\\/uploads\\\/2022\\\/09\\\/blogqspcbhsf-evento-e1663325611140.jpg\",\"width\":709,\"height\":354},{\"@type\":\"BreadcrumbList\",\"@id\":\"https:\\\/\\\/blogdofarnesio.com.br\\\/?p=323005#breadcrumb\",\"itemListElement\":[{\"@type\":\"ListItem\",\"position\":1,\"name\":\"In\u00edcio\",\"item\":\"https:\\\/\\\/blogdofarnesio.com.br\\\/\"},{\"@type\":\"ListItem\",\"position\":2,\"name\":\"Primeiro dia do IV SBHSF exalta Ci\u00eancia e saberes tradicionais em tempos de desinforma\u00e7\u00e3o\"}]},{\"@type\":\"WebSite\",\"@id\":\"https:\\\/\\\/blogdofarnesio.com.br\\\/#website\",\"url\":\"https:\\\/\\\/blogdofarnesio.com.br\\\/\",\"name\":\"Blog do Farn\u00e9sio\",\"description\":\"Quer Saber Pol\u00edtica?\",\"publisher\":{\"@id\":\"https:\\\/\\\/blogdofarnesio.com.br\\\/#organization\"},\"potentialAction\":[{\"@type\":\"SearchAction\",\"target\":{\"@type\":\"EntryPoint\",\"urlTemplate\":\"https:\\\/\\\/blogdofarnesio.com.br\\\/?s={search_term_string}\"},\"query-input\":{\"@type\":\"PropertyValueSpecification\",\"valueRequired\":true,\"valueName\":\"search_term_string\"}}],\"inLanguage\":\"pt-BR\"},{\"@type\":\"Organization\",\"@id\":\"https:\\\/\\\/blogdofarnesio.com.br\\\/#organization\",\"name\":\"Blog do Farn\u00e9sio\",\"url\":\"https:\\\/\\\/blogdofarnesio.com.br\\\/\",\"logo\":{\"@type\":\"ImageObject\",\"inLanguage\":\"pt-BR\",\"@id\":\"https:\\\/\\\/blogdofarnesio.com.br\\\/#\\\/schema\\\/logo\\\/image\\\/\",\"url\":\"https:\\\/\\\/blogdofarnesio.com.br\\\/wp-content\\\/uploads\\\/2026\\\/03\\\/cropped-logo_new-1.png\",\"contentUrl\":\"https:\\\/\\\/blogdofarnesio.com.br\\\/wp-content\\\/uploads\\\/2026\\\/03\\\/cropped-logo_new-1.png\",\"width\":881,\"height\":685,\"caption\":\"Blog do Farn\u00e9sio\"},\"image\":{\"@id\":\"https:\\\/\\\/blogdofarnesio.com.br\\\/#\\\/schema\\\/logo\\\/image\\\/\"},\"sameAs\":[\"https:\\\/\\\/www.facebook.com\\\/BlogQuerSaberPolitica\\\/\"]},{\"@type\":\"Person\",\"@id\":\"https:\\\/\\\/blogdofarnesio.com.br\\\/#\\\/schema\\\/person\\\/bb9b23ae3ad0609ce8df7b6c9e76824d\",\"name\":\"Farn\u00e9sio\",\"image\":{\"@type\":\"ImageObject\",\"inLanguage\":\"pt-BR\",\"@id\":\"https:\\\/\\\/secure.gravatar.com\\\/avatar\\\/986aa4c61ccdb66f8555bf88fc2a65609d00bcabd4d2d94377a727547345cbca?s=96&d=mm&r=g\",\"url\":\"https:\\\/\\\/secure.gravatar.com\\\/avatar\\\/986aa4c61ccdb66f8555bf88fc2a65609d00bcabd4d2d94377a727547345cbca?s=96&d=mm&r=g\",\"contentUrl\":\"https:\\\/\\\/secure.gravatar.com\\\/avatar\\\/986aa4c61ccdb66f8555bf88fc2a65609d00bcabd4d2d94377a727547345cbca?s=96&d=mm&r=g\",\"caption\":\"Farn\u00e9sio\"},\"description\":\"Radialista blogueiro, chegou a Petrolina\\\/Juazeiro em setembro de 1980, Farn\u00e9sio Silva \u00e9 de Arapiraca-Alagoas.\",\"sameAs\":[\"http:\\\/\\\/blogdofarnesio.com.br\",\"https:\\\/\\\/www.facebook.com\\\/?ref=tn_tnmn\",\"https:\\\/\\\/www.instagram.com\\\/?utm_source=pwa_homescreen\",\"https:\\\/\\\/youtube.com.br\\\/\"],\"url\":\"https:\\\/\\\/blogdofarnesio.com.br\\\/?author=2\"}]}<\/script>\n<!-- \/ Yoast SEO plugin. -->","yoast_head_json":{"title":"Primeiro dia do IV SBHSF exalta Ci\u00eancia e saberes tradicionais em tempos de desinforma\u00e7\u00e3o - Blog do Farn\u00e9sio","robots":{"index":"index","follow":"follow","max-snippet":"max-snippet:-1","max-image-preview":"max-image-preview:large","max-video-preview":"max-video-preview:-1"},"canonical":"https:\/\/blogdofarnesio.com.br\/?p=323005","og_locale":"pt_BR","og_type":"article","og_title":"Primeiro dia do IV SBHSF exalta Ci\u00eancia e saberes tradicionais em tempos de desinforma\u00e7\u00e3o - Blog do Farn\u00e9sio","og_description":"Reunidos em Belo Horizonte, membros do Comit\u00ea da Bacia Hidrogr\u00e1fica do Rio S\u00e3o Francisco (CBHSF) e cientistas nacionais abrem o IV Simp\u00f3sio da Bacia Hidrogr\u00e1fica do Rio S\u00e3o Francisco (SBHSF) destacando o papel dos saberes cient\u00edficos e tradicionais na defesa, preserva\u00e7\u00e3o e recupera\u00e7\u00e3o do rio S\u00e3o Francisco e seus afluentes. O encontro, que come\u00e7ou nesta quarta-feira (14), pretende levantar solu\u00e7\u00f5es para quest\u00f5es socioambientais da bacia e contou tamb\u00e9m com o l\u00edder ind\u00edgena A\u00edlton Krenak na abertura. \u201cEnxergar o rio como problema \u00e9 falta de imagina\u00e7\u00e3o\u201d A\u00a0manh\u00e3 do primeiro dia de simp\u00f3sio foi aberta\u00a0com as falas dos membros da Comiss\u00e3o de Organiza\u00e7\u00e3o: Jean Carlos Santos, coordenador da F\u00f3rum das Institui\u00e7\u00f5es de Ensino e Pesquisa da Bacia Hidrogr\u00e1fica do Rio S\u00e3o Francisco&hellip;","og_url":"https:\/\/blogdofarnesio.com.br\/?p=323005","og_site_name":"Blog do Farn\u00e9sio","article_publisher":"https:\/\/www.facebook.com\/BlogQuerSaberPolitica\/","article_author":"https:\/\/www.facebook.com\/?ref=tn_tnmn","article_published_time":"2022-09-16T12:43:54+00:00","og_image":[{"width":709,"height":354,"url":"https:\/\/blogdofarnesio.com.br\/wp-content\/uploads\/2022\/09\/blogqspcbhsf-evento-e1663325611140.jpg","type":"image\/jpeg"}],"author":"Farn\u00e9sio","twitter_card":"summary_large_image","twitter_misc":{"Escrito por":"Farn\u00e9sio","Est. tempo de leitura":"10 minutos"},"schema":{"@context":"https:\/\/schema.org","@graph":[{"@type":"Article","@id":"https:\/\/blogdofarnesio.com.br\/?p=323005#article","isPartOf":{"@id":"https:\/\/blogdofarnesio.com.br\/?p=323005"},"author":{"name":"Farn\u00e9sio","@id":"https:\/\/blogdofarnesio.com.br\/#\/schema\/person\/bb9b23ae3ad0609ce8df7b6c9e76824d"},"headline":"Primeiro dia do IV SBHSF exalta Ci\u00eancia e saberes tradicionais em tempos de desinforma\u00e7\u00e3o","datePublished":"2022-09-16T12:43:54+00:00","mainEntityOfPage":{"@id":"https:\/\/blogdofarnesio.com.br\/?p=323005"},"wordCount":1848,"commentCount":0,"publisher":{"@id":"https:\/\/blogdofarnesio.com.br\/#organization"},"image":{"@id":"https:\/\/blogdofarnesio.com.br\/?p=323005#primaryimage"},"thumbnailUrl":"https:\/\/blogdofarnesio.com.br\/wp-content\/uploads\/2022\/09\/blogqspcbhsf-evento-e1663325611140.jpg","articleSection":["\u00c1gua"],"inLanguage":"pt-BR","potentialAction":[{"@type":"CommentAction","name":"Comment","target":["https:\/\/blogdofarnesio.com.br\/?p=323005#respond"]}]},{"@type":"WebPage","@id":"https:\/\/blogdofarnesio.com.br\/?p=323005","url":"https:\/\/blogdofarnesio.com.br\/?p=323005","name":"Primeiro dia do IV SBHSF exalta Ci\u00eancia e saberes tradicionais em tempos de desinforma\u00e7\u00e3o - Blog do Farn\u00e9sio","isPartOf":{"@id":"https:\/\/blogdofarnesio.com.br\/#website"},"primaryImageOfPage":{"@id":"https:\/\/blogdofarnesio.com.br\/?p=323005#primaryimage"},"image":{"@id":"https:\/\/blogdofarnesio.com.br\/?p=323005#primaryimage"},"thumbnailUrl":"https:\/\/blogdofarnesio.com.br\/wp-content\/uploads\/2022\/09\/blogqspcbhsf-evento-e1663325611140.jpg","datePublished":"2022-09-16T12:43:54+00:00","breadcrumb":{"@id":"https:\/\/blogdofarnesio.com.br\/?p=323005#breadcrumb"},"inLanguage":"pt-BR","potentialAction":[{"@type":"ReadAction","target":["https:\/\/blogdofarnesio.com.br\/?p=323005"]}]},{"@type":"ImageObject","inLanguage":"pt-BR","@id":"https:\/\/blogdofarnesio.com.br\/?p=323005#primaryimage","url":"https:\/\/blogdofarnesio.com.br\/wp-content\/uploads\/2022\/09\/blogqspcbhsf-evento-e1663325611140.jpg","contentUrl":"https:\/\/blogdofarnesio.com.br\/wp-content\/uploads\/2022\/09\/blogqspcbhsf-evento-e1663325611140.jpg","width":709,"height":354},{"@type":"BreadcrumbList","@id":"https:\/\/blogdofarnesio.com.br\/?p=323005#breadcrumb","itemListElement":[{"@type":"ListItem","position":1,"name":"In\u00edcio","item":"https:\/\/blogdofarnesio.com.br\/"},{"@type":"ListItem","position":2,"name":"Primeiro dia do IV SBHSF exalta Ci\u00eancia e saberes tradicionais em tempos de desinforma\u00e7\u00e3o"}]},{"@type":"WebSite","@id":"https:\/\/blogdofarnesio.com.br\/#website","url":"https:\/\/blogdofarnesio.com.br\/","name":"Blog do Farn\u00e9sio","description":"Quer Saber Pol\u00edtica?","publisher":{"@id":"https:\/\/blogdofarnesio.com.br\/#organization"},"potentialAction":[{"@type":"SearchAction","target":{"@type":"EntryPoint","urlTemplate":"https:\/\/blogdofarnesio.com.br\/?s={search_term_string}"},"query-input":{"@type":"PropertyValueSpecification","valueRequired":true,"valueName":"search_term_string"}}],"inLanguage":"pt-BR"},{"@type":"Organization","@id":"https:\/\/blogdofarnesio.com.br\/#organization","name":"Blog do Farn\u00e9sio","url":"https:\/\/blogdofarnesio.com.br\/","logo":{"@type":"ImageObject","inLanguage":"pt-BR","@id":"https:\/\/blogdofarnesio.com.br\/#\/schema\/logo\/image\/","url":"https:\/\/blogdofarnesio.com.br\/wp-content\/uploads\/2026\/03\/cropped-logo_new-1.png","contentUrl":"https:\/\/blogdofarnesio.com.br\/wp-content\/uploads\/2026\/03\/cropped-logo_new-1.png","width":881,"height":685,"caption":"Blog do Farn\u00e9sio"},"image":{"@id":"https:\/\/blogdofarnesio.com.br\/#\/schema\/logo\/image\/"},"sameAs":["https:\/\/www.facebook.com\/BlogQuerSaberPolitica\/"]},{"@type":"Person","@id":"https:\/\/blogdofarnesio.com.br\/#\/schema\/person\/bb9b23ae3ad0609ce8df7b6c9e76824d","name":"Farn\u00e9sio","image":{"@type":"ImageObject","inLanguage":"pt-BR","@id":"https:\/\/secure.gravatar.com\/avatar\/986aa4c61ccdb66f8555bf88fc2a65609d00bcabd4d2d94377a727547345cbca?s=96&d=mm&r=g","url":"https:\/\/secure.gravatar.com\/avatar\/986aa4c61ccdb66f8555bf88fc2a65609d00bcabd4d2d94377a727547345cbca?s=96&d=mm&r=g","contentUrl":"https:\/\/secure.gravatar.com\/avatar\/986aa4c61ccdb66f8555bf88fc2a65609d00bcabd4d2d94377a727547345cbca?s=96&d=mm&r=g","caption":"Farn\u00e9sio"},"description":"Radialista blogueiro, chegou a Petrolina\/Juazeiro em setembro de 1980, Farn\u00e9sio Silva \u00e9 de Arapiraca-Alagoas.","sameAs":["http:\/\/blogdofarnesio.com.br","https:\/\/www.facebook.com\/?ref=tn_tnmn","https:\/\/www.instagram.com\/?utm_source=pwa_homescreen","https:\/\/youtube.com.br\/"],"url":"https:\/\/blogdofarnesio.com.br\/?author=2"}]}},"_links":{"self":[{"href":"https:\/\/blogdofarnesio.com.br\/index.php?rest_route=\/wp\/v2\/posts\/323005","targetHints":{"allow":["GET"]}}],"collection":[{"href":"https:\/\/blogdofarnesio.com.br\/index.php?rest_route=\/wp\/v2\/posts"}],"about":[{"href":"https:\/\/blogdofarnesio.com.br\/index.php?rest_route=\/wp\/v2\/types\/post"}],"author":[{"embeddable":true,"href":"https:\/\/blogdofarnesio.com.br\/index.php?rest_route=\/wp\/v2\/users\/2"}],"replies":[{"embeddable":true,"href":"https:\/\/blogdofarnesio.com.br\/index.php?rest_route=%2Fwp%2Fv2%2Fcomments&post=323005"}],"version-history":[{"count":0,"href":"https:\/\/blogdofarnesio.com.br\/index.php?rest_route=\/wp\/v2\/posts\/323005\/revisions"}],"wp:featuredmedia":[{"embeddable":true,"href":"https:\/\/blogdofarnesio.com.br\/index.php?rest_route=\/wp\/v2\/media\/323006"}],"wp:attachment":[{"href":"https:\/\/blogdofarnesio.com.br\/index.php?rest_route=%2Fwp%2Fv2%2Fmedia&parent=323005"}],"wp:term":[{"taxonomy":"category","embeddable":true,"href":"https:\/\/blogdofarnesio.com.br\/index.php?rest_route=%2Fwp%2Fv2%2Fcategories&post=323005"},{"taxonomy":"post_tag","embeddable":true,"href":"https:\/\/blogdofarnesio.com.br\/index.php?rest_route=%2Fwp%2Fv2%2Ftags&post=323005"}],"curies":[{"name":"wp","href":"https:\/\/api.w.org\/{rel}","templated":true}]}}