{"id":322945,"date":"2022-09-16T11:04:34","date_gmt":"2022-09-16T14:04:34","guid":{"rendered":"https:\/\/blogdofarnesio.com.br\/?p=322945"},"modified":"2022-09-16T08:16:45","modified_gmt":"2022-09-16T11:16:45","slug":"sesc-pernambuco-abre-selecao-para-vagas-de-estagio-em-todo-estado","status":"publish","type":"post","link":"https:\/\/blogdofarnesio.com.br\/2022\/09\/sesc-pernambuco-abre-selecao-para-vagas-de-estagio-em-todo-estado\/","title":{"rendered":"Sesc Pernambuco abre sele\u00e7\u00e3o para vagas de est\u00e1gio em todo estado"},"content":{"rendered":"<p style=\"font-weight: 400;\"><em>S\u00e3o 21 oportunidades de est\u00e1gio para estudantes\u00a0<strong>de n\u00edvel superior<\/strong><\/em><\/p>\n<p style=\"font-weight: 400;\">O Servi\u00e7o Social do Com\u00e9rcio (Sesc\/PE) abre processo seletivo de est\u00e1gio em diversas \u00e1reas profissionais para compor o quadro da institui\u00e7\u00e3o nas v\u00e1rias unidades espalhadas por Pernambuco. S\u00e3o 21 vagas para est\u00e1gio de n\u00edvel superior, com bolsa de est\u00e1gio no valor de R$ 520,00 e aux\u00edlio transporte de R$ 90,00.<\/p>\n<p style=\"font-weight: 400;\">As\u00a0<a href=\"https:\/\/sescpe.jobs.recrut.ai\/\" data-saferedirecturl=\"https:\/\/www.google.com\/url?q=https:\/\/sescpe.jobs.recrut.ai\/&amp;source=gmail&amp;ust=1663349575591000&amp;usg=AOvVaw27p2hLOrQrzgE6KHNQJK3_\">inscri\u00e7\u00f5es<\/a> abriram ontem, quinta-feira (15), na p\u00e1gina de carreiras do Sesc\/PE (<a href=\"https:\/\/sescpe.jobs.recrut.ai\/\" data-saferedirecturl=\"https:\/\/www.google.com\/url?q=https:\/\/sescpe.jobs.recrut.ai&amp;source=gmail&amp;ust=1663349575591000&amp;usg=AOvVaw2ObzkCKMhgCDpyug_MTIF7\">https:\/\/sescpe.jobs.recrut.ai<\/a>), e podem se inscrever estudantes a partir do 5\u00b0 per\u00edodo dos cursos de Educa\u00e7\u00e3o F\u00edsica, Odontologia, Design, Jornalismo, Servi\u00e7o Social, M\u00fasica, Pedagogia, Nutri\u00e7\u00e3o e Qu\u00edmica. Para a vaga de Design podem se inscrever estudantes de bacharelado conforme a regra acima, e estudantes de curso tecn\u00f3logo a partir do 2\u00b0 per\u00edodo. Mais detalhes podem ser consultados no Informativo do Processo Seletivo e na descri\u00e7\u00e3o da vaga.<\/p>\n<p style=\"font-weight: 400;\">O processo seletivo inclui an\u00e1lise comportamental e avalia\u00e7\u00e3o de conhecimentos, ambos realizados por meio da p\u00e1gina de carreiras do Sesc\/PE (<a href=\"https:\/\/sescpe.jobs.recrut.ai\/\" data-saferedirecturl=\"https:\/\/www.google.com\/url?q=https:\/\/sescpe.jobs.recrut.ai&amp;source=gmail&amp;ust=1663349575591000&amp;usg=AOvVaw2ObzkCKMhgCDpyug_MTIF7\">https:\/\/sescpe.jobs.recrut.ai<\/a>), onde pode ser acompanhado todo o processo. As vagas de est\u00e1gio s\u00e3o para unidades dos munic\u00edpios de Arcoverde, Caruaru, Garanhuns, Goiana, Jaboat\u00e3o, Petrolina, Recife e Surubim.<\/p>\n<p style=\"font-weight: 400;\"><strong>Sesc<\/strong>\u00a0\u2013 Fundado em 1947 em Pernambuco, o Servi\u00e7o Social do Com\u00e9rcio \u00e9 uma institui\u00e7\u00e3o privada mantida\u00a0pelos empres\u00e1rios do com\u00e9rcio de bens, servi\u00e7os e turismo. Atuante na Regi\u00e3o Metropolitana do Recife, Zona da Mata Norte, Zona da Mata Sul, Agreste e Sert\u00e3o, oferece atividades gratuitas ou a pre\u00e7os populares nas \u00e1reas de Educa\u00e7\u00e3o, Cultura, Lazer, Assist\u00eancia e Sa\u00fade para comerci\u00e1rios e dependentes. As 23 unidades, incluindo os hot\u00e9is em Garanhuns e Triunfo, operam respeitando os protocolos de sa\u00fade e alinhadas aos \u00f3rg\u00e3os p\u00fablicos, e t\u00eam a\u00e7\u00f5es presenciais, virtuais ou h\u00edbridas. No campo digital, a institui\u00e7\u00e3o oferece o aplicativo Sesc-PE, facilitando acesso \u00e0s atividades, renova\u00e7\u00e3o e habilita\u00e7\u00e3o do cart\u00e3o, entre outras funcionalidades, e disponibiliza a plataforma Sesc Digital (<a href=\"https:\/\/cursos.sescpe.com.br\/todos\" data-saferedirecturl=\"https:\/\/www.google.com\/url?q=https:\/\/cursos.sescpe.com.br\/todos&amp;source=gmail&amp;ust=1663349575591000&amp;usg=AOvVaw1fEeb-fD1lM2pMD5nXQtPl\">https:\/\/cursos.sescpe.com.br\/todos<\/a>).\u00a0 Por ela, \u00e9 poss\u00edvel conhecer o cronograma de cursos e realizar a inscri\u00e7\u00e3o de forma online e segura. Para acompanhar todas as informa\u00e7\u00f5es sobre o Sesc,<strong>\u00a0<\/strong>acesse\u00a0<a href=\"http:\/\/www.sescpe.org.br\/\" data-saferedirecturl=\"https:\/\/www.google.com\/url?q=http:\/\/www.sescpe.org.br\/&amp;source=gmail&amp;ust=1663349575591000&amp;usg=AOvVaw1KkClqcMgTmX9948P-V-XZ\">www.sescpe.org.br<\/a>. Al\u00e9m disso, os empres\u00e1rios do com\u00e9rcio de bens, servi\u00e7os e turismo que possuem o Cart\u00e3o do Empres\u00e1rio, da Fecom\u00e9rcio, podem adquirir produtos e servi\u00e7os do Sesc em condi\u00e7\u00f5es diferenciadas. Mais informa\u00e7\u00f5es no site\u00a0<a href=\"http:\/\/www.cartaodoempresario.com.br\/\" data-saferedirecturl=\"https:\/\/www.google.com\/url?q=http:\/\/www.cartaodoempresario.com.br&amp;source=gmail&amp;ust=1663349575591000&amp;usg=AOvVaw2kbngLeel5dsFqJLLxr6SX\">www.cartaodoempresario.com.br<\/a>.<\/p>\n","protected":false},"excerpt":{"rendered":"<p>S\u00e3o 21 oportunidades de est\u00e1gio para estudantes\u00a0de n\u00edvel superior O Servi\u00e7o Social do Com\u00e9rcio (Sesc\/PE) abre processo seletivo de est\u00e1gio em diversas \u00e1reas profissionais para compor o quadro da institui\u00e7\u00e3o nas v\u00e1rias unidades espalhadas por Pernambuco. S\u00e3o 21 vagas para est\u00e1gio de n\u00edvel superior, com bolsa de est\u00e1gio no valor de R$ 520,00 e aux\u00edlio transporte de R$ 90,00. As\u00a0inscri\u00e7\u00f5es abriram ontem, quinta-feira (15), na p\u00e1gina de carreiras do Sesc\/PE (https:\/\/sescpe.jobs.recrut.ai), e podem se inscrever estudantes a partir do 5\u00b0 per\u00edodo dos cursos de Educa\u00e7\u00e3o F\u00edsica, Odontologia, Design, Jornalismo, Servi\u00e7o Social, M\u00fasica, Pedagogia, Nutri\u00e7\u00e3o e Qu\u00edmica. Para a vaga de Design podem se inscrever estudantes de bacharelado conforme a regra acima, e estudantes de curso tecn\u00f3logo a partir do 2\u00b0&hellip; <\/p>\n","protected":false},"author":2,"featured_media":322943,"comment_status":"open","ping_status":"open","sticky":false,"template":"","format":"standard","meta":{"_acf_changed":false,"footnotes":""},"categories":[20],"tags":[],"class_list":["post-322945","post","type-post","status-publish","format-standard","has-post-thumbnail","hentry","category-economia"],"acf":[],"yoast_head":"<!-- This site is optimized with the Yoast SEO plugin v27.5 - https:\/\/yoast.com\/product\/yoast-seo-wordpress\/ -->\n<title>Sesc Pernambuco abre sele\u00e7\u00e3o para vagas de est\u00e1gio em todo estado - Blog do Farn\u00e9sio<\/title>\n<meta name=\"robots\" content=\"index, follow, max-snippet:-1, max-image-preview:large, max-video-preview:-1\" \/>\n<link rel=\"canonical\" href=\"https:\/\/blogdofarnesio.com.br\/2022\/09\/sesc-pernambuco-abre-selecao-para-vagas-de-estagio-em-todo-estado\/\" \/>\n<meta property=\"og:locale\" content=\"pt_BR\" \/>\n<meta property=\"og:type\" content=\"article\" \/>\n<meta property=\"og:title\" content=\"Sesc Pernambuco abre sele\u00e7\u00e3o para vagas de est\u00e1gio em todo estado - Blog do Farn\u00e9sio\" \/>\n<meta property=\"og:description\" content=\"S\u00e3o 21 oportunidades de est\u00e1gio para estudantes\u00a0de n\u00edvel superior O Servi\u00e7o Social do Com\u00e9rcio (Sesc\/PE) abre processo seletivo de est\u00e1gio em diversas \u00e1reas profissionais para compor o quadro da institui\u00e7\u00e3o nas v\u00e1rias unidades espalhadas por Pernambuco. S\u00e3o 21 vagas para est\u00e1gio de n\u00edvel superior, com bolsa de est\u00e1gio no valor de R$ 520,00 e aux\u00edlio transporte de R$ 90,00. As\u00a0inscri\u00e7\u00f5es abriram ontem, quinta-feira (15), na p\u00e1gina de carreiras do Sesc\/PE (https:\/\/sescpe.jobs.recrut.ai), e podem se inscrever estudantes a partir do 5\u00b0 per\u00edodo dos cursos de Educa\u00e7\u00e3o F\u00edsica, Odontologia, Design, Jornalismo, Servi\u00e7o Social, M\u00fasica, Pedagogia, Nutri\u00e7\u00e3o e Qu\u00edmica. Para a vaga de Design podem se inscrever estudantes de bacharelado conforme a regra acima, e estudantes de curso tecn\u00f3logo a partir do 2\u00b0&hellip;\" \/>\n<meta property=\"og:url\" content=\"https:\/\/blogdofarnesio.com.br\/2022\/09\/sesc-pernambuco-abre-selecao-para-vagas-de-estagio-em-todo-estado\/\" \/>\n<meta property=\"og:site_name\" content=\"Blog do Farn\u00e9sio\" \/>\n<meta property=\"article:publisher\" content=\"https:\/\/www.facebook.com\/BlogQuerSaberPolitica\/\" \/>\n<meta property=\"article:author\" content=\"https:\/\/www.facebook.com\/?ref=tn_tnmn\" \/>\n<meta property=\"article:published_time\" content=\"2022-09-16T14:04:34+00:00\" \/>\n<meta property=\"og:image\" content=\"https:\/\/blogdofarnesio.com.br\/wp-content\/uploads\/2022\/09\/Sesc-Petrolina-1-1024x683-1-e1663264391469.jpg\" \/>\n\t<meta property=\"og:image:width\" content=\"724\" \/>\n\t<meta property=\"og:image:height\" content=\"483\" \/>\n\t<meta property=\"og:image:type\" content=\"image\/jpeg\" \/>\n<meta name=\"author\" content=\"Farn\u00e9sio\" \/>\n<meta name=\"twitter:card\" content=\"summary_large_image\" \/>\n<meta name=\"twitter:label1\" content=\"Escrito por\" \/>\n\t<meta name=\"twitter:data1\" content=\"Farn\u00e9sio\" \/>\n\t<meta name=\"twitter:label2\" content=\"Est. tempo de leitura\" \/>\n\t<meta name=\"twitter:data2\" content=\"3 minutos\" \/>\n<script type=\"application\/ld+json\" class=\"yoast-schema-graph\">{\"@context\":\"https:\\\/\\\/schema.org\",\"@graph\":[{\"@type\":\"Article\",\"@id\":\"https:\\\/\\\/blogdofarnesio.com.br\\\/2022\\\/09\\\/sesc-pernambuco-abre-selecao-para-vagas-de-estagio-em-todo-estado\\\/#article\",\"isPartOf\":{\"@id\":\"https:\\\/\\\/blogdofarnesio.com.br\\\/2022\\\/09\\\/sesc-pernambuco-abre-selecao-para-vagas-de-estagio-em-todo-estado\\\/\"},\"author\":{\"name\":\"Farn\u00e9sio\",\"@id\":\"https:\\\/\\\/blogdofarnesio.com.br\\\/#\\\/schema\\\/person\\\/bb9b23ae3ad0609ce8df7b6c9e76824d\"},\"headline\":\"Sesc Pernambuco abre sele\u00e7\u00e3o para vagas de est\u00e1gio em todo estado\",\"datePublished\":\"2022-09-16T14:04:34+00:00\",\"mainEntityOfPage\":{\"@id\":\"https:\\\/\\\/blogdofarnesio.com.br\\\/2022\\\/09\\\/sesc-pernambuco-abre-selecao-para-vagas-de-estagio-em-todo-estado\\\/\"},\"wordCount\":458,\"commentCount\":0,\"publisher\":{\"@id\":\"https:\\\/\\\/blogdofarnesio.com.br\\\/#organization\"},\"image\":{\"@id\":\"https:\\\/\\\/blogdofarnesio.com.br\\\/2022\\\/09\\\/sesc-pernambuco-abre-selecao-para-vagas-de-estagio-em-todo-estado\\\/#primaryimage\"},\"thumbnailUrl\":\"https:\\\/\\\/blogdofarnesio.com.br\\\/wp-content\\\/uploads\\\/2022\\\/09\\\/Sesc-Petrolina-1-1024x683-1-e1663264391469.jpg\",\"articleSection\":[\"Economia\"],\"inLanguage\":\"pt-BR\",\"potentialAction\":[{\"@type\":\"CommentAction\",\"name\":\"Comment\",\"target\":[\"https:\\\/\\\/blogdofarnesio.com.br\\\/2022\\\/09\\\/sesc-pernambuco-abre-selecao-para-vagas-de-estagio-em-todo-estado\\\/#respond\"]}]},{\"@type\":\"WebPage\",\"@id\":\"https:\\\/\\\/blogdofarnesio.com.br\\\/2022\\\/09\\\/sesc-pernambuco-abre-selecao-para-vagas-de-estagio-em-todo-estado\\\/\",\"url\":\"https:\\\/\\\/blogdofarnesio.com.br\\\/2022\\\/09\\\/sesc-pernambuco-abre-selecao-para-vagas-de-estagio-em-todo-estado\\\/\",\"name\":\"Sesc Pernambuco abre sele\u00e7\u00e3o para vagas de est\u00e1gio em todo estado - Blog do Farn\u00e9sio\",\"isPartOf\":{\"@id\":\"https:\\\/\\\/blogdofarnesio.com.br\\\/#website\"},\"primaryImageOfPage\":{\"@id\":\"https:\\\/\\\/blogdofarnesio.com.br\\\/2022\\\/09\\\/sesc-pernambuco-abre-selecao-para-vagas-de-estagio-em-todo-estado\\\/#primaryimage\"},\"image\":{\"@id\":\"https:\\\/\\\/blogdofarnesio.com.br\\\/2022\\\/09\\\/sesc-pernambuco-abre-selecao-para-vagas-de-estagio-em-todo-estado\\\/#primaryimage\"},\"thumbnailUrl\":\"https:\\\/\\\/blogdofarnesio.com.br\\\/wp-content\\\/uploads\\\/2022\\\/09\\\/Sesc-Petrolina-1-1024x683-1-e1663264391469.jpg\",\"datePublished\":\"2022-09-16T14:04:34+00:00\",\"breadcrumb\":{\"@id\":\"https:\\\/\\\/blogdofarnesio.com.br\\\/2022\\\/09\\\/sesc-pernambuco-abre-selecao-para-vagas-de-estagio-em-todo-estado\\\/#breadcrumb\"},\"inLanguage\":\"pt-BR\",\"potentialAction\":[{\"@type\":\"ReadAction\",\"target\":[\"https:\\\/\\\/blogdofarnesio.com.br\\\/2022\\\/09\\\/sesc-pernambuco-abre-selecao-para-vagas-de-estagio-em-todo-estado\\\/\"]}]},{\"@type\":\"ImageObject\",\"inLanguage\":\"pt-BR\",\"@id\":\"https:\\\/\\\/blogdofarnesio.com.br\\\/2022\\\/09\\\/sesc-pernambuco-abre-selecao-para-vagas-de-estagio-em-todo-estado\\\/#primaryimage\",\"url\":\"https:\\\/\\\/blogdofarnesio.com.br\\\/wp-content\\\/uploads\\\/2022\\\/09\\\/Sesc-Petrolina-1-1024x683-1-e1663264391469.jpg\",\"contentUrl\":\"https:\\\/\\\/blogdofarnesio.com.br\\\/wp-content\\\/uploads\\\/2022\\\/09\\\/Sesc-Petrolina-1-1024x683-1-e1663264391469.jpg\",\"width\":724,\"height\":483},{\"@type\":\"BreadcrumbList\",\"@id\":\"https:\\\/\\\/blogdofarnesio.com.br\\\/2022\\\/09\\\/sesc-pernambuco-abre-selecao-para-vagas-de-estagio-em-todo-estado\\\/#breadcrumb\",\"itemListElement\":[{\"@type\":\"ListItem\",\"position\":1,\"name\":\"In\u00edcio\",\"item\":\"https:\\\/\\\/blogdofarnesio.com.br\\\/\"},{\"@type\":\"ListItem\",\"position\":2,\"name\":\"Sesc Pernambuco abre sele\u00e7\u00e3o para vagas de est\u00e1gio em todo estado\"}]},{\"@type\":\"WebSite\",\"@id\":\"https:\\\/\\\/blogdofarnesio.com.br\\\/#website\",\"url\":\"https:\\\/\\\/blogdofarnesio.com.br\\\/\",\"name\":\"Blog do Farn\u00e9sio\",\"description\":\"Quer Saber Pol\u00edtica?\",\"publisher\":{\"@id\":\"https:\\\/\\\/blogdofarnesio.com.br\\\/#organization\"},\"potentialAction\":[{\"@type\":\"SearchAction\",\"target\":{\"@type\":\"EntryPoint\",\"urlTemplate\":\"https:\\\/\\\/blogdofarnesio.com.br\\\/?s={search_term_string}\"},\"query-input\":{\"@type\":\"PropertyValueSpecification\",\"valueRequired\":true,\"valueName\":\"search_term_string\"}}],\"inLanguage\":\"pt-BR\"},{\"@type\":\"Organization\",\"@id\":\"https:\\\/\\\/blogdofarnesio.com.br\\\/#organization\",\"name\":\"Blog do Farn\u00e9sio\",\"url\":\"https:\\\/\\\/blogdofarnesio.com.br\\\/\",\"logo\":{\"@type\":\"ImageObject\",\"inLanguage\":\"pt-BR\",\"@id\":\"https:\\\/\\\/blogdofarnesio.com.br\\\/#\\\/schema\\\/logo\\\/image\\\/\",\"url\":\"https:\\\/\\\/blogdofarnesio.com.br\\\/wp-content\\\/uploads\\\/2026\\\/03\\\/cropped-logo_new-1.png\",\"contentUrl\":\"https:\\\/\\\/blogdofarnesio.com.br\\\/wp-content\\\/uploads\\\/2026\\\/03\\\/cropped-logo_new-1.png\",\"width\":881,\"height\":685,\"caption\":\"Blog do Farn\u00e9sio\"},\"image\":{\"@id\":\"https:\\\/\\\/blogdofarnesio.com.br\\\/#\\\/schema\\\/logo\\\/image\\\/\"},\"sameAs\":[\"https:\\\/\\\/www.facebook.com\\\/BlogQuerSaberPolitica\\\/\"]},{\"@type\":\"Person\",\"@id\":\"https:\\\/\\\/blogdofarnesio.com.br\\\/#\\\/schema\\\/person\\\/bb9b23ae3ad0609ce8df7b6c9e76824d\",\"name\":\"Farn\u00e9sio\",\"image\":{\"@type\":\"ImageObject\",\"inLanguage\":\"pt-BR\",\"@id\":\"https:\\\/\\\/secure.gravatar.com\\\/avatar\\\/986aa4c61ccdb66f8555bf88fc2a65609d00bcabd4d2d94377a727547345cbca?s=96&d=mm&r=g\",\"url\":\"https:\\\/\\\/secure.gravatar.com\\\/avatar\\\/986aa4c61ccdb66f8555bf88fc2a65609d00bcabd4d2d94377a727547345cbca?s=96&d=mm&r=g\",\"contentUrl\":\"https:\\\/\\\/secure.gravatar.com\\\/avatar\\\/986aa4c61ccdb66f8555bf88fc2a65609d00bcabd4d2d94377a727547345cbca?s=96&d=mm&r=g\",\"caption\":\"Farn\u00e9sio\"},\"description\":\"Radialista blogueiro, chegou a Petrolina\\\/Juazeiro em setembro de 1980, Farn\u00e9sio Silva \u00e9 de Arapiraca-Alagoas.\",\"sameAs\":[\"http:\\\/\\\/blogdofarnesio.com.br\",\"https:\\\/\\\/www.facebook.com\\\/?ref=tn_tnmn\",\"https:\\\/\\\/www.instagram.com\\\/?utm_source=pwa_homescreen\",\"https:\\\/\\\/youtube.com.br\\\/\"],\"url\":\"https:\\\/\\\/blogdofarnesio.com.br\\\/author\\\/farnesio-2\\\/\"}]}<\/script>\n<!-- \/ Yoast SEO plugin. -->","yoast_head_json":{"title":"Sesc Pernambuco abre sele\u00e7\u00e3o para vagas de est\u00e1gio em todo estado - Blog do Farn\u00e9sio","robots":{"index":"index","follow":"follow","max-snippet":"max-snippet:-1","max-image-preview":"max-image-preview:large","max-video-preview":"max-video-preview:-1"},"canonical":"https:\/\/blogdofarnesio.com.br\/2022\/09\/sesc-pernambuco-abre-selecao-para-vagas-de-estagio-em-todo-estado\/","og_locale":"pt_BR","og_type":"article","og_title":"Sesc Pernambuco abre sele\u00e7\u00e3o para vagas de est\u00e1gio em todo estado - Blog do Farn\u00e9sio","og_description":"S\u00e3o 21 oportunidades de est\u00e1gio para estudantes\u00a0de n\u00edvel superior O Servi\u00e7o Social do Com\u00e9rcio (Sesc\/PE) abre processo seletivo de est\u00e1gio em diversas \u00e1reas profissionais para compor o quadro da institui\u00e7\u00e3o nas v\u00e1rias unidades espalhadas por Pernambuco. S\u00e3o 21 vagas para est\u00e1gio de n\u00edvel superior, com bolsa de est\u00e1gio no valor de R$ 520,00 e aux\u00edlio transporte de R$ 90,00. As\u00a0inscri\u00e7\u00f5es abriram ontem, quinta-feira (15), na p\u00e1gina de carreiras do Sesc\/PE (https:\/\/sescpe.jobs.recrut.ai), e podem se inscrever estudantes a partir do 5\u00b0 per\u00edodo dos cursos de Educa\u00e7\u00e3o F\u00edsica, Odontologia, Design, Jornalismo, Servi\u00e7o Social, M\u00fasica, Pedagogia, Nutri\u00e7\u00e3o e Qu\u00edmica. Para a vaga de Design podem se inscrever estudantes de bacharelado conforme a regra acima, e estudantes de curso tecn\u00f3logo a partir do 2\u00b0&hellip;","og_url":"https:\/\/blogdofarnesio.com.br\/2022\/09\/sesc-pernambuco-abre-selecao-para-vagas-de-estagio-em-todo-estado\/","og_site_name":"Blog do Farn\u00e9sio","article_publisher":"https:\/\/www.facebook.com\/BlogQuerSaberPolitica\/","article_author":"https:\/\/www.facebook.com\/?ref=tn_tnmn","article_published_time":"2022-09-16T14:04:34+00:00","og_image":[{"width":724,"height":483,"url":"https:\/\/blogdofarnesio.com.br\/wp-content\/uploads\/2022\/09\/Sesc-Petrolina-1-1024x683-1-e1663264391469.jpg","type":"image\/jpeg"}],"author":"Farn\u00e9sio","twitter_card":"summary_large_image","twitter_misc":{"Escrito por":"Farn\u00e9sio","Est. tempo de leitura":"3 minutos"},"schema":{"@context":"https:\/\/schema.org","@graph":[{"@type":"Article","@id":"https:\/\/blogdofarnesio.com.br\/2022\/09\/sesc-pernambuco-abre-selecao-para-vagas-de-estagio-em-todo-estado\/#article","isPartOf":{"@id":"https:\/\/blogdofarnesio.com.br\/2022\/09\/sesc-pernambuco-abre-selecao-para-vagas-de-estagio-em-todo-estado\/"},"author":{"name":"Farn\u00e9sio","@id":"https:\/\/blogdofarnesio.com.br\/#\/schema\/person\/bb9b23ae3ad0609ce8df7b6c9e76824d"},"headline":"Sesc Pernambuco abre sele\u00e7\u00e3o para vagas de est\u00e1gio em todo estado","datePublished":"2022-09-16T14:04:34+00:00","mainEntityOfPage":{"@id":"https:\/\/blogdofarnesio.com.br\/2022\/09\/sesc-pernambuco-abre-selecao-para-vagas-de-estagio-em-todo-estado\/"},"wordCount":458,"commentCount":0,"publisher":{"@id":"https:\/\/blogdofarnesio.com.br\/#organization"},"image":{"@id":"https:\/\/blogdofarnesio.com.br\/2022\/09\/sesc-pernambuco-abre-selecao-para-vagas-de-estagio-em-todo-estado\/#primaryimage"},"thumbnailUrl":"https:\/\/blogdofarnesio.com.br\/wp-content\/uploads\/2022\/09\/Sesc-Petrolina-1-1024x683-1-e1663264391469.jpg","articleSection":["Economia"],"inLanguage":"pt-BR","potentialAction":[{"@type":"CommentAction","name":"Comment","target":["https:\/\/blogdofarnesio.com.br\/2022\/09\/sesc-pernambuco-abre-selecao-para-vagas-de-estagio-em-todo-estado\/#respond"]}]},{"@type":"WebPage","@id":"https:\/\/blogdofarnesio.com.br\/2022\/09\/sesc-pernambuco-abre-selecao-para-vagas-de-estagio-em-todo-estado\/","url":"https:\/\/blogdofarnesio.com.br\/2022\/09\/sesc-pernambuco-abre-selecao-para-vagas-de-estagio-em-todo-estado\/","name":"Sesc Pernambuco abre sele\u00e7\u00e3o para vagas de est\u00e1gio em todo estado - Blog do Farn\u00e9sio","isPartOf":{"@id":"https:\/\/blogdofarnesio.com.br\/#website"},"primaryImageOfPage":{"@id":"https:\/\/blogdofarnesio.com.br\/2022\/09\/sesc-pernambuco-abre-selecao-para-vagas-de-estagio-em-todo-estado\/#primaryimage"},"image":{"@id":"https:\/\/blogdofarnesio.com.br\/2022\/09\/sesc-pernambuco-abre-selecao-para-vagas-de-estagio-em-todo-estado\/#primaryimage"},"thumbnailUrl":"https:\/\/blogdofarnesio.com.br\/wp-content\/uploads\/2022\/09\/Sesc-Petrolina-1-1024x683-1-e1663264391469.jpg","datePublished":"2022-09-16T14:04:34+00:00","breadcrumb":{"@id":"https:\/\/blogdofarnesio.com.br\/2022\/09\/sesc-pernambuco-abre-selecao-para-vagas-de-estagio-em-todo-estado\/#breadcrumb"},"inLanguage":"pt-BR","potentialAction":[{"@type":"ReadAction","target":["https:\/\/blogdofarnesio.com.br\/2022\/09\/sesc-pernambuco-abre-selecao-para-vagas-de-estagio-em-todo-estado\/"]}]},{"@type":"ImageObject","inLanguage":"pt-BR","@id":"https:\/\/blogdofarnesio.com.br\/2022\/09\/sesc-pernambuco-abre-selecao-para-vagas-de-estagio-em-todo-estado\/#primaryimage","url":"https:\/\/blogdofarnesio.com.br\/wp-content\/uploads\/2022\/09\/Sesc-Petrolina-1-1024x683-1-e1663264391469.jpg","contentUrl":"https:\/\/blogdofarnesio.com.br\/wp-content\/uploads\/2022\/09\/Sesc-Petrolina-1-1024x683-1-e1663264391469.jpg","width":724,"height":483},{"@type":"BreadcrumbList","@id":"https:\/\/blogdofarnesio.com.br\/2022\/09\/sesc-pernambuco-abre-selecao-para-vagas-de-estagio-em-todo-estado\/#breadcrumb","itemListElement":[{"@type":"ListItem","position":1,"name":"In\u00edcio","item":"https:\/\/blogdofarnesio.com.br\/"},{"@type":"ListItem","position":2,"name":"Sesc Pernambuco abre sele\u00e7\u00e3o para vagas de est\u00e1gio em todo estado"}]},{"@type":"WebSite","@id":"https:\/\/blogdofarnesio.com.br\/#website","url":"https:\/\/blogdofarnesio.com.br\/","name":"Blog do Farn\u00e9sio","description":"Quer Saber Pol\u00edtica?","publisher":{"@id":"https:\/\/blogdofarnesio.com.br\/#organization"},"potentialAction":[{"@type":"SearchAction","target":{"@type":"EntryPoint","urlTemplate":"https:\/\/blogdofarnesio.com.br\/?s={search_term_string}"},"query-input":{"@type":"PropertyValueSpecification","valueRequired":true,"valueName":"search_term_string"}}],"inLanguage":"pt-BR"},{"@type":"Organization","@id":"https:\/\/blogdofarnesio.com.br\/#organization","name":"Blog do Farn\u00e9sio","url":"https:\/\/blogdofarnesio.com.br\/","logo":{"@type":"ImageObject","inLanguage":"pt-BR","@id":"https:\/\/blogdofarnesio.com.br\/#\/schema\/logo\/image\/","url":"https:\/\/blogdofarnesio.com.br\/wp-content\/uploads\/2026\/03\/cropped-logo_new-1.png","contentUrl":"https:\/\/blogdofarnesio.com.br\/wp-content\/uploads\/2026\/03\/cropped-logo_new-1.png","width":881,"height":685,"caption":"Blog do Farn\u00e9sio"},"image":{"@id":"https:\/\/blogdofarnesio.com.br\/#\/schema\/logo\/image\/"},"sameAs":["https:\/\/www.facebook.com\/BlogQuerSaberPolitica\/"]},{"@type":"Person","@id":"https:\/\/blogdofarnesio.com.br\/#\/schema\/person\/bb9b23ae3ad0609ce8df7b6c9e76824d","name":"Farn\u00e9sio","image":{"@type":"ImageObject","inLanguage":"pt-BR","@id":"https:\/\/secure.gravatar.com\/avatar\/986aa4c61ccdb66f8555bf88fc2a65609d00bcabd4d2d94377a727547345cbca?s=96&d=mm&r=g","url":"https:\/\/secure.gravatar.com\/avatar\/986aa4c61ccdb66f8555bf88fc2a65609d00bcabd4d2d94377a727547345cbca?s=96&d=mm&r=g","contentUrl":"https:\/\/secure.gravatar.com\/avatar\/986aa4c61ccdb66f8555bf88fc2a65609d00bcabd4d2d94377a727547345cbca?s=96&d=mm&r=g","caption":"Farn\u00e9sio"},"description":"Radialista blogueiro, chegou a Petrolina\/Juazeiro em setembro de 1980, Farn\u00e9sio Silva \u00e9 de Arapiraca-Alagoas.","sameAs":["http:\/\/blogdofarnesio.com.br","https:\/\/www.facebook.com\/?ref=tn_tnmn","https:\/\/www.instagram.com\/?utm_source=pwa_homescreen","https:\/\/youtube.com.br\/"],"url":"https:\/\/blogdofarnesio.com.br\/author\/farnesio-2\/"}]}},"_links":{"self":[{"href":"https:\/\/blogdofarnesio.com.br\/wp-json\/wp\/v2\/posts\/322945","targetHints":{"allow":["GET"]}}],"collection":[{"href":"https:\/\/blogdofarnesio.com.br\/wp-json\/wp\/v2\/posts"}],"about":[{"href":"https:\/\/blogdofarnesio.com.br\/wp-json\/wp\/v2\/types\/post"}],"author":[{"embeddable":true,"href":"https:\/\/blogdofarnesio.com.br\/wp-json\/wp\/v2\/users\/2"}],"replies":[{"embeddable":true,"href":"https:\/\/blogdofarnesio.com.br\/wp-json\/wp\/v2\/comments?post=322945"}],"version-history":[{"count":0,"href":"https:\/\/blogdofarnesio.com.br\/wp-json\/wp\/v2\/posts\/322945\/revisions"}],"wp:featuredmedia":[{"embeddable":true,"href":"https:\/\/blogdofarnesio.com.br\/wp-json\/wp\/v2\/media\/322943"}],"wp:attachment":[{"href":"https:\/\/blogdofarnesio.com.br\/wp-json\/wp\/v2\/media?parent=322945"}],"wp:term":[{"taxonomy":"category","embeddable":true,"href":"https:\/\/blogdofarnesio.com.br\/wp-json\/wp\/v2\/categories?post=322945"},{"taxonomy":"post_tag","embeddable":true,"href":"https:\/\/blogdofarnesio.com.br\/wp-json\/wp\/v2\/tags?post=322945"}],"curies":[{"name":"wp","href":"https:\/\/api.w.org\/{rel}","templated":true}]}}