{"id":322808,"date":"2022-09-15T07:20:02","date_gmt":"2022-09-15T10:20:02","guid":{"rendered":"https:\/\/blogdofarnesio.com.br\/?p=322808"},"modified":"2022-09-14T12:26:28","modified_gmt":"2022-09-14T15:26:28","slug":"parque-josepha-coelho-amanhecer-desperta-a-diversidade-que-traduz-o-espaco-de-convivencia-e-lazer-em-petrolina","status":"publish","type":"post","link":"https:\/\/blogdofarnesio.com.br\/2022\/09\/parque-josepha-coelho-amanhecer-desperta-a-diversidade-que-traduz-o-espaco-de-convivencia-e-lazer-em-petrolina\/","title":{"rendered":"Parque Josepha Coelho: amanhecer desperta a diversidade que traduz o espa\u00e7o de conviv\u00eancia e lazer em Petrolina"},"content":{"rendered":"<p style=\"font-weight: 400;\">Cinco horas da manh\u00e3. \u00c9 nesse hor\u00e1rio que o Parque Municipal Josepha Coelho, abre suas portas. Diariamente, at\u00e9 \u00e0s 22h, centenas de pessoas passam pelo local para desfrutar de, pelo menos, um pouco dos seus 160 mil metros quadrados de extens\u00e3o. O local est\u00e1 situado no bairro Maria Auxiliadora, em Petrolina. O Parque re\u00fane, em um s\u00f3 lugar, contato com natureza, possibilidade de pr\u00e1tica de atividade f\u00edsica, esportiva, al\u00e9m de diversas op\u00e7\u00f5es de lazer, e \u00e9 um \u00f3timo local para os turistas visitarem. Quer uma combina\u00e7\u00e3o melhor?<\/p>\n<p style=\"font-weight: 400;\">\u00c0 medida que o tempo passa, o dia vai clareando e, consequentemente, o movimento no parque s\u00f3 aumenta. Um frequentador ass\u00edduo que contribui positivamente para esse movimento intenso \u00e9 do aposentado Jo\u00e3o Marcos da Silva, que h\u00e1 dez anos vai ao local sempre nas primeiras horas do dia. &#8220;J\u00e1 faz parte da minha rotina caminhar, encontrar os amigos, que \u00e9 um parque lindo. No cotidiano \u00e9 muito bom, a gente come\u00e7a o dia com mais vigor, mais sa\u00fade, mais disposi\u00e7\u00e3o para trabalhar&#8221;, declarou Jo\u00e3o.<\/p>\n<p style=\"font-weight: 400;\">Durante os \u00faltimos anos, a gest\u00e3o municipal mudou a cara da regi\u00e3o central da cidade e o espa\u00e7o ficou ainda mais arborizado. Atrav\u00e9s do Projeto &#8216;Nossa \u00c1rvore&#8217;, foram plantadas mais de 800 mudas nativas da caatinga, o que deixou o lugar mais agrad\u00e1vel para os frenquentadores e turistas. \u201cVamos continuar trabalhando para melhorar, cada vez mais, os pontos tur\u00edsticos da nossa cidade. O objetivo do prefeito Sim\u00e3o Durando \u00e9 tornar Petrolina uma cidade ainda mais verde e bonita\u201d, frisou o secret\u00e1rio de Desenvolvimento Econ\u00f4mico e Turismo, Jorge Assun\u00e7\u00e3o.<\/p>\n<p style=\"font-weight: 400;\">Os visitantes contam com uma estrutura com quadra de tritoque; pista de skate e ciclismo; jardim sensorial; parque infantil; academia das cidades; quadra de v\u00f4lei; quadra de futebol de areia; pista de cooper; quadra de t\u00eanis; arenas para eventos (com agendamento pr\u00e9vio); campo de futebol society; quadra de futsal e basquete.<\/p>\n<p style=\"font-weight: 400;\">Fotos: Prefeitura de Petrolina<\/p>\n","protected":false},"excerpt":{"rendered":"<p>Cinco horas da manh\u00e3. \u00c9 nesse hor\u00e1rio que o Parque Municipal Josepha Coelho, abre suas portas. Diariamente, at\u00e9 \u00e0s 22h, centenas de pessoas passam pelo local para desfrutar de, pelo menos, um pouco dos seus 160 mil metros quadrados de extens\u00e3o. O local est\u00e1 situado no bairro Maria Auxiliadora, em Petrolina. O Parque re\u00fane, em um s\u00f3 lugar, contato com natureza, possibilidade de pr\u00e1tica de atividade f\u00edsica, esportiva, al\u00e9m de diversas op\u00e7\u00f5es de lazer, e \u00e9 um \u00f3timo local para os turistas visitarem. Quer uma combina\u00e7\u00e3o melhor? \u00c0 medida que o tempo passa, o dia vai clareando e, consequentemente, o movimento no parque s\u00f3 aumenta. Um frequentador ass\u00edduo que contribui positivamente para esse movimento intenso \u00e9 do aposentado Jo\u00e3o Marcos&hellip; <\/p>\n","protected":false},"author":2,"featured_media":317333,"comment_status":"open","ping_status":"open","sticky":false,"template":"","format":"standard","meta":{"_acf_changed":false,"footnotes":""},"categories":[8],"tags":[],"class_list":["post-322808","post","type-post","status-publish","format-standard","has-post-thumbnail","hentry","category-esportes"],"acf":[],"yoast_head":"<!-- This site is optimized with the Yoast SEO plugin v27.5 - https:\/\/yoast.com\/product\/yoast-seo-wordpress\/ -->\n<title>Parque Josepha Coelho: amanhecer desperta a diversidade que traduz o espa\u00e7o de conviv\u00eancia e lazer em Petrolina - Blog do Farn\u00e9sio<\/title>\n<meta name=\"robots\" content=\"index, follow, max-snippet:-1, max-image-preview:large, max-video-preview:-1\" \/>\n<link rel=\"canonical\" href=\"https:\/\/blogdofarnesio.com.br\/2022\/09\/parque-josepha-coelho-amanhecer-desperta-a-diversidade-que-traduz-o-espaco-de-convivencia-e-lazer-em-petrolina\/\" \/>\n<meta property=\"og:locale\" content=\"pt_BR\" \/>\n<meta property=\"og:type\" content=\"article\" \/>\n<meta property=\"og:title\" content=\"Parque Josepha Coelho: amanhecer desperta a diversidade que traduz o espa\u00e7o de conviv\u00eancia e lazer em Petrolina - Blog do Farn\u00e9sio\" \/>\n<meta property=\"og:description\" content=\"Cinco horas da manh\u00e3. \u00c9 nesse hor\u00e1rio que o Parque Municipal Josepha Coelho, abre suas portas. Diariamente, at\u00e9 \u00e0s 22h, centenas de pessoas passam pelo local para desfrutar de, pelo menos, um pouco dos seus 160 mil metros quadrados de extens\u00e3o. O local est\u00e1 situado no bairro Maria Auxiliadora, em Petrolina. O Parque re\u00fane, em um s\u00f3 lugar, contato com natureza, possibilidade de pr\u00e1tica de atividade f\u00edsica, esportiva, al\u00e9m de diversas op\u00e7\u00f5es de lazer, e \u00e9 um \u00f3timo local para os turistas visitarem. Quer uma combina\u00e7\u00e3o melhor? \u00c0 medida que o tempo passa, o dia vai clareando e, consequentemente, o movimento no parque s\u00f3 aumenta. Um frequentador ass\u00edduo que contribui positivamente para esse movimento intenso \u00e9 do aposentado Jo\u00e3o Marcos&hellip;\" \/>\n<meta property=\"og:url\" content=\"https:\/\/blogdofarnesio.com.br\/2022\/09\/parque-josepha-coelho-amanhecer-desperta-a-diversidade-que-traduz-o-espaco-de-convivencia-e-lazer-em-petrolina\/\" \/>\n<meta property=\"og:site_name\" content=\"Blog do Farn\u00e9sio\" \/>\n<meta property=\"article:publisher\" content=\"https:\/\/www.facebook.com\/BlogQuerSaberPolitica\/\" \/>\n<meta property=\"article:author\" content=\"https:\/\/www.facebook.com\/?ref=tn_tnmn\" \/>\n<meta property=\"article:published_time\" content=\"2022-09-15T10:20:02+00:00\" \/>\n<meta property=\"og:image\" content=\"https:\/\/blogdofarnesio.com.br\/wp-content\/uploads\/2022\/07\/Parque-Josepha-Coelho2-e1657220469707.jpg\" \/>\n\t<meta property=\"og:image:width\" content=\"600\" \/>\n\t<meta property=\"og:image:height\" content=\"375\" \/>\n\t<meta property=\"og:image:type\" content=\"image\/jpeg\" \/>\n<meta name=\"author\" content=\"Farn\u00e9sio\" \/>\n<meta name=\"twitter:card\" content=\"summary_large_image\" \/>\n<meta name=\"twitter:label1\" content=\"Escrito por\" \/>\n\t<meta name=\"twitter:data1\" content=\"Farn\u00e9sio\" \/>\n\t<meta name=\"twitter:label2\" content=\"Est. tempo de leitura\" \/>\n\t<meta name=\"twitter:data2\" content=\"2 minutos\" \/>\n<script type=\"application\/ld+json\" class=\"yoast-schema-graph\">{\"@context\":\"https:\\\/\\\/schema.org\",\"@graph\":[{\"@type\":\"Article\",\"@id\":\"https:\\\/\\\/blogdofarnesio.com.br\\\/2022\\\/09\\\/parque-josepha-coelho-amanhecer-desperta-a-diversidade-que-traduz-o-espaco-de-convivencia-e-lazer-em-petrolina\\\/#article\",\"isPartOf\":{\"@id\":\"https:\\\/\\\/blogdofarnesio.com.br\\\/2022\\\/09\\\/parque-josepha-coelho-amanhecer-desperta-a-diversidade-que-traduz-o-espaco-de-convivencia-e-lazer-em-petrolina\\\/\"},\"author\":{\"name\":\"Farn\u00e9sio\",\"@id\":\"https:\\\/\\\/blogdofarnesio.com.br\\\/#\\\/schema\\\/person\\\/bb9b23ae3ad0609ce8df7b6c9e76824d\"},\"headline\":\"Parque Josepha Coelho: amanhecer desperta a diversidade que traduz o espa\u00e7o de conviv\u00eancia e lazer em Petrolina\",\"datePublished\":\"2022-09-15T10:20:02+00:00\",\"mainEntityOfPage\":{\"@id\":\"https:\\\/\\\/blogdofarnesio.com.br\\\/2022\\\/09\\\/parque-josepha-coelho-amanhecer-desperta-a-diversidade-que-traduz-o-espaco-de-convivencia-e-lazer-em-petrolina\\\/\"},\"wordCount\":351,\"commentCount\":0,\"publisher\":{\"@id\":\"https:\\\/\\\/blogdofarnesio.com.br\\\/#organization\"},\"image\":{\"@id\":\"https:\\\/\\\/blogdofarnesio.com.br\\\/2022\\\/09\\\/parque-josepha-coelho-amanhecer-desperta-a-diversidade-que-traduz-o-espaco-de-convivencia-e-lazer-em-petrolina\\\/#primaryimage\"},\"thumbnailUrl\":\"https:\\\/\\\/blogdofarnesio.com.br\\\/wp-content\\\/uploads\\\/2022\\\/07\\\/Parque-Josepha-Coelho2-e1657220469707.jpg\",\"articleSection\":[\"Esportes\"],\"inLanguage\":\"pt-BR\",\"potentialAction\":[{\"@type\":\"CommentAction\",\"name\":\"Comment\",\"target\":[\"https:\\\/\\\/blogdofarnesio.com.br\\\/2022\\\/09\\\/parque-josepha-coelho-amanhecer-desperta-a-diversidade-que-traduz-o-espaco-de-convivencia-e-lazer-em-petrolina\\\/#respond\"]}]},{\"@type\":\"WebPage\",\"@id\":\"https:\\\/\\\/blogdofarnesio.com.br\\\/2022\\\/09\\\/parque-josepha-coelho-amanhecer-desperta-a-diversidade-que-traduz-o-espaco-de-convivencia-e-lazer-em-petrolina\\\/\",\"url\":\"https:\\\/\\\/blogdofarnesio.com.br\\\/2022\\\/09\\\/parque-josepha-coelho-amanhecer-desperta-a-diversidade-que-traduz-o-espaco-de-convivencia-e-lazer-em-petrolina\\\/\",\"name\":\"Parque Josepha Coelho: amanhecer desperta a diversidade que traduz o espa\u00e7o de conviv\u00eancia e lazer em Petrolina - Blog do Farn\u00e9sio\",\"isPartOf\":{\"@id\":\"https:\\\/\\\/blogdofarnesio.com.br\\\/#website\"},\"primaryImageOfPage\":{\"@id\":\"https:\\\/\\\/blogdofarnesio.com.br\\\/2022\\\/09\\\/parque-josepha-coelho-amanhecer-desperta-a-diversidade-que-traduz-o-espaco-de-convivencia-e-lazer-em-petrolina\\\/#primaryimage\"},\"image\":{\"@id\":\"https:\\\/\\\/blogdofarnesio.com.br\\\/2022\\\/09\\\/parque-josepha-coelho-amanhecer-desperta-a-diversidade-que-traduz-o-espaco-de-convivencia-e-lazer-em-petrolina\\\/#primaryimage\"},\"thumbnailUrl\":\"https:\\\/\\\/blogdofarnesio.com.br\\\/wp-content\\\/uploads\\\/2022\\\/07\\\/Parque-Josepha-Coelho2-e1657220469707.jpg\",\"datePublished\":\"2022-09-15T10:20:02+00:00\",\"breadcrumb\":{\"@id\":\"https:\\\/\\\/blogdofarnesio.com.br\\\/2022\\\/09\\\/parque-josepha-coelho-amanhecer-desperta-a-diversidade-que-traduz-o-espaco-de-convivencia-e-lazer-em-petrolina\\\/#breadcrumb\"},\"inLanguage\":\"pt-BR\",\"potentialAction\":[{\"@type\":\"ReadAction\",\"target\":[\"https:\\\/\\\/blogdofarnesio.com.br\\\/2022\\\/09\\\/parque-josepha-coelho-amanhecer-desperta-a-diversidade-que-traduz-o-espaco-de-convivencia-e-lazer-em-petrolina\\\/\"]}]},{\"@type\":\"ImageObject\",\"inLanguage\":\"pt-BR\",\"@id\":\"https:\\\/\\\/blogdofarnesio.com.br\\\/2022\\\/09\\\/parque-josepha-coelho-amanhecer-desperta-a-diversidade-que-traduz-o-espaco-de-convivencia-e-lazer-em-petrolina\\\/#primaryimage\",\"url\":\"https:\\\/\\\/blogdofarnesio.com.br\\\/wp-content\\\/uploads\\\/2022\\\/07\\\/Parque-Josepha-Coelho2-e1657220469707.jpg\",\"contentUrl\":\"https:\\\/\\\/blogdofarnesio.com.br\\\/wp-content\\\/uploads\\\/2022\\\/07\\\/Parque-Josepha-Coelho2-e1657220469707.jpg\",\"width\":600,\"height\":375},{\"@type\":\"BreadcrumbList\",\"@id\":\"https:\\\/\\\/blogdofarnesio.com.br\\\/2022\\\/09\\\/parque-josepha-coelho-amanhecer-desperta-a-diversidade-que-traduz-o-espaco-de-convivencia-e-lazer-em-petrolina\\\/#breadcrumb\",\"itemListElement\":[{\"@type\":\"ListItem\",\"position\":1,\"name\":\"In\u00edcio\",\"item\":\"https:\\\/\\\/blogdofarnesio.com.br\\\/\"},{\"@type\":\"ListItem\",\"position\":2,\"name\":\"Parque Josepha Coelho: amanhecer desperta a diversidade que traduz o espa\u00e7o de conviv\u00eancia e lazer em Petrolina\"}]},{\"@type\":\"WebSite\",\"@id\":\"https:\\\/\\\/blogdofarnesio.com.br\\\/#website\",\"url\":\"https:\\\/\\\/blogdofarnesio.com.br\\\/\",\"name\":\"Blog do Farn\u00e9sio\",\"description\":\"Quer Saber Pol\u00edtica?\",\"publisher\":{\"@id\":\"https:\\\/\\\/blogdofarnesio.com.br\\\/#organization\"},\"potentialAction\":[{\"@type\":\"SearchAction\",\"target\":{\"@type\":\"EntryPoint\",\"urlTemplate\":\"https:\\\/\\\/blogdofarnesio.com.br\\\/?s={search_term_string}\"},\"query-input\":{\"@type\":\"PropertyValueSpecification\",\"valueRequired\":true,\"valueName\":\"search_term_string\"}}],\"inLanguage\":\"pt-BR\"},{\"@type\":\"Organization\",\"@id\":\"https:\\\/\\\/blogdofarnesio.com.br\\\/#organization\",\"name\":\"Blog do Farn\u00e9sio\",\"url\":\"https:\\\/\\\/blogdofarnesio.com.br\\\/\",\"logo\":{\"@type\":\"ImageObject\",\"inLanguage\":\"pt-BR\",\"@id\":\"https:\\\/\\\/blogdofarnesio.com.br\\\/#\\\/schema\\\/logo\\\/image\\\/\",\"url\":\"https:\\\/\\\/blogdofarnesio.com.br\\\/wp-content\\\/uploads\\\/2026\\\/03\\\/cropped-logo_new-1.png\",\"contentUrl\":\"https:\\\/\\\/blogdofarnesio.com.br\\\/wp-content\\\/uploads\\\/2026\\\/03\\\/cropped-logo_new-1.png\",\"width\":881,\"height\":685,\"caption\":\"Blog do Farn\u00e9sio\"},\"image\":{\"@id\":\"https:\\\/\\\/blogdofarnesio.com.br\\\/#\\\/schema\\\/logo\\\/image\\\/\"},\"sameAs\":[\"https:\\\/\\\/www.facebook.com\\\/BlogQuerSaberPolitica\\\/\"]},{\"@type\":\"Person\",\"@id\":\"https:\\\/\\\/blogdofarnesio.com.br\\\/#\\\/schema\\\/person\\\/bb9b23ae3ad0609ce8df7b6c9e76824d\",\"name\":\"Farn\u00e9sio\",\"image\":{\"@type\":\"ImageObject\",\"inLanguage\":\"pt-BR\",\"@id\":\"https:\\\/\\\/secure.gravatar.com\\\/avatar\\\/986aa4c61ccdb66f8555bf88fc2a65609d00bcabd4d2d94377a727547345cbca?s=96&d=mm&r=g\",\"url\":\"https:\\\/\\\/secure.gravatar.com\\\/avatar\\\/986aa4c61ccdb66f8555bf88fc2a65609d00bcabd4d2d94377a727547345cbca?s=96&d=mm&r=g\",\"contentUrl\":\"https:\\\/\\\/secure.gravatar.com\\\/avatar\\\/986aa4c61ccdb66f8555bf88fc2a65609d00bcabd4d2d94377a727547345cbca?s=96&d=mm&r=g\",\"caption\":\"Farn\u00e9sio\"},\"description\":\"Radialista blogueiro, chegou a Petrolina\\\/Juazeiro em setembro de 1980, Farn\u00e9sio Silva \u00e9 de Arapiraca-Alagoas.\",\"sameAs\":[\"http:\\\/\\\/blogdofarnesio.com.br\",\"https:\\\/\\\/www.facebook.com\\\/?ref=tn_tnmn\",\"https:\\\/\\\/www.instagram.com\\\/?utm_source=pwa_homescreen\",\"https:\\\/\\\/youtube.com.br\\\/\"],\"url\":\"https:\\\/\\\/blogdofarnesio.com.br\\\/author\\\/farnesio-2\\\/\"}]}<\/script>\n<!-- \/ Yoast SEO plugin. -->","yoast_head_json":{"title":"Parque Josepha Coelho: amanhecer desperta a diversidade que traduz o espa\u00e7o de conviv\u00eancia e lazer em Petrolina - Blog do Farn\u00e9sio","robots":{"index":"index","follow":"follow","max-snippet":"max-snippet:-1","max-image-preview":"max-image-preview:large","max-video-preview":"max-video-preview:-1"},"canonical":"https:\/\/blogdofarnesio.com.br\/2022\/09\/parque-josepha-coelho-amanhecer-desperta-a-diversidade-que-traduz-o-espaco-de-convivencia-e-lazer-em-petrolina\/","og_locale":"pt_BR","og_type":"article","og_title":"Parque Josepha Coelho: amanhecer desperta a diversidade que traduz o espa\u00e7o de conviv\u00eancia e lazer em Petrolina - Blog do Farn\u00e9sio","og_description":"Cinco horas da manh\u00e3. \u00c9 nesse hor\u00e1rio que o Parque Municipal Josepha Coelho, abre suas portas. Diariamente, at\u00e9 \u00e0s 22h, centenas de pessoas passam pelo local para desfrutar de, pelo menos, um pouco dos seus 160 mil metros quadrados de extens\u00e3o. O local est\u00e1 situado no bairro Maria Auxiliadora, em Petrolina. O Parque re\u00fane, em um s\u00f3 lugar, contato com natureza, possibilidade de pr\u00e1tica de atividade f\u00edsica, esportiva, al\u00e9m de diversas op\u00e7\u00f5es de lazer, e \u00e9 um \u00f3timo local para os turistas visitarem. Quer uma combina\u00e7\u00e3o melhor? \u00c0 medida que o tempo passa, o dia vai clareando e, consequentemente, o movimento no parque s\u00f3 aumenta. Um frequentador ass\u00edduo que contribui positivamente para esse movimento intenso \u00e9 do aposentado Jo\u00e3o Marcos&hellip;","og_url":"https:\/\/blogdofarnesio.com.br\/2022\/09\/parque-josepha-coelho-amanhecer-desperta-a-diversidade-que-traduz-o-espaco-de-convivencia-e-lazer-em-petrolina\/","og_site_name":"Blog do Farn\u00e9sio","article_publisher":"https:\/\/www.facebook.com\/BlogQuerSaberPolitica\/","article_author":"https:\/\/www.facebook.com\/?ref=tn_tnmn","article_published_time":"2022-09-15T10:20:02+00:00","og_image":[{"width":600,"height":375,"url":"https:\/\/blogdofarnesio.com.br\/wp-content\/uploads\/2022\/07\/Parque-Josepha-Coelho2-e1657220469707.jpg","type":"image\/jpeg"}],"author":"Farn\u00e9sio","twitter_card":"summary_large_image","twitter_misc":{"Escrito por":"Farn\u00e9sio","Est. tempo de leitura":"2 minutos"},"schema":{"@context":"https:\/\/schema.org","@graph":[{"@type":"Article","@id":"https:\/\/blogdofarnesio.com.br\/2022\/09\/parque-josepha-coelho-amanhecer-desperta-a-diversidade-que-traduz-o-espaco-de-convivencia-e-lazer-em-petrolina\/#article","isPartOf":{"@id":"https:\/\/blogdofarnesio.com.br\/2022\/09\/parque-josepha-coelho-amanhecer-desperta-a-diversidade-que-traduz-o-espaco-de-convivencia-e-lazer-em-petrolina\/"},"author":{"name":"Farn\u00e9sio","@id":"https:\/\/blogdofarnesio.com.br\/#\/schema\/person\/bb9b23ae3ad0609ce8df7b6c9e76824d"},"headline":"Parque Josepha Coelho: amanhecer desperta a diversidade que traduz o espa\u00e7o de conviv\u00eancia e lazer em Petrolina","datePublished":"2022-09-15T10:20:02+00:00","mainEntityOfPage":{"@id":"https:\/\/blogdofarnesio.com.br\/2022\/09\/parque-josepha-coelho-amanhecer-desperta-a-diversidade-que-traduz-o-espaco-de-convivencia-e-lazer-em-petrolina\/"},"wordCount":351,"commentCount":0,"publisher":{"@id":"https:\/\/blogdofarnesio.com.br\/#organization"},"image":{"@id":"https:\/\/blogdofarnesio.com.br\/2022\/09\/parque-josepha-coelho-amanhecer-desperta-a-diversidade-que-traduz-o-espaco-de-convivencia-e-lazer-em-petrolina\/#primaryimage"},"thumbnailUrl":"https:\/\/blogdofarnesio.com.br\/wp-content\/uploads\/2022\/07\/Parque-Josepha-Coelho2-e1657220469707.jpg","articleSection":["Esportes"],"inLanguage":"pt-BR","potentialAction":[{"@type":"CommentAction","name":"Comment","target":["https:\/\/blogdofarnesio.com.br\/2022\/09\/parque-josepha-coelho-amanhecer-desperta-a-diversidade-que-traduz-o-espaco-de-convivencia-e-lazer-em-petrolina\/#respond"]}]},{"@type":"WebPage","@id":"https:\/\/blogdofarnesio.com.br\/2022\/09\/parque-josepha-coelho-amanhecer-desperta-a-diversidade-que-traduz-o-espaco-de-convivencia-e-lazer-em-petrolina\/","url":"https:\/\/blogdofarnesio.com.br\/2022\/09\/parque-josepha-coelho-amanhecer-desperta-a-diversidade-que-traduz-o-espaco-de-convivencia-e-lazer-em-petrolina\/","name":"Parque Josepha Coelho: amanhecer desperta a diversidade que traduz o espa\u00e7o de conviv\u00eancia e lazer em Petrolina - Blog do Farn\u00e9sio","isPartOf":{"@id":"https:\/\/blogdofarnesio.com.br\/#website"},"primaryImageOfPage":{"@id":"https:\/\/blogdofarnesio.com.br\/2022\/09\/parque-josepha-coelho-amanhecer-desperta-a-diversidade-que-traduz-o-espaco-de-convivencia-e-lazer-em-petrolina\/#primaryimage"},"image":{"@id":"https:\/\/blogdofarnesio.com.br\/2022\/09\/parque-josepha-coelho-amanhecer-desperta-a-diversidade-que-traduz-o-espaco-de-convivencia-e-lazer-em-petrolina\/#primaryimage"},"thumbnailUrl":"https:\/\/blogdofarnesio.com.br\/wp-content\/uploads\/2022\/07\/Parque-Josepha-Coelho2-e1657220469707.jpg","datePublished":"2022-09-15T10:20:02+00:00","breadcrumb":{"@id":"https:\/\/blogdofarnesio.com.br\/2022\/09\/parque-josepha-coelho-amanhecer-desperta-a-diversidade-que-traduz-o-espaco-de-convivencia-e-lazer-em-petrolina\/#breadcrumb"},"inLanguage":"pt-BR","potentialAction":[{"@type":"ReadAction","target":["https:\/\/blogdofarnesio.com.br\/2022\/09\/parque-josepha-coelho-amanhecer-desperta-a-diversidade-que-traduz-o-espaco-de-convivencia-e-lazer-em-petrolina\/"]}]},{"@type":"ImageObject","inLanguage":"pt-BR","@id":"https:\/\/blogdofarnesio.com.br\/2022\/09\/parque-josepha-coelho-amanhecer-desperta-a-diversidade-que-traduz-o-espaco-de-convivencia-e-lazer-em-petrolina\/#primaryimage","url":"https:\/\/blogdofarnesio.com.br\/wp-content\/uploads\/2022\/07\/Parque-Josepha-Coelho2-e1657220469707.jpg","contentUrl":"https:\/\/blogdofarnesio.com.br\/wp-content\/uploads\/2022\/07\/Parque-Josepha-Coelho2-e1657220469707.jpg","width":600,"height":375},{"@type":"BreadcrumbList","@id":"https:\/\/blogdofarnesio.com.br\/2022\/09\/parque-josepha-coelho-amanhecer-desperta-a-diversidade-que-traduz-o-espaco-de-convivencia-e-lazer-em-petrolina\/#breadcrumb","itemListElement":[{"@type":"ListItem","position":1,"name":"In\u00edcio","item":"https:\/\/blogdofarnesio.com.br\/"},{"@type":"ListItem","position":2,"name":"Parque Josepha Coelho: amanhecer desperta a diversidade que traduz o espa\u00e7o de conviv\u00eancia e lazer em Petrolina"}]},{"@type":"WebSite","@id":"https:\/\/blogdofarnesio.com.br\/#website","url":"https:\/\/blogdofarnesio.com.br\/","name":"Blog do Farn\u00e9sio","description":"Quer Saber Pol\u00edtica?","publisher":{"@id":"https:\/\/blogdofarnesio.com.br\/#organization"},"potentialAction":[{"@type":"SearchAction","target":{"@type":"EntryPoint","urlTemplate":"https:\/\/blogdofarnesio.com.br\/?s={search_term_string}"},"query-input":{"@type":"PropertyValueSpecification","valueRequired":true,"valueName":"search_term_string"}}],"inLanguage":"pt-BR"},{"@type":"Organization","@id":"https:\/\/blogdofarnesio.com.br\/#organization","name":"Blog do Farn\u00e9sio","url":"https:\/\/blogdofarnesio.com.br\/","logo":{"@type":"ImageObject","inLanguage":"pt-BR","@id":"https:\/\/blogdofarnesio.com.br\/#\/schema\/logo\/image\/","url":"https:\/\/blogdofarnesio.com.br\/wp-content\/uploads\/2026\/03\/cropped-logo_new-1.png","contentUrl":"https:\/\/blogdofarnesio.com.br\/wp-content\/uploads\/2026\/03\/cropped-logo_new-1.png","width":881,"height":685,"caption":"Blog do Farn\u00e9sio"},"image":{"@id":"https:\/\/blogdofarnesio.com.br\/#\/schema\/logo\/image\/"},"sameAs":["https:\/\/www.facebook.com\/BlogQuerSaberPolitica\/"]},{"@type":"Person","@id":"https:\/\/blogdofarnesio.com.br\/#\/schema\/person\/bb9b23ae3ad0609ce8df7b6c9e76824d","name":"Farn\u00e9sio","image":{"@type":"ImageObject","inLanguage":"pt-BR","@id":"https:\/\/secure.gravatar.com\/avatar\/986aa4c61ccdb66f8555bf88fc2a65609d00bcabd4d2d94377a727547345cbca?s=96&d=mm&r=g","url":"https:\/\/secure.gravatar.com\/avatar\/986aa4c61ccdb66f8555bf88fc2a65609d00bcabd4d2d94377a727547345cbca?s=96&d=mm&r=g","contentUrl":"https:\/\/secure.gravatar.com\/avatar\/986aa4c61ccdb66f8555bf88fc2a65609d00bcabd4d2d94377a727547345cbca?s=96&d=mm&r=g","caption":"Farn\u00e9sio"},"description":"Radialista blogueiro, chegou a Petrolina\/Juazeiro em setembro de 1980, Farn\u00e9sio Silva \u00e9 de Arapiraca-Alagoas.","sameAs":["http:\/\/blogdofarnesio.com.br","https:\/\/www.facebook.com\/?ref=tn_tnmn","https:\/\/www.instagram.com\/?utm_source=pwa_homescreen","https:\/\/youtube.com.br\/"],"url":"https:\/\/blogdofarnesio.com.br\/author\/farnesio-2\/"}]}},"_links":{"self":[{"href":"https:\/\/blogdofarnesio.com.br\/wp-json\/wp\/v2\/posts\/322808","targetHints":{"allow":["GET"]}}],"collection":[{"href":"https:\/\/blogdofarnesio.com.br\/wp-json\/wp\/v2\/posts"}],"about":[{"href":"https:\/\/blogdofarnesio.com.br\/wp-json\/wp\/v2\/types\/post"}],"author":[{"embeddable":true,"href":"https:\/\/blogdofarnesio.com.br\/wp-json\/wp\/v2\/users\/2"}],"replies":[{"embeddable":true,"href":"https:\/\/blogdofarnesio.com.br\/wp-json\/wp\/v2\/comments?post=322808"}],"version-history":[{"count":0,"href":"https:\/\/blogdofarnesio.com.br\/wp-json\/wp\/v2\/posts\/322808\/revisions"}],"wp:featuredmedia":[{"embeddable":true,"href":"https:\/\/blogdofarnesio.com.br\/wp-json\/wp\/v2\/media\/317333"}],"wp:attachment":[{"href":"https:\/\/blogdofarnesio.com.br\/wp-json\/wp\/v2\/media?parent=322808"}],"wp:term":[{"taxonomy":"category","embeddable":true,"href":"https:\/\/blogdofarnesio.com.br\/wp-json\/wp\/v2\/categories?post=322808"},{"taxonomy":"post_tag","embeddable":true,"href":"https:\/\/blogdofarnesio.com.br\/wp-json\/wp\/v2\/tags?post=322808"}],"curies":[{"name":"wp","href":"https:\/\/api.w.org\/{rel}","templated":true}]}}