{"id":322760,"date":"2022-09-16T09:23:30","date_gmt":"2022-09-16T12:23:30","guid":{"rendered":"https:\/\/blogdofarnesio.com.br\/?p=322760"},"modified":"2022-09-15T14:56:53","modified_gmt":"2022-09-15T17:56:53","slug":"com-apoio-do-transforma-petrolina-te-encontro-no-parque-vai-recolher-brinquedos-para-doacao","status":"publish","type":"post","link":"https:\/\/blogdofarnesio.com.br\/?p=322760","title":{"rendered":"Com apoio do Transforma Petrolina, &#8220;Te encontro no Parque&#8221; vai  recolher brinquedos para doa\u00e7\u00e3o"},"content":{"rendered":"<div dir=\"auto\">Festival de comida, m\u00fasica e\u00a0 solidariedade. A edi\u00e7\u00e3o de primavera do evento &#8220;Te encontro no Parque&#8221; acontece nessa sexta-feira (16) e s\u00e1bado (17), a partir das 17h30, no estacionamento do Parque Josepha Coelho.\u00a0 A iniciativa \u00e9\u00a0 realizada pelo Grupo Bazar e\u00a0 conta com o apoio do Transforma Petrolina.<\/div>\n<div dir=\"auto\"><\/div>\n<div dir=\"auto\">O tradicional evento de cultura \u00e9 aberto ao p\u00fablico\u00a0 e nessa edi\u00e7\u00e3o vai\u00a0 comemorar\u00a0 o anivers\u00e1rio da cidade em ritmo de solidariedade.\u00a0 Um espa\u00e7o do Transforma Petrolina\u00a0 estar\u00e1 dispon\u00edvel durante os dois dias de programa\u00e7\u00e3o para receber brinquedos novos\u00a0 ou seminovos em boas condi\u00e7\u00f5es de uso. O que for recolhido ser\u00e1 destinado \u00e0s crian\u00e7as em situa\u00e7\u00e3o de vulnerabilidade social.<\/div>\n<div dir=\"auto\"><\/div>\n<div dir=\"auto\">Para incentivar as doa\u00e7\u00f5es, o p\u00fablico que participar da a\u00e7\u00e3o solid\u00e1ria receber\u00e1 um cupom para concorrer\u00a0 a uma caixa com mais de 100 pr\u00eamios. O sorteio acontecer\u00e1 dia 4 de outubro, no Instagram @transformapetrolina.<\/div>\n<div dir=\"auto\"><\/div>\n<div dir=\"auto\">&#8220;O brinquedo cultiva esperan\u00e7a no cora\u00e7\u00e3o das crian\u00e7as.\u00a0 O evento &#8216;Te encontro no Parque&#8217; cumpre esse\u00a0 importante papel de proporcionar alegria aos pequenos e ainda incentivar a solidariedade no p\u00fablico presente&#8221;, destaca a coordenadora volunt\u00e1ria do Transforma Petrolina, Alinne Durando.<\/div>\n<div dir=\"auto\"><\/div>\n<div dir=\"auto\">&#8212;<\/div>\n<div dir=\"auto\"><\/div>\n<div dir=\"auto\">Texto: Nayra Lima &#8211; Assessora de Imprensa do Transforma Petrolina<\/div>\n<div class=\"yj6qo\"><\/div>\n<div class=\"adL\" dir=\"auto\"><\/div>\n","protected":false},"excerpt":{"rendered":"<p>Festival de comida, m\u00fasica e\u00a0 solidariedade. A edi\u00e7\u00e3o de primavera do evento &#8220;Te encontro no Parque&#8221; acontece nessa sexta-feira (16) e s\u00e1bado (17), a partir das 17h30, no estacionamento do Parque Josepha Coelho.\u00a0 A iniciativa \u00e9\u00a0 realizada pelo Grupo Bazar e\u00a0 conta com o apoio do Transforma Petrolina. O tradicional evento de cultura \u00e9 aberto ao p\u00fablico\u00a0 e nessa edi\u00e7\u00e3o vai\u00a0 comemorar\u00a0 o anivers\u00e1rio da cidade em ritmo de solidariedade.\u00a0 Um espa\u00e7o do Transforma Petrolina\u00a0 estar\u00e1 dispon\u00edvel durante os dois dias de programa\u00e7\u00e3o para receber brinquedos novos\u00a0 ou seminovos em boas condi\u00e7\u00f5es de uso. O que for recolhido ser\u00e1 destinado \u00e0s crian\u00e7as em situa\u00e7\u00e3o de vulnerabilidade social. Para incentivar as doa\u00e7\u00f5es, o p\u00fablico que participar da a\u00e7\u00e3o solid\u00e1ria receber\u00e1 um&hellip; <\/p>\n","protected":false},"author":2,"featured_media":322761,"comment_status":"open","ping_status":"open","sticky":false,"template":"","format":"standard","meta":{"_acf_changed":false,"footnotes":""},"categories":[22],"tags":[],"class_list":["post-322760","post","type-post","status-publish","format-standard","has-post-thumbnail","hentry","category-acao-social"],"acf":[],"yoast_head":"<!-- This site is optimized with the Yoast SEO plugin v27.4 - https:\/\/yoast.com\/product\/yoast-seo-wordpress\/ -->\n<title>Com apoio do Transforma Petrolina, &quot;Te encontro no Parque&quot; vai recolher brinquedos para doa\u00e7\u00e3o - Blog do Farn\u00e9sio<\/title>\n<meta name=\"robots\" content=\"index, follow, max-snippet:-1, max-image-preview:large, max-video-preview:-1\" \/>\n<link rel=\"canonical\" href=\"https:\/\/blogdofarnesio.com.br\/?p=322760\" \/>\n<meta property=\"og:locale\" content=\"pt_BR\" \/>\n<meta property=\"og:type\" content=\"article\" \/>\n<meta property=\"og:title\" content=\"Com apoio do Transforma Petrolina, &quot;Te encontro no Parque&quot; vai recolher brinquedos para doa\u00e7\u00e3o - Blog do Farn\u00e9sio\" \/>\n<meta property=\"og:description\" content=\"Festival de comida, m\u00fasica e\u00a0 solidariedade. A edi\u00e7\u00e3o de primavera do evento &#8220;Te encontro no Parque&#8221; acontece nessa sexta-feira (16) e s\u00e1bado (17), a partir das 17h30, no estacionamento do Parque Josepha Coelho.\u00a0 A iniciativa \u00e9\u00a0 realizada pelo Grupo Bazar e\u00a0 conta com o apoio do Transforma Petrolina. O tradicional evento de cultura \u00e9 aberto ao p\u00fablico\u00a0 e nessa edi\u00e7\u00e3o vai\u00a0 comemorar\u00a0 o anivers\u00e1rio da cidade em ritmo de solidariedade.\u00a0 Um espa\u00e7o do Transforma Petrolina\u00a0 estar\u00e1 dispon\u00edvel durante os dois dias de programa\u00e7\u00e3o para receber brinquedos novos\u00a0 ou seminovos em boas condi\u00e7\u00f5es de uso. O que for recolhido ser\u00e1 destinado \u00e0s crian\u00e7as em situa\u00e7\u00e3o de vulnerabilidade social. Para incentivar as doa\u00e7\u00f5es, o p\u00fablico que participar da a\u00e7\u00e3o solid\u00e1ria receber\u00e1 um&hellip;\" \/>\n<meta property=\"og:url\" content=\"https:\/\/blogdofarnesio.com.br\/?p=322760\" \/>\n<meta property=\"og:site_name\" content=\"Blog do Farn\u00e9sio\" \/>\n<meta property=\"article:publisher\" content=\"https:\/\/www.facebook.com\/BlogQuerSaberPolitica\/\" \/>\n<meta property=\"article:author\" content=\"https:\/\/www.facebook.com\/?ref=tn_tnmn\" \/>\n<meta property=\"article:published_time\" content=\"2022-09-16T12:23:30+00:00\" \/>\n<meta property=\"og:image\" content=\"https:\/\/blogdofarnesio.com.br\/wp-content\/uploads\/2022\/09\/IMG-20220913-WA0003-e1663091328951.jpg\" \/>\n\t<meta property=\"og:image:width\" content=\"450\" \/>\n\t<meta property=\"og:image:height\" content=\"364\" \/>\n\t<meta property=\"og:image:type\" content=\"image\/jpeg\" \/>\n<meta name=\"author\" content=\"Farn\u00e9sio\" \/>\n<meta name=\"twitter:card\" content=\"summary_large_image\" \/>\n<meta name=\"twitter:label1\" content=\"Escrito por\" \/>\n\t<meta name=\"twitter:data1\" content=\"Farn\u00e9sio\" \/>\n\t<meta name=\"twitter:label2\" content=\"Est. tempo de leitura\" \/>\n\t<meta name=\"twitter:data2\" content=\"2 minutos\" \/>\n<script type=\"application\/ld+json\" class=\"yoast-schema-graph\">{\"@context\":\"https:\\\/\\\/schema.org\",\"@graph\":[{\"@type\":\"Article\",\"@id\":\"https:\\\/\\\/blogdofarnesio.com.br\\\/?p=322760#article\",\"isPartOf\":{\"@id\":\"https:\\\/\\\/blogdofarnesio.com.br\\\/?p=322760\"},\"author\":{\"name\":\"Farn\u00e9sio\",\"@id\":\"https:\\\/\\\/blogdofarnesio.com.br\\\/#\\\/schema\\\/person\\\/bb9b23ae3ad0609ce8df7b6c9e76824d\"},\"headline\":\"Com apoio do Transforma Petrolina, &#8220;Te encontro no Parque&#8221; vai recolher brinquedos para doa\u00e7\u00e3o\",\"datePublished\":\"2022-09-16T12:23:30+00:00\",\"mainEntityOfPage\":{\"@id\":\"https:\\\/\\\/blogdofarnesio.com.br\\\/?p=322760\"},\"wordCount\":223,\"commentCount\":0,\"publisher\":{\"@id\":\"https:\\\/\\\/blogdofarnesio.com.br\\\/#organization\"},\"image\":{\"@id\":\"https:\\\/\\\/blogdofarnesio.com.br\\\/?p=322760#primaryimage\"},\"thumbnailUrl\":\"https:\\\/\\\/blogdofarnesio.com.br\\\/wp-content\\\/uploads\\\/2022\\\/09\\\/IMG-20220913-WA0003-e1663091328951.jpg\",\"articleSection\":[\"A\u00e7\u00e3o Social\"],\"inLanguage\":\"pt-BR\",\"potentialAction\":[{\"@type\":\"CommentAction\",\"name\":\"Comment\",\"target\":[\"https:\\\/\\\/blogdofarnesio.com.br\\\/?p=322760#respond\"]}]},{\"@type\":\"WebPage\",\"@id\":\"https:\\\/\\\/blogdofarnesio.com.br\\\/?p=322760\",\"url\":\"https:\\\/\\\/blogdofarnesio.com.br\\\/?p=322760\",\"name\":\"Com apoio do Transforma Petrolina, \\\"Te encontro no Parque\\\" vai recolher brinquedos para doa\u00e7\u00e3o - Blog do Farn\u00e9sio\",\"isPartOf\":{\"@id\":\"https:\\\/\\\/blogdofarnesio.com.br\\\/#website\"},\"primaryImageOfPage\":{\"@id\":\"https:\\\/\\\/blogdofarnesio.com.br\\\/?p=322760#primaryimage\"},\"image\":{\"@id\":\"https:\\\/\\\/blogdofarnesio.com.br\\\/?p=322760#primaryimage\"},\"thumbnailUrl\":\"https:\\\/\\\/blogdofarnesio.com.br\\\/wp-content\\\/uploads\\\/2022\\\/09\\\/IMG-20220913-WA0003-e1663091328951.jpg\",\"datePublished\":\"2022-09-16T12:23:30+00:00\",\"breadcrumb\":{\"@id\":\"https:\\\/\\\/blogdofarnesio.com.br\\\/?p=322760#breadcrumb\"},\"inLanguage\":\"pt-BR\",\"potentialAction\":[{\"@type\":\"ReadAction\",\"target\":[\"https:\\\/\\\/blogdofarnesio.com.br\\\/?p=322760\"]}]},{\"@type\":\"ImageObject\",\"inLanguage\":\"pt-BR\",\"@id\":\"https:\\\/\\\/blogdofarnesio.com.br\\\/?p=322760#primaryimage\",\"url\":\"https:\\\/\\\/blogdofarnesio.com.br\\\/wp-content\\\/uploads\\\/2022\\\/09\\\/IMG-20220913-WA0003-e1663091328951.jpg\",\"contentUrl\":\"https:\\\/\\\/blogdofarnesio.com.br\\\/wp-content\\\/uploads\\\/2022\\\/09\\\/IMG-20220913-WA0003-e1663091328951.jpg\",\"width\":450,\"height\":364},{\"@type\":\"BreadcrumbList\",\"@id\":\"https:\\\/\\\/blogdofarnesio.com.br\\\/?p=322760#breadcrumb\",\"itemListElement\":[{\"@type\":\"ListItem\",\"position\":1,\"name\":\"In\u00edcio\",\"item\":\"https:\\\/\\\/blogdofarnesio.com.br\\\/\"},{\"@type\":\"ListItem\",\"position\":2,\"name\":\"Com apoio do Transforma Petrolina, &#8220;Te encontro no Parque&#8221; vai recolher brinquedos para doa\u00e7\u00e3o\"}]},{\"@type\":\"WebSite\",\"@id\":\"https:\\\/\\\/blogdofarnesio.com.br\\\/#website\",\"url\":\"https:\\\/\\\/blogdofarnesio.com.br\\\/\",\"name\":\"Blog do Farn\u00e9sio\",\"description\":\"Quer Saber Pol\u00edtica?\",\"publisher\":{\"@id\":\"https:\\\/\\\/blogdofarnesio.com.br\\\/#organization\"},\"potentialAction\":[{\"@type\":\"SearchAction\",\"target\":{\"@type\":\"EntryPoint\",\"urlTemplate\":\"https:\\\/\\\/blogdofarnesio.com.br\\\/?s={search_term_string}\"},\"query-input\":{\"@type\":\"PropertyValueSpecification\",\"valueRequired\":true,\"valueName\":\"search_term_string\"}}],\"inLanguage\":\"pt-BR\"},{\"@type\":\"Organization\",\"@id\":\"https:\\\/\\\/blogdofarnesio.com.br\\\/#organization\",\"name\":\"Blog do Farn\u00e9sio\",\"url\":\"https:\\\/\\\/blogdofarnesio.com.br\\\/\",\"logo\":{\"@type\":\"ImageObject\",\"inLanguage\":\"pt-BR\",\"@id\":\"https:\\\/\\\/blogdofarnesio.com.br\\\/#\\\/schema\\\/logo\\\/image\\\/\",\"url\":\"https:\\\/\\\/blogdofarnesio.com.br\\\/wp-content\\\/uploads\\\/2026\\\/03\\\/cropped-logo_new-1.png\",\"contentUrl\":\"https:\\\/\\\/blogdofarnesio.com.br\\\/wp-content\\\/uploads\\\/2026\\\/03\\\/cropped-logo_new-1.png\",\"width\":881,\"height\":685,\"caption\":\"Blog do Farn\u00e9sio\"},\"image\":{\"@id\":\"https:\\\/\\\/blogdofarnesio.com.br\\\/#\\\/schema\\\/logo\\\/image\\\/\"},\"sameAs\":[\"https:\\\/\\\/www.facebook.com\\\/BlogQuerSaberPolitica\\\/\"]},{\"@type\":\"Person\",\"@id\":\"https:\\\/\\\/blogdofarnesio.com.br\\\/#\\\/schema\\\/person\\\/bb9b23ae3ad0609ce8df7b6c9e76824d\",\"name\":\"Farn\u00e9sio\",\"image\":{\"@type\":\"ImageObject\",\"inLanguage\":\"pt-BR\",\"@id\":\"https:\\\/\\\/secure.gravatar.com\\\/avatar\\\/986aa4c61ccdb66f8555bf88fc2a65609d00bcabd4d2d94377a727547345cbca?s=96&d=mm&r=g\",\"url\":\"https:\\\/\\\/secure.gravatar.com\\\/avatar\\\/986aa4c61ccdb66f8555bf88fc2a65609d00bcabd4d2d94377a727547345cbca?s=96&d=mm&r=g\",\"contentUrl\":\"https:\\\/\\\/secure.gravatar.com\\\/avatar\\\/986aa4c61ccdb66f8555bf88fc2a65609d00bcabd4d2d94377a727547345cbca?s=96&d=mm&r=g\",\"caption\":\"Farn\u00e9sio\"},\"description\":\"Radialista blogueiro, chegou a Petrolina\\\/Juazeiro em setembro de 1980, Farn\u00e9sio Silva \u00e9 de Arapiraca-Alagoas.\",\"sameAs\":[\"http:\\\/\\\/blogdofarnesio.com.br\",\"https:\\\/\\\/www.facebook.com\\\/?ref=tn_tnmn\",\"https:\\\/\\\/www.instagram.com\\\/?utm_source=pwa_homescreen\",\"https:\\\/\\\/youtube.com.br\\\/\"],\"url\":\"https:\\\/\\\/blogdofarnesio.com.br\\\/?author=2\"}]}<\/script>\n<!-- \/ Yoast SEO plugin. -->","yoast_head_json":{"title":"Com apoio do Transforma Petrolina, \"Te encontro no Parque\" vai recolher brinquedos para doa\u00e7\u00e3o - Blog do Farn\u00e9sio","robots":{"index":"index","follow":"follow","max-snippet":"max-snippet:-1","max-image-preview":"max-image-preview:large","max-video-preview":"max-video-preview:-1"},"canonical":"https:\/\/blogdofarnesio.com.br\/?p=322760","og_locale":"pt_BR","og_type":"article","og_title":"Com apoio do Transforma Petrolina, \"Te encontro no Parque\" vai recolher brinquedos para doa\u00e7\u00e3o - Blog do Farn\u00e9sio","og_description":"Festival de comida, m\u00fasica e\u00a0 solidariedade. A edi\u00e7\u00e3o de primavera do evento &#8220;Te encontro no Parque&#8221; acontece nessa sexta-feira (16) e s\u00e1bado (17), a partir das 17h30, no estacionamento do Parque Josepha Coelho.\u00a0 A iniciativa \u00e9\u00a0 realizada pelo Grupo Bazar e\u00a0 conta com o apoio do Transforma Petrolina. O tradicional evento de cultura \u00e9 aberto ao p\u00fablico\u00a0 e nessa edi\u00e7\u00e3o vai\u00a0 comemorar\u00a0 o anivers\u00e1rio da cidade em ritmo de solidariedade.\u00a0 Um espa\u00e7o do Transforma Petrolina\u00a0 estar\u00e1 dispon\u00edvel durante os dois dias de programa\u00e7\u00e3o para receber brinquedos novos\u00a0 ou seminovos em boas condi\u00e7\u00f5es de uso. O que for recolhido ser\u00e1 destinado \u00e0s crian\u00e7as em situa\u00e7\u00e3o de vulnerabilidade social. Para incentivar as doa\u00e7\u00f5es, o p\u00fablico que participar da a\u00e7\u00e3o solid\u00e1ria receber\u00e1 um&hellip;","og_url":"https:\/\/blogdofarnesio.com.br\/?p=322760","og_site_name":"Blog do Farn\u00e9sio","article_publisher":"https:\/\/www.facebook.com\/BlogQuerSaberPolitica\/","article_author":"https:\/\/www.facebook.com\/?ref=tn_tnmn","article_published_time":"2022-09-16T12:23:30+00:00","og_image":[{"width":450,"height":364,"url":"https:\/\/blogdofarnesio.com.br\/wp-content\/uploads\/2022\/09\/IMG-20220913-WA0003-e1663091328951.jpg","type":"image\/jpeg"}],"author":"Farn\u00e9sio","twitter_card":"summary_large_image","twitter_misc":{"Escrito por":"Farn\u00e9sio","Est. tempo de leitura":"2 minutos"},"schema":{"@context":"https:\/\/schema.org","@graph":[{"@type":"Article","@id":"https:\/\/blogdofarnesio.com.br\/?p=322760#article","isPartOf":{"@id":"https:\/\/blogdofarnesio.com.br\/?p=322760"},"author":{"name":"Farn\u00e9sio","@id":"https:\/\/blogdofarnesio.com.br\/#\/schema\/person\/bb9b23ae3ad0609ce8df7b6c9e76824d"},"headline":"Com apoio do Transforma Petrolina, &#8220;Te encontro no Parque&#8221; vai recolher brinquedos para doa\u00e7\u00e3o","datePublished":"2022-09-16T12:23:30+00:00","mainEntityOfPage":{"@id":"https:\/\/blogdofarnesio.com.br\/?p=322760"},"wordCount":223,"commentCount":0,"publisher":{"@id":"https:\/\/blogdofarnesio.com.br\/#organization"},"image":{"@id":"https:\/\/blogdofarnesio.com.br\/?p=322760#primaryimage"},"thumbnailUrl":"https:\/\/blogdofarnesio.com.br\/wp-content\/uploads\/2022\/09\/IMG-20220913-WA0003-e1663091328951.jpg","articleSection":["A\u00e7\u00e3o Social"],"inLanguage":"pt-BR","potentialAction":[{"@type":"CommentAction","name":"Comment","target":["https:\/\/blogdofarnesio.com.br\/?p=322760#respond"]}]},{"@type":"WebPage","@id":"https:\/\/blogdofarnesio.com.br\/?p=322760","url":"https:\/\/blogdofarnesio.com.br\/?p=322760","name":"Com apoio do Transforma Petrolina, \"Te encontro no Parque\" vai recolher brinquedos para doa\u00e7\u00e3o - Blog do Farn\u00e9sio","isPartOf":{"@id":"https:\/\/blogdofarnesio.com.br\/#website"},"primaryImageOfPage":{"@id":"https:\/\/blogdofarnesio.com.br\/?p=322760#primaryimage"},"image":{"@id":"https:\/\/blogdofarnesio.com.br\/?p=322760#primaryimage"},"thumbnailUrl":"https:\/\/blogdofarnesio.com.br\/wp-content\/uploads\/2022\/09\/IMG-20220913-WA0003-e1663091328951.jpg","datePublished":"2022-09-16T12:23:30+00:00","breadcrumb":{"@id":"https:\/\/blogdofarnesio.com.br\/?p=322760#breadcrumb"},"inLanguage":"pt-BR","potentialAction":[{"@type":"ReadAction","target":["https:\/\/blogdofarnesio.com.br\/?p=322760"]}]},{"@type":"ImageObject","inLanguage":"pt-BR","@id":"https:\/\/blogdofarnesio.com.br\/?p=322760#primaryimage","url":"https:\/\/blogdofarnesio.com.br\/wp-content\/uploads\/2022\/09\/IMG-20220913-WA0003-e1663091328951.jpg","contentUrl":"https:\/\/blogdofarnesio.com.br\/wp-content\/uploads\/2022\/09\/IMG-20220913-WA0003-e1663091328951.jpg","width":450,"height":364},{"@type":"BreadcrumbList","@id":"https:\/\/blogdofarnesio.com.br\/?p=322760#breadcrumb","itemListElement":[{"@type":"ListItem","position":1,"name":"In\u00edcio","item":"https:\/\/blogdofarnesio.com.br\/"},{"@type":"ListItem","position":2,"name":"Com apoio do Transforma Petrolina, &#8220;Te encontro no Parque&#8221; vai recolher brinquedos para doa\u00e7\u00e3o"}]},{"@type":"WebSite","@id":"https:\/\/blogdofarnesio.com.br\/#website","url":"https:\/\/blogdofarnesio.com.br\/","name":"Blog do Farn\u00e9sio","description":"Quer Saber Pol\u00edtica?","publisher":{"@id":"https:\/\/blogdofarnesio.com.br\/#organization"},"potentialAction":[{"@type":"SearchAction","target":{"@type":"EntryPoint","urlTemplate":"https:\/\/blogdofarnesio.com.br\/?s={search_term_string}"},"query-input":{"@type":"PropertyValueSpecification","valueRequired":true,"valueName":"search_term_string"}}],"inLanguage":"pt-BR"},{"@type":"Organization","@id":"https:\/\/blogdofarnesio.com.br\/#organization","name":"Blog do Farn\u00e9sio","url":"https:\/\/blogdofarnesio.com.br\/","logo":{"@type":"ImageObject","inLanguage":"pt-BR","@id":"https:\/\/blogdofarnesio.com.br\/#\/schema\/logo\/image\/","url":"https:\/\/blogdofarnesio.com.br\/wp-content\/uploads\/2026\/03\/cropped-logo_new-1.png","contentUrl":"https:\/\/blogdofarnesio.com.br\/wp-content\/uploads\/2026\/03\/cropped-logo_new-1.png","width":881,"height":685,"caption":"Blog do Farn\u00e9sio"},"image":{"@id":"https:\/\/blogdofarnesio.com.br\/#\/schema\/logo\/image\/"},"sameAs":["https:\/\/www.facebook.com\/BlogQuerSaberPolitica\/"]},{"@type":"Person","@id":"https:\/\/blogdofarnesio.com.br\/#\/schema\/person\/bb9b23ae3ad0609ce8df7b6c9e76824d","name":"Farn\u00e9sio","image":{"@type":"ImageObject","inLanguage":"pt-BR","@id":"https:\/\/secure.gravatar.com\/avatar\/986aa4c61ccdb66f8555bf88fc2a65609d00bcabd4d2d94377a727547345cbca?s=96&d=mm&r=g","url":"https:\/\/secure.gravatar.com\/avatar\/986aa4c61ccdb66f8555bf88fc2a65609d00bcabd4d2d94377a727547345cbca?s=96&d=mm&r=g","contentUrl":"https:\/\/secure.gravatar.com\/avatar\/986aa4c61ccdb66f8555bf88fc2a65609d00bcabd4d2d94377a727547345cbca?s=96&d=mm&r=g","caption":"Farn\u00e9sio"},"description":"Radialista blogueiro, chegou a Petrolina\/Juazeiro em setembro de 1980, Farn\u00e9sio Silva \u00e9 de Arapiraca-Alagoas.","sameAs":["http:\/\/blogdofarnesio.com.br","https:\/\/www.facebook.com\/?ref=tn_tnmn","https:\/\/www.instagram.com\/?utm_source=pwa_homescreen","https:\/\/youtube.com.br\/"],"url":"https:\/\/blogdofarnesio.com.br\/?author=2"}]}},"_links":{"self":[{"href":"https:\/\/blogdofarnesio.com.br\/index.php?rest_route=\/wp\/v2\/posts\/322760","targetHints":{"allow":["GET"]}}],"collection":[{"href":"https:\/\/blogdofarnesio.com.br\/index.php?rest_route=\/wp\/v2\/posts"}],"about":[{"href":"https:\/\/blogdofarnesio.com.br\/index.php?rest_route=\/wp\/v2\/types\/post"}],"author":[{"embeddable":true,"href":"https:\/\/blogdofarnesio.com.br\/index.php?rest_route=\/wp\/v2\/users\/2"}],"replies":[{"embeddable":true,"href":"https:\/\/blogdofarnesio.com.br\/index.php?rest_route=%2Fwp%2Fv2%2Fcomments&post=322760"}],"version-history":[{"count":0,"href":"https:\/\/blogdofarnesio.com.br\/index.php?rest_route=\/wp\/v2\/posts\/322760\/revisions"}],"wp:featuredmedia":[{"embeddable":true,"href":"https:\/\/blogdofarnesio.com.br\/index.php?rest_route=\/wp\/v2\/media\/322761"}],"wp:attachment":[{"href":"https:\/\/blogdofarnesio.com.br\/index.php?rest_route=%2Fwp%2Fv2%2Fmedia&parent=322760"}],"wp:term":[{"taxonomy":"category","embeddable":true,"href":"https:\/\/blogdofarnesio.com.br\/index.php?rest_route=%2Fwp%2Fv2%2Fcategories&post=322760"},{"taxonomy":"post_tag","embeddable":true,"href":"https:\/\/blogdofarnesio.com.br\/index.php?rest_route=%2Fwp%2Fv2%2Ftags&post=322760"}],"curies":[{"name":"wp","href":"https:\/\/api.w.org\/{rel}","templated":true}]}}