{"id":32259,"date":"2013-03-18T15:00:14","date_gmt":"2013-03-18T18:00:14","guid":{"rendered":"http:\/\/www.quersaberpolitica.com.br\/?p=32259"},"modified":"2013-03-18T10:45:50","modified_gmt":"2013-03-18T13:45:50","slug":"medeiros-apresenta-indicacao-para-reajuste-salarial-dos-demais-servidores-da-educacao","status":"publish","type":"post","link":"https:\/\/blogdofarnesio.com.br\/2013\/03\/medeiros-apresenta-indicacao-para-reajuste-salarial-dos-demais-servidores-da-educacao\/","title":{"rendered":"MEDEIROS APRESENTA INDICA\u00c7\u00c3O PARA REAJUSTE SALARIAL DOS DEMAIS SERVIDORES DA EDUCA\u00c7\u00c3O"},"content":{"rendered":"<p style=\"text-align: justify\"><a href=\"http:\/\/www.quersaberpolitica.com.br\/2016\/wp-content\/uploads\/2013\/01\/blogqsp.medeiros.jpg\"><img loading=\"lazy\" decoding=\"async\" class=\"alignleft size-full wp-image-24135\" alt=\"blogqsp.medeiros\" src=\"http:\/\/www.quersaberpolitica.com.br\/2016\/wp-content\/uploads\/2013\/01\/blogqsp.medeiros.jpg\" width=\"300\" height=\"225\" \/><\/a>O vereador Jos\u00e9 Carlos Medeiros (PV) apresentou na \u00faltima semana \u00e0 Mesa diretora da C\u00e2mara, uma indica\u00e7\u00e3o solicitando do governo municipal o envio de um Projeto de Lei que incorpore igual aumento salarial aos vencimentos dos demais servidores da Educa\u00e7\u00e3o, em especial aos veiculados \u00e0 parte administrativa das escolas.<\/p>\n<p style=\"text-align: justify\">Caso o governo envie o projeto indicado por Medeiros, secret\u00e1rias, merendeiras, auxiliares de servi\u00e7os gerais, porteiros e demais profissionais que comp\u00f5es o quadro, ser\u00e3o contemplados com o reajuste salarial j\u00e1 aprovado para professores, diretores e coordenadores. O parlamentar espera que o governo se sensibilize e envie o projeto em breve para a aprecia\u00e7\u00e3o dos vereadores.<!--more--><\/p>\n<p style=\"text-align: justify\">\u201cO reajuste dos demais funcion\u00e1rios da Educa\u00e7\u00e3o \u00e9 necess\u00e1rio para que a valoriza\u00e7\u00e3o profissional do setor aconte\u00e7a para todas as categorias, sem exclus\u00e3o. O governo tem a obriga\u00e7\u00e3o de fazer essa repara\u00e7\u00e3o o quanto antes\u201d, pontua.<\/p>\n<p style=\"text-align: justify\">Na justificativa, Medeiros afirmou que \u00e9 necess\u00e1rio que todos os profissionais que colaboram com a educa\u00e7\u00e3o do munic\u00edpio sejam valorizados e muito bem remunerados. \u201cA educa\u00e7\u00e3o se faz tamb\u00e9m com a estrutura da escola funcionando bem. Al\u00e9m dos professores, diretores e coordenadores, os demais funcion\u00e1rios colaboram, cada um em sua atividade, para o bem estar do ambiente escolar e para o bom andamento da aprendizagem do aluno, pois d\u00e3o suporte para o trabalho desenvolvido na sala de aula\u201d, explicou.<\/p>\n","protected":false},"excerpt":{"rendered":"<p>O vereador Jos\u00e9 Carlos Medeiros (PV) apresentou na \u00faltima semana \u00e0 Mesa diretora da C\u00e2mara, uma indica\u00e7\u00e3o solicitando do governo municipal o envio de um Projeto de Lei que incorpore igual aumento salarial aos vencimentos dos demais servidores da Educa\u00e7\u00e3o, em especial aos veiculados \u00e0 parte administrativa das escolas. Caso o governo envie o projeto indicado por Medeiros, secret\u00e1rias, merendeiras, auxiliares de servi\u00e7os gerais, porteiros e demais profissionais que comp\u00f5es o quadro, ser\u00e3o contemplados com o reajuste salarial j\u00e1 aprovado para professores, diretores e coordenadores. O parlamentar espera que o governo se sensibilize e envie o projeto em breve para a aprecia\u00e7\u00e3o dos vereadores.<\/p>\n","protected":false},"author":3,"featured_media":0,"comment_status":"open","ping_status":"open","sticky":false,"template":"","format":"standard","meta":{"_acf_changed":false,"footnotes":""},"categories":[1],"tags":[],"class_list":["post-32259","post","type-post","status-publish","format-standard","hentry","category-politica"],"acf":[],"yoast_head":"<!-- This site is optimized with the Yoast SEO plugin v27.5 - https:\/\/yoast.com\/product\/yoast-seo-wordpress\/ -->\n<title>MEDEIROS APRESENTA INDICA\u00c7\u00c3O PARA REAJUSTE SALARIAL DOS DEMAIS SERVIDORES DA EDUCA\u00c7\u00c3O - Blog do Farn\u00e9sio<\/title>\n<meta name=\"robots\" content=\"index, follow, max-snippet:-1, max-image-preview:large, max-video-preview:-1\" \/>\n<link rel=\"canonical\" href=\"https:\/\/blogdofarnesio.com.br\/2013\/03\/medeiros-apresenta-indicacao-para-reajuste-salarial-dos-demais-servidores-da-educacao\/\" \/>\n<meta property=\"og:locale\" content=\"pt_BR\" \/>\n<meta property=\"og:type\" content=\"article\" \/>\n<meta property=\"og:title\" content=\"MEDEIROS APRESENTA INDICA\u00c7\u00c3O PARA REAJUSTE SALARIAL DOS DEMAIS SERVIDORES DA EDUCA\u00c7\u00c3O - Blog do Farn\u00e9sio\" \/>\n<meta property=\"og:description\" content=\"O vereador Jos\u00e9 Carlos Medeiros (PV) apresentou na \u00faltima semana \u00e0 Mesa diretora da C\u00e2mara, uma indica\u00e7\u00e3o solicitando do governo municipal o envio de um Projeto de Lei que incorpore igual aumento salarial aos vencimentos dos demais servidores da Educa\u00e7\u00e3o, em especial aos veiculados \u00e0 parte administrativa das escolas. Caso o governo envie o projeto indicado por Medeiros, secret\u00e1rias, merendeiras, auxiliares de servi\u00e7os gerais, porteiros e demais profissionais que comp\u00f5es o quadro, ser\u00e3o contemplados com o reajuste salarial j\u00e1 aprovado para professores, diretores e coordenadores. O parlamentar espera que o governo se sensibilize e envie o projeto em breve para a aprecia\u00e7\u00e3o dos vereadores.\" \/>\n<meta property=\"og:url\" content=\"https:\/\/blogdofarnesio.com.br\/2013\/03\/medeiros-apresenta-indicacao-para-reajuste-salarial-dos-demais-servidores-da-educacao\/\" \/>\n<meta property=\"og:site_name\" content=\"Blog do Farn\u00e9sio\" \/>\n<meta property=\"article:publisher\" content=\"https:\/\/www.facebook.com\/BlogQuerSaberPolitica\/\" \/>\n<meta property=\"article:published_time\" content=\"2013-03-18T18:00:14+00:00\" \/>\n<meta property=\"og:image\" content=\"http:\/\/www.quersaberpolitica.com.br\/2016\/wp-content\/uploads\/2013\/01\/blogqsp.medeiros.jpg\" \/>\n<meta name=\"author\" content=\"teste\" \/>\n<meta name=\"twitter:card\" content=\"summary_large_image\" \/>\n<meta name=\"twitter:label1\" content=\"Escrito por\" \/>\n\t<meta name=\"twitter:data1\" content=\"teste\" \/>\n\t<meta name=\"twitter:label2\" content=\"Est. tempo de leitura\" \/>\n\t<meta name=\"twitter:data2\" content=\"1 minuto\" \/>\n<script type=\"application\/ld+json\" class=\"yoast-schema-graph\">{\"@context\":\"https:\\\/\\\/schema.org\",\"@graph\":[{\"@type\":\"Article\",\"@id\":\"https:\\\/\\\/blogdofarnesio.com.br\\\/2013\\\/03\\\/medeiros-apresenta-indicacao-para-reajuste-salarial-dos-demais-servidores-da-educacao\\\/#article\",\"isPartOf\":{\"@id\":\"https:\\\/\\\/blogdofarnesio.com.br\\\/2013\\\/03\\\/medeiros-apresenta-indicacao-para-reajuste-salarial-dos-demais-servidores-da-educacao\\\/\"},\"author\":{\"name\":\"teste\",\"@id\":\"https:\\\/\\\/blogdofarnesio.com.br\\\/#\\\/schema\\\/person\\\/dd1bf5eba40b687199ba45ca6b97dff9\"},\"headline\":\"MEDEIROS APRESENTA INDICA\u00c7\u00c3O PARA REAJUSTE SALARIAL DOS DEMAIS SERVIDORES DA EDUCA\u00c7\u00c3O\",\"datePublished\":\"2013-03-18T18:00:14+00:00\",\"mainEntityOfPage\":{\"@id\":\"https:\\\/\\\/blogdofarnesio.com.br\\\/2013\\\/03\\\/medeiros-apresenta-indicacao-para-reajuste-salarial-dos-demais-servidores-da-educacao\\\/\"},\"wordCount\":252,\"commentCount\":1,\"publisher\":{\"@id\":\"https:\\\/\\\/blogdofarnesio.com.br\\\/#organization\"},\"image\":{\"@id\":\"https:\\\/\\\/blogdofarnesio.com.br\\\/2013\\\/03\\\/medeiros-apresenta-indicacao-para-reajuste-salarial-dos-demais-servidores-da-educacao\\\/#primaryimage\"},\"thumbnailUrl\":\"http:\\\/\\\/www.quersaberpolitica.com.br\\\/2016\\\/wp-content\\\/uploads\\\/2013\\\/01\\\/blogqsp.medeiros.jpg\",\"articleSection\":[\"Pol\u00edtica\"],\"inLanguage\":\"pt-BR\",\"potentialAction\":[{\"@type\":\"CommentAction\",\"name\":\"Comment\",\"target\":[\"https:\\\/\\\/blogdofarnesio.com.br\\\/2013\\\/03\\\/medeiros-apresenta-indicacao-para-reajuste-salarial-dos-demais-servidores-da-educacao\\\/#respond\"]}]},{\"@type\":\"WebPage\",\"@id\":\"https:\\\/\\\/blogdofarnesio.com.br\\\/2013\\\/03\\\/medeiros-apresenta-indicacao-para-reajuste-salarial-dos-demais-servidores-da-educacao\\\/\",\"url\":\"https:\\\/\\\/blogdofarnesio.com.br\\\/2013\\\/03\\\/medeiros-apresenta-indicacao-para-reajuste-salarial-dos-demais-servidores-da-educacao\\\/\",\"name\":\"MEDEIROS APRESENTA INDICA\u00c7\u00c3O PARA REAJUSTE SALARIAL DOS DEMAIS SERVIDORES DA EDUCA\u00c7\u00c3O - Blog do Farn\u00e9sio\",\"isPartOf\":{\"@id\":\"https:\\\/\\\/blogdofarnesio.com.br\\\/#website\"},\"primaryImageOfPage\":{\"@id\":\"https:\\\/\\\/blogdofarnesio.com.br\\\/2013\\\/03\\\/medeiros-apresenta-indicacao-para-reajuste-salarial-dos-demais-servidores-da-educacao\\\/#primaryimage\"},\"image\":{\"@id\":\"https:\\\/\\\/blogdofarnesio.com.br\\\/2013\\\/03\\\/medeiros-apresenta-indicacao-para-reajuste-salarial-dos-demais-servidores-da-educacao\\\/#primaryimage\"},\"thumbnailUrl\":\"http:\\\/\\\/www.quersaberpolitica.com.br\\\/2016\\\/wp-content\\\/uploads\\\/2013\\\/01\\\/blogqsp.medeiros.jpg\",\"datePublished\":\"2013-03-18T18:00:14+00:00\",\"breadcrumb\":{\"@id\":\"https:\\\/\\\/blogdofarnesio.com.br\\\/2013\\\/03\\\/medeiros-apresenta-indicacao-para-reajuste-salarial-dos-demais-servidores-da-educacao\\\/#breadcrumb\"},\"inLanguage\":\"pt-BR\",\"potentialAction\":[{\"@type\":\"ReadAction\",\"target\":[\"https:\\\/\\\/blogdofarnesio.com.br\\\/2013\\\/03\\\/medeiros-apresenta-indicacao-para-reajuste-salarial-dos-demais-servidores-da-educacao\\\/\"]}]},{\"@type\":\"ImageObject\",\"inLanguage\":\"pt-BR\",\"@id\":\"https:\\\/\\\/blogdofarnesio.com.br\\\/2013\\\/03\\\/medeiros-apresenta-indicacao-para-reajuste-salarial-dos-demais-servidores-da-educacao\\\/#primaryimage\",\"url\":\"http:\\\/\\\/www.quersaberpolitica.com.br\\\/2016\\\/wp-content\\\/uploads\\\/2013\\\/01\\\/blogqsp.medeiros.jpg\",\"contentUrl\":\"http:\\\/\\\/www.quersaberpolitica.com.br\\\/2016\\\/wp-content\\\/uploads\\\/2013\\\/01\\\/blogqsp.medeiros.jpg\"},{\"@type\":\"BreadcrumbList\",\"@id\":\"https:\\\/\\\/blogdofarnesio.com.br\\\/2013\\\/03\\\/medeiros-apresenta-indicacao-para-reajuste-salarial-dos-demais-servidores-da-educacao\\\/#breadcrumb\",\"itemListElement\":[{\"@type\":\"ListItem\",\"position\":1,\"name\":\"In\u00edcio\",\"item\":\"https:\\\/\\\/blogdofarnesio.com.br\\\/\"},{\"@type\":\"ListItem\",\"position\":2,\"name\":\"MEDEIROS APRESENTA INDICA\u00c7\u00c3O PARA REAJUSTE SALARIAL DOS DEMAIS SERVIDORES DA EDUCA\u00c7\u00c3O\"}]},{\"@type\":\"WebSite\",\"@id\":\"https:\\\/\\\/blogdofarnesio.com.br\\\/#website\",\"url\":\"https:\\\/\\\/blogdofarnesio.com.br\\\/\",\"name\":\"Blog do Farn\u00e9sio\",\"description\":\"Quer Saber Pol\u00edtica?\",\"publisher\":{\"@id\":\"https:\\\/\\\/blogdofarnesio.com.br\\\/#organization\"},\"potentialAction\":[{\"@type\":\"SearchAction\",\"target\":{\"@type\":\"EntryPoint\",\"urlTemplate\":\"https:\\\/\\\/blogdofarnesio.com.br\\\/?s={search_term_string}\"},\"query-input\":{\"@type\":\"PropertyValueSpecification\",\"valueRequired\":true,\"valueName\":\"search_term_string\"}}],\"inLanguage\":\"pt-BR\"},{\"@type\":\"Organization\",\"@id\":\"https:\\\/\\\/blogdofarnesio.com.br\\\/#organization\",\"name\":\"Blog do Farn\u00e9sio\",\"url\":\"https:\\\/\\\/blogdofarnesio.com.br\\\/\",\"logo\":{\"@type\":\"ImageObject\",\"inLanguage\":\"pt-BR\",\"@id\":\"https:\\\/\\\/blogdofarnesio.com.br\\\/#\\\/schema\\\/logo\\\/image\\\/\",\"url\":\"https:\\\/\\\/blogdofarnesio.com.br\\\/wp-content\\\/uploads\\\/2026\\\/03\\\/cropped-logo_new-1.png\",\"contentUrl\":\"https:\\\/\\\/blogdofarnesio.com.br\\\/wp-content\\\/uploads\\\/2026\\\/03\\\/cropped-logo_new-1.png\",\"width\":881,\"height\":685,\"caption\":\"Blog do Farn\u00e9sio\"},\"image\":{\"@id\":\"https:\\\/\\\/blogdofarnesio.com.br\\\/#\\\/schema\\\/logo\\\/image\\\/\"},\"sameAs\":[\"https:\\\/\\\/www.facebook.com\\\/BlogQuerSaberPolitica\\\/\"]},{\"@type\":\"Person\",\"@id\":\"https:\\\/\\\/blogdofarnesio.com.br\\\/#\\\/schema\\\/person\\\/dd1bf5eba40b687199ba45ca6b97dff9\",\"name\":\"teste\",\"image\":{\"@type\":\"ImageObject\",\"inLanguage\":\"pt-BR\",\"@id\":\"https:\\\/\\\/secure.gravatar.com\\\/avatar\\\/2172498d4914b51e1d89a0f97957b035ac4938723a5cac208135d389b6972a6d?s=96&d=mm&r=g\",\"url\":\"https:\\\/\\\/secure.gravatar.com\\\/avatar\\\/2172498d4914b51e1d89a0f97957b035ac4938723a5cac208135d389b6972a6d?s=96&d=mm&r=g\",\"contentUrl\":\"https:\\\/\\\/secure.gravatar.com\\\/avatar\\\/2172498d4914b51e1d89a0f97957b035ac4938723a5cac208135d389b6972a6d?s=96&d=mm&r=g\",\"caption\":\"teste\"},\"url\":\"https:\\\/\\\/blogdofarnesio.com.br\\\/author\\\/teste\\\/\"}]}<\/script>\n<!-- \/ Yoast SEO plugin. -->","yoast_head_json":{"title":"MEDEIROS APRESENTA INDICA\u00c7\u00c3O PARA REAJUSTE SALARIAL DOS DEMAIS SERVIDORES DA EDUCA\u00c7\u00c3O - Blog do Farn\u00e9sio","robots":{"index":"index","follow":"follow","max-snippet":"max-snippet:-1","max-image-preview":"max-image-preview:large","max-video-preview":"max-video-preview:-1"},"canonical":"https:\/\/blogdofarnesio.com.br\/2013\/03\/medeiros-apresenta-indicacao-para-reajuste-salarial-dos-demais-servidores-da-educacao\/","og_locale":"pt_BR","og_type":"article","og_title":"MEDEIROS APRESENTA INDICA\u00c7\u00c3O PARA REAJUSTE SALARIAL DOS DEMAIS SERVIDORES DA EDUCA\u00c7\u00c3O - Blog do Farn\u00e9sio","og_description":"O vereador Jos\u00e9 Carlos Medeiros (PV) apresentou na \u00faltima semana \u00e0 Mesa diretora da C\u00e2mara, uma indica\u00e7\u00e3o solicitando do governo municipal o envio de um Projeto de Lei que incorpore igual aumento salarial aos vencimentos dos demais servidores da Educa\u00e7\u00e3o, em especial aos veiculados \u00e0 parte administrativa das escolas. Caso o governo envie o projeto indicado por Medeiros, secret\u00e1rias, merendeiras, auxiliares de servi\u00e7os gerais, porteiros e demais profissionais que comp\u00f5es o quadro, ser\u00e3o contemplados com o reajuste salarial j\u00e1 aprovado para professores, diretores e coordenadores. O parlamentar espera que o governo se sensibilize e envie o projeto em breve para a aprecia\u00e7\u00e3o dos vereadores.","og_url":"https:\/\/blogdofarnesio.com.br\/2013\/03\/medeiros-apresenta-indicacao-para-reajuste-salarial-dos-demais-servidores-da-educacao\/","og_site_name":"Blog do Farn\u00e9sio","article_publisher":"https:\/\/www.facebook.com\/BlogQuerSaberPolitica\/","article_published_time":"2013-03-18T18:00:14+00:00","og_image":[{"url":"http:\/\/www.quersaberpolitica.com.br\/2016\/wp-content\/uploads\/2013\/01\/blogqsp.medeiros.jpg","type":"","width":"","height":""}],"author":"teste","twitter_card":"summary_large_image","twitter_misc":{"Escrito por":"teste","Est. tempo de leitura":"1 minuto"},"schema":{"@context":"https:\/\/schema.org","@graph":[{"@type":"Article","@id":"https:\/\/blogdofarnesio.com.br\/2013\/03\/medeiros-apresenta-indicacao-para-reajuste-salarial-dos-demais-servidores-da-educacao\/#article","isPartOf":{"@id":"https:\/\/blogdofarnesio.com.br\/2013\/03\/medeiros-apresenta-indicacao-para-reajuste-salarial-dos-demais-servidores-da-educacao\/"},"author":{"name":"teste","@id":"https:\/\/blogdofarnesio.com.br\/#\/schema\/person\/dd1bf5eba40b687199ba45ca6b97dff9"},"headline":"MEDEIROS APRESENTA INDICA\u00c7\u00c3O PARA REAJUSTE SALARIAL DOS DEMAIS SERVIDORES DA EDUCA\u00c7\u00c3O","datePublished":"2013-03-18T18:00:14+00:00","mainEntityOfPage":{"@id":"https:\/\/blogdofarnesio.com.br\/2013\/03\/medeiros-apresenta-indicacao-para-reajuste-salarial-dos-demais-servidores-da-educacao\/"},"wordCount":252,"commentCount":1,"publisher":{"@id":"https:\/\/blogdofarnesio.com.br\/#organization"},"image":{"@id":"https:\/\/blogdofarnesio.com.br\/2013\/03\/medeiros-apresenta-indicacao-para-reajuste-salarial-dos-demais-servidores-da-educacao\/#primaryimage"},"thumbnailUrl":"http:\/\/www.quersaberpolitica.com.br\/2016\/wp-content\/uploads\/2013\/01\/blogqsp.medeiros.jpg","articleSection":["Pol\u00edtica"],"inLanguage":"pt-BR","potentialAction":[{"@type":"CommentAction","name":"Comment","target":["https:\/\/blogdofarnesio.com.br\/2013\/03\/medeiros-apresenta-indicacao-para-reajuste-salarial-dos-demais-servidores-da-educacao\/#respond"]}]},{"@type":"WebPage","@id":"https:\/\/blogdofarnesio.com.br\/2013\/03\/medeiros-apresenta-indicacao-para-reajuste-salarial-dos-demais-servidores-da-educacao\/","url":"https:\/\/blogdofarnesio.com.br\/2013\/03\/medeiros-apresenta-indicacao-para-reajuste-salarial-dos-demais-servidores-da-educacao\/","name":"MEDEIROS APRESENTA INDICA\u00c7\u00c3O PARA REAJUSTE SALARIAL DOS DEMAIS SERVIDORES DA EDUCA\u00c7\u00c3O - Blog do Farn\u00e9sio","isPartOf":{"@id":"https:\/\/blogdofarnesio.com.br\/#website"},"primaryImageOfPage":{"@id":"https:\/\/blogdofarnesio.com.br\/2013\/03\/medeiros-apresenta-indicacao-para-reajuste-salarial-dos-demais-servidores-da-educacao\/#primaryimage"},"image":{"@id":"https:\/\/blogdofarnesio.com.br\/2013\/03\/medeiros-apresenta-indicacao-para-reajuste-salarial-dos-demais-servidores-da-educacao\/#primaryimage"},"thumbnailUrl":"http:\/\/www.quersaberpolitica.com.br\/2016\/wp-content\/uploads\/2013\/01\/blogqsp.medeiros.jpg","datePublished":"2013-03-18T18:00:14+00:00","breadcrumb":{"@id":"https:\/\/blogdofarnesio.com.br\/2013\/03\/medeiros-apresenta-indicacao-para-reajuste-salarial-dos-demais-servidores-da-educacao\/#breadcrumb"},"inLanguage":"pt-BR","potentialAction":[{"@type":"ReadAction","target":["https:\/\/blogdofarnesio.com.br\/2013\/03\/medeiros-apresenta-indicacao-para-reajuste-salarial-dos-demais-servidores-da-educacao\/"]}]},{"@type":"ImageObject","inLanguage":"pt-BR","@id":"https:\/\/blogdofarnesio.com.br\/2013\/03\/medeiros-apresenta-indicacao-para-reajuste-salarial-dos-demais-servidores-da-educacao\/#primaryimage","url":"http:\/\/www.quersaberpolitica.com.br\/2016\/wp-content\/uploads\/2013\/01\/blogqsp.medeiros.jpg","contentUrl":"http:\/\/www.quersaberpolitica.com.br\/2016\/wp-content\/uploads\/2013\/01\/blogqsp.medeiros.jpg"},{"@type":"BreadcrumbList","@id":"https:\/\/blogdofarnesio.com.br\/2013\/03\/medeiros-apresenta-indicacao-para-reajuste-salarial-dos-demais-servidores-da-educacao\/#breadcrumb","itemListElement":[{"@type":"ListItem","position":1,"name":"In\u00edcio","item":"https:\/\/blogdofarnesio.com.br\/"},{"@type":"ListItem","position":2,"name":"MEDEIROS APRESENTA INDICA\u00c7\u00c3O PARA REAJUSTE SALARIAL DOS DEMAIS SERVIDORES DA EDUCA\u00c7\u00c3O"}]},{"@type":"WebSite","@id":"https:\/\/blogdofarnesio.com.br\/#website","url":"https:\/\/blogdofarnesio.com.br\/","name":"Blog do Farn\u00e9sio","description":"Quer Saber Pol\u00edtica?","publisher":{"@id":"https:\/\/blogdofarnesio.com.br\/#organization"},"potentialAction":[{"@type":"SearchAction","target":{"@type":"EntryPoint","urlTemplate":"https:\/\/blogdofarnesio.com.br\/?s={search_term_string}"},"query-input":{"@type":"PropertyValueSpecification","valueRequired":true,"valueName":"search_term_string"}}],"inLanguage":"pt-BR"},{"@type":"Organization","@id":"https:\/\/blogdofarnesio.com.br\/#organization","name":"Blog do Farn\u00e9sio","url":"https:\/\/blogdofarnesio.com.br\/","logo":{"@type":"ImageObject","inLanguage":"pt-BR","@id":"https:\/\/blogdofarnesio.com.br\/#\/schema\/logo\/image\/","url":"https:\/\/blogdofarnesio.com.br\/wp-content\/uploads\/2026\/03\/cropped-logo_new-1.png","contentUrl":"https:\/\/blogdofarnesio.com.br\/wp-content\/uploads\/2026\/03\/cropped-logo_new-1.png","width":881,"height":685,"caption":"Blog do Farn\u00e9sio"},"image":{"@id":"https:\/\/blogdofarnesio.com.br\/#\/schema\/logo\/image\/"},"sameAs":["https:\/\/www.facebook.com\/BlogQuerSaberPolitica\/"]},{"@type":"Person","@id":"https:\/\/blogdofarnesio.com.br\/#\/schema\/person\/dd1bf5eba40b687199ba45ca6b97dff9","name":"teste","image":{"@type":"ImageObject","inLanguage":"pt-BR","@id":"https:\/\/secure.gravatar.com\/avatar\/2172498d4914b51e1d89a0f97957b035ac4938723a5cac208135d389b6972a6d?s=96&d=mm&r=g","url":"https:\/\/secure.gravatar.com\/avatar\/2172498d4914b51e1d89a0f97957b035ac4938723a5cac208135d389b6972a6d?s=96&d=mm&r=g","contentUrl":"https:\/\/secure.gravatar.com\/avatar\/2172498d4914b51e1d89a0f97957b035ac4938723a5cac208135d389b6972a6d?s=96&d=mm&r=g","caption":"teste"},"url":"https:\/\/blogdofarnesio.com.br\/author\/teste\/"}]}},"_links":{"self":[{"href":"https:\/\/blogdofarnesio.com.br\/wp-json\/wp\/v2\/posts\/32259","targetHints":{"allow":["GET"]}}],"collection":[{"href":"https:\/\/blogdofarnesio.com.br\/wp-json\/wp\/v2\/posts"}],"about":[{"href":"https:\/\/blogdofarnesio.com.br\/wp-json\/wp\/v2\/types\/post"}],"author":[{"embeddable":true,"href":"https:\/\/blogdofarnesio.com.br\/wp-json\/wp\/v2\/users\/3"}],"replies":[{"embeddable":true,"href":"https:\/\/blogdofarnesio.com.br\/wp-json\/wp\/v2\/comments?post=32259"}],"version-history":[{"count":0,"href":"https:\/\/blogdofarnesio.com.br\/wp-json\/wp\/v2\/posts\/32259\/revisions"}],"wp:attachment":[{"href":"https:\/\/blogdofarnesio.com.br\/wp-json\/wp\/v2\/media?parent=32259"}],"wp:term":[{"taxonomy":"category","embeddable":true,"href":"https:\/\/blogdofarnesio.com.br\/wp-json\/wp\/v2\/categories?post=32259"},{"taxonomy":"post_tag","embeddable":true,"href":"https:\/\/blogdofarnesio.com.br\/wp-json\/wp\/v2\/tags?post=32259"}],"curies":[{"name":"wp","href":"https:\/\/api.w.org\/{rel}","templated":true}]}}