{"id":322562,"date":"2022-09-12T13:00:10","date_gmt":"2022-09-12T16:00:10","guid":{"rendered":"https:\/\/blogdofarnesio.com.br\/?p=322562"},"modified":"2022-09-12T09:26:35","modified_gmt":"2022-09-12T12:26:35","slug":"bolsonaro-faz-20-milhoes-de-familias-ficarem-38-dias-sem-receber-o-auxilio-brasil","status":"publish","type":"post","link":"https:\/\/blogdofarnesio.com.br\/?p=322562","title":{"rendered":"Bolsonaro faz 20 milh\u00f5es de fam\u00edlias ficarem 38 dias sem receber o Aux\u00edlio Brasil"},"content":{"rendered":"<h1><em><span style=\"font-size: 16px;\">Numa manobra eleitoreira e irrespons\u00e1vel, o governo antecipou em dez dias o pagamento do benef\u00edcio em agosto, mas n\u00e3o vai antecipar em setembro, deixando brasileiros sem renda<\/span><\/em><\/h1>\n<p>O pagamento dos benef\u00edcios do programa\u00a0<a href=\"https:\/\/lula.com.br\/lula-anuncia-acrescimo-de-r-150-no-auxilio-por-crianca-ate-6-anos\/\">Bolsa Fam\u00edlia<\/a>\u00a0nunca ultrapassou o per\u00edodo de 30 dias. J\u00e1 com Bolsonaro, a demora para receber o Aux\u00edlio Brasil ser\u00e1 de 38 dias. Neste m\u00eas de setembro, mais de 20 milh\u00f5es de fam\u00edlias, cerca de 60 milh\u00f5es de brasileiros, ficar\u00e3o mais tempo \u00e0 espera do benef\u00edcio, dinheiro imprescind\u00edvel para a pr\u00f3pria sobreviv\u00eancia num pa\u00eds onde mais de 33 milh\u00f5es passam fome.<\/p>\n<p>Em agosto, numa manobra eleitoreira e irrespons\u00e1vel, Bolsonaro antecipou em dez dias o pagamento do Aux\u00edlio Brasil. Era a desesperada tentativa de \u201ccomprar\u201d eleitores com o benef\u00edcio no valor m\u00ednimo de R$ 600. Com essa medida, os pagamentos \u00e0s fam\u00edlias foram feitos entre os dias 9 e 22 do m\u00eas. Os repasses s\u00e3o feitos sempre ao longo de dez dias \u00fateis e seguem o N\u00famero de Identifica\u00e7\u00e3o Social (NIS). No calend\u00e1rio oficial, o pagamento em agosto deveria ter come\u00e7ado a partir do dia 18.<\/p>\n<p>Conforme\u00a0<a href=\"https:\/\/www.jota.info\/tributos-e-empresas\/mercado\/com-problema-em-dados-governo-vai-atrasar-segunda-rodada-do-auxilio-brasil-08092022\" target=\"_blank\" rel=\"noopener\">reportagem do portal Jota<\/a>, o governo n\u00e3o vai cumprir os 30 dias entre um pagamento do Aux\u00edlio Brasil e outro por que enfrenta problemas para compatibilizar os dados do pagamento digital e em obter informa\u00e7\u00f5es sobre a frequ\u00eancia escolar e a vacina\u00e7\u00e3o. Com isso, Bolsonaro n\u00e3o vai antecipar o calend\u00e1rio e os pagamentos est\u00e3o programados para serem iniciados somente no dia 17 de setembro. Para cumprir o per\u00edodo de 30 dias, os pagamentos deveriam ter iniciado na \u00faltima sexta-feira (09\/09), mas isso n\u00e3o ocorreu.<\/p>\n<h2 id=\"h-atencao-ao-mais-pobres\">Aten\u00e7\u00e3o ao mais pobres<\/h2>\n<p>A tentativa de conquistar votos n\u00e3o deu certo. As pesquisas de inten\u00e7\u00e3o de voto mostram que as fam\u00edlias perceberam a manobra. Elas reconhecem em Lula a capacidade de transformar a realidade dos brasileiros mais pobres e garantir renda.<\/p>\n<p>Lula j\u00e1 afirmou que manter\u00e1 o aux\u00edlio em R$ 600 a partir de 2023, com adicional de R$ 150 por crian\u00e7a de at\u00e9 seis anos. O plano de governo da Coliga\u00e7\u00e3o Brasil da Esperan\u00e7a tamb\u00e9m prev\u00ea mais investimento em creches e escolas em hor\u00e1rio integral, a cria\u00e7\u00e3o do Minist\u00e9rio das Mulheres e um programa de\u00a0<a href=\"https:\/\/lula.com.br\/lula-acabar-com-divida-das-familias-e-prioridade\/\">renegocia\u00e7\u00e3o de d\u00edvidas<\/a>, para limpar o nome das pessoas endividadas na Serasa e no SPC.<\/p>\n","protected":false},"excerpt":{"rendered":"<p>Numa manobra eleitoreira e irrespons\u00e1vel, o governo antecipou em dez dias o pagamento do benef\u00edcio em agosto, mas n\u00e3o vai antecipar em setembro, deixando brasileiros sem renda O pagamento dos benef\u00edcios do programa\u00a0Bolsa Fam\u00edlia\u00a0nunca ultrapassou o per\u00edodo de 30 dias. J\u00e1 com Bolsonaro, a demora para receber o Aux\u00edlio Brasil ser\u00e1 de 38 dias. Neste m\u00eas de setembro, mais de 20 milh\u00f5es de fam\u00edlias, cerca de 60 milh\u00f5es de brasileiros, ficar\u00e3o mais tempo \u00e0 espera do benef\u00edcio, dinheiro imprescind\u00edvel para a pr\u00f3pria sobreviv\u00eancia num pa\u00eds onde mais de 33 milh\u00f5es passam fome. Em agosto, numa manobra eleitoreira e irrespons\u00e1vel, Bolsonaro antecipou em dez dias o pagamento do Aux\u00edlio Brasil. Era a desesperada tentativa de \u201ccomprar\u201d eleitores com o benef\u00edcio no&hellip; <\/p>\n","protected":false},"author":2,"featured_media":322563,"comment_status":"open","ping_status":"open","sticky":false,"template":"","format":"standard","meta":{"_acf_changed":false,"footnotes":""},"categories":[22,1],"tags":[],"class_list":["post-322562","post","type-post","status-publish","format-standard","has-post-thumbnail","hentry","category-acao-social","category-politica"],"acf":[],"yoast_head":"<!-- This site is optimized with the Yoast SEO plugin v27.4 - https:\/\/yoast.com\/product\/yoast-seo-wordpress\/ -->\n<title>Bolsonaro faz 20 milh\u00f5es de fam\u00edlias ficarem 38 dias sem receber o Aux\u00edlio Brasil - Blog do Farn\u00e9sio<\/title>\n<meta name=\"robots\" content=\"index, follow, max-snippet:-1, max-image-preview:large, max-video-preview:-1\" \/>\n<link rel=\"canonical\" href=\"https:\/\/blogdofarnesio.com.br\/?p=322562\" \/>\n<meta property=\"og:locale\" content=\"pt_BR\" \/>\n<meta property=\"og:type\" content=\"article\" \/>\n<meta property=\"og:title\" content=\"Bolsonaro faz 20 milh\u00f5es de fam\u00edlias ficarem 38 dias sem receber o Aux\u00edlio Brasil - Blog do Farn\u00e9sio\" \/>\n<meta property=\"og:description\" content=\"Numa manobra eleitoreira e irrespons\u00e1vel, o governo antecipou em dez dias o pagamento do benef\u00edcio em agosto, mas n\u00e3o vai antecipar em setembro, deixando brasileiros sem renda O pagamento dos benef\u00edcios do programa\u00a0Bolsa Fam\u00edlia\u00a0nunca ultrapassou o per\u00edodo de 30 dias. J\u00e1 com Bolsonaro, a demora para receber o Aux\u00edlio Brasil ser\u00e1 de 38 dias. Neste m\u00eas de setembro, mais de 20 milh\u00f5es de fam\u00edlias, cerca de 60 milh\u00f5es de brasileiros, ficar\u00e3o mais tempo \u00e0 espera do benef\u00edcio, dinheiro imprescind\u00edvel para a pr\u00f3pria sobreviv\u00eancia num pa\u00eds onde mais de 33 milh\u00f5es passam fome. Em agosto, numa manobra eleitoreira e irrespons\u00e1vel, Bolsonaro antecipou em dez dias o pagamento do Aux\u00edlio Brasil. Era a desesperada tentativa de \u201ccomprar\u201d eleitores com o benef\u00edcio no&hellip;\" \/>\n<meta property=\"og:url\" content=\"https:\/\/blogdofarnesio.com.br\/?p=322562\" \/>\n<meta property=\"og:site_name\" content=\"Blog do Farn\u00e9sio\" \/>\n<meta property=\"article:publisher\" content=\"https:\/\/www.facebook.com\/BlogQuerSaberPolitica\/\" \/>\n<meta property=\"article:author\" content=\"https:\/\/www.facebook.com\/?ref=tn_tnmn\" \/>\n<meta property=\"article:published_time\" content=\"2022-09-12T16:00:10+00:00\" \/>\n<meta property=\"og:image\" content=\"https:\/\/blogdofarnesio.com.br\/wp-content\/uploads\/2022\/09\/blogqspAuxilio-Brasil-atrasado-e1662985564405.jpeg\" \/>\n\t<meta property=\"og:image:width\" content=\"680\" \/>\n\t<meta property=\"og:image:height\" content=\"434\" \/>\n\t<meta property=\"og:image:type\" content=\"image\/jpeg\" \/>\n<meta name=\"author\" content=\"Farn\u00e9sio\" \/>\n<meta name=\"twitter:card\" content=\"summary_large_image\" \/>\n<meta name=\"twitter:label1\" content=\"Escrito por\" \/>\n\t<meta name=\"twitter:data1\" content=\"Farn\u00e9sio\" \/>\n\t<meta name=\"twitter:label2\" content=\"Est. tempo de leitura\" \/>\n\t<meta name=\"twitter:data2\" content=\"3 minutos\" \/>\n<script type=\"application\/ld+json\" class=\"yoast-schema-graph\">{\"@context\":\"https:\\\/\\\/schema.org\",\"@graph\":[{\"@type\":\"Article\",\"@id\":\"https:\\\/\\\/blogdofarnesio.com.br\\\/?p=322562#article\",\"isPartOf\":{\"@id\":\"https:\\\/\\\/blogdofarnesio.com.br\\\/?p=322562\"},\"author\":{\"name\":\"Farn\u00e9sio\",\"@id\":\"https:\\\/\\\/blogdofarnesio.com.br\\\/#\\\/schema\\\/person\\\/bb9b23ae3ad0609ce8df7b6c9e76824d\"},\"headline\":\"Bolsonaro faz 20 milh\u00f5es de fam\u00edlias ficarem 38 dias sem receber o Aux\u00edlio Brasil\",\"datePublished\":\"2022-09-12T16:00:10+00:00\",\"mainEntityOfPage\":{\"@id\":\"https:\\\/\\\/blogdofarnesio.com.br\\\/?p=322562\"},\"wordCount\":426,\"commentCount\":0,\"publisher\":{\"@id\":\"https:\\\/\\\/blogdofarnesio.com.br\\\/#organization\"},\"image\":{\"@id\":\"https:\\\/\\\/blogdofarnesio.com.br\\\/?p=322562#primaryimage\"},\"thumbnailUrl\":\"https:\\\/\\\/blogdofarnesio.com.br\\\/wp-content\\\/uploads\\\/2022\\\/09\\\/blogqspAuxilio-Brasil-atrasado-e1662985564405.jpeg\",\"articleSection\":[\"A\u00e7\u00e3o Social\",\"Pol\u00edtica\"],\"inLanguage\":\"pt-BR\",\"potentialAction\":[{\"@type\":\"CommentAction\",\"name\":\"Comment\",\"target\":[\"https:\\\/\\\/blogdofarnesio.com.br\\\/?p=322562#respond\"]}]},{\"@type\":\"WebPage\",\"@id\":\"https:\\\/\\\/blogdofarnesio.com.br\\\/?p=322562\",\"url\":\"https:\\\/\\\/blogdofarnesio.com.br\\\/?p=322562\",\"name\":\"Bolsonaro faz 20 milh\u00f5es de fam\u00edlias ficarem 38 dias sem receber o Aux\u00edlio Brasil - Blog do Farn\u00e9sio\",\"isPartOf\":{\"@id\":\"https:\\\/\\\/blogdofarnesio.com.br\\\/#website\"},\"primaryImageOfPage\":{\"@id\":\"https:\\\/\\\/blogdofarnesio.com.br\\\/?p=322562#primaryimage\"},\"image\":{\"@id\":\"https:\\\/\\\/blogdofarnesio.com.br\\\/?p=322562#primaryimage\"},\"thumbnailUrl\":\"https:\\\/\\\/blogdofarnesio.com.br\\\/wp-content\\\/uploads\\\/2022\\\/09\\\/blogqspAuxilio-Brasil-atrasado-e1662985564405.jpeg\",\"datePublished\":\"2022-09-12T16:00:10+00:00\",\"breadcrumb\":{\"@id\":\"https:\\\/\\\/blogdofarnesio.com.br\\\/?p=322562#breadcrumb\"},\"inLanguage\":\"pt-BR\",\"potentialAction\":[{\"@type\":\"ReadAction\",\"target\":[\"https:\\\/\\\/blogdofarnesio.com.br\\\/?p=322562\"]}]},{\"@type\":\"ImageObject\",\"inLanguage\":\"pt-BR\",\"@id\":\"https:\\\/\\\/blogdofarnesio.com.br\\\/?p=322562#primaryimage\",\"url\":\"https:\\\/\\\/blogdofarnesio.com.br\\\/wp-content\\\/uploads\\\/2022\\\/09\\\/blogqspAuxilio-Brasil-atrasado-e1662985564405.jpeg\",\"contentUrl\":\"https:\\\/\\\/blogdofarnesio.com.br\\\/wp-content\\\/uploads\\\/2022\\\/09\\\/blogqspAuxilio-Brasil-atrasado-e1662985564405.jpeg\",\"width\":680,\"height\":434},{\"@type\":\"BreadcrumbList\",\"@id\":\"https:\\\/\\\/blogdofarnesio.com.br\\\/?p=322562#breadcrumb\",\"itemListElement\":[{\"@type\":\"ListItem\",\"position\":1,\"name\":\"In\u00edcio\",\"item\":\"https:\\\/\\\/blogdofarnesio.com.br\\\/\"},{\"@type\":\"ListItem\",\"position\":2,\"name\":\"Bolsonaro faz 20 milh\u00f5es de fam\u00edlias ficarem 38 dias sem receber o Aux\u00edlio Brasil\"}]},{\"@type\":\"WebSite\",\"@id\":\"https:\\\/\\\/blogdofarnesio.com.br\\\/#website\",\"url\":\"https:\\\/\\\/blogdofarnesio.com.br\\\/\",\"name\":\"Blog do Farn\u00e9sio\",\"description\":\"Quer Saber Pol\u00edtica?\",\"publisher\":{\"@id\":\"https:\\\/\\\/blogdofarnesio.com.br\\\/#organization\"},\"potentialAction\":[{\"@type\":\"SearchAction\",\"target\":{\"@type\":\"EntryPoint\",\"urlTemplate\":\"https:\\\/\\\/blogdofarnesio.com.br\\\/?s={search_term_string}\"},\"query-input\":{\"@type\":\"PropertyValueSpecification\",\"valueRequired\":true,\"valueName\":\"search_term_string\"}}],\"inLanguage\":\"pt-BR\"},{\"@type\":\"Organization\",\"@id\":\"https:\\\/\\\/blogdofarnesio.com.br\\\/#organization\",\"name\":\"Blog do Farn\u00e9sio\",\"url\":\"https:\\\/\\\/blogdofarnesio.com.br\\\/\",\"logo\":{\"@type\":\"ImageObject\",\"inLanguage\":\"pt-BR\",\"@id\":\"https:\\\/\\\/blogdofarnesio.com.br\\\/#\\\/schema\\\/logo\\\/image\\\/\",\"url\":\"https:\\\/\\\/blogdofarnesio.com.br\\\/wp-content\\\/uploads\\\/2026\\\/03\\\/cropped-logo_new-1.png\",\"contentUrl\":\"https:\\\/\\\/blogdofarnesio.com.br\\\/wp-content\\\/uploads\\\/2026\\\/03\\\/cropped-logo_new-1.png\",\"width\":881,\"height\":685,\"caption\":\"Blog do Farn\u00e9sio\"},\"image\":{\"@id\":\"https:\\\/\\\/blogdofarnesio.com.br\\\/#\\\/schema\\\/logo\\\/image\\\/\"},\"sameAs\":[\"https:\\\/\\\/www.facebook.com\\\/BlogQuerSaberPolitica\\\/\"]},{\"@type\":\"Person\",\"@id\":\"https:\\\/\\\/blogdofarnesio.com.br\\\/#\\\/schema\\\/person\\\/bb9b23ae3ad0609ce8df7b6c9e76824d\",\"name\":\"Farn\u00e9sio\",\"image\":{\"@type\":\"ImageObject\",\"inLanguage\":\"pt-BR\",\"@id\":\"https:\\\/\\\/secure.gravatar.com\\\/avatar\\\/986aa4c61ccdb66f8555bf88fc2a65609d00bcabd4d2d94377a727547345cbca?s=96&d=mm&r=g\",\"url\":\"https:\\\/\\\/secure.gravatar.com\\\/avatar\\\/986aa4c61ccdb66f8555bf88fc2a65609d00bcabd4d2d94377a727547345cbca?s=96&d=mm&r=g\",\"contentUrl\":\"https:\\\/\\\/secure.gravatar.com\\\/avatar\\\/986aa4c61ccdb66f8555bf88fc2a65609d00bcabd4d2d94377a727547345cbca?s=96&d=mm&r=g\",\"caption\":\"Farn\u00e9sio\"},\"description\":\"Radialista blogueiro, chegou a Petrolina\\\/Juazeiro em setembro de 1980, Farn\u00e9sio Silva \u00e9 de Arapiraca-Alagoas.\",\"sameAs\":[\"http:\\\/\\\/blogdofarnesio.com.br\",\"https:\\\/\\\/www.facebook.com\\\/?ref=tn_tnmn\",\"https:\\\/\\\/www.instagram.com\\\/?utm_source=pwa_homescreen\",\"https:\\\/\\\/youtube.com.br\\\/\"],\"url\":\"https:\\\/\\\/blogdofarnesio.com.br\\\/?author=2\"}]}<\/script>\n<!-- \/ Yoast SEO plugin. -->","yoast_head_json":{"title":"Bolsonaro faz 20 milh\u00f5es de fam\u00edlias ficarem 38 dias sem receber o Aux\u00edlio Brasil - Blog do Farn\u00e9sio","robots":{"index":"index","follow":"follow","max-snippet":"max-snippet:-1","max-image-preview":"max-image-preview:large","max-video-preview":"max-video-preview:-1"},"canonical":"https:\/\/blogdofarnesio.com.br\/?p=322562","og_locale":"pt_BR","og_type":"article","og_title":"Bolsonaro faz 20 milh\u00f5es de fam\u00edlias ficarem 38 dias sem receber o Aux\u00edlio Brasil - Blog do Farn\u00e9sio","og_description":"Numa manobra eleitoreira e irrespons\u00e1vel, o governo antecipou em dez dias o pagamento do benef\u00edcio em agosto, mas n\u00e3o vai antecipar em setembro, deixando brasileiros sem renda O pagamento dos benef\u00edcios do programa\u00a0Bolsa Fam\u00edlia\u00a0nunca ultrapassou o per\u00edodo de 30 dias. J\u00e1 com Bolsonaro, a demora para receber o Aux\u00edlio Brasil ser\u00e1 de 38 dias. Neste m\u00eas de setembro, mais de 20 milh\u00f5es de fam\u00edlias, cerca de 60 milh\u00f5es de brasileiros, ficar\u00e3o mais tempo \u00e0 espera do benef\u00edcio, dinheiro imprescind\u00edvel para a pr\u00f3pria sobreviv\u00eancia num pa\u00eds onde mais de 33 milh\u00f5es passam fome. Em agosto, numa manobra eleitoreira e irrespons\u00e1vel, Bolsonaro antecipou em dez dias o pagamento do Aux\u00edlio Brasil. Era a desesperada tentativa de \u201ccomprar\u201d eleitores com o benef\u00edcio no&hellip;","og_url":"https:\/\/blogdofarnesio.com.br\/?p=322562","og_site_name":"Blog do Farn\u00e9sio","article_publisher":"https:\/\/www.facebook.com\/BlogQuerSaberPolitica\/","article_author":"https:\/\/www.facebook.com\/?ref=tn_tnmn","article_published_time":"2022-09-12T16:00:10+00:00","og_image":[{"width":680,"height":434,"url":"https:\/\/blogdofarnesio.com.br\/wp-content\/uploads\/2022\/09\/blogqspAuxilio-Brasil-atrasado-e1662985564405.jpeg","type":"image\/jpeg"}],"author":"Farn\u00e9sio","twitter_card":"summary_large_image","twitter_misc":{"Escrito por":"Farn\u00e9sio","Est. tempo de leitura":"3 minutos"},"schema":{"@context":"https:\/\/schema.org","@graph":[{"@type":"Article","@id":"https:\/\/blogdofarnesio.com.br\/?p=322562#article","isPartOf":{"@id":"https:\/\/blogdofarnesio.com.br\/?p=322562"},"author":{"name":"Farn\u00e9sio","@id":"https:\/\/blogdofarnesio.com.br\/#\/schema\/person\/bb9b23ae3ad0609ce8df7b6c9e76824d"},"headline":"Bolsonaro faz 20 milh\u00f5es de fam\u00edlias ficarem 38 dias sem receber o Aux\u00edlio Brasil","datePublished":"2022-09-12T16:00:10+00:00","mainEntityOfPage":{"@id":"https:\/\/blogdofarnesio.com.br\/?p=322562"},"wordCount":426,"commentCount":0,"publisher":{"@id":"https:\/\/blogdofarnesio.com.br\/#organization"},"image":{"@id":"https:\/\/blogdofarnesio.com.br\/?p=322562#primaryimage"},"thumbnailUrl":"https:\/\/blogdofarnesio.com.br\/wp-content\/uploads\/2022\/09\/blogqspAuxilio-Brasil-atrasado-e1662985564405.jpeg","articleSection":["A\u00e7\u00e3o Social","Pol\u00edtica"],"inLanguage":"pt-BR","potentialAction":[{"@type":"CommentAction","name":"Comment","target":["https:\/\/blogdofarnesio.com.br\/?p=322562#respond"]}]},{"@type":"WebPage","@id":"https:\/\/blogdofarnesio.com.br\/?p=322562","url":"https:\/\/blogdofarnesio.com.br\/?p=322562","name":"Bolsonaro faz 20 milh\u00f5es de fam\u00edlias ficarem 38 dias sem receber o Aux\u00edlio Brasil - Blog do Farn\u00e9sio","isPartOf":{"@id":"https:\/\/blogdofarnesio.com.br\/#website"},"primaryImageOfPage":{"@id":"https:\/\/blogdofarnesio.com.br\/?p=322562#primaryimage"},"image":{"@id":"https:\/\/blogdofarnesio.com.br\/?p=322562#primaryimage"},"thumbnailUrl":"https:\/\/blogdofarnesio.com.br\/wp-content\/uploads\/2022\/09\/blogqspAuxilio-Brasil-atrasado-e1662985564405.jpeg","datePublished":"2022-09-12T16:00:10+00:00","breadcrumb":{"@id":"https:\/\/blogdofarnesio.com.br\/?p=322562#breadcrumb"},"inLanguage":"pt-BR","potentialAction":[{"@type":"ReadAction","target":["https:\/\/blogdofarnesio.com.br\/?p=322562"]}]},{"@type":"ImageObject","inLanguage":"pt-BR","@id":"https:\/\/blogdofarnesio.com.br\/?p=322562#primaryimage","url":"https:\/\/blogdofarnesio.com.br\/wp-content\/uploads\/2022\/09\/blogqspAuxilio-Brasil-atrasado-e1662985564405.jpeg","contentUrl":"https:\/\/blogdofarnesio.com.br\/wp-content\/uploads\/2022\/09\/blogqspAuxilio-Brasil-atrasado-e1662985564405.jpeg","width":680,"height":434},{"@type":"BreadcrumbList","@id":"https:\/\/blogdofarnesio.com.br\/?p=322562#breadcrumb","itemListElement":[{"@type":"ListItem","position":1,"name":"In\u00edcio","item":"https:\/\/blogdofarnesio.com.br\/"},{"@type":"ListItem","position":2,"name":"Bolsonaro faz 20 milh\u00f5es de fam\u00edlias ficarem 38 dias sem receber o Aux\u00edlio Brasil"}]},{"@type":"WebSite","@id":"https:\/\/blogdofarnesio.com.br\/#website","url":"https:\/\/blogdofarnesio.com.br\/","name":"Blog do Farn\u00e9sio","description":"Quer Saber Pol\u00edtica?","publisher":{"@id":"https:\/\/blogdofarnesio.com.br\/#organization"},"potentialAction":[{"@type":"SearchAction","target":{"@type":"EntryPoint","urlTemplate":"https:\/\/blogdofarnesio.com.br\/?s={search_term_string}"},"query-input":{"@type":"PropertyValueSpecification","valueRequired":true,"valueName":"search_term_string"}}],"inLanguage":"pt-BR"},{"@type":"Organization","@id":"https:\/\/blogdofarnesio.com.br\/#organization","name":"Blog do Farn\u00e9sio","url":"https:\/\/blogdofarnesio.com.br\/","logo":{"@type":"ImageObject","inLanguage":"pt-BR","@id":"https:\/\/blogdofarnesio.com.br\/#\/schema\/logo\/image\/","url":"https:\/\/blogdofarnesio.com.br\/wp-content\/uploads\/2026\/03\/cropped-logo_new-1.png","contentUrl":"https:\/\/blogdofarnesio.com.br\/wp-content\/uploads\/2026\/03\/cropped-logo_new-1.png","width":881,"height":685,"caption":"Blog do Farn\u00e9sio"},"image":{"@id":"https:\/\/blogdofarnesio.com.br\/#\/schema\/logo\/image\/"},"sameAs":["https:\/\/www.facebook.com\/BlogQuerSaberPolitica\/"]},{"@type":"Person","@id":"https:\/\/blogdofarnesio.com.br\/#\/schema\/person\/bb9b23ae3ad0609ce8df7b6c9e76824d","name":"Farn\u00e9sio","image":{"@type":"ImageObject","inLanguage":"pt-BR","@id":"https:\/\/secure.gravatar.com\/avatar\/986aa4c61ccdb66f8555bf88fc2a65609d00bcabd4d2d94377a727547345cbca?s=96&d=mm&r=g","url":"https:\/\/secure.gravatar.com\/avatar\/986aa4c61ccdb66f8555bf88fc2a65609d00bcabd4d2d94377a727547345cbca?s=96&d=mm&r=g","contentUrl":"https:\/\/secure.gravatar.com\/avatar\/986aa4c61ccdb66f8555bf88fc2a65609d00bcabd4d2d94377a727547345cbca?s=96&d=mm&r=g","caption":"Farn\u00e9sio"},"description":"Radialista blogueiro, chegou a Petrolina\/Juazeiro em setembro de 1980, Farn\u00e9sio Silva \u00e9 de Arapiraca-Alagoas.","sameAs":["http:\/\/blogdofarnesio.com.br","https:\/\/www.facebook.com\/?ref=tn_tnmn","https:\/\/www.instagram.com\/?utm_source=pwa_homescreen","https:\/\/youtube.com.br\/"],"url":"https:\/\/blogdofarnesio.com.br\/?author=2"}]}},"_links":{"self":[{"href":"https:\/\/blogdofarnesio.com.br\/index.php?rest_route=\/wp\/v2\/posts\/322562","targetHints":{"allow":["GET"]}}],"collection":[{"href":"https:\/\/blogdofarnesio.com.br\/index.php?rest_route=\/wp\/v2\/posts"}],"about":[{"href":"https:\/\/blogdofarnesio.com.br\/index.php?rest_route=\/wp\/v2\/types\/post"}],"author":[{"embeddable":true,"href":"https:\/\/blogdofarnesio.com.br\/index.php?rest_route=\/wp\/v2\/users\/2"}],"replies":[{"embeddable":true,"href":"https:\/\/blogdofarnesio.com.br\/index.php?rest_route=%2Fwp%2Fv2%2Fcomments&post=322562"}],"version-history":[{"count":0,"href":"https:\/\/blogdofarnesio.com.br\/index.php?rest_route=\/wp\/v2\/posts\/322562\/revisions"}],"wp:featuredmedia":[{"embeddable":true,"href":"https:\/\/blogdofarnesio.com.br\/index.php?rest_route=\/wp\/v2\/media\/322563"}],"wp:attachment":[{"href":"https:\/\/blogdofarnesio.com.br\/index.php?rest_route=%2Fwp%2Fv2%2Fmedia&parent=322562"}],"wp:term":[{"taxonomy":"category","embeddable":true,"href":"https:\/\/blogdofarnesio.com.br\/index.php?rest_route=%2Fwp%2Fv2%2Fcategories&post=322562"},{"taxonomy":"post_tag","embeddable":true,"href":"https:\/\/blogdofarnesio.com.br\/index.php?rest_route=%2Fwp%2Fv2%2Ftags&post=322562"}],"curies":[{"name":"wp","href":"https:\/\/api.w.org\/{rel}","templated":true}]}}