{"id":32210,"date":"2013-03-17T21:00:59","date_gmt":"2013-03-18T00:00:59","guid":{"rendered":"http:\/\/www.quersaberpolitica.com.br\/?p=32210"},"modified":"2013-03-17T20:20:50","modified_gmt":"2013-03-17T23:20:50","slug":"dominguinhos-demonstra-emocao-com-visita-de-sergio-reis","status":"publish","type":"post","link":"https:\/\/blogdofarnesio.com.br\/?p=32210","title":{"rendered":"DOMINGUINHOS DEMONSTRA EMO\u00c7\u00c3O COM VISITA DE SERGIO REIS"},"content":{"rendered":"<figure style=\"width: 280px\" class=\"wp-caption alignleft\"><img loading=\"lazy\" decoding=\"async\" alt=\"'Ele reagiu, sorriu e ficou muito feliz', diz mulher de Dominguinhos ap\u00f3s visita de S\u00e9rgio Reis\" src=\"http:\/\/bahianoticias.com.br\/fotos\/principal_noticias\/133284\/IMAGEM_NOTICIA_3.jpg\" width=\"280\" height=\"280\" \/><figcaption class=\"wp-caption-text\">Foto da m\u00e3o de Dominguinhos com a pulseira do S\u00edrio Liban\u00eas |Foto: G1\u00a0<\/figcaption><\/figure>\n<div style=\"text-align: justify\">O cantor S\u00e9rgio Reis visitou, na noite deste s\u00e1bado (17), o cantor Dominguinhos, internado na UTI do Hospital S\u00edrio-Liban\u00eas, em S\u00e3o Paulo, desde o in\u00edcio do ano por causa de uma infec\u00e7\u00e3o respirat\u00f3ria e arritmia card\u00edaca.<\/div>\n<div style=\"text-align: justify\">Segundo a mulher do cantor, Guadalupe Mendon\u00e7a, S\u00e9rgio Reis cantou e conversou bastante com o m\u00fasico. &#8220;Ele reagiu, sorriu e ficou muito feliz&#8221;, disse. Guadalupe disse que os danos neurol\u00f3gicos \u201cforam os m\u00ednimos poss\u00edveis\u201d.<\/div>\n<div style=\"text-align: justify\">Ela citou que, recentemente, a cantora Elba Ramalho esteve com ele no hospital, cantou ao p\u00e9 do ouvido e rezou. Segundo a mulher, essas visitas s\u00e3o importantes para o est\u00edmulo neurol\u00f3gico de Dominguinhos. &#8220;Estamos fazendo um trabalho junto com uma neuropsic\u00f3loga para resgatar a mem\u00f3ria dele, para incentiv\u00e1-lo a querer viver e n\u00e3o desistir&#8221;, disse.<\/div>\n<div style=\"text-align: justify\">Ela informou ainda que coloca m\u00fasicas, mostra fotos e revistas e conversa bastante com Dominguinhos para estimular seu c\u00e9rebro. &#8220;Aos poucos, ele est\u00e1 tendo momentos de consci\u00eancia. Ele se comunica atrav\u00e9s do olhar, se emociona, chora e olha nos meus olhos&#8221;, afirmou.<\/div>\n<div style=\"text-align: justify\">Nesta sexta-feira (15), Guadalupe disse que o marido est\u00e1 \u201cse recuperando muito bem\u201d<!--more-->. \u201cNenhum m\u00e9dico disse que o estado de sa\u00fade do Dominguinhos \u00e9 irrevers\u00edvel. Pelo contr\u00e1rio, ele est\u00e1 se recuperando muito bem. J\u00e1 h\u00e1 uma proje\u00e7\u00e3o de alta da UTI, mas os m\u00e9dicos n\u00e3o me disseram data\u201d, relatou. Dominguinhos tem diabetes e luta contra um c\u00e2ncer de pulm\u00e3o.<\/div>\n<div style=\"text-align: justify\">Ele foi internado em 17 de dezembro no Hospital Santa Joana, no Recife, e acabou transferido para a unidade de sa\u00fade paulistana no \u00faltimo dia 13 de janeiro. \u201cEle tirou o marcapasso provis\u00f3rio, que veio do Recife para c\u00e1, o pulm\u00e3o dele est\u00e1 ok, o rim dele tamb\u00e9m est\u00e1 normal. Ele teve oito paradas card\u00edacas, ficou 23 minutos fora do ar e o cora\u00e7\u00e3o dele agora est\u00e1 \u00f3timo, n\u00e3o tem nenhuma arritmia\u201d, contou.<\/div>\n","protected":false},"excerpt":{"rendered":"<p>O cantor S\u00e9rgio Reis visitou, na noite deste s\u00e1bado (17), o cantor Dominguinhos, internado na UTI do Hospital S\u00edrio-Liban\u00eas, em S\u00e3o Paulo, desde o in\u00edcio do ano por causa de uma infec\u00e7\u00e3o respirat\u00f3ria e arritmia card\u00edaca. Segundo a mulher do cantor, Guadalupe Mendon\u00e7a, S\u00e9rgio Reis cantou e conversou bastante com o m\u00fasico. &#8220;Ele reagiu, sorriu e ficou muito feliz&#8221;, disse. Guadalupe disse que os danos neurol\u00f3gicos \u201cforam os m\u00ednimos poss\u00edveis\u201d. Ela citou que, recentemente, a cantora Elba Ramalho esteve com ele no hospital, cantou ao p\u00e9 do ouvido e rezou. Segundo a mulher, essas visitas s\u00e3o importantes para o est\u00edmulo neurol\u00f3gico de Dominguinhos. &#8220;Estamos fazendo um trabalho junto com uma neuropsic\u00f3loga para resgatar a mem\u00f3ria dele, para incentiv\u00e1-lo a querer&hellip; <\/p>\n","protected":false},"author":3,"featured_media":0,"comment_status":"open","ping_status":"open","sticky":false,"template":"","format":"standard","meta":{"_acf_changed":false,"footnotes":""},"categories":[3],"tags":[],"class_list":["post-32210","post","type-post","status-publish","format-standard","hentry","category-entretenimento"],"acf":[],"yoast_head":"<!-- This site is optimized with the Yoast SEO plugin v27.4 - https:\/\/yoast.com\/product\/yoast-seo-wordpress\/ -->\n<title>DOMINGUINHOS DEMONSTRA EMO\u00c7\u00c3O COM VISITA DE SERGIO REIS - Blog do Farn\u00e9sio<\/title>\n<meta name=\"robots\" content=\"index, follow, max-snippet:-1, max-image-preview:large, max-video-preview:-1\" \/>\n<link rel=\"canonical\" href=\"https:\/\/blogdofarnesio.com.br\/?p=32210\" \/>\n<meta property=\"og:locale\" content=\"pt_BR\" \/>\n<meta property=\"og:type\" content=\"article\" \/>\n<meta property=\"og:title\" content=\"DOMINGUINHOS DEMONSTRA EMO\u00c7\u00c3O COM VISITA DE SERGIO REIS - Blog do Farn\u00e9sio\" \/>\n<meta property=\"og:description\" content=\"O cantor S\u00e9rgio Reis visitou, na noite deste s\u00e1bado (17), o cantor Dominguinhos, internado na UTI do Hospital S\u00edrio-Liban\u00eas, em S\u00e3o Paulo, desde o in\u00edcio do ano por causa de uma infec\u00e7\u00e3o respirat\u00f3ria e arritmia card\u00edaca. Segundo a mulher do cantor, Guadalupe Mendon\u00e7a, S\u00e9rgio Reis cantou e conversou bastante com o m\u00fasico. &#8220;Ele reagiu, sorriu e ficou muito feliz&#8221;, disse. Guadalupe disse que os danos neurol\u00f3gicos \u201cforam os m\u00ednimos poss\u00edveis\u201d. Ela citou que, recentemente, a cantora Elba Ramalho esteve com ele no hospital, cantou ao p\u00e9 do ouvido e rezou. Segundo a mulher, essas visitas s\u00e3o importantes para o est\u00edmulo neurol\u00f3gico de Dominguinhos. &#8220;Estamos fazendo um trabalho junto com uma neuropsic\u00f3loga para resgatar a mem\u00f3ria dele, para incentiv\u00e1-lo a querer&hellip;\" \/>\n<meta property=\"og:url\" content=\"https:\/\/blogdofarnesio.com.br\/?p=32210\" \/>\n<meta property=\"og:site_name\" content=\"Blog do Farn\u00e9sio\" \/>\n<meta property=\"article:publisher\" content=\"https:\/\/www.facebook.com\/BlogQuerSaberPolitica\/\" \/>\n<meta property=\"article:published_time\" content=\"2013-03-18T00:00:59+00:00\" \/>\n<meta property=\"og:image\" content=\"http:\/\/bahianoticias.com.br\/fotos\/principal_noticias\/133284\/IMAGEM_NOTICIA_3.jpg\" \/>\n<meta name=\"author\" content=\"teste\" \/>\n<meta name=\"twitter:card\" content=\"summary_large_image\" \/>\n<meta name=\"twitter:label1\" content=\"Escrito por\" \/>\n\t<meta name=\"twitter:data1\" content=\"teste\" \/>\n\t<meta name=\"twitter:label2\" content=\"Est. tempo de leitura\" \/>\n\t<meta name=\"twitter:data2\" content=\"2 minutos\" \/>\n<script type=\"application\/ld+json\" class=\"yoast-schema-graph\">{\"@context\":\"https:\\\/\\\/schema.org\",\"@graph\":[{\"@type\":\"Article\",\"@id\":\"https:\\\/\\\/blogdofarnesio.com.br\\\/?p=32210#article\",\"isPartOf\":{\"@id\":\"https:\\\/\\\/blogdofarnesio.com.br\\\/?p=32210\"},\"author\":{\"name\":\"teste\",\"@id\":\"https:\\\/\\\/blogdofarnesio.com.br\\\/#\\\/schema\\\/person\\\/dd1bf5eba40b687199ba45ca6b97dff9\"},\"headline\":\"DOMINGUINHOS DEMONSTRA EMO\u00c7\u00c3O COM VISITA DE SERGIO REIS\",\"datePublished\":\"2013-03-18T00:00:59+00:00\",\"mainEntityOfPage\":{\"@id\":\"https:\\\/\\\/blogdofarnesio.com.br\\\/?p=32210\"},\"wordCount\":366,\"commentCount\":0,\"publisher\":{\"@id\":\"https:\\\/\\\/blogdofarnesio.com.br\\\/#organization\"},\"image\":{\"@id\":\"https:\\\/\\\/blogdofarnesio.com.br\\\/?p=32210#primaryimage\"},\"thumbnailUrl\":\"http:\\\/\\\/bahianoticias.com.br\\\/fotos\\\/principal_noticias\\\/133284\\\/IMAGEM_NOTICIA_3.jpg\",\"articleSection\":[\"Entretenimento\"],\"inLanguage\":\"pt-BR\",\"potentialAction\":[{\"@type\":\"CommentAction\",\"name\":\"Comment\",\"target\":[\"https:\\\/\\\/blogdofarnesio.com.br\\\/?p=32210#respond\"]}]},{\"@type\":\"WebPage\",\"@id\":\"https:\\\/\\\/blogdofarnesio.com.br\\\/?p=32210\",\"url\":\"https:\\\/\\\/blogdofarnesio.com.br\\\/?p=32210\",\"name\":\"DOMINGUINHOS DEMONSTRA EMO\u00c7\u00c3O COM VISITA DE SERGIO REIS - Blog do Farn\u00e9sio\",\"isPartOf\":{\"@id\":\"https:\\\/\\\/blogdofarnesio.com.br\\\/#website\"},\"primaryImageOfPage\":{\"@id\":\"https:\\\/\\\/blogdofarnesio.com.br\\\/?p=32210#primaryimage\"},\"image\":{\"@id\":\"https:\\\/\\\/blogdofarnesio.com.br\\\/?p=32210#primaryimage\"},\"thumbnailUrl\":\"http:\\\/\\\/bahianoticias.com.br\\\/fotos\\\/principal_noticias\\\/133284\\\/IMAGEM_NOTICIA_3.jpg\",\"datePublished\":\"2013-03-18T00:00:59+00:00\",\"breadcrumb\":{\"@id\":\"https:\\\/\\\/blogdofarnesio.com.br\\\/?p=32210#breadcrumb\"},\"inLanguage\":\"pt-BR\",\"potentialAction\":[{\"@type\":\"ReadAction\",\"target\":[\"https:\\\/\\\/blogdofarnesio.com.br\\\/?p=32210\"]}]},{\"@type\":\"ImageObject\",\"inLanguage\":\"pt-BR\",\"@id\":\"https:\\\/\\\/blogdofarnesio.com.br\\\/?p=32210#primaryimage\",\"url\":\"http:\\\/\\\/bahianoticias.com.br\\\/fotos\\\/principal_noticias\\\/133284\\\/IMAGEM_NOTICIA_3.jpg\",\"contentUrl\":\"http:\\\/\\\/bahianoticias.com.br\\\/fotos\\\/principal_noticias\\\/133284\\\/IMAGEM_NOTICIA_3.jpg\"},{\"@type\":\"BreadcrumbList\",\"@id\":\"https:\\\/\\\/blogdofarnesio.com.br\\\/?p=32210#breadcrumb\",\"itemListElement\":[{\"@type\":\"ListItem\",\"position\":1,\"name\":\"In\u00edcio\",\"item\":\"https:\\\/\\\/blogdofarnesio.com.br\\\/\"},{\"@type\":\"ListItem\",\"position\":2,\"name\":\"DOMINGUINHOS DEMONSTRA EMO\u00c7\u00c3O COM VISITA DE SERGIO REIS\"}]},{\"@type\":\"WebSite\",\"@id\":\"https:\\\/\\\/blogdofarnesio.com.br\\\/#website\",\"url\":\"https:\\\/\\\/blogdofarnesio.com.br\\\/\",\"name\":\"Blog do Farn\u00e9sio\",\"description\":\"Quer Saber Pol\u00edtica?\",\"publisher\":{\"@id\":\"https:\\\/\\\/blogdofarnesio.com.br\\\/#organization\"},\"potentialAction\":[{\"@type\":\"SearchAction\",\"target\":{\"@type\":\"EntryPoint\",\"urlTemplate\":\"https:\\\/\\\/blogdofarnesio.com.br\\\/?s={search_term_string}\"},\"query-input\":{\"@type\":\"PropertyValueSpecification\",\"valueRequired\":true,\"valueName\":\"search_term_string\"}}],\"inLanguage\":\"pt-BR\"},{\"@type\":\"Organization\",\"@id\":\"https:\\\/\\\/blogdofarnesio.com.br\\\/#organization\",\"name\":\"Blog do Farn\u00e9sio\",\"url\":\"https:\\\/\\\/blogdofarnesio.com.br\\\/\",\"logo\":{\"@type\":\"ImageObject\",\"inLanguage\":\"pt-BR\",\"@id\":\"https:\\\/\\\/blogdofarnesio.com.br\\\/#\\\/schema\\\/logo\\\/image\\\/\",\"url\":\"https:\\\/\\\/blogdofarnesio.com.br\\\/wp-content\\\/uploads\\\/2026\\\/03\\\/cropped-logo_new-1.png\",\"contentUrl\":\"https:\\\/\\\/blogdofarnesio.com.br\\\/wp-content\\\/uploads\\\/2026\\\/03\\\/cropped-logo_new-1.png\",\"width\":881,\"height\":685,\"caption\":\"Blog do Farn\u00e9sio\"},\"image\":{\"@id\":\"https:\\\/\\\/blogdofarnesio.com.br\\\/#\\\/schema\\\/logo\\\/image\\\/\"},\"sameAs\":[\"https:\\\/\\\/www.facebook.com\\\/BlogQuerSaberPolitica\\\/\"]},{\"@type\":\"Person\",\"@id\":\"https:\\\/\\\/blogdofarnesio.com.br\\\/#\\\/schema\\\/person\\\/dd1bf5eba40b687199ba45ca6b97dff9\",\"name\":\"teste\",\"image\":{\"@type\":\"ImageObject\",\"inLanguage\":\"pt-BR\",\"@id\":\"https:\\\/\\\/secure.gravatar.com\\\/avatar\\\/2172498d4914b51e1d89a0f97957b035ac4938723a5cac208135d389b6972a6d?s=96&d=mm&r=g\",\"url\":\"https:\\\/\\\/secure.gravatar.com\\\/avatar\\\/2172498d4914b51e1d89a0f97957b035ac4938723a5cac208135d389b6972a6d?s=96&d=mm&r=g\",\"contentUrl\":\"https:\\\/\\\/secure.gravatar.com\\\/avatar\\\/2172498d4914b51e1d89a0f97957b035ac4938723a5cac208135d389b6972a6d?s=96&d=mm&r=g\",\"caption\":\"teste\"},\"url\":\"https:\\\/\\\/blogdofarnesio.com.br\\\/?author=3\"}]}<\/script>\n<!-- \/ Yoast SEO plugin. -->","yoast_head_json":{"title":"DOMINGUINHOS DEMONSTRA EMO\u00c7\u00c3O COM VISITA DE SERGIO REIS - Blog do Farn\u00e9sio","robots":{"index":"index","follow":"follow","max-snippet":"max-snippet:-1","max-image-preview":"max-image-preview:large","max-video-preview":"max-video-preview:-1"},"canonical":"https:\/\/blogdofarnesio.com.br\/?p=32210","og_locale":"pt_BR","og_type":"article","og_title":"DOMINGUINHOS DEMONSTRA EMO\u00c7\u00c3O COM VISITA DE SERGIO REIS - Blog do Farn\u00e9sio","og_description":"O cantor S\u00e9rgio Reis visitou, na noite deste s\u00e1bado (17), o cantor Dominguinhos, internado na UTI do Hospital S\u00edrio-Liban\u00eas, em S\u00e3o Paulo, desde o in\u00edcio do ano por causa de uma infec\u00e7\u00e3o respirat\u00f3ria e arritmia card\u00edaca. Segundo a mulher do cantor, Guadalupe Mendon\u00e7a, S\u00e9rgio Reis cantou e conversou bastante com o m\u00fasico. &#8220;Ele reagiu, sorriu e ficou muito feliz&#8221;, disse. Guadalupe disse que os danos neurol\u00f3gicos \u201cforam os m\u00ednimos poss\u00edveis\u201d. Ela citou que, recentemente, a cantora Elba Ramalho esteve com ele no hospital, cantou ao p\u00e9 do ouvido e rezou. Segundo a mulher, essas visitas s\u00e3o importantes para o est\u00edmulo neurol\u00f3gico de Dominguinhos. &#8220;Estamos fazendo um trabalho junto com uma neuropsic\u00f3loga para resgatar a mem\u00f3ria dele, para incentiv\u00e1-lo a querer&hellip;","og_url":"https:\/\/blogdofarnesio.com.br\/?p=32210","og_site_name":"Blog do Farn\u00e9sio","article_publisher":"https:\/\/www.facebook.com\/BlogQuerSaberPolitica\/","article_published_time":"2013-03-18T00:00:59+00:00","og_image":[{"url":"http:\/\/bahianoticias.com.br\/fotos\/principal_noticias\/133284\/IMAGEM_NOTICIA_3.jpg","type":"","width":"","height":""}],"author":"teste","twitter_card":"summary_large_image","twitter_misc":{"Escrito por":"teste","Est. tempo de leitura":"2 minutos"},"schema":{"@context":"https:\/\/schema.org","@graph":[{"@type":"Article","@id":"https:\/\/blogdofarnesio.com.br\/?p=32210#article","isPartOf":{"@id":"https:\/\/blogdofarnesio.com.br\/?p=32210"},"author":{"name":"teste","@id":"https:\/\/blogdofarnesio.com.br\/#\/schema\/person\/dd1bf5eba40b687199ba45ca6b97dff9"},"headline":"DOMINGUINHOS DEMONSTRA EMO\u00c7\u00c3O COM VISITA DE SERGIO REIS","datePublished":"2013-03-18T00:00:59+00:00","mainEntityOfPage":{"@id":"https:\/\/blogdofarnesio.com.br\/?p=32210"},"wordCount":366,"commentCount":0,"publisher":{"@id":"https:\/\/blogdofarnesio.com.br\/#organization"},"image":{"@id":"https:\/\/blogdofarnesio.com.br\/?p=32210#primaryimage"},"thumbnailUrl":"http:\/\/bahianoticias.com.br\/fotos\/principal_noticias\/133284\/IMAGEM_NOTICIA_3.jpg","articleSection":["Entretenimento"],"inLanguage":"pt-BR","potentialAction":[{"@type":"CommentAction","name":"Comment","target":["https:\/\/blogdofarnesio.com.br\/?p=32210#respond"]}]},{"@type":"WebPage","@id":"https:\/\/blogdofarnesio.com.br\/?p=32210","url":"https:\/\/blogdofarnesio.com.br\/?p=32210","name":"DOMINGUINHOS DEMONSTRA EMO\u00c7\u00c3O COM VISITA DE SERGIO REIS - Blog do Farn\u00e9sio","isPartOf":{"@id":"https:\/\/blogdofarnesio.com.br\/#website"},"primaryImageOfPage":{"@id":"https:\/\/blogdofarnesio.com.br\/?p=32210#primaryimage"},"image":{"@id":"https:\/\/blogdofarnesio.com.br\/?p=32210#primaryimage"},"thumbnailUrl":"http:\/\/bahianoticias.com.br\/fotos\/principal_noticias\/133284\/IMAGEM_NOTICIA_3.jpg","datePublished":"2013-03-18T00:00:59+00:00","breadcrumb":{"@id":"https:\/\/blogdofarnesio.com.br\/?p=32210#breadcrumb"},"inLanguage":"pt-BR","potentialAction":[{"@type":"ReadAction","target":["https:\/\/blogdofarnesio.com.br\/?p=32210"]}]},{"@type":"ImageObject","inLanguage":"pt-BR","@id":"https:\/\/blogdofarnesio.com.br\/?p=32210#primaryimage","url":"http:\/\/bahianoticias.com.br\/fotos\/principal_noticias\/133284\/IMAGEM_NOTICIA_3.jpg","contentUrl":"http:\/\/bahianoticias.com.br\/fotos\/principal_noticias\/133284\/IMAGEM_NOTICIA_3.jpg"},{"@type":"BreadcrumbList","@id":"https:\/\/blogdofarnesio.com.br\/?p=32210#breadcrumb","itemListElement":[{"@type":"ListItem","position":1,"name":"In\u00edcio","item":"https:\/\/blogdofarnesio.com.br\/"},{"@type":"ListItem","position":2,"name":"DOMINGUINHOS DEMONSTRA EMO\u00c7\u00c3O COM VISITA DE SERGIO REIS"}]},{"@type":"WebSite","@id":"https:\/\/blogdofarnesio.com.br\/#website","url":"https:\/\/blogdofarnesio.com.br\/","name":"Blog do Farn\u00e9sio","description":"Quer Saber Pol\u00edtica?","publisher":{"@id":"https:\/\/blogdofarnesio.com.br\/#organization"},"potentialAction":[{"@type":"SearchAction","target":{"@type":"EntryPoint","urlTemplate":"https:\/\/blogdofarnesio.com.br\/?s={search_term_string}"},"query-input":{"@type":"PropertyValueSpecification","valueRequired":true,"valueName":"search_term_string"}}],"inLanguage":"pt-BR"},{"@type":"Organization","@id":"https:\/\/blogdofarnesio.com.br\/#organization","name":"Blog do Farn\u00e9sio","url":"https:\/\/blogdofarnesio.com.br\/","logo":{"@type":"ImageObject","inLanguage":"pt-BR","@id":"https:\/\/blogdofarnesio.com.br\/#\/schema\/logo\/image\/","url":"https:\/\/blogdofarnesio.com.br\/wp-content\/uploads\/2026\/03\/cropped-logo_new-1.png","contentUrl":"https:\/\/blogdofarnesio.com.br\/wp-content\/uploads\/2026\/03\/cropped-logo_new-1.png","width":881,"height":685,"caption":"Blog do Farn\u00e9sio"},"image":{"@id":"https:\/\/blogdofarnesio.com.br\/#\/schema\/logo\/image\/"},"sameAs":["https:\/\/www.facebook.com\/BlogQuerSaberPolitica\/"]},{"@type":"Person","@id":"https:\/\/blogdofarnesio.com.br\/#\/schema\/person\/dd1bf5eba40b687199ba45ca6b97dff9","name":"teste","image":{"@type":"ImageObject","inLanguage":"pt-BR","@id":"https:\/\/secure.gravatar.com\/avatar\/2172498d4914b51e1d89a0f97957b035ac4938723a5cac208135d389b6972a6d?s=96&d=mm&r=g","url":"https:\/\/secure.gravatar.com\/avatar\/2172498d4914b51e1d89a0f97957b035ac4938723a5cac208135d389b6972a6d?s=96&d=mm&r=g","contentUrl":"https:\/\/secure.gravatar.com\/avatar\/2172498d4914b51e1d89a0f97957b035ac4938723a5cac208135d389b6972a6d?s=96&d=mm&r=g","caption":"teste"},"url":"https:\/\/blogdofarnesio.com.br\/?author=3"}]}},"_links":{"self":[{"href":"https:\/\/blogdofarnesio.com.br\/index.php?rest_route=\/wp\/v2\/posts\/32210","targetHints":{"allow":["GET"]}}],"collection":[{"href":"https:\/\/blogdofarnesio.com.br\/index.php?rest_route=\/wp\/v2\/posts"}],"about":[{"href":"https:\/\/blogdofarnesio.com.br\/index.php?rest_route=\/wp\/v2\/types\/post"}],"author":[{"embeddable":true,"href":"https:\/\/blogdofarnesio.com.br\/index.php?rest_route=\/wp\/v2\/users\/3"}],"replies":[{"embeddable":true,"href":"https:\/\/blogdofarnesio.com.br\/index.php?rest_route=%2Fwp%2Fv2%2Fcomments&post=32210"}],"version-history":[{"count":0,"href":"https:\/\/blogdofarnesio.com.br\/index.php?rest_route=\/wp\/v2\/posts\/32210\/revisions"}],"wp:attachment":[{"href":"https:\/\/blogdofarnesio.com.br\/index.php?rest_route=%2Fwp%2Fv2%2Fmedia&parent=32210"}],"wp:term":[{"taxonomy":"category","embeddable":true,"href":"https:\/\/blogdofarnesio.com.br\/index.php?rest_route=%2Fwp%2Fv2%2Fcategories&post=32210"},{"taxonomy":"post_tag","embeddable":true,"href":"https:\/\/blogdofarnesio.com.br\/index.php?rest_route=%2Fwp%2Fv2%2Ftags&post=32210"}],"curies":[{"name":"wp","href":"https:\/\/api.w.org\/{rel}","templated":true}]}}