{"id":321241,"date":"2022-08-27T17:44:02","date_gmt":"2022-08-27T20:44:02","guid":{"rendered":"https:\/\/blogdofarnesio.com.br\/?p=321241"},"modified":"2022-08-27T17:44:02","modified_gmt":"2022-08-27T20:44:02","slug":"dia-do-psicologo-entenda-a-importancia-dessa-profissao-da-saude-dos-idosos","status":"publish","type":"post","link":"https:\/\/blogdofarnesio.com.br\/?p=321241","title":{"rendered":"Dia do Psic\u00f3logo: entenda a import\u00e2ncia dessa profiss\u00e3o da sa\u00fade dos idosos"},"content":{"rendered":"<p style=\"max-width: 799px; margin: 0px; padding: 0px; color: #222222; font-family: arial, sans-serif; text-align: justify;\"><span style=\"background-color: transparent; color: #000000;\"><strong>Agosto de 2022 &#8211;<\/strong>\u00a0No dia 27 de agosto \u00e9 comemorado o Dia do Psic\u00f3logo. No geral, j\u00e1 sabemos a import\u00e2ncia desse profissional para cuidar da sa\u00fade mental das pessoas, por\u00e9m, voc\u00ea sabe da necessidade desse acompanhamento na terceira idade?<\/span><\/p>\n<p style=\"max-width: 799px; margin: 0px; padding: 0px; color: #222222; font-family: arial, sans-serif; text-align: justify;\"><span style=\"background-color: transparent; color: #000000;\">De acordo com a psic\u00f3loga Tais Fernandes, do Grupo Said, empresa de cuidadores de idosos, o idoso por muitas vezes pode se sentir limitado devido a decl\u00ednios f\u00edsicos ou cognitivos. \u201cA Psicoterapia para a terceira idade vem com o objetivo de fornecer um local seguro para que ele possa expor sua vis\u00e3o de mundo, suas experi\u00eancias, seus relacionamentos e vulnerabilidades. O atendimento humanizado junto a escuta cl\u00ednica promove maior empatia e cuidado\u201d, complementa.<\/span><\/p>\n<p style=\"max-width: 799px; margin: 0px; padding: 0px; color: #222222; font-family: arial, sans-serif; text-align: justify;\"><span style=\"background-color: transparent; color: #000000;\">Tendo em vista essa import\u00e2ncia, a profissional listou os cinco principais benef\u00edcios da psicologia para essa faixa et\u00e1ria:<\/span><\/p>\n<ol style=\"color: #222222; font-family: arial, sans-serif;\">\n<li style=\"margin-left: 15px;\"><span style=\"background-color: transparent; color: #000000;\">Trabalhar quest\u00f5es associadas ao processo de envelhecimento e seus desafios.<\/span><\/li>\n<\/ol>\n<p style=\"max-width: 799px; margin: 0px; padding: 0px; color: #222222; font-family: arial, sans-serif; text-align: justify;\"><span style=\"background-color: transparent; color: #000000;\">Como citado acima, muitos adultos ao entrarem nesse ciclo da vida tem dificuldades de aceitar a realidade e os desafios que vem junto com o processo de envelhecimento. Nesse caso, ter um acompanhamento cl\u00ednico com um profissional adequado far\u00e1 com que ele entenda e consiga lidar com essas quest\u00f5es.<\/span><\/p>\n<ol style=\"color: #222222; font-family: arial, sans-serif;\">\n<li style=\"margin-left: 15px;\"><span style=\"background-color: transparent; color: #000000;\">Permite que o idoso elabore o luto em decorr\u00eancia das perdas que ocorreram com a vida.<\/span><\/li>\n<\/ol>\n<p style=\"max-width: 799px; margin: 0px; padding: 0px; color: #222222; font-family: arial, sans-serif; text-align: justify;\"><span style=\"background-color: transparent; color: #000000;\">\u00c9 comum que com o passar da idade enfrentemos algumas perdas, de todos os tipos. Contudo, muitas vezes n\u00e3o sabemos lidar com essa sensa\u00e7\u00e3o de luto, como por exemplo, quando se perde o marido ou a esposa, quando percebe-se um decl\u00ednio na sa\u00fade e, at\u00e9 mesmo, encarando a perda de sua independ\u00eancia, decorrente de algum problema.<\/span><\/p>\n<p style=\"max-width: 799px; margin: 0px; padding: 0px; color: #222222; font-family: arial, sans-serif; text-align: justify;\"><span style=\"background-color: transparent; color: #000000;\">Isso faz com que a autoestima e o desejo de viver sejam abalados. Nesse caso, o psic\u00f3logo consegue avaliar a situa\u00e7\u00e3o, trabalhar essas emo\u00e7\u00f5es, e em muitos casos, reverter esse quadro, dando ao idoso, uma melhor qualidade de vida.<\/span><\/p>\n<ol style=\"color: #222222; font-family: arial, sans-serif;\">\n<li style=\"margin-left: 15px;\"><span style=\"background-color: transparent; color: #000000;\">A intera\u00e7\u00e3o com o psic\u00f3logo \u00e9 um est\u00edmulo para as fun\u00e7\u00f5es cognitivas.<\/span><\/li>\n<\/ol>\n<p style=\"max-width: 799px; margin: 0px; padding: 0px; color: #222222; font-family: arial, sans-serif; text-align: justify;\"><span style=\"background-color: transparent; color: #000000;\">Al\u00e9m dos benef\u00edcios citados acima, a intera\u00e7\u00e3o com o psic\u00f3logo \u00e9 muito importante para estimular a linguagem, aten\u00e7\u00e3o, mem\u00f3ria, orienta\u00e7\u00e3o, dentre outras fun\u00e7\u00f5es cognitivas, que come\u00e7am a ser afetadas na terceira idade.<\/span><\/p>\n<ol style=\"color: #222222; font-family: arial, sans-serif;\">\n<li style=\"margin-left: 15px;\"><span style=\"background-color: transparent; color: #000000;\">Permite que o idoso trabalhe a percep\u00e7\u00e3o de suas emo\u00e7\u00f5es<\/span><\/li>\n<\/ol>\n<p style=\"max-width: 799px; margin: 0px; padding: 0px; color: #222222; font-family: arial, sans-serif; text-align: justify;\"><span style=\"background-color: transparent; color: #000000;\">Assim como a emo\u00e7\u00e3o do luto, ter acompanhamento psicol\u00f3gico auxilia na percep\u00e7\u00e3o e na forma como lidar com diversas emo\u00e7\u00f5es, como a decep\u00e7\u00e3o, frustra\u00e7\u00e3o, tristeza, alegria exagerada, entre outros. Dessa forma, \u00e9 poss\u00edvel alcan\u00e7ar um equil\u00edbrio emocional.<\/span><\/p>\n<ol style=\"color: #222222; font-family: arial, sans-serif;\">\n<li style=\"margin-left: 15px;\"><span style=\"background-color: transparent; color: #000000;\">Atrav\u00e9s da escuta cl\u00ednica, auxiliar o idoso a identificar suas potencialidades<\/span><\/li>\n<\/ol>\n<p style=\"max-width: 799px; margin: 0px; padding: 0px; color: #222222; font-family: arial, sans-serif; text-align: justify;\"><span style=\"background-color: transparent; color: #000000;\">Muitos idosos acreditam que pela sua idade e limita\u00e7\u00f5es, perderam muitas de suas capacidades. Mas ao passar com o psic\u00f3logo, o profissional consegue auxili\u00e1-lo a identificar a sua potencialidade e o que ainda s\u00e3o capazes de fazer, assim como tamb\u00e9m, como podem usar a seu favor.<\/span><\/p>\n<p style=\"max-width: 799px; margin: 0px; padding: 0px; color: #222222; font-family: arial, sans-serif; text-align: justify;\"><span style=\"background-color: transparent; color: #000000;\">Diante dessas informa\u00e7\u00f5es \u00e9 percept\u00edvel a import\u00e2ncia desse profissional da sa\u00fade em todas as faixas et\u00e1rias e a forma como podem auxiliar e trabalhar quest\u00f5es envolvendo a sa\u00fade mental e a socializa\u00e7\u00e3o, principalmente com os mais velhos, que precisam de cuidados especiais.<\/span><\/p>\n<div><span style=\"background-color: transparent; color: #000000;\">\u00a0<\/span><\/div>\n","protected":false},"excerpt":{"rendered":"<p>Agosto de 2022 &#8211;\u00a0No dia 27 de agosto \u00e9 comemorado o Dia do Psic\u00f3logo. No geral, j\u00e1 sabemos a import\u00e2ncia desse profissional para cuidar da sa\u00fade mental das pessoas, por\u00e9m, voc\u00ea sabe da necessidade desse acompanhamento na terceira idade? De acordo com a psic\u00f3loga Tais Fernandes, do Grupo Said, empresa de cuidadores de idosos, o idoso por muitas vezes pode se sentir limitado devido a decl\u00ednios f\u00edsicos ou cognitivos. \u201cA Psicoterapia para a terceira idade vem com o objetivo de fornecer um local seguro para que ele possa expor sua vis\u00e3o de mundo, suas experi\u00eancias, seus relacionamentos e vulnerabilidades. O atendimento humanizado junto a escuta cl\u00ednica promove maior empatia e cuidado\u201d, complementa. Tendo em vista essa import\u00e2ncia, a profissional listou&hellip; <\/p>\n","protected":false},"author":2,"featured_media":130914,"comment_status":"open","ping_status":"open","sticky":false,"template":"","format":"standard","meta":{"_acf_changed":false,"footnotes":""},"categories":[43],"tags":[],"class_list":["post-321241","post","type-post","status-publish","format-standard","has-post-thumbnail","hentry","category-sem-categoria"],"acf":[],"yoast_head":"<!-- This site is optimized with the Yoast SEO plugin v27.4 - https:\/\/yoast.com\/product\/yoast-seo-wordpress\/ -->\n<title>Dia do Psic\u00f3logo: entenda a import\u00e2ncia dessa profiss\u00e3o da sa\u00fade dos idosos - Blog do Farn\u00e9sio<\/title>\n<meta name=\"robots\" content=\"index, follow, max-snippet:-1, max-image-preview:large, max-video-preview:-1\" \/>\n<link rel=\"canonical\" href=\"https:\/\/blogdofarnesio.com.br\/?p=321241\" \/>\n<meta property=\"og:locale\" content=\"pt_BR\" \/>\n<meta property=\"og:type\" content=\"article\" \/>\n<meta property=\"og:title\" content=\"Dia do Psic\u00f3logo: entenda a import\u00e2ncia dessa profiss\u00e3o da sa\u00fade dos idosos - Blog do Farn\u00e9sio\" \/>\n<meta property=\"og:description\" content=\"Agosto de 2022 &#8211;\u00a0No dia 27 de agosto \u00e9 comemorado o Dia do Psic\u00f3logo. No geral, j\u00e1 sabemos a import\u00e2ncia desse profissional para cuidar da sa\u00fade mental das pessoas, por\u00e9m, voc\u00ea sabe da necessidade desse acompanhamento na terceira idade? De acordo com a psic\u00f3loga Tais Fernandes, do Grupo Said, empresa de cuidadores de idosos, o idoso por muitas vezes pode se sentir limitado devido a decl\u00ednios f\u00edsicos ou cognitivos. \u201cA Psicoterapia para a terceira idade vem com o objetivo de fornecer um local seguro para que ele possa expor sua vis\u00e3o de mundo, suas experi\u00eancias, seus relacionamentos e vulnerabilidades. O atendimento humanizado junto a escuta cl\u00ednica promove maior empatia e cuidado\u201d, complementa. Tendo em vista essa import\u00e2ncia, a profissional listou&hellip;\" \/>\n<meta property=\"og:url\" content=\"https:\/\/blogdofarnesio.com.br\/?p=321241\" \/>\n<meta property=\"og:site_name\" content=\"Blog do Farn\u00e9sio\" \/>\n<meta property=\"article:publisher\" content=\"https:\/\/www.facebook.com\/BlogQuerSaberPolitica\/\" \/>\n<meta property=\"article:author\" content=\"https:\/\/www.facebook.com\/?ref=tn_tnmn\" \/>\n<meta property=\"article:published_time\" content=\"2022-08-27T20:44:02+00:00\" \/>\n<meta property=\"og:image\" content=\"https:\/\/blogdofarnesio.com.br\/wp-content\/uploads\/2015\/10\/blogqspsarah0.jpg\" \/>\n\t<meta property=\"og:image:width\" content=\"640\" \/>\n\t<meta property=\"og:image:height\" content=\"960\" \/>\n\t<meta property=\"og:image:type\" content=\"image\/jpeg\" \/>\n<meta name=\"author\" content=\"Farn\u00e9sio\" \/>\n<meta name=\"twitter:card\" content=\"summary_large_image\" \/>\n<meta name=\"twitter:label1\" content=\"Escrito por\" \/>\n\t<meta name=\"twitter:data1\" content=\"Farn\u00e9sio\" \/>\n\t<meta name=\"twitter:label2\" content=\"Est. tempo de leitura\" \/>\n\t<meta name=\"twitter:data2\" content=\"3 minutos\" \/>\n<script type=\"application\/ld+json\" class=\"yoast-schema-graph\">{\"@context\":\"https:\\\/\\\/schema.org\",\"@graph\":[{\"@type\":\"Article\",\"@id\":\"https:\\\/\\\/blogdofarnesio.com.br\\\/?p=321241#article\",\"isPartOf\":{\"@id\":\"https:\\\/\\\/blogdofarnesio.com.br\\\/?p=321241\"},\"author\":{\"name\":\"Farn\u00e9sio\",\"@id\":\"https:\\\/\\\/blogdofarnesio.com.br\\\/#\\\/schema\\\/person\\\/bb9b23ae3ad0609ce8df7b6c9e76824d\"},\"headline\":\"Dia do Psic\u00f3logo: entenda a import\u00e2ncia dessa profiss\u00e3o da sa\u00fade dos idosos\",\"datePublished\":\"2022-08-27T20:44:02+00:00\",\"mainEntityOfPage\":{\"@id\":\"https:\\\/\\\/blogdofarnesio.com.br\\\/?p=321241\"},\"wordCount\":563,\"commentCount\":0,\"publisher\":{\"@id\":\"https:\\\/\\\/blogdofarnesio.com.br\\\/#organization\"},\"image\":{\"@id\":\"https:\\\/\\\/blogdofarnesio.com.br\\\/?p=321241#primaryimage\"},\"thumbnailUrl\":\"https:\\\/\\\/blogdofarnesio.com.br\\\/wp-content\\\/uploads\\\/2015\\\/10\\\/blogqspsarah0-e1771883644739.jpg\",\"inLanguage\":\"pt-BR\",\"potentialAction\":[{\"@type\":\"CommentAction\",\"name\":\"Comment\",\"target\":[\"https:\\\/\\\/blogdofarnesio.com.br\\\/?p=321241#respond\"]}]},{\"@type\":\"WebPage\",\"@id\":\"https:\\\/\\\/blogdofarnesio.com.br\\\/?p=321241\",\"url\":\"https:\\\/\\\/blogdofarnesio.com.br\\\/?p=321241\",\"name\":\"Dia do Psic\u00f3logo: entenda a import\u00e2ncia dessa profiss\u00e3o da sa\u00fade dos idosos - Blog do Farn\u00e9sio\",\"isPartOf\":{\"@id\":\"https:\\\/\\\/blogdofarnesio.com.br\\\/#website\"},\"primaryImageOfPage\":{\"@id\":\"https:\\\/\\\/blogdofarnesio.com.br\\\/?p=321241#primaryimage\"},\"image\":{\"@id\":\"https:\\\/\\\/blogdofarnesio.com.br\\\/?p=321241#primaryimage\"},\"thumbnailUrl\":\"https:\\\/\\\/blogdofarnesio.com.br\\\/wp-content\\\/uploads\\\/2015\\\/10\\\/blogqspsarah0-e1771883644739.jpg\",\"datePublished\":\"2022-08-27T20:44:02+00:00\",\"breadcrumb\":{\"@id\":\"https:\\\/\\\/blogdofarnesio.com.br\\\/?p=321241#breadcrumb\"},\"inLanguage\":\"pt-BR\",\"potentialAction\":[{\"@type\":\"ReadAction\",\"target\":[\"https:\\\/\\\/blogdofarnesio.com.br\\\/?p=321241\"]}]},{\"@type\":\"ImageObject\",\"inLanguage\":\"pt-BR\",\"@id\":\"https:\\\/\\\/blogdofarnesio.com.br\\\/?p=321241#primaryimage\",\"url\":\"https:\\\/\\\/blogdofarnesio.com.br\\\/wp-content\\\/uploads\\\/2015\\\/10\\\/blogqspsarah0-e1771883644739.jpg\",\"contentUrl\":\"https:\\\/\\\/blogdofarnesio.com.br\\\/wp-content\\\/uploads\\\/2015\\\/10\\\/blogqspsarah0-e1771883644739.jpg\",\"width\":640,\"height\":696},{\"@type\":\"BreadcrumbList\",\"@id\":\"https:\\\/\\\/blogdofarnesio.com.br\\\/?p=321241#breadcrumb\",\"itemListElement\":[{\"@type\":\"ListItem\",\"position\":1,\"name\":\"In\u00edcio\",\"item\":\"https:\\\/\\\/blogdofarnesio.com.br\\\/\"},{\"@type\":\"ListItem\",\"position\":2,\"name\":\"Dia do Psic\u00f3logo: entenda a import\u00e2ncia dessa profiss\u00e3o da sa\u00fade dos idosos\"}]},{\"@type\":\"WebSite\",\"@id\":\"https:\\\/\\\/blogdofarnesio.com.br\\\/#website\",\"url\":\"https:\\\/\\\/blogdofarnesio.com.br\\\/\",\"name\":\"Blog do Farn\u00e9sio\",\"description\":\"Quer Saber Pol\u00edtica?\",\"publisher\":{\"@id\":\"https:\\\/\\\/blogdofarnesio.com.br\\\/#organization\"},\"potentialAction\":[{\"@type\":\"SearchAction\",\"target\":{\"@type\":\"EntryPoint\",\"urlTemplate\":\"https:\\\/\\\/blogdofarnesio.com.br\\\/?s={search_term_string}\"},\"query-input\":{\"@type\":\"PropertyValueSpecification\",\"valueRequired\":true,\"valueName\":\"search_term_string\"}}],\"inLanguage\":\"pt-BR\"},{\"@type\":\"Organization\",\"@id\":\"https:\\\/\\\/blogdofarnesio.com.br\\\/#organization\",\"name\":\"Blog do Farn\u00e9sio\",\"url\":\"https:\\\/\\\/blogdofarnesio.com.br\\\/\",\"logo\":{\"@type\":\"ImageObject\",\"inLanguage\":\"pt-BR\",\"@id\":\"https:\\\/\\\/blogdofarnesio.com.br\\\/#\\\/schema\\\/logo\\\/image\\\/\",\"url\":\"https:\\\/\\\/blogdofarnesio.com.br\\\/wp-content\\\/uploads\\\/2026\\\/03\\\/cropped-logo_new-1.png\",\"contentUrl\":\"https:\\\/\\\/blogdofarnesio.com.br\\\/wp-content\\\/uploads\\\/2026\\\/03\\\/cropped-logo_new-1.png\",\"width\":881,\"height\":685,\"caption\":\"Blog do Farn\u00e9sio\"},\"image\":{\"@id\":\"https:\\\/\\\/blogdofarnesio.com.br\\\/#\\\/schema\\\/logo\\\/image\\\/\"},\"sameAs\":[\"https:\\\/\\\/www.facebook.com\\\/BlogQuerSaberPolitica\\\/\"]},{\"@type\":\"Person\",\"@id\":\"https:\\\/\\\/blogdofarnesio.com.br\\\/#\\\/schema\\\/person\\\/bb9b23ae3ad0609ce8df7b6c9e76824d\",\"name\":\"Farn\u00e9sio\",\"image\":{\"@type\":\"ImageObject\",\"inLanguage\":\"pt-BR\",\"@id\":\"https:\\\/\\\/secure.gravatar.com\\\/avatar\\\/986aa4c61ccdb66f8555bf88fc2a65609d00bcabd4d2d94377a727547345cbca?s=96&d=mm&r=g\",\"url\":\"https:\\\/\\\/secure.gravatar.com\\\/avatar\\\/986aa4c61ccdb66f8555bf88fc2a65609d00bcabd4d2d94377a727547345cbca?s=96&d=mm&r=g\",\"contentUrl\":\"https:\\\/\\\/secure.gravatar.com\\\/avatar\\\/986aa4c61ccdb66f8555bf88fc2a65609d00bcabd4d2d94377a727547345cbca?s=96&d=mm&r=g\",\"caption\":\"Farn\u00e9sio\"},\"description\":\"Radialista blogueiro, chegou a Petrolina\\\/Juazeiro em setembro de 1980, Farn\u00e9sio Silva \u00e9 de Arapiraca-Alagoas.\",\"sameAs\":[\"http:\\\/\\\/blogdofarnesio.com.br\",\"https:\\\/\\\/www.facebook.com\\\/?ref=tn_tnmn\",\"https:\\\/\\\/www.instagram.com\\\/?utm_source=pwa_homescreen\",\"https:\\\/\\\/youtube.com.br\\\/\"],\"url\":\"https:\\\/\\\/blogdofarnesio.com.br\\\/?author=2\"}]}<\/script>\n<!-- \/ Yoast SEO plugin. -->","yoast_head_json":{"title":"Dia do Psic\u00f3logo: entenda a import\u00e2ncia dessa profiss\u00e3o da sa\u00fade dos idosos - Blog do Farn\u00e9sio","robots":{"index":"index","follow":"follow","max-snippet":"max-snippet:-1","max-image-preview":"max-image-preview:large","max-video-preview":"max-video-preview:-1"},"canonical":"https:\/\/blogdofarnesio.com.br\/?p=321241","og_locale":"pt_BR","og_type":"article","og_title":"Dia do Psic\u00f3logo: entenda a import\u00e2ncia dessa profiss\u00e3o da sa\u00fade dos idosos - Blog do Farn\u00e9sio","og_description":"Agosto de 2022 &#8211;\u00a0No dia 27 de agosto \u00e9 comemorado o Dia do Psic\u00f3logo. No geral, j\u00e1 sabemos a import\u00e2ncia desse profissional para cuidar da sa\u00fade mental das pessoas, por\u00e9m, voc\u00ea sabe da necessidade desse acompanhamento na terceira idade? De acordo com a psic\u00f3loga Tais Fernandes, do Grupo Said, empresa de cuidadores de idosos, o idoso por muitas vezes pode se sentir limitado devido a decl\u00ednios f\u00edsicos ou cognitivos. \u201cA Psicoterapia para a terceira idade vem com o objetivo de fornecer um local seguro para que ele possa expor sua vis\u00e3o de mundo, suas experi\u00eancias, seus relacionamentos e vulnerabilidades. O atendimento humanizado junto a escuta cl\u00ednica promove maior empatia e cuidado\u201d, complementa. Tendo em vista essa import\u00e2ncia, a profissional listou&hellip;","og_url":"https:\/\/blogdofarnesio.com.br\/?p=321241","og_site_name":"Blog do Farn\u00e9sio","article_publisher":"https:\/\/www.facebook.com\/BlogQuerSaberPolitica\/","article_author":"https:\/\/www.facebook.com\/?ref=tn_tnmn","article_published_time":"2022-08-27T20:44:02+00:00","og_image":[{"width":640,"height":960,"url":"https:\/\/blogdofarnesio.com.br\/wp-content\/uploads\/2015\/10\/blogqspsarah0.jpg","type":"image\/jpeg"}],"author":"Farn\u00e9sio","twitter_card":"summary_large_image","twitter_misc":{"Escrito por":"Farn\u00e9sio","Est. tempo de leitura":"3 minutos"},"schema":{"@context":"https:\/\/schema.org","@graph":[{"@type":"Article","@id":"https:\/\/blogdofarnesio.com.br\/?p=321241#article","isPartOf":{"@id":"https:\/\/blogdofarnesio.com.br\/?p=321241"},"author":{"name":"Farn\u00e9sio","@id":"https:\/\/blogdofarnesio.com.br\/#\/schema\/person\/bb9b23ae3ad0609ce8df7b6c9e76824d"},"headline":"Dia do Psic\u00f3logo: entenda a import\u00e2ncia dessa profiss\u00e3o da sa\u00fade dos idosos","datePublished":"2022-08-27T20:44:02+00:00","mainEntityOfPage":{"@id":"https:\/\/blogdofarnesio.com.br\/?p=321241"},"wordCount":563,"commentCount":0,"publisher":{"@id":"https:\/\/blogdofarnesio.com.br\/#organization"},"image":{"@id":"https:\/\/blogdofarnesio.com.br\/?p=321241#primaryimage"},"thumbnailUrl":"https:\/\/blogdofarnesio.com.br\/wp-content\/uploads\/2015\/10\/blogqspsarah0-e1771883644739.jpg","inLanguage":"pt-BR","potentialAction":[{"@type":"CommentAction","name":"Comment","target":["https:\/\/blogdofarnesio.com.br\/?p=321241#respond"]}]},{"@type":"WebPage","@id":"https:\/\/blogdofarnesio.com.br\/?p=321241","url":"https:\/\/blogdofarnesio.com.br\/?p=321241","name":"Dia do Psic\u00f3logo: entenda a import\u00e2ncia dessa profiss\u00e3o da sa\u00fade dos idosos - Blog do Farn\u00e9sio","isPartOf":{"@id":"https:\/\/blogdofarnesio.com.br\/#website"},"primaryImageOfPage":{"@id":"https:\/\/blogdofarnesio.com.br\/?p=321241#primaryimage"},"image":{"@id":"https:\/\/blogdofarnesio.com.br\/?p=321241#primaryimage"},"thumbnailUrl":"https:\/\/blogdofarnesio.com.br\/wp-content\/uploads\/2015\/10\/blogqspsarah0-e1771883644739.jpg","datePublished":"2022-08-27T20:44:02+00:00","breadcrumb":{"@id":"https:\/\/blogdofarnesio.com.br\/?p=321241#breadcrumb"},"inLanguage":"pt-BR","potentialAction":[{"@type":"ReadAction","target":["https:\/\/blogdofarnesio.com.br\/?p=321241"]}]},{"@type":"ImageObject","inLanguage":"pt-BR","@id":"https:\/\/blogdofarnesio.com.br\/?p=321241#primaryimage","url":"https:\/\/blogdofarnesio.com.br\/wp-content\/uploads\/2015\/10\/blogqspsarah0-e1771883644739.jpg","contentUrl":"https:\/\/blogdofarnesio.com.br\/wp-content\/uploads\/2015\/10\/blogqspsarah0-e1771883644739.jpg","width":640,"height":696},{"@type":"BreadcrumbList","@id":"https:\/\/blogdofarnesio.com.br\/?p=321241#breadcrumb","itemListElement":[{"@type":"ListItem","position":1,"name":"In\u00edcio","item":"https:\/\/blogdofarnesio.com.br\/"},{"@type":"ListItem","position":2,"name":"Dia do Psic\u00f3logo: entenda a import\u00e2ncia dessa profiss\u00e3o da sa\u00fade dos idosos"}]},{"@type":"WebSite","@id":"https:\/\/blogdofarnesio.com.br\/#website","url":"https:\/\/blogdofarnesio.com.br\/","name":"Blog do Farn\u00e9sio","description":"Quer Saber Pol\u00edtica?","publisher":{"@id":"https:\/\/blogdofarnesio.com.br\/#organization"},"potentialAction":[{"@type":"SearchAction","target":{"@type":"EntryPoint","urlTemplate":"https:\/\/blogdofarnesio.com.br\/?s={search_term_string}"},"query-input":{"@type":"PropertyValueSpecification","valueRequired":true,"valueName":"search_term_string"}}],"inLanguage":"pt-BR"},{"@type":"Organization","@id":"https:\/\/blogdofarnesio.com.br\/#organization","name":"Blog do Farn\u00e9sio","url":"https:\/\/blogdofarnesio.com.br\/","logo":{"@type":"ImageObject","inLanguage":"pt-BR","@id":"https:\/\/blogdofarnesio.com.br\/#\/schema\/logo\/image\/","url":"https:\/\/blogdofarnesio.com.br\/wp-content\/uploads\/2026\/03\/cropped-logo_new-1.png","contentUrl":"https:\/\/blogdofarnesio.com.br\/wp-content\/uploads\/2026\/03\/cropped-logo_new-1.png","width":881,"height":685,"caption":"Blog do Farn\u00e9sio"},"image":{"@id":"https:\/\/blogdofarnesio.com.br\/#\/schema\/logo\/image\/"},"sameAs":["https:\/\/www.facebook.com\/BlogQuerSaberPolitica\/"]},{"@type":"Person","@id":"https:\/\/blogdofarnesio.com.br\/#\/schema\/person\/bb9b23ae3ad0609ce8df7b6c9e76824d","name":"Farn\u00e9sio","image":{"@type":"ImageObject","inLanguage":"pt-BR","@id":"https:\/\/secure.gravatar.com\/avatar\/986aa4c61ccdb66f8555bf88fc2a65609d00bcabd4d2d94377a727547345cbca?s=96&d=mm&r=g","url":"https:\/\/secure.gravatar.com\/avatar\/986aa4c61ccdb66f8555bf88fc2a65609d00bcabd4d2d94377a727547345cbca?s=96&d=mm&r=g","contentUrl":"https:\/\/secure.gravatar.com\/avatar\/986aa4c61ccdb66f8555bf88fc2a65609d00bcabd4d2d94377a727547345cbca?s=96&d=mm&r=g","caption":"Farn\u00e9sio"},"description":"Radialista blogueiro, chegou a Petrolina\/Juazeiro em setembro de 1980, Farn\u00e9sio Silva \u00e9 de Arapiraca-Alagoas.","sameAs":["http:\/\/blogdofarnesio.com.br","https:\/\/www.facebook.com\/?ref=tn_tnmn","https:\/\/www.instagram.com\/?utm_source=pwa_homescreen","https:\/\/youtube.com.br\/"],"url":"https:\/\/blogdofarnesio.com.br\/?author=2"}]}},"_links":{"self":[{"href":"https:\/\/blogdofarnesio.com.br\/index.php?rest_route=\/wp\/v2\/posts\/321241","targetHints":{"allow":["GET"]}}],"collection":[{"href":"https:\/\/blogdofarnesio.com.br\/index.php?rest_route=\/wp\/v2\/posts"}],"about":[{"href":"https:\/\/blogdofarnesio.com.br\/index.php?rest_route=\/wp\/v2\/types\/post"}],"author":[{"embeddable":true,"href":"https:\/\/blogdofarnesio.com.br\/index.php?rest_route=\/wp\/v2\/users\/2"}],"replies":[{"embeddable":true,"href":"https:\/\/blogdofarnesio.com.br\/index.php?rest_route=%2Fwp%2Fv2%2Fcomments&post=321241"}],"version-history":[{"count":0,"href":"https:\/\/blogdofarnesio.com.br\/index.php?rest_route=\/wp\/v2\/posts\/321241\/revisions"}],"wp:featuredmedia":[{"embeddable":true,"href":"https:\/\/blogdofarnesio.com.br\/index.php?rest_route=\/wp\/v2\/media\/130914"}],"wp:attachment":[{"href":"https:\/\/blogdofarnesio.com.br\/index.php?rest_route=%2Fwp%2Fv2%2Fmedia&parent=321241"}],"wp:term":[{"taxonomy":"category","embeddable":true,"href":"https:\/\/blogdofarnesio.com.br\/index.php?rest_route=%2Fwp%2Fv2%2Fcategories&post=321241"},{"taxonomy":"post_tag","embeddable":true,"href":"https:\/\/blogdofarnesio.com.br\/index.php?rest_route=%2Fwp%2Fv2%2Ftags&post=321241"}],"curies":[{"name":"wp","href":"https:\/\/api.w.org\/{rel}","templated":true}]}}