{"id":320811,"date":"2022-08-19T12:33:27","date_gmt":"2022-08-19T15:33:27","guid":{"rendered":"https:\/\/blogdofarnesio.com.br\/?p=320811"},"modified":"2022-08-19T11:18:37","modified_gmt":"2022-08-19T14:18:37","slug":"petrolina-divulga-boletim-epidemiologico-da-quinta-feira","status":"publish","type":"post","link":"https:\/\/blogdofarnesio.com.br\/2022\/08\/petrolina-divulga-boletim-epidemiologico-da-quinta-feira\/","title":{"rendered":"Petrolina divulga boletim epidemiol\u00f3gico da quinta-feira"},"content":{"rendered":"<p style=\"font-weight: 400;\">O boletim epidemiol\u00f3gico divulgado pela Secretaria de Sa\u00fade nessa quinta-feira (18) registra que, dos 64 leitos de UTI dispon\u00edveis para a rede PEBA, 31 est\u00e3o ocupados, com isso, a taxa fica em 48,4% ocupa\u00e7\u00e3o. Al\u00e9m desses dados, a Secretaria de <strong>Sa\u00fade registrou 48 casos de COVID-19<\/strong>. Foram realizados 219 testes no polo montado pela secretaria. A cidade tem 685 mortes causados pela doen\u00e7a.<\/p>\n<p style=\"font-weight: 400;\">Petrolina est\u00e1 com 62.186 pessoas j\u00e1 infectadas pelo novo coronav\u00edrus. Desse total, 56.093 j\u00e1 est\u00e3o recuperadas, isso significa 90,2% de cura cl\u00ednica. O munic\u00edpio est\u00e1 com 5.408 casos ativos da Covid-19. Outras informa\u00e7\u00f5es sobre a pandemia est\u00e3o dispon\u00edveis no site:\u00a0<a href=\"http:\/\/petrolina.pe.gov.br\/coronavirus\" data-saferedirecturl=\"https:\/\/www.google.com\/url?q=http:\/\/petrolina.pe.gov.br\/coronavirus&amp;source=gmail&amp;ust=1661002305966000&amp;usg=AOvVaw1kfh407h15EJc-LMu_HQos\">petrolina.pe.gov.br\/coronavirus<\/a>.<\/p>\n<p style=\"font-weight: 400;\">\n","protected":false},"excerpt":{"rendered":"<p>O boletim epidemiol\u00f3gico divulgado pela Secretaria de Sa\u00fade nessa quinta-feira (18) registra que, dos 64 leitos de UTI dispon\u00edveis para a rede PEBA, 31 est\u00e3o ocupados, com isso, a taxa fica em 48,4% ocupa\u00e7\u00e3o. Al\u00e9m desses dados, a Secretaria de Sa\u00fade registrou 48 casos de COVID-19. Foram realizados 219 testes no polo montado pela secretaria. A cidade tem 685 mortes causados pela doen\u00e7a. Petrolina est\u00e1 com 62.186 pessoas j\u00e1 infectadas pelo novo coronav\u00edrus. Desse total, 56.093 j\u00e1 est\u00e3o recuperadas, isso significa 90,2% de cura cl\u00ednica. O munic\u00edpio est\u00e1 com 5.408 casos ativos da Covid-19. Outras informa\u00e7\u00f5es sobre a pandemia est\u00e3o dispon\u00edveis no site:\u00a0petrolina.pe.gov.br\/coronavirus.<\/p>\n","protected":false},"author":2,"featured_media":301007,"comment_status":"open","ping_status":"open","sticky":false,"template":"","format":"standard","meta":{"_acf_changed":false,"footnotes":""},"categories":[4],"tags":[],"class_list":["post-320811","post","type-post","status-publish","format-standard","has-post-thumbnail","hentry","category-saude"],"acf":[],"yoast_head":"<!-- This site is optimized with the Yoast SEO plugin v27.5 - https:\/\/yoast.com\/product\/yoast-seo-wordpress\/ -->\n<title>Petrolina divulga boletim epidemiol\u00f3gico da quinta-feira - Blog do Farn\u00e9sio<\/title>\n<meta name=\"robots\" content=\"index, follow, max-snippet:-1, max-image-preview:large, max-video-preview:-1\" \/>\n<link rel=\"canonical\" href=\"https:\/\/blogdofarnesio.com.br\/2022\/08\/petrolina-divulga-boletim-epidemiologico-da-quinta-feira\/\" \/>\n<meta property=\"og:locale\" content=\"pt_BR\" \/>\n<meta property=\"og:type\" content=\"article\" \/>\n<meta property=\"og:title\" content=\"Petrolina divulga boletim epidemiol\u00f3gico da quinta-feira - Blog do Farn\u00e9sio\" \/>\n<meta property=\"og:description\" content=\"O boletim epidemiol\u00f3gico divulgado pela Secretaria de Sa\u00fade nessa quinta-feira (18) registra que, dos 64 leitos de UTI dispon\u00edveis para a rede PEBA, 31 est\u00e3o ocupados, com isso, a taxa fica em 48,4% ocupa\u00e7\u00e3o. Al\u00e9m desses dados, a Secretaria de Sa\u00fade registrou 48 casos de COVID-19. Foram realizados 219 testes no polo montado pela secretaria. A cidade tem 685 mortes causados pela doen\u00e7a. Petrolina est\u00e1 com 62.186 pessoas j\u00e1 infectadas pelo novo coronav\u00edrus. Desse total, 56.093 j\u00e1 est\u00e3o recuperadas, isso significa 90,2% de cura cl\u00ednica. O munic\u00edpio est\u00e1 com 5.408 casos ativos da Covid-19. Outras informa\u00e7\u00f5es sobre a pandemia est\u00e3o dispon\u00edveis no site:\u00a0petrolina.pe.gov.br\/coronavirus.\" \/>\n<meta property=\"og:url\" content=\"https:\/\/blogdofarnesio.com.br\/2022\/08\/petrolina-divulga-boletim-epidemiologico-da-quinta-feira\/\" \/>\n<meta property=\"og:site_name\" content=\"Blog do Farn\u00e9sio\" \/>\n<meta property=\"article:publisher\" content=\"https:\/\/www.facebook.com\/BlogQuerSaberPolitica\/\" \/>\n<meta property=\"article:author\" content=\"https:\/\/www.facebook.com\/?ref=tn_tnmn\" \/>\n<meta property=\"article:published_time\" content=\"2022-08-19T15:33:27+00:00\" \/>\n<meta property=\"og:image\" content=\"https:\/\/blogdofarnesio.com.br\/wp-content\/uploads\/2021\/11\/blogqspcovid-coronavirus.jpg\" \/>\n\t<meta property=\"og:image:width\" content=\"380\" \/>\n\t<meta property=\"og:image:height\" content=\"280\" \/>\n\t<meta property=\"og:image:type\" content=\"image\/jpeg\" \/>\n<meta name=\"author\" content=\"Farn\u00e9sio\" \/>\n<meta name=\"twitter:card\" content=\"summary_large_image\" \/>\n<meta name=\"twitter:label1\" content=\"Escrito por\" \/>\n\t<meta name=\"twitter:data1\" content=\"Farn\u00e9sio\" \/>\n\t<meta name=\"twitter:label2\" content=\"Est. tempo de leitura\" \/>\n\t<meta name=\"twitter:data2\" content=\"1 minuto\" \/>\n<script type=\"application\/ld+json\" class=\"yoast-schema-graph\">{\"@context\":\"https:\\\/\\\/schema.org\",\"@graph\":[{\"@type\":\"Article\",\"@id\":\"https:\\\/\\\/blogdofarnesio.com.br\\\/2022\\\/08\\\/petrolina-divulga-boletim-epidemiologico-da-quinta-feira\\\/#article\",\"isPartOf\":{\"@id\":\"https:\\\/\\\/blogdofarnesio.com.br\\\/2022\\\/08\\\/petrolina-divulga-boletim-epidemiologico-da-quinta-feira\\\/\"},\"author\":{\"name\":\"Farn\u00e9sio\",\"@id\":\"https:\\\/\\\/blogdofarnesio.com.br\\\/#\\\/schema\\\/person\\\/bb9b23ae3ad0609ce8df7b6c9e76824d\"},\"headline\":\"Petrolina divulga boletim epidemiol\u00f3gico da quinta-feira\",\"datePublished\":\"2022-08-19T15:33:27+00:00\",\"mainEntityOfPage\":{\"@id\":\"https:\\\/\\\/blogdofarnesio.com.br\\\/2022\\\/08\\\/petrolina-divulga-boletim-epidemiologico-da-quinta-feira\\\/\"},\"wordCount\":119,\"commentCount\":0,\"publisher\":{\"@id\":\"https:\\\/\\\/blogdofarnesio.com.br\\\/#organization\"},\"image\":{\"@id\":\"https:\\\/\\\/blogdofarnesio.com.br\\\/2022\\\/08\\\/petrolina-divulga-boletim-epidemiologico-da-quinta-feira\\\/#primaryimage\"},\"thumbnailUrl\":\"https:\\\/\\\/blogdofarnesio.com.br\\\/wp-content\\\/uploads\\\/2021\\\/11\\\/blogqspcovid-coronavirus.jpg\",\"articleSection\":[\"Sa\u00fade\"],\"inLanguage\":\"pt-BR\",\"potentialAction\":[{\"@type\":\"CommentAction\",\"name\":\"Comment\",\"target\":[\"https:\\\/\\\/blogdofarnesio.com.br\\\/2022\\\/08\\\/petrolina-divulga-boletim-epidemiologico-da-quinta-feira\\\/#respond\"]}]},{\"@type\":\"WebPage\",\"@id\":\"https:\\\/\\\/blogdofarnesio.com.br\\\/2022\\\/08\\\/petrolina-divulga-boletim-epidemiologico-da-quinta-feira\\\/\",\"url\":\"https:\\\/\\\/blogdofarnesio.com.br\\\/2022\\\/08\\\/petrolina-divulga-boletim-epidemiologico-da-quinta-feira\\\/\",\"name\":\"Petrolina divulga boletim epidemiol\u00f3gico da quinta-feira - Blog do Farn\u00e9sio\",\"isPartOf\":{\"@id\":\"https:\\\/\\\/blogdofarnesio.com.br\\\/#website\"},\"primaryImageOfPage\":{\"@id\":\"https:\\\/\\\/blogdofarnesio.com.br\\\/2022\\\/08\\\/petrolina-divulga-boletim-epidemiologico-da-quinta-feira\\\/#primaryimage\"},\"image\":{\"@id\":\"https:\\\/\\\/blogdofarnesio.com.br\\\/2022\\\/08\\\/petrolina-divulga-boletim-epidemiologico-da-quinta-feira\\\/#primaryimage\"},\"thumbnailUrl\":\"https:\\\/\\\/blogdofarnesio.com.br\\\/wp-content\\\/uploads\\\/2021\\\/11\\\/blogqspcovid-coronavirus.jpg\",\"datePublished\":\"2022-08-19T15:33:27+00:00\",\"breadcrumb\":{\"@id\":\"https:\\\/\\\/blogdofarnesio.com.br\\\/2022\\\/08\\\/petrolina-divulga-boletim-epidemiologico-da-quinta-feira\\\/#breadcrumb\"},\"inLanguage\":\"pt-BR\",\"potentialAction\":[{\"@type\":\"ReadAction\",\"target\":[\"https:\\\/\\\/blogdofarnesio.com.br\\\/2022\\\/08\\\/petrolina-divulga-boletim-epidemiologico-da-quinta-feira\\\/\"]}]},{\"@type\":\"ImageObject\",\"inLanguage\":\"pt-BR\",\"@id\":\"https:\\\/\\\/blogdofarnesio.com.br\\\/2022\\\/08\\\/petrolina-divulga-boletim-epidemiologico-da-quinta-feira\\\/#primaryimage\",\"url\":\"https:\\\/\\\/blogdofarnesio.com.br\\\/wp-content\\\/uploads\\\/2021\\\/11\\\/blogqspcovid-coronavirus.jpg\",\"contentUrl\":\"https:\\\/\\\/blogdofarnesio.com.br\\\/wp-content\\\/uploads\\\/2021\\\/11\\\/blogqspcovid-coronavirus.jpg\",\"width\":380,\"height\":280,\"caption\":\"Foto: Reprodu\u00e7\u00e3o \\\/ Getty Images\"},{\"@type\":\"BreadcrumbList\",\"@id\":\"https:\\\/\\\/blogdofarnesio.com.br\\\/2022\\\/08\\\/petrolina-divulga-boletim-epidemiologico-da-quinta-feira\\\/#breadcrumb\",\"itemListElement\":[{\"@type\":\"ListItem\",\"position\":1,\"name\":\"In\u00edcio\",\"item\":\"https:\\\/\\\/blogdofarnesio.com.br\\\/\"},{\"@type\":\"ListItem\",\"position\":2,\"name\":\"Petrolina divulga boletim epidemiol\u00f3gico da quinta-feira\"}]},{\"@type\":\"WebSite\",\"@id\":\"https:\\\/\\\/blogdofarnesio.com.br\\\/#website\",\"url\":\"https:\\\/\\\/blogdofarnesio.com.br\\\/\",\"name\":\"Blog do Farn\u00e9sio\",\"description\":\"Quer Saber Pol\u00edtica?\",\"publisher\":{\"@id\":\"https:\\\/\\\/blogdofarnesio.com.br\\\/#organization\"},\"potentialAction\":[{\"@type\":\"SearchAction\",\"target\":{\"@type\":\"EntryPoint\",\"urlTemplate\":\"https:\\\/\\\/blogdofarnesio.com.br\\\/?s={search_term_string}\"},\"query-input\":{\"@type\":\"PropertyValueSpecification\",\"valueRequired\":true,\"valueName\":\"search_term_string\"}}],\"inLanguage\":\"pt-BR\"},{\"@type\":\"Organization\",\"@id\":\"https:\\\/\\\/blogdofarnesio.com.br\\\/#organization\",\"name\":\"Blog do Farn\u00e9sio\",\"url\":\"https:\\\/\\\/blogdofarnesio.com.br\\\/\",\"logo\":{\"@type\":\"ImageObject\",\"inLanguage\":\"pt-BR\",\"@id\":\"https:\\\/\\\/blogdofarnesio.com.br\\\/#\\\/schema\\\/logo\\\/image\\\/\",\"url\":\"https:\\\/\\\/blogdofarnesio.com.br\\\/wp-content\\\/uploads\\\/2026\\\/03\\\/cropped-logo_new-1.png\",\"contentUrl\":\"https:\\\/\\\/blogdofarnesio.com.br\\\/wp-content\\\/uploads\\\/2026\\\/03\\\/cropped-logo_new-1.png\",\"width\":881,\"height\":685,\"caption\":\"Blog do Farn\u00e9sio\"},\"image\":{\"@id\":\"https:\\\/\\\/blogdofarnesio.com.br\\\/#\\\/schema\\\/logo\\\/image\\\/\"},\"sameAs\":[\"https:\\\/\\\/www.facebook.com\\\/BlogQuerSaberPolitica\\\/\"]},{\"@type\":\"Person\",\"@id\":\"https:\\\/\\\/blogdofarnesio.com.br\\\/#\\\/schema\\\/person\\\/bb9b23ae3ad0609ce8df7b6c9e76824d\",\"name\":\"Farn\u00e9sio\",\"image\":{\"@type\":\"ImageObject\",\"inLanguage\":\"pt-BR\",\"@id\":\"https:\\\/\\\/secure.gravatar.com\\\/avatar\\\/986aa4c61ccdb66f8555bf88fc2a65609d00bcabd4d2d94377a727547345cbca?s=96&d=mm&r=g\",\"url\":\"https:\\\/\\\/secure.gravatar.com\\\/avatar\\\/986aa4c61ccdb66f8555bf88fc2a65609d00bcabd4d2d94377a727547345cbca?s=96&d=mm&r=g\",\"contentUrl\":\"https:\\\/\\\/secure.gravatar.com\\\/avatar\\\/986aa4c61ccdb66f8555bf88fc2a65609d00bcabd4d2d94377a727547345cbca?s=96&d=mm&r=g\",\"caption\":\"Farn\u00e9sio\"},\"description\":\"Radialista blogueiro, chegou a Petrolina\\\/Juazeiro em setembro de 1980, Farn\u00e9sio Silva \u00e9 de Arapiraca-Alagoas.\",\"sameAs\":[\"http:\\\/\\\/blogdofarnesio.com.br\",\"https:\\\/\\\/www.facebook.com\\\/?ref=tn_tnmn\",\"https:\\\/\\\/www.instagram.com\\\/?utm_source=pwa_homescreen\",\"https:\\\/\\\/youtube.com.br\\\/\"],\"url\":\"https:\\\/\\\/blogdofarnesio.com.br\\\/author\\\/farnesio-2\\\/\"}]}<\/script>\n<!-- \/ Yoast SEO plugin. -->","yoast_head_json":{"title":"Petrolina divulga boletim epidemiol\u00f3gico da quinta-feira - Blog do Farn\u00e9sio","robots":{"index":"index","follow":"follow","max-snippet":"max-snippet:-1","max-image-preview":"max-image-preview:large","max-video-preview":"max-video-preview:-1"},"canonical":"https:\/\/blogdofarnesio.com.br\/2022\/08\/petrolina-divulga-boletim-epidemiologico-da-quinta-feira\/","og_locale":"pt_BR","og_type":"article","og_title":"Petrolina divulga boletim epidemiol\u00f3gico da quinta-feira - Blog do Farn\u00e9sio","og_description":"O boletim epidemiol\u00f3gico divulgado pela Secretaria de Sa\u00fade nessa quinta-feira (18) registra que, dos 64 leitos de UTI dispon\u00edveis para a rede PEBA, 31 est\u00e3o ocupados, com isso, a taxa fica em 48,4% ocupa\u00e7\u00e3o. Al\u00e9m desses dados, a Secretaria de Sa\u00fade registrou 48 casos de COVID-19. Foram realizados 219 testes no polo montado pela secretaria. A cidade tem 685 mortes causados pela doen\u00e7a. Petrolina est\u00e1 com 62.186 pessoas j\u00e1 infectadas pelo novo coronav\u00edrus. Desse total, 56.093 j\u00e1 est\u00e3o recuperadas, isso significa 90,2% de cura cl\u00ednica. O munic\u00edpio est\u00e1 com 5.408 casos ativos da Covid-19. Outras informa\u00e7\u00f5es sobre a pandemia est\u00e3o dispon\u00edveis no site:\u00a0petrolina.pe.gov.br\/coronavirus.","og_url":"https:\/\/blogdofarnesio.com.br\/2022\/08\/petrolina-divulga-boletim-epidemiologico-da-quinta-feira\/","og_site_name":"Blog do Farn\u00e9sio","article_publisher":"https:\/\/www.facebook.com\/BlogQuerSaberPolitica\/","article_author":"https:\/\/www.facebook.com\/?ref=tn_tnmn","article_published_time":"2022-08-19T15:33:27+00:00","og_image":[{"width":380,"height":280,"url":"https:\/\/blogdofarnesio.com.br\/wp-content\/uploads\/2021\/11\/blogqspcovid-coronavirus.jpg","type":"image\/jpeg"}],"author":"Farn\u00e9sio","twitter_card":"summary_large_image","twitter_misc":{"Escrito por":"Farn\u00e9sio","Est. tempo de leitura":"1 minuto"},"schema":{"@context":"https:\/\/schema.org","@graph":[{"@type":"Article","@id":"https:\/\/blogdofarnesio.com.br\/2022\/08\/petrolina-divulga-boletim-epidemiologico-da-quinta-feira\/#article","isPartOf":{"@id":"https:\/\/blogdofarnesio.com.br\/2022\/08\/petrolina-divulga-boletim-epidemiologico-da-quinta-feira\/"},"author":{"name":"Farn\u00e9sio","@id":"https:\/\/blogdofarnesio.com.br\/#\/schema\/person\/bb9b23ae3ad0609ce8df7b6c9e76824d"},"headline":"Petrolina divulga boletim epidemiol\u00f3gico da quinta-feira","datePublished":"2022-08-19T15:33:27+00:00","mainEntityOfPage":{"@id":"https:\/\/blogdofarnesio.com.br\/2022\/08\/petrolina-divulga-boletim-epidemiologico-da-quinta-feira\/"},"wordCount":119,"commentCount":0,"publisher":{"@id":"https:\/\/blogdofarnesio.com.br\/#organization"},"image":{"@id":"https:\/\/blogdofarnesio.com.br\/2022\/08\/petrolina-divulga-boletim-epidemiologico-da-quinta-feira\/#primaryimage"},"thumbnailUrl":"https:\/\/blogdofarnesio.com.br\/wp-content\/uploads\/2021\/11\/blogqspcovid-coronavirus.jpg","articleSection":["Sa\u00fade"],"inLanguage":"pt-BR","potentialAction":[{"@type":"CommentAction","name":"Comment","target":["https:\/\/blogdofarnesio.com.br\/2022\/08\/petrolina-divulga-boletim-epidemiologico-da-quinta-feira\/#respond"]}]},{"@type":"WebPage","@id":"https:\/\/blogdofarnesio.com.br\/2022\/08\/petrolina-divulga-boletim-epidemiologico-da-quinta-feira\/","url":"https:\/\/blogdofarnesio.com.br\/2022\/08\/petrolina-divulga-boletim-epidemiologico-da-quinta-feira\/","name":"Petrolina divulga boletim epidemiol\u00f3gico da quinta-feira - Blog do Farn\u00e9sio","isPartOf":{"@id":"https:\/\/blogdofarnesio.com.br\/#website"},"primaryImageOfPage":{"@id":"https:\/\/blogdofarnesio.com.br\/2022\/08\/petrolina-divulga-boletim-epidemiologico-da-quinta-feira\/#primaryimage"},"image":{"@id":"https:\/\/blogdofarnesio.com.br\/2022\/08\/petrolina-divulga-boletim-epidemiologico-da-quinta-feira\/#primaryimage"},"thumbnailUrl":"https:\/\/blogdofarnesio.com.br\/wp-content\/uploads\/2021\/11\/blogqspcovid-coronavirus.jpg","datePublished":"2022-08-19T15:33:27+00:00","breadcrumb":{"@id":"https:\/\/blogdofarnesio.com.br\/2022\/08\/petrolina-divulga-boletim-epidemiologico-da-quinta-feira\/#breadcrumb"},"inLanguage":"pt-BR","potentialAction":[{"@type":"ReadAction","target":["https:\/\/blogdofarnesio.com.br\/2022\/08\/petrolina-divulga-boletim-epidemiologico-da-quinta-feira\/"]}]},{"@type":"ImageObject","inLanguage":"pt-BR","@id":"https:\/\/blogdofarnesio.com.br\/2022\/08\/petrolina-divulga-boletim-epidemiologico-da-quinta-feira\/#primaryimage","url":"https:\/\/blogdofarnesio.com.br\/wp-content\/uploads\/2021\/11\/blogqspcovid-coronavirus.jpg","contentUrl":"https:\/\/blogdofarnesio.com.br\/wp-content\/uploads\/2021\/11\/blogqspcovid-coronavirus.jpg","width":380,"height":280,"caption":"Foto: Reprodu\u00e7\u00e3o \/ Getty Images"},{"@type":"BreadcrumbList","@id":"https:\/\/blogdofarnesio.com.br\/2022\/08\/petrolina-divulga-boletim-epidemiologico-da-quinta-feira\/#breadcrumb","itemListElement":[{"@type":"ListItem","position":1,"name":"In\u00edcio","item":"https:\/\/blogdofarnesio.com.br\/"},{"@type":"ListItem","position":2,"name":"Petrolina divulga boletim epidemiol\u00f3gico da quinta-feira"}]},{"@type":"WebSite","@id":"https:\/\/blogdofarnesio.com.br\/#website","url":"https:\/\/blogdofarnesio.com.br\/","name":"Blog do Farn\u00e9sio","description":"Quer Saber Pol\u00edtica?","publisher":{"@id":"https:\/\/blogdofarnesio.com.br\/#organization"},"potentialAction":[{"@type":"SearchAction","target":{"@type":"EntryPoint","urlTemplate":"https:\/\/blogdofarnesio.com.br\/?s={search_term_string}"},"query-input":{"@type":"PropertyValueSpecification","valueRequired":true,"valueName":"search_term_string"}}],"inLanguage":"pt-BR"},{"@type":"Organization","@id":"https:\/\/blogdofarnesio.com.br\/#organization","name":"Blog do Farn\u00e9sio","url":"https:\/\/blogdofarnesio.com.br\/","logo":{"@type":"ImageObject","inLanguage":"pt-BR","@id":"https:\/\/blogdofarnesio.com.br\/#\/schema\/logo\/image\/","url":"https:\/\/blogdofarnesio.com.br\/wp-content\/uploads\/2026\/03\/cropped-logo_new-1.png","contentUrl":"https:\/\/blogdofarnesio.com.br\/wp-content\/uploads\/2026\/03\/cropped-logo_new-1.png","width":881,"height":685,"caption":"Blog do Farn\u00e9sio"},"image":{"@id":"https:\/\/blogdofarnesio.com.br\/#\/schema\/logo\/image\/"},"sameAs":["https:\/\/www.facebook.com\/BlogQuerSaberPolitica\/"]},{"@type":"Person","@id":"https:\/\/blogdofarnesio.com.br\/#\/schema\/person\/bb9b23ae3ad0609ce8df7b6c9e76824d","name":"Farn\u00e9sio","image":{"@type":"ImageObject","inLanguage":"pt-BR","@id":"https:\/\/secure.gravatar.com\/avatar\/986aa4c61ccdb66f8555bf88fc2a65609d00bcabd4d2d94377a727547345cbca?s=96&d=mm&r=g","url":"https:\/\/secure.gravatar.com\/avatar\/986aa4c61ccdb66f8555bf88fc2a65609d00bcabd4d2d94377a727547345cbca?s=96&d=mm&r=g","contentUrl":"https:\/\/secure.gravatar.com\/avatar\/986aa4c61ccdb66f8555bf88fc2a65609d00bcabd4d2d94377a727547345cbca?s=96&d=mm&r=g","caption":"Farn\u00e9sio"},"description":"Radialista blogueiro, chegou a Petrolina\/Juazeiro em setembro de 1980, Farn\u00e9sio Silva \u00e9 de Arapiraca-Alagoas.","sameAs":["http:\/\/blogdofarnesio.com.br","https:\/\/www.facebook.com\/?ref=tn_tnmn","https:\/\/www.instagram.com\/?utm_source=pwa_homescreen","https:\/\/youtube.com.br\/"],"url":"https:\/\/blogdofarnesio.com.br\/author\/farnesio-2\/"}]}},"_links":{"self":[{"href":"https:\/\/blogdofarnesio.com.br\/wp-json\/wp\/v2\/posts\/320811","targetHints":{"allow":["GET"]}}],"collection":[{"href":"https:\/\/blogdofarnesio.com.br\/wp-json\/wp\/v2\/posts"}],"about":[{"href":"https:\/\/blogdofarnesio.com.br\/wp-json\/wp\/v2\/types\/post"}],"author":[{"embeddable":true,"href":"https:\/\/blogdofarnesio.com.br\/wp-json\/wp\/v2\/users\/2"}],"replies":[{"embeddable":true,"href":"https:\/\/blogdofarnesio.com.br\/wp-json\/wp\/v2\/comments?post=320811"}],"version-history":[{"count":0,"href":"https:\/\/blogdofarnesio.com.br\/wp-json\/wp\/v2\/posts\/320811\/revisions"}],"wp:featuredmedia":[{"embeddable":true,"href":"https:\/\/blogdofarnesio.com.br\/wp-json\/wp\/v2\/media\/301007"}],"wp:attachment":[{"href":"https:\/\/blogdofarnesio.com.br\/wp-json\/wp\/v2\/media?parent=320811"}],"wp:term":[{"taxonomy":"category","embeddable":true,"href":"https:\/\/blogdofarnesio.com.br\/wp-json\/wp\/v2\/categories?post=320811"},{"taxonomy":"post_tag","embeddable":true,"href":"https:\/\/blogdofarnesio.com.br\/wp-json\/wp\/v2\/tags?post=320811"}],"curies":[{"name":"wp","href":"https:\/\/api.w.org\/{rel}","templated":true}]}}