{"id":320808,"date":"2022-08-19T15:03:51","date_gmt":"2022-08-19T18:03:51","guid":{"rendered":"https:\/\/blogdofarnesio.com.br\/?p=320808"},"modified":"2022-08-19T11:08:55","modified_gmt":"2022-08-19T14:08:55","slug":"eleicoes-2022-miguel-coelho-recebe-apoio-de-mais-duas-importantes-liderancas-cristas-de-pernambuco","status":"publish","type":"post","link":"https:\/\/blogdofarnesio.com.br\/?p=320808","title":{"rendered":"Elei\u00e7\u00f5es 2022: Miguel Coelho recebe apoio de mais duas importantes lideran\u00e7as crist\u00e3s de Pernambuco"},"content":{"rendered":"<div>O candidato a governador Miguel Coelho fortaleceu os la\u00e7os com a comunidade evang\u00e9lica com a ades\u00e3o de mais duas importantes lideran\u00e7as. Nesta quinta-feira (18), o Bispo Marcos Campelo, presidente da Igreja Evang\u00e9lica Internacional El-Shadday, que tamb\u00e9m \u00e9 candidato a deputado federal pelo PP, e a Bispa Ana Campelo (candidata a estadual pelo PP) oficializaram apoio ao ex-prefeito de Petrolina.<\/div>\n<div><\/div>\n<div>Durante encontro no Recife, o casal reuniu amigos e integrantes da igreja para falar da decis\u00e3o de marchar com Miguel. O Bispo Marcos Campelo justificou a escolha devido aos valores, propostas de governo e legado deixado pelo candidato a governador na gest\u00e3o da cidade sertaneja. &#8220;A candidatura de Miguel ser\u00e1 um divisor de \u00e1guas para o povo crist\u00e3o, para a fam\u00edlia pernambucana. Vamos construir essa vit\u00f3ria voto a voto&#8221;, disse o Bispo Campelo.<\/div>\n<div><\/div>\n<div>Miguel e a candidata a vice-governadora, Alessandra Vieira, participaram ainda da comemora\u00e7\u00e3o dos 25 anos da Cruzada Recuperando Vidas, projeto idealizado pelo deputado estadual Pastor Cleiton Collins, da Igreja Asembleia de Deus. Na semana passada, Collins e sua esposa, Mission\u00e1ria Michele Collins (vereadora do Recife e candidata a deputada federal pelo PP), j\u00e1 haviam firmado apoio a Miguel.<\/div>\n<div><\/div>\n<div>&#8220;Miguel \u00e9 o mais preparado para governar Pernambuco e tenho certeza que Deus vai dar essa chance a ele&#8221;, pontuou Cleiton Collins. &#8220;Cada apoio que recebemos \u00e9 muito importante para chegarmos ao segundo turno e vencermos as elei\u00e7\u00f5es. Eu pe\u00e7o a uni\u00e3o do povo de Deus de Pernambuco para que possamos transformar o nosso estado\u201d, declarou Miguel.<\/div>\n<div><\/div>\n<div>Foto: Nicole Rodrigues<\/div>\n","protected":false},"excerpt":{"rendered":"<p>O candidato a governador Miguel Coelho fortaleceu os la\u00e7os com a comunidade evang\u00e9lica com a ades\u00e3o de mais duas importantes lideran\u00e7as. Nesta quinta-feira (18), o Bispo Marcos Campelo, presidente da Igreja Evang\u00e9lica Internacional El-Shadday, que tamb\u00e9m \u00e9 candidato a deputado federal pelo PP, e a Bispa Ana Campelo (candidata a estadual pelo PP) oficializaram apoio ao ex-prefeito de Petrolina. Durante encontro no Recife, o casal reuniu amigos e integrantes da igreja para falar da decis\u00e3o de marchar com Miguel. O Bispo Marcos Campelo justificou a escolha devido aos valores, propostas de governo e legado deixado pelo candidato a governador na gest\u00e3o da cidade sertaneja. &#8220;A candidatura de Miguel ser\u00e1 um divisor de \u00e1guas para o povo crist\u00e3o, para a fam\u00edlia&hellip; <\/p>\n","protected":false},"author":2,"featured_media":320809,"comment_status":"open","ping_status":"open","sticky":false,"template":"","format":"standard","meta":{"_acf_changed":false,"footnotes":""},"categories":[34],"tags":[],"class_list":["post-320808","post","type-post","status-publish","format-standard","has-post-thumbnail","hentry","category-eleicoes"],"acf":[],"yoast_head":"<!-- This site is optimized with the Yoast SEO plugin v27.4 - https:\/\/yoast.com\/product\/yoast-seo-wordpress\/ -->\n<title>Elei\u00e7\u00f5es 2022: Miguel Coelho recebe apoio de mais duas importantes lideran\u00e7as crist\u00e3s de Pernambuco - Blog do Farn\u00e9sio<\/title>\n<meta name=\"robots\" content=\"index, follow, max-snippet:-1, max-image-preview:large, max-video-preview:-1\" \/>\n<link rel=\"canonical\" href=\"https:\/\/blogdofarnesio.com.br\/?p=320808\" \/>\n<meta property=\"og:locale\" content=\"pt_BR\" \/>\n<meta property=\"og:type\" content=\"article\" \/>\n<meta property=\"og:title\" content=\"Elei\u00e7\u00f5es 2022: Miguel Coelho recebe apoio de mais duas importantes lideran\u00e7as crist\u00e3s de Pernambuco - Blog do Farn\u00e9sio\" \/>\n<meta property=\"og:description\" content=\"O candidato a governador Miguel Coelho fortaleceu os la\u00e7os com a comunidade evang\u00e9lica com a ades\u00e3o de mais duas importantes lideran\u00e7as. Nesta quinta-feira (18), o Bispo Marcos Campelo, presidente da Igreja Evang\u00e9lica Internacional El-Shadday, que tamb\u00e9m \u00e9 candidato a deputado federal pelo PP, e a Bispa Ana Campelo (candidata a estadual pelo PP) oficializaram apoio ao ex-prefeito de Petrolina. Durante encontro no Recife, o casal reuniu amigos e integrantes da igreja para falar da decis\u00e3o de marchar com Miguel. O Bispo Marcos Campelo justificou a escolha devido aos valores, propostas de governo e legado deixado pelo candidato a governador na gest\u00e3o da cidade sertaneja. &#8220;A candidatura de Miguel ser\u00e1 um divisor de \u00e1guas para o povo crist\u00e3o, para a fam\u00edlia&hellip;\" \/>\n<meta property=\"og:url\" content=\"https:\/\/blogdofarnesio.com.br\/?p=320808\" \/>\n<meta property=\"og:site_name\" content=\"Blog do Farn\u00e9sio\" \/>\n<meta property=\"article:publisher\" content=\"https:\/\/www.facebook.com\/BlogQuerSaberPolitica\/\" \/>\n<meta property=\"article:author\" content=\"https:\/\/www.facebook.com\/?ref=tn_tnmn\" \/>\n<meta property=\"article:published_time\" content=\"2022-08-19T18:03:51+00:00\" \/>\n<meta property=\"og:image\" content=\"https:\/\/blogdofarnesio.com.br\/wp-content\/uploads\/2022\/08\/636838A3-D4D0-482B-97E5-9DBC7D304373-e1660918104894.jpeg\" \/>\n\t<meta property=\"og:image:width\" content=\"680\" \/>\n\t<meta property=\"og:image:height\" content=\"457\" \/>\n\t<meta property=\"og:image:type\" content=\"image\/jpeg\" \/>\n<meta name=\"author\" content=\"Farn\u00e9sio\" \/>\n<meta name=\"twitter:card\" content=\"summary_large_image\" \/>\n<meta name=\"twitter:label1\" content=\"Escrito por\" \/>\n\t<meta name=\"twitter:data1\" content=\"Farn\u00e9sio\" \/>\n\t<meta name=\"twitter:label2\" content=\"Est. tempo de leitura\" \/>\n\t<meta name=\"twitter:data2\" content=\"2 minutos\" \/>\n<script type=\"application\/ld+json\" class=\"yoast-schema-graph\">{\"@context\":\"https:\\\/\\\/schema.org\",\"@graph\":[{\"@type\":\"Article\",\"@id\":\"https:\\\/\\\/blogdofarnesio.com.br\\\/?p=320808#article\",\"isPartOf\":{\"@id\":\"https:\\\/\\\/blogdofarnesio.com.br\\\/?p=320808\"},\"author\":{\"name\":\"Farn\u00e9sio\",\"@id\":\"https:\\\/\\\/blogdofarnesio.com.br\\\/#\\\/schema\\\/person\\\/bb9b23ae3ad0609ce8df7b6c9e76824d\"},\"headline\":\"Elei\u00e7\u00f5es 2022: Miguel Coelho recebe apoio de mais duas importantes lideran\u00e7as crist\u00e3s de Pernambuco\",\"datePublished\":\"2022-08-19T18:03:51+00:00\",\"mainEntityOfPage\":{\"@id\":\"https:\\\/\\\/blogdofarnesio.com.br\\\/?p=320808\"},\"wordCount\":277,\"commentCount\":0,\"publisher\":{\"@id\":\"https:\\\/\\\/blogdofarnesio.com.br\\\/#organization\"},\"image\":{\"@id\":\"https:\\\/\\\/blogdofarnesio.com.br\\\/?p=320808#primaryimage\"},\"thumbnailUrl\":\"https:\\\/\\\/blogdofarnesio.com.br\\\/wp-content\\\/uploads\\\/2022\\\/08\\\/636838A3-D4D0-482B-97E5-9DBC7D304373-e1660918104894.jpeg\",\"articleSection\":[\"Elei\u00e7\u00f5es\"],\"inLanguage\":\"pt-BR\",\"potentialAction\":[{\"@type\":\"CommentAction\",\"name\":\"Comment\",\"target\":[\"https:\\\/\\\/blogdofarnesio.com.br\\\/?p=320808#respond\"]}]},{\"@type\":\"WebPage\",\"@id\":\"https:\\\/\\\/blogdofarnesio.com.br\\\/?p=320808\",\"url\":\"https:\\\/\\\/blogdofarnesio.com.br\\\/?p=320808\",\"name\":\"Elei\u00e7\u00f5es 2022: Miguel Coelho recebe apoio de mais duas importantes lideran\u00e7as crist\u00e3s de Pernambuco - Blog do Farn\u00e9sio\",\"isPartOf\":{\"@id\":\"https:\\\/\\\/blogdofarnesio.com.br\\\/#website\"},\"primaryImageOfPage\":{\"@id\":\"https:\\\/\\\/blogdofarnesio.com.br\\\/?p=320808#primaryimage\"},\"image\":{\"@id\":\"https:\\\/\\\/blogdofarnesio.com.br\\\/?p=320808#primaryimage\"},\"thumbnailUrl\":\"https:\\\/\\\/blogdofarnesio.com.br\\\/wp-content\\\/uploads\\\/2022\\\/08\\\/636838A3-D4D0-482B-97E5-9DBC7D304373-e1660918104894.jpeg\",\"datePublished\":\"2022-08-19T18:03:51+00:00\",\"breadcrumb\":{\"@id\":\"https:\\\/\\\/blogdofarnesio.com.br\\\/?p=320808#breadcrumb\"},\"inLanguage\":\"pt-BR\",\"potentialAction\":[{\"@type\":\"ReadAction\",\"target\":[\"https:\\\/\\\/blogdofarnesio.com.br\\\/?p=320808\"]}]},{\"@type\":\"ImageObject\",\"inLanguage\":\"pt-BR\",\"@id\":\"https:\\\/\\\/blogdofarnesio.com.br\\\/?p=320808#primaryimage\",\"url\":\"https:\\\/\\\/blogdofarnesio.com.br\\\/wp-content\\\/uploads\\\/2022\\\/08\\\/636838A3-D4D0-482B-97E5-9DBC7D304373-e1660918104894.jpeg\",\"contentUrl\":\"https:\\\/\\\/blogdofarnesio.com.br\\\/wp-content\\\/uploads\\\/2022\\\/08\\\/636838A3-D4D0-482B-97E5-9DBC7D304373-e1660918104894.jpeg\",\"width\":680,\"height\":457},{\"@type\":\"BreadcrumbList\",\"@id\":\"https:\\\/\\\/blogdofarnesio.com.br\\\/?p=320808#breadcrumb\",\"itemListElement\":[{\"@type\":\"ListItem\",\"position\":1,\"name\":\"In\u00edcio\",\"item\":\"https:\\\/\\\/blogdofarnesio.com.br\\\/\"},{\"@type\":\"ListItem\",\"position\":2,\"name\":\"Elei\u00e7\u00f5es 2022: Miguel Coelho recebe apoio de mais duas importantes lideran\u00e7as crist\u00e3s de Pernambuco\"}]},{\"@type\":\"WebSite\",\"@id\":\"https:\\\/\\\/blogdofarnesio.com.br\\\/#website\",\"url\":\"https:\\\/\\\/blogdofarnesio.com.br\\\/\",\"name\":\"Blog do Farn\u00e9sio\",\"description\":\"Quer Saber Pol\u00edtica?\",\"publisher\":{\"@id\":\"https:\\\/\\\/blogdofarnesio.com.br\\\/#organization\"},\"potentialAction\":[{\"@type\":\"SearchAction\",\"target\":{\"@type\":\"EntryPoint\",\"urlTemplate\":\"https:\\\/\\\/blogdofarnesio.com.br\\\/?s={search_term_string}\"},\"query-input\":{\"@type\":\"PropertyValueSpecification\",\"valueRequired\":true,\"valueName\":\"search_term_string\"}}],\"inLanguage\":\"pt-BR\"},{\"@type\":\"Organization\",\"@id\":\"https:\\\/\\\/blogdofarnesio.com.br\\\/#organization\",\"name\":\"Blog do Farn\u00e9sio\",\"url\":\"https:\\\/\\\/blogdofarnesio.com.br\\\/\",\"logo\":{\"@type\":\"ImageObject\",\"inLanguage\":\"pt-BR\",\"@id\":\"https:\\\/\\\/blogdofarnesio.com.br\\\/#\\\/schema\\\/logo\\\/image\\\/\",\"url\":\"https:\\\/\\\/blogdofarnesio.com.br\\\/wp-content\\\/uploads\\\/2026\\\/03\\\/cropped-logo_new-1.png\",\"contentUrl\":\"https:\\\/\\\/blogdofarnesio.com.br\\\/wp-content\\\/uploads\\\/2026\\\/03\\\/cropped-logo_new-1.png\",\"width\":881,\"height\":685,\"caption\":\"Blog do Farn\u00e9sio\"},\"image\":{\"@id\":\"https:\\\/\\\/blogdofarnesio.com.br\\\/#\\\/schema\\\/logo\\\/image\\\/\"},\"sameAs\":[\"https:\\\/\\\/www.facebook.com\\\/BlogQuerSaberPolitica\\\/\"]},{\"@type\":\"Person\",\"@id\":\"https:\\\/\\\/blogdofarnesio.com.br\\\/#\\\/schema\\\/person\\\/bb9b23ae3ad0609ce8df7b6c9e76824d\",\"name\":\"Farn\u00e9sio\",\"image\":{\"@type\":\"ImageObject\",\"inLanguage\":\"pt-BR\",\"@id\":\"https:\\\/\\\/secure.gravatar.com\\\/avatar\\\/986aa4c61ccdb66f8555bf88fc2a65609d00bcabd4d2d94377a727547345cbca?s=96&d=mm&r=g\",\"url\":\"https:\\\/\\\/secure.gravatar.com\\\/avatar\\\/986aa4c61ccdb66f8555bf88fc2a65609d00bcabd4d2d94377a727547345cbca?s=96&d=mm&r=g\",\"contentUrl\":\"https:\\\/\\\/secure.gravatar.com\\\/avatar\\\/986aa4c61ccdb66f8555bf88fc2a65609d00bcabd4d2d94377a727547345cbca?s=96&d=mm&r=g\",\"caption\":\"Farn\u00e9sio\"},\"description\":\"Radialista blogueiro, chegou a Petrolina\\\/Juazeiro em setembro de 1980, Farn\u00e9sio Silva \u00e9 de Arapiraca-Alagoas.\",\"sameAs\":[\"http:\\\/\\\/blogdofarnesio.com.br\",\"https:\\\/\\\/www.facebook.com\\\/?ref=tn_tnmn\",\"https:\\\/\\\/www.instagram.com\\\/?utm_source=pwa_homescreen\",\"https:\\\/\\\/youtube.com.br\\\/\"],\"url\":\"https:\\\/\\\/blogdofarnesio.com.br\\\/?author=2\"}]}<\/script>\n<!-- \/ Yoast SEO plugin. -->","yoast_head_json":{"title":"Elei\u00e7\u00f5es 2022: Miguel Coelho recebe apoio de mais duas importantes lideran\u00e7as crist\u00e3s de Pernambuco - Blog do Farn\u00e9sio","robots":{"index":"index","follow":"follow","max-snippet":"max-snippet:-1","max-image-preview":"max-image-preview:large","max-video-preview":"max-video-preview:-1"},"canonical":"https:\/\/blogdofarnesio.com.br\/?p=320808","og_locale":"pt_BR","og_type":"article","og_title":"Elei\u00e7\u00f5es 2022: Miguel Coelho recebe apoio de mais duas importantes lideran\u00e7as crist\u00e3s de Pernambuco - Blog do Farn\u00e9sio","og_description":"O candidato a governador Miguel Coelho fortaleceu os la\u00e7os com a comunidade evang\u00e9lica com a ades\u00e3o de mais duas importantes lideran\u00e7as. Nesta quinta-feira (18), o Bispo Marcos Campelo, presidente da Igreja Evang\u00e9lica Internacional El-Shadday, que tamb\u00e9m \u00e9 candidato a deputado federal pelo PP, e a Bispa Ana Campelo (candidata a estadual pelo PP) oficializaram apoio ao ex-prefeito de Petrolina. Durante encontro no Recife, o casal reuniu amigos e integrantes da igreja para falar da decis\u00e3o de marchar com Miguel. O Bispo Marcos Campelo justificou a escolha devido aos valores, propostas de governo e legado deixado pelo candidato a governador na gest\u00e3o da cidade sertaneja. &#8220;A candidatura de Miguel ser\u00e1 um divisor de \u00e1guas para o povo crist\u00e3o, para a fam\u00edlia&hellip;","og_url":"https:\/\/blogdofarnesio.com.br\/?p=320808","og_site_name":"Blog do Farn\u00e9sio","article_publisher":"https:\/\/www.facebook.com\/BlogQuerSaberPolitica\/","article_author":"https:\/\/www.facebook.com\/?ref=tn_tnmn","article_published_time":"2022-08-19T18:03:51+00:00","og_image":[{"width":680,"height":457,"url":"https:\/\/blogdofarnesio.com.br\/wp-content\/uploads\/2022\/08\/636838A3-D4D0-482B-97E5-9DBC7D304373-e1660918104894.jpeg","type":"image\/jpeg"}],"author":"Farn\u00e9sio","twitter_card":"summary_large_image","twitter_misc":{"Escrito por":"Farn\u00e9sio","Est. tempo de leitura":"2 minutos"},"schema":{"@context":"https:\/\/schema.org","@graph":[{"@type":"Article","@id":"https:\/\/blogdofarnesio.com.br\/?p=320808#article","isPartOf":{"@id":"https:\/\/blogdofarnesio.com.br\/?p=320808"},"author":{"name":"Farn\u00e9sio","@id":"https:\/\/blogdofarnesio.com.br\/#\/schema\/person\/bb9b23ae3ad0609ce8df7b6c9e76824d"},"headline":"Elei\u00e7\u00f5es 2022: Miguel Coelho recebe apoio de mais duas importantes lideran\u00e7as crist\u00e3s de Pernambuco","datePublished":"2022-08-19T18:03:51+00:00","mainEntityOfPage":{"@id":"https:\/\/blogdofarnesio.com.br\/?p=320808"},"wordCount":277,"commentCount":0,"publisher":{"@id":"https:\/\/blogdofarnesio.com.br\/#organization"},"image":{"@id":"https:\/\/blogdofarnesio.com.br\/?p=320808#primaryimage"},"thumbnailUrl":"https:\/\/blogdofarnesio.com.br\/wp-content\/uploads\/2022\/08\/636838A3-D4D0-482B-97E5-9DBC7D304373-e1660918104894.jpeg","articleSection":["Elei\u00e7\u00f5es"],"inLanguage":"pt-BR","potentialAction":[{"@type":"CommentAction","name":"Comment","target":["https:\/\/blogdofarnesio.com.br\/?p=320808#respond"]}]},{"@type":"WebPage","@id":"https:\/\/blogdofarnesio.com.br\/?p=320808","url":"https:\/\/blogdofarnesio.com.br\/?p=320808","name":"Elei\u00e7\u00f5es 2022: Miguel Coelho recebe apoio de mais duas importantes lideran\u00e7as crist\u00e3s de Pernambuco - Blog do Farn\u00e9sio","isPartOf":{"@id":"https:\/\/blogdofarnesio.com.br\/#website"},"primaryImageOfPage":{"@id":"https:\/\/blogdofarnesio.com.br\/?p=320808#primaryimage"},"image":{"@id":"https:\/\/blogdofarnesio.com.br\/?p=320808#primaryimage"},"thumbnailUrl":"https:\/\/blogdofarnesio.com.br\/wp-content\/uploads\/2022\/08\/636838A3-D4D0-482B-97E5-9DBC7D304373-e1660918104894.jpeg","datePublished":"2022-08-19T18:03:51+00:00","breadcrumb":{"@id":"https:\/\/blogdofarnesio.com.br\/?p=320808#breadcrumb"},"inLanguage":"pt-BR","potentialAction":[{"@type":"ReadAction","target":["https:\/\/blogdofarnesio.com.br\/?p=320808"]}]},{"@type":"ImageObject","inLanguage":"pt-BR","@id":"https:\/\/blogdofarnesio.com.br\/?p=320808#primaryimage","url":"https:\/\/blogdofarnesio.com.br\/wp-content\/uploads\/2022\/08\/636838A3-D4D0-482B-97E5-9DBC7D304373-e1660918104894.jpeg","contentUrl":"https:\/\/blogdofarnesio.com.br\/wp-content\/uploads\/2022\/08\/636838A3-D4D0-482B-97E5-9DBC7D304373-e1660918104894.jpeg","width":680,"height":457},{"@type":"BreadcrumbList","@id":"https:\/\/blogdofarnesio.com.br\/?p=320808#breadcrumb","itemListElement":[{"@type":"ListItem","position":1,"name":"In\u00edcio","item":"https:\/\/blogdofarnesio.com.br\/"},{"@type":"ListItem","position":2,"name":"Elei\u00e7\u00f5es 2022: Miguel Coelho recebe apoio de mais duas importantes lideran\u00e7as crist\u00e3s de Pernambuco"}]},{"@type":"WebSite","@id":"https:\/\/blogdofarnesio.com.br\/#website","url":"https:\/\/blogdofarnesio.com.br\/","name":"Blog do Farn\u00e9sio","description":"Quer Saber Pol\u00edtica?","publisher":{"@id":"https:\/\/blogdofarnesio.com.br\/#organization"},"potentialAction":[{"@type":"SearchAction","target":{"@type":"EntryPoint","urlTemplate":"https:\/\/blogdofarnesio.com.br\/?s={search_term_string}"},"query-input":{"@type":"PropertyValueSpecification","valueRequired":true,"valueName":"search_term_string"}}],"inLanguage":"pt-BR"},{"@type":"Organization","@id":"https:\/\/blogdofarnesio.com.br\/#organization","name":"Blog do Farn\u00e9sio","url":"https:\/\/blogdofarnesio.com.br\/","logo":{"@type":"ImageObject","inLanguage":"pt-BR","@id":"https:\/\/blogdofarnesio.com.br\/#\/schema\/logo\/image\/","url":"https:\/\/blogdofarnesio.com.br\/wp-content\/uploads\/2026\/03\/cropped-logo_new-1.png","contentUrl":"https:\/\/blogdofarnesio.com.br\/wp-content\/uploads\/2026\/03\/cropped-logo_new-1.png","width":881,"height":685,"caption":"Blog do Farn\u00e9sio"},"image":{"@id":"https:\/\/blogdofarnesio.com.br\/#\/schema\/logo\/image\/"},"sameAs":["https:\/\/www.facebook.com\/BlogQuerSaberPolitica\/"]},{"@type":"Person","@id":"https:\/\/blogdofarnesio.com.br\/#\/schema\/person\/bb9b23ae3ad0609ce8df7b6c9e76824d","name":"Farn\u00e9sio","image":{"@type":"ImageObject","inLanguage":"pt-BR","@id":"https:\/\/secure.gravatar.com\/avatar\/986aa4c61ccdb66f8555bf88fc2a65609d00bcabd4d2d94377a727547345cbca?s=96&d=mm&r=g","url":"https:\/\/secure.gravatar.com\/avatar\/986aa4c61ccdb66f8555bf88fc2a65609d00bcabd4d2d94377a727547345cbca?s=96&d=mm&r=g","contentUrl":"https:\/\/secure.gravatar.com\/avatar\/986aa4c61ccdb66f8555bf88fc2a65609d00bcabd4d2d94377a727547345cbca?s=96&d=mm&r=g","caption":"Farn\u00e9sio"},"description":"Radialista blogueiro, chegou a Petrolina\/Juazeiro em setembro de 1980, Farn\u00e9sio Silva \u00e9 de Arapiraca-Alagoas.","sameAs":["http:\/\/blogdofarnesio.com.br","https:\/\/www.facebook.com\/?ref=tn_tnmn","https:\/\/www.instagram.com\/?utm_source=pwa_homescreen","https:\/\/youtube.com.br\/"],"url":"https:\/\/blogdofarnesio.com.br\/?author=2"}]}},"_links":{"self":[{"href":"https:\/\/blogdofarnesio.com.br\/index.php?rest_route=\/wp\/v2\/posts\/320808","targetHints":{"allow":["GET"]}}],"collection":[{"href":"https:\/\/blogdofarnesio.com.br\/index.php?rest_route=\/wp\/v2\/posts"}],"about":[{"href":"https:\/\/blogdofarnesio.com.br\/index.php?rest_route=\/wp\/v2\/types\/post"}],"author":[{"embeddable":true,"href":"https:\/\/blogdofarnesio.com.br\/index.php?rest_route=\/wp\/v2\/users\/2"}],"replies":[{"embeddable":true,"href":"https:\/\/blogdofarnesio.com.br\/index.php?rest_route=%2Fwp%2Fv2%2Fcomments&post=320808"}],"version-history":[{"count":0,"href":"https:\/\/blogdofarnesio.com.br\/index.php?rest_route=\/wp\/v2\/posts\/320808\/revisions"}],"wp:featuredmedia":[{"embeddable":true,"href":"https:\/\/blogdofarnesio.com.br\/index.php?rest_route=\/wp\/v2\/media\/320809"}],"wp:attachment":[{"href":"https:\/\/blogdofarnesio.com.br\/index.php?rest_route=%2Fwp%2Fv2%2Fmedia&parent=320808"}],"wp:term":[{"taxonomy":"category","embeddable":true,"href":"https:\/\/blogdofarnesio.com.br\/index.php?rest_route=%2Fwp%2Fv2%2Fcategories&post=320808"},{"taxonomy":"post_tag","embeddable":true,"href":"https:\/\/blogdofarnesio.com.br\/index.php?rest_route=%2Fwp%2Fv2%2Ftags&post=320808"}],"curies":[{"name":"wp","href":"https:\/\/api.w.org\/{rel}","templated":true}]}}