{"id":32063,"date":"2013-03-18T06:12:37","date_gmt":"2013-03-18T09:12:37","guid":{"rendered":"http:\/\/www.quersaberpolitica.com.br\/?p=32063"},"modified":"2013-03-17T10:26:48","modified_gmt":"2013-03-17T13:26:48","slug":"iniciada-a-pavimentacao-asfaltica-do-segundo-trecho-da-avenida-do-quide","status":"publish","type":"post","link":"https:\/\/blogdofarnesio.com.br\/?p=32063","title":{"rendered":"INICIADA A PAVIMENTA\u00c7\u00c3O ASF\u00c1LTICA DO SEGUNDO TRECHO DA AVENIDA DO QUID\u00c9"},"content":{"rendered":"<p style=\"text-align: justify\"><a href=\"http:\/\/www.quersaberpolitica.com.br\/2016\/wp-content\/uploads\/2013\/03\/BLOGQSP.PAVIMENTA\u00c7\u00c3O.jpg\"><img loading=\"lazy\" decoding=\"async\" class=\"alignleft size-medium wp-image-32064\" alt=\"BLOGQSP.PAVIMENTA\u00c7\u00c3O\" src=\"http:\/\/www.quersaberpolitica.com.br\/2016\/wp-content\/uploads\/2013\/03\/BLOGQSP.PAVIMENTA\u00c7\u00c3O-300x224.jpg\" width=\"300\" height=\"224\" srcset=\"https:\/\/blogdofarnesio.com.br\/wp-content\/uploads\/2013\/03\/BLOGQSP.PAVIMENTA\u00c7\u00c3O-300x224.jpg 300w, https:\/\/blogdofarnesio.com.br\/wp-content\/uploads\/2013\/03\/BLOGQSP.PAVIMENTA\u00c7\u00c3O-400x300.jpg 400w, https:\/\/blogdofarnesio.com.br\/wp-content\/uploads\/2013\/03\/BLOGQSP.PAVIMENTA\u00c7\u00c3O.jpg 448w\" sizes=\"auto, (max-width: 300px) 100vw, 300px\" \/><\/a>A Prefeitura de Juazeiro iniciou nesta \u00a0a segunda etapa da recupera\u00e7\u00e3o asf\u00e1ltica da Avenida Nossa Senhora de Nazar\u00e9, no bairro Quid\u00e9. O trecho duplicado da Avenida j\u00e1 est\u00e1 recebendo o asfalto no lado direito da pista, sentido Rodovia Salitre.<\/p>\n<p style=\"text-align: justify\">Nesta sexta-feira (15) a equipe t\u00e9cnica da SEDUR acompanhou o andamento das obras. \u201cConclu\u00edmos a drenagem do canteiro central e do lado direito da pista, e iniciamos a pavimenta\u00e7\u00e3o. No lado esquerdo as m\u00e1quinas est\u00e3o retirando o material antigo para come\u00e7ar a prepara\u00e7\u00e3o da base e sub base\u201d, explicou o engenheiro da SEDUR, Hemerson Guimar\u00e3es.<\/p>\n<p style=\"text-align: justify\">A moradora Elane Pinheiro, que mora a 25 anos na Avenida, est\u00e1 comemorando a recupera\u00e7\u00e3o. \u201cA gente sofria muito com a poeira e os buracos, minha filha ficava doente com frequ\u00eancia, por causa da poeira. Estou satisfeita, agora os moradores s\u00f3 tem a agradecer ao prefeito\u201d, ressaltou Elane.<\/p>\n<p style=\"text-align: justify\">A primeira etapa de pavimenta\u00e7\u00e3o da principal Avenida do bairro foi conclu\u00edda no ano passado, e cerca de 600 metros de asfalto j\u00e1 foram recuperados. As obras de drenagem de \u00e1guas pluviais j\u00e1 foram executadas aproximadamente 50%, o que ir\u00e1 possibilitar maior durabilidade do asfalto. No total, ser\u00e1 pavimentado aproximadamente 3 mil metros de pista, que vai interligar as Avenidas Salitre com a Gaspar de Lemos.<\/p>\n<p style=\"text-align: justify\">\u201cO prefeito Isaac est\u00e1 empenhado para viabilizar o mais r\u00e1pido poss\u00edvel as obras de pavimenta\u00e7\u00e3o das Avenidas do munic\u00edpio. Al\u00e9m da Nossa Senhora de Nazar\u00e9 iniciaremos em breve as Avenidas S\u00e3o Jo\u00e3o e Manoel Borges, em parceria com o Governo do Estado\u201d, finalizou a secret\u00e1ria de Desenvolvimento Urbano, C\u00e9lia Regina Carvalho.<\/p>\n<p style=\"text-align: justify\">Por Emanuelle Lustosa \/ SEDUR<\/p>\n","protected":false},"excerpt":{"rendered":"<p>A Prefeitura de Juazeiro iniciou nesta \u00a0a segunda etapa da recupera\u00e7\u00e3o asf\u00e1ltica da Avenida Nossa Senhora de Nazar\u00e9, no bairro Quid\u00e9. O trecho duplicado da Avenida j\u00e1 est\u00e1 recebendo o asfalto no lado direito da pista, sentido Rodovia Salitre. Nesta sexta-feira (15) a equipe t\u00e9cnica da SEDUR acompanhou o andamento das obras. \u201cConclu\u00edmos a drenagem do canteiro central e do lado direito da pista, e iniciamos a pavimenta\u00e7\u00e3o. No lado esquerdo as m\u00e1quinas est\u00e3o retirando o material antigo para come\u00e7ar a prepara\u00e7\u00e3o da base e sub base\u201d, explicou o engenheiro da SEDUR, Hemerson Guimar\u00e3es. A moradora Elane Pinheiro, que mora a 25 anos na Avenida, est\u00e1 comemorando a recupera\u00e7\u00e3o. \u201cA gente sofria muito com a poeira e os buracos, minha&hellip; <\/p>\n","protected":false},"author":3,"featured_media":0,"comment_status":"open","ping_status":"open","sticky":false,"template":"","format":"standard","meta":{"_acf_changed":false,"footnotes":""},"categories":[14],"tags":[],"class_list":["post-32063","post","type-post","status-publish","format-standard","hentry","category-infraestrutura"],"acf":[],"yoast_head":"<!-- This site is optimized with the Yoast SEO plugin v27.4 - https:\/\/yoast.com\/product\/yoast-seo-wordpress\/ -->\n<title>INICIADA A PAVIMENTA\u00c7\u00c3O ASF\u00c1LTICA DO SEGUNDO TRECHO DA AVENIDA DO QUID\u00c9 - Blog do Farn\u00e9sio<\/title>\n<meta name=\"robots\" content=\"index, follow, max-snippet:-1, max-image-preview:large, max-video-preview:-1\" \/>\n<link rel=\"canonical\" href=\"https:\/\/blogdofarnesio.com.br\/?p=32063\" \/>\n<meta property=\"og:locale\" content=\"pt_BR\" \/>\n<meta property=\"og:type\" content=\"article\" \/>\n<meta property=\"og:title\" content=\"INICIADA A PAVIMENTA\u00c7\u00c3O ASF\u00c1LTICA DO SEGUNDO TRECHO DA AVENIDA DO QUID\u00c9 - Blog do Farn\u00e9sio\" \/>\n<meta property=\"og:description\" content=\"A Prefeitura de Juazeiro iniciou nesta \u00a0a segunda etapa da recupera\u00e7\u00e3o asf\u00e1ltica da Avenida Nossa Senhora de Nazar\u00e9, no bairro Quid\u00e9. O trecho duplicado da Avenida j\u00e1 est\u00e1 recebendo o asfalto no lado direito da pista, sentido Rodovia Salitre. Nesta sexta-feira (15) a equipe t\u00e9cnica da SEDUR acompanhou o andamento das obras. \u201cConclu\u00edmos a drenagem do canteiro central e do lado direito da pista, e iniciamos a pavimenta\u00e7\u00e3o. No lado esquerdo as m\u00e1quinas est\u00e3o retirando o material antigo para come\u00e7ar a prepara\u00e7\u00e3o da base e sub base\u201d, explicou o engenheiro da SEDUR, Hemerson Guimar\u00e3es. A moradora Elane Pinheiro, que mora a 25 anos na Avenida, est\u00e1 comemorando a recupera\u00e7\u00e3o. \u201cA gente sofria muito com a poeira e os buracos, minha&hellip;\" \/>\n<meta property=\"og:url\" content=\"https:\/\/blogdofarnesio.com.br\/?p=32063\" \/>\n<meta property=\"og:site_name\" content=\"Blog do Farn\u00e9sio\" \/>\n<meta property=\"article:publisher\" content=\"https:\/\/www.facebook.com\/BlogQuerSaberPolitica\/\" \/>\n<meta property=\"article:published_time\" content=\"2013-03-18T09:12:37+00:00\" \/>\n<meta name=\"author\" content=\"teste\" \/>\n<meta name=\"twitter:card\" content=\"summary_large_image\" \/>\n<meta name=\"twitter:label1\" content=\"Escrito por\" \/>\n\t<meta name=\"twitter:data1\" content=\"teste\" \/>\n\t<meta name=\"twitter:label2\" content=\"Est. tempo de leitura\" \/>\n\t<meta name=\"twitter:data2\" content=\"1 minuto\" \/>\n<script type=\"application\/ld+json\" class=\"yoast-schema-graph\">{\"@context\":\"https:\\\/\\\/schema.org\",\"@graph\":[{\"@type\":\"Article\",\"@id\":\"https:\\\/\\\/blogdofarnesio.com.br\\\/?p=32063#article\",\"isPartOf\":{\"@id\":\"https:\\\/\\\/blogdofarnesio.com.br\\\/?p=32063\"},\"author\":{\"name\":\"teste\",\"@id\":\"https:\\\/\\\/blogdofarnesio.com.br\\\/#\\\/schema\\\/person\\\/dd1bf5eba40b687199ba45ca6b97dff9\"},\"headline\":\"INICIADA A PAVIMENTA\u00c7\u00c3O ASF\u00c1LTICA DO SEGUNDO TRECHO DA AVENIDA DO QUID\u00c9\",\"datePublished\":\"2013-03-18T09:12:37+00:00\",\"mainEntityOfPage\":{\"@id\":\"https:\\\/\\\/blogdofarnesio.com.br\\\/?p=32063\"},\"wordCount\":294,\"commentCount\":0,\"publisher\":{\"@id\":\"https:\\\/\\\/blogdofarnesio.com.br\\\/#organization\"},\"articleSection\":[\"Infraestrutura\"],\"inLanguage\":\"pt-BR\",\"potentialAction\":[{\"@type\":\"CommentAction\",\"name\":\"Comment\",\"target\":[\"https:\\\/\\\/blogdofarnesio.com.br\\\/?p=32063#respond\"]}]},{\"@type\":\"WebPage\",\"@id\":\"https:\\\/\\\/blogdofarnesio.com.br\\\/?p=32063\",\"url\":\"https:\\\/\\\/blogdofarnesio.com.br\\\/?p=32063\",\"name\":\"INICIADA A PAVIMENTA\u00c7\u00c3O ASF\u00c1LTICA DO SEGUNDO TRECHO DA AVENIDA DO QUID\u00c9 - Blog do Farn\u00e9sio\",\"isPartOf\":{\"@id\":\"https:\\\/\\\/blogdofarnesio.com.br\\\/#website\"},\"datePublished\":\"2013-03-18T09:12:37+00:00\",\"breadcrumb\":{\"@id\":\"https:\\\/\\\/blogdofarnesio.com.br\\\/?p=32063#breadcrumb\"},\"inLanguage\":\"pt-BR\",\"potentialAction\":[{\"@type\":\"ReadAction\",\"target\":[\"https:\\\/\\\/blogdofarnesio.com.br\\\/?p=32063\"]}]},{\"@type\":\"BreadcrumbList\",\"@id\":\"https:\\\/\\\/blogdofarnesio.com.br\\\/?p=32063#breadcrumb\",\"itemListElement\":[{\"@type\":\"ListItem\",\"position\":1,\"name\":\"In\u00edcio\",\"item\":\"https:\\\/\\\/blogdofarnesio.com.br\\\/\"},{\"@type\":\"ListItem\",\"position\":2,\"name\":\"INICIADA A PAVIMENTA\u00c7\u00c3O ASF\u00c1LTICA DO SEGUNDO TRECHO DA AVENIDA DO QUID\u00c9\"}]},{\"@type\":\"WebSite\",\"@id\":\"https:\\\/\\\/blogdofarnesio.com.br\\\/#website\",\"url\":\"https:\\\/\\\/blogdofarnesio.com.br\\\/\",\"name\":\"Blog do Farn\u00e9sio\",\"description\":\"Quer Saber Pol\u00edtica?\",\"publisher\":{\"@id\":\"https:\\\/\\\/blogdofarnesio.com.br\\\/#organization\"},\"potentialAction\":[{\"@type\":\"SearchAction\",\"target\":{\"@type\":\"EntryPoint\",\"urlTemplate\":\"https:\\\/\\\/blogdofarnesio.com.br\\\/?s={search_term_string}\"},\"query-input\":{\"@type\":\"PropertyValueSpecification\",\"valueRequired\":true,\"valueName\":\"search_term_string\"}}],\"inLanguage\":\"pt-BR\"},{\"@type\":\"Organization\",\"@id\":\"https:\\\/\\\/blogdofarnesio.com.br\\\/#organization\",\"name\":\"Blog do Farn\u00e9sio\",\"url\":\"https:\\\/\\\/blogdofarnesio.com.br\\\/\",\"logo\":{\"@type\":\"ImageObject\",\"inLanguage\":\"pt-BR\",\"@id\":\"https:\\\/\\\/blogdofarnesio.com.br\\\/#\\\/schema\\\/logo\\\/image\\\/\",\"url\":\"https:\\\/\\\/blogdofarnesio.com.br\\\/wp-content\\\/uploads\\\/2026\\\/03\\\/cropped-logo_new-1.png\",\"contentUrl\":\"https:\\\/\\\/blogdofarnesio.com.br\\\/wp-content\\\/uploads\\\/2026\\\/03\\\/cropped-logo_new-1.png\",\"width\":881,\"height\":685,\"caption\":\"Blog do Farn\u00e9sio\"},\"image\":{\"@id\":\"https:\\\/\\\/blogdofarnesio.com.br\\\/#\\\/schema\\\/logo\\\/image\\\/\"},\"sameAs\":[\"https:\\\/\\\/www.facebook.com\\\/BlogQuerSaberPolitica\\\/\"]},{\"@type\":\"Person\",\"@id\":\"https:\\\/\\\/blogdofarnesio.com.br\\\/#\\\/schema\\\/person\\\/dd1bf5eba40b687199ba45ca6b97dff9\",\"name\":\"teste\",\"image\":{\"@type\":\"ImageObject\",\"inLanguage\":\"pt-BR\",\"@id\":\"https:\\\/\\\/secure.gravatar.com\\\/avatar\\\/2172498d4914b51e1d89a0f97957b035ac4938723a5cac208135d389b6972a6d?s=96&d=mm&r=g\",\"url\":\"https:\\\/\\\/secure.gravatar.com\\\/avatar\\\/2172498d4914b51e1d89a0f97957b035ac4938723a5cac208135d389b6972a6d?s=96&d=mm&r=g\",\"contentUrl\":\"https:\\\/\\\/secure.gravatar.com\\\/avatar\\\/2172498d4914b51e1d89a0f97957b035ac4938723a5cac208135d389b6972a6d?s=96&d=mm&r=g\",\"caption\":\"teste\"},\"url\":\"https:\\\/\\\/blogdofarnesio.com.br\\\/?author=3\"}]}<\/script>\n<!-- \/ Yoast SEO plugin. -->","yoast_head_json":{"title":"INICIADA A PAVIMENTA\u00c7\u00c3O ASF\u00c1LTICA DO SEGUNDO TRECHO DA AVENIDA DO QUID\u00c9 - Blog do Farn\u00e9sio","robots":{"index":"index","follow":"follow","max-snippet":"max-snippet:-1","max-image-preview":"max-image-preview:large","max-video-preview":"max-video-preview:-1"},"canonical":"https:\/\/blogdofarnesio.com.br\/?p=32063","og_locale":"pt_BR","og_type":"article","og_title":"INICIADA A PAVIMENTA\u00c7\u00c3O ASF\u00c1LTICA DO SEGUNDO TRECHO DA AVENIDA DO QUID\u00c9 - Blog do Farn\u00e9sio","og_description":"A Prefeitura de Juazeiro iniciou nesta \u00a0a segunda etapa da recupera\u00e7\u00e3o asf\u00e1ltica da Avenida Nossa Senhora de Nazar\u00e9, no bairro Quid\u00e9. O trecho duplicado da Avenida j\u00e1 est\u00e1 recebendo o asfalto no lado direito da pista, sentido Rodovia Salitre. Nesta sexta-feira (15) a equipe t\u00e9cnica da SEDUR acompanhou o andamento das obras. \u201cConclu\u00edmos a drenagem do canteiro central e do lado direito da pista, e iniciamos a pavimenta\u00e7\u00e3o. No lado esquerdo as m\u00e1quinas est\u00e3o retirando o material antigo para come\u00e7ar a prepara\u00e7\u00e3o da base e sub base\u201d, explicou o engenheiro da SEDUR, Hemerson Guimar\u00e3es. A moradora Elane Pinheiro, que mora a 25 anos na Avenida, est\u00e1 comemorando a recupera\u00e7\u00e3o. \u201cA gente sofria muito com a poeira e os buracos, minha&hellip;","og_url":"https:\/\/blogdofarnesio.com.br\/?p=32063","og_site_name":"Blog do Farn\u00e9sio","article_publisher":"https:\/\/www.facebook.com\/BlogQuerSaberPolitica\/","article_published_time":"2013-03-18T09:12:37+00:00","author":"teste","twitter_card":"summary_large_image","twitter_misc":{"Escrito por":"teste","Est. tempo de leitura":"1 minuto"},"schema":{"@context":"https:\/\/schema.org","@graph":[{"@type":"Article","@id":"https:\/\/blogdofarnesio.com.br\/?p=32063#article","isPartOf":{"@id":"https:\/\/blogdofarnesio.com.br\/?p=32063"},"author":{"name":"teste","@id":"https:\/\/blogdofarnesio.com.br\/#\/schema\/person\/dd1bf5eba40b687199ba45ca6b97dff9"},"headline":"INICIADA A PAVIMENTA\u00c7\u00c3O ASF\u00c1LTICA DO SEGUNDO TRECHO DA AVENIDA DO QUID\u00c9","datePublished":"2013-03-18T09:12:37+00:00","mainEntityOfPage":{"@id":"https:\/\/blogdofarnesio.com.br\/?p=32063"},"wordCount":294,"commentCount":0,"publisher":{"@id":"https:\/\/blogdofarnesio.com.br\/#organization"},"articleSection":["Infraestrutura"],"inLanguage":"pt-BR","potentialAction":[{"@type":"CommentAction","name":"Comment","target":["https:\/\/blogdofarnesio.com.br\/?p=32063#respond"]}]},{"@type":"WebPage","@id":"https:\/\/blogdofarnesio.com.br\/?p=32063","url":"https:\/\/blogdofarnesio.com.br\/?p=32063","name":"INICIADA A PAVIMENTA\u00c7\u00c3O ASF\u00c1LTICA DO SEGUNDO TRECHO DA AVENIDA DO QUID\u00c9 - Blog do Farn\u00e9sio","isPartOf":{"@id":"https:\/\/blogdofarnesio.com.br\/#website"},"datePublished":"2013-03-18T09:12:37+00:00","breadcrumb":{"@id":"https:\/\/blogdofarnesio.com.br\/?p=32063#breadcrumb"},"inLanguage":"pt-BR","potentialAction":[{"@type":"ReadAction","target":["https:\/\/blogdofarnesio.com.br\/?p=32063"]}]},{"@type":"BreadcrumbList","@id":"https:\/\/blogdofarnesio.com.br\/?p=32063#breadcrumb","itemListElement":[{"@type":"ListItem","position":1,"name":"In\u00edcio","item":"https:\/\/blogdofarnesio.com.br\/"},{"@type":"ListItem","position":2,"name":"INICIADA A PAVIMENTA\u00c7\u00c3O ASF\u00c1LTICA DO SEGUNDO TRECHO DA AVENIDA DO QUID\u00c9"}]},{"@type":"WebSite","@id":"https:\/\/blogdofarnesio.com.br\/#website","url":"https:\/\/blogdofarnesio.com.br\/","name":"Blog do Farn\u00e9sio","description":"Quer Saber Pol\u00edtica?","publisher":{"@id":"https:\/\/blogdofarnesio.com.br\/#organization"},"potentialAction":[{"@type":"SearchAction","target":{"@type":"EntryPoint","urlTemplate":"https:\/\/blogdofarnesio.com.br\/?s={search_term_string}"},"query-input":{"@type":"PropertyValueSpecification","valueRequired":true,"valueName":"search_term_string"}}],"inLanguage":"pt-BR"},{"@type":"Organization","@id":"https:\/\/blogdofarnesio.com.br\/#organization","name":"Blog do Farn\u00e9sio","url":"https:\/\/blogdofarnesio.com.br\/","logo":{"@type":"ImageObject","inLanguage":"pt-BR","@id":"https:\/\/blogdofarnesio.com.br\/#\/schema\/logo\/image\/","url":"https:\/\/blogdofarnesio.com.br\/wp-content\/uploads\/2026\/03\/cropped-logo_new-1.png","contentUrl":"https:\/\/blogdofarnesio.com.br\/wp-content\/uploads\/2026\/03\/cropped-logo_new-1.png","width":881,"height":685,"caption":"Blog do Farn\u00e9sio"},"image":{"@id":"https:\/\/blogdofarnesio.com.br\/#\/schema\/logo\/image\/"},"sameAs":["https:\/\/www.facebook.com\/BlogQuerSaberPolitica\/"]},{"@type":"Person","@id":"https:\/\/blogdofarnesio.com.br\/#\/schema\/person\/dd1bf5eba40b687199ba45ca6b97dff9","name":"teste","image":{"@type":"ImageObject","inLanguage":"pt-BR","@id":"https:\/\/secure.gravatar.com\/avatar\/2172498d4914b51e1d89a0f97957b035ac4938723a5cac208135d389b6972a6d?s=96&d=mm&r=g","url":"https:\/\/secure.gravatar.com\/avatar\/2172498d4914b51e1d89a0f97957b035ac4938723a5cac208135d389b6972a6d?s=96&d=mm&r=g","contentUrl":"https:\/\/secure.gravatar.com\/avatar\/2172498d4914b51e1d89a0f97957b035ac4938723a5cac208135d389b6972a6d?s=96&d=mm&r=g","caption":"teste"},"url":"https:\/\/blogdofarnesio.com.br\/?author=3"}]}},"_links":{"self":[{"href":"https:\/\/blogdofarnesio.com.br\/index.php?rest_route=\/wp\/v2\/posts\/32063","targetHints":{"allow":["GET"]}}],"collection":[{"href":"https:\/\/blogdofarnesio.com.br\/index.php?rest_route=\/wp\/v2\/posts"}],"about":[{"href":"https:\/\/blogdofarnesio.com.br\/index.php?rest_route=\/wp\/v2\/types\/post"}],"author":[{"embeddable":true,"href":"https:\/\/blogdofarnesio.com.br\/index.php?rest_route=\/wp\/v2\/users\/3"}],"replies":[{"embeddable":true,"href":"https:\/\/blogdofarnesio.com.br\/index.php?rest_route=%2Fwp%2Fv2%2Fcomments&post=32063"}],"version-history":[{"count":0,"href":"https:\/\/blogdofarnesio.com.br\/index.php?rest_route=\/wp\/v2\/posts\/32063\/revisions"}],"wp:attachment":[{"href":"https:\/\/blogdofarnesio.com.br\/index.php?rest_route=%2Fwp%2Fv2%2Fmedia&parent=32063"}],"wp:term":[{"taxonomy":"category","embeddable":true,"href":"https:\/\/blogdofarnesio.com.br\/index.php?rest_route=%2Fwp%2Fv2%2Fcategories&post=32063"},{"taxonomy":"post_tag","embeddable":true,"href":"https:\/\/blogdofarnesio.com.br\/index.php?rest_route=%2Fwp%2Fv2%2Ftags&post=32063"}],"curies":[{"name":"wp","href":"https:\/\/api.w.org\/{rel}","templated":true}]}}