{"id":320506,"date":"2022-08-16T15:23:44","date_gmt":"2022-08-16T18:23:44","guid":{"rendered":"https:\/\/blogdofarnesio.com.br\/?p=320506"},"modified":"2022-08-16T14:26:22","modified_gmt":"2022-08-16T17:26:22","slug":"prefeitura-de-petrolina-renova-convenio-e-garante-recursos-a-philarmonica-21-de-setembro","status":"publish","type":"post","link":"https:\/\/blogdofarnesio.com.br\/?p=320506","title":{"rendered":"Prefeitura de Petrolina renova conv\u00eanio e garante recursos \u00e0 Philarm\u00f4nica 21 de Setembro"},"content":{"rendered":"<p>Considerando a import\u00e2ncia da Philarm\u00f4nica e Camerata 21 de Setembro para o munic\u00edpio, por se tratar de um patrim\u00f4nio cultural e imaterial centen\u00e1rio, vivo e atuante para a regi\u00e3o, a Prefeitura de Petrolina renovou o conv\u00eanio com a Funda\u00e7\u00e3o Nilo, para o repasse de recursos aos 44 bolsistas que fazem a Philarm\u00f4nica, composta por m\u00fasicos e uma equipe t\u00e9cnico-administrativa.<\/p>\n<p>O conv\u00eanio no valor de mais de R$566 mil, vai garantir a continuidade do projeto de manuten\u00e7\u00e3o do plano anual de concertos, que tem um grande respaldo na cidade, pela sua robustez cultural.<\/p>\n<p>&nbsp;<\/p>\n<p>O conv\u00eanio tem validade de um ano e, nesse per\u00edodo, a Philarm\u00f4nica e Camerata v\u00e3o desenvolver atividades culturais, de lazer e entretenimento de forma gratuita para a popula\u00e7\u00e3o. O termo de compromisso tamb\u00e9m vai proporcionar aos 44 bolsistas, a oportunidade de desenvolverem suas habilidades musicais com o objetivo de obter a profissionaliza\u00e7\u00e3o e, consequentemente, a inser\u00e7\u00e3o no mercado de trabalho.<\/p>\n<p>&nbsp;<\/p>\n<p>O secret\u00e1rio Executivo de Cultura, C\u00e1ssio Lucena, destaca a import\u00e2ncia da assinatura do termo de compromisso. &#8220;<em>O nosso principal objetivo \u00e9 fortalecer ainda mais uma a\u00e7\u00e3o cultural que j\u00e1 vem dando certo desde 2017 e que agora, na gest\u00e3o do prefeito Sim\u00e3o Durando, est\u00e1 mais do que sacramentada. \u00c9 uma parceria que s\u00f3 vem engrandecer a m\u00fasica em Petrolina, movimentar e divulgar a nossa cidade e transformar a vida das pessoas atrav\u00e9s das boas can\u00e7\u00f5es. A Philarm\u00f4nica e a Camerata ir\u00e3o continuar a soprar bons ventos sonoros pela cidade<\/em>&#8220;, disse C\u00e1ssio.<\/p>\n<p>&nbsp;<\/p>\n<p>Ao longo dos seus 110 anos, a Philarm\u00f4nica j\u00e1 realizou diversas atividades gratuitas, tais como Concertos Did\u00e1ticos, Itinerantes e cursos de forma\u00e7\u00e3o de m\u00fasicos, tornando-se um dos mais importantes projetos de difus\u00e3o da m\u00fasica popular e erudita no munic\u00edpio.<\/p>\n<p>&nbsp;<\/p>\n<p>&#8212;&#8212;&#8212;&#8212;&#8212;&#8212;&#8212;&#8212;&#8212;&#8212;&#8212;&#8212;&#8212;&#8212;&#8212;&#8212;&#8211;<\/p>\n<p>Elaine Barbosa &#8211; Assessora de Imprensa da Secretaria de Educa\u00e7\u00e3o, Cultura e Esportes.<\/p>\n","protected":false},"excerpt":{"rendered":"<p>Considerando a import\u00e2ncia da Philarm\u00f4nica e Camerata 21 de Setembro para o munic\u00edpio, por se tratar de um patrim\u00f4nio cultural e imaterial centen\u00e1rio, vivo e atuante para a regi\u00e3o, a Prefeitura de Petrolina renovou o conv\u00eanio com a Funda\u00e7\u00e3o Nilo, para o repasse de recursos aos 44 bolsistas que fazem a Philarm\u00f4nica, composta por m\u00fasicos e uma equipe t\u00e9cnico-administrativa. O conv\u00eanio no valor de mais de R$566 mil, vai garantir a continuidade do projeto de manuten\u00e7\u00e3o do plano anual de concertos, que tem um grande respaldo na cidade, pela sua robustez cultural. &nbsp; O conv\u00eanio tem validade de um ano e, nesse per\u00edodo, a Philarm\u00f4nica e Camerata v\u00e3o desenvolver atividades culturais, de lazer e entretenimento de forma gratuita para a&hellip; <\/p>\n","protected":false},"author":2,"featured_media":320508,"comment_status":"open","ping_status":"open","sticky":false,"template":"","format":"standard","meta":{"_acf_changed":false,"footnotes":""},"categories":[44,10],"tags":[],"class_list":["post-320506","post","type-post","status-publish","format-standard","has-post-thumbnail","hentry","category-administracao","category-cultura"],"acf":[],"yoast_head":"<!-- This site is optimized with the Yoast SEO plugin v27.4 - https:\/\/yoast.com\/product\/yoast-seo-wordpress\/ -->\n<title>Prefeitura de Petrolina renova conv\u00eanio e garante recursos \u00e0 Philarm\u00f4nica 21 de Setembro - Blog do Farn\u00e9sio<\/title>\n<meta name=\"robots\" content=\"index, follow, max-snippet:-1, max-image-preview:large, max-video-preview:-1\" \/>\n<link rel=\"canonical\" href=\"https:\/\/blogdofarnesio.com.br\/?p=320506\" \/>\n<meta property=\"og:locale\" content=\"pt_BR\" \/>\n<meta property=\"og:type\" content=\"article\" \/>\n<meta property=\"og:title\" content=\"Prefeitura de Petrolina renova conv\u00eanio e garante recursos \u00e0 Philarm\u00f4nica 21 de Setembro - Blog do Farn\u00e9sio\" \/>\n<meta property=\"og:description\" content=\"Considerando a import\u00e2ncia da Philarm\u00f4nica e Camerata 21 de Setembro para o munic\u00edpio, por se tratar de um patrim\u00f4nio cultural e imaterial centen\u00e1rio, vivo e atuante para a regi\u00e3o, a Prefeitura de Petrolina renovou o conv\u00eanio com a Funda\u00e7\u00e3o Nilo, para o repasse de recursos aos 44 bolsistas que fazem a Philarm\u00f4nica, composta por m\u00fasicos e uma equipe t\u00e9cnico-administrativa. O conv\u00eanio no valor de mais de R$566 mil, vai garantir a continuidade do projeto de manuten\u00e7\u00e3o do plano anual de concertos, que tem um grande respaldo na cidade, pela sua robustez cultural. &nbsp; O conv\u00eanio tem validade de um ano e, nesse per\u00edodo, a Philarm\u00f4nica e Camerata v\u00e3o desenvolver atividades culturais, de lazer e entretenimento de forma gratuita para a&hellip;\" \/>\n<meta property=\"og:url\" content=\"https:\/\/blogdofarnesio.com.br\/?p=320506\" \/>\n<meta property=\"og:site_name\" content=\"Blog do Farn\u00e9sio\" \/>\n<meta property=\"article:publisher\" content=\"https:\/\/www.facebook.com\/BlogQuerSaberPolitica\/\" \/>\n<meta property=\"article:author\" content=\"https:\/\/www.facebook.com\/?ref=tn_tnmn\" \/>\n<meta property=\"article:published_time\" content=\"2022-08-16T18:23:44+00:00\" \/>\n<meta property=\"og:image\" content=\"https:\/\/blogdofarnesio.com.br\/wp-content\/uploads\/2022\/08\/Philarmonica1.jpeg\" \/>\n\t<meta property=\"og:image:width\" content=\"1280\" \/>\n\t<meta property=\"og:image:height\" content=\"853\" \/>\n\t<meta property=\"og:image:type\" content=\"image\/jpeg\" \/>\n<meta name=\"author\" content=\"Farn\u00e9sio\" \/>\n<meta name=\"twitter:card\" content=\"summary_large_image\" \/>\n<meta name=\"twitter:label1\" content=\"Escrito por\" \/>\n\t<meta name=\"twitter:data1\" content=\"Farn\u00e9sio\" \/>\n\t<meta name=\"twitter:label2\" content=\"Est. tempo de leitura\" \/>\n\t<meta name=\"twitter:data2\" content=\"2 minutos\" \/>\n<script type=\"application\/ld+json\" class=\"yoast-schema-graph\">{\"@context\":\"https:\\\/\\\/schema.org\",\"@graph\":[{\"@type\":\"Article\",\"@id\":\"https:\\\/\\\/blogdofarnesio.com.br\\\/?p=320506#article\",\"isPartOf\":{\"@id\":\"https:\\\/\\\/blogdofarnesio.com.br\\\/?p=320506\"},\"author\":{\"name\":\"Farn\u00e9sio\",\"@id\":\"https:\\\/\\\/blogdofarnesio.com.br\\\/#\\\/schema\\\/person\\\/bb9b23ae3ad0609ce8df7b6c9e76824d\"},\"headline\":\"Prefeitura de Petrolina renova conv\u00eanio e garante recursos \u00e0 Philarm\u00f4nica 21 de Setembro\",\"datePublished\":\"2022-08-16T18:23:44+00:00\",\"mainEntityOfPage\":{\"@id\":\"https:\\\/\\\/blogdofarnesio.com.br\\\/?p=320506\"},\"wordCount\":347,\"commentCount\":0,\"publisher\":{\"@id\":\"https:\\\/\\\/blogdofarnesio.com.br\\\/#organization\"},\"image\":{\"@id\":\"https:\\\/\\\/blogdofarnesio.com.br\\\/?p=320506#primaryimage\"},\"thumbnailUrl\":\"https:\\\/\\\/blogdofarnesio.com.br\\\/wp-content\\\/uploads\\\/2022\\\/08\\\/Philarmonica1.jpeg\",\"articleSection\":[\"Administra\u00e7\u00e3o\",\"Cultura\"],\"inLanguage\":\"pt-BR\",\"potentialAction\":[{\"@type\":\"CommentAction\",\"name\":\"Comment\",\"target\":[\"https:\\\/\\\/blogdofarnesio.com.br\\\/?p=320506#respond\"]}]},{\"@type\":\"WebPage\",\"@id\":\"https:\\\/\\\/blogdofarnesio.com.br\\\/?p=320506\",\"url\":\"https:\\\/\\\/blogdofarnesio.com.br\\\/?p=320506\",\"name\":\"Prefeitura de Petrolina renova conv\u00eanio e garante recursos \u00e0 Philarm\u00f4nica 21 de Setembro - Blog do Farn\u00e9sio\",\"isPartOf\":{\"@id\":\"https:\\\/\\\/blogdofarnesio.com.br\\\/#website\"},\"primaryImageOfPage\":{\"@id\":\"https:\\\/\\\/blogdofarnesio.com.br\\\/?p=320506#primaryimage\"},\"image\":{\"@id\":\"https:\\\/\\\/blogdofarnesio.com.br\\\/?p=320506#primaryimage\"},\"thumbnailUrl\":\"https:\\\/\\\/blogdofarnesio.com.br\\\/wp-content\\\/uploads\\\/2022\\\/08\\\/Philarmonica1.jpeg\",\"datePublished\":\"2022-08-16T18:23:44+00:00\",\"breadcrumb\":{\"@id\":\"https:\\\/\\\/blogdofarnesio.com.br\\\/?p=320506#breadcrumb\"},\"inLanguage\":\"pt-BR\",\"potentialAction\":[{\"@type\":\"ReadAction\",\"target\":[\"https:\\\/\\\/blogdofarnesio.com.br\\\/?p=320506\"]}]},{\"@type\":\"ImageObject\",\"inLanguage\":\"pt-BR\",\"@id\":\"https:\\\/\\\/blogdofarnesio.com.br\\\/?p=320506#primaryimage\",\"url\":\"https:\\\/\\\/blogdofarnesio.com.br\\\/wp-content\\\/uploads\\\/2022\\\/08\\\/Philarmonica1.jpeg\",\"contentUrl\":\"https:\\\/\\\/blogdofarnesio.com.br\\\/wp-content\\\/uploads\\\/2022\\\/08\\\/Philarmonica1.jpeg\",\"width\":1280,\"height\":853},{\"@type\":\"BreadcrumbList\",\"@id\":\"https:\\\/\\\/blogdofarnesio.com.br\\\/?p=320506#breadcrumb\",\"itemListElement\":[{\"@type\":\"ListItem\",\"position\":1,\"name\":\"In\u00edcio\",\"item\":\"https:\\\/\\\/blogdofarnesio.com.br\\\/\"},{\"@type\":\"ListItem\",\"position\":2,\"name\":\"Prefeitura de Petrolina renova conv\u00eanio e garante recursos \u00e0 Philarm\u00f4nica 21 de Setembro\"}]},{\"@type\":\"WebSite\",\"@id\":\"https:\\\/\\\/blogdofarnesio.com.br\\\/#website\",\"url\":\"https:\\\/\\\/blogdofarnesio.com.br\\\/\",\"name\":\"Blog do Farn\u00e9sio\",\"description\":\"Quer Saber Pol\u00edtica?\",\"publisher\":{\"@id\":\"https:\\\/\\\/blogdofarnesio.com.br\\\/#organization\"},\"potentialAction\":[{\"@type\":\"SearchAction\",\"target\":{\"@type\":\"EntryPoint\",\"urlTemplate\":\"https:\\\/\\\/blogdofarnesio.com.br\\\/?s={search_term_string}\"},\"query-input\":{\"@type\":\"PropertyValueSpecification\",\"valueRequired\":true,\"valueName\":\"search_term_string\"}}],\"inLanguage\":\"pt-BR\"},{\"@type\":\"Organization\",\"@id\":\"https:\\\/\\\/blogdofarnesio.com.br\\\/#organization\",\"name\":\"Blog do Farn\u00e9sio\",\"url\":\"https:\\\/\\\/blogdofarnesio.com.br\\\/\",\"logo\":{\"@type\":\"ImageObject\",\"inLanguage\":\"pt-BR\",\"@id\":\"https:\\\/\\\/blogdofarnesio.com.br\\\/#\\\/schema\\\/logo\\\/image\\\/\",\"url\":\"https:\\\/\\\/blogdofarnesio.com.br\\\/wp-content\\\/uploads\\\/2026\\\/03\\\/cropped-logo_new-1.png\",\"contentUrl\":\"https:\\\/\\\/blogdofarnesio.com.br\\\/wp-content\\\/uploads\\\/2026\\\/03\\\/cropped-logo_new-1.png\",\"width\":881,\"height\":685,\"caption\":\"Blog do Farn\u00e9sio\"},\"image\":{\"@id\":\"https:\\\/\\\/blogdofarnesio.com.br\\\/#\\\/schema\\\/logo\\\/image\\\/\"},\"sameAs\":[\"https:\\\/\\\/www.facebook.com\\\/BlogQuerSaberPolitica\\\/\"]},{\"@type\":\"Person\",\"@id\":\"https:\\\/\\\/blogdofarnesio.com.br\\\/#\\\/schema\\\/person\\\/bb9b23ae3ad0609ce8df7b6c9e76824d\",\"name\":\"Farn\u00e9sio\",\"image\":{\"@type\":\"ImageObject\",\"inLanguage\":\"pt-BR\",\"@id\":\"https:\\\/\\\/secure.gravatar.com\\\/avatar\\\/986aa4c61ccdb66f8555bf88fc2a65609d00bcabd4d2d94377a727547345cbca?s=96&d=mm&r=g\",\"url\":\"https:\\\/\\\/secure.gravatar.com\\\/avatar\\\/986aa4c61ccdb66f8555bf88fc2a65609d00bcabd4d2d94377a727547345cbca?s=96&d=mm&r=g\",\"contentUrl\":\"https:\\\/\\\/secure.gravatar.com\\\/avatar\\\/986aa4c61ccdb66f8555bf88fc2a65609d00bcabd4d2d94377a727547345cbca?s=96&d=mm&r=g\",\"caption\":\"Farn\u00e9sio\"},\"description\":\"Radialista blogueiro, chegou a Petrolina\\\/Juazeiro em setembro de 1980, Farn\u00e9sio Silva \u00e9 de Arapiraca-Alagoas.\",\"sameAs\":[\"http:\\\/\\\/blogdofarnesio.com.br\",\"https:\\\/\\\/www.facebook.com\\\/?ref=tn_tnmn\",\"https:\\\/\\\/www.instagram.com\\\/?utm_source=pwa_homescreen\",\"https:\\\/\\\/youtube.com.br\\\/\"],\"url\":\"https:\\\/\\\/blogdofarnesio.com.br\\\/?author=2\"}]}<\/script>\n<!-- \/ Yoast SEO plugin. -->","yoast_head_json":{"title":"Prefeitura de Petrolina renova conv\u00eanio e garante recursos \u00e0 Philarm\u00f4nica 21 de Setembro - Blog do Farn\u00e9sio","robots":{"index":"index","follow":"follow","max-snippet":"max-snippet:-1","max-image-preview":"max-image-preview:large","max-video-preview":"max-video-preview:-1"},"canonical":"https:\/\/blogdofarnesio.com.br\/?p=320506","og_locale":"pt_BR","og_type":"article","og_title":"Prefeitura de Petrolina renova conv\u00eanio e garante recursos \u00e0 Philarm\u00f4nica 21 de Setembro - Blog do Farn\u00e9sio","og_description":"Considerando a import\u00e2ncia da Philarm\u00f4nica e Camerata 21 de Setembro para o munic\u00edpio, por se tratar de um patrim\u00f4nio cultural e imaterial centen\u00e1rio, vivo e atuante para a regi\u00e3o, a Prefeitura de Petrolina renovou o conv\u00eanio com a Funda\u00e7\u00e3o Nilo, para o repasse de recursos aos 44 bolsistas que fazem a Philarm\u00f4nica, composta por m\u00fasicos e uma equipe t\u00e9cnico-administrativa. O conv\u00eanio no valor de mais de R$566 mil, vai garantir a continuidade do projeto de manuten\u00e7\u00e3o do plano anual de concertos, que tem um grande respaldo na cidade, pela sua robustez cultural. &nbsp; O conv\u00eanio tem validade de um ano e, nesse per\u00edodo, a Philarm\u00f4nica e Camerata v\u00e3o desenvolver atividades culturais, de lazer e entretenimento de forma gratuita para a&hellip;","og_url":"https:\/\/blogdofarnesio.com.br\/?p=320506","og_site_name":"Blog do Farn\u00e9sio","article_publisher":"https:\/\/www.facebook.com\/BlogQuerSaberPolitica\/","article_author":"https:\/\/www.facebook.com\/?ref=tn_tnmn","article_published_time":"2022-08-16T18:23:44+00:00","og_image":[{"width":1280,"height":853,"url":"https:\/\/blogdofarnesio.com.br\/wp-content\/uploads\/2022\/08\/Philarmonica1.jpeg","type":"image\/jpeg"}],"author":"Farn\u00e9sio","twitter_card":"summary_large_image","twitter_misc":{"Escrito por":"Farn\u00e9sio","Est. tempo de leitura":"2 minutos"},"schema":{"@context":"https:\/\/schema.org","@graph":[{"@type":"Article","@id":"https:\/\/blogdofarnesio.com.br\/?p=320506#article","isPartOf":{"@id":"https:\/\/blogdofarnesio.com.br\/?p=320506"},"author":{"name":"Farn\u00e9sio","@id":"https:\/\/blogdofarnesio.com.br\/#\/schema\/person\/bb9b23ae3ad0609ce8df7b6c9e76824d"},"headline":"Prefeitura de Petrolina renova conv\u00eanio e garante recursos \u00e0 Philarm\u00f4nica 21 de Setembro","datePublished":"2022-08-16T18:23:44+00:00","mainEntityOfPage":{"@id":"https:\/\/blogdofarnesio.com.br\/?p=320506"},"wordCount":347,"commentCount":0,"publisher":{"@id":"https:\/\/blogdofarnesio.com.br\/#organization"},"image":{"@id":"https:\/\/blogdofarnesio.com.br\/?p=320506#primaryimage"},"thumbnailUrl":"https:\/\/blogdofarnesio.com.br\/wp-content\/uploads\/2022\/08\/Philarmonica1.jpeg","articleSection":["Administra\u00e7\u00e3o","Cultura"],"inLanguage":"pt-BR","potentialAction":[{"@type":"CommentAction","name":"Comment","target":["https:\/\/blogdofarnesio.com.br\/?p=320506#respond"]}]},{"@type":"WebPage","@id":"https:\/\/blogdofarnesio.com.br\/?p=320506","url":"https:\/\/blogdofarnesio.com.br\/?p=320506","name":"Prefeitura de Petrolina renova conv\u00eanio e garante recursos \u00e0 Philarm\u00f4nica 21 de Setembro - Blog do Farn\u00e9sio","isPartOf":{"@id":"https:\/\/blogdofarnesio.com.br\/#website"},"primaryImageOfPage":{"@id":"https:\/\/blogdofarnesio.com.br\/?p=320506#primaryimage"},"image":{"@id":"https:\/\/blogdofarnesio.com.br\/?p=320506#primaryimage"},"thumbnailUrl":"https:\/\/blogdofarnesio.com.br\/wp-content\/uploads\/2022\/08\/Philarmonica1.jpeg","datePublished":"2022-08-16T18:23:44+00:00","breadcrumb":{"@id":"https:\/\/blogdofarnesio.com.br\/?p=320506#breadcrumb"},"inLanguage":"pt-BR","potentialAction":[{"@type":"ReadAction","target":["https:\/\/blogdofarnesio.com.br\/?p=320506"]}]},{"@type":"ImageObject","inLanguage":"pt-BR","@id":"https:\/\/blogdofarnesio.com.br\/?p=320506#primaryimage","url":"https:\/\/blogdofarnesio.com.br\/wp-content\/uploads\/2022\/08\/Philarmonica1.jpeg","contentUrl":"https:\/\/blogdofarnesio.com.br\/wp-content\/uploads\/2022\/08\/Philarmonica1.jpeg","width":1280,"height":853},{"@type":"BreadcrumbList","@id":"https:\/\/blogdofarnesio.com.br\/?p=320506#breadcrumb","itemListElement":[{"@type":"ListItem","position":1,"name":"In\u00edcio","item":"https:\/\/blogdofarnesio.com.br\/"},{"@type":"ListItem","position":2,"name":"Prefeitura de Petrolina renova conv\u00eanio e garante recursos \u00e0 Philarm\u00f4nica 21 de Setembro"}]},{"@type":"WebSite","@id":"https:\/\/blogdofarnesio.com.br\/#website","url":"https:\/\/blogdofarnesio.com.br\/","name":"Blog do Farn\u00e9sio","description":"Quer Saber Pol\u00edtica?","publisher":{"@id":"https:\/\/blogdofarnesio.com.br\/#organization"},"potentialAction":[{"@type":"SearchAction","target":{"@type":"EntryPoint","urlTemplate":"https:\/\/blogdofarnesio.com.br\/?s={search_term_string}"},"query-input":{"@type":"PropertyValueSpecification","valueRequired":true,"valueName":"search_term_string"}}],"inLanguage":"pt-BR"},{"@type":"Organization","@id":"https:\/\/blogdofarnesio.com.br\/#organization","name":"Blog do Farn\u00e9sio","url":"https:\/\/blogdofarnesio.com.br\/","logo":{"@type":"ImageObject","inLanguage":"pt-BR","@id":"https:\/\/blogdofarnesio.com.br\/#\/schema\/logo\/image\/","url":"https:\/\/blogdofarnesio.com.br\/wp-content\/uploads\/2026\/03\/cropped-logo_new-1.png","contentUrl":"https:\/\/blogdofarnesio.com.br\/wp-content\/uploads\/2026\/03\/cropped-logo_new-1.png","width":881,"height":685,"caption":"Blog do Farn\u00e9sio"},"image":{"@id":"https:\/\/blogdofarnesio.com.br\/#\/schema\/logo\/image\/"},"sameAs":["https:\/\/www.facebook.com\/BlogQuerSaberPolitica\/"]},{"@type":"Person","@id":"https:\/\/blogdofarnesio.com.br\/#\/schema\/person\/bb9b23ae3ad0609ce8df7b6c9e76824d","name":"Farn\u00e9sio","image":{"@type":"ImageObject","inLanguage":"pt-BR","@id":"https:\/\/secure.gravatar.com\/avatar\/986aa4c61ccdb66f8555bf88fc2a65609d00bcabd4d2d94377a727547345cbca?s=96&d=mm&r=g","url":"https:\/\/secure.gravatar.com\/avatar\/986aa4c61ccdb66f8555bf88fc2a65609d00bcabd4d2d94377a727547345cbca?s=96&d=mm&r=g","contentUrl":"https:\/\/secure.gravatar.com\/avatar\/986aa4c61ccdb66f8555bf88fc2a65609d00bcabd4d2d94377a727547345cbca?s=96&d=mm&r=g","caption":"Farn\u00e9sio"},"description":"Radialista blogueiro, chegou a Petrolina\/Juazeiro em setembro de 1980, Farn\u00e9sio Silva \u00e9 de Arapiraca-Alagoas.","sameAs":["http:\/\/blogdofarnesio.com.br","https:\/\/www.facebook.com\/?ref=tn_tnmn","https:\/\/www.instagram.com\/?utm_source=pwa_homescreen","https:\/\/youtube.com.br\/"],"url":"https:\/\/blogdofarnesio.com.br\/?author=2"}]}},"_links":{"self":[{"href":"https:\/\/blogdofarnesio.com.br\/index.php?rest_route=\/wp\/v2\/posts\/320506","targetHints":{"allow":["GET"]}}],"collection":[{"href":"https:\/\/blogdofarnesio.com.br\/index.php?rest_route=\/wp\/v2\/posts"}],"about":[{"href":"https:\/\/blogdofarnesio.com.br\/index.php?rest_route=\/wp\/v2\/types\/post"}],"author":[{"embeddable":true,"href":"https:\/\/blogdofarnesio.com.br\/index.php?rest_route=\/wp\/v2\/users\/2"}],"replies":[{"embeddable":true,"href":"https:\/\/blogdofarnesio.com.br\/index.php?rest_route=%2Fwp%2Fv2%2Fcomments&post=320506"}],"version-history":[{"count":0,"href":"https:\/\/blogdofarnesio.com.br\/index.php?rest_route=\/wp\/v2\/posts\/320506\/revisions"}],"wp:featuredmedia":[{"embeddable":true,"href":"https:\/\/blogdofarnesio.com.br\/index.php?rest_route=\/wp\/v2\/media\/320508"}],"wp:attachment":[{"href":"https:\/\/blogdofarnesio.com.br\/index.php?rest_route=%2Fwp%2Fv2%2Fmedia&parent=320506"}],"wp:term":[{"taxonomy":"category","embeddable":true,"href":"https:\/\/blogdofarnesio.com.br\/index.php?rest_route=%2Fwp%2Fv2%2Fcategories&post=320506"},{"taxonomy":"post_tag","embeddable":true,"href":"https:\/\/blogdofarnesio.com.br\/index.php?rest_route=%2Fwp%2Fv2%2Ftags&post=320506"}],"curies":[{"name":"wp","href":"https:\/\/api.w.org\/{rel}","templated":true}]}}