{"id":320487,"date":"2022-08-16T16:04:33","date_gmt":"2022-08-16T19:04:33","guid":{"rendered":"https:\/\/blogdofarnesio.com.br\/?p=320487"},"modified":"2022-08-16T15:15:20","modified_gmt":"2022-08-16T18:15:20","slug":"obras-do-governo-bolsonaro-sao-abandonadas-e-nao-levam-agua-ao-nordeste-revela-jornal","status":"publish","type":"post","link":"https:\/\/blogdofarnesio.com.br\/?p=320487","title":{"rendered":"Obras do governo Bolsonaro s\u00e3o abandonadas e n\u00e3o levam \u00e1gua ao Nordeste, revela jornal"},"content":{"rendered":"<header class=\"amp-wp-article-header\">\n<h1 class=\"amp-wp-title\"><em><span style=\"font-size: 16px;\">Po\u00e7os abertos n\u00e3o foram conclu\u00eddos e t\u00eam irregularidades milion\u00e1rias nas licita\u00e7\u00f5es<\/span><\/em><\/h1>\n<p class=\"post-info-author-and-date\">POR\u00a0<a title=\"CartaCapital\" href=\"https:\/\/www.cartacapital.com.br\/author\/redacao\/\" target=\"_top\" rel=\"noopener\">CARTACAPITA &#8211;\u00a0<\/a><\/p>\n<\/header>\n<div class=\"amp-wp-article-content\" data-url-canonical-nonamp=\"https:\/\/www.cartacapital.com.br\/politica\/obras-do-governo-bolsonaro-sao-abandonadas-e-nao-levam-agua-ao-nordeste-revela-jornal\/\">\n<div class=\"paywall_open\">\n<p>Po\u00e7os abertos pelo governo de\u00a0<a href=\"https:\/\/www.cartacapital.com.br\/tag\/jair-bolsonaro\/\" target=\"_top\" rel=\"noopener\">Jair Bolsonaro (PL)<\/a>\u00a0no Nordeste foram abandonados sem a conclus\u00e3o das obras e, portanto, n\u00e3o s\u00e3o capazes de levar \u00e1gua pot\u00e1vel aos moradores da regi\u00e3o. O caso ainda revela irregularidades em licita\u00e7\u00f5es milion\u00e1rias no programa de governo do ex-capit\u00e3o. As informa\u00e7\u00f5es s\u00e3o do jornal\u00a0<em>O Estado de S. Paulo<\/em>\u00a0desta ter\u00e7a-feira 16.<\/p>\n<p>Os contratos analisados pelo jornal somam 1,2 bilh\u00e3o de reais em obras do programa \u2018For\u00e7a-tarefa das \u00e1guas\u2019 e mostram que em muitos deles h\u00e1 irregularidades, como a n\u00e3o indica\u00e7\u00e3o exata do local de perfura\u00e7\u00e3o e nem a indica\u00e7\u00e3o do tipo de rocha a ser encontrada. N\u00e3o h\u00e1 ainda men\u00e7\u00f5es a an\u00e1lise de quantas pessoas ser\u00e3o beneficiadas pelas medidas e aprova\u00e7\u00f5es para fura\u00e7\u00e3o de po\u00e7os at\u00e9 em propriedades privadas.<\/p>\n<p>Os problemas t\u00e9cnicos nas licita\u00e7\u00f5es influenciam no pre\u00e7o final da contrata\u00e7\u00e3o, podendo gerar preju\u00edzo aos cofres p\u00fablicos. Isso porque, segundo os analistas de auditorias em obras p\u00fablicas consultados pela reportagem, a falta de especifica\u00e7\u00e3o dos locais e de informa\u00e7\u00f5es referentes ao solo encontrados na regi\u00e3o limita a ampla concorr\u00eancia no preg\u00e3o, j\u00e1 que dificulta ofertas de empresas de pequeno e m\u00e9dio porte.<\/p>\n<p>A falta de especifica\u00e7\u00e3o nas licita\u00e7\u00f5es tamb\u00e9m contraria uma s\u00famula do Tribunal de Contas da Uni\u00e3o, que considera \u2018indispens\u00e1vel\u2019 uma \u2018defini\u00e7\u00e3o precisa e suficiente\u2019 do objeto de contrata\u00e7\u00e3o. Na pr\u00e1tica, preg\u00f5es milion\u00e1rios comandados pela atual gest\u00e3o chegaram a ser realizados em apenas 10 minutos. Al\u00e9m disso, de acordo com o jornal, o governo federal segue reservando recursos para a perfura\u00e7\u00e3o de novos po\u00e7os sem ter conclu\u00eddo as obras iniciadas ainda em 2020, o que tamb\u00e9m fere a legisla\u00e7\u00e3o vigente no Pa\u00eds.<\/p>\n<p>Como resultado de licita\u00e7\u00f5es mal geridas, alguns po\u00e7os chegam a ser perfurados, mas ou s\u00e3o abastecidos com bombas de m\u00e1 qualidade ou s\u00e3o lacrados por sequer receberem o equipamento. H\u00e1 ainda casos em que a \u00e1gua entregue pela perfura\u00e7\u00e3o \u00e9 salobra e n\u00e3o pode ser usada nem mesmo para o banho.<\/p>\n<p>A falta da \u00e1gua, no entanto, \u00e9 omitida por Bolsonaro em seus discursos. No lan\u00e7amento da sua pr\u00e9-candidatura realizado h\u00e1 poucas semanas, o ex-capit\u00e3o se vangloriou das obras de po\u00e7os no Nordeste feitas pela sua gest\u00e3o. Ele chegou a participar de entrega de parte dessas obras. Em nenhum das situa\u00e7\u00f5es, por\u00e9m, Bolsonaro citou o abandono ou a falta de bombas de \u00e1gua nas suas declara\u00e7\u00f5es.<\/p>\n<p>Novamente, os \u00f3rg\u00e3os envolvidos no esquema revelado pelo jornal s\u00e3o comandados por aliados do ministro da Casa Civil Ciro Nogueira (PP) e de partidos do Centr\u00e3o que integram a base de Bolsonaro no Congresso. A perfura\u00e7\u00e3o \u00e9 feita pela Companhia de Desenvolvimento dos Vales do S\u00e3o Francisco e do Parna\u00edba (Codevasf), o Departamento Nacional de Obras Contra as Secas (Dnocs) e a Funda\u00e7\u00e3o Nacional de Sa\u00fade (Funasa). Al\u00e9m desses tr\u00eas \u00f3rg\u00e3os, Bolsonaro chegou a citar o envolvimento das For\u00e7as Armadas na empreitada pelo Nordeste.<\/p>\n<p>\u201c\u00c1gua em grande parte do Nordeste \u00e9 uma realidade. Tamb\u00e9m o nosso Ex\u00e9rcito, com a Codevasf, fura dezenas de po\u00e7os todos os meses, levando dignidade a essas pessoas. Eu estou mostrando o que n\u00f3s fizemos, o que pretendemos seguir fazendo\u201d, destacou Bolsonaro no ato do PL em julho.<\/p>\n<p>Procurados, Bolsonaro e Ciro Nogueira n\u00e3o responderam aos questionamentos do jornal. O Dnocs tamb\u00e9m n\u00e3o se manifestou. J\u00e1 a Codevasf nega que as licita\u00e7\u00f5es n\u00e3o sejam claras, diz que observa a s\u00famula do TCU e abre o processo para ampla concorr\u00eancia. A companhia alega ainda que a escolha dos locais \u00e9 indica\u00e7\u00e3o das prefeituras e associa\u00e7\u00f5es e definidos ap\u00f3s uma visita t\u00e9cnica da empresa contratada para a obra.<\/p>\n<p>Vale ressaltar, por\u00e9m, que uma das empresas vencedoras de uma licita\u00e7\u00e3o no Piau\u00ed, ber\u00e7o pol\u00edtico de Nogueira, n\u00e3o comprovou a capacidade t\u00e9cnica para realizar a obra ao Dnocs. O \u00f3rg\u00e3o \u00e9 comandado por Fernando Marcondes de Ara\u00fajo Le\u00e3o, um amigo do ministro. Ainda assim, ela foi a escolhida para a perfura\u00e7\u00e3o<\/p>\n<p>&nbsp;<\/p>\n<\/div>\n<\/div>\n","protected":false},"excerpt":{"rendered":"<p>Po\u00e7os abertos n\u00e3o foram conclu\u00eddos e t\u00eam irregularidades milion\u00e1rias nas licita\u00e7\u00f5es POR\u00a0CARTACAPITA &#8211;\u00a0 Po\u00e7os abertos pelo governo de\u00a0Jair Bolsonaro (PL)\u00a0no Nordeste foram abandonados sem a conclus\u00e3o das obras e, portanto, n\u00e3o s\u00e3o capazes de levar \u00e1gua pot\u00e1vel aos moradores da regi\u00e3o. O caso ainda revela irregularidades em licita\u00e7\u00f5es milion\u00e1rias no programa de governo do ex-capit\u00e3o. As informa\u00e7\u00f5es s\u00e3o do jornal\u00a0O Estado de S. Paulo\u00a0desta ter\u00e7a-feira 16. Os contratos analisados pelo jornal somam 1,2 bilh\u00e3o de reais em obras do programa \u2018For\u00e7a-tarefa das \u00e1guas\u2019 e mostram que em muitos deles h\u00e1 irregularidades, como a n\u00e3o indica\u00e7\u00e3o exata do local de perfura\u00e7\u00e3o e nem a indica\u00e7\u00e3o do tipo de rocha a ser encontrada. N\u00e3o h\u00e1 ainda men\u00e7\u00f5es a an\u00e1lise de quantas pessoas&hellip; <\/p>\n","protected":false},"author":2,"featured_media":320488,"comment_status":"open","ping_status":"open","sticky":false,"template":"","format":"standard","meta":{"_acf_changed":false,"footnotes":""},"categories":[56,1],"tags":[],"class_list":["post-320487","post","type-post","status-publish","format-standard","has-post-thumbnail","hentry","category-agua","category-politica"],"acf":[],"yoast_head":"<!-- This site is optimized with the Yoast SEO plugin v27.4 - https:\/\/yoast.com\/product\/yoast-seo-wordpress\/ -->\n<title>Obras do governo Bolsonaro s\u00e3o abandonadas e n\u00e3o levam \u00e1gua ao Nordeste, revela jornal - Blog do Farn\u00e9sio<\/title>\n<meta name=\"robots\" content=\"index, follow, max-snippet:-1, max-image-preview:large, max-video-preview:-1\" \/>\n<link rel=\"canonical\" href=\"https:\/\/blogdofarnesio.com.br\/?p=320487\" \/>\n<meta property=\"og:locale\" content=\"pt_BR\" \/>\n<meta property=\"og:type\" content=\"article\" \/>\n<meta property=\"og:title\" content=\"Obras do governo Bolsonaro s\u00e3o abandonadas e n\u00e3o levam \u00e1gua ao Nordeste, revela jornal - Blog do Farn\u00e9sio\" \/>\n<meta property=\"og:description\" content=\"Po\u00e7os abertos n\u00e3o foram conclu\u00eddos e t\u00eam irregularidades milion\u00e1rias nas licita\u00e7\u00f5es POR\u00a0CARTACAPITA &#8211;\u00a0 Po\u00e7os abertos pelo governo de\u00a0Jair Bolsonaro (PL)\u00a0no Nordeste foram abandonados sem a conclus\u00e3o das obras e, portanto, n\u00e3o s\u00e3o capazes de levar \u00e1gua pot\u00e1vel aos moradores da regi\u00e3o. O caso ainda revela irregularidades em licita\u00e7\u00f5es milion\u00e1rias no programa de governo do ex-capit\u00e3o. As informa\u00e7\u00f5es s\u00e3o do jornal\u00a0O Estado de S. Paulo\u00a0desta ter\u00e7a-feira 16. Os contratos analisados pelo jornal somam 1,2 bilh\u00e3o de reais em obras do programa \u2018For\u00e7a-tarefa das \u00e1guas\u2019 e mostram que em muitos deles h\u00e1 irregularidades, como a n\u00e3o indica\u00e7\u00e3o exata do local de perfura\u00e7\u00e3o e nem a indica\u00e7\u00e3o do tipo de rocha a ser encontrada. N\u00e3o h\u00e1 ainda men\u00e7\u00f5es a an\u00e1lise de quantas pessoas&hellip;\" \/>\n<meta property=\"og:url\" content=\"https:\/\/blogdofarnesio.com.br\/?p=320487\" \/>\n<meta property=\"og:site_name\" content=\"Blog do Farn\u00e9sio\" \/>\n<meta property=\"article:publisher\" content=\"https:\/\/www.facebook.com\/BlogQuerSaberPolitica\/\" \/>\n<meta property=\"article:author\" content=\"https:\/\/www.facebook.com\/?ref=tn_tnmn\" \/>\n<meta property=\"article:published_time\" content=\"2022-08-16T19:04:33+00:00\" \/>\n<meta property=\"og:image\" content=\"https:\/\/blogdofarnesio.com.br\/wp-content\/uploads\/2022\/08\/50170346127_3d8d708b56_k.jpg\" \/>\n\t<meta property=\"og:image:width\" content=\"1200\" \/>\n\t<meta property=\"og:image:height\" content=\"800\" \/>\n\t<meta property=\"og:image:type\" content=\"image\/jpeg\" \/>\n<meta name=\"author\" content=\"Farn\u00e9sio\" \/>\n<meta name=\"twitter:card\" content=\"summary_large_image\" \/>\n<meta name=\"twitter:label1\" content=\"Escrito por\" \/>\n\t<meta name=\"twitter:data1\" content=\"Farn\u00e9sio\" \/>\n\t<meta name=\"twitter:label2\" content=\"Est. tempo de leitura\" \/>\n\t<meta name=\"twitter:data2\" content=\"4 minutos\" \/>\n<script type=\"application\/ld+json\" class=\"yoast-schema-graph\">{\"@context\":\"https:\\\/\\\/schema.org\",\"@graph\":[{\"@type\":\"Article\",\"@id\":\"https:\\\/\\\/blogdofarnesio.com.br\\\/?p=320487#article\",\"isPartOf\":{\"@id\":\"https:\\\/\\\/blogdofarnesio.com.br\\\/?p=320487\"},\"author\":{\"name\":\"Farn\u00e9sio\",\"@id\":\"https:\\\/\\\/blogdofarnesio.com.br\\\/#\\\/schema\\\/person\\\/bb9b23ae3ad0609ce8df7b6c9e76824d\"},\"headline\":\"Obras do governo Bolsonaro s\u00e3o abandonadas e n\u00e3o levam \u00e1gua ao Nordeste, revela jornal\",\"datePublished\":\"2022-08-16T19:04:33+00:00\",\"mainEntityOfPage\":{\"@id\":\"https:\\\/\\\/blogdofarnesio.com.br\\\/?p=320487\"},\"wordCount\":770,\"commentCount\":0,\"publisher\":{\"@id\":\"https:\\\/\\\/blogdofarnesio.com.br\\\/#organization\"},\"image\":{\"@id\":\"https:\\\/\\\/blogdofarnesio.com.br\\\/?p=320487#primaryimage\"},\"thumbnailUrl\":\"https:\\\/\\\/blogdofarnesio.com.br\\\/wp-content\\\/uploads\\\/2022\\\/08\\\/50170346127_3d8d708b56_k.jpg\",\"articleSection\":[\"\u00c1gua\",\"Pol\u00edtica\"],\"inLanguage\":\"pt-BR\",\"potentialAction\":[{\"@type\":\"CommentAction\",\"name\":\"Comment\",\"target\":[\"https:\\\/\\\/blogdofarnesio.com.br\\\/?p=320487#respond\"]}]},{\"@type\":\"WebPage\",\"@id\":\"https:\\\/\\\/blogdofarnesio.com.br\\\/?p=320487\",\"url\":\"https:\\\/\\\/blogdofarnesio.com.br\\\/?p=320487\",\"name\":\"Obras do governo Bolsonaro s\u00e3o abandonadas e n\u00e3o levam \u00e1gua ao Nordeste, revela jornal - Blog do Farn\u00e9sio\",\"isPartOf\":{\"@id\":\"https:\\\/\\\/blogdofarnesio.com.br\\\/#website\"},\"primaryImageOfPage\":{\"@id\":\"https:\\\/\\\/blogdofarnesio.com.br\\\/?p=320487#primaryimage\"},\"image\":{\"@id\":\"https:\\\/\\\/blogdofarnesio.com.br\\\/?p=320487#primaryimage\"},\"thumbnailUrl\":\"https:\\\/\\\/blogdofarnesio.com.br\\\/wp-content\\\/uploads\\\/2022\\\/08\\\/50170346127_3d8d708b56_k.jpg\",\"datePublished\":\"2022-08-16T19:04:33+00:00\",\"breadcrumb\":{\"@id\":\"https:\\\/\\\/blogdofarnesio.com.br\\\/?p=320487#breadcrumb\"},\"inLanguage\":\"pt-BR\",\"potentialAction\":[{\"@type\":\"ReadAction\",\"target\":[\"https:\\\/\\\/blogdofarnesio.com.br\\\/?p=320487\"]}]},{\"@type\":\"ImageObject\",\"inLanguage\":\"pt-BR\",\"@id\":\"https:\\\/\\\/blogdofarnesio.com.br\\\/?p=320487#primaryimage\",\"url\":\"https:\\\/\\\/blogdofarnesio.com.br\\\/wp-content\\\/uploads\\\/2022\\\/08\\\/50170346127_3d8d708b56_k.jpg\",\"contentUrl\":\"https:\\\/\\\/blogdofarnesio.com.br\\\/wp-content\\\/uploads\\\/2022\\\/08\\\/50170346127_3d8d708b56_k.jpg\",\"width\":1200,\"height\":800},{\"@type\":\"BreadcrumbList\",\"@id\":\"https:\\\/\\\/blogdofarnesio.com.br\\\/?p=320487#breadcrumb\",\"itemListElement\":[{\"@type\":\"ListItem\",\"position\":1,\"name\":\"In\u00edcio\",\"item\":\"https:\\\/\\\/blogdofarnesio.com.br\\\/\"},{\"@type\":\"ListItem\",\"position\":2,\"name\":\"Obras do governo Bolsonaro s\u00e3o abandonadas e n\u00e3o levam \u00e1gua ao Nordeste, revela jornal\"}]},{\"@type\":\"WebSite\",\"@id\":\"https:\\\/\\\/blogdofarnesio.com.br\\\/#website\",\"url\":\"https:\\\/\\\/blogdofarnesio.com.br\\\/\",\"name\":\"Blog do Farn\u00e9sio\",\"description\":\"Quer Saber Pol\u00edtica?\",\"publisher\":{\"@id\":\"https:\\\/\\\/blogdofarnesio.com.br\\\/#organization\"},\"potentialAction\":[{\"@type\":\"SearchAction\",\"target\":{\"@type\":\"EntryPoint\",\"urlTemplate\":\"https:\\\/\\\/blogdofarnesio.com.br\\\/?s={search_term_string}\"},\"query-input\":{\"@type\":\"PropertyValueSpecification\",\"valueRequired\":true,\"valueName\":\"search_term_string\"}}],\"inLanguage\":\"pt-BR\"},{\"@type\":\"Organization\",\"@id\":\"https:\\\/\\\/blogdofarnesio.com.br\\\/#organization\",\"name\":\"Blog do Farn\u00e9sio\",\"url\":\"https:\\\/\\\/blogdofarnesio.com.br\\\/\",\"logo\":{\"@type\":\"ImageObject\",\"inLanguage\":\"pt-BR\",\"@id\":\"https:\\\/\\\/blogdofarnesio.com.br\\\/#\\\/schema\\\/logo\\\/image\\\/\",\"url\":\"https:\\\/\\\/blogdofarnesio.com.br\\\/wp-content\\\/uploads\\\/2026\\\/03\\\/cropped-logo_new-1.png\",\"contentUrl\":\"https:\\\/\\\/blogdofarnesio.com.br\\\/wp-content\\\/uploads\\\/2026\\\/03\\\/cropped-logo_new-1.png\",\"width\":881,\"height\":685,\"caption\":\"Blog do Farn\u00e9sio\"},\"image\":{\"@id\":\"https:\\\/\\\/blogdofarnesio.com.br\\\/#\\\/schema\\\/logo\\\/image\\\/\"},\"sameAs\":[\"https:\\\/\\\/www.facebook.com\\\/BlogQuerSaberPolitica\\\/\"]},{\"@type\":\"Person\",\"@id\":\"https:\\\/\\\/blogdofarnesio.com.br\\\/#\\\/schema\\\/person\\\/bb9b23ae3ad0609ce8df7b6c9e76824d\",\"name\":\"Farn\u00e9sio\",\"image\":{\"@type\":\"ImageObject\",\"inLanguage\":\"pt-BR\",\"@id\":\"https:\\\/\\\/secure.gravatar.com\\\/avatar\\\/986aa4c61ccdb66f8555bf88fc2a65609d00bcabd4d2d94377a727547345cbca?s=96&d=mm&r=g\",\"url\":\"https:\\\/\\\/secure.gravatar.com\\\/avatar\\\/986aa4c61ccdb66f8555bf88fc2a65609d00bcabd4d2d94377a727547345cbca?s=96&d=mm&r=g\",\"contentUrl\":\"https:\\\/\\\/secure.gravatar.com\\\/avatar\\\/986aa4c61ccdb66f8555bf88fc2a65609d00bcabd4d2d94377a727547345cbca?s=96&d=mm&r=g\",\"caption\":\"Farn\u00e9sio\"},\"description\":\"Radialista blogueiro, chegou a Petrolina\\\/Juazeiro em setembro de 1980, Farn\u00e9sio Silva \u00e9 de Arapiraca-Alagoas.\",\"sameAs\":[\"http:\\\/\\\/blogdofarnesio.com.br\",\"https:\\\/\\\/www.facebook.com\\\/?ref=tn_tnmn\",\"https:\\\/\\\/www.instagram.com\\\/?utm_source=pwa_homescreen\",\"https:\\\/\\\/youtube.com.br\\\/\"],\"url\":\"https:\\\/\\\/blogdofarnesio.com.br\\\/?author=2\"}]}<\/script>\n<!-- \/ Yoast SEO plugin. -->","yoast_head_json":{"title":"Obras do governo Bolsonaro s\u00e3o abandonadas e n\u00e3o levam \u00e1gua ao Nordeste, revela jornal - Blog do Farn\u00e9sio","robots":{"index":"index","follow":"follow","max-snippet":"max-snippet:-1","max-image-preview":"max-image-preview:large","max-video-preview":"max-video-preview:-1"},"canonical":"https:\/\/blogdofarnesio.com.br\/?p=320487","og_locale":"pt_BR","og_type":"article","og_title":"Obras do governo Bolsonaro s\u00e3o abandonadas e n\u00e3o levam \u00e1gua ao Nordeste, revela jornal - Blog do Farn\u00e9sio","og_description":"Po\u00e7os abertos n\u00e3o foram conclu\u00eddos e t\u00eam irregularidades milion\u00e1rias nas licita\u00e7\u00f5es POR\u00a0CARTACAPITA &#8211;\u00a0 Po\u00e7os abertos pelo governo de\u00a0Jair Bolsonaro (PL)\u00a0no Nordeste foram abandonados sem a conclus\u00e3o das obras e, portanto, n\u00e3o s\u00e3o capazes de levar \u00e1gua pot\u00e1vel aos moradores da regi\u00e3o. O caso ainda revela irregularidades em licita\u00e7\u00f5es milion\u00e1rias no programa de governo do ex-capit\u00e3o. As informa\u00e7\u00f5es s\u00e3o do jornal\u00a0O Estado de S. Paulo\u00a0desta ter\u00e7a-feira 16. Os contratos analisados pelo jornal somam 1,2 bilh\u00e3o de reais em obras do programa \u2018For\u00e7a-tarefa das \u00e1guas\u2019 e mostram que em muitos deles h\u00e1 irregularidades, como a n\u00e3o indica\u00e7\u00e3o exata do local de perfura\u00e7\u00e3o e nem a indica\u00e7\u00e3o do tipo de rocha a ser encontrada. N\u00e3o h\u00e1 ainda men\u00e7\u00f5es a an\u00e1lise de quantas pessoas&hellip;","og_url":"https:\/\/blogdofarnesio.com.br\/?p=320487","og_site_name":"Blog do Farn\u00e9sio","article_publisher":"https:\/\/www.facebook.com\/BlogQuerSaberPolitica\/","article_author":"https:\/\/www.facebook.com\/?ref=tn_tnmn","article_published_time":"2022-08-16T19:04:33+00:00","og_image":[{"width":1200,"height":800,"url":"https:\/\/blogdofarnesio.com.br\/wp-content\/uploads\/2022\/08\/50170346127_3d8d708b56_k.jpg","type":"image\/jpeg"}],"author":"Farn\u00e9sio","twitter_card":"summary_large_image","twitter_misc":{"Escrito por":"Farn\u00e9sio","Est. tempo de leitura":"4 minutos"},"schema":{"@context":"https:\/\/schema.org","@graph":[{"@type":"Article","@id":"https:\/\/blogdofarnesio.com.br\/?p=320487#article","isPartOf":{"@id":"https:\/\/blogdofarnesio.com.br\/?p=320487"},"author":{"name":"Farn\u00e9sio","@id":"https:\/\/blogdofarnesio.com.br\/#\/schema\/person\/bb9b23ae3ad0609ce8df7b6c9e76824d"},"headline":"Obras do governo Bolsonaro s\u00e3o abandonadas e n\u00e3o levam \u00e1gua ao Nordeste, revela jornal","datePublished":"2022-08-16T19:04:33+00:00","mainEntityOfPage":{"@id":"https:\/\/blogdofarnesio.com.br\/?p=320487"},"wordCount":770,"commentCount":0,"publisher":{"@id":"https:\/\/blogdofarnesio.com.br\/#organization"},"image":{"@id":"https:\/\/blogdofarnesio.com.br\/?p=320487#primaryimage"},"thumbnailUrl":"https:\/\/blogdofarnesio.com.br\/wp-content\/uploads\/2022\/08\/50170346127_3d8d708b56_k.jpg","articleSection":["\u00c1gua","Pol\u00edtica"],"inLanguage":"pt-BR","potentialAction":[{"@type":"CommentAction","name":"Comment","target":["https:\/\/blogdofarnesio.com.br\/?p=320487#respond"]}]},{"@type":"WebPage","@id":"https:\/\/blogdofarnesio.com.br\/?p=320487","url":"https:\/\/blogdofarnesio.com.br\/?p=320487","name":"Obras do governo Bolsonaro s\u00e3o abandonadas e n\u00e3o levam \u00e1gua ao Nordeste, revela jornal - Blog do Farn\u00e9sio","isPartOf":{"@id":"https:\/\/blogdofarnesio.com.br\/#website"},"primaryImageOfPage":{"@id":"https:\/\/blogdofarnesio.com.br\/?p=320487#primaryimage"},"image":{"@id":"https:\/\/blogdofarnesio.com.br\/?p=320487#primaryimage"},"thumbnailUrl":"https:\/\/blogdofarnesio.com.br\/wp-content\/uploads\/2022\/08\/50170346127_3d8d708b56_k.jpg","datePublished":"2022-08-16T19:04:33+00:00","breadcrumb":{"@id":"https:\/\/blogdofarnesio.com.br\/?p=320487#breadcrumb"},"inLanguage":"pt-BR","potentialAction":[{"@type":"ReadAction","target":["https:\/\/blogdofarnesio.com.br\/?p=320487"]}]},{"@type":"ImageObject","inLanguage":"pt-BR","@id":"https:\/\/blogdofarnesio.com.br\/?p=320487#primaryimage","url":"https:\/\/blogdofarnesio.com.br\/wp-content\/uploads\/2022\/08\/50170346127_3d8d708b56_k.jpg","contentUrl":"https:\/\/blogdofarnesio.com.br\/wp-content\/uploads\/2022\/08\/50170346127_3d8d708b56_k.jpg","width":1200,"height":800},{"@type":"BreadcrumbList","@id":"https:\/\/blogdofarnesio.com.br\/?p=320487#breadcrumb","itemListElement":[{"@type":"ListItem","position":1,"name":"In\u00edcio","item":"https:\/\/blogdofarnesio.com.br\/"},{"@type":"ListItem","position":2,"name":"Obras do governo Bolsonaro s\u00e3o abandonadas e n\u00e3o levam \u00e1gua ao Nordeste, revela jornal"}]},{"@type":"WebSite","@id":"https:\/\/blogdofarnesio.com.br\/#website","url":"https:\/\/blogdofarnesio.com.br\/","name":"Blog do Farn\u00e9sio","description":"Quer Saber Pol\u00edtica?","publisher":{"@id":"https:\/\/blogdofarnesio.com.br\/#organization"},"potentialAction":[{"@type":"SearchAction","target":{"@type":"EntryPoint","urlTemplate":"https:\/\/blogdofarnesio.com.br\/?s={search_term_string}"},"query-input":{"@type":"PropertyValueSpecification","valueRequired":true,"valueName":"search_term_string"}}],"inLanguage":"pt-BR"},{"@type":"Organization","@id":"https:\/\/blogdofarnesio.com.br\/#organization","name":"Blog do Farn\u00e9sio","url":"https:\/\/blogdofarnesio.com.br\/","logo":{"@type":"ImageObject","inLanguage":"pt-BR","@id":"https:\/\/blogdofarnesio.com.br\/#\/schema\/logo\/image\/","url":"https:\/\/blogdofarnesio.com.br\/wp-content\/uploads\/2026\/03\/cropped-logo_new-1.png","contentUrl":"https:\/\/blogdofarnesio.com.br\/wp-content\/uploads\/2026\/03\/cropped-logo_new-1.png","width":881,"height":685,"caption":"Blog do Farn\u00e9sio"},"image":{"@id":"https:\/\/blogdofarnesio.com.br\/#\/schema\/logo\/image\/"},"sameAs":["https:\/\/www.facebook.com\/BlogQuerSaberPolitica\/"]},{"@type":"Person","@id":"https:\/\/blogdofarnesio.com.br\/#\/schema\/person\/bb9b23ae3ad0609ce8df7b6c9e76824d","name":"Farn\u00e9sio","image":{"@type":"ImageObject","inLanguage":"pt-BR","@id":"https:\/\/secure.gravatar.com\/avatar\/986aa4c61ccdb66f8555bf88fc2a65609d00bcabd4d2d94377a727547345cbca?s=96&d=mm&r=g","url":"https:\/\/secure.gravatar.com\/avatar\/986aa4c61ccdb66f8555bf88fc2a65609d00bcabd4d2d94377a727547345cbca?s=96&d=mm&r=g","contentUrl":"https:\/\/secure.gravatar.com\/avatar\/986aa4c61ccdb66f8555bf88fc2a65609d00bcabd4d2d94377a727547345cbca?s=96&d=mm&r=g","caption":"Farn\u00e9sio"},"description":"Radialista blogueiro, chegou a Petrolina\/Juazeiro em setembro de 1980, Farn\u00e9sio Silva \u00e9 de Arapiraca-Alagoas.","sameAs":["http:\/\/blogdofarnesio.com.br","https:\/\/www.facebook.com\/?ref=tn_tnmn","https:\/\/www.instagram.com\/?utm_source=pwa_homescreen","https:\/\/youtube.com.br\/"],"url":"https:\/\/blogdofarnesio.com.br\/?author=2"}]}},"_links":{"self":[{"href":"https:\/\/blogdofarnesio.com.br\/index.php?rest_route=\/wp\/v2\/posts\/320487","targetHints":{"allow":["GET"]}}],"collection":[{"href":"https:\/\/blogdofarnesio.com.br\/index.php?rest_route=\/wp\/v2\/posts"}],"about":[{"href":"https:\/\/blogdofarnesio.com.br\/index.php?rest_route=\/wp\/v2\/types\/post"}],"author":[{"embeddable":true,"href":"https:\/\/blogdofarnesio.com.br\/index.php?rest_route=\/wp\/v2\/users\/2"}],"replies":[{"embeddable":true,"href":"https:\/\/blogdofarnesio.com.br\/index.php?rest_route=%2Fwp%2Fv2%2Fcomments&post=320487"}],"version-history":[{"count":0,"href":"https:\/\/blogdofarnesio.com.br\/index.php?rest_route=\/wp\/v2\/posts\/320487\/revisions"}],"wp:featuredmedia":[{"embeddable":true,"href":"https:\/\/blogdofarnesio.com.br\/index.php?rest_route=\/wp\/v2\/media\/320488"}],"wp:attachment":[{"href":"https:\/\/blogdofarnesio.com.br\/index.php?rest_route=%2Fwp%2Fv2%2Fmedia&parent=320487"}],"wp:term":[{"taxonomy":"category","embeddable":true,"href":"https:\/\/blogdofarnesio.com.br\/index.php?rest_route=%2Fwp%2Fv2%2Fcategories&post=320487"},{"taxonomy":"post_tag","embeddable":true,"href":"https:\/\/blogdofarnesio.com.br\/index.php?rest_route=%2Fwp%2Fv2%2Ftags&post=320487"}],"curies":[{"name":"wp","href":"https:\/\/api.w.org\/{rel}","templated":true}]}}