{"id":320482,"date":"2022-08-16T15:03:22","date_gmt":"2022-08-16T18:03:22","guid":{"rendered":"https:\/\/blogdofarnesio.com.br\/?p=320482"},"modified":"2022-08-16T11:14:07","modified_gmt":"2022-08-16T14:14:07","slug":"eleicoes-2022-acompanhe-o-primeiro-dia-de-campanha-dos-candidatos","status":"publish","type":"post","link":"https:\/\/blogdofarnesio.com.br\/?p=320482","title":{"rendered":"Elei\u00e7\u00f5es 2022: acompanhe o primeiro dia de campanha dos candidatos"},"content":{"rendered":"<div class=\"cb-flex-wrapper\">\n<div class=\"content-head medium-centered medium-24 large-20 xlarge-12\">\n<h2 class=\"content-head__subtitle\" data-acceptance=\"subtitulo\" data-js=\"subheader\"><em>Presidenci\u00e1veis, candidatos ao governo do Estado e cargos do Legislativo iniciam oficialmente nesta ter\u00e7a-feira a corrida eleitoral<\/em><\/h2>\n<\/div>\n<\/div>\n<div class=\"cb-main-grid\">\n<div class=\"live-wrapper cb-posts content-main\">\n<div data-js=\"cb-feed-root\">\n<div class=\"NewPostsNotification\">\n<div><\/div>\n<\/div>\n<div class=\"PostListScreen cb-timeline-content cb-posts__list\">\n<div class=\"PostItem\">\n<div class=\"PostItemScreen cb-post \" data-acceptance=\"post\">\n<div class=\"cb-post-content\">\n<div id=\"megadraft-012d091e-a52e-4565-bc59-abb6ecd19a07\" class=\"mtr-megadraft-block\">\n<div class=\"mtr-atomic mtr-atomic-backstage-photo backstage-photo-wrapper\">\n<p class=\"backstage-media-description\"><i class=\"description-icon\"><\/i><span class=\"description-caption\">Simone Tebet inicia campanha com representantes da cultura (Foto: Mariana Ros\u00e1rio)<\/span><\/p>\n<\/div>\n<p><strong>Tebet inicia campanha em encontro com representantes da cultura em S\u00e3o Paulo<\/strong><\/p>\n<p>A candidata do MBD \u00e0 presid\u00eancia da Republica Simone Tebet, iniciou a campanha na casa de C\u00e2ndido Bracher, ex-presidente do Ita\u00fa Unibanco, na Zona Oeste Paulistana.<\/p>\n<p>A agenda se deu em uma roda de conversa conversa com esses representantes, que faziam sugest\u00f5es na \u00e1rea para a candidata, que fazia anota\u00e7\u00f5es em um bloquinho de papel.<\/p>\n<p><img decoding=\"async\" src=\"https:\/\/s2.glbimg.com\/FlCh6v6faRgXCGGX7faeHjrCBZY=\/0x0:1600x1200\/1080x0\/smart\/filters:quality(70)\/i.s3.glbimg.com\/v1\/AUTH_da025474c0c44edd99332dddb09cabe8\/internal_photos\/bs\/2022\/O\/S\/s9c8NaT5Oys8CB1CDycA\/whatsapp-image-2022-08-16-at-10.46.58.jpeg\" alt=\"Simone Tebet inicia campanha com representantes da cultura\" \/>A ambientalista Teresa Bracher, mulher de C\u00e2ndido, afirmou que Tebet \u00e9 \u00fanica das candidatas sem envolvimento em esc\u00e2ndalos de corrup\u00e7\u00e3o e afirmou que h\u00e1 interesse em rediscutir temas caros \u00e0 cultura brasileira, como a retomada do Minist\u00e9rio da Cultura e a Lei Rouanet.<\/p>\n<p>\u2014 O povo tem fome de p\u00e3o e de cultura.<\/p>\n<p>A candidata diz que est\u00e1 pronta para \u201candar pelas ruas\u201d. Repetiu que a agenda social, erradicar a pobreza e a mis\u00e9ria, al\u00e9m de transfer\u00eancia de renda est\u00e3o entre os focos da campanha.<\/p>\n<\/div>\n<div class=\"cb-post-meta\"><span class=\"cb-post-timeago\">H\u00e1 7 minutos<\/span><\/div>\n<\/div>\n<\/div>\n<\/div>\n<div class=\"PostItem\">\n<div class=\"PostItemScreen cb-post \" data-acceptance=\"post\">\n<div class=\"cb-post-content\">\n<div id=\"megadraft-ec7ddacd-b9fa-49e1-a270-42af68b9a833\" class=\"mtr-megadraft-block\">\n<div class=\"twitter-tweet twitter-tweet-rendered\"><iframe id=\"twitter-widget-0\" class=\"\" title=\"Twitter Tweet\" src=\"https:\/\/platform.twitter.com\/embed\/Tweet.html?dnt=false&amp;embedId=twitter-widget-0&amp;features=eyJ0ZndfdGltZWxpbmVfbGlzdCI6eyJidWNrZXQiOlsibGlua3RyLmVlIiwidHIuZWUiXSwidmVyc2lvbiI6bnVsbH0sInRmd190d2VldF9lZGl0X2JhY2tlbmQiOnsiYnVja2V0Ijoib24iLCJ2ZXJzaW9uIjpudWxsfSwidGZ3X3JlZnNyY19zZXNzaW9uIjp7ImJ1Y2tldCI6Im9uIiwidmVyc2lvbiI6bnVsbH0sInRmd190d2VldF9yZXN1bHRfbWlncmF0aW9uXzEzOTc5Ijp7ImJ1Y2tldCI6InR3ZWV0X3Jlc3VsdCIsInZlcnNpb24iOm51bGx9LCJ0Zndfc2Vuc2l0aXZlX21lZGlhX2ludGVyc3RpdGlhbF8xMzk2MyI6eyJidWNrZXQiOiJpbnRlcnN0aXRpYWwiLCJ2ZXJzaW9uIjpudWxsfSwidGZ3X2V4cGVyaW1lbnRzX2Nvb2tpZV9leHBpcmF0aW9uIjp7ImJ1Y2tldCI6MTIwOTYwMCwidmVyc2lvbiI6bnVsbH0sInRmd19kdXBsaWNhdGVfc2NyaWJlc190b19zZXR0aW5ncyI6eyJidWNrZXQiOiJvZmYiLCJ2ZXJzaW9uIjpudWxsfSwidGZ3X3R3ZWV0X2VkaXRfZnJvbnRlbmQiOnsiYnVja2V0Ijoib2ZmIiwidmVyc2lvbiI6bnVsbH19&amp;frame=false&amp;hideCard=false&amp;hideThread=false&amp;id=1559539789497516033&amp;lang=pt&amp;origin=https%3A%2F%2Foglobo.globo.com%2Fpolitica%2Feleicoes-2022%2Fao-vivo%2Feleicoes-2022-acompanhe-o-primeiro-dia-de-campanha.ghtml&amp;sessionId=2077900dc58213ea2d786b8555c98fbe6a97308c&amp;theme=light&amp;widgetsVersion=31f0cdc1eaa0f%3A1660602114609&amp;width=550px\" frameborder=\"0\" scrolling=\"no\" allowfullscreen=\"allowfullscreen\" data-tweet-id=\"1559539789497516033\" data-mce-fragment=\"1\"><\/iframe><\/div>\n<\/div>\n<\/div>\n<\/div>\n<\/div>\n<div class=\"PostItem\">\n<div class=\"PostItemScreen cb-post \" data-acceptance=\"post\">\n<div class=\"cb-post-content\">\n<div id=\"megadraft-51b8007f-e71c-4cd8-a420-d171e258daa3\" class=\"mtr-megadraft-block\">\n<div class=\"mtr-atomic mtr-atomic-backstage-photo backstage-photo-wrapper\">\n<div class=\"backstage-photo\"><picture><source srcset=\"https:\/\/s2.glbimg.com\/VGCvj6x85V3ZoneX8f7LnJSa8zg=\/0x0:5184x3456\/540x0\/smart\/filters:quality(70)\/i.s3.glbimg.com\/v1\/AUTH_da025474c0c44edd99332dddb09cabe8\/internal_photos\/bs\/2022\/Q\/B\/hUKRAgQDaykAgrrIYqeA\/100179091-pa-rio-16-08-2022-eleicoes-2022-marcelo-freixo-candidato-ao-governo-do-rio-na-central..jpg\" media=\"(max-width: 375px)\" \/><source srcset=\"https:\/\/s2.glbimg.com\/XtOFXrbUtInL9lUHiv-LtJ4EMSc=\/0x0:5184x3456\/810x0\/smart\/filters:quality(70)\/i.s3.glbimg.com\/v1\/AUTH_da025474c0c44edd99332dddb09cabe8\/internal_photos\/bs\/2022\/Q\/B\/hUKRAgQDaykAgrrIYqeA\/100179091-pa-rio-16-08-2022-eleicoes-2022-marcelo-freixo-candidato-ao-governo-do-rio-na-central..jpg\" media=\"(max-width: 769px)\" \/><img decoding=\"async\" src=\"https:\/\/s2.glbimg.com\/dLEjTakUrI1nqwJmQfbirkE-EA0=\/0x0:5184x3456\/1080x0\/smart\/filters:quality(70)\/i.s3.glbimg.com\/v1\/AUTH_da025474c0c44edd99332dddb09cabe8\/internal_photos\/bs\/2022\/Q\/B\/hUKRAgQDaykAgrrIYqeA\/100179091-pa-rio-16-08-2022-eleicoes-2022-marcelo-freixo-candidato-ao-governo-do-rio-na-central..jpg\" alt=\"Marcelo Freixo discursa na Central do Brasil\" \/><\/picture><\/div>\n<p class=\"backstage-media-description\"><i class=\"description-icon\"><\/i><span class=\"description-caption\">Marcelo Freixo discursa na Central do Brasil (Foto: Fabiano Rocha)<\/span><\/p>\n<\/div>\n<p><strong>Freixo faz ato na Central e discursa ao lado de Ceciliano, do PT, e de Molon<\/strong><\/p>\n<p>Ap\u00f3s subir a igreja da Penha, Freixo seguiu para a Central do Brasil, onde discursou pedindo votos, ao lado de\u00a0<a href=\"https:\/\/oglobo.globo.com\/politica\/eleicoes-2022\/noticia\/2022\/08\/andre-ceciliano-reforca-apoio-a-freixo-e-muda-o-tom-sobre-molon-vou-respeitar-a-posicao-do-psb.ghtml\" target=\"_blank\" rel=\"noopener\" data-analytics=\"true\">Andr\u00e9 Ceciliano (PT). Enquanto isso, o candidato do seu partido ao Senado, Alessandro Molon (PSB)<\/a>, aguardava sua vez para posar para fotos, no mesmo local, a uma dist\u00e2ncia de 10 metros.<\/p>\n<p>Ao se juntar a Molon, Freixo repetiu o discurso, enfatizando a import\u00e2ncia de eleger Lula, deputados federais e estaduais e \u201co nosso senador\u201d.<\/p>\n<p>No local, candidatos da coliga\u00e7\u00e3o congestionavam a entrada principal da esta\u00e7\u00e3o com bandeiras e distribui\u00e7\u00e3o de material de campanha.<\/p>\n<p>Apesar da presen\u00e7a ostensiva, o ato n\u00e3o despertou o interesse do p\u00fablico que transitava com indiferen\u00e7a entres os pol\u00edticos.<\/p>\n<p>Ap\u00f3s o ato, o pessebista parou para um tradicional cafezinho de pol\u00edticos em campanha de rua numa lanchonete da Central.<\/p>\n<\/div>\n<div class=\"cb-post-meta\"><span class=\"cb-post-timeago\">H\u00e1 23 minutos<\/span><\/div>\n<\/div>\n<\/div>\n<\/div>\n<div class=\"PostItem\">\n<div class=\"PostItemScreen cb-post \" data-acceptance=\"post\">\n<div class=\"cb-post-content\">\n<div id=\"megadraft-f304769b-ad7c-4431-bb11-f553a90f6e56\" class=\"mtr-megadraft-block\">\n<div class=\"twitter-tweet twitter-tweet-rendered\"><iframe id=\"twitter-widget-1\" class=\"\" title=\"Twitter Tweet\" src=\"https:\/\/platform.twitter.com\/embed\/Tweet.html?dnt=false&amp;embedId=twitter-widget-1&amp;features=eyJ0ZndfdGltZWxpbmVfbGlzdCI6eyJidWNrZXQiOlsibGlua3RyLmVlIiwidHIuZWUiXSwidmVyc2lvbiI6bnVsbH0sInRmd190d2VldF9lZGl0X2JhY2tlbmQiOnsiYnVja2V0Ijoib24iLCJ2ZXJzaW9uIjpudWxsfSwidGZ3X3JlZnNyY19zZXNzaW9uIjp7ImJ1Y2tldCI6Im9uIiwidmVyc2lvbiI6bnVsbH0sInRmd190d2VldF9yZXN1bHRfbWlncmF0aW9uXzEzOTc5Ijp7ImJ1Y2tldCI6InR3ZWV0X3Jlc3VsdCIsInZlcnNpb24iOm51bGx9LCJ0Zndfc2Vuc2l0aXZlX21lZGlhX2ludGVyc3RpdGlhbF8xMzk2MyI6eyJidWNrZXQiOiJpbnRlcnN0aXRpYWwiLCJ2ZXJzaW9uIjpudWxsfSwidGZ3X2V4cGVyaW1lbnRzX2Nvb2tpZV9leHBpcmF0aW9uIjp7ImJ1Y2tldCI6MTIwOTYwMCwidmVyc2lvbiI6bnVsbH0sInRmd19kdXBsaWNhdGVfc2NyaWJlc190b19zZXR0aW5ncyI6eyJidWNrZXQiOiJvZmYiLCJ2ZXJzaW9uIjpudWxsfSwidGZ3X3R3ZWV0X2VkaXRfZnJvbnRlbmQiOnsiYnVja2V0Ijoib2ZmIiwidmVyc2lvbiI6bnVsbH19&amp;frame=false&amp;hideCard=false&amp;hideThread=false&amp;id=1559535220478672896&amp;lang=pt&amp;origin=https%3A%2F%2Foglobo.globo.com%2Fpolitica%2Feleicoes-2022%2Fao-vivo%2Feleicoes-2022-acompanhe-o-primeiro-dia-de-campanha.ghtml&amp;sessionId=2077900dc58213ea2d786b8555c98fbe6a97308c&amp;theme=light&amp;widgetsVersion=31f0cdc1eaa0f%3A1660602114609&amp;width=550px\" frameborder=\"0\" scrolling=\"no\" allowfullscreen=\"allowfullscreen\" data-tweet-id=\"1559535220478672896\" data-mce-fragment=\"1\"><\/iframe><\/div>\n<\/div>\n<div class=\"cb-post-meta\"><span class=\"cb-post-timeago\">H\u00e1 26 minutos<\/span><\/div>\n<\/div>\n<\/div>\n<\/div>\n<div class=\"PostItem\">\n<div class=\"PostItemScreen cb-post \" data-acceptance=\"post\">\n<div class=\"cb-post-content\">\n<div id=\"megadraft-00da7dde-00f3-4647-b5f5-c30c0ba89442\" class=\"mtr-megadraft-block\">\n<p><strong>Bolsonaro embarca rumo a Juiz de Fora para primeiro ato de campanha em local da facada<\/strong><\/p>\n<p>O presidente Jair Bolsonaro embarcou na manh\u00e3 desta segunda-feira, no aeroporto Santos Dumont, no Rio, rumo a Juiz de Fora (MG), onde realizar\u00e1 seu primeiro ato de campanha em busca da reelei\u00e7\u00e3o. Em v\u00eddeo compartilhado nas redes sociais do senador Fl\u00e1vio Bolsonaro (PL-RJ), seu filho, o presidente afirmou que o ato ocorrer\u00e1 em sua &#8220;segunda cidade natal&#8221;, em refer\u00eancia ao atentado sofrido por ele no munic\u00edpio durante a campanha de 2018.<\/p>\n<p>A agenda de Bolsonaro prev\u00ea uma motociata at\u00e9 o local onde sofreu a facada em 2018.<\/p>\n<p>No v\u00eddeo antes da decolagem, Fl\u00e1vio disse &#8220;que ven\u00e7a o melhor nas urnas&#8221; \u2014 o sistema eletr\u00f4nico de vota\u00e7\u00e3o foi atacado nos \u00faltimos meses por Bolsonaro.<\/p>\n<p>\u2014 Come\u00e7amos agradecendo as ora\u00e7\u00f5es de todo mundo, pedindo que seja uma campanha limpa, sem viol\u00eancia, e que ven\u00e7a o melhor nas urnas.<\/p>\n<\/div>\n<\/div>\n<\/div>\n<\/div>\n<div class=\"PostItem\">\n<div class=\"PostItemScreen cb-post \" data-acceptance=\"post\">\n<div class=\"cb-post-content\">\n<div id=\"megadraft-cd20aecf-cf73-43c3-93df-28a21b840ab7\" class=\"mtr-megadraft-block\">\n<div class=\"mtr-atomic mtr-atomic-backstage-photo backstage-photo-wrapper\">\n<div class=\"backstage-photo\"><picture><source srcset=\"https:\/\/s2.glbimg.com\/JJV41jwId52nJZ0PrL0dk9hi6vY=\/0x0:5184x3456\/540x0\/smart\/filters:quality(70)\/i.s3.glbimg.com\/v1\/AUTH_da025474c0c44edd99332dddb09cabe8\/internal_photos\/bs\/2022\/j\/E\/1d77kmRtAdO4RCabCqDQ\/rodrigo-neves-em-icarai.jpg\" media=\"(max-width: 375px)\" \/><source srcset=\"https:\/\/s2.glbimg.com\/ctk31m3MVRmqwIGQk0AsfEewAqg=\/0x0:5184x3456\/810x0\/smart\/filters:quality(70)\/i.s3.glbimg.com\/v1\/AUTH_da025474c0c44edd99332dddb09cabe8\/internal_photos\/bs\/2022\/j\/E\/1d77kmRtAdO4RCabCqDQ\/rodrigo-neves-em-icarai.jpg\" media=\"(max-width: 769px)\" \/><img decoding=\"async\" src=\"https:\/\/s2.glbimg.com\/sl4f7ahATrdYA2GeptL46WJuCHg=\/0x0:5184x3456\/1080x0\/smart\/filters:quality(70)\/i.s3.glbimg.com\/v1\/AUTH_da025474c0c44edd99332dddb09cabe8\/internal_photos\/bs\/2022\/j\/E\/1d77kmRtAdO4RCabCqDQ\/rodrigo-neves-em-icarai.jpg\" alt=\"Rodrigo Neves escolhe igreja em Icara\u00ed, Niter\u00f3i, cidade que comandou, onde chegou por volta das 8h30\" \/><\/picture><\/div>\n<p class=\"backstage-media-description\"><i class=\"description-icon\"><\/i><span class=\"description-caption\">Rodrigo Neves escolhe igreja em Icara\u00ed, Niter\u00f3i, cidade que comandou, onde chegou por volta das 8h30 (Foto: Alexandre Cassiano\/Ag\u00eancia O Globo)<\/span><\/p>\n<\/div>\n<p>Candidato do PDT ao governo do Rio, o ex-prefeito de Niter\u00f3i Rodrigo Neves escolheu a cidade que governou por dois mandatos para come\u00e7ar sua campanha eleitoral. Sua primeira agenda foi na capela da Igreja Santu\u00e1rio das Almas, no bairro de Icara\u00ed, onde chegou por volta das 8h30.<\/p>\n<p>Acompanhado de sua m\u00e3e, Maria Luiza Barreto, e sua mulher, Fernanda Sixel, de seu filho e do vice-prefeito de Niter\u00f3i, Paulo Bagueira (PDT), ele cumprimentou a equipe na igreja e teve um momento de ora\u00e7\u00e3o com a fam\u00edlia.<\/p>\n<p>\u2014 \u00c9 importante come\u00e7ar a campanha na igreja que frequento, onde meus filhos fizeram catequese e conhe\u00e7o os paroquianos. Momento \u00e9 de ora\u00e7\u00e3o pelas pr\u00f3ximas semanas. Vamos fazer todo o esfor\u00e7o para informar a popula\u00e7\u00e3o sobre os nossos prop\u00f3sitos, estou muito animado &#8211; disse Neves.<\/p>\n<\/div>\n<\/div>\n<\/div>\n<\/div>\n<div class=\"PostItem\">\n<div class=\"PostItemScreen cb-post \" data-acceptance=\"post\">\n<div class=\"cb-post-content\">\n<div id=\"megadraft-cf3d2620-7f22-438c-86c7-bf808438fc06\" class=\"mtr-megadraft-block\">\n<div class=\"mtr-atomic mtr-atomic-backstage-photo backstage-photo-wrapper\">\n<div class=\"backstage-photo\"><picture><source srcset=\"https:\/\/s2.glbimg.com\/m3r4KcPLnQL2LEGZWT3h-K4Od1w=\/0x0:1600x1200\/540x0\/smart\/filters:quality(70)\/i.s3.glbimg.com\/v1\/AUTH_da025474c0c44edd99332dddb09cabe8\/internal_photos\/bs\/2022\/Y\/e\/3yOWzxRfmNbAhSNe8mhQ\/aldo-rebelo-com-ciro-em-sp.jpeg\" media=\"(max-width: 375px)\" \/><source srcset=\"https:\/\/s2.glbimg.com\/meazLJ-wzfR20VbqXgDAkhfJs_Q=\/0x0:1600x1200\/810x0\/smart\/filters:quality(70)\/i.s3.glbimg.com\/v1\/AUTH_da025474c0c44edd99332dddb09cabe8\/internal_photos\/bs\/2022\/Y\/e\/3yOWzxRfmNbAhSNe8mhQ\/aldo-rebelo-com-ciro-em-sp.jpeg\" media=\"(max-width: 769px)\" \/><img decoding=\"async\" src=\"https:\/\/s2.glbimg.com\/7Smg0ujixPJo0iQiSii0PFJpmSk=\/0x0:1600x1200\/1080x0\/smart\/filters:quality(70)\/i.s3.glbimg.com\/v1\/AUTH_da025474c0c44edd99332dddb09cabe8\/internal_photos\/bs\/2022\/Y\/e\/3yOWzxRfmNbAhSNe8mhQ\/aldo-rebelo-com-ciro-em-sp.jpeg\" alt=\"Aldo Rebelo acompanha Ciro Gomes na primeira agenda de campanha do candidato \u00e0 Presid\u00eancia, na Zona Leste de S\u00e3o Paulo\" \/><\/picture><\/div>\n<p class=\"backstage-media-description\"><i class=\"description-icon\"><\/i><span class=\"description-caption\">Aldo Rebelo acompanha Ciro Gomes na primeira agenda de campanha do candidato \u00e0 Presid\u00eancia, na Zona Leste de S\u00e3o Paulo (Foto: Victoria C\u00f3colo)<\/span><\/p>\n<\/div>\n<p><strong>Ciro ir\u00e1 a posse de Moraes no TSE<\/strong><\/p>\n<p>Ciro Gomes deixou a primeira agenda de campanha por volta de 8h20 da manh\u00e3, na Zona Leste de SP. O ex-governador do Cear\u00e1 pegar\u00e1 o voo direto para Bras\u00edlia (DF), onde participa da cerim\u00f4nia de posse do novo ministro do Tribunal Superior Eleitoral (TSE), Alexandre de Moraes. O ex-ministro e candidato ao Senado pelo PDT de S\u00e3o Paulo Aldo Rebelo tamb\u00e9m participou do ato do pedetista na manh\u00e3 desta ter\u00e7a-feira (16).<\/p>\n<\/div>\n<div class=\"cb-post-meta\"><span class=\"cb-post-timeago\">H\u00e1 2 horas<\/span><\/div>\n<\/div>\n<\/div>\n<\/div>\n<div class=\"PostItem\">\n<div class=\"PostItemScreen cb-post \" data-acceptance=\"post\">\n<div class=\"cb-post-content\">\n<div id=\"megadraft-c0089d5f-a78d-47e2-8e05-f8b2b2d63bfb\" class=\"mtr-megadraft-block\">\n<p><strong>Joel Santana abre campanha falando ingl\u00eas: &#8216;You t\u00e1 the brinqueichon uite me, bicho?&#8217;<\/strong><\/p>\n<div class=\"mtr-atomic mtr-atomic-backstage-photo backstage-photo-wrapper\">\n<div class=\"backstage-photo\"><picture><source srcset=\"https:\/\/s2.glbimg.com\/kw_DDEAo_KRyqfDDSxEFLXvFlxE=\/0x0:646x481\/540x0\/smart\/filters:quality(70)\/i.s3.glbimg.com\/v1\/AUTH_da025474c0c44edd99332dddb09cabe8\/internal_photos\/bs\/2022\/q\/j\/CporhrTFuhUFSySfg9AQ\/joel-santana.png\" media=\"(max-width: 375px)\" \/><source srcset=\"https:\/\/s2.glbimg.com\/2Aw0WYL24CEhhmrXEgNTZX0EfQs=\/0x0:646x481\/810x0\/smart\/filters:quality(70)\/i.s3.glbimg.com\/v1\/AUTH_da025474c0c44edd99332dddb09cabe8\/internal_photos\/bs\/2022\/q\/j\/CporhrTFuhUFSySfg9AQ\/joel-santana.png\" media=\"(max-width: 769px)\" \/><img decoding=\"async\" src=\"https:\/\/s2.glbimg.com\/2pan8644Uhp4iSmpm731u6Bi2Pw=\/0x0:646x481\/1080x0\/smart\/filters:quality(70)\/i.s3.glbimg.com\/v1\/AUTH_da025474c0c44edd99332dddb09cabe8\/internal_photos\/bs\/2022\/q\/j\/CporhrTFuhUFSySfg9AQ\/joel-santana.png\" alt=\"Joel Santana Grava v\u00eddeo de campanha ironizando a pr\u00f3pria forma de falar ingl\u00eas\" \/><\/picture><\/div>\n<p class=\"backstage-media-description\"><i class=\"description-icon\"><\/i><span class=\"description-caption\">Joel Santana Grava v\u00eddeo de campanha ironizando a pr\u00f3pria forma de falar ingl\u00eas (Foto: Reprodu\u00e7\u00e3o )<\/span><\/p>\n<\/div>\n<p>Joel Santana (Pros), t\u00e9cnico de futebol e candidato a deputado federal pelo Rio de Janeiro, lan\u00e7ou seu primeiro v\u00eddeo de campanha fazendo piada com o pr\u00f3prio ingl\u00eas. O profissional ficou conhecido por falar o idioma de forma peculiar ap\u00f3s uma entrevista em 2009, na Copa das Confedera\u00e7\u00f5es, quando era t\u00e9cnico da \u00c1frica do Sul.<\/p>\n<p>\u2014 J\u00e1 viu minha proposta para deputado federal? N\u00e3o? You t\u00e1 the brinqueichon uite me, bicho? Entre no site e confira a nossa proposta de job. Anda logo que o deadline is short&#8221; \u2014 fala o candidato no v\u00eddeo, misturando palavras em portugu\u00eas e em ingl\u00eas, algumas inclusive com a grafia errada.\u00a0<a href=\"https:\/\/oglobo.globo.com\/blogs\/sonar-a-escuta-das-redes\/post\/2022\/08\/candidato-a-deputado-federal-joel-santana-faz-graca-com-proprio-ingles-em-video-de-propaganda-eleitoral.ghtml\" target=\"_blank\" rel=\"noopener\" data-analytics=\"true\"><strong>Leia aqui.<\/strong><\/a><\/p>\n<\/div>\n<\/div>\n<\/div>\n<\/div>\n<\/div>\n<\/div>\n<\/div>\n<\/div>\n","protected":false},"excerpt":{"rendered":"<p>Presidenci\u00e1veis, candidatos ao governo do Estado e cargos do Legislativo iniciam oficialmente nesta ter\u00e7a-feira a corrida eleitoral Simone Tebet inicia campanha com representantes da cultura (Foto: Mariana Ros\u00e1rio) Tebet inicia campanha em encontro com representantes da cultura em S\u00e3o Paulo A candidata do MBD \u00e0 presid\u00eancia da Republica Simone Tebet, iniciou a campanha na casa de C\u00e2ndido Bracher, ex-presidente do Ita\u00fa Unibanco, na Zona Oeste Paulistana. A agenda se deu em uma roda de conversa conversa com esses representantes, que faziam sugest\u00f5es na \u00e1rea para a candidata, que fazia anota\u00e7\u00f5es em um bloquinho de papel. A ambientalista Teresa Bracher, mulher de C\u00e2ndido, afirmou que Tebet \u00e9 \u00fanica das candidatas sem envolvimento em esc\u00e2ndalos de corrup\u00e7\u00e3o e afirmou que h\u00e1 interesse&hellip; <\/p>\n","protected":false},"author":2,"featured_media":318181,"comment_status":"open","ping_status":"open","sticky":false,"template":"","format":"standard","meta":{"_acf_changed":false,"footnotes":""},"categories":[34],"tags":[],"class_list":["post-320482","post","type-post","status-publish","format-standard","has-post-thumbnail","hentry","category-eleicoes"],"acf":[],"yoast_head":"<!-- This site is optimized with the Yoast SEO plugin v27.4 - https:\/\/yoast.com\/product\/yoast-seo-wordpress\/ -->\n<title>Elei\u00e7\u00f5es 2022: acompanhe o primeiro dia de campanha dos candidatos - Blog do Farn\u00e9sio<\/title>\n<meta name=\"robots\" content=\"index, follow, max-snippet:-1, max-image-preview:large, max-video-preview:-1\" \/>\n<link rel=\"canonical\" href=\"https:\/\/blogdofarnesio.com.br\/?p=320482\" \/>\n<meta property=\"og:locale\" content=\"pt_BR\" \/>\n<meta property=\"og:type\" content=\"article\" \/>\n<meta property=\"og:title\" content=\"Elei\u00e7\u00f5es 2022: acompanhe o primeiro dia de campanha dos candidatos - Blog do Farn\u00e9sio\" \/>\n<meta property=\"og:description\" content=\"Presidenci\u00e1veis, candidatos ao governo do Estado e cargos do Legislativo iniciam oficialmente nesta ter\u00e7a-feira a corrida eleitoral Simone Tebet inicia campanha com representantes da cultura (Foto: Mariana Ros\u00e1rio) Tebet inicia campanha em encontro com representantes da cultura em S\u00e3o Paulo A candidata do MBD \u00e0 presid\u00eancia da Republica Simone Tebet, iniciou a campanha na casa de C\u00e2ndido Bracher, ex-presidente do Ita\u00fa Unibanco, na Zona Oeste Paulistana. A agenda se deu em uma roda de conversa conversa com esses representantes, que faziam sugest\u00f5es na \u00e1rea para a candidata, que fazia anota\u00e7\u00f5es em um bloquinho de papel. A ambientalista Teresa Bracher, mulher de C\u00e2ndido, afirmou que Tebet \u00e9 \u00fanica das candidatas sem envolvimento em esc\u00e2ndalos de corrup\u00e7\u00e3o e afirmou que h\u00e1 interesse&hellip;\" \/>\n<meta property=\"og:url\" content=\"https:\/\/blogdofarnesio.com.br\/?p=320482\" \/>\n<meta property=\"og:site_name\" content=\"Blog do Farn\u00e9sio\" \/>\n<meta property=\"article:publisher\" content=\"https:\/\/www.facebook.com\/BlogQuerSaberPolitica\/\" \/>\n<meta property=\"article:author\" content=\"https:\/\/www.facebook.com\/?ref=tn_tnmn\" \/>\n<meta property=\"article:published_time\" content=\"2022-08-16T18:03:22+00:00\" \/>\n<meta property=\"og:image\" content=\"https:\/\/blogdofarnesio.com.br\/wp-content\/uploads\/2022\/07\/blogqsplula-bolson-ciro.jpg\" \/>\n\t<meta property=\"og:image:width\" content=\"380\" \/>\n\t<meta property=\"og:image:height\" content=\"280\" \/>\n\t<meta property=\"og:image:type\" content=\"image\/jpeg\" \/>\n<meta name=\"author\" content=\"Farn\u00e9sio\" \/>\n<meta name=\"twitter:card\" content=\"summary_large_image\" \/>\n<meta name=\"twitter:label1\" content=\"Escrito por\" \/>\n\t<meta name=\"twitter:data1\" content=\"Farn\u00e9sio\" \/>\n\t<meta name=\"twitter:label2\" content=\"Est. tempo de leitura\" \/>\n\t<meta name=\"twitter:data2\" content=\"6 minutos\" \/>\n<script type=\"application\/ld+json\" class=\"yoast-schema-graph\">{\"@context\":\"https:\\\/\\\/schema.org\",\"@graph\":[{\"@type\":\"Article\",\"@id\":\"https:\\\/\\\/blogdofarnesio.com.br\\\/?p=320482#article\",\"isPartOf\":{\"@id\":\"https:\\\/\\\/blogdofarnesio.com.br\\\/?p=320482\"},\"author\":{\"name\":\"Farn\u00e9sio\",\"@id\":\"https:\\\/\\\/blogdofarnesio.com.br\\\/#\\\/schema\\\/person\\\/bb9b23ae3ad0609ce8df7b6c9e76824d\"},\"headline\":\"Elei\u00e7\u00f5es 2022: acompanhe o primeiro dia de campanha dos candidatos\",\"datePublished\":\"2022-08-16T18:03:22+00:00\",\"mainEntityOfPage\":{\"@id\":\"https:\\\/\\\/blogdofarnesio.com.br\\\/?p=320482\"},\"wordCount\":966,\"commentCount\":0,\"publisher\":{\"@id\":\"https:\\\/\\\/blogdofarnesio.com.br\\\/#organization\"},\"image\":{\"@id\":\"https:\\\/\\\/blogdofarnesio.com.br\\\/?p=320482#primaryimage\"},\"thumbnailUrl\":\"https:\\\/\\\/blogdofarnesio.com.br\\\/wp-content\\\/uploads\\\/2022\\\/07\\\/blogqsplula-bolson-ciro.jpg\",\"articleSection\":[\"Elei\u00e7\u00f5es\"],\"inLanguage\":\"pt-BR\",\"potentialAction\":[{\"@type\":\"CommentAction\",\"name\":\"Comment\",\"target\":[\"https:\\\/\\\/blogdofarnesio.com.br\\\/?p=320482#respond\"]}]},{\"@type\":\"WebPage\",\"@id\":\"https:\\\/\\\/blogdofarnesio.com.br\\\/?p=320482\",\"url\":\"https:\\\/\\\/blogdofarnesio.com.br\\\/?p=320482\",\"name\":\"Elei\u00e7\u00f5es 2022: acompanhe o primeiro dia de campanha dos candidatos - Blog do Farn\u00e9sio\",\"isPartOf\":{\"@id\":\"https:\\\/\\\/blogdofarnesio.com.br\\\/#website\"},\"primaryImageOfPage\":{\"@id\":\"https:\\\/\\\/blogdofarnesio.com.br\\\/?p=320482#primaryimage\"},\"image\":{\"@id\":\"https:\\\/\\\/blogdofarnesio.com.br\\\/?p=320482#primaryimage\"},\"thumbnailUrl\":\"https:\\\/\\\/blogdofarnesio.com.br\\\/wp-content\\\/uploads\\\/2022\\\/07\\\/blogqsplula-bolson-ciro.jpg\",\"datePublished\":\"2022-08-16T18:03:22+00:00\",\"breadcrumb\":{\"@id\":\"https:\\\/\\\/blogdofarnesio.com.br\\\/?p=320482#breadcrumb\"},\"inLanguage\":\"pt-BR\",\"potentialAction\":[{\"@type\":\"ReadAction\",\"target\":[\"https:\\\/\\\/blogdofarnesio.com.br\\\/?p=320482\"]}]},{\"@type\":\"ImageObject\",\"inLanguage\":\"pt-BR\",\"@id\":\"https:\\\/\\\/blogdofarnesio.com.br\\\/?p=320482#primaryimage\",\"url\":\"https:\\\/\\\/blogdofarnesio.com.br\\\/wp-content\\\/uploads\\\/2022\\\/07\\\/blogqsplula-bolson-ciro.jpg\",\"contentUrl\":\"https:\\\/\\\/blogdofarnesio.com.br\\\/wp-content\\\/uploads\\\/2022\\\/07\\\/blogqsplula-bolson-ciro.jpg\",\"width\":380,\"height\":280,\"caption\":\"Foto: PT\\\/Reprodu\u00e7\u00e3o; Ag\u00eancia Brasil\\\/Reprodu\u00e7\u00e3o; Redes Sociais\\\/Reprodu\u00e7\u00e3o\"},{\"@type\":\"BreadcrumbList\",\"@id\":\"https:\\\/\\\/blogdofarnesio.com.br\\\/?p=320482#breadcrumb\",\"itemListElement\":[{\"@type\":\"ListItem\",\"position\":1,\"name\":\"In\u00edcio\",\"item\":\"https:\\\/\\\/blogdofarnesio.com.br\\\/\"},{\"@type\":\"ListItem\",\"position\":2,\"name\":\"Elei\u00e7\u00f5es 2022: acompanhe o primeiro dia de campanha dos candidatos\"}]},{\"@type\":\"WebSite\",\"@id\":\"https:\\\/\\\/blogdofarnesio.com.br\\\/#website\",\"url\":\"https:\\\/\\\/blogdofarnesio.com.br\\\/\",\"name\":\"Blog do Farn\u00e9sio\",\"description\":\"Quer Saber Pol\u00edtica?\",\"publisher\":{\"@id\":\"https:\\\/\\\/blogdofarnesio.com.br\\\/#organization\"},\"potentialAction\":[{\"@type\":\"SearchAction\",\"target\":{\"@type\":\"EntryPoint\",\"urlTemplate\":\"https:\\\/\\\/blogdofarnesio.com.br\\\/?s={search_term_string}\"},\"query-input\":{\"@type\":\"PropertyValueSpecification\",\"valueRequired\":true,\"valueName\":\"search_term_string\"}}],\"inLanguage\":\"pt-BR\"},{\"@type\":\"Organization\",\"@id\":\"https:\\\/\\\/blogdofarnesio.com.br\\\/#organization\",\"name\":\"Blog do Farn\u00e9sio\",\"url\":\"https:\\\/\\\/blogdofarnesio.com.br\\\/\",\"logo\":{\"@type\":\"ImageObject\",\"inLanguage\":\"pt-BR\",\"@id\":\"https:\\\/\\\/blogdofarnesio.com.br\\\/#\\\/schema\\\/logo\\\/image\\\/\",\"url\":\"https:\\\/\\\/blogdofarnesio.com.br\\\/wp-content\\\/uploads\\\/2026\\\/03\\\/cropped-logo_new-1.png\",\"contentUrl\":\"https:\\\/\\\/blogdofarnesio.com.br\\\/wp-content\\\/uploads\\\/2026\\\/03\\\/cropped-logo_new-1.png\",\"width\":881,\"height\":685,\"caption\":\"Blog do Farn\u00e9sio\"},\"image\":{\"@id\":\"https:\\\/\\\/blogdofarnesio.com.br\\\/#\\\/schema\\\/logo\\\/image\\\/\"},\"sameAs\":[\"https:\\\/\\\/www.facebook.com\\\/BlogQuerSaberPolitica\\\/\"]},{\"@type\":\"Person\",\"@id\":\"https:\\\/\\\/blogdofarnesio.com.br\\\/#\\\/schema\\\/person\\\/bb9b23ae3ad0609ce8df7b6c9e76824d\",\"name\":\"Farn\u00e9sio\",\"image\":{\"@type\":\"ImageObject\",\"inLanguage\":\"pt-BR\",\"@id\":\"https:\\\/\\\/secure.gravatar.com\\\/avatar\\\/986aa4c61ccdb66f8555bf88fc2a65609d00bcabd4d2d94377a727547345cbca?s=96&d=mm&r=g\",\"url\":\"https:\\\/\\\/secure.gravatar.com\\\/avatar\\\/986aa4c61ccdb66f8555bf88fc2a65609d00bcabd4d2d94377a727547345cbca?s=96&d=mm&r=g\",\"contentUrl\":\"https:\\\/\\\/secure.gravatar.com\\\/avatar\\\/986aa4c61ccdb66f8555bf88fc2a65609d00bcabd4d2d94377a727547345cbca?s=96&d=mm&r=g\",\"caption\":\"Farn\u00e9sio\"},\"description\":\"Radialista blogueiro, chegou a Petrolina\\\/Juazeiro em setembro de 1980, Farn\u00e9sio Silva \u00e9 de Arapiraca-Alagoas.\",\"sameAs\":[\"http:\\\/\\\/blogdofarnesio.com.br\",\"https:\\\/\\\/www.facebook.com\\\/?ref=tn_tnmn\",\"https:\\\/\\\/www.instagram.com\\\/?utm_source=pwa_homescreen\",\"https:\\\/\\\/youtube.com.br\\\/\"],\"url\":\"https:\\\/\\\/blogdofarnesio.com.br\\\/?author=2\"}]}<\/script>\n<!-- \/ Yoast SEO plugin. -->","yoast_head_json":{"title":"Elei\u00e7\u00f5es 2022: acompanhe o primeiro dia de campanha dos candidatos - Blog do Farn\u00e9sio","robots":{"index":"index","follow":"follow","max-snippet":"max-snippet:-1","max-image-preview":"max-image-preview:large","max-video-preview":"max-video-preview:-1"},"canonical":"https:\/\/blogdofarnesio.com.br\/?p=320482","og_locale":"pt_BR","og_type":"article","og_title":"Elei\u00e7\u00f5es 2022: acompanhe o primeiro dia de campanha dos candidatos - Blog do Farn\u00e9sio","og_description":"Presidenci\u00e1veis, candidatos ao governo do Estado e cargos do Legislativo iniciam oficialmente nesta ter\u00e7a-feira a corrida eleitoral Simone Tebet inicia campanha com representantes da cultura (Foto: Mariana Ros\u00e1rio) Tebet inicia campanha em encontro com representantes da cultura em S\u00e3o Paulo A candidata do MBD \u00e0 presid\u00eancia da Republica Simone Tebet, iniciou a campanha na casa de C\u00e2ndido Bracher, ex-presidente do Ita\u00fa Unibanco, na Zona Oeste Paulistana. A agenda se deu em uma roda de conversa conversa com esses representantes, que faziam sugest\u00f5es na \u00e1rea para a candidata, que fazia anota\u00e7\u00f5es em um bloquinho de papel. A ambientalista Teresa Bracher, mulher de C\u00e2ndido, afirmou que Tebet \u00e9 \u00fanica das candidatas sem envolvimento em esc\u00e2ndalos de corrup\u00e7\u00e3o e afirmou que h\u00e1 interesse&hellip;","og_url":"https:\/\/blogdofarnesio.com.br\/?p=320482","og_site_name":"Blog do Farn\u00e9sio","article_publisher":"https:\/\/www.facebook.com\/BlogQuerSaberPolitica\/","article_author":"https:\/\/www.facebook.com\/?ref=tn_tnmn","article_published_time":"2022-08-16T18:03:22+00:00","og_image":[{"width":380,"height":280,"url":"https:\/\/blogdofarnesio.com.br\/wp-content\/uploads\/2022\/07\/blogqsplula-bolson-ciro.jpg","type":"image\/jpeg"}],"author":"Farn\u00e9sio","twitter_card":"summary_large_image","twitter_misc":{"Escrito por":"Farn\u00e9sio","Est. tempo de leitura":"6 minutos"},"schema":{"@context":"https:\/\/schema.org","@graph":[{"@type":"Article","@id":"https:\/\/blogdofarnesio.com.br\/?p=320482#article","isPartOf":{"@id":"https:\/\/blogdofarnesio.com.br\/?p=320482"},"author":{"name":"Farn\u00e9sio","@id":"https:\/\/blogdofarnesio.com.br\/#\/schema\/person\/bb9b23ae3ad0609ce8df7b6c9e76824d"},"headline":"Elei\u00e7\u00f5es 2022: acompanhe o primeiro dia de campanha dos candidatos","datePublished":"2022-08-16T18:03:22+00:00","mainEntityOfPage":{"@id":"https:\/\/blogdofarnesio.com.br\/?p=320482"},"wordCount":966,"commentCount":0,"publisher":{"@id":"https:\/\/blogdofarnesio.com.br\/#organization"},"image":{"@id":"https:\/\/blogdofarnesio.com.br\/?p=320482#primaryimage"},"thumbnailUrl":"https:\/\/blogdofarnesio.com.br\/wp-content\/uploads\/2022\/07\/blogqsplula-bolson-ciro.jpg","articleSection":["Elei\u00e7\u00f5es"],"inLanguage":"pt-BR","potentialAction":[{"@type":"CommentAction","name":"Comment","target":["https:\/\/blogdofarnesio.com.br\/?p=320482#respond"]}]},{"@type":"WebPage","@id":"https:\/\/blogdofarnesio.com.br\/?p=320482","url":"https:\/\/blogdofarnesio.com.br\/?p=320482","name":"Elei\u00e7\u00f5es 2022: acompanhe o primeiro dia de campanha dos candidatos - Blog do Farn\u00e9sio","isPartOf":{"@id":"https:\/\/blogdofarnesio.com.br\/#website"},"primaryImageOfPage":{"@id":"https:\/\/blogdofarnesio.com.br\/?p=320482#primaryimage"},"image":{"@id":"https:\/\/blogdofarnesio.com.br\/?p=320482#primaryimage"},"thumbnailUrl":"https:\/\/blogdofarnesio.com.br\/wp-content\/uploads\/2022\/07\/blogqsplula-bolson-ciro.jpg","datePublished":"2022-08-16T18:03:22+00:00","breadcrumb":{"@id":"https:\/\/blogdofarnesio.com.br\/?p=320482#breadcrumb"},"inLanguage":"pt-BR","potentialAction":[{"@type":"ReadAction","target":["https:\/\/blogdofarnesio.com.br\/?p=320482"]}]},{"@type":"ImageObject","inLanguage":"pt-BR","@id":"https:\/\/blogdofarnesio.com.br\/?p=320482#primaryimage","url":"https:\/\/blogdofarnesio.com.br\/wp-content\/uploads\/2022\/07\/blogqsplula-bolson-ciro.jpg","contentUrl":"https:\/\/blogdofarnesio.com.br\/wp-content\/uploads\/2022\/07\/blogqsplula-bolson-ciro.jpg","width":380,"height":280,"caption":"Foto: PT\/Reprodu\u00e7\u00e3o; Ag\u00eancia Brasil\/Reprodu\u00e7\u00e3o; Redes Sociais\/Reprodu\u00e7\u00e3o"},{"@type":"BreadcrumbList","@id":"https:\/\/blogdofarnesio.com.br\/?p=320482#breadcrumb","itemListElement":[{"@type":"ListItem","position":1,"name":"In\u00edcio","item":"https:\/\/blogdofarnesio.com.br\/"},{"@type":"ListItem","position":2,"name":"Elei\u00e7\u00f5es 2022: acompanhe o primeiro dia de campanha dos candidatos"}]},{"@type":"WebSite","@id":"https:\/\/blogdofarnesio.com.br\/#website","url":"https:\/\/blogdofarnesio.com.br\/","name":"Blog do Farn\u00e9sio","description":"Quer Saber Pol\u00edtica?","publisher":{"@id":"https:\/\/blogdofarnesio.com.br\/#organization"},"potentialAction":[{"@type":"SearchAction","target":{"@type":"EntryPoint","urlTemplate":"https:\/\/blogdofarnesio.com.br\/?s={search_term_string}"},"query-input":{"@type":"PropertyValueSpecification","valueRequired":true,"valueName":"search_term_string"}}],"inLanguage":"pt-BR"},{"@type":"Organization","@id":"https:\/\/blogdofarnesio.com.br\/#organization","name":"Blog do Farn\u00e9sio","url":"https:\/\/blogdofarnesio.com.br\/","logo":{"@type":"ImageObject","inLanguage":"pt-BR","@id":"https:\/\/blogdofarnesio.com.br\/#\/schema\/logo\/image\/","url":"https:\/\/blogdofarnesio.com.br\/wp-content\/uploads\/2026\/03\/cropped-logo_new-1.png","contentUrl":"https:\/\/blogdofarnesio.com.br\/wp-content\/uploads\/2026\/03\/cropped-logo_new-1.png","width":881,"height":685,"caption":"Blog do Farn\u00e9sio"},"image":{"@id":"https:\/\/blogdofarnesio.com.br\/#\/schema\/logo\/image\/"},"sameAs":["https:\/\/www.facebook.com\/BlogQuerSaberPolitica\/"]},{"@type":"Person","@id":"https:\/\/blogdofarnesio.com.br\/#\/schema\/person\/bb9b23ae3ad0609ce8df7b6c9e76824d","name":"Farn\u00e9sio","image":{"@type":"ImageObject","inLanguage":"pt-BR","@id":"https:\/\/secure.gravatar.com\/avatar\/986aa4c61ccdb66f8555bf88fc2a65609d00bcabd4d2d94377a727547345cbca?s=96&d=mm&r=g","url":"https:\/\/secure.gravatar.com\/avatar\/986aa4c61ccdb66f8555bf88fc2a65609d00bcabd4d2d94377a727547345cbca?s=96&d=mm&r=g","contentUrl":"https:\/\/secure.gravatar.com\/avatar\/986aa4c61ccdb66f8555bf88fc2a65609d00bcabd4d2d94377a727547345cbca?s=96&d=mm&r=g","caption":"Farn\u00e9sio"},"description":"Radialista blogueiro, chegou a Petrolina\/Juazeiro em setembro de 1980, Farn\u00e9sio Silva \u00e9 de Arapiraca-Alagoas.","sameAs":["http:\/\/blogdofarnesio.com.br","https:\/\/www.facebook.com\/?ref=tn_tnmn","https:\/\/www.instagram.com\/?utm_source=pwa_homescreen","https:\/\/youtube.com.br\/"],"url":"https:\/\/blogdofarnesio.com.br\/?author=2"}]}},"_links":{"self":[{"href":"https:\/\/blogdofarnesio.com.br\/index.php?rest_route=\/wp\/v2\/posts\/320482","targetHints":{"allow":["GET"]}}],"collection":[{"href":"https:\/\/blogdofarnesio.com.br\/index.php?rest_route=\/wp\/v2\/posts"}],"about":[{"href":"https:\/\/blogdofarnesio.com.br\/index.php?rest_route=\/wp\/v2\/types\/post"}],"author":[{"embeddable":true,"href":"https:\/\/blogdofarnesio.com.br\/index.php?rest_route=\/wp\/v2\/users\/2"}],"replies":[{"embeddable":true,"href":"https:\/\/blogdofarnesio.com.br\/index.php?rest_route=%2Fwp%2Fv2%2Fcomments&post=320482"}],"version-history":[{"count":0,"href":"https:\/\/blogdofarnesio.com.br\/index.php?rest_route=\/wp\/v2\/posts\/320482\/revisions"}],"wp:featuredmedia":[{"embeddable":true,"href":"https:\/\/blogdofarnesio.com.br\/index.php?rest_route=\/wp\/v2\/media\/318181"}],"wp:attachment":[{"href":"https:\/\/blogdofarnesio.com.br\/index.php?rest_route=%2Fwp%2Fv2%2Fmedia&parent=320482"}],"wp:term":[{"taxonomy":"category","embeddable":true,"href":"https:\/\/blogdofarnesio.com.br\/index.php?rest_route=%2Fwp%2Fv2%2Fcategories&post=320482"},{"taxonomy":"post_tag","embeddable":true,"href":"https:\/\/blogdofarnesio.com.br\/index.php?rest_route=%2Fwp%2Fv2%2Ftags&post=320482"}],"curies":[{"name":"wp","href":"https:\/\/api.w.org\/{rel}","templated":true}]}}