{"id":319521,"date":"2022-08-04T11:44:56","date_gmt":"2022-08-04T14:44:56","guid":{"rendered":"https:\/\/blogdofarnesio.com.br\/?p=319521"},"modified":"2022-08-04T09:11:41","modified_gmt":"2022-08-04T12:11:41","slug":"mec-prorroga-ate-amanha-prazo-de-inscricoes-do-prouni-apos-falhas-no-sistema","status":"publish","type":"post","link":"https:\/\/blogdofarnesio.com.br\/?p=319521","title":{"rendered":"MEC prorroga at\u00e9 amanh\u00e3, prazo de inscri\u00e7\u00f5es do Prouni ap\u00f3s falhas no sistema"},"content":{"rendered":"<div class=\"box-title\">\n<p>por Paulo Salda\u00f1a | Folhapress &#8211;<\/p>\n<\/div>\n<div class=\"box-body\" data-io-article-url=\"https:\/\/www.bahianoticias.com.br\/\">\n<div class=\"text-descricao\">\n<p>O MEC (Minist\u00e9rio da Educa\u00e7\u00e3o) prorrogou o prazo de inscri\u00e7\u00f5es no ProUni (Programa Universidade para Todos) ap\u00f3s falhas no site de cadastro. O sistema seria encerrado nesta quinta-feira (4), mas ser\u00e1 estendido at\u00e9 sexta (5).<br \/>\nCandidatos se queixam nas redes sociais desde ter\u00e7a-feira (2) sobre problemas no processo de inscri\u00e7\u00e3o. De acordo com os relatos, o sistema tem sumido com vagas antes anunciadas e n\u00e3o apresentava a nota de corte parcial para cada curso.<br \/>\nEssa classifica\u00e7\u00e3o parcial serve como par\u00e2metro para os candidatos identificarem se seus desempenhos no Enem s\u00e3o suficientes para conquistar a bolsa. H\u00e1 possibilidade de mudar de curso e institui\u00e7\u00e3o dentro do per\u00edodo de inscri\u00e7\u00e3o.<br \/>\nEm nota, a pasta afirma que o sistema de ranqueamento estar\u00e1 dispon\u00edvel ainda nesta quarta (3).<br \/>\n&#8220;Ressaltamos ainda que, para garantir o direito de que todos os estudantes tenham a oportunidade de participar do programa, o MEC prorrogar\u00e1 o prazo de inscri\u00e7\u00f5es do Prouni at\u00e9 sexta-feira (5)&#8221;, diz a nota.<br \/>\n&#8220;Os estudantes est\u00e3o atirando no escuro, o que atrapalha diretamente a possibilidade de milhares terem acesso \u00e0 sua vaga no ensino superior&#8221;, publicou a Ubes (Uni\u00e3o Brasileira dos Estudantes Secundaristas). &#8220;O mais grave \u00e9 que as vagas est\u00e3o &#8216;sumindo&#8217;. Exigimos respostas imediatamente!&#8221;<br \/>\nNo caso do sumi\u00e7o de vagas, candidatos divulgaram o exemplo do curso de medicina na Unifeso (Centro Universit\u00e1rio Serra dos \u00d3rg\u00e3o), em Teres\u00f3polis (RJ), que iniciou o processo de inscri\u00e7\u00e3o com a oferta de 61 vagas mas na manh\u00e3 desta quarta apareceu com 50.<br \/>\nA pasta foi questionada mas n\u00e3o deu informa\u00e7\u00f5es sobre altera\u00e7\u00f5es no n\u00famero de vagas.<br \/>\nO processo seletivo do ProUni aberto neste momento \u00e9 voltado para ingresso no 2\u00ba semestre deste ano. Como em todas edi\u00e7\u00f5es, o candidato que quer participar precisa ter feito Enem, com nota m\u00ednima de 450 pontos nas cinco provas do exame, e nota da reda\u00e7\u00e3o superior a zero.<br \/>\nO ProUni oferece bolsas de 50% e 100% para institui\u00e7\u00f5es privadas de ensino superior. O programa \u00e9 voltado para alunos da rede p\u00fablica, mas a partir deste ano passou a valer nova regra criada no governo Jair Bolsonaro (PL) que possibilita o acesso de estudantes de escolas privadas a vagas n\u00e3o preenchidas.<br \/>\nPessoas com defici\u00eancia, pretos, pardos e ind\u00edgenas t\u00eam a op\u00e7\u00e3o de concorrer \u00e0s vagas destinadas \u00e0s pol\u00edticas afirmativas.<br \/>\nNa hora da inscri\u00e7\u00e3o, os candidatos podem selecionar duas institui\u00e7\u00f5es para concorrer, bem como dois cursos e dois turnos. As op\u00e7\u00f5es devem ser por ordem de prefer\u00eancia e os estudantes podem fazer altera\u00e7\u00f5es a qualquer momento durante o prazo de inscri\u00e7\u00e3o.<br \/>\nSer\u00e1 considerada v\u00e1lida a \u00faltima op\u00e7\u00e3o confirmada na p\u00e1gina do candidato quando o per\u00edodo de inscri\u00e7\u00e3o chegar ao fim.<br \/>\nVEJA O CRONOGRAMA DO PROUNI<br \/>\nInscri\u00e7\u00e3o: 1\u00ba a 5 de agosto<br \/>\nResultado da 1\u00aa chamada: 8 de agosto<br \/>\nComprova\u00e7\u00e3o de informa\u00e7\u00f5es da 1\u00aa chamada: 8 a 17 de agosto<br \/>\nResultado da 2\u00aa chamada: 22 de agosto<br \/>\nComprova\u00e7\u00e3o de informa\u00e7\u00f5es da 2\u00aa chamada: 22 de agosto a 31 de setembro<br \/>\nPrazo para lista de espera: 5 e 6 de setembro<br \/>\nDivulga\u00e7\u00e3o da lista de espera: 9 de setembro<br \/>\nComprova\u00e7\u00e3o de informa\u00e7\u00f5es da lista de espera: 10 a 16 de setembro<\/p>\n<\/div>\n<\/div>\n","protected":false},"excerpt":{"rendered":"<p>por Paulo Salda\u00f1a | Folhapress &#8211; O MEC (Minist\u00e9rio da Educa\u00e7\u00e3o) prorrogou o prazo de inscri\u00e7\u00f5es no ProUni (Programa Universidade para Todos) ap\u00f3s falhas no site de cadastro. O sistema seria encerrado nesta quinta-feira (4), mas ser\u00e1 estendido at\u00e9 sexta (5). Candidatos se queixam nas redes sociais desde ter\u00e7a-feira (2) sobre problemas no processo de inscri\u00e7\u00e3o. De acordo com os relatos, o sistema tem sumido com vagas antes anunciadas e n\u00e3o apresentava a nota de corte parcial para cada curso. Essa classifica\u00e7\u00e3o parcial serve como par\u00e2metro para os candidatos identificarem se seus desempenhos no Enem s\u00e3o suficientes para conquistar a bolsa. H\u00e1 possibilidade de mudar de curso e institui\u00e7\u00e3o dentro do per\u00edodo de inscri\u00e7\u00e3o. Em nota, a pasta afirma que&hellip; <\/p>\n","protected":false},"author":2,"featured_media":168839,"comment_status":"open","ping_status":"open","sticky":false,"template":"","format":"standard","meta":{"_acf_changed":false,"footnotes":""},"categories":[6],"tags":[],"class_list":["post-319521","post","type-post","status-publish","format-standard","has-post-thumbnail","hentry","category-educacao"],"acf":[],"yoast_head":"<!-- This site is optimized with the Yoast SEO plugin v27.4 - https:\/\/yoast.com\/product\/yoast-seo-wordpress\/ -->\n<title>MEC prorroga at\u00e9 amanh\u00e3, prazo de inscri\u00e7\u00f5es do Prouni ap\u00f3s falhas no sistema - Blog do Farn\u00e9sio<\/title>\n<meta name=\"robots\" content=\"index, follow, max-snippet:-1, max-image-preview:large, max-video-preview:-1\" \/>\n<link rel=\"canonical\" href=\"https:\/\/blogdofarnesio.com.br\/?p=319521\" \/>\n<meta property=\"og:locale\" content=\"pt_BR\" \/>\n<meta property=\"og:type\" content=\"article\" \/>\n<meta property=\"og:title\" content=\"MEC prorroga at\u00e9 amanh\u00e3, prazo de inscri\u00e7\u00f5es do Prouni ap\u00f3s falhas no sistema - Blog do Farn\u00e9sio\" \/>\n<meta property=\"og:description\" content=\"por Paulo Salda\u00f1a | Folhapress &#8211; O MEC (Minist\u00e9rio da Educa\u00e7\u00e3o) prorrogou o prazo de inscri\u00e7\u00f5es no ProUni (Programa Universidade para Todos) ap\u00f3s falhas no site de cadastro. O sistema seria encerrado nesta quinta-feira (4), mas ser\u00e1 estendido at\u00e9 sexta (5). Candidatos se queixam nas redes sociais desde ter\u00e7a-feira (2) sobre problemas no processo de inscri\u00e7\u00e3o. De acordo com os relatos, o sistema tem sumido com vagas antes anunciadas e n\u00e3o apresentava a nota de corte parcial para cada curso. Essa classifica\u00e7\u00e3o parcial serve como par\u00e2metro para os candidatos identificarem se seus desempenhos no Enem s\u00e3o suficientes para conquistar a bolsa. H\u00e1 possibilidade de mudar de curso e institui\u00e7\u00e3o dentro do per\u00edodo de inscri\u00e7\u00e3o. Em nota, a pasta afirma que&hellip;\" \/>\n<meta property=\"og:url\" content=\"https:\/\/blogdofarnesio.com.br\/?p=319521\" \/>\n<meta property=\"og:site_name\" content=\"Blog do Farn\u00e9sio\" \/>\n<meta property=\"article:publisher\" content=\"https:\/\/www.facebook.com\/BlogQuerSaberPolitica\/\" \/>\n<meta property=\"article:author\" content=\"https:\/\/www.facebook.com\/?ref=tn_tnmn\" \/>\n<meta property=\"article:published_time\" content=\"2022-08-04T14:44:56+00:00\" \/>\n<meta property=\"og:image\" content=\"https:\/\/blogdofarnesio.com.br\/wp-content\/uploads\/2017\/06\/Blogqspprounii.jpg\" \/>\n\t<meta property=\"og:image:width\" content=\"380\" \/>\n\t<meta property=\"og:image:height\" content=\"280\" \/>\n\t<meta property=\"og:image:type\" content=\"image\/jpeg\" \/>\n<meta name=\"author\" content=\"Farn\u00e9sio\" \/>\n<meta name=\"twitter:card\" content=\"summary_large_image\" \/>\n<meta name=\"twitter:label1\" content=\"Escrito por\" \/>\n\t<meta name=\"twitter:data1\" content=\"Farn\u00e9sio\" \/>\n\t<meta name=\"twitter:label2\" content=\"Est. tempo de leitura\" \/>\n\t<meta name=\"twitter:data2\" content=\"3 minutos\" \/>\n<script type=\"application\/ld+json\" class=\"yoast-schema-graph\">{\"@context\":\"https:\\\/\\\/schema.org\",\"@graph\":[{\"@type\":\"Article\",\"@id\":\"https:\\\/\\\/blogdofarnesio.com.br\\\/?p=319521#article\",\"isPartOf\":{\"@id\":\"https:\\\/\\\/blogdofarnesio.com.br\\\/?p=319521\"},\"author\":{\"name\":\"Farn\u00e9sio\",\"@id\":\"https:\\\/\\\/blogdofarnesio.com.br\\\/#\\\/schema\\\/person\\\/bb9b23ae3ad0609ce8df7b6c9e76824d\"},\"headline\":\"MEC prorroga at\u00e9 amanh\u00e3, prazo de inscri\u00e7\u00f5es do Prouni ap\u00f3s falhas no sistema\",\"datePublished\":\"2022-08-04T14:44:56+00:00\",\"mainEntityOfPage\":{\"@id\":\"https:\\\/\\\/blogdofarnesio.com.br\\\/?p=319521\"},\"wordCount\":561,\"commentCount\":0,\"publisher\":{\"@id\":\"https:\\\/\\\/blogdofarnesio.com.br\\\/#organization\"},\"image\":{\"@id\":\"https:\\\/\\\/blogdofarnesio.com.br\\\/?p=319521#primaryimage\"},\"thumbnailUrl\":\"https:\\\/\\\/blogdofarnesio.com.br\\\/wp-content\\\/uploads\\\/2017\\\/06\\\/Blogqspprounii.jpg\",\"articleSection\":[\"Educa\u00e7\u00e3o\"],\"inLanguage\":\"pt-BR\",\"potentialAction\":[{\"@type\":\"CommentAction\",\"name\":\"Comment\",\"target\":[\"https:\\\/\\\/blogdofarnesio.com.br\\\/?p=319521#respond\"]}]},{\"@type\":\"WebPage\",\"@id\":\"https:\\\/\\\/blogdofarnesio.com.br\\\/?p=319521\",\"url\":\"https:\\\/\\\/blogdofarnesio.com.br\\\/?p=319521\",\"name\":\"MEC prorroga at\u00e9 amanh\u00e3, prazo de inscri\u00e7\u00f5es do Prouni ap\u00f3s falhas no sistema - Blog do Farn\u00e9sio\",\"isPartOf\":{\"@id\":\"https:\\\/\\\/blogdofarnesio.com.br\\\/#website\"},\"primaryImageOfPage\":{\"@id\":\"https:\\\/\\\/blogdofarnesio.com.br\\\/?p=319521#primaryimage\"},\"image\":{\"@id\":\"https:\\\/\\\/blogdofarnesio.com.br\\\/?p=319521#primaryimage\"},\"thumbnailUrl\":\"https:\\\/\\\/blogdofarnesio.com.br\\\/wp-content\\\/uploads\\\/2017\\\/06\\\/Blogqspprounii.jpg\",\"datePublished\":\"2022-08-04T14:44:56+00:00\",\"breadcrumb\":{\"@id\":\"https:\\\/\\\/blogdofarnesio.com.br\\\/?p=319521#breadcrumb\"},\"inLanguage\":\"pt-BR\",\"potentialAction\":[{\"@type\":\"ReadAction\",\"target\":[\"https:\\\/\\\/blogdofarnesio.com.br\\\/?p=319521\"]}]},{\"@type\":\"ImageObject\",\"inLanguage\":\"pt-BR\",\"@id\":\"https:\\\/\\\/blogdofarnesio.com.br\\\/?p=319521#primaryimage\",\"url\":\"https:\\\/\\\/blogdofarnesio.com.br\\\/wp-content\\\/uploads\\\/2017\\\/06\\\/Blogqspprounii.jpg\",\"contentUrl\":\"https:\\\/\\\/blogdofarnesio.com.br\\\/wp-content\\\/uploads\\\/2017\\\/06\\\/Blogqspprounii.jpg\",\"width\":380,\"height\":280},{\"@type\":\"BreadcrumbList\",\"@id\":\"https:\\\/\\\/blogdofarnesio.com.br\\\/?p=319521#breadcrumb\",\"itemListElement\":[{\"@type\":\"ListItem\",\"position\":1,\"name\":\"In\u00edcio\",\"item\":\"https:\\\/\\\/blogdofarnesio.com.br\\\/\"},{\"@type\":\"ListItem\",\"position\":2,\"name\":\"MEC prorroga at\u00e9 amanh\u00e3, prazo de inscri\u00e7\u00f5es do Prouni ap\u00f3s falhas no sistema\"}]},{\"@type\":\"WebSite\",\"@id\":\"https:\\\/\\\/blogdofarnesio.com.br\\\/#website\",\"url\":\"https:\\\/\\\/blogdofarnesio.com.br\\\/\",\"name\":\"Blog do Farn\u00e9sio\",\"description\":\"Quer Saber Pol\u00edtica?\",\"publisher\":{\"@id\":\"https:\\\/\\\/blogdofarnesio.com.br\\\/#organization\"},\"potentialAction\":[{\"@type\":\"SearchAction\",\"target\":{\"@type\":\"EntryPoint\",\"urlTemplate\":\"https:\\\/\\\/blogdofarnesio.com.br\\\/?s={search_term_string}\"},\"query-input\":{\"@type\":\"PropertyValueSpecification\",\"valueRequired\":true,\"valueName\":\"search_term_string\"}}],\"inLanguage\":\"pt-BR\"},{\"@type\":\"Organization\",\"@id\":\"https:\\\/\\\/blogdofarnesio.com.br\\\/#organization\",\"name\":\"Blog do Farn\u00e9sio\",\"url\":\"https:\\\/\\\/blogdofarnesio.com.br\\\/\",\"logo\":{\"@type\":\"ImageObject\",\"inLanguage\":\"pt-BR\",\"@id\":\"https:\\\/\\\/blogdofarnesio.com.br\\\/#\\\/schema\\\/logo\\\/image\\\/\",\"url\":\"https:\\\/\\\/blogdofarnesio.com.br\\\/wp-content\\\/uploads\\\/2026\\\/03\\\/cropped-logo_new-1.png\",\"contentUrl\":\"https:\\\/\\\/blogdofarnesio.com.br\\\/wp-content\\\/uploads\\\/2026\\\/03\\\/cropped-logo_new-1.png\",\"width\":881,\"height\":685,\"caption\":\"Blog do Farn\u00e9sio\"},\"image\":{\"@id\":\"https:\\\/\\\/blogdofarnesio.com.br\\\/#\\\/schema\\\/logo\\\/image\\\/\"},\"sameAs\":[\"https:\\\/\\\/www.facebook.com\\\/BlogQuerSaberPolitica\\\/\"]},{\"@type\":\"Person\",\"@id\":\"https:\\\/\\\/blogdofarnesio.com.br\\\/#\\\/schema\\\/person\\\/bb9b23ae3ad0609ce8df7b6c9e76824d\",\"name\":\"Farn\u00e9sio\",\"image\":{\"@type\":\"ImageObject\",\"inLanguage\":\"pt-BR\",\"@id\":\"https:\\\/\\\/secure.gravatar.com\\\/avatar\\\/986aa4c61ccdb66f8555bf88fc2a65609d00bcabd4d2d94377a727547345cbca?s=96&d=mm&r=g\",\"url\":\"https:\\\/\\\/secure.gravatar.com\\\/avatar\\\/986aa4c61ccdb66f8555bf88fc2a65609d00bcabd4d2d94377a727547345cbca?s=96&d=mm&r=g\",\"contentUrl\":\"https:\\\/\\\/secure.gravatar.com\\\/avatar\\\/986aa4c61ccdb66f8555bf88fc2a65609d00bcabd4d2d94377a727547345cbca?s=96&d=mm&r=g\",\"caption\":\"Farn\u00e9sio\"},\"description\":\"Radialista blogueiro, chegou a Petrolina\\\/Juazeiro em setembro de 1980, Farn\u00e9sio Silva \u00e9 de Arapiraca-Alagoas.\",\"sameAs\":[\"http:\\\/\\\/blogdofarnesio.com.br\",\"https:\\\/\\\/www.facebook.com\\\/?ref=tn_tnmn\",\"https:\\\/\\\/www.instagram.com\\\/?utm_source=pwa_homescreen\",\"https:\\\/\\\/youtube.com.br\\\/\"],\"url\":\"https:\\\/\\\/blogdofarnesio.com.br\\\/?author=2\"}]}<\/script>\n<!-- \/ Yoast SEO plugin. -->","yoast_head_json":{"title":"MEC prorroga at\u00e9 amanh\u00e3, prazo de inscri\u00e7\u00f5es do Prouni ap\u00f3s falhas no sistema - Blog do Farn\u00e9sio","robots":{"index":"index","follow":"follow","max-snippet":"max-snippet:-1","max-image-preview":"max-image-preview:large","max-video-preview":"max-video-preview:-1"},"canonical":"https:\/\/blogdofarnesio.com.br\/?p=319521","og_locale":"pt_BR","og_type":"article","og_title":"MEC prorroga at\u00e9 amanh\u00e3, prazo de inscri\u00e7\u00f5es do Prouni ap\u00f3s falhas no sistema - Blog do Farn\u00e9sio","og_description":"por Paulo Salda\u00f1a | Folhapress &#8211; O MEC (Minist\u00e9rio da Educa\u00e7\u00e3o) prorrogou o prazo de inscri\u00e7\u00f5es no ProUni (Programa Universidade para Todos) ap\u00f3s falhas no site de cadastro. O sistema seria encerrado nesta quinta-feira (4), mas ser\u00e1 estendido at\u00e9 sexta (5). Candidatos se queixam nas redes sociais desde ter\u00e7a-feira (2) sobre problemas no processo de inscri\u00e7\u00e3o. De acordo com os relatos, o sistema tem sumido com vagas antes anunciadas e n\u00e3o apresentava a nota de corte parcial para cada curso. Essa classifica\u00e7\u00e3o parcial serve como par\u00e2metro para os candidatos identificarem se seus desempenhos no Enem s\u00e3o suficientes para conquistar a bolsa. H\u00e1 possibilidade de mudar de curso e institui\u00e7\u00e3o dentro do per\u00edodo de inscri\u00e7\u00e3o. Em nota, a pasta afirma que&hellip;","og_url":"https:\/\/blogdofarnesio.com.br\/?p=319521","og_site_name":"Blog do Farn\u00e9sio","article_publisher":"https:\/\/www.facebook.com\/BlogQuerSaberPolitica\/","article_author":"https:\/\/www.facebook.com\/?ref=tn_tnmn","article_published_time":"2022-08-04T14:44:56+00:00","og_image":[{"width":380,"height":280,"url":"https:\/\/blogdofarnesio.com.br\/wp-content\/uploads\/2017\/06\/Blogqspprounii.jpg","type":"image\/jpeg"}],"author":"Farn\u00e9sio","twitter_card":"summary_large_image","twitter_misc":{"Escrito por":"Farn\u00e9sio","Est. tempo de leitura":"3 minutos"},"schema":{"@context":"https:\/\/schema.org","@graph":[{"@type":"Article","@id":"https:\/\/blogdofarnesio.com.br\/?p=319521#article","isPartOf":{"@id":"https:\/\/blogdofarnesio.com.br\/?p=319521"},"author":{"name":"Farn\u00e9sio","@id":"https:\/\/blogdofarnesio.com.br\/#\/schema\/person\/bb9b23ae3ad0609ce8df7b6c9e76824d"},"headline":"MEC prorroga at\u00e9 amanh\u00e3, prazo de inscri\u00e7\u00f5es do Prouni ap\u00f3s falhas no sistema","datePublished":"2022-08-04T14:44:56+00:00","mainEntityOfPage":{"@id":"https:\/\/blogdofarnesio.com.br\/?p=319521"},"wordCount":561,"commentCount":0,"publisher":{"@id":"https:\/\/blogdofarnesio.com.br\/#organization"},"image":{"@id":"https:\/\/blogdofarnesio.com.br\/?p=319521#primaryimage"},"thumbnailUrl":"https:\/\/blogdofarnesio.com.br\/wp-content\/uploads\/2017\/06\/Blogqspprounii.jpg","articleSection":["Educa\u00e7\u00e3o"],"inLanguage":"pt-BR","potentialAction":[{"@type":"CommentAction","name":"Comment","target":["https:\/\/blogdofarnesio.com.br\/?p=319521#respond"]}]},{"@type":"WebPage","@id":"https:\/\/blogdofarnesio.com.br\/?p=319521","url":"https:\/\/blogdofarnesio.com.br\/?p=319521","name":"MEC prorroga at\u00e9 amanh\u00e3, prazo de inscri\u00e7\u00f5es do Prouni ap\u00f3s falhas no sistema - Blog do Farn\u00e9sio","isPartOf":{"@id":"https:\/\/blogdofarnesio.com.br\/#website"},"primaryImageOfPage":{"@id":"https:\/\/blogdofarnesio.com.br\/?p=319521#primaryimage"},"image":{"@id":"https:\/\/blogdofarnesio.com.br\/?p=319521#primaryimage"},"thumbnailUrl":"https:\/\/blogdofarnesio.com.br\/wp-content\/uploads\/2017\/06\/Blogqspprounii.jpg","datePublished":"2022-08-04T14:44:56+00:00","breadcrumb":{"@id":"https:\/\/blogdofarnesio.com.br\/?p=319521#breadcrumb"},"inLanguage":"pt-BR","potentialAction":[{"@type":"ReadAction","target":["https:\/\/blogdofarnesio.com.br\/?p=319521"]}]},{"@type":"ImageObject","inLanguage":"pt-BR","@id":"https:\/\/blogdofarnesio.com.br\/?p=319521#primaryimage","url":"https:\/\/blogdofarnesio.com.br\/wp-content\/uploads\/2017\/06\/Blogqspprounii.jpg","contentUrl":"https:\/\/blogdofarnesio.com.br\/wp-content\/uploads\/2017\/06\/Blogqspprounii.jpg","width":380,"height":280},{"@type":"BreadcrumbList","@id":"https:\/\/blogdofarnesio.com.br\/?p=319521#breadcrumb","itemListElement":[{"@type":"ListItem","position":1,"name":"In\u00edcio","item":"https:\/\/blogdofarnesio.com.br\/"},{"@type":"ListItem","position":2,"name":"MEC prorroga at\u00e9 amanh\u00e3, prazo de inscri\u00e7\u00f5es do Prouni ap\u00f3s falhas no sistema"}]},{"@type":"WebSite","@id":"https:\/\/blogdofarnesio.com.br\/#website","url":"https:\/\/blogdofarnesio.com.br\/","name":"Blog do Farn\u00e9sio","description":"Quer Saber Pol\u00edtica?","publisher":{"@id":"https:\/\/blogdofarnesio.com.br\/#organization"},"potentialAction":[{"@type":"SearchAction","target":{"@type":"EntryPoint","urlTemplate":"https:\/\/blogdofarnesio.com.br\/?s={search_term_string}"},"query-input":{"@type":"PropertyValueSpecification","valueRequired":true,"valueName":"search_term_string"}}],"inLanguage":"pt-BR"},{"@type":"Organization","@id":"https:\/\/blogdofarnesio.com.br\/#organization","name":"Blog do Farn\u00e9sio","url":"https:\/\/blogdofarnesio.com.br\/","logo":{"@type":"ImageObject","inLanguage":"pt-BR","@id":"https:\/\/blogdofarnesio.com.br\/#\/schema\/logo\/image\/","url":"https:\/\/blogdofarnesio.com.br\/wp-content\/uploads\/2026\/03\/cropped-logo_new-1.png","contentUrl":"https:\/\/blogdofarnesio.com.br\/wp-content\/uploads\/2026\/03\/cropped-logo_new-1.png","width":881,"height":685,"caption":"Blog do Farn\u00e9sio"},"image":{"@id":"https:\/\/blogdofarnesio.com.br\/#\/schema\/logo\/image\/"},"sameAs":["https:\/\/www.facebook.com\/BlogQuerSaberPolitica\/"]},{"@type":"Person","@id":"https:\/\/blogdofarnesio.com.br\/#\/schema\/person\/bb9b23ae3ad0609ce8df7b6c9e76824d","name":"Farn\u00e9sio","image":{"@type":"ImageObject","inLanguage":"pt-BR","@id":"https:\/\/secure.gravatar.com\/avatar\/986aa4c61ccdb66f8555bf88fc2a65609d00bcabd4d2d94377a727547345cbca?s=96&d=mm&r=g","url":"https:\/\/secure.gravatar.com\/avatar\/986aa4c61ccdb66f8555bf88fc2a65609d00bcabd4d2d94377a727547345cbca?s=96&d=mm&r=g","contentUrl":"https:\/\/secure.gravatar.com\/avatar\/986aa4c61ccdb66f8555bf88fc2a65609d00bcabd4d2d94377a727547345cbca?s=96&d=mm&r=g","caption":"Farn\u00e9sio"},"description":"Radialista blogueiro, chegou a Petrolina\/Juazeiro em setembro de 1980, Farn\u00e9sio Silva \u00e9 de Arapiraca-Alagoas.","sameAs":["http:\/\/blogdofarnesio.com.br","https:\/\/www.facebook.com\/?ref=tn_tnmn","https:\/\/www.instagram.com\/?utm_source=pwa_homescreen","https:\/\/youtube.com.br\/"],"url":"https:\/\/blogdofarnesio.com.br\/?author=2"}]}},"_links":{"self":[{"href":"https:\/\/blogdofarnesio.com.br\/index.php?rest_route=\/wp\/v2\/posts\/319521","targetHints":{"allow":["GET"]}}],"collection":[{"href":"https:\/\/blogdofarnesio.com.br\/index.php?rest_route=\/wp\/v2\/posts"}],"about":[{"href":"https:\/\/blogdofarnesio.com.br\/index.php?rest_route=\/wp\/v2\/types\/post"}],"author":[{"embeddable":true,"href":"https:\/\/blogdofarnesio.com.br\/index.php?rest_route=\/wp\/v2\/users\/2"}],"replies":[{"embeddable":true,"href":"https:\/\/blogdofarnesio.com.br\/index.php?rest_route=%2Fwp%2Fv2%2Fcomments&post=319521"}],"version-history":[{"count":0,"href":"https:\/\/blogdofarnesio.com.br\/index.php?rest_route=\/wp\/v2\/posts\/319521\/revisions"}],"wp:featuredmedia":[{"embeddable":true,"href":"https:\/\/blogdofarnesio.com.br\/index.php?rest_route=\/wp\/v2\/media\/168839"}],"wp:attachment":[{"href":"https:\/\/blogdofarnesio.com.br\/index.php?rest_route=%2Fwp%2Fv2%2Fmedia&parent=319521"}],"wp:term":[{"taxonomy":"category","embeddable":true,"href":"https:\/\/blogdofarnesio.com.br\/index.php?rest_route=%2Fwp%2Fv2%2Fcategories&post=319521"},{"taxonomy":"post_tag","embeddable":true,"href":"https:\/\/blogdofarnesio.com.br\/index.php?rest_route=%2Fwp%2Fv2%2Ftags&post=319521"}],"curies":[{"name":"wp","href":"https:\/\/api.w.org\/{rel}","templated":true}]}}