{"id":319462,"date":"2022-08-04T13:00:40","date_gmt":"2022-08-04T16:00:40","guid":{"rendered":"https:\/\/blogdofarnesio.com.br\/?p=319462"},"modified":"2022-08-04T09:24:00","modified_gmt":"2022-08-04T12:24:00","slug":"tce-disponibiliza-pre-lista-de-gestores-com-contas-irregulares","status":"publish","type":"post","link":"https:\/\/blogdofarnesio.com.br\/?p=319462","title":{"rendered":"TCE disponibiliza pr\u00e9-lista de gestores com contas irregulares"},"content":{"rendered":"<p>O Tribunal de Contas do Estado divulgou, nesta ter\u00e7a-feira (02), uma pr\u00e9-lista com os nomes dos gestores p\u00fablicos que tiveram contas julgadas irregulares nos \u00faltimos oito anos.<\/p>\n<p>Com base nos dados informados pelo TCE, a Justi\u00e7a Eleitoral vai definir quais candidatos ficar\u00e3o ineleg\u00edveis, sem poder concorrer \u00e0s elei\u00e7\u00f5es de outubro pr\u00f3ximo, seguindo os crit\u00e9rios da Lei da Ficha Limpa.<\/p>\n<p><img loading=\"lazy\" decoding=\"async\" class=\"jetpack-lazy-image jetpack-lazy-image--handled aligncenter wp-image-237309\" src=\"https:\/\/nilljunior.com.br\/wp-content\/uploads\/2022\/08\/ce-1.jpg\" sizes=\"auto, (max-width: 400px) 100vw, 400px\" srcset=\"https:\/\/nilljunior.com.br\/wp-content\/uploads\/2022\/08\/ce-1.jpg 777w, https:\/\/nilljunior.com.br\/wp-content\/uploads\/2022\/08\/ce-1-300x209.jpg 300w, https:\/\/nilljunior.com.br\/wp-content\/uploads\/2022\/08\/ce-1-768x535.jpg 768w, https:\/\/nilljunior.com.br\/wp-content\/uploads\/2022\/08\/ce-1-574x400.jpg 574w\" alt=\"\" width=\"400\" height=\"279\" data-attachment-id=\"237309\" data-permalink=\"https:\/\/nilljunior.com.br\/tce-disponibiliza-pre-lista-de-gestores-com-contas-irregulares\/ce-3\/\" data-orig-file=\"https:\/\/nilljunior.com.br\/wp-content\/uploads\/2022\/08\/ce-1.jpg\" data-orig-size=\"777,541\" data-comments-opened=\"1\" data-image-meta=\"{&quot;aperture&quot;:&quot;0&quot;,&quot;credit&quot;:&quot;&quot;,&quot;camera&quot;:&quot;&quot;,&quot;caption&quot;:&quot;&quot;,&quot;created_timestamp&quot;:&quot;0&quot;,&quot;copyright&quot;:&quot;&quot;,&quot;focal_length&quot;:&quot;0&quot;,&quot;iso&quot;:&quot;0&quot;,&quot;shutter_speed&quot;:&quot;0&quot;,&quot;title&quot;:&quot;&quot;,&quot;orientation&quot;:&quot;1&quot;}\" data-image-title=\"ce\" data-image-description=\"\" data-medium-file=\"https:\/\/nilljunior.com.br\/wp-content\/uploads\/2022\/08\/ce-1-300x209.jpg\" data-large-file=\"https:\/\/nilljunior.com.br\/wp-content\/uploads\/2022\/08\/ce-1-574x400.jpg\" data-lazy-loaded=\"1\" \/><\/p>\n<p>Na lista, est\u00e3o os nomes de pessoas cujos processos j\u00e1 transitaram em julgado, ou seja, quando n\u00e3o cabe mais recurso no Tribunal de Contas. O documento tamb\u00e9m tem o prop\u00f3sito de orientar o cidad\u00e3o na escolha dos seus candidatos no momento do voto.<\/p>\n<p>A lista definitiva com os nomes dos gestores com contas julgadas irregulares ser\u00e1 entregue posteriormente pelo presidente do TCE, Conselheiro Ranilson Ramos e a vice-presidente, conselheira Teresa Duere, ao presidente do Tribunal Regional Eleitoral, desembargador Andr\u00e9 Oliveira Guimar\u00e3es, at\u00e9 o dia 15 de agosto, conforme determina a Lei federal n\u00ba 9.504\/97, que estabelece aos Tribunais de Contas, em anos de elei\u00e7\u00e3o, o envio \u00e0 Justi\u00e7a Eleitoral dessas informa\u00e7\u00f5es.<\/p>\n<p>A disponibiliza\u00e7\u00e3o pr\u00e9via das informa\u00e7\u00f5es \u00e9 uma maneira de otimizar os processos de checagem por parte dos interessados, garantindo a eles o direito de corrigir poss\u00edveis erros, caso necess\u00e1rio. \u201cOs gestores devem verificar, durante as pr\u00f3ximas duas semanas, se seus nomes est\u00e3o inseridos na rela\u00e7\u00e3o e, encontrando alguma diverg\u00eancia, podem solicitar uma repara\u00e7\u00e3o ou orienta\u00e7\u00e3o ao Tribunal de Contas\u201d, explicou o coordenador da vice-presid\u00eancia do TCE, Gustavo Pimentel.<\/p>\n<p>Veja rela\u00e7\u00e3o de prefeitos sertanejos com contas irregulares apontados como ineleg\u00edveis pelo TCE:<\/p>\n<p>ADEILSON LUSTOSA DA SILVA -Santa Terezinha<\/p>\n<p>BARTOLOMEU TIBURTINO DE CARVALHO BARROS \u2013 Mirandiba<\/p>\n<p>CARLOS EVANDRO PEREIRA DE MENESES \u2013 \u00a0Serra Talhada<\/p>\n<p>C\u00cdCERO SIM\u00d5ES DE LIMA \u2013 \u00a0Calumbi<\/p>\n<p>DOMINGOS S\u00c1VIO DA COSTA TORRES \u00a0\u2013 Tuparetama<\/p>\n<p>EDMILSON PEREIRA DOS SANTOS \u2013 \u00a0Quixaba<\/p>\n<p>EDVAN C\u00c9SAR PESSOA DA SILVA \u2013 \u00a0Tuparetama<\/p>\n<p>EUGENIA DE SOUZA ARAUJO \u2013 Betania<\/p>\n<p>GEOVANE MARTINS \u2013 \u00a0Santa Terezinha<\/p>\n<p><strong>GUSTAVO HENRIQUE GRANJA CARIB\u00c9 \u2013 Bel\u00e9m de S\u00e3o Francisco<\/strong><\/p>\n<p>JOS\u00c9 LOPES DA SILVA SOBRINHO \u2013 Itapetim<\/p>\n<p><strong>LIC\u00cdNIO ANT\u00d4NIO LUSTOSA RORIZ \u2013 \u00a0Bel\u00e9m de S\u00e3o Francisco<\/strong><\/p>\n<p>LUIZ CARLOS GAUD\u00caNCIO DE QUEIROZ \u2013 \u00a0Custodia<\/p>\n<p>MANOEL JOS\u00c9 DA SILVA \u2013 Carnaubeira da Penha<\/p>\n<p>MARIO GOMES FLOR FILHO \u2013 \u00a0Bet\u00e2nia<\/p>\n<p>NEMIAS GON\u00c7ALVES DE LIMA \u2013 Cust\u00f3dia<\/p>\n<p>SEBASTI\u00c3O DIAS FILHO \u2013 Tabira<\/p>\n<p>WELISON JEAN MOREIRA SARAIVA \u2013 Exu<\/p>\n<p>ADIENE JOSEFA FERNANDES DE MEDEIROS \u2013 Quixaba<\/p>\n<p>ADILSON VALGUEIRO DE CARVALHO BARROS \u2013 Arcoverde<\/p>\n<p><a href=\"https:\/\/nilljunior.com.br\/wp-content\/uploads\/2022\/08\/Veja-a-lista-de-prefeitos-com-contas-rejeitadas.pdf\">Veja a lista de prefeitos com contas rejeitadas<\/a><\/p>\n<p><a href=\"https:\/\/nilljunior.com.br\/wp-content\/uploads\/2022\/08\/Veja-lista-de-gestores-com-contas-reprovadas.pdf\">Veja lista de gestores com contas reprovadas<\/a><\/p>\n<p><strong>Nill Junior<\/strong><\/p>\n","protected":false},"excerpt":{"rendered":"<p>O Tribunal de Contas do Estado divulgou, nesta ter\u00e7a-feira (02), uma pr\u00e9-lista com os nomes dos gestores p\u00fablicos que tiveram contas julgadas irregulares nos \u00faltimos oito anos. Com base nos dados informados pelo TCE, a Justi\u00e7a Eleitoral vai definir quais candidatos ficar\u00e3o ineleg\u00edveis, sem poder concorrer \u00e0s elei\u00e7\u00f5es de outubro pr\u00f3ximo, seguindo os crit\u00e9rios da Lei da Ficha Limpa. Na lista, est\u00e3o os nomes de pessoas cujos processos j\u00e1 transitaram em julgado, ou seja, quando n\u00e3o cabe mais recurso no Tribunal de Contas. O documento tamb\u00e9m tem o prop\u00f3sito de orientar o cidad\u00e3o na escolha dos seus candidatos no momento do voto. A lista definitiva com os nomes dos gestores com contas julgadas irregulares ser\u00e1 entregue posteriormente pelo presidente do&hellip; <\/p>\n","protected":false},"author":2,"featured_media":286230,"comment_status":"open","ping_status":"open","sticky":false,"template":"","format":"standard","meta":{"_acf_changed":false,"footnotes":""},"categories":[23],"tags":[],"class_list":["post-319462","post","type-post","status-publish","format-standard","has-post-thumbnail","hentry","category-justica"],"acf":[],"yoast_head":"<!-- This site is optimized with the Yoast SEO plugin v27.4 - https:\/\/yoast.com\/product\/yoast-seo-wordpress\/ -->\n<title>TCE disponibiliza pr\u00e9-lista de gestores com contas irregulares - Blog do Farn\u00e9sio<\/title>\n<meta name=\"robots\" content=\"index, follow, max-snippet:-1, max-image-preview:large, max-video-preview:-1\" \/>\n<link rel=\"canonical\" href=\"https:\/\/blogdofarnesio.com.br\/?p=319462\" \/>\n<meta property=\"og:locale\" content=\"pt_BR\" \/>\n<meta property=\"og:type\" content=\"article\" \/>\n<meta property=\"og:title\" content=\"TCE disponibiliza pr\u00e9-lista de gestores com contas irregulares - Blog do Farn\u00e9sio\" \/>\n<meta property=\"og:description\" content=\"O Tribunal de Contas do Estado divulgou, nesta ter\u00e7a-feira (02), uma pr\u00e9-lista com os nomes dos gestores p\u00fablicos que tiveram contas julgadas irregulares nos \u00faltimos oito anos. Com base nos dados informados pelo TCE, a Justi\u00e7a Eleitoral vai definir quais candidatos ficar\u00e3o ineleg\u00edveis, sem poder concorrer \u00e0s elei\u00e7\u00f5es de outubro pr\u00f3ximo, seguindo os crit\u00e9rios da Lei da Ficha Limpa. Na lista, est\u00e3o os nomes de pessoas cujos processos j\u00e1 transitaram em julgado, ou seja, quando n\u00e3o cabe mais recurso no Tribunal de Contas. O documento tamb\u00e9m tem o prop\u00f3sito de orientar o cidad\u00e3o na escolha dos seus candidatos no momento do voto. A lista definitiva com os nomes dos gestores com contas julgadas irregulares ser\u00e1 entregue posteriormente pelo presidente do&hellip;\" \/>\n<meta property=\"og:url\" content=\"https:\/\/blogdofarnesio.com.br\/?p=319462\" \/>\n<meta property=\"og:site_name\" content=\"Blog do Farn\u00e9sio\" \/>\n<meta property=\"article:publisher\" content=\"https:\/\/www.facebook.com\/BlogQuerSaberPolitica\/\" \/>\n<meta property=\"article:author\" content=\"https:\/\/www.facebook.com\/?ref=tn_tnmn\" \/>\n<meta property=\"article:published_time\" content=\"2022-08-04T16:00:40+00:00\" \/>\n<meta property=\"og:image\" content=\"https:\/\/blogdofarnesio.com.br\/wp-content\/uploads\/2021\/05\/blogqspTCE-PE.jpg\" \/>\n\t<meta property=\"og:image:width\" content=\"600\" \/>\n\t<meta property=\"og:image:height\" content=\"364\" \/>\n\t<meta property=\"og:image:type\" content=\"image\/jpeg\" \/>\n<meta name=\"author\" content=\"Farn\u00e9sio\" \/>\n<meta name=\"twitter:card\" content=\"summary_large_image\" \/>\n<meta name=\"twitter:label1\" content=\"Escrito por\" \/>\n\t<meta name=\"twitter:data1\" content=\"Farn\u00e9sio\" \/>\n\t<meta name=\"twitter:label2\" content=\"Est. tempo de leitura\" \/>\n\t<meta name=\"twitter:data2\" content=\"3 minutos\" \/>\n<script type=\"application\/ld+json\" class=\"yoast-schema-graph\">{\"@context\":\"https:\\\/\\\/schema.org\",\"@graph\":[{\"@type\":\"Article\",\"@id\":\"https:\\\/\\\/blogdofarnesio.com.br\\\/?p=319462#article\",\"isPartOf\":{\"@id\":\"https:\\\/\\\/blogdofarnesio.com.br\\\/?p=319462\"},\"author\":{\"name\":\"Farn\u00e9sio\",\"@id\":\"https:\\\/\\\/blogdofarnesio.com.br\\\/#\\\/schema\\\/person\\\/bb9b23ae3ad0609ce8df7b6c9e76824d\"},\"headline\":\"TCE disponibiliza pr\u00e9-lista de gestores com contas irregulares\",\"datePublished\":\"2022-08-04T16:00:40+00:00\",\"mainEntityOfPage\":{\"@id\":\"https:\\\/\\\/blogdofarnesio.com.br\\\/?p=319462\"},\"wordCount\":435,\"commentCount\":0,\"publisher\":{\"@id\":\"https:\\\/\\\/blogdofarnesio.com.br\\\/#organization\"},\"image\":{\"@id\":\"https:\\\/\\\/blogdofarnesio.com.br\\\/?p=319462#primaryimage\"},\"thumbnailUrl\":\"https:\\\/\\\/blogdofarnesio.com.br\\\/wp-content\\\/uploads\\\/2021\\\/05\\\/blogqspTCE-PE.jpg\",\"articleSection\":[\"Justi\u00e7a\"],\"inLanguage\":\"pt-BR\",\"potentialAction\":[{\"@type\":\"CommentAction\",\"name\":\"Comment\",\"target\":[\"https:\\\/\\\/blogdofarnesio.com.br\\\/?p=319462#respond\"]}]},{\"@type\":\"WebPage\",\"@id\":\"https:\\\/\\\/blogdofarnesio.com.br\\\/?p=319462\",\"url\":\"https:\\\/\\\/blogdofarnesio.com.br\\\/?p=319462\",\"name\":\"TCE disponibiliza pr\u00e9-lista de gestores com contas irregulares - Blog do Farn\u00e9sio\",\"isPartOf\":{\"@id\":\"https:\\\/\\\/blogdofarnesio.com.br\\\/#website\"},\"primaryImageOfPage\":{\"@id\":\"https:\\\/\\\/blogdofarnesio.com.br\\\/?p=319462#primaryimage\"},\"image\":{\"@id\":\"https:\\\/\\\/blogdofarnesio.com.br\\\/?p=319462#primaryimage\"},\"thumbnailUrl\":\"https:\\\/\\\/blogdofarnesio.com.br\\\/wp-content\\\/uploads\\\/2021\\\/05\\\/blogqspTCE-PE.jpg\",\"datePublished\":\"2022-08-04T16:00:40+00:00\",\"breadcrumb\":{\"@id\":\"https:\\\/\\\/blogdofarnesio.com.br\\\/?p=319462#breadcrumb\"},\"inLanguage\":\"pt-BR\",\"potentialAction\":[{\"@type\":\"ReadAction\",\"target\":[\"https:\\\/\\\/blogdofarnesio.com.br\\\/?p=319462\"]}]},{\"@type\":\"ImageObject\",\"inLanguage\":\"pt-BR\",\"@id\":\"https:\\\/\\\/blogdofarnesio.com.br\\\/?p=319462#primaryimage\",\"url\":\"https:\\\/\\\/blogdofarnesio.com.br\\\/wp-content\\\/uploads\\\/2021\\\/05\\\/blogqspTCE-PE.jpg\",\"contentUrl\":\"https:\\\/\\\/blogdofarnesio.com.br\\\/wp-content\\\/uploads\\\/2021\\\/05\\\/blogqspTCE-PE.jpg\",\"width\":600,\"height\":364},{\"@type\":\"BreadcrumbList\",\"@id\":\"https:\\\/\\\/blogdofarnesio.com.br\\\/?p=319462#breadcrumb\",\"itemListElement\":[{\"@type\":\"ListItem\",\"position\":1,\"name\":\"In\u00edcio\",\"item\":\"https:\\\/\\\/blogdofarnesio.com.br\\\/\"},{\"@type\":\"ListItem\",\"position\":2,\"name\":\"TCE disponibiliza pr\u00e9-lista de gestores com contas irregulares\"}]},{\"@type\":\"WebSite\",\"@id\":\"https:\\\/\\\/blogdofarnesio.com.br\\\/#website\",\"url\":\"https:\\\/\\\/blogdofarnesio.com.br\\\/\",\"name\":\"Blog do Farn\u00e9sio\",\"description\":\"Quer Saber Pol\u00edtica?\",\"publisher\":{\"@id\":\"https:\\\/\\\/blogdofarnesio.com.br\\\/#organization\"},\"potentialAction\":[{\"@type\":\"SearchAction\",\"target\":{\"@type\":\"EntryPoint\",\"urlTemplate\":\"https:\\\/\\\/blogdofarnesio.com.br\\\/?s={search_term_string}\"},\"query-input\":{\"@type\":\"PropertyValueSpecification\",\"valueRequired\":true,\"valueName\":\"search_term_string\"}}],\"inLanguage\":\"pt-BR\"},{\"@type\":\"Organization\",\"@id\":\"https:\\\/\\\/blogdofarnesio.com.br\\\/#organization\",\"name\":\"Blog do Farn\u00e9sio\",\"url\":\"https:\\\/\\\/blogdofarnesio.com.br\\\/\",\"logo\":{\"@type\":\"ImageObject\",\"inLanguage\":\"pt-BR\",\"@id\":\"https:\\\/\\\/blogdofarnesio.com.br\\\/#\\\/schema\\\/logo\\\/image\\\/\",\"url\":\"https:\\\/\\\/blogdofarnesio.com.br\\\/wp-content\\\/uploads\\\/2026\\\/03\\\/cropped-logo_new-1.png\",\"contentUrl\":\"https:\\\/\\\/blogdofarnesio.com.br\\\/wp-content\\\/uploads\\\/2026\\\/03\\\/cropped-logo_new-1.png\",\"width\":881,\"height\":685,\"caption\":\"Blog do Farn\u00e9sio\"},\"image\":{\"@id\":\"https:\\\/\\\/blogdofarnesio.com.br\\\/#\\\/schema\\\/logo\\\/image\\\/\"},\"sameAs\":[\"https:\\\/\\\/www.facebook.com\\\/BlogQuerSaberPolitica\\\/\"]},{\"@type\":\"Person\",\"@id\":\"https:\\\/\\\/blogdofarnesio.com.br\\\/#\\\/schema\\\/person\\\/bb9b23ae3ad0609ce8df7b6c9e76824d\",\"name\":\"Farn\u00e9sio\",\"image\":{\"@type\":\"ImageObject\",\"inLanguage\":\"pt-BR\",\"@id\":\"https:\\\/\\\/secure.gravatar.com\\\/avatar\\\/986aa4c61ccdb66f8555bf88fc2a65609d00bcabd4d2d94377a727547345cbca?s=96&d=mm&r=g\",\"url\":\"https:\\\/\\\/secure.gravatar.com\\\/avatar\\\/986aa4c61ccdb66f8555bf88fc2a65609d00bcabd4d2d94377a727547345cbca?s=96&d=mm&r=g\",\"contentUrl\":\"https:\\\/\\\/secure.gravatar.com\\\/avatar\\\/986aa4c61ccdb66f8555bf88fc2a65609d00bcabd4d2d94377a727547345cbca?s=96&d=mm&r=g\",\"caption\":\"Farn\u00e9sio\"},\"description\":\"Radialista blogueiro, chegou a Petrolina\\\/Juazeiro em setembro de 1980, Farn\u00e9sio Silva \u00e9 de Arapiraca-Alagoas.\",\"sameAs\":[\"http:\\\/\\\/blogdofarnesio.com.br\",\"https:\\\/\\\/www.facebook.com\\\/?ref=tn_tnmn\",\"https:\\\/\\\/www.instagram.com\\\/?utm_source=pwa_homescreen\",\"https:\\\/\\\/youtube.com.br\\\/\"],\"url\":\"https:\\\/\\\/blogdofarnesio.com.br\\\/?author=2\"}]}<\/script>\n<!-- \/ Yoast SEO plugin. -->","yoast_head_json":{"title":"TCE disponibiliza pr\u00e9-lista de gestores com contas irregulares - Blog do Farn\u00e9sio","robots":{"index":"index","follow":"follow","max-snippet":"max-snippet:-1","max-image-preview":"max-image-preview:large","max-video-preview":"max-video-preview:-1"},"canonical":"https:\/\/blogdofarnesio.com.br\/?p=319462","og_locale":"pt_BR","og_type":"article","og_title":"TCE disponibiliza pr\u00e9-lista de gestores com contas irregulares - Blog do Farn\u00e9sio","og_description":"O Tribunal de Contas do Estado divulgou, nesta ter\u00e7a-feira (02), uma pr\u00e9-lista com os nomes dos gestores p\u00fablicos que tiveram contas julgadas irregulares nos \u00faltimos oito anos. Com base nos dados informados pelo TCE, a Justi\u00e7a Eleitoral vai definir quais candidatos ficar\u00e3o ineleg\u00edveis, sem poder concorrer \u00e0s elei\u00e7\u00f5es de outubro pr\u00f3ximo, seguindo os crit\u00e9rios da Lei da Ficha Limpa. Na lista, est\u00e3o os nomes de pessoas cujos processos j\u00e1 transitaram em julgado, ou seja, quando n\u00e3o cabe mais recurso no Tribunal de Contas. O documento tamb\u00e9m tem o prop\u00f3sito de orientar o cidad\u00e3o na escolha dos seus candidatos no momento do voto. A lista definitiva com os nomes dos gestores com contas julgadas irregulares ser\u00e1 entregue posteriormente pelo presidente do&hellip;","og_url":"https:\/\/blogdofarnesio.com.br\/?p=319462","og_site_name":"Blog do Farn\u00e9sio","article_publisher":"https:\/\/www.facebook.com\/BlogQuerSaberPolitica\/","article_author":"https:\/\/www.facebook.com\/?ref=tn_tnmn","article_published_time":"2022-08-04T16:00:40+00:00","og_image":[{"width":600,"height":364,"url":"https:\/\/blogdofarnesio.com.br\/wp-content\/uploads\/2021\/05\/blogqspTCE-PE.jpg","type":"image\/jpeg"}],"author":"Farn\u00e9sio","twitter_card":"summary_large_image","twitter_misc":{"Escrito por":"Farn\u00e9sio","Est. tempo de leitura":"3 minutos"},"schema":{"@context":"https:\/\/schema.org","@graph":[{"@type":"Article","@id":"https:\/\/blogdofarnesio.com.br\/?p=319462#article","isPartOf":{"@id":"https:\/\/blogdofarnesio.com.br\/?p=319462"},"author":{"name":"Farn\u00e9sio","@id":"https:\/\/blogdofarnesio.com.br\/#\/schema\/person\/bb9b23ae3ad0609ce8df7b6c9e76824d"},"headline":"TCE disponibiliza pr\u00e9-lista de gestores com contas irregulares","datePublished":"2022-08-04T16:00:40+00:00","mainEntityOfPage":{"@id":"https:\/\/blogdofarnesio.com.br\/?p=319462"},"wordCount":435,"commentCount":0,"publisher":{"@id":"https:\/\/blogdofarnesio.com.br\/#organization"},"image":{"@id":"https:\/\/blogdofarnesio.com.br\/?p=319462#primaryimage"},"thumbnailUrl":"https:\/\/blogdofarnesio.com.br\/wp-content\/uploads\/2021\/05\/blogqspTCE-PE.jpg","articleSection":["Justi\u00e7a"],"inLanguage":"pt-BR","potentialAction":[{"@type":"CommentAction","name":"Comment","target":["https:\/\/blogdofarnesio.com.br\/?p=319462#respond"]}]},{"@type":"WebPage","@id":"https:\/\/blogdofarnesio.com.br\/?p=319462","url":"https:\/\/blogdofarnesio.com.br\/?p=319462","name":"TCE disponibiliza pr\u00e9-lista de gestores com contas irregulares - Blog do Farn\u00e9sio","isPartOf":{"@id":"https:\/\/blogdofarnesio.com.br\/#website"},"primaryImageOfPage":{"@id":"https:\/\/blogdofarnesio.com.br\/?p=319462#primaryimage"},"image":{"@id":"https:\/\/blogdofarnesio.com.br\/?p=319462#primaryimage"},"thumbnailUrl":"https:\/\/blogdofarnesio.com.br\/wp-content\/uploads\/2021\/05\/blogqspTCE-PE.jpg","datePublished":"2022-08-04T16:00:40+00:00","breadcrumb":{"@id":"https:\/\/blogdofarnesio.com.br\/?p=319462#breadcrumb"},"inLanguage":"pt-BR","potentialAction":[{"@type":"ReadAction","target":["https:\/\/blogdofarnesio.com.br\/?p=319462"]}]},{"@type":"ImageObject","inLanguage":"pt-BR","@id":"https:\/\/blogdofarnesio.com.br\/?p=319462#primaryimage","url":"https:\/\/blogdofarnesio.com.br\/wp-content\/uploads\/2021\/05\/blogqspTCE-PE.jpg","contentUrl":"https:\/\/blogdofarnesio.com.br\/wp-content\/uploads\/2021\/05\/blogqspTCE-PE.jpg","width":600,"height":364},{"@type":"BreadcrumbList","@id":"https:\/\/blogdofarnesio.com.br\/?p=319462#breadcrumb","itemListElement":[{"@type":"ListItem","position":1,"name":"In\u00edcio","item":"https:\/\/blogdofarnesio.com.br\/"},{"@type":"ListItem","position":2,"name":"TCE disponibiliza pr\u00e9-lista de gestores com contas irregulares"}]},{"@type":"WebSite","@id":"https:\/\/blogdofarnesio.com.br\/#website","url":"https:\/\/blogdofarnesio.com.br\/","name":"Blog do Farn\u00e9sio","description":"Quer Saber Pol\u00edtica?","publisher":{"@id":"https:\/\/blogdofarnesio.com.br\/#organization"},"potentialAction":[{"@type":"SearchAction","target":{"@type":"EntryPoint","urlTemplate":"https:\/\/blogdofarnesio.com.br\/?s={search_term_string}"},"query-input":{"@type":"PropertyValueSpecification","valueRequired":true,"valueName":"search_term_string"}}],"inLanguage":"pt-BR"},{"@type":"Organization","@id":"https:\/\/blogdofarnesio.com.br\/#organization","name":"Blog do Farn\u00e9sio","url":"https:\/\/blogdofarnesio.com.br\/","logo":{"@type":"ImageObject","inLanguage":"pt-BR","@id":"https:\/\/blogdofarnesio.com.br\/#\/schema\/logo\/image\/","url":"https:\/\/blogdofarnesio.com.br\/wp-content\/uploads\/2026\/03\/cropped-logo_new-1.png","contentUrl":"https:\/\/blogdofarnesio.com.br\/wp-content\/uploads\/2026\/03\/cropped-logo_new-1.png","width":881,"height":685,"caption":"Blog do Farn\u00e9sio"},"image":{"@id":"https:\/\/blogdofarnesio.com.br\/#\/schema\/logo\/image\/"},"sameAs":["https:\/\/www.facebook.com\/BlogQuerSaberPolitica\/"]},{"@type":"Person","@id":"https:\/\/blogdofarnesio.com.br\/#\/schema\/person\/bb9b23ae3ad0609ce8df7b6c9e76824d","name":"Farn\u00e9sio","image":{"@type":"ImageObject","inLanguage":"pt-BR","@id":"https:\/\/secure.gravatar.com\/avatar\/986aa4c61ccdb66f8555bf88fc2a65609d00bcabd4d2d94377a727547345cbca?s=96&d=mm&r=g","url":"https:\/\/secure.gravatar.com\/avatar\/986aa4c61ccdb66f8555bf88fc2a65609d00bcabd4d2d94377a727547345cbca?s=96&d=mm&r=g","contentUrl":"https:\/\/secure.gravatar.com\/avatar\/986aa4c61ccdb66f8555bf88fc2a65609d00bcabd4d2d94377a727547345cbca?s=96&d=mm&r=g","caption":"Farn\u00e9sio"},"description":"Radialista blogueiro, chegou a Petrolina\/Juazeiro em setembro de 1980, Farn\u00e9sio Silva \u00e9 de Arapiraca-Alagoas.","sameAs":["http:\/\/blogdofarnesio.com.br","https:\/\/www.facebook.com\/?ref=tn_tnmn","https:\/\/www.instagram.com\/?utm_source=pwa_homescreen","https:\/\/youtube.com.br\/"],"url":"https:\/\/blogdofarnesio.com.br\/?author=2"}]}},"_links":{"self":[{"href":"https:\/\/blogdofarnesio.com.br\/index.php?rest_route=\/wp\/v2\/posts\/319462","targetHints":{"allow":["GET"]}}],"collection":[{"href":"https:\/\/blogdofarnesio.com.br\/index.php?rest_route=\/wp\/v2\/posts"}],"about":[{"href":"https:\/\/blogdofarnesio.com.br\/index.php?rest_route=\/wp\/v2\/types\/post"}],"author":[{"embeddable":true,"href":"https:\/\/blogdofarnesio.com.br\/index.php?rest_route=\/wp\/v2\/users\/2"}],"replies":[{"embeddable":true,"href":"https:\/\/blogdofarnesio.com.br\/index.php?rest_route=%2Fwp%2Fv2%2Fcomments&post=319462"}],"version-history":[{"count":0,"href":"https:\/\/blogdofarnesio.com.br\/index.php?rest_route=\/wp\/v2\/posts\/319462\/revisions"}],"wp:featuredmedia":[{"embeddable":true,"href":"https:\/\/blogdofarnesio.com.br\/index.php?rest_route=\/wp\/v2\/media\/286230"}],"wp:attachment":[{"href":"https:\/\/blogdofarnesio.com.br\/index.php?rest_route=%2Fwp%2Fv2%2Fmedia&parent=319462"}],"wp:term":[{"taxonomy":"category","embeddable":true,"href":"https:\/\/blogdofarnesio.com.br\/index.php?rest_route=%2Fwp%2Fv2%2Fcategories&post=319462"},{"taxonomy":"post_tag","embeddable":true,"href":"https:\/\/blogdofarnesio.com.br\/index.php?rest_route=%2Fwp%2Fv2%2Ftags&post=319462"}],"curies":[{"name":"wp","href":"https:\/\/api.w.org\/{rel}","templated":true}]}}